{"id":122,"count":16,"description":"Formation pour le professionnel souhaitant suivre un programme ax\u00e9 sur la langue des affaires ou une langue sp\u00e9cifique \u00e0 un m\u00e9tier.\u00a0","link":"https:\/\/www.leslanguessansstress.fr\/index.php\/tag\/professionnels\/","name":"Professionnels","slug":"professionnels","taxonomy":"post_tag","meta":[],"_links":{"self":[{"href":"https:\/\/www.leslanguessansstress.fr\/index.php\/wp-json\/wp\/v2\/tags\/122","targetHints":{"allow":["GET"]}}],"collection":[{"href":"https:\/\/www.leslanguessansstress.fr\/index.php\/wp-json\/wp\/v2\/tags"}],"about":[{"href":"https:\/\/www.leslanguessansstress.fr\/index.php\/wp-json\/wp\/v2\/taxonomies\/post_tag"}],"wp:post_type":[{"href":"https:\/\/www.leslanguessansstress.fr\/index.php\/wp-json\/wp\/v2\/posts?tags=122"}],"curies":[{"name":"wp","href":"https:\/\/api.w.org\/{rel}","templated":true}]}}