{"id":8321,"date":"2024-09-11T09:00:51","date_gmt":"2024-09-11T07:00:51","guid":{"rendered":"https:\/\/www.leslanguessansstress.fr\/?p=8321"},"modified":"2024-09-13T08:46:22","modified_gmt":"2024-09-13T06:46:22","slug":"cycle-court-30-heures-danglais-intensif","status":"publish","type":"post","link":"https:\/\/www.leslanguessansstress.fr\/index.php\/2024\/09\/11\/cycle-court-30-heures-danglais-intensif\/","title":{"rendered":"Allemand conversation = programme 30 h CPF"},"content":{"rendered":"<p>vsept2024 <span style=\"color: #000080; font-family: verdana, geneva, sans-serif;\"><strong><img loading=\"lazy\" decoding=\"async\" class=\" wp-image-2694 alignright\" src=\"https:\/\/www.leslanguessansstress.fr\/wp-content\/uploads\/2018\/08\/IMAGE-SANS-STRESS-ROND-BLEU-300x300.png\" alt=\"\" width=\"209\" height=\"209\" \/><\/strong><\/span><\/p>\n<h1 style=\"font-weight: 400;\"><span style=\"color: #ff9900; font-family: verdana, geneva, sans-serif; font-size: 28px;\">Programme d&rsquo;allemand en 30 heures pour d\u00e9velopper la conversation sans stress et certifier son niveau <\/span><span style=\"color: #000080;\"><span style=\"font-size: 28px; font-family: verdana, geneva, sans-serif;\">\u00a0<\/span><\/span><\/h1>\n<h2 style=\"font-weight: 400;\"><span style=\"color: #000080; font-family: verdana, geneva, sans-serif; font-size: 24px;\">Objectifs allemand sans stress courant en milieu professionnel<\/span><\/h2>\n<p style=\"text-align: justify;\"><span style=\"color: #000080; font-family: verdana, geneva, sans-serif;\">Rafra\u00eechir les bases lexicales et grammaticales, am\u00e9liorer la syntaxe pour prendre confiance, s&rsquo;exprimer de mani\u00e8re correcte \u00e0 l&rsquo;\u00e9crit et \u00e0 l&rsquo;oral en allemand courant et professionnel. D\u00e9velopper ses comp\u00e9tences communicatives avant certification de niveau ou un entretien d\u00e9cisif dans votre parcours personnel et professionnel.\u00a0<\/span><\/p>\n<h2 style=\"font-weight: 400;\"><span style=\"color: #000080; font-family: verdana, geneva, sans-serif; font-size: 24px;\">Programme d&rsquo;allemand conversationnel<\/span><\/h2>\n<p><span style=\"color: #000080; font-family: verdana, geneva, sans-serif;\">&#8211; D\u00e9couvrir la culture allemande de mani\u00e8re simple et ludique<\/span><br \/>\n<span style=\"color: #000080; font-family: verdana, geneva, sans-serif;\">&#8211; <span style=\"text-decoration: underline;\">Rafra\u00eechir et d\u00e9velopper<\/span> :<\/span><br \/>\n<span style=\"color: #000080; font-family: verdana, geneva, sans-serif;\">La grammaire en contexte : compr\u00e9hension orale<\/span><br \/>\n<span style=\"color: #000080; font-family: verdana, geneva, sans-serif;\">Le vocabulaire\/locutions en contexte : compr\u00e9hension \u00e9crite <\/span><br \/>\n<span style=\"color: #000080; font-family: verdana, geneva, sans-serif;\">La syntaxe en exer\u00e7ant votre expression orale<\/span><\/p>\n<p><span style=\"color: #000080; font-family: verdana, geneva, sans-serif;\">&#8211; Interagir face \u00e0 face \u00a0et en petit groupe restreint<\/span><br \/>\n<span style=\"color: #000080; font-family: verdana, geneva, sans-serif;\">&#8211; Utiliser des locutions verbales du milieu professionnel<\/span><br \/>\n<span style=\"color: #000080; font-family: verdana, geneva, sans-serif;\">&#8211; Am\u00e9liorer votre compr\u00e9hension en allemand parl\u00e9<\/span><br \/>\n<span style=\"color: #000080; font-family: verdana, geneva, sans-serif;\">&#8211; Renforcer votre prononciation<\/span><br \/>\n<span style=\"color: #000080; font-family: verdana, geneva, sans-serif;\">&#8211; Fluidifier votre expression orale<\/span><br \/>\n<span style=\"color: #000080; font-family: verdana, geneva, sans-serif;\">&#8211; Parler avec plaisir sans blocage <\/span><\/p>\n<h2 style=\"font-weight: 400;\"><span style=\"color: #000080; font-family: verdana, geneva, sans-serif; font-size: 24px;\">Mise en pratique de l&rsquo;allemand en situation<\/span><\/h2>\n<p><span style=\"color: #000080; font-family: verdana, geneva, sans-serif;\">&#8211; <span style=\"font-size: inherit;\"><span style=\"text-decoration: underline;\">Apprendre \u00e0 faire face \u00e0 des situations professionnelles telles que<\/span> :<\/span><\/span><br \/>\n<span style=\"color: #000080; font-family: verdana, geneva, sans-serif;\">La pr\u00e9sentation de son entreprise<br \/>\nLa pr\u00e9paration d\u2019une conf\u00e9rence<\/span><br \/>\n<span style=\"color: #000080; font-family: verdana, geneva, sans-serif;\">Une premi\u00e8re n\u00e9gociation<br \/>\nLa pr\u00e9sentation d\u2019un produit<br \/>\nPrendre part \u00e0 un d\u00e9bat, une r\u00e9union<br \/>\nD\u00e9couvrir du vocabulaire li\u00e9 \u00e0 diverses th\u00e9matiques :<br \/>\nVie de l\u2019entreprise, administration,\u00a0\u00e9conomie, commerce&#8230;<\/span><\/p>\n<h2 style=\"font-weight: 400;\"><span style=\"color: #000080; font-family: verdana, geneva, sans-serif; font-size: 24px;\">Pratique de l&rsquo;allemand selon ses besoins professionnels<\/span><\/h2>\n<p style=\"text-align: justify;\"><span style=\"color: #000080; font-family: verdana, geneva, sans-serif;\">Programme standard avec entra\u00eenement individuel sur mesure enti\u00e8rement bas\u00e9 sur le niveau d\u00e9cel\u00e9 du stagiaire apr\u00e8s un test de positionnement pour l&rsquo;aider \u00e0 am\u00e9liorer sa compr\u00e9hension et son expression \u00e9crite et orale en allemand courant et dans un contexte professionnel avec \u00e9changes socioprofessionnels du quotidien.<\/span><\/p>\n<h2 style=\"font-weight: 400;\"><span style=\"color: #000080; font-family: verdana, geneva, sans-serif; font-size: 24px;\">Gagner en assurance avec les entra\u00eenements et mises en situation\u00a0<\/span><\/h2>\n<p><span style=\"color: #000080; font-family: verdana, geneva, sans-serif;\">\u2666 Assistante commerciale, vous g\u00e9rez un appel difficile,<br \/>\n\u2666 PA, vous r\u00e9servez une table pour un d\u00e9jeuner d\u2019affaire,<br \/>\n\u2666 Vendeur, vous proposez des articles \u00e0 vos clients japonais,<\/span><br \/>\n<span style=\"color: #000080; font-family: verdana, geneva, sans-serif;\">\u2666 RH, vous proposez des formations \u00e0 l&rsquo;unit\u00e9 de production&#8230;<\/span><\/p>\n<p><img loading=\"lazy\" decoding=\"async\" class=\"wp-image-16444 aligncenter\" src=\"https:\/\/www.leslanguessansstress.fr\/wp-content\/uploads\/2024\/08\/20240828-charte-de-deontologie-Qualiopi--300x271.jpg\" alt=\"\" width=\"134\" height=\"121\" srcset=\"https:\/\/www.leslanguessansstress.fr\/wp-content\/uploads\/2024\/08\/20240828-charte-de-deontologie-Qualiopi--300x271.jpg 300w, https:\/\/www.leslanguessansstress.fr\/wp-content\/uploads\/2024\/08\/20240828-charte-de-deontologie-Qualiopi-.jpg 370w\" sizes=\"auto, (max-width: 134px) 100vw, 134px\" \/><\/p>\n<p><span style=\"color: #000080; font-family: verdana, geneva, sans-serif;\"><strong>Public<br \/>\n<\/strong>Tous publics<\/span><\/p>\n<p><span style=\"color: #000080; font-family: verdana, geneva, sans-serif;\"><strong>Niveau<br \/>\n<\/strong>Tous : d\u00e9butant \u00e0 interm\u00e9diaire (A1 \u00e0 B1)<\/span><\/p>\n<p><span style=\"color: #000080; font-family: verdana, geneva, sans-serif;\"><strong>Pr\u00e9-requis<\/strong><\/span><br \/>\n<span style=\"color: #000080; font-family: verdana, geneva, sans-serif;\">Avoir les bases en allemand courant niveau A1\/A2<\/span><br \/>\n<span style=\"color: #000080; font-family: verdana, geneva, sans-serif;\">Acc\u00e8s Internet<\/span><\/p>\n<p><span style=\"color: #000080; font-family: verdana, geneva, sans-serif;\"><strong>Dur\u00e9e\u00a0<\/strong><\/span><br \/>\n<span style=\"color: #000080; font-family: verdana, geneva, sans-serif;\">&#8211; 30 heures pr\u00e9conis\u00e9es (dur\u00e9e personnalisable)<\/span><br \/>\n<span style=\"color: #000080; font-family: verdana, geneva, sans-serif;\">&#8211; Atelier de conversation avec entretiens : 20 heures<\/span><br \/>\n<span style=\"color: #000080; font-family: verdana, geneva, sans-serif;\">&#8211; Travail tutor\u00e9 et pr\u00e9paration test : 10 heures\u00a0<\/span><\/p>\n<p><span style=\"color: #000080; font-family: verdana, geneva, sans-serif;\"><strong>Information modalit\u00e9s, session, certification, m\u00e9thode<br \/>\n<\/strong> \u00a0&#8211; Livret d&rsquo;accueil\u00a0<\/span><\/p>\n<p><img loading=\"lazy\" decoding=\"async\" class=\"alignnone size-medium wp-image-16596 aligncenter\" src=\"https:\/\/www.leslanguessansstress.fr\/wp-content\/uploads\/2024\/09\/CLOE-ALLEMAND-bandeau1-300x61.jpg\" alt=\"\" width=\"300\" height=\"61\" srcset=\"https:\/\/www.leslanguessansstress.fr\/wp-content\/uploads\/2024\/09\/CLOE-ALLEMAND-bandeau1-300x61.jpg 300w, https:\/\/www.leslanguessansstress.fr\/wp-content\/uploads\/2024\/09\/CLOE-ALLEMAND-bandeau1-1024x209.jpg 1024w, https:\/\/www.leslanguessansstress.fr\/wp-content\/uploads\/2024\/09\/CLOE-ALLEMAND-bandeau1-768x157.jpg 768w, https:\/\/www.leslanguessansstress.fr\/wp-content\/uploads\/2024\/09\/CLOE-ALLEMAND-bandeau1.jpg 1174w\" sizes=\"auto, (max-width: 300px) 100vw, 300px\" \/><\/p>\n<p><span style=\"color: #000080; font-family: verdana, geneva, sans-serif;\"><strong>Animation\u00a0<\/strong><br \/>\n&#8211; Formatrice fran\u00e7aise bilingue allemand exp\u00e9riment\u00e9e et r\u00e9f\u00e9renc\u00e9e\u00a0<\/span><\/p>\n<p><span style=\"color: #000080; font-family: verdana, geneva, sans-serif;\"><strong>Validation des comp\u00e9tences<\/strong><\/span><br \/>\n<span style=\"color: #000080; font-family: verdana, geneva, sans-serif;\">&#8211; Veuillez vous diriger vers la page de Certification Clo\u00e9 Allemand pour d\u00e9couvrir le r\u00e9f\u00e9rentiel et les modalit\u00e9s rattach\u00e9es \u00e0 la pr\u00e9paration de la certification.\u00a0<\/span><\/p>\n<h1><img loading=\"lazy\" decoding=\"async\" class=\" wp-image-14157 aligncenter\" src=\"https:\/\/www.leslanguessansstress.fr\/wp-content\/uploads\/2022\/10\/Mon-compte-formation-CPF-les-langues-sans-stress-300x159.jpg\" alt=\"\" width=\"264\" height=\"140\" srcset=\"https:\/\/www.leslanguessansstress.fr\/wp-content\/uploads\/2022\/10\/Mon-compte-formation-CPF-les-langues-sans-stress-300x159.jpg 300w, https:\/\/www.leslanguessansstress.fr\/wp-content\/uploads\/2022\/10\/Mon-compte-formation-CPF-les-langues-sans-stress.jpg 646w\" sizes=\"auto, (max-width: 264px) 100vw, 264px\" \/><\/h1>\n<h2 style=\"font-weight: 400;\"><span style=\"color: #ff9900; font-family: verdana, geneva, sans-serif; font-size: 28px;\">Activez votre budget CPF pour inclure ce programme d&rsquo;allemand sans stress de 30 heures dans une formation certifiante<\/span><\/h2>\n<p><span style=\"color: #000080; font-family: verdana, geneva, sans-serif;\">Nous vous invitons \u00e0 visiter les pages d\u00e9di\u00e9es au financement CPF pour valider la prise en charge de votre programme selon les modalit\u00e9s MON COMPTE FORMATION. <\/span><\/p>\n<p><span style=\"color: #000080; font-family: verdana, geneva, sans-serif;\">Plusieurs financements sont accept\u00e9s par notre organisme. <\/span><\/p>\n<p><span style=\"color: #000080; font-family: verdana, geneva, sans-serif;\">N&rsquo;h\u00e9sitez pas \u00e0 nous contacter, nous serons heureux de prendre connaissance de votre projet.<\/span><\/p>\n","protected":false},"excerpt":{"rendered":"<p>vsept2024 Programme d&rsquo;allemand en 30 heures pour d\u00e9velopper la conversation sans stress et certifier son<\/p>\n","protected":false},"author":1,"featured_media":12048,"comment_status":"closed","ping_status":"open","sticky":false,"template":"","format":"standard","meta":{"footnotes":""},"categories":[80,149,371],"tags":[112,251,202,122],"class_list":["post-8321","post","type-post","status-publish","format-standard","has-post-thumbnail","hentry","category-actualites","category-allemand","category-programme","tag-allemand","tag-formation-mixte","tag-perfectionnement","tag-professionnels"],"_links":{"self":[{"href":"https:\/\/www.leslanguessansstress.fr\/index.php\/wp-json\/wp\/v2\/posts\/8321","targetHints":{"allow":["GET"]}}],"collection":[{"href":"https:\/\/www.leslanguessansstress.fr\/index.php\/wp-json\/wp\/v2\/posts"}],"about":[{"href":"https:\/\/www.leslanguessansstress.fr\/index.php\/wp-json\/wp\/v2\/types\/post"}],"author":[{"embeddable":true,"href":"https:\/\/www.leslanguessansstress.fr\/index.php\/wp-json\/wp\/v2\/users\/1"}],"replies":[{"embeddable":true,"href":"https:\/\/www.leslanguessansstress.fr\/index.php\/wp-json\/wp\/v2\/comments?post=8321"}],"version-history":[{"count":21,"href":"https:\/\/www.leslanguessansstress.fr\/index.php\/wp-json\/wp\/v2\/posts\/8321\/revisions"}],"predecessor-version":[{"id":16612,"href":"https:\/\/www.leslanguessansstress.fr\/index.php\/wp-json\/wp\/v2\/posts\/8321\/revisions\/16612"}],"wp:featuredmedia":[{"embeddable":true,"href":"https:\/\/www.leslanguessansstress.fr\/index.php\/wp-json\/wp\/v2\/media\/12048"}],"wp:attachment":[{"href":"https:\/\/www.leslanguessansstress.fr\/index.php\/wp-json\/wp\/v2\/media?parent=8321"}],"wp:term":[{"taxonomy":"category","embeddable":true,"href":"https:\/\/www.leslanguessansstress.fr\/index.php\/wp-json\/wp\/v2\/categories?post=8321"},{"taxonomy":"post_tag","embeddable":true,"href":"https:\/\/www.leslanguessansstress.fr\/index.php\/wp-json\/wp\/v2\/tags?post=8321"}],"curies":[{"name":"wp","href":"https:\/\/api.w.org\/{rel}","templated":true}]}}