{"id":6832,"date":"2025-03-31T07:00:52","date_gmt":"2025-03-31T05:00:52","guid":{"rendered":"https:\/\/www.leslanguessansstress.fr\/?p=6832"},"modified":"2026-03-31T12:28:14","modified_gmt":"2026-03-31T10:28:14","slug":"concept-bien-etre-pour-apprendre-a-communiquer-sans-stress","status":"publish","type":"post","link":"https:\/\/www.leslanguessansstress.fr\/index.php\/2025\/03\/31\/concept-bien-etre-pour-apprendre-a-communiquer-sans-stress\/","title":{"rendered":"Historique &#8211; organigramme"},"content":{"rendered":"<p><span style=\"font-family: verdana, geneva, sans-serif; color: #000080; font-size: 14px;\"> Contenu \u00e0 lire de pr\u00e9f\u00e9rence depuis un ordinateur<br \/>\n<\/span><\/p>\n<p><span style=\"font-family: verdana, geneva, sans-serif; color: #000080; font-size: 14px;\"><span style=\"text-decoration: underline; font-size: 16px;\">Sommaire<\/span><\/span><br \/>\n<span style=\"font-family: verdana, geneva, sans-serif; color: #000080; font-size: 16px;\">1 &#8211; Historique du centre de formation<\/span><br \/>\n<span style=\"font-family: verdana, geneva, sans-serif; color: #000080; font-size: 16px;\">2 &#8211; Organigramme\u00a0<\/span><\/p>\n<p><span style=\"font-family: verdana, geneva, sans-serif; font-size: 16px;\"><strong>__________________<\/strong><\/span><\/p>\n<h5><span style=\"font-family: verdana, geneva, sans-serif; color: #000080; font-size: 16px;\">Vous \u00eates diff\u00e9rent?\u00a0<\/span><br \/>\n<span style=\"font-family: verdana, geneva, sans-serif; color: #000080; font-size: 16px;\">Nous aussi! <\/span><\/h5>\n<h1 style=\"text-align: left;\"><span style=\"font-size: 16px; color: #ff6600; font-family: verdana, geneva, sans-serif;\"><strong>\u00a0I &#8211; R\u00e9trospective<\/strong><\/span><\/h1>\n<p style=\"text-align: left;\"><span style=\"font-size: 14px; font-family: verdana, geneva, sans-serif;\"><span style=\"color: #000080;\">En 2015 de caract\u00e8re aventurier et suite une perte progressive de la vue, la formatrice d\u00e9cide de cr\u00e9er une structure novatrice \u00e0 l&rsquo;image des \u00e9tudiants qu&rsquo;elle accompagne depuis plusieurs ann\u00e9es, pour favoriser leur bien-\u00eatre et rester \u00e0 l&rsquo;\u00e9coute de leurs besoins d&rsquo;apprenant, non pas dans leur globalit\u00e9 mais plut\u00f4t dans leur singularit\u00e9.\u00a0<\/span> <span style=\"color: #000080;\">D\u00e9but 2016, \u00e0 la surprise g\u00e9n\u00e9rale, nous avons ouvert un organisme de formation continue aux pieds de la Vall\u00e9e des Huiles et tenu le pari de proposer des formations professionnelles dynamiques au milieu de nos montagnes, en vous faisant pratiquer les langues sans stress \u00e0 deux pas de chez vous ou de votre lieu de travail dans le Val Gelon.<\/span><\/span><\/p>\n<h2 style=\"font-weight: 400;\"><span style=\"color: #ff6600; font-size: 20px; font-family: verdana, geneva, sans-serif;\">Cours bilingues ludiques et ateliers de conversation en deux langues<\/span><\/h2>\n<p style=\"text-align: left;\"><span style=\"font-size: 14px; font-family: verdana, geneva, sans-serif;\"> <span style=\"color: #000080;\">En 2017, \u00e0 la demande d\u2019un client qui devait \u00eatre rapidement op\u00e9rationnel en anglais et en allemand \u00e0 son poste de travail, nous avons d\u00e9velopp\u00e9 une m\u00e9thode pour vous aider \u00e0 optimiser votre temps d\u2019apprentissage dans un contexte g\u00e9n\u00e9ral et professionnel en vous habituant \u00e0 communiquer dans les deux langues de votre choix d\u00e8s le d\u00e9but de votre formation, du niveau vrai d\u00e9butant \u00e0 un niveau interm\u00e9diaire.<\/span><\/span><\/p>\n<h2 style=\"font-weight: 400;\"><span style=\"color: #ff6600; font-size: 20px; font-family: verdana, geneva, sans-serif;\">Un bel espace agr\u00e9able d\u00e9di\u00e9 \u00e0 la pratique des langues sans stress<\/span><\/h2>\n<p style=\"text-align: left;\"><span style=\"font-size: 14px; font-family: verdana, geneva, sans-serif;\"><span style=\"color: #000080;\">En 2018, pour vous accueillir tr\u00e8s confortablement, nous avons acquis un grand espace afin d\u2019y implanter c\u00f4t\u00e9 rue, une large salle lumineuse d\u00e9di\u00e9e aux cours de langues dynamiques, et \u00e0 l\u2019arri\u00e8re, c\u00f4t\u00e9 cour, une grande salle aux couleurs apaisantes pour les s\u00e9ances antistress de relaxation individuelles ou en micro groupe.\u00a0<\/span><\/span><\/p>\n<h2 style=\"font-weight: 400;\"><span style=\"color: #ff6600; font-size: 20px; font-family: verdana, geneva, sans-serif;\">Activit\u00e9s ludiques et sport en douceur pour maintenir sa forme et stimuler sa m\u00e9moire<\/span><\/h2>\n<p style=\"text-align: left;\"><span style=\"font-size: 14px; font-family: verdana, geneva, sans-serif;\"><span style=\"color: #000080;\">En 2019, nous invitons nos \u00e9tudiants \u00e0 privil\u00e9gier les cours actifs en pratiquant la langue \u00e9tudi\u00e9e pendant des balades th\u00e9matiques en immersion autour de La Rochette. Nous mettons \u00e0 disposition du mat\u00e9riel de maintien en forme pendant les heures pr\u00e9sentielles \u00e0 l&rsquo;\u00e9cole de langues et gestion du stress pour stimuler l&rsquo;activit\u00e9 c\u00e9r\u00e9brale et physique. Au choix, coussins de maintien, ballons de gymnastique, cycles et v\u00e9lo statique, balles. Vous pouvez pratiquer et intervenir assis, debout, couch\u00e9 au sol sur un tapis de yoga ou en vous d\u00e9pla\u00e7ant dans la pi\u00e8ce.<\/span> <span style=\"color: #000080;\">Aujourd\u2019hui, nous constatons que la majorit\u00e9 de nos clients sont souvent fatigu\u00e9s et tendus apr\u00e8s une longue journ\u00e9e. Certains \u00e9prouvent des difficult\u00e9s de m\u00e9morisation des cours malgr\u00e9 une participation active pendant les activit\u00e9s ludiques. D\u2019autres ont du mal \u00e0 g\u00e9rer la frustration de ne pas encore pouvoir comprendre ou s\u2019exprimer face \u00e0 un interlocuteur en immersion.\u00a0<\/span><\/span><\/p>\n<h2 style=\"font-weight: 400;\"><span style=\"color: #ff6600; font-size: 20px; font-family: verdana, geneva, sans-serif;\">S\u00e9ance relaxation en 5 langues pour un vrai l\u00e2cher-prise avant l&rsquo;entretien professionnel<\/span><\/h2>\n<p style=\"text-align: left;\"><span style=\"font-size: 14px; font-family: verdana, geneva, sans-serif;\"><span style=\"color: #000080;\">Pour r\u00e9pondre \u00e0 cette double probl\u00e9matique et \u00e9viter la d\u00e9motivation, nous vous proposons d\u00e8s 2020, de nouvelles prestations antistress tr\u00e8s innovantes pour maximiser votre bien-\u00eatre, diminuer votre anxi\u00e9t\u00e9 au moment de prendre la parole face \u00e0 un interlocuteur mais surtout pour vous accompagner dans votre d\u00e9veloppement personnel de mieux-\u00eatre g\u00e9n\u00e9ral et au poste de travail, tout en pratiquant les langues sans stress avec plaisir et spontan\u00e9it\u00e9.<\/span> <span style=\"color: #000080;\">Ces s\u00e9ances antistress en fran\u00e7ais ou en langue \u00e9trang\u00e8re, \u00e0 votre convenance, se d\u00e9roulent sur place et en entreprise ou collectivit\u00e9s. Elles sont ouvertes \u00e0 tous, professionnels et particuliers de 6 \u00e0 99 ans, du vrai d\u00e9butant \u00e0 confirm\u00e9 en langues \u00e9trang\u00e8res.<\/span><\/span><\/p>\n<h2 style=\"font-weight: 400;\"><span style=\"color: #ff6600; font-size: 20px; font-family: verdana, geneva, sans-serif;\">Pr\u00e9paration mentale pour d\u00e9passer des blocages et ses limites<\/span><\/h2>\n<p style=\"text-align: left;\"><span style=\"font-size: 14px; font-family: verdana, geneva, sans-serif;\"> <span style=\"color: #000080;\">Et parce qu&rsquo;il faut toujours aller de l&rsquo;avant et rep\u00e9rer les situations \u00e0 am\u00e9liorer, depuis 2023, la formatrice suit une formation certifiante d&rsquo;accompagnatrice en en pr\u00e9paration mentale et psychologie du sport qu&rsquo;elle finira en 2025.\u00a0<\/span><\/span><\/p>\n<h2 style=\"font-weight: 400;\"><span style=\"color: #ff6600; font-size: 20px; font-family: verdana, geneva, sans-serif;\">Les langues sans stress : une formule tout-en-un \u00e0 la port\u00e9e de tous pour des r\u00e9sultats au top!<\/span><\/h2>\n<h3><span style=\"font-size: 16px; font-family: verdana, geneva, sans-serif;\"><strong style=\"color: #000080;\">Notre formule tout-en-un vous aide \u00e0 :<\/strong><\/span><\/h3>\n<p><span style=\"color: #000080; font-family: verdana, geneva, sans-serif; font-size: 14px;\">Apprendre une ou deux langues avec enthousiasme.<\/span><br \/>\n<span style=\"color: #000080; font-family: verdana, geneva, sans-serif; font-size: 14px;\">Pratiquer les langues vivantes en immersion.<\/span><br \/>\n<span style=\"color: #000080; font-family: verdana, geneva, sans-serif; font-size: 14px;\">Vaincre la peur de prendre la parole en public.<\/span><br \/>\n<span style=\"color: #000080; font-family: verdana, geneva, sans-serif; font-size: 14px;\">Dialoguer avec plaisir m\u00eame avec peu de connaissances.<\/span><br \/>\n<span style=\"color: #000080; font-family: verdana, geneva, sans-serif; font-size: 14px;\">G\u00e9rer rapidement les effets n\u00e9gatifs du stress.<\/span><br \/>\n<span style=\"color: #000080; font-family: verdana, geneva, sans-serif; font-size: 14px;\">Accro\u00eetre votre m\u00e9moire au fur et \u00e0 mesure des rencontres.<\/span><br \/>\n<span style=\"color: #000080; font-family: verdana, geneva, sans-serif; font-size: 14px;\">Rester motiv\u00e9 et volontaire dans votre \u00e9tude.<\/span><br \/>\n<span style=\"color: #000080; font-family: verdana, geneva, sans-serif; font-size: 14px;\">D\u00e9velopper la confiance et l&rsquo;estime de soi.<\/span><\/p>\n<h3><span style=\"color: #000080; font-size: 16px; font-family: verdana, geneva, sans-serif;\"><strong>Solutions mises \u00e0 votre disposition sur place :<\/strong><\/span><\/h3>\n<p><span style=\"color: #000080; font-family: verdana, geneva, sans-serif; font-size: 14px;\">Pratique de la relaxation par visualisation guid\u00e9e en 5 langues.<\/span><br \/>\n<span style=\"color: #000080; font-family: verdana, geneva, sans-serif; font-size: 14px;\">Gestion du stress individuelle et en petit groupe.<\/span><br \/>\n<span style=\"color: #000080; font-family: verdana, geneva, sans-serif; font-size: 14px;\">Massages antistress d\u00e9contractants et \u00e9nergisants individuels.<\/span><br \/>\n<span style=\"color: #000080; font-family: verdana, geneva, sans-serif; font-size: 14px;\">Cours de langues.<\/span><br \/>\n<span style=\"color: #000080; font-family: verdana, geneva, sans-serif; font-size: 14px;\">Ateliers de conversation.<\/span><br \/>\n<span style=\"color: #000080; font-family: verdana, geneva, sans-serif; font-size: 14px;\">Jeux de table et activit\u00e9s ludiques ax\u00e9es sur les th\u00e8mes abord\u00e9s.<\/span><br \/>\n<span style=\"color: #000080; font-family: verdana, geneva, sans-serif; font-size: 14px;\">Entra\u00eenement \u00e0 la conversation avec des dialogues issus de votre quotidien.<\/span><br \/>\n<span style=\"color: #000080; font-family: verdana, geneva, sans-serif; font-size: 14px;\">Pratique libre de vos connaissances en fonction de votre niveau personnel.<\/span><br \/>\n<span style=\"color: #000080; font-family: verdana, geneva, sans-serif; font-size: 14px;\">Accompagnement personnalis\u00e9 \u00e0 chaque rencontre.<\/span><br \/>\n<span style=\"color: #000080; font-family: verdana, geneva, sans-serif; font-size: 14px;\">Acc\u00e8s \u00e0 la m\u00e9diath\u00e8que de l&rsquo;association contenant des ouvrages r\u00e9f\u00e9renc\u00e9s (livres, m\u00e9thodes, magazines, DVD, CD en 7 langues).<\/span><\/p>\n<h3><span style=\"color: #000080; font-size: 16px; font-family: verdana, geneva, sans-serif;\"><strong>\u00c9cole de langues et gestion du stress ouverte \u00e0 t<\/strong><strong>out public <\/strong><\/span><\/h3>\n<p><span style=\"color: #000080; font-family: verdana, geneva, sans-serif; font-size: 14px;\">Entreprises et collectivit\u00e9s<\/span><br \/>\n<span style=\"color: #000080; font-family: verdana, geneva, sans-serif; font-size: 14px;\">Particuliers <\/span><br \/>\n<span style=\"color: #000080; font-family: verdana, geneva, sans-serif; font-size: 14px;\">Adultes, seniors et enfants d\u00e8s 6 ans.<\/span><br \/>\n<span style=\"color: #000080; font-family: verdana, geneva, sans-serif; font-size: 14px;\">Personnes handicap\u00e9es (Handicap visuel ou auditif, certains troubles de l&rsquo;attention, difficult\u00e9s \u00e0 s&rsquo;exprimer et \u00e0 lire, \u00e9crire, timidit\u00e9 ou anxi\u00e9t\u00e9 en public&#8230;)<\/span><br \/>\n<span style=\"color: #000080; font-family: verdana, geneva, sans-serif; font-size: 14px;\"><strong>immersio<\/strong><strong>n <\/strong>= apprendre et interagir dans la langue cible comme vous le feriez dans le pays d&rsquo;origine, entour\u00e9 de natifs qui ne parlent pas forc\u00e9ment votre langue maternelle.<\/span><\/p>\n<h3 style=\"font-weight: 400;\"><span style=\"font-size: 16px; font-family: verdana, geneva, sans-serif;\"><strong><span style=\"color: #ff6600;\">II &#8211; L&rsquo;organigramme Les langues sans stress<\/span><\/strong><\/span><\/h3>\n<p style=\"font-weight: 400;\"><span style=\"font-size: 16px; font-family: verdana, geneva, sans-serif;\"><img loading=\"lazy\" decoding=\"async\" class=\"wp-image-17957 aligncenter\" src=\"https:\/\/www.leslanguessansstress.fr\/wp-content\/uploads\/2025\/05\/Organigramme-Les-langues-sans-stress-2025-300x276.jpg\" alt=\"\" width=\"522\" height=\"480\" srcset=\"https:\/\/www.leslanguessansstress.fr\/wp-content\/uploads\/2025\/05\/Organigramme-Les-langues-sans-stress-2025-300x276.jpg 300w, https:\/\/www.leslanguessansstress.fr\/wp-content\/uploads\/2025\/05\/Organigramme-Les-langues-sans-stress-2025-768x706.jpg 768w, https:\/\/www.leslanguessansstress.fr\/wp-content\/uploads\/2025\/05\/Organigramme-Les-langues-sans-stress-2025.jpg 924w\" sizes=\"auto, (max-width: 522px) 100vw, 522px\" \/><\/span><\/p>\n<p>&nbsp;<\/p>\n<div>\n<h2 style=\"font-weight: 400;\"><span style=\"color: #ff6600; font-size: 16px; font-family: verdana, geneva, sans-serif;\">Vous souhaitez en savoir plus sur Les langues sans stress et la formatrice cr\u00e9atrice ?<\/span><\/h2>\n<p><span style=\"font-family: verdana, geneva, sans-serif;\"><a href=\"https:\/\/www.leslanguessansstress.fr\/wp-admin\/post.php?post=13250&amp;action=edit\" target=\"_blank\" rel=\"noopener\">Suivez le guide!<\/a><\/span><\/p>\n<p><span style=\"font-family: verdana, geneva, sans-serif;\"><span style=\"color: #000080;\">Un besoin particulier en langues selon vos formations, fonctions ou m\u00e9tier : <\/span><a href=\"https:\/\/www.la-grande-bibliotheque.francecompetences.fr\/app\/Espace-Public\/#\/home\" target=\"_blank\" rel=\"noopener\">Grande Biblioth\u00e8que France Comp\u00e9tences<\/a><\/span><\/p>\n<\/div>\n","protected":false},"excerpt":{"rendered":"<p>Contenu \u00e0 lire de pr\u00e9f\u00e9rence depuis un ordinateur Sommaire 1 &#8211; Historique du centre de<\/p>\n","protected":false},"author":1,"featured_media":6814,"comment_status":"closed","ping_status":"open","sticky":false,"template":"","format":"standard","meta":{"footnotes":""},"categories":[80,176,432,132],"tags":[445,821,723],"class_list":["post-6832","post","type-post","status-publish","format-standard","has-post-thumbnail","hentry","category-actualites","category-information-documentation","category-langues","category-relaxation","tag-information","tag-organigramme","tag-prestations"],"_links":{"self":[{"href":"https:\/\/www.leslanguessansstress.fr\/index.php\/wp-json\/wp\/v2\/posts\/6832","targetHints":{"allow":["GET"]}}],"collection":[{"href":"https:\/\/www.leslanguessansstress.fr\/index.php\/wp-json\/wp\/v2\/posts"}],"about":[{"href":"https:\/\/www.leslanguessansstress.fr\/index.php\/wp-json\/wp\/v2\/types\/post"}],"author":[{"embeddable":true,"href":"https:\/\/www.leslanguessansstress.fr\/index.php\/wp-json\/wp\/v2\/users\/1"}],"replies":[{"embeddable":true,"href":"https:\/\/www.leslanguessansstress.fr\/index.php\/wp-json\/wp\/v2\/comments?post=6832"}],"version-history":[{"count":31,"href":"https:\/\/www.leslanguessansstress.fr\/index.php\/wp-json\/wp\/v2\/posts\/6832\/revisions"}],"predecessor-version":[{"id":19244,"href":"https:\/\/www.leslanguessansstress.fr\/index.php\/wp-json\/wp\/v2\/posts\/6832\/revisions\/19244"}],"wp:featuredmedia":[{"embeddable":true,"href":"https:\/\/www.leslanguessansstress.fr\/index.php\/wp-json\/wp\/v2\/media\/6814"}],"wp:attachment":[{"href":"https:\/\/www.leslanguessansstress.fr\/index.php\/wp-json\/wp\/v2\/media?parent=6832"}],"wp:term":[{"taxonomy":"category","embeddable":true,"href":"https:\/\/www.leslanguessansstress.fr\/index.php\/wp-json\/wp\/v2\/categories?post=6832"},{"taxonomy":"post_tag","embeddable":true,"href":"https:\/\/www.leslanguessansstress.fr\/index.php\/wp-json\/wp\/v2\/tags?post=6832"}],"curies":[{"name":"wp","href":"https:\/\/api.w.org\/{rel}","templated":true}]}}