{"id":6330,"date":"2025-02-06T17:01:07","date_gmt":"2025-02-06T16:01:07","guid":{"rendered":"https:\/\/www.leslanguessansstress.fr\/?p=6330"},"modified":"2025-02-06T18:56:10","modified_gmt":"2025-02-06T17:56:10","slug":"amma-assis","status":"publish","type":"post","link":"https:\/\/www.leslanguessansstress.fr\/index.php\/2025\/02\/06\/amma-assis\/","title":{"rendered":"Amma assis"},"content":{"rendered":"<h5 style=\"font-weight: 400;\"><span style=\"color: #000080; font-size: 16px; font-family: verdana, geneva, sans-serif;\">Gestion du stress &#8211; D\u00e9veloppement personnel &#8211; Prestation bien-\u00eatre\u00a0<\/span><\/h5>\n<h1 style=\"font-weight: 400;\"><span style=\"color: #800080; font-size: 28px; font-family: verdana, geneva, sans-serif;\">D\u00e9contraction musculaire qui redynamise l&rsquo;esprit et le corps en un quart d&rsquo;heure<\/span><\/h1>\n<h3 style=\"font-weight: 400;\"><span style=\"color: #000080; font-size: 20px; font-family: verdana, geneva, sans-serif;\">D\u00e9contraction efficace en Amma Assis pour diminuer le niveau de stress et renforcer les \u00e9nergies positives<\/span><\/h3>\n<p><span style=\"color: #000080; font-family: verdana, geneva, sans-serif;\">1) Qu&rsquo;est-ce que le Amma assis?<\/span><br \/>\n<span style=\"color: #000080; font-family: verdana, geneva, sans-serif;\">2) Info entreprises et CE<\/span><\/p>\n<h3><span style=\"font-size: 20px; color: #800080; font-family: verdana, geneva, sans-serif;\"><strong>1 &#8211; Qu&rsquo;est-ce que le Amma ? Une m\u00e9thode antistress \u00e9nergisante pour tous<\/strong><\/span><\/h3>\n<p><span style=\"font-family: verdana, geneva, sans-serif; color: #000080;\">\u2663 SIMPLE <\/span><br \/>\n<span style=\"color: #000080; font-family: verdana, geneva, sans-serif;\">Anc\u00eatre du shiatsu,\u00a0m\u00e9decine japonaise d&rsquo;acupression, le\u00a0Amma assis est une approche \u00e9nerg\u00e9tique\u00a0pratiqu\u00e9e sans huile et sur v\u00eatements. <\/span><br \/>\n<span style=\"color: #000080; font-family: verdana, geneva, sans-serif;\">C&rsquo;est un massage non th\u00e9rapeutique non m\u00e9dical, particuli\u00e8rement adapt\u00e9 \u00e0 l&rsquo;entreprise car le salari\u00e9 ou le visiteur VIP sur qui il est pratiqu\u00e9 reste habill\u00e9. \u00a0<\/span><br \/>\n<span style=\"color: #000080; font-family: verdana, geneva, sans-serif;\">Le b\u00e9n\u00e9ficiaire est assis sur une chaise ergonomique confortable. <\/span><br \/>\n<span style=\"color: #000080; font-family: verdana, geneva, sans-serif;\">Les acupressions sont apaisantes puis dynamiques et se concentrent sur les zones souvent tr\u00e8s tendues des \u00e9paules et de la nuque, du dos, des bras, des mains et de la t\u00eate.<\/span><br \/>\n<span style=\"color: #000080; font-family: verdana, geneva, sans-serif;\">Ce massage a pour objectif d&rsquo;\u00e9liminer les blocages \u00e9nerg\u00e9tiques dans le but d&rsquo;\u00e9quilibrer les flux d&rsquo;\u00e9nergie. <\/span><br \/>\n<span style=\"color: #000080; font-family: verdana, geneva, sans-serif;\">Il est compos\u00e9 de techniques d&rsquo;acupressions, d\u2019\u00e9tirements, de foulages, de frictions et de percussions effectu\u00e9s sur des points sp\u00e9cifiques le long des m\u00e9ridiens, muscles et articulations.<\/span><br \/>\n<span style=\"font-size: inherit; color: #000080; font-family: verdana, geneva, sans-serif;\">Il permet de r\u00e9activer la circulation \u00e9nerg\u00e9tique, d\u2019\u00e9liminer les tensions tout en relaxant et en dynamisant la personne qui le re\u00e7oit.<\/span><\/p>\n<p><span style=\"color: #000080; font-family: verdana, geneva, sans-serif;\">\u2663\u00a0\u00a0Anti-stress reconnu, il procure un bien-\u00eatre physique, mental et\u00a0un regain d&rsquo;\u00e9nergie en 15 minutes pour les s\u00e9ances courtes.<\/span><br \/>\n<span style=\"color: #000080; font-family: verdana, geneva, sans-serif;\">Une s\u00e9ance peut durer jusqu&rsquo;\u00e0 40 minutes pour une action profonde.<\/span><\/p>\n<p><span style=\"color: #000080; font-family: verdana, geneva, sans-serif;\">\u2663\u00a0Dans le cas d&rsquo;une prestation en entreprise, la chaise ergonomique est apport\u00e9e par la prestataire car c<span style=\"font-size: inherit;\">e massage peut s&rsquo;effectuer en tout lieu d\u00e8s qu&rsquo;un espace de 6 m\u00b2 est disponible \u00e0 l&rsquo;int\u00e9rieur d&rsquo;un b\u00e2timent comme \u00e0 l&rsquo;ext\u00e9rieur (selon conditions\u00a0<\/span><span style=\"caret-color: #000000;\">m\u00e9t\u00e9orologiques)<\/span><\/span><br \/>\n<span style=\"color: #000080; font-family: verdana, geneva, sans-serif;\">Au quotidien, nous le pratiquons \u00e0 la demande dans la salle de relaxation de centre de formation Les langues sans stress.<\/span><\/p>\n<div class=\"page\" title=\"Page 1\">\n<div class=\"layoutArea\">\n<div class=\"column\">\n<p><span style=\"color: #000080; font-family: verdana, geneva, sans-serif;\"> <img loading=\"lazy\" decoding=\"async\" class=\"size-medium wp-image-12215 aligncenter\" src=\"https:\/\/www.leslanguessansstress.fr\/wp-content\/uploads\/2020\/03\/amma-massage-73110-La-Rochette-au-centre-les-langues-sans-stress-gros-plan-dos-300x218.png\" alt=\"\" width=\"300\" height=\"218\" srcset=\"https:\/\/www.leslanguessansstress.fr\/wp-content\/uploads\/2020\/03\/amma-massage-73110-La-Rochette-au-centre-les-langues-sans-stress-gros-plan-dos-300x218.png 300w, https:\/\/www.leslanguessansstress.fr\/wp-content\/uploads\/2020\/03\/amma-massage-73110-La-Rochette-au-centre-les-langues-sans-stress-gros-plan-dos-1024x744.png 1024w, https:\/\/www.leslanguessansstress.fr\/wp-content\/uploads\/2020\/03\/amma-massage-73110-La-Rochette-au-centre-les-langues-sans-stress-gros-plan-dos-768x558.png 768w, https:\/\/www.leslanguessansstress.fr\/wp-content\/uploads\/2020\/03\/amma-massage-73110-La-Rochette-au-centre-les-langues-sans-stress-gros-plan-dos.png 1256w\" sizes=\"auto, (max-width: 300px) 100vw, 300px\" \/><\/span><\/p>\n<p><span style=\"font-family: verdana, geneva, sans-serif; color: #000080;\">RELAXANT <\/span><br \/>\n<span style=\"color: #000080; font-family: verdana, geneva, sans-serif;\">\u2663 Le AMMA ASSIS est une approche globale utilis\u00e9e \u00e0 la fois comme m\u00e9thode de pr\u00e9vention, de traitement et de relaxation. <\/span><\/p>\n<h2 style=\"font-weight: 400;\"><span style=\"color: #800080; font-size: 20px; font-family: verdana, geneva, sans-serif;\">L&rsquo;effet apaisant puis \u00e9nergisant du massage bien-\u00eatre Amma convient \u00e0 un tr\u00e8s large public et s\u2019int\u00e8gre dans la d\u00e9marche de pr\u00e9vention sant\u00e9 de l\u2019entreprise\u00a0<\/span><\/h2>\n<p style=\"text-align: justify;\"><span style=\"color: #000080; font-family: verdana, geneva, sans-serif;\">Pratiqu\u00e9 r\u00e9guli\u00e8rement, il peut contribuer \u00e0 une plus grande vigilance \u00e0 la t\u00e2che, am\u00e9liorer les capacit\u00e9s intellectuelles (vitesse et pr\u00e9cision cognitive), diminuer l\u2019anxi\u00e9t\u00e9, soulager du stress et ses divers effets en entra\u00eenant un \u00e9tat de bien-\u00eatre g\u00e9n\u00e9ral.<\/span><\/p>\n<p><span style=\"font-family: verdana, geneva, sans-serif; color: #000080;\"><strong>BIENFAITS<\/strong><\/span><\/p>\n<p><span style=\"color: #000080; font-family: verdana, geneva, sans-serif;\">En un quart d\u2019heure, le massage Amma assis procure une sensation d&rsquo;apaisement et de d\u00e9tente dans tout le corps qu\u2019il tonifie. <\/span><\/p>\n<p style=\"text-align: justify;\"><span style=\"color: #000080; font-family: verdana, geneva, sans-serif;\">\u2663 \u00a0La sensation ressentie est une l\u00e9g\u00e8ret\u00e9 et non un endormissement, ce qui rend possible une reprise d&rsquo;activit\u00e9 d\u00e8s la fin du massage* avec un regain d\u2019\u00e9nergie et de cr\u00e9ativit\u00e9. Il est id\u00e9al pour les personnes confront\u00e9es au stress au travail, les personnes avec un besoin de reconnaissance et celles qui souhaitent un massage rapide et aux effets imm\u00e9diats.<\/span><\/p>\n<h1><span style=\"font-size: 20px; color: #800080; font-family: verdana, geneva, sans-serif;\"><strong>2 &#8211; Amma pour l&rsquo;entreprise et les CSE\u00a0<\/strong><\/span><\/h1>\n<h2 style=\"font-weight: 400;\"><span style=\"color: #000080; font-size: 20px; font-family: verdana, geneva, sans-serif;\">IMPACT du Amma sur la comp\u00e9titivit\u00e9\u0301 de l\u2019entreprise \u00a0<\/span><\/h2>\n<p><span style=\"color: #000080; font-family: verdana, geneva, sans-serif;\">\u2192 Optimisation de l\u2019image de l\u2019entreprise.<\/span><br \/>\n<span style=\"color: #000080; font-family: verdana, geneva, sans-serif;\">\u2192 R\u00e9percussion positive sur le comportement g\u00e9n\u00e9ral des collaborateurs.<\/span><br \/>\n<span style=\"color: #000080; font-family: verdana, geneva, sans-serif;\">\u2192 R\u00e9duction du taux d\u2019absent\u00e9isme.<\/span><br \/>\n<span style=\"color: #000080; font-family: verdana, geneva, sans-serif;\">\u2192 Productivit\u00e9 boost\u00e9e.<\/span><\/p>\n<\/div>\n<\/div>\n<\/div>\n<div class=\"page\" title=\"Page 1\">\n<div class=\"layoutArea\">\n<div class=\"column\">\n<p><span style=\"font-family: verdana, geneva, sans-serif; color: #000080;\"><strong>INFO ENTREPRISE \/ CSE<\/strong><\/span><\/p>\n<p><span style=\"color: #000080; font-family: verdana, geneva, sans-serif;\"><strong>Impact du massage AMMA assis sur la comp\u00e9titivit\u00e9 de l&rsquo;entreprise.<\/strong><\/span><\/p>\n<p style=\"text-align: justify;\"><span style=\"color: #000080; font-family: verdana, geneva, sans-serif;\">Le simple fait de proposer aux salari\u00e9s de les masser constitue en soi un formidable acte de reconnaissance. Le \u00a0\u00bbtoucher\u00a0\u00bb est une d\u00e9marche \u00e9motionnelle et cela constitue la r\u00e9ponse la plus adapt\u00e9e \u00e0 ce besoin de reconnaissance.<\/span><\/p>\n<p style=\"text-align: justify;\"><span style=\"color: #000080; font-family: verdana, geneva, sans-serif;\">Cette r\u00e9ponse a pour effet de redonner \u00a0\u00bbdu c\u0153ur \u00e0 l&rsquo;ouvrage\u00a0\u00bb \u00e0 ceux qui l&rsquo;avaient en partie perdu. Cet effet est amplifi\u00e9 de mani\u00e8re tr\u00e8s importante lorsqu&rsquo;il s&rsquo;agit de collaborateurs ayant un \u00a0\u00bbbesoin de reconnaissance\u00a0\u00bb sup\u00e9rieur \u00e0 la moyenne.<\/span><\/p>\n<p style=\"text-align: justify;\"><span style=\"color: #000080; font-family: verdana, geneva, sans-serif;\">70% de l&rsquo;effet d&rsquo;un plan d&rsquo;actions se ressent dans les 3 \u00e0 6 semaines apr\u00e8s le d\u00e9but de l&rsquo;action corrective envers l&rsquo;agent de stress. La remotivation intervient quasiment d\u00e8s que le dirigeant met en \u0153uvre l&rsquo;action de correction, car le salari\u00e9 reprend confiance lorsqu&rsquo;il constate le d\u00e9but de l&rsquo;action corrective.<\/span><\/p>\n<p style=\"text-align: justify;\"><span style=\"color: #000080; font-family: verdana, geneva, sans-serif;\"><strong>Les \u00e9tudes montrent qu&rsquo;un investissement de 2 massages de 15 minutes par semaine pendant 5 semaines reproduit 2 fois par an (budget de 300 \u00e0 400\u20ac par salari\u00e9 et par an) vient contribuer \u00e0 r\u00e9duire la baisse de productivit\u00e9 de 30% sur les parties li\u00e9es \u00e0 l&rsquo;humain.<\/strong><\/span><\/p>\n<p style=\"text-align: justify;\"><span style=\"color: #000080; font-family: verdana, geneva, sans-serif;\">Plus les recherches sur les effets du massage sur le lieu de travail se d\u00e9veloppent et plus les preuves affluent en faveur de la grande efficacit\u00e9 du massage AMMA assis en entreprise, sur la Qualit\u00e9 de vie au travail, mais aussi en faveur de son \u00e9vidente rentabilit\u00e9 financi\u00e8re. (retour sur investissement minimum de 2.7)<\/span><\/p>\n<p style=\"text-align: justify;\"><span style=\"color: #000080; font-family: verdana, geneva, sans-serif;\">Des publications scientifiques r\u00e9alis\u00e9es par le centre de recherche de l&rsquo;universit\u00e9 de Miami d\u00e9montrent qu&rsquo;une s\u00e9ance de massage AMMA assis (minimum 15 minutes) apporte une r\u00e9duction de la pression art\u00e9rielle et l&rsquo;hypertension art\u00e9rielle et donc r\u00e9duit le risque d&rsquo;infarctus ou d&rsquo;accident vasculaire, augmente l&rsquo;immunit\u00e9 du corps humain, r\u00e9duit le risque inflammatoire musculaire et augmente l&rsquo;humeur positive<\/span><\/p>\n<h2 style=\"font-weight: 400;\"><span style=\"color: #800080; font-size: 20px; font-family: verdana, geneva, sans-serif;\"><span style=\"font-family: verdana, geneva, sans-serif;\">\u2663 Le Amma assis a un effet anti-stress imm\u00e9diat et peut \u00eatre pratiqu\u00e9 pour une pause relaxante et dynamisante rapide \u00e0 tout moment de la journ\u00e9e!\u00a0<\/span><\/span><\/h2>\n<p><span style=\"color: #000000; font-family: verdana, geneva, sans-serif;\"><strong><span style=\"color: #000080;\">Information et rendez-vous <\/span><\/strong><span style=\"color: #000080;\">: <\/span><a href=\"https:\/\/www.leslanguessansstress.fr\/index.php\/nous-contacter\/\" target=\"_blank\" rel=\"noopener\">nous contacter<\/a><\/span><\/p>\n<h4><img loading=\"lazy\" decoding=\"async\" class=\"alignnone size-medium wp-image-11330 aligncenter\" src=\"https:\/\/www.leslanguessansstress.fr\/wp-content\/uploads\/2021\/02\/bd-hypnose-de-massage-hypnotique-100-sans-contact-par-hypnotherapeute-hors-du-commun-a-La-rochette-Savoie-e1614705070362-300x182.png\" alt=\"\" width=\"300\" height=\"182\" srcset=\"https:\/\/www.leslanguessansstress.fr\/wp-content\/uploads\/2021\/02\/bd-hypnose-de-massage-hypnotique-100-sans-contact-par-hypnotherapeute-hors-du-commun-a-La-rochette-Savoie-e1614705070362-300x182.png 300w, https:\/\/www.leslanguessansstress.fr\/wp-content\/uploads\/2021\/02\/bd-hypnose-de-massage-hypnotique-100-sans-contact-par-hypnotherapeute-hors-du-commun-a-La-rochette-Savoie-e1614705070362.png 423w\" sizes=\"auto, (max-width: 300px) 100vw, 300px\" \/><\/h4>\n<h4 style=\"font-weight: 400;\"><span style=\"color: #800080; font-size: 16px; font-family: verdana, geneva, sans-serif;\">Notre espace antistress est nettoy\u00e9 en fin de chaque prestation\u00a0<\/span><\/h4>\n<p style=\"text-align: justify;\"><span style=\"color: #000080; font-family: verdana, geneva, sans-serif; font-size: 16px;\"><em>* MASSAGES : Les massages de relaxation intense ou \u00e9nergisante sont non m\u00e9dicaux et non th\u00e9rapeutiques. Ils ont une vis\u00e9e de bien-\u00eatre et de mieux-\u00eatre adaptable \u00e0 vos situations rencontr\u00e9es au quotidien et en milieu professionnel. <span style=\"text-decoration: underline;\">Ils sont tous prodigu\u00e9s sur habits<\/span>, de pr\u00e9f\u00e9rence l\u00e9gers pour un meilleur ressenti.\u00a0<\/em><\/span><\/p>\n<p style=\"text-align: justify;\"><span style=\"color: #000080; font-family: verdana, geneva, sans-serif; font-size: 16px;\"><em>La\u00a0<\/em><span style=\"caret-color: #000080;\"><i>praticienne se r\u00e9serve le droit de refuser un massage sur les parties du corps non recouvertes telles que la t\u00eate, le cou, les mains ou sur des v\u00eatements si leur \u00e9tat n&rsquo;est pas\u00a0compatible avec le protocole sanitaire.<\/i><\/span><\/span><\/p>\n<h4 style=\"font-weight: 400;\"><span style=\"color: #800080; font-size: 16px; font-family: verdana, geneva, sans-serif;\">Contre-indications des prestations avec techniques d\u2019acupression : h\u00e9mophilie et traumas<\/span><\/h4>\n<p style=\"text-align: left;\"><span style=\"color: #000080; font-family: verdana, geneva, sans-serif; font-size: 16px;\"><strong>Attendre 2 heures entre la fin d&rsquo;un repas et un massage AMMA. <\/strong><\/span><br \/>\n<span style=\"color: #000080; font-family: verdana, geneva, sans-serif; font-size: 16px;\">\u00a0Informer la praticienne si :<\/span><br \/>\n<span style=\"font-family: verdana, geneva, sans-serif; color: #000080; font-size: 16px;\">\u00a0&#8211; vous avez \u00e9t\u00e9 op\u00e9r\u00e9(e) derni\u00e8rement ou souffrez d&rsquo;une maladie\u00a0<span style=\"caret-color: #003300;\">chronique,<\/span><\/span><br \/>\n<span style=\"font-family: verdana, geneva, sans-serif; color: #000080; font-size: 16px;\">\u00a0&#8211; la receveuse est enceinte,\u00a0pour adapter le protocole.<\/span><br \/>\n<span style=\"color: #000080; font-family: verdana, geneva, sans-serif; font-size: 16px;\"><em>Dans tous les cas, l&rsquo;intervenante<\/em><i style=\"caret-color: #000080;\">\u00a0se r\u00e9serve le droit de refuser une prestation si elle estime que l&rsquo;\u00e9tat de sant\u00e9 g\u00e9n\u00e9ral du receveur n&rsquo;est pas\u00a0compatible avec le protocole du massage bien-\u00eatre ou de remise en forme ou encore de la prestation\u00a0<\/i><span style=\"caret-color: #000080;\"><i>anti stress<\/i><\/span><i style=\"caret-color: #000080;\">.<\/i><\/span><\/p>\n<\/div>\n<\/div>\n<\/div>\n<div class=\"page\" title=\"Page 1\">\n<div class=\"layoutArea\">\n<p><span style=\"color: #800080; font-family: verdana, geneva, sans-serif;\">Besoin d&rsquo;une d\u00e9contraction totale et profonde? Essayez le AME.<\/span><\/p>\n<p><span style=\"color: #000080; font-family: verdana, geneva, sans-serif;\">Dans cette cat\u00e9gorie de massage bien-\u00eatre sur habits et assis, il existe un protocole centr\u00e9 sur la respiration et le r\u00e9\u00e9quilibrage du mental et du corps avec un toucher plus doux : le massage AME. <a style=\"color: #000080;\" href=\"https:\/\/www.leslanguessansstress.fr\/index.php\/2020\/04\/01\/massage-ame-assis-relaxant-tres-dynamisant\/\" target=\"_blank\" rel=\"noopener noreferrer\">lien<\/a><\/span><\/p>\n<\/div>\n<\/div>\n<p>&nbsp;<\/p>\n","protected":false},"excerpt":{"rendered":"<p>Gestion du stress &#8211; D\u00e9veloppement personnel &#8211; Prestation bien-\u00eatre\u00a0 D\u00e9contraction musculaire qui redynamise l&rsquo;esprit et<\/p>\n","protected":false},"author":2,"featured_media":12214,"comment_status":"closed","ping_status":"open","sticky":false,"template":"","format":"standard","meta":{"footnotes":""},"categories":[80,542,176,132],"tags":[561,211,416,689,200],"class_list":["post-6330","post","type-post","status-publish","format-standard","has-post-thumbnail","hentry","category-actualites","category-developpement-personnel","category-information-documentation","category-relaxation","tag-developpement-personnel","tag-gestion-du-stress","tag-massages-antistress","tag-pratique-antistress-par-le-massage-bien-etre","tag-relaxation"],"_links":{"self":[{"href":"https:\/\/www.leslanguessansstress.fr\/index.php\/wp-json\/wp\/v2\/posts\/6330","targetHints":{"allow":["GET"]}}],"collection":[{"href":"https:\/\/www.leslanguessansstress.fr\/index.php\/wp-json\/wp\/v2\/posts"}],"about":[{"href":"https:\/\/www.leslanguessansstress.fr\/index.php\/wp-json\/wp\/v2\/types\/post"}],"author":[{"embeddable":true,"href":"https:\/\/www.leslanguessansstress.fr\/index.php\/wp-json\/wp\/v2\/users\/2"}],"replies":[{"embeddable":true,"href":"https:\/\/www.leslanguessansstress.fr\/index.php\/wp-json\/wp\/v2\/comments?post=6330"}],"version-history":[{"count":22,"href":"https:\/\/www.leslanguessansstress.fr\/index.php\/wp-json\/wp\/v2\/posts\/6330\/revisions"}],"predecessor-version":[{"id":17620,"href":"https:\/\/www.leslanguessansstress.fr\/index.php\/wp-json\/wp\/v2\/posts\/6330\/revisions\/17620"}],"wp:featuredmedia":[{"embeddable":true,"href":"https:\/\/www.leslanguessansstress.fr\/index.php\/wp-json\/wp\/v2\/media\/12214"}],"wp:attachment":[{"href":"https:\/\/www.leslanguessansstress.fr\/index.php\/wp-json\/wp\/v2\/media?parent=6330"}],"wp:term":[{"taxonomy":"category","embeddable":true,"href":"https:\/\/www.leslanguessansstress.fr\/index.php\/wp-json\/wp\/v2\/categories?post=6330"},{"taxonomy":"post_tag","embeddable":true,"href":"https:\/\/www.leslanguessansstress.fr\/index.php\/wp-json\/wp\/v2\/tags?post=6330"}],"curies":[{"name":"wp","href":"https:\/\/api.w.org\/{rel}","templated":true}]}}