{"id":5729,"date":"2024-11-02T09:49:32","date_gmt":"2024-11-02T08:49:32","guid":{"rendered":"https:\/\/www.leslanguessansstress.fr\/?p=5729"},"modified":"2024-11-04T21:08:58","modified_gmt":"2024-11-04T20:08:58","slug":"5729","status":"publish","type":"post","link":"https:\/\/www.leslanguessansstress.fr\/index.php\/2024\/11\/02\/5729\/","title":{"rendered":"Le droit \u00e0 l&rsquo;image"},"content":{"rendered":"<h1 style=\"font-weight: 400;\"><span style=\"font-family: verdana, geneva, sans-serif; color: #800080;\"><span style=\"color: #8341d9; font-size: 32px; font-family: verdana, geneva, sans-serif;\"><span style=\"color: #333399;\">Droit \u00e0 l&rsquo;image<\/span> <\/span><\/span><\/h1>\n<p style=\"text-align: left;\"><span style=\"color: #000080; font-size: 14px; font-family: verdana, geneva, sans-serif;\"><strong><u>Autorisation implicite d\u2019utilisation de l\u2019image d\u2019une personne ou d&rsquo;une famille pendant les ateliers de conversation et jeux<\/u><\/strong><\/span><\/p>\n<p style=\"text-align: left;\"><span style=\"font-size: 14px; color: #000080; font-family: verdana, geneva, sans-serif;\">L&rsquo;\u00e9cole de langues et gestion du stress vous informe que les \u00e9l\u00e8ves participants \u00e0 des cours et ateliers de conversation professionnels, priv\u00e9s ou associatifs, peuvent apparaitre sur les films et photos prises pendant les s\u00e9ances pr\u00e9sentielles. Si vous ne souhaitez pas figurer sur ces clich\u00e9s et films, il est de votre droit de vous mettre en retrait ou de dos. Cependant, l&rsquo;\u00e9cole n&rsquo;est pas responsable des films ou photos prises par des tiers ou les participants eux-m\u00eames pendant les s\u00e9ances en groupe.<\/span><\/p>\n<p style=\"text-align: left;\"><span style=\"font-size: 14px; color: #000080; font-family: verdana, geneva, sans-serif;\">L&rsquo;\u00e9cole de langues et gestion du stress se r\u00e9serve le droit d&rsquo;utiliser et diffuser \u00e0 titre gratuit et non exclusif ces films et photographies pouvant repr\u00e9senter un participant adulte ou enfant ou un groupe de personnes, une famille pour les exploiter et diffuser en partie ou en totalit\u00e9\u0301 \u00e0 des fins p\u00e9dagogiques internes ou d\u2019exploitation commerciale sur son site web, sa page Facebook ou Instagram et pendant le Forum des Associations.<\/span><\/p>\n<p><span style=\"font-family: verdana, geneva, sans-serif; color: #000080;\"><b>Votre silence vaut acceptation. \u00a0<\/b><\/span><br \/>\n<span style=\"font-family: verdana, geneva, sans-serif; color: #000080;\">Nous vous remercions de votre compr\u00e9hension et de votre participation active aux ateliers de conversation.<\/span><\/p>\n<p><span style=\"color: #000080; font-size: 14px; font-family: verdana, geneva, sans-serif;\">Dans tous les autres cas :<\/span><\/p>\n<p style=\"text-align: left;\"><span style=\"font-size: 14px; color: #000080; font-family: verdana, geneva, sans-serif;\"><strong><span style=\"text-decoration: underline;\">Refus absolu de toute <\/span><u><strong>u<\/strong>tilisation de l\u2019image d\u2019une personne ou d&rsquo;une famille pendant les ateliers de conversation et jeux<\/u><\/strong>: <\/span><br \/>\n<span style=\"font-size: 14px; color: #000080; font-family: verdana, geneva, sans-serif;\">Pour \u00e9viter d&rsquo;\u00eatre pris en photo \u00e0 votre insu, nous vous invitons \u00e0 \u00e9diter et signer le texte ci-dessous et \u00e0 le pr\u00e9senter lors de votre inscription \u00e0 un cours totalement priv\u00e9, seul moyen d&rsquo;\u00e9viter les photos prises et \u00e9dit\u00e9es par des tiers. <\/span><\/p>\n<p style=\"text-align: justify;\"><span style=\"font-family: verdana, geneva, sans-serif; color: #000080;\"><em><span style=\"font-size: 14px;\"><strong><u>Refus d\u2019utilisation de l\u2019image d\u2019une personne\/famille <\/u><\/strong><\/span><\/em> <em><span style=\"font-size: 14px;\">Je soussign\u00e9(e) : <sub>&#8230;&#8230;&#8230;&#8230;&#8230;&#8230;&#8230;&#8230;&#8230;&#8230;&#8230;&#8230;&#8230;&#8230;&#8230;&#8230;&#8230;&#8230;&#8230;&#8230;&#8230;&#8230;&#8230;&#8230;&#8230;&#8230;.. &#8230;&#8230;&#8230;&#8230;&#8230;&#8230;&#8230;&#8230;&#8230;\u00a0<\/sub>n&rsquo;autorise pas l&rsquo;\u00e9cole de langues et gestion du stress &#8211; ni l&rsquo;association les langues sans stress &#8211; \u00e0 utiliser et diffuser \u00e0 titre gratuit et non exclusif des films et photographies me repr\u00e9sentant moi ou ma famille, ni \u00e0 les exploiter ou les diffuser en partie ou en totalit\u00e9\u0301 \u00e0 des fins p\u00e9dagogiques internes ou d\u2019exploitation commerciale sur son site web, sa page Facebook ni pendant le Forum des Associations. <strong>Je pr\u00e9f\u00e8re m&rsquo;inscrire \u00e0 un cours totalement priv\u00e9.<\/strong><\/span><\/em> <\/span><\/p>\n<p style=\"text-align: justify;\"><span style=\"font-size: 14px; color: #000080; font-family: verdana, geneva, sans-serif;\">Lorsque la gestion de l&rsquo;image est trop difficile ou impossible car n\u00e9cessaire dans la gestion des actes et prises de paroles dans un cadre p\u00e9dagogique, l&rsquo;\u00e9cole propose des s\u00e9ances individuelles. <\/span><\/p>\n<p style=\"text-align: justify;\"><span style=\"font-size: 14px; color: #000080; font-family: verdana, geneva, sans-serif;\">Vnov24mod<\/span><\/p>\n","protected":false},"excerpt":{"rendered":"<p>Droit \u00e0 l&rsquo;image Autorisation implicite d\u2019utilisation de l\u2019image d\u2019une personne ou d&rsquo;une famille pendant les<\/p>\n","protected":false},"author":1,"featured_media":5733,"comment_status":"closed","ping_status":"open","sticky":false,"template":"","format":"standard","meta":{"footnotes":""},"categories":[176],"tags":[445,526],"class_list":["post-5729","post","type-post","status-publish","format-standard","has-post-thumbnail","hentry","category-information-documentation","tag-information","tag-modalites"],"_links":{"self":[{"href":"https:\/\/www.leslanguessansstress.fr\/index.php\/wp-json\/wp\/v2\/posts\/5729","targetHints":{"allow":["GET"]}}],"collection":[{"href":"https:\/\/www.leslanguessansstress.fr\/index.php\/wp-json\/wp\/v2\/posts"}],"about":[{"href":"https:\/\/www.leslanguessansstress.fr\/index.php\/wp-json\/wp\/v2\/types\/post"}],"author":[{"embeddable":true,"href":"https:\/\/www.leslanguessansstress.fr\/index.php\/wp-json\/wp\/v2\/users\/1"}],"replies":[{"embeddable":true,"href":"https:\/\/www.leslanguessansstress.fr\/index.php\/wp-json\/wp\/v2\/comments?post=5729"}],"version-history":[{"count":12,"href":"https:\/\/www.leslanguessansstress.fr\/index.php\/wp-json\/wp\/v2\/posts\/5729\/revisions"}],"predecessor-version":[{"id":16946,"href":"https:\/\/www.leslanguessansstress.fr\/index.php\/wp-json\/wp\/v2\/posts\/5729\/revisions\/16946"}],"wp:featuredmedia":[{"embeddable":true,"href":"https:\/\/www.leslanguessansstress.fr\/index.php\/wp-json\/wp\/v2\/media\/5733"}],"wp:attachment":[{"href":"https:\/\/www.leslanguessansstress.fr\/index.php\/wp-json\/wp\/v2\/media?parent=5729"}],"wp:term":[{"taxonomy":"category","embeddable":true,"href":"https:\/\/www.leslanguessansstress.fr\/index.php\/wp-json\/wp\/v2\/categories?post=5729"},{"taxonomy":"post_tag","embeddable":true,"href":"https:\/\/www.leslanguessansstress.fr\/index.php\/wp-json\/wp\/v2\/tags?post=5729"}],"curies":[{"name":"wp","href":"https:\/\/api.w.org\/{rel}","templated":true}]}}