{"id":18929,"date":"2026-01-27T16:33:36","date_gmt":"2026-01-27T15:33:36","guid":{"rendered":"https:\/\/www.leslanguessansstress.fr\/?p=18929"},"modified":"2026-01-27T18:12:20","modified_gmt":"2026-01-27T17:12:20","slug":"18929","status":"publish","type":"post","link":"https:\/\/www.leslanguessansstress.fr\/index.php\/2026\/01\/27\/18929\/","title":{"rendered":"Certification CLO\u00c9 Fran\u00e7ais 2026"},"content":{"rendered":"<div>\n<div class=\"text--fcpt-certification\">\n<p><span style=\"font-family: arial, helvetica, sans-serif; font-size: 14px; color: #000080;\"><img loading=\"lazy\" decoding=\"async\" class=\"alignnone size-medium wp-image-16601\" src=\"https:\/\/www.leslanguessansstress.fr\/wp-content\/uploads\/2024\/09\/CLOE-FLE-bandeau-1--300x79.jpg\" alt=\"\" width=\"300\" height=\"79\" srcset=\"https:\/\/www.leslanguessansstress.fr\/wp-content\/uploads\/2024\/09\/CLOE-FLE-bandeau-1--300x79.jpg 300w, https:\/\/www.leslanguessansstress.fr\/wp-content\/uploads\/2024\/09\/CLOE-FLE-bandeau-1--768x202.jpg 768w, https:\/\/www.leslanguessansstress.fr\/wp-content\/uploads\/2024\/09\/CLOE-FLE-bandeau-1-.jpg 1002w\" sizes=\"auto, (max-width: 300px) 100vw, 300px\" \/><\/span><\/p>\n<p><span style=\"font-family: arial, helvetica, sans-serif; font-size: 14px; color: #000080;\"><img loading=\"lazy\" decoding=\"async\" class=\"wp-image-16991 alignnone\" src=\"https:\/\/www.leslanguessansstress.fr\/wp-content\/uploads\/2024\/11\/CPF-Mon-Compte-Formation--300x300.png\" alt=\"\" width=\"272\" height=\"272\" srcset=\"https:\/\/www.leslanguessansstress.fr\/wp-content\/uploads\/2024\/11\/CPF-Mon-Compte-Formation--300x300.png 300w, https:\/\/www.leslanguessansstress.fr\/wp-content\/uploads\/2024\/11\/CPF-Mon-Compte-Formation--150x150.png 150w, https:\/\/www.leslanguessansstress.fr\/wp-content\/uploads\/2024\/11\/CPF-Mon-Compte-Formation-.png 472w\" sizes=\"auto, (max-width: 272px) 100vw, 272px\" \/>\u00a0<\/span><\/p>\n<h2 style=\"font-weight: 400; text-align: left;\"><span style=\"color: #0000ff; font-size: 20px;\"><span style=\"font-family: arial, helvetica, sans-serif;\">Certifiez votre maitrise du fran\u00e7ais langue \u00e9trang\u00e8re \u00a0sans stress au\u00a0<\/span><span style=\"font-family: arial, helvetica, sans-serif;\">niveau interm\u00e9diaire\u00a0<\/span><span style=\"font-family: arial, helvetica, sans-serif;\">avec le financement CPF\u00a0<\/span><\/span><\/h2>\n<\/div>\n<\/div>\n<div>\n<div class=\"text--fcpt-certification\">\n<blockquote><p><span style=\"color: #000080;\"><em><span style=\"font-size: 14px;\">Votre \u00e9tude du programme et votre pr\u00e9sentation au test \u00e9crit et oral de certification CLO\u00c9 <\/span><span style=\"caret-color: #000080; font-size: 14px;\">fran\u00e7ais langue \u00e9trang\u00e8re<\/span><span style=\"font-family: arial, helvetica, sans-serif;\"><span style=\"font-size: 14px;\"> pendant la session suivie est obligatoire dans le cadre du financement CPF. \u00a0En choisissant ce financement vous vous engagez \u00e0 suivre tous les cours et \u00e0 vous pr\u00e9senter aux deux parties du test final <\/span><span style=\"caret-color: #000080; font-size: 14px;\">certifiant<\/span><span style=\"font-size: 14px;\"> votre niveau individuel en fran\u00e7ais langue \u00e9trang\u00e8re, en corr\u00e9lation avec le programme que vous aurez suivi.\u00a0<\/span><\/span><\/em><\/span><\/p><\/blockquote>\n<p><span style=\"color: #000080; font-size: 14px; font-family: arial, helvetica, sans-serif;\">\u2665 Cette formation est ouverte \u00e0 d&rsquo;<a href=\"https:\/\/www.leslanguessansstress.fr\/index.php\/prix-financement\/\" target=\"_blank\" rel=\"noopener\">autres financements<\/a> que le CPF si vous ne voulez pas passer le test de certification. \u00a0<\/span><\/p>\n<p><span style=\"color: #000080; font-size: 14px; font-family: arial, helvetica, sans-serif;\">La dur\u00e9e de votre programme, le niveau et la fr\u00e9quence de l&rsquo;intervention de la formatrice en face-\u00e0-face individualis\u00e9 seront adapt\u00e9s \u00e0 votre situation et besoins d\u00e9cel\u00e9s pendant le test de positionnement pour une pr\u00e9paration cibl\u00e9e vous amenant \u00e0 passer sereinement le test au niveau seuil A2 ou plus.\u00a0<\/span><\/p>\n<p style=\"font-weight: 400; text-align: left;\"><span style=\"color: #000080; font-family: arial, helvetica, sans-serif; font-size: 14px;\"><strong>\u2022 Dur\u00e9e de l&rsquo;effort<\/strong> : <\/span><br \/>\n<span style=\"color: #000080; font-family: arial, helvetica, sans-serif; font-size: 14px;\">1 \u00e0 3 mois (jusqu&rsquo;\u00e0 6 mois si handicap ou difficult\u00e9 d&rsquo;apprentissage mentionn\u00e9 en amont de la formation ou double niveau d&rsquo;\u00e9tude).<\/span><br \/>\n<span style=\"color: #000080; font-family: arial, helvetica, sans-serif; font-size: 14px;\">\u2248 3 \u00e0 5 h par semaine, selon vos besoins individuels pour atteindre les objectifs fix\u00e9s. <\/span><br \/>\n<span style=\"color: #000080; font-family: arial, helvetica, sans-serif; font-size: 14px;\"><strong>\u2022 Public<\/strong> : tous <\/span><br \/>\n<strong style=\"color: #000080; font-family: arial, helvetica, sans-serif; font-size: 14px; font-weight: 400;\">\u2022 Niveau<\/strong><span style=\"color: #000080; font-family: arial, helvetica, sans-serif;\"><span style=\"font-size: 14px;\"> : A1 \u00e0 C1\/C2<br \/>\n<\/span><\/span><strong style=\"color: #000080; font-family: arial, helvetica, sans-serif; font-size: 14px; font-weight: 400;\">\u2022 Modalit\u00e9s : <\/strong><span style=\"font-family: arial, helvetica, sans-serif; font-size: 14px; color: #000080;\">prix et financement &#8211; information g\u00e9n\u00e9rale <\/span><span style=\"color: #000080; font-family: arial, helvetica, sans-serif;\"><span style=\"font-size: 14px;\"><span style=\"font-family: arial, helvetica, sans-serif; color: #000080;\">\u00e0 d\u00e9couvrir dans le<a href=\"https:\/\/www.leslanguessansstress.fr\/index.php\/certification-cpf\/\" target=\"_blank\" rel=\"noopener\"> LIVRET D&rsquo;ACCUEIL<\/a>. <\/span><br \/>\n<\/span><\/span><strong><span style=\"color: #000080; font-family: arial, helvetica, sans-serif;\"><span style=\"font-size: 14px; font-weight: 400;\"><strong>\u2022 Programmes \u00e0 feuilleter en 2026<\/strong> :<\/span><\/span><\/strong><br \/>\n<span style=\"color: #000080;\"><strong><span style=\"font-family: arial, helvetica, sans-serif;\"><span style=\"font-size: 14px; font-weight: 400;\">FLE alphab\u00e9tisation niveau A1.1<\/span><\/span><\/strong><\/span><span style=\"color: #000000;\"><span style=\"color: #000080; font-family: arial, helvetica, sans-serif;\"><span style=\"font-size: 14px; font-weight: 400;\"><br \/>\nFLE avec apprentissage de l&rsquo;\u00e9criture et de la lecture du fran\u00e7ais courant et professionnel<br \/>\nFLE d\u00e9butant A1\/A2<br \/>\n<span style=\"color: #0000ff;\"><a style=\"color: #0000ff;\" href=\"https:\/\/www.leslanguessansstress.fr\/index.php\/2026\/01\/27\/fle-renforcement-avant-examen-civique\/\" target=\"_blank\" rel=\"noopener\">FLE Renforcement <span style=\"caret-color: #000080; font-size: 14px;\">avant examen civique A2+ vers B1<\/span><\/a><\/span><br \/>\nFLE interm\u00e9diaire B1<br \/>\n<\/span><\/span><\/span><img loading=\"lazy\" decoding=\"async\" class=\"alignnone size-medium wp-image-16601\" style=\"font-family: Georgia, 'Times New Roman', 'Bitstream Charter', Times, serif;\" src=\"https:\/\/www.leslanguessansstress.fr\/wp-content\/uploads\/2024\/09\/CLOE-FLE-bandeau-1--300x79.jpg\" alt=\"\" width=\"300\" height=\"79\" srcset=\"https:\/\/www.leslanguessansstress.fr\/wp-content\/uploads\/2024\/09\/CLOE-FLE-bandeau-1--300x79.jpg 300w, https:\/\/www.leslanguessansstress.fr\/wp-content\/uploads\/2024\/09\/CLOE-FLE-bandeau-1--768x202.jpg 768w, https:\/\/www.leslanguessansstress.fr\/wp-content\/uploads\/2024\/09\/CLOE-FLE-bandeau-1-.jpg 1002w\" sizes=\"auto, (max-width: 300px) 100vw, 300px\" \/><strong><span style=\"color: #000080; font-family: arial, helvetica, sans-serif;\"><span style=\"font-size: 14px; font-weight: 400;\"><br \/>\n<\/span><\/span><\/strong><\/p>\n<h1 style=\"font-weight: 400; text-align: left;\"><span style=\"color: #000080; font-size: 20px; font-family: arial, helvetica, sans-serif;\"><span style=\"color: #0000ff;\">Objectif et contexte de la certification CLO\u00c9 fran\u00e7ais langue \u00e9trang\u00e8re<\/span> : <a style=\"color: #000080;\" href=\"https:\/\/www.francecompetences.fr\/recherche-resultats\/?types=certification%3Bdocument%3Bnews&amp;search=Certification+CLOE+fran\u00e7ais+langue+\u00e9trang\u00e8re&amp;pageType=certification&amp;active=1&amp;exactSearch=1\" target=\"_blank\" rel=\"noopener\">France Comp\u00e9tences RS6438 (2026)<\/a> \u00a0<\/span><\/h1>\n<div class=\"accordion--keep-open accordion--fcpt-certification active\">\n<div class=\"accordion--fcpt-certification__content\">\n<div class=\"accordion-content--fcpt-certification--summary\">\n<div class=\"text--fcpt-certification\">\n<p><span style=\"font-family: arial, helvetica, sans-serif; font-size: 14px; color: #000080;\">La Certification CLO\u00c9 mesure le niveau de ma\u00eetrise de la langue fran\u00e7aise courante en contexte professionnel : respect des r\u00e8gles de la langue, pr\u00e9cision de l\u2019expression orale et \u00e9crite.<\/span><\/p>\n<h3 style=\"font-weight: 400; text-align: left;\"><strong><span style=\"color: #000080; font-size: 14px; font-family: arial, helvetica, sans-serif;\">Comp\u00e9tences attest\u00e9es en passant le test CLO\u00c9 FLE :<\/span><\/strong><\/h3>\n<\/div>\n<div class=\"text--fcpt-certification\">\n<p><span style=\"color: #000080; font-size: 14px; font-family: arial, helvetica, sans-serif;\">La Certification CLOE fran\u00e7ais langue \u00e9trang\u00e8re est une solution compl\u00e8te qui r\u00e9pond pleinement aux besoins des salari\u00e9s et des demandeurs d\u2019emploi en certifiant le niveau de ma\u00eetrise de la langue \u00e0 l\u2019oral et \u00e0 l\u2019\u00e9crit, et en valorisant les comp\u00e9tences acquises.<\/span><\/p>\n<p><span style=\"color: #000080; font-size: 14px; font-family: arial, helvetica, sans-serif;\">La Certification CLOE fran\u00e7ais langue \u00e9trang\u00e8re atteste la capacit\u00e9 d\u2019une personne \u00e0 communiquer en situations professionnelles. Les principales comp\u00e9tences \u00e9valu\u00e9es sont : <\/span><\/p>\n<p><span style=\"color: #000080; font-size: 14px; font-family: arial, helvetica, sans-serif;\">\u00a0&#8211; Utiliser un vocabulaire adapt\u00e9 au contexte<\/span><br \/>\n<span style=\"color: #000080; font-size: 14px; font-family: arial, helvetica, sans-serif;\">\u00a0&#8211; Utiliser les principales structures grammaticales n\u00e9cessaires pour construire des phrases coh\u00e9rentes et de complexit\u00e9 vari\u00e9e<\/span><br \/>\n<span style=\"color: #000080; font-size: 14px; font-family: arial, helvetica, sans-serif;\">\u00a0&#8211; Comprendre un court texte et en d\u00e9gager le sens global et des d\u00e9tails sp\u00e9cifiques<\/span><br \/>\n<span style=\"color: #000080; font-size: 14px; font-family: arial, helvetica, sans-serif;\">\u00a0&#8211; Comprendre un \u00e9nonc\u00e9, des instructions ou les questions d\u2019un interlocuteur<\/span><br \/>\n<span style=\"color: #000080; font-size: 14px; font-family: arial, helvetica, sans-serif;\">\u00a0&#8211; Communiquer en situation socioprofessionnelle, professionnelle ou sp\u00e9cifique \u00e0 son activit\u00e9 en employant les expressions adapt\u00e9es<\/span><br \/>\n<span style=\"color: #000080; font-size: 14px; font-family: arial, helvetica, sans-serif;\">Tenir une discussion sur un sujet professionnel<\/span><br \/>\n<span style=\"color: #000080; font-size: 14px; font-family: arial, helvetica, sans-serif;\">\u00a0&#8211; Communiquer de fa\u00e7on naturelle et d\u00e9velopper l\u2019interaction orale<\/span><br \/>\n<span style=\"color: #000080; font-size: 14px; font-family: arial, helvetica, sans-serif;\">\u00a0&#8211; Se faire comprendre avec une prononciation claire <\/span><\/p>\n<p><span style=\"color: #000080; font-size: 14px; font-family: arial, helvetica, sans-serif;\">Les r\u00e9sultats de la Certification CLOE fran\u00e7ais langue \u00e9trang\u00e8re font r\u00e9f\u00e9rence au Cadre Europ\u00e9en Commun de r\u00e9f\u00e9rence pour les Langues (CECRL) qui est une norme internationale permettant de d\u00e9crire la comp\u00e9tence linguistique. Il consiste en une \u00e9chelle d\u2019\u00e9valuation de la ma\u00eetrise d\u2019une langue, avec 6 niveaux : de A1 (\u00e9l\u00e9mentaire) \u00e0 C2 (exp\u00e9riment\u00e9). Cette \u00e9chelle constitue la r\u00e9f\u00e9rence europ\u00e9enne dans le domaine de l\u2019apprentissage des langues, de leur enseignement et de l\u2019\u00e9valuation du niveau, dans de nombreux pays afin de favoriser la mobilit\u00e9 \u00e9ducative et professionnelle.<\/span><\/p>\n<h3><span style=\"color: #000080; font-size: 14px; font-family: arial, helvetica, sans-serif;\">Les r\u00e9sultats des Certifications CLOE sont traduits en capacit\u00e9s, ci-apr\u00e8s un exemple d\u2019\u00e9chelle des capacit\u00e9s globales par niveau : <\/span><\/h3>\n<h2><span style=\"color: #000080; font-size: 14px; font-family: arial, helvetica, sans-serif;\"><strong>Utilisateur El\u00e9mentaire A1<\/strong> <\/span><\/h2>\n<p><span style=\"color: #000080; font-size: 14px; font-family: arial, helvetica, sans-serif;\">Peut comprendre et utiliser des expressions famili\u00e8res et quotidiennes et des phrases tr\u00e8s simples, qui visent \u00e0 satisfaire des besoins simples et concrets au travail. \u00b7 Peut se pr\u00e9senter ou pr\u00e9senter quelqu&rsquo;un et poser \u00e0 une personne des questions le concernant-par exemple son nom, son lieu d&rsquo;habitation, ses relations etc., et peut r\u00e9pondre au m\u00eame type de question. \u00b7 Peut communiquer de fa\u00e7on simple, si l&rsquo;interlocuteur parle lentement et distinctement et se montre coop\u00e9ratif\/ve. <\/span><\/p>\n<h2><span style=\"color: #000080; font-size: 14px; font-family: arial, helvetica, sans-serif;\"><strong>Utilisateur El\u00e9mentaire A2<\/strong> <\/span><\/h2>\n<p><span style=\"color: #000080; font-size: 14px; font-family: arial, helvetica, sans-serif;\">Peut comprendre des phrases isol\u00e9es et des expressions fr\u00e9quemment utilis\u00e9es en relation avec des domaines de priorit\u00e9 imm\u00e9diate (par ex. des informations personnelles, le travail, l&rsquo;environnement familier). \u00b7 Peut communiquer dans une situation simple et routini\u00e8re, ne comportant qu&rsquo;un \u00e9change d&rsquo;informations simple et direct, et sur des activit\u00e9s et des sujets familiers. \u00b7 Peut d\u00e9crire avec des moyens simples une personne, un lieu, un objet, son activit\u00e9, son environnement. <\/span><\/p>\n<h2><span style=\"color: #000080; font-size: 14px; font-family: arial, helvetica, sans-serif;\"><strong>Utilisateur Ind\u00e9pendant B1<\/strong> <\/span><\/h2>\n<p><span style=\"color: #000080; font-size: 14px; font-family: arial, helvetica, sans-serif;\">Peut comprendre les points essentiels quand un langage clair et standard est utilis\u00e9 et s&rsquo;il s&rsquo;agit de choses famili\u00e8res sur son lieu de travail. \u00b7 Peut se d\u00e9brouiller dans la plupart des situations linguistiques rencontr\u00e9es en d\u00e9placement \u00e0 l&rsquo;\u00e9tranger. \u00b7 Peut donner son opinion de fa\u00e7on simple et coh\u00e9rente sur des sujets familiers et dans ses domaines d\u2019intervention. \u00b7 Peut raconter un \u00e9v\u00e8nement ou une exp\u00e9rience, d\u00e9crire un projet, ou un objectif et donner de br\u00e8ves raisons ou explications pour un plan ou une id\u00e9e. <\/span><\/p>\n<h2><span style=\"color: #000080; font-size: 14px; font-family: arial, helvetica, sans-serif;\"><strong>Utilisateur Ind\u00e9pendant B2<\/strong> <\/span><\/h2>\n<p><span style=\"color: #000080; font-size: 14px; font-family: arial, helvetica, sans-serif;\">Peut comprendre le contenu essentiel de sujets concrets ou abstraits dans un texte complexe, comprend une discussion sp\u00e9cialis\u00e9e dans son domaine professionnel. \u00b7 Peut communiquer avec un degr\u00e9 de spontan\u00e9it\u00e9 et d&rsquo;aisance telle qu&rsquo;une conversation avec des locuteurs natifs. \u00b7 Peut s&rsquo;exprimer de fa\u00e7on claire et d\u00e9taill\u00e9e sur une grande gamme de sujets, \u00e9mettre un avis sur un probl\u00e8me, et donner les avantages et les inconv\u00e9nients de diff\u00e9rentes possibilit\u00e9s. <\/span><\/p>\n<h2><span style=\"color: #000080; font-size: 14px; font-family: arial, helvetica, sans-serif;\"><strong>Utilisateur Exp\u00e9riment\u00e9 C1<\/strong> <\/span><\/h2>\n<p><span style=\"color: #000080; font-size: 14px; font-family: arial, helvetica, sans-serif;\">Peut comprendre une grande gamme de textes longs et exigeants, m\u00eame en-dehors de son domaine de comp\u00e9tences, ainsi que saisir des significations implicites. \u00b7 Peut s&rsquo;exprimer spontan\u00e9ment presque sans effort, sans trop apparemment devoir chercher ses mots. \u00b7 Peut utiliser la langue de fa\u00e7on efficace et souple dans sa vie professionnelle. \u00b7 Peut donner son opinion sur des sujets complexes de fa\u00e7on claire et bien structur\u00e9e, d\u00e9crire ou rapporter quelque chose en d\u00e9tail, et relier le fond \u00e0 la forme dans ses d\u00e9clarations.<\/span><\/p>\n<h2><span style=\"color: #000080; font-size: 14px; font-family: arial, helvetica, sans-serif;\"><strong>Utilisateur Exp\u00e9riment\u00e9 C2<\/strong> <\/span><\/h2>\n<p><span style=\"color: #000080; font-size: 14px; font-family: arial, helvetica, sans-serif;\">Peut comprendre sans effort pratiquement tous les supports \u00e9crits ou enregistr\u00e9s. \u00b7 Peut restituer faits et arguments de diverses sources \u00e9crites et orales en les r\u00e9sumant de fa\u00e7on coh\u00e9rente. \u00b7 Peut s&rsquo;exprimer spontan\u00e9ment, tr\u00e8s couramment et de fa\u00e7on diff\u00e9renci\u00e9e et peut rendre distinctes de fines nuances de sens en rapport avec des sujets complexes.<\/span><\/p>\n<h3><span style=\"color: #000080; font-size: 14px; font-family: arial, helvetica, sans-serif;\">Modalit\u00e9s d&rsquo;\u00e9valuation du test CLO\u00c9 FLE :<\/span><\/h3>\n<p><span style=\"color: #000080; font-size: 14px; font-family: arial, helvetica, sans-serif;\">La Certification CLOE fran\u00e7ais langue \u00e9trang\u00e8re valide une formation professionnelle dans la langue propos\u00e9e par un r\u00e9seau d\u2019organismes partenaires agr\u00e9\u00e9s. Elle est organis\u00e9e en pr\u00e9sentiel dans le r\u00e9seau des Centres d\u2019Etude de Langues des CCI, ou \u00e0 distance gr\u00e2ce \u00e0 une surveillance par webcam.<\/span><br \/>\n<span style=\"color: #000080; font-size: 14px; font-family: arial, helvetica, sans-serif;\">Apr\u00e8s un positionnement initial une formation adapt\u00e9e est propos\u00e9e au candidat lui permettant d\u2019\u00e9voluer vers son objectif selon son projet professionnel. Le programme de formation, valid\u00e9 par CCI France, permet au candidat de d\u00e9velopper ses connaissances de la langue afin de communiquer \u00e0 la fois \u00e0 l\u2019\u00e9crit mais \u00e9galement dans un certain nombre de situations professionnelles.\u00a0<\/span><span style=\"color: #000080; font-size: 14px; font-family: arial, helvetica, sans-serif;\">Gr\u00e2ce \u00e0 sa conception unique, la Certification CLOE fran\u00e7ais langue \u00e9trang\u00e8re propose une \u00e9valuation adaptative et une personnalisation de l\u2019\u00e9preuve orale. <\/span><\/p>\n<h2><span style=\"color: #000080; font-size: 14px; font-family: arial, helvetica, sans-serif;\">Evaluation \u00e9crite CLO\u00c9<\/span><\/h2>\n<p><span style=\"color: #000080; font-size: 14px; font-family: arial, helvetica, sans-serif;\"><strong>La premi\u00e8re partie est une \u00e9valuation informatis\u00e9e de 50 questions<\/strong> r\u00e9alis\u00e9e en ligne en situation d\u2019examen. D\u2019une dur\u00e9e de 50 minutes, elle \u00e9value 5 comp\u00e9tences : <\/span><br \/>\n<span style=\"color: #000080; font-size: 14px; font-family: arial, helvetica, sans-serif;\">Identifier et utiliser un vocabulaire courant ou professionnel adapt\u00e9 au contexte,<\/span><br \/>\n<span style=\"color: #000080; font-size: 14px; font-family: arial, helvetica, sans-serif;\">Ma\u00eetriser les principales structures grammaticales n\u00e9cessaires pour construire des phrases coh\u00e9rentes et de complexit\u00e9 vari\u00e9e,<\/span><br \/>\n<span style=\"color: #000080; font-size: 14px; font-family: arial, helvetica, sans-serif;\">Identifier et utiliser des expressions de la vie courante ou professionnelle, <\/span><br \/>\n<span style=\"color: #000080; font-size: 14px; font-family: arial, helvetica, sans-serif;\">Comprendre un court texte et en d\u00e9gager le sens global et des d\u00e9tails sp\u00e9cifiques. <\/span><br \/>\n<span style=\"color: #000080; font-size: 14px; font-family: arial, helvetica, sans-serif;\">Comprendre un \u00e9nonc\u00e9, des instructions ou des questions d\u2019un interlocuteur parlant la langue cible. <\/span><br \/>\n<span style=\"color: #000080; font-size: 14px; font-family: arial, helvetica, sans-serif;\">L\u2019\u00e9valuation s\u2019adapte imm\u00e9diatement au niveau du candidat, proposant une premi\u00e8re question selon le niveau initial du candidat, mesur\u00e9 lors du positionnement. Les questions suivantes sont calibr\u00e9es en fonction des r\u00e9ponses donn\u00e9es et un r\u00e9sultat distinct par comp\u00e9tence est identifi\u00e9 ainsi qu\u2019un r\u00e9sultat global selon le Cadre Europ\u00e9en Commun de R\u00e9f\u00e9rence en Langues. <\/span><br \/>\n<span style=\"color: #000080; font-size: 14px; font-family: arial, helvetica, sans-serif;\">Pour les \u00e9valuations r\u00e9alis\u00e9es \u00e0 distance les candidats sont surveill\u00e9s de fa\u00e7on asynchrone, avec un contr\u00f4le d\u2019identit\u00e9 et une revue des images pour veiller \u00e0 la conformit\u00e9 du d\u00e9roulement de cette partie.<\/span><\/p>\n<h2><span style=\"color: #000080; font-size: 14px; font-family: arial, helvetica, sans-serif;\">Evaluation orale CLO\u00c9<\/span><\/h2>\n<p><span style=\"color: #000080; font-size: 14px; font-family: arial, helvetica, sans-serif;\"><strong>La deuxi\u00e8me partie est une \u00e9valuation orale qui se d\u00e9roule de fa\u00e7on individuelle et sur rendez-vous<\/strong>. R\u00e9alis\u00e9e par un \u00e9valuateur CLOE certifi\u00e9, elle est adapt\u00e9e en fonction du profil du candidat et permet de proposer des questions selon le niveau et domaine de travail du candidat.<\/span><br \/>\n<span style=\"color: #000080; font-size: 14px; font-family: arial, helvetica, sans-serif;\">L\u2019entretien de 15 minutes est organis\u00e9 en 3 parties : des questions d\u2019introduction, une ou plusieurs mises en situation professionnelle et une discussion autour d\u2019un th\u00e8me professionnel. <\/span><\/p>\n<h3><span style=\"color: #000080; font-size: 14px; font-family: arial, helvetica, sans-serif;\">L\u2019\u00e9valuation orale permet d\u2019\u00e9valuer 5 comp\u00e9tences : <\/span><\/h3>\n<p><span style=\"color: #000080; font-size: 14px; font-family: arial, helvetica, sans-serif;\">Employer un vocabulaire courant ou professionnel adapt\u00e9 \u00e0 la situation de communication.<\/span><br \/>\n<span style=\"color: #000080; font-size: 14px; font-family: arial, helvetica, sans-serif;\">Ma\u00eetriser les principales structures grammaticales n\u00e9cessaires pour construire des phrases coh\u00e9rentes et de complexit\u00e9 vari\u00e9e. <\/span><br \/>\n<span style=\"color: #000080; font-size: 14px; font-family: arial, helvetica, sans-serif;\">Communiquer de fa\u00e7on naturelle \u00e0 l\u2019oral. <\/span><br \/>\n<span style=\"color: #000080; font-size: 14px; font-family: arial, helvetica, sans-serif;\">Se faire comprendre avec une prononciation claire. <\/span><br \/>\n<span style=\"color: #000080; font-size: 14px; font-family: arial, helvetica, sans-serif;\">D\u00e9velopper l\u2019interaction et le dialogue. <\/span><\/p>\n<h4><strong><span style=\"color: #000080; font-size: 14px; font-family: arial, helvetica, sans-serif;\">Validation de la certification ou de l\u2019habilitation<\/span><\/strong><\/h4>\n<p><span style=\"color: #000080; font-size: 14px; font-family: arial, helvetica, sans-serif;\">Le cas \u00e9ch\u00e9ant, niveaux de ma\u00eetrise des comp\u00e9tences :<\/span><br \/>\n<span style=\"color: #000080; font-size: 14px; font-family: arial, helvetica, sans-serif;\">Les r\u00e9sultats des Certifications CLOE sont d\u00e9taill\u00e9s par comp\u00e9tence \u00e9valu\u00e9e ainsi de fa\u00e7on globale selon les niveaux CECRL. Le niveau minimum requis est A2 et l&rsquo;objectif CECRL est fix\u00e9 \u00e0 l&rsquo;inscription et selon le projet professionnel du candidat :<\/span><br \/>\n<span style=\"color: #000080; font-size: 14px; font-family: arial, helvetica, sans-serif;\">Utilisateur El\u00e9mentaire A2<\/span><br \/>\n<span style=\"color: #000080; font-size: 14px; font-family: arial, helvetica, sans-serif;\">Utilisateur Ind\u00e9pendant B1<\/span><br \/>\n<span style=\"color: #000080; font-size: 14px; font-family: arial, helvetica, sans-serif;\">Utilisateur Ind\u00e9pendant B2<\/span><br \/>\n<span style=\"color: #000080; font-size: 14px; font-family: arial, helvetica, sans-serif;\">Utilisateur Exp\u00e9riment\u00e9 C1<\/span><br \/>\n<span style=\"color: #000080; font-size: 14px; font-family: arial, helvetica, sans-serif;\">Utilisateur Exp\u00e9riment\u00e9 C2<\/span><br \/>\n<span style=\"color: #000080; font-size: 14px; font-family: arial, helvetica, sans-serif;\">Le cas \u00e9ch\u00e9ant, dur\u00e9e de validit\u00e9 en ann\u00e9es :<\/span><br \/>\n<span style=\"color: #000080; font-size: 14px; font-family: arial, helvetica, sans-serif;\">Si dur\u00e9e limit\u00e9e, modalit\u00e9s de renouvellement :<\/span><br \/>\n<span style=\"color: #000080; font-size: 14px; font-family: arial, helvetica, sans-serif;\">Possibilit\u00e9 de validation partielle :<\/span><br \/>\n<span style=\"color: #000080; font-size: 14px; font-family: arial, helvetica, sans-serif;\">Non<\/span><br \/>\n<span style=\"color: #000080; font-size: 14px; font-family: arial, helvetica, sans-serif;\">Secteur d\u2019activit\u00e9<\/span><br \/>\n<span style=\"color: #000080; font-size: 14px; font-family: arial, helvetica, sans-serif;\">R\u00e9f\u00e9rences juridiques des r\u00e8glementations d\u2019activit\u00e9 :<\/span><\/p>\n<h5><span style=\"color: #000080; font-size: 14px; font-family: arial, helvetica, sans-serif;\">Voie d\u2019acc\u00e8s<\/span><br \/>\n<span style=\"color: #000080; font-size: 14px; font-family: arial, helvetica, sans-serif;\">Le cas \u00e9chant, pr\u00e9requis \u00e0 l\u2019entr\u00e9e en formation :<\/span><\/h5>\n<p><span style=\"color: #000080; font-size: 14px; font-family: arial, helvetica, sans-serif;\">La certification CLOE est accessible \u00e0 toute personne ayant r\u00e9alis\u00e9 un positionnement initial. Ce test est effectu\u00e9 par l\u2019organisme partenaire en amont du d\u00e9marrage de la formation et permet d\u2019identifier le niveau actuel de ma\u00eetrise de la langue ainsi que l\u2019objectif en fonction du m\u00e9tier actuel ou futur du candidat. Cet objectif est pr\u00e9sent\u00e9 sous forme de niveau CECRL. Il n\u2019y a pas de pr\u00e9requis pour acc\u00e9der \u00e0 une formation pr\u00e9parant \u00e0 la Certification CLOE, n\u00e9anmoins la certification est d\u00e9livr\u00e9e \u00e0 partir du niveau A2 et selon l\u2019objectif fix\u00e9 en amont de la formation, selon le projet professionnel du candidat. <\/span><br \/>\n<span style=\"color: #000080; font-size: 14px; font-family: arial, helvetica, sans-serif;\">Le cas \u00e9chant, pr\u00e9requis \u00e0 la validation de la certification :<\/span><br \/>\n<span style=\"color: #000080; font-size: 14px; font-family: arial, helvetica, sans-serif;\"><strong>Le niveau minimum A2 est requis pour valider le certificat CLOE<\/strong>. L&rsquo;organisme de formation fixe un objectif CECRL en fonction du projet professionnel du candidat et, le cas \u00e9ch\u00e9ant, une sp\u00e9cialisation de domaine professionnel.<\/span><\/p>\n<\/div>\n<\/div>\n<\/div>\n<\/div>\n<div class=\"accordion--keep-open accordion--fcpt-certification active\">\n<div class=\"accordion--fcpt-certification__content\">\n<div class=\"accordion-content--fcpt-certification--navigation\">\n<div class=\"text--fcpt-certification\">\n<div>\n<div class=\"text--fcpt-certification\">\n<h6 style=\"font-weight: 400; text-align: left;\"><span style=\"font-family: arial, helvetica, sans-serif; font-size: 14px; color: #000080;\"><strong>Assistance p\u00e9dagogique\u00a0<\/strong><br \/>\nVal\u00e9rie Neyret-Vachey, formatrice certifi\u00e9e Qualiopi contactpro@leslanguessansstress.fr <\/span><\/h6>\n<h6 style=\"font-weight: 400; text-align: left;\"><span style=\"color: #000080; font-size: 14px; font-family: arial, helvetica, sans-serif;\">Par t\u00e9l\u00e9phone : 06 98 01 18 09 du lundi au vendredi de 8 h \u00e0 10 h en direct et de 12 h \u00e0 20 h en laissant un message avec vos coordonn\u00e9es pour \u00eatre rappel\u00e9 dans les meilleurs d\u00e9lais entre les prestations. <\/span><\/h6>\n<h6 style=\"font-weight: 400; text-align: left;\"><span style=\"color: #000080; font-size: 14px; font-family: arial, helvetica, sans-serif;\">Avant toute inscription, veuillez prendre connaissance de notre <a style=\"color: #000080;\" href=\"https:\/\/www.leslanguessansstress.fr\/index.php\/2025\/11\/02\/livret-daccueil-du-stagiaire\/\" target=\"_blank\" rel=\"noopener\">LIVRET D&rsquo;ACCUEIL<\/a>. <\/span><br \/>\n<span style=\"color: #000080; font-size: 14px; font-family: arial, helvetica, sans-serif;\">N&rsquo;h\u00e9sitez pas \u00e0 demander conseil ou un entretien avec la formatrice.<\/span><\/h6>\n<\/div>\n<\/div>\n<\/div>\n<\/div>\n<\/div>\n<\/div>\n<\/div>\n<\/div>\n<div>\n<p style=\"text-align: justify;\"><span style=\"color: #000080; font-family: arial, helvetica, sans-serif; font-size: 14px;\"><img loading=\"lazy\" decoding=\"async\" class=\"wp-image-16444 aligncenter\" src=\"https:\/\/www.leslanguessansstress.fr\/wp-content\/uploads\/2024\/08\/20240828-charte-de-deontologie-Qualiopi--300x271.jpg\" alt=\"\" width=\"178\" height=\"161\" srcset=\"https:\/\/www.leslanguessansstress.fr\/wp-content\/uploads\/2024\/08\/20240828-charte-de-deontologie-Qualiopi--300x271.jpg 300w, https:\/\/www.leslanguessansstress.fr\/wp-content\/uploads\/2024\/08\/20240828-charte-de-deontologie-Qualiopi-.jpg 370w\" sizes=\"auto, (max-width: 178px) 100vw, 178px\" \/><\/span><\/p>\n<\/div>\n","protected":false},"excerpt":{"rendered":"<p>\u00a0 Certifiez votre maitrise du fran\u00e7ais langue \u00e9trang\u00e8re \u00a0sans stress au\u00a0niveau interm\u00e9diaire\u00a0avec le financement CPF\u00a0<\/p>\n","protected":false},"author":1,"featured_media":16601,"comment_status":"closed","ping_status":"open","sticky":false,"template":"","format":"standard","meta":{"footnotes":""},"categories":[80],"tags":[575,430,553,386,347,202,613,370],"class_list":["post-18929","post","type-post","status-publish","format-standard","has-post-thumbnail","hentry","category-actualites","tag-certification","tag-formation-professionnelle","tag-francais-fle","tag-initiation","tag-langues","tag-perfectionnement","tag-preparation-test","tag-remise-a-niveau"],"_links":{"self":[{"href":"https:\/\/www.leslanguessansstress.fr\/index.php\/wp-json\/wp\/v2\/posts\/18929","targetHints":{"allow":["GET"]}}],"collection":[{"href":"https:\/\/www.leslanguessansstress.fr\/index.php\/wp-json\/wp\/v2\/posts"}],"about":[{"href":"https:\/\/www.leslanguessansstress.fr\/index.php\/wp-json\/wp\/v2\/types\/post"}],"author":[{"embeddable":true,"href":"https:\/\/www.leslanguessansstress.fr\/index.php\/wp-json\/wp\/v2\/users\/1"}],"replies":[{"embeddable":true,"href":"https:\/\/www.leslanguessansstress.fr\/index.php\/wp-json\/wp\/v2\/comments?post=18929"}],"version-history":[{"count":5,"href":"https:\/\/www.leslanguessansstress.fr\/index.php\/wp-json\/wp\/v2\/posts\/18929\/revisions"}],"predecessor-version":[{"id":18939,"href":"https:\/\/www.leslanguessansstress.fr\/index.php\/wp-json\/wp\/v2\/posts\/18929\/revisions\/18939"}],"wp:featuredmedia":[{"embeddable":true,"href":"https:\/\/www.leslanguessansstress.fr\/index.php\/wp-json\/wp\/v2\/media\/16601"}],"wp:attachment":[{"href":"https:\/\/www.leslanguessansstress.fr\/index.php\/wp-json\/wp\/v2\/media?parent=18929"}],"wp:term":[{"taxonomy":"category","embeddable":true,"href":"https:\/\/www.leslanguessansstress.fr\/index.php\/wp-json\/wp\/v2\/categories?post=18929"},{"taxonomy":"post_tag","embeddable":true,"href":"https:\/\/www.leslanguessansstress.fr\/index.php\/wp-json\/wp\/v2\/tags?post=18929"}],"curies":[{"name":"wp","href":"https:\/\/api.w.org\/{rel}","templated":true}]}}