{"id":18887,"date":"2026-01-10T13:08:08","date_gmt":"2026-01-10T12:08:08","guid":{"rendered":"https:\/\/www.leslanguessansstress.fr\/?p=18887"},"modified":"2026-01-10T13:24:52","modified_gmt":"2026-01-10T12:24:52","slug":"devenir-un-eleve-zen-et-efficace","status":"publish","type":"post","link":"https:\/\/www.leslanguessansstress.fr\/index.php\/2026\/01\/10\/devenir-un-eleve-zen-et-efficace\/","title":{"rendered":"Devenir un \u00e9l\u00e8ve zen et efficace"},"content":{"rendered":"<h1 style=\"font-weight: 400; text-align: justify;\"><span style=\"color: #ff6600; font-size: 24px; font-family: arial, helvetica, sans-serif;\"><strong>Devenir un \u00e9l\u00e8ve zen et efficace<\/strong> gr\u00e2ce \u00e0 la m\u00e9thodologie scolaire et la sophrologie en 28 jours<\/span><\/h1>\n<p><span style=\"color: #000080; font-family: arial, helvetica, sans-serif; font-size: 14px;\">Vous ne vous sentez pas \u00e0 l&rsquo;aise et avez peur de l&rsquo;\u00e9chec ou de d\u00e9crocher, \u00eatre d\u00e9motiv\u00e9 ou vivez un mal-\u00eatre&#8230; Faire face aux probl\u00e9matiques li\u00e9es \u00e0 l&rsquo;apprentissage en g\u00e9n\u00e9ral et \u00e0 l&rsquo;\u00e9tude de langues, plus sp\u00e9cifiquement ou de prendre la parole au sein d&rsquo;un groupe, n\u00e9cessite aujourd\u2019hui des r\u00e9ponses qui permettent \u00e0 l\u2019\u00e9l\u00e8ve comme au stagiaire d\u2019\u00eatre acteur du changement et de d\u00e9velopper ses comp\u00e9tences d&rsquo;apprenant et psycho-sociales<em>.<\/em><\/span><\/p>\n<p><span style=\"color: #000080; font-family: arial, helvetica, sans-serif; font-size: 14px;\">Cette mini autoformation propose une \u00a0<strong>m\u00e9thode originale qui <\/strong>invite chaque apprenant \u00e0 r\u00e9fl\u00e9chir sur son propre fonctionnement et lui fournit des <strong>outils m\u00e9thodologiques et sophrologiques<\/strong> : informations, fiches d\u2019exercices et s\u00e9ances audio.<\/span><\/p>\n<p><span style=\"color: #000080; font-family: arial, helvetica, sans-serif; font-size: 14px;\">Un accompagnement hebdomadaire pr\u00e9sentiel ou \u00e0 distance en Visio avec la pr\u00e9paratrice mentale permet des \u00e9changes vrais pour approfondir certains points et de profiter d&rsquo;une s\u00e9ance d&rsquo;<strong>hypnose de relaxation<\/strong> ou plus cibl\u00e9e selon le probl\u00e8me rencontr\u00e9, par exemple.\u00a0<\/span><\/p>\n<h3><span style=\"color: #000080; font-family: arial, helvetica, sans-serif; font-size: 14px;\">OBJECTIF<\/span><\/h3>\n<p><span style=\"color: #000080; font-family: arial, helvetica, sans-serif; font-size: 14px;\">L&rsquo;ambition de cette mini formation est de d\u00e9clencher une <strong>prise de conscience<\/strong> et un regard diff\u00e9rent sur les situations, mais aussi d\u2019installer de <strong>nouvelles habitudes <\/strong>pour tendre vers un mieux-\u00eatre et vers davantage d\u2019efficacit\u00e9 dans la scolarit\u00e9.<\/span><\/p>\n<h3><span style=\"color: #000080; font-family: arial, helvetica, sans-serif; font-size: 14px;\">PROGRAMME<\/span><\/h3>\n<p><span style=\"color: #000080; font-family: arial, helvetica, sans-serif; font-size: 14px;\">JOUR 1- Prendre conscience de soi et de ses ressentis<\/span><br \/>\n<span style=\"color: #000080; font-family: arial, helvetica, sans-serif; font-size: 14px;\">JOUR 2 &#8211; Comment je vis ma scolarit\u00e9 ?<\/span><br \/>\n<span style=\"color: #000080; font-family: arial, helvetica, sans-serif; font-size: 14px;\">JOUR 3- Mon hygi\u00e8ne de vie&#8230;<\/span><br \/>\n<span style=\"color: #000080; font-family: arial, helvetica, sans-serif; font-size: 14px;\">JOUR 4 &#8211; Optimiser son environnement de travail<\/span><br \/>\n<span style=\"color: #000080; font-family: arial, helvetica, sans-serif; font-size: 14px;\">JOUR 5 &#8211; Apprendre \u00e0 se concentrer..<\/span><br \/>\n<span style=\"color: #000080; font-family: arial, helvetica, sans-serif; font-size: 14px;\">JOUR 6- S&rsquo;entra\u00eener \u00e0 \u00e9couter efficacement en classe<\/span><br \/>\n<span style=\"color: #000080; font-family: arial, helvetica, sans-serif; font-size: 14px;\">JOUR 7 &#8211; Analyser un cours pour mieux en tirer profit<\/span><br \/>\n<span style=\"color: #000080; font-family: arial, helvetica, sans-serif; font-size: 14px;\">JOUR 8 &#8211; Savoir organiser et planifier son travail<\/span><br \/>\n<span style=\"color: #000080; font-family: arial, helvetica, sans-serif; font-size: 14px;\">JOUR 9- D\u00e9couvrir comment fonctionne la m\u00e9moire<\/span><br \/>\n<span style=\"color: #000080; font-family: arial, helvetica, sans-serif; font-size: 14px;\">JOUR 10 &#8211; Utiliser des outils pour \u00ab apprendre \u00e0 apprendre \u00bb.<\/span><br \/>\n<span style=\"color: #000080; font-family: arial, helvetica, sans-serif; font-size: 14px;\">JOUR 11 &#8211; Tirer profit de ses erreurs.<\/span><br \/>\n<span style=\"color: #000080; font-family: arial, helvetica, sans-serif; font-size: 14px;\">JOUR 12 &#8211; S&rsquo;entra\u00eener \u00e0 la m\u00e9morisation<\/span><br \/>\n<span style=\"color: #000080; font-family: arial, helvetica, sans-serif; font-size: 14px;\">JOUR 13 &#8211; Savoir se pr\u00e9parer aux \u00e9valuations.<\/span><br \/>\n<span style=\"color: #000080; font-family: arial, helvetica, sans-serif; font-size: 14px;\">JOUR 14 &#8211; Optimiser ses performances durant l&rsquo;\u00e9valuation<\/span><br \/>\n<span style=\"color: #000080; font-family: arial, helvetica, sans-serif; font-size: 14px;\">JOUR 15 &#8211; Mieux g\u00e9rer son stress..<\/span><br \/>\n<span style=\"color: #000080; font-family: arial, helvetica, sans-serif; font-size: 14px;\">JOUR 16 &#8211; Reconna\u00eetre ses \u00e9motions et les vivre mieux<\/span><br \/>\n<span style=\"color: #000080; font-family: arial, helvetica, sans-serif; font-size: 14px;\">JOUR 17 &#8211; Trouver du r\u00e9confort et aller de l&rsquo;avant<\/span><br \/>\n<span style=\"color: #000080; font-family: arial, helvetica, sans-serif; font-size: 14px;\">JOUR 18 &#8211; D\u00e9velopper sa confiance en soi et en ses capacit\u00e9s.<\/span><br \/>\n<span style=\"color: #000080; font-family: arial, helvetica, sans-serif; font-size: 14px;\">JOUR 19 &#8211; Optimiser ses recherches sur internet<\/span><br \/>\n<span style=\"color: #000080; font-family: arial, helvetica, sans-serif; font-size: 14px;\">JOUR 20 &#8211; Produire un travail personnel efficace<\/span><br \/>\n<span style=\"color: #000080; font-family: arial, helvetica, sans-serif; font-size: 14px;\">JOUR 21- \u00catre acteur de son parcours&#8230;&#8230;..<\/span><br \/>\n<span style=\"color: #000080; font-family: arial, helvetica, sans-serif; font-size: 14px;\">JOUR 22 &#8211; Savoir collaborer avec l&rsquo;enseignant et les camarades<\/span><br \/>\n<span style=\"color: #000080; font-family: arial, helvetica, sans-serif; font-size: 14px;\">JOUR 23 &#8211; Savoir mieux communiquer et g\u00e9rer les conflits<\/span><br \/>\n<span style=\"color: #000080; font-family: arial, helvetica, sans-serif; font-size: 14px;\">JOUR 24 &#8211; L&rsquo;estime de soi, la critique et l&rsquo;auto-compassion<\/span><br \/>\n<span style=\"color: #000080; font-family: arial, helvetica, sans-serif; font-size: 14px;\">JOUR 25 &#8211; Faire \u00e9quipe avec ses parents<\/span><br \/>\n<span style=\"color: #000080; font-family: arial, helvetica, sans-serif; font-size: 14px;\">JOUR 26 &#8211; G\u00e9rer la surcharge et l&rsquo;agitation<\/span><br \/>\n<span style=\"color: #000080; font-family: arial, helvetica, sans-serif; font-size: 14px;\">JOUR 27 &#8211; Comment s&rsquo;auto-\u00e9valuer ?<\/span><br \/>\n<span style=\"color: #000080; font-family: arial, helvetica, sans-serif; font-size: 14px;\">JOUR 28 &#8211; Comment r\u00e9utiliser tous ces outils ?<\/span><\/p>\n<h3><span style=\"color: #000080; font-family: arial, helvetica, sans-serif; font-size: 14px;\">PUBLIC<\/span><\/h3>\n<p><span style=\"color: #000080; font-family: arial, helvetica, sans-serif; font-size: 14px;\">Ce parcours s\u2019adresse aux coll\u00e9giens et aux lyc\u00e9ens et peut \u00eatre adapt\u00e9 \u00e0 tout apprenant en langues \u00e9trang\u00e8res mais aussi dans le perfectionnement du fran\u00e7ais \u00e9crit \u00e0 l&rsquo;\u00e2ge adulte!<\/span><\/p>\n<h3><span style=\"color: #000080; font-family: arial, helvetica, sans-serif; font-size: 14px;\">LIEU<\/span><\/h3>\n<p><span style=\"color: #000080; font-family: arial, helvetica, sans-serif; font-size: 14px;\">Entretiens individualis\u00e9s \u00e0 distance en Visio ou sur place \u00e0 LES LANGUES SANS STRESS, 29 rue Maurice Rey, 73110 Valgelon-La Rochette\u00a0<\/span><\/p>\n<h3><span style=\"color: #000080; font-family: arial, helvetica, sans-serif; font-size: 14px;\">DUR\u00c9E<\/span><\/h3>\n<p><span style=\"color: #000080; font-family: arial, helvetica, sans-serif; font-size: 14px;\">La session se d\u00e9roule <strong>sur 28 jours<\/strong>.\u00a0<\/span><\/p>\n<h3><span style=\"color: #000080; font-family: arial, helvetica, sans-serif; font-size: 14px;\">EFFORT<\/span><\/h3>\n<p><span style=\"color: #000080; font-family: arial, helvetica, sans-serif; font-size: 14px;\">La d\u00e9couverte de chaque unit\u00e9 exige <strong>30 minutes quotidiennes<\/strong> environ<\/span><br \/>\n<span style=\"color: #000080; font-family: arial, helvetica, sans-serif; font-size: 14px;\">Assimilation des informations \u00e0 votre rythme. <\/span><br \/>\n<span style=\"color: #000080; font-family: arial, helvetica, sans-serif; font-size: 14px;\">Les outils propos\u00e9s pourront \u00eatre utilis\u00e9s au long cours et constitueront pour les \u00e9l\u00e8ves <strong>un v\u00e9ritable moyen de progresser et de se sentir plus sereins<\/strong>\u00a0!<\/span><\/p>\n<h3><span style=\"color: #000080; font-family: arial, helvetica, sans-serif; font-size: 14px;\">DATES<\/span><\/h3>\n<p><span style=\"color: #000080; font-family: arial, helvetica, sans-serif; font-size: 14px;\">Toute l&rsquo;ann\u00e9e<\/span><br \/>\n<span style=\"color: #000080; font-family: arial, helvetica, sans-serif; font-size: 14px;\">4 entretiens avec la formatrice pr\u00e9paratrice mentale sont \u00e0 poser d\u00e8s le d\u00e9but de la session.<\/span><br \/>\n<span style=\"color: #000080; font-family: arial, helvetica, sans-serif; font-size: 14px;\">Dates selon vos disponibilit\u00e9s.<\/span><\/p>\n<h3><span style=\"color: #000080; font-family: arial, helvetica, sans-serif; font-size: 14px;\">INFORMATIONS G\u00c9N\u00c9RALES ET MODALIT\u00c9S\u00a0<\/span><\/h3>\n<p><span style=\"color: #000080; font-family: arial, helvetica, sans-serif; font-size: 14px;\">Veuillez lire le Livret d&rsquo;accueil.\u00a0<\/span><\/p>\n<h3><span style=\"color: #000080; font-family: arial, helvetica, sans-serif; font-size: 14px;\">PRIX\u00a0<\/span><\/h3>\n<p><span style=\"color: #000080; font-family: arial, helvetica, sans-serif; font-size: 14px;\">Offre au particulier dans le cadre des BONNES R\u00c9SOLUTIONS d\u00e9but janvier 2026 : 175 \u20ac Tout compris <\/span><br \/>\n<span style=\"color: #000080; font-family: arial, helvetica, sans-serif; font-size: 14px;\">Ouvrage de lecture <\/span><br \/>\n<span style=\"color: #000080; font-family: arial, helvetica, sans-serif; font-size: 14px;\">Soutien asynchrone pendant un mois <\/span><br \/>\n<span style=\"color: #000080; font-family: arial, helvetica, sans-serif; font-size: 14px;\">4 entretiens avec la formatrice pr\u00e9paratrice mentale : 175 euros nets. <\/span><\/p>\n<p><span style=\"color: #000080; font-family: arial, helvetica, sans-serif; font-size: 14px;\">L&rsquo;ouvrage utilis\u00e9 dans cette mini autoformation est l&rsquo;une des mesures choisies par Les langues sans stress pour favoriser l&rsquo;engagement des b\u00e9n\u00e9ficiaires de la formation continue afin de pr\u00e9venir les ruptures de parcours.<br \/>\nIl est alors propos\u00e9 en acc\u00e8s libre sur place par la formatrice qui accompagne le stagiaire et qui le soutiendra dans sa d\u00e9marche active vers l\u2019atteinte des objectifs fix\u00e9s en amont de la formation certifiante. <\/span><\/p>\n<h2><a href=\"https:\/\/au-top-sans-stress.fr\/developpement-personnel\/\" target=\"_blank\" rel=\"noopener\"><span style=\"color: #000080; font-family: arial, helvetica, sans-serif; font-size: 14px;\">D\u00e9veloppement personnel pour rester au top avec les langues sans stress<\/span><\/a><\/h2>\n","protected":false},"excerpt":{"rendered":"<p>Devenir un \u00e9l\u00e8ve zen et efficace gr\u00e2ce \u00e0 la m\u00e9thodologie scolaire et la sophrologie en<\/p>\n","protected":false},"author":1,"featured_media":13863,"comment_status":"closed","ping_status":"open","sticky":false,"template":"","format":"standard","meta":{"footnotes":""},"categories":[80],"tags":[561,684,786],"class_list":["post-18887","post","type-post","status-publish","format-standard","has-post-thumbnail","hentry","category-actualites","tag-developpement-personnel","tag-motivation","tag-soutien-et-apprentissage"],"_links":{"self":[{"href":"https:\/\/www.leslanguessansstress.fr\/index.php\/wp-json\/wp\/v2\/posts\/18887","targetHints":{"allow":["GET"]}}],"collection":[{"href":"https:\/\/www.leslanguessansstress.fr\/index.php\/wp-json\/wp\/v2\/posts"}],"about":[{"href":"https:\/\/www.leslanguessansstress.fr\/index.php\/wp-json\/wp\/v2\/types\/post"}],"author":[{"embeddable":true,"href":"https:\/\/www.leslanguessansstress.fr\/index.php\/wp-json\/wp\/v2\/users\/1"}],"replies":[{"embeddable":true,"href":"https:\/\/www.leslanguessansstress.fr\/index.php\/wp-json\/wp\/v2\/comments?post=18887"}],"version-history":[{"count":4,"href":"https:\/\/www.leslanguessansstress.fr\/index.php\/wp-json\/wp\/v2\/posts\/18887\/revisions"}],"predecessor-version":[{"id":18891,"href":"https:\/\/www.leslanguessansstress.fr\/index.php\/wp-json\/wp\/v2\/posts\/18887\/revisions\/18891"}],"wp:featuredmedia":[{"embeddable":true,"href":"https:\/\/www.leslanguessansstress.fr\/index.php\/wp-json\/wp\/v2\/media\/13863"}],"wp:attachment":[{"href":"https:\/\/www.leslanguessansstress.fr\/index.php\/wp-json\/wp\/v2\/media?parent=18887"}],"wp:term":[{"taxonomy":"category","embeddable":true,"href":"https:\/\/www.leslanguessansstress.fr\/index.php\/wp-json\/wp\/v2\/categories?post=18887"},{"taxonomy":"post_tag","embeddable":true,"href":"https:\/\/www.leslanguessansstress.fr\/index.php\/wp-json\/wp\/v2\/tags?post=18887"}],"curies":[{"name":"wp","href":"https:\/\/api.w.org\/{rel}","templated":true}]}}