{"id":18872,"date":"2026-01-07T18:46:29","date_gmt":"2026-01-07T17:46:29","guid":{"rendered":"https:\/\/www.leslanguessansstress.fr\/?p=18872"},"modified":"2026-01-07T18:52:35","modified_gmt":"2026-01-07T17:52:35","slug":"18872","status":"publish","type":"post","link":"https:\/\/www.leslanguessansstress.fr\/index.php\/2026\/01\/07\/18872\/","title":{"rendered":"Parler une langue sans stress est votre r\u00e9solution 2026"},"content":{"rendered":"<h1 style=\"font-weight: 400; text-align: justify;\"><span style=\"color: #ff6600; font-size: 24px; font-family: arial, helvetica, sans-serif;\">Bonne r\u00e9solution : Transformez votre pratique des langues en un atout majeur en 2026!<\/span><\/h1>\n<p style=\"font-weight: 400;\"><span style=\"font-family: 'trebuchet ms', geneva, sans-serif; color: #000080; font-size: 14px;\">Bonjour ,<\/span><\/p>\n<p style=\"font-weight: 400;\"><span style=\"font-family: 'trebuchet ms', geneva, sans-serif; color: #000080; font-size: 14px;\">Les f\u00eates sont pass\u00e9es, vous avez list\u00e9 vos bonnes r\u00e9solutions 2026 mais il vous reste \u00e0 maintenir le cap et votre motivation \u00e0 atteindre chaque objectif\u00a0!<\/span><\/p>\n<h4 style=\"font-weight: 400;\"><span style=\"font-family: 'trebuchet ms', geneva, sans-serif; color: #000080; font-size: 14px;\">Je vous offre une vraie opportunit\u00e9 de commencer l&rsquo;ann\u00e9e avec un atout majeur pour votre carri\u00e8re ou votre d\u00e9velppement personnel :<\/span><br \/>\n<span style=\"font-family: 'trebuchet ms', geneva, sans-serif; color: #000080; font-size: 14px;\">\u2663 Une ou deux langues courantes et des \u00e9changes dans un contexte professionnel maitris\u00e9s<\/span><br \/>\n<span style=\"font-family: 'trebuchet ms', geneva, sans-serif; color: #000080; font-size: 14px;\">\u2663 G\u00e9rer son stress au quotidien et au travail ou pendant le sport <\/span><br \/>\n<span style=\"font-family: 'trebuchet ms', geneva, sans-serif; color: #000080; font-size: 14px;\">\u2663 Atteindre chaque objectif gr\u00e2ce \u00e0 la pr\u00e9paration mentale<\/span><br \/>\n<span style=\"font-family: 'trebuchet ms', geneva, sans-serif; color: #000080; font-size: 14px;\">\u2663 Se faire du bien en apprenant \u00e0 utiliser ses propres ressources mentales sous hypnose.<\/span><\/h4>\n<h2 style=\"font-weight: 400;\"><span style=\"font-family: 'trebuchet ms', geneva, sans-serif; color: #000080;\"><strong><span style=\"font-size: 20px;\">Vous le savez, apprendre une langue et g\u00e9rer son stress ne s\u2019improvise pas.<\/span> <\/strong><\/span><\/h2>\n<p style=\"font-weight: 400;\"><span style=\"font-family: 'trebuchet ms', geneva, sans-serif; color: #000080; font-size: 14px;\">Sans m\u00e9thode ni accompagnement d\u00e9di\u00e9 tout au long du parcours, parfois m\u00eame la personne la plus volontaire se perd et s&rsquo;\u00e9puise sans atteindre ses objectifs de communication ou ne sait pas comment g\u00e9rer une mont\u00e9e de stress.<\/span><\/p>\n<p style=\"font-weight: 400;\"><span style=\"font-family: 'trebuchet ms', geneva, sans-serif; color: #000080; font-size: 14px;\">C&rsquo;est le cadre, les outils et une m\u00e9thode op\u00e9rationnelle qu&rsquo;il vous faut pour cette nouvelle ann\u00e9e, des le\u00e7ons claires avec des entrainements ludiques supervis\u00e9s par une accompagnatrice dynamique et bienveillante qui respire la joie de vivre, car garder le moral est primordial pour aller de l&rsquo;avant et prendre du plaisir \u00e0 apprendre!<\/span><\/p>\n<p><img loading=\"lazy\" decoding=\"async\" class=\"size-medium wp-image-17921 aligncenter\" src=\"https:\/\/www.leslanguessansstress.fr\/wp-content\/uploads\/2024\/11\/preparation-mentale-pour-etre-au-top-sans-stress-300x202.jpg\" alt=\"\" width=\"300\" height=\"202\" srcset=\"https:\/\/www.leslanguessansstress.fr\/wp-content\/uploads\/2024\/11\/preparation-mentale-pour-etre-au-top-sans-stress-300x202.jpg 300w, https:\/\/www.leslanguessansstress.fr\/wp-content\/uploads\/2024\/11\/preparation-mentale-pour-etre-au-top-sans-stress-1024x690.jpg 1024w, https:\/\/www.leslanguessansstress.fr\/wp-content\/uploads\/2024\/11\/preparation-mentale-pour-etre-au-top-sans-stress-768x517.jpg 768w, https:\/\/www.leslanguessansstress.fr\/wp-content\/uploads\/2024\/11\/preparation-mentale-pour-etre-au-top-sans-stress.jpg 1476w\" sizes=\"auto, (max-width: 300px) 100vw, 300px\" \/><\/p>\n<h3 style=\"font-weight: 400;\"><span style=\"font-family: 'trebuchet ms', geneva, sans-serif; color: #000080;\"><strong>Quel que soit le programme choisi, voici ce que vous allez ma\u00eetriser :<\/strong><\/span><\/h3>\n<p style=\"font-weight: 400;\"><span style=\"font-family: 'trebuchet ms', geneva, sans-serif; color: #000080;\">\ud83c\udfaf<strong> Diagnostic : <\/strong><span style=\"font-size: 14px;\">Clarifier le projet d\u00e8s le d\u00e9part ainsi que le niveau actuel en langues si vous souhaitez d\u00e9velopper votre communication.<\/span><\/span><\/p>\n<p style=\"font-weight: 400;\"><span style=\"font-family: 'trebuchet ms', geneva, sans-serif; color: #000080;\">\ud83d\uddfa\ufe0f<strong> Pilotage : <\/strong><span style=\"font-size: 14px;\">Un parcours balis\u00e9 pour ne jamais perdre le fil avec de nombreux entretiens individualis\u00e9s en pr\u00e9sentiel ou Visio pour d\u00e9mystifier les situations difficiles ou les r\u00e8gles de grammaire qui semblent complexes \u00e0 utiliser.<\/span><\/span><\/p>\n<p style=\"font-weight: 400;\"><span style=\"font-family: 'trebuchet ms', geneva, sans-serif; color: #000080;\">\ud83d\udde3\ufe0f<strong> Explicitation :<\/strong> <span style=\"font-size: 14px;\">Faire passer le stagiaire actif du \u201cj\u2019apprends\u201d au \u201cje parle et comprends sans traduire\u201d.<\/span><\/span><\/p>\n<p style=\"font-weight: 400;\"><span style=\"font-family: 'trebuchet ms', geneva, sans-serif; color: #000080;\">\ud83d\udcc2<strong> \u00c9crit :<\/strong> <span style=\"font-size: 14px;\">Des exercices cibl\u00e9s selon le contexte travaill\u00e9 et des structures avec du vocabulaire choisi bas\u00e9es sur le test de certification vis\u00e9.\u00a0 \u00a0<\/span><\/span><\/p>\n<p style=\"font-weight: 400;\"><span style=\"font-family: 'trebuchet ms', geneva, sans-serif; color: #000080;\">\ud83c\udfa4 <strong>Oral :<\/strong> <span style=\"font-size: 14px;\">Une pr\u00e9paration efficace (questions type, posture, gestion du stress, concentration et m\u00e9morisation, entretien et prise de parole en r\u00e9union ou pr\u00e9sentation face \u00e0 un large public\u2026).<\/span><\/span><\/p>\n<p style=\"font-weight: 400;\"><img loading=\"lazy\" decoding=\"async\" class=\"size-medium wp-image-17885 aligncenter\" src=\"https:\/\/www.leslanguessansstress.fr\/wp-content\/uploads\/2025\/04\/5-langues-sans-stress-a-La-Rochette-Qualiopi-CPF-300x48.png\" alt=\"\" width=\"300\" height=\"48\" srcset=\"https:\/\/www.leslanguessansstress.fr\/wp-content\/uploads\/2025\/04\/5-langues-sans-stress-a-La-Rochette-Qualiopi-CPF-300x48.png 300w, https:\/\/www.leslanguessansstress.fr\/wp-content\/uploads\/2025\/04\/5-langues-sans-stress-a-La-Rochette-Qualiopi-CPF-768x123.png 768w, https:\/\/www.leslanguessansstress.fr\/wp-content\/uploads\/2025\/04\/5-langues-sans-stress-a-La-Rochette-Qualiopi-CPF.png 934w\" sizes=\"auto, (max-width: 300px) 100vw, 300px\" \/><\/p>\n<h5 style=\"font-weight: 400;\"><span style=\"font-family: 'trebuchet ms', geneva, sans-serif; color: #000080; font-size: 14px;\"><span style=\"font-size: 16px;\"><strong>Visualisez-vous : <\/strong><\/span>au lieu d\u2019une vague phrase mal construite vous saurez exprimer vos id\u00e9es et commenter, interagir avec assurance dans la plupart des situations rencontr\u00e9es au quotidien et pendant vos fonctions ou voyages et rencontres \u00e0 l\u2019\u00e9tranger.<\/span><\/h5>\n<p style=\"font-weight: 400;\"><span style=\"font-family: 'trebuchet ms', geneva, sans-serif; color: #000080; font-size: 14px;\">Maintenant, vous devez commencer par vous inscrire et bloquer des dates d\u2019\u00e9tude et d\u2019entretien pour ne rien rater. La majorit\u00e9 de mes cours sont individualis\u00e9s et le planning vite complet. <\/span><\/p>\n<p style=\"font-weight: 400;\"><span style=\"font-family: 'trebuchet ms', geneva, sans-serif; color: #000080; font-size: 14px;\">Dur\u00e9e conseill\u00e9e : 1 \u00e0 3 mois avec un effort d&rsquo;une heure par jour. <\/span><\/p>\n<p style=\"font-weight: 400;\"><span style=\"font-family: 'trebuchet ms', geneva, sans-serif; color: #000080; font-size: 14px;\">Prix de la prestation : selon programme et ressources, dur\u00e9e et fr\u00e9quence des entretiens. <\/span><\/p>\n<p style=\"font-weight: 400;\"><span style=\"font-family: 'trebuchet ms', geneva, sans-serif; color: #000080; font-size: 14px;\">Financement : tous dont le CPF, l&rsquo;entreprise et les OPCO. Information compl\u00e8te et modalit\u00e9s dans le livret d&rsquo;accueil. Pr\u00e9voyez un rendezvous t\u00e9l\u00e9phonique ou sur place pour faire connaissance.<\/span><\/p>\n<p style=\"font-weight: 400;\"><span style=\"font-family: 'trebuchet ms', geneva, sans-serif; color: #000080; font-size: 14px;\">Je travaille avec l&rsquo;humain, pas l&rsquo;IA sauf sur les plateformes de langues pour plus d&rsquo;ad\u00e9quation \u00e0 vos besoins.<\/span><\/p>\n<p><img loading=\"lazy\" decoding=\"async\" class=\"wp-image-16991 aligncenter\" src=\"https:\/\/www.leslanguessansstress.fr\/wp-content\/uploads\/2024\/11\/CPF-Mon-Compte-Formation--300x300.png\" alt=\"\" width=\"220\" height=\"220\" srcset=\"https:\/\/www.leslanguessansstress.fr\/wp-content\/uploads\/2024\/11\/CPF-Mon-Compte-Formation--300x300.png 300w, https:\/\/www.leslanguessansstress.fr\/wp-content\/uploads\/2024\/11\/CPF-Mon-Compte-Formation--150x150.png 150w, https:\/\/www.leslanguessansstress.fr\/wp-content\/uploads\/2024\/11\/CPF-Mon-Compte-Formation-.png 472w\" sizes=\"auto, (max-width: 220px) 100vw, 220px\" \/><\/p>\n<h3 style=\"font-weight: 400;\"><span style=\"font-family: 'trebuchet ms', geneva, sans-serif; color: #000080;\"><strong>Apprenez une langue avec plaisir et certifiez vos nouvelles comp\u00e9tences en activant le financement CPF\u00a0<\/strong><\/span><\/h3>\n<p style=\"font-weight: 400;\"><span style=\"font-family: 'trebuchet ms', geneva, sans-serif; color: #000080;\">M<\/span><span style=\"font-family: 'trebuchet ms', geneva, sans-serif; color: #000080;\">es formations linguistiques sont \u00e9ligibles au financements CPF et vous pr\u00e9parent au test de certification de vos comp\u00e9tences selon votre niveau d&rsquo;\u00e9tude et votre secteur professionnel ou fonctions dans l&rsquo;entreprise, en anglais, allemand, espagnol, italien et fran\u00e7ais \u00e9crit ou FLE (langue \u00e9trang\u00e8re).\u00a0<\/span><\/p>\n<p style=\"font-weight: 400;\">\n","protected":false},"excerpt":{"rendered":"<p>Bonne r\u00e9solution : Transformez votre pratique des langues en un atout majeur en 2026! Bonjour<\/p>\n","protected":false},"author":1,"featured_media":18875,"comment_status":"closed","ping_status":"open","sticky":false,"template":"","format":"standard","meta":{"footnotes":""},"categories":[80],"tags":[112,108,573,692,627,211,113,466],"class_list":["post-18872","post","type-post","status-publish","format-standard","has-post-thumbnail","hentry","category-actualites","tag-allemand","tag-anglais","tag-espagnol","tag-francais-ecrit","tag-francais-langue-etrangere-fle","tag-gestion-du-stress","tag-italien","tag-preparation-mentale"],"_links":{"self":[{"href":"https:\/\/www.leslanguessansstress.fr\/index.php\/wp-json\/wp\/v2\/posts\/18872","targetHints":{"allow":["GET"]}}],"collection":[{"href":"https:\/\/www.leslanguessansstress.fr\/index.php\/wp-json\/wp\/v2\/posts"}],"about":[{"href":"https:\/\/www.leslanguessansstress.fr\/index.php\/wp-json\/wp\/v2\/types\/post"}],"author":[{"embeddable":true,"href":"https:\/\/www.leslanguessansstress.fr\/index.php\/wp-json\/wp\/v2\/users\/1"}],"replies":[{"embeddable":true,"href":"https:\/\/www.leslanguessansstress.fr\/index.php\/wp-json\/wp\/v2\/comments?post=18872"}],"version-history":[{"count":5,"href":"https:\/\/www.leslanguessansstress.fr\/index.php\/wp-json\/wp\/v2\/posts\/18872\/revisions"}],"predecessor-version":[{"id":18878,"href":"https:\/\/www.leslanguessansstress.fr\/index.php\/wp-json\/wp\/v2\/posts\/18872\/revisions\/18878"}],"wp:featuredmedia":[{"embeddable":true,"href":"https:\/\/www.leslanguessansstress.fr\/index.php\/wp-json\/wp\/v2\/media\/18875"}],"wp:attachment":[{"href":"https:\/\/www.leslanguessansstress.fr\/index.php\/wp-json\/wp\/v2\/media?parent=18872"}],"wp:term":[{"taxonomy":"category","embeddable":true,"href":"https:\/\/www.leslanguessansstress.fr\/index.php\/wp-json\/wp\/v2\/categories?post=18872"},{"taxonomy":"post_tag","embeddable":true,"href":"https:\/\/www.leslanguessansstress.fr\/index.php\/wp-json\/wp\/v2\/tags?post=18872"}],"curies":[{"name":"wp","href":"https:\/\/api.w.org\/{rel}","templated":true}]}}