{"id":18700,"date":"2025-11-12T13:32:51","date_gmt":"2025-11-12T12:32:51","guid":{"rendered":"https:\/\/www.leslanguessansstress.fr\/?p=18700"},"modified":"2025-11-15T11:39:05","modified_gmt":"2025-11-15T10:39:05","slug":"certification-le-robert-francais-langue-maternelle","status":"publish","type":"post","link":"https:\/\/www.leslanguessansstress.fr\/index.php\/2025\/11\/12\/certification-le-robert-francais-langue-maternelle\/","title":{"rendered":"Certification Le Robert 1 (fran\u00e7ais langue maternelle)"},"content":{"rendered":"<h1 style=\"font-weight: 400; text-align: left;\"><strong><span style=\"color: #0000ff; font-size: 20px; font-family: arial, helvetica, sans-serif;\">Perfectionnez votre fran\u00e7ais sans stress<\/span><\/strong><br \/>\n<span style=\"color: #0000ff; font-size: 20px; font-family: arial, helvetica, sans-serif;\">Donnez un coup de pouce \u00e0 votre CV avec la certification en langue fran\u00e7aise Le Robert <\/span><\/h1>\n<p><span style=\"color: #800080; font-family: arial, helvetica, sans-serif;\">\u00a0<a style=\"color: #800080;\" href=\"https:\/\/www.francecompetences.fr\/recherche\/rs\/7013\/\" target=\"_blank\" rel=\"noopener\">Certification en langue fran\u00e7aise Le Robert, fiche France comp\u00e9tences RS7013<\/a>\u00a0<\/span><\/p>\n<h4><span style=\"color: #000080; font-family: arial, helvetica, sans-serif;\">Objectifs et contexte de la certification RS7013 :<\/span><\/h4>\n<p class=\"text-align--justify\"><span style=\"color: #000080; font-family: arial, helvetica, sans-serif;\">La Certification en langue fran\u00e7aise Le Robert mesure le niveau de ma\u00eetrise de la langue fran\u00e7aise en contexte professionnel : respect des r\u00e8gles de la langue, pr\u00e9cision de l\u2019expression orale et \u00e9crite. <\/span><\/p>\n<p class=\"text-align--justify\"><span style=\"color: #000080; font-family: arial, helvetica, sans-serif;\">&#8211; Suivre et terminer le niveau de parcours attribu\u00e9 apr\u00e8s avoir pass\u00e9 l\u2019\u00e9valuation diagnostique Orthodidacte<br \/>\n&#8211; Revoir et approfondir les r\u00e8gles de grammaire<br \/>\n&#8211; Enrichir son vocabulaire courant et des affaires<br \/>\n&#8211; Gagner en autonomie et en confiance dans les \u00e9crits professionnels et personnels (e-mails, courriers, rapports, r\u00e9seaux sociaux\u2026)<br \/>\n&#8211; G\u00e9rer le stress face \u00e0 l&rsquo;\u00e9criture et la relecture puis l&rsquo;autocorrection de documents professionnels <\/span><br \/>\n<span style=\"color: #000080; font-family: arial, helvetica, sans-serif;\">&#8211; Attester de ses comp\u00e9tences en fran\u00e7ais \u00e9crit avec la Certification Le Robert.<\/span><\/p>\n<h4><span style=\"color: #000080; font-family: arial, helvetica, sans-serif;\">Contenu de la formation<\/span><\/h4>\n<p><span style=\"color: #000080; font-family: arial, helvetica, sans-serif;\">Ce programme s\u2019adresse au candidat qui poss\u00e8de d\u00e9j\u00e0 de bons r\u00e9flexes (aptitude \u00e0 r\u00e9diger et \u00e0 communiquer par \u00e9crit de fa\u00e7on autonome) et souhaite approfondir ses connaissances avant de certifier son niveau de maitrise du fran\u00e7ais.<\/span><br \/>\n<span style=\"color: #000080; font-family: arial, helvetica, sans-serif;\">\u2013 Parcours \u00e0 adapter \u00e0 vos besoins, objectifs et contraintes personnelles et professionnelles en amont du d\u00e9but de la session avec la formatrice. <\/span><br \/>\n<span style=\"color: #000080; font-family: arial, helvetica, sans-serif;\">\u2013 Apr\u00e8s diagnostic, votre niveau sera automatiquement ajust\u00e9 \u00e0 vos besoins imm\u00e9diats tout en vous laissant la possibilit\u00e9 de revoir des r\u00e8gles, d\u2019enrichir votre lexique et de vous entrainer \u00e0 tous les niveaux si vous le souhaitez selon les th\u00e8mes qui vous int\u00e9ressent et le niveau de certification vis\u00e9. <\/span><br \/>\n<span style=\"color: #000080; font-family: arial, helvetica, sans-serif;\">\u2013 Vos acc\u00e8s \u00e0 la plateforme <span style=\"color: #800080;\"><a style=\"color: #800080;\" href=\"https:\/\/youtu.be\/GWY4aAAC29k\" target=\"_blank\" rel=\"noopener\">e-learning Orthodidacte<\/a><\/span> d\u00e9di\u00e9e \u00e0 la langue fran\u00e7aise contiennent le diagnostic, votre parcours guid\u00e9, une vaste biblioth\u00e8que de cours et exercices d&rsquo;entra\u00eenement avec explications des r\u00e8gles, jeux et annales. Vous pouvez aussi choisir d\u2019utiliser un manuel \u00e9quivalent pour vos r\u00e9visions personnelles.\u00a0<\/span><br \/>\n<span style=\"color: #000080; font-family: arial, helvetica, sans-serif;\">\u2013 Gestion de votre temps d&rsquo;\u00e9tude en accord avec votre agenda et celui de la formatrice gr\u00e2ce \u00e0 notre parcours personnalis\u00e9 pour maitriser chaque notion essentielle \u00e0 complexe en grammaire, conjugaison, orthographe, lexique et syntaxe (d\u00e9tail plus bas) \u00e0 certifier. <\/span><br \/>\n<span style=\"color: #000080; font-family: arial, helvetica, sans-serif;\">\u2013 Aide \u00e0 la pr\u00e9sentation de son CV et de la lettre de motivation. <\/span><br \/>\n<span style=\"color: #000080; font-family: arial, helvetica, sans-serif;\">\u2013 Soutien et entrainement \u00e0 l&rsquo;entretien professionnel ou d&#8217;embauche.<\/span><br \/>\n<span style=\"color: #000080; font-family: arial, helvetica, sans-serif;\">\u2013 Entretiens individualis\u00e9s avec la formatrice entre les ateliers interactifs et mises en pratique des notions apprises ou revues, \u00e9changes sur les difficult\u00e9s rencontr\u00e9es et solutions possibles, bilans interm\u00e9diaires et tours de table. <\/span><br \/>\n<span style=\"color: #000080; font-family: arial, helvetica, sans-serif;\">\u2013 Approche antistress et ludique propos\u00e9e pour optimiser vos chances \u00e0 l&rsquo;examen puis dans la prise de confiance lors de l&rsquo;\u00e9criture autonome, relecture et autocorrection de vos documents courants et professionnels.<\/span><br \/>\n<span style=\"color: #000080; font-family: arial, helvetica, sans-serif;\">\u2013 La formatrice r\u00e9pond aux besoins que vous lui signalez et \u00e0 toute g\u00eane d\u00e9tect\u00e9e ensemble pendant l&rsquo;entrainement et les mises en pratique des acquis pendant la pr\u00e9paration au test de certification. <\/span><\/p>\n<h4><span style=\"color: #000080; font-family: arial, helvetica, sans-serif;\">Comp\u00e9tences travaill\u00e9es pendant la formation et attest\u00e9es : \u00a0<\/span><\/h4>\n<p class=\"text-align--justify\"><span style=\"color: #000080; font-family: arial, helvetica, sans-serif;\">R\u00e9diger des \u00e9crits dans le cadre d\u2019une activit\u00e9 professionnelle, en respectant les r\u00e8gles de la langue fran\u00e7aise, dans le but de communiquer efficacement \u00e0 l\u2019\u00e9crit.<br \/>\nS\u2019exprimer de mani\u00e8re ad\u00e9quate (registre de langue, vocabulaire s\u00e9lectionn\u00e9, construction des phrases) dans un contexte professionnel d\u00e9fini, dans le but de se faire comprendre et de communiquer efficacement. <\/span><\/p>\n<p class=\"text-align--justify\"><span style=\"color: #000080; font-family: arial, helvetica, sans-serif;\"><span style=\"color: #0000ff;\">LE R\u00c9F\u00c9RENTIEL DE LA CERTIFICATION<\/span><br \/>\n1 \u2014 Identifier le genre des noms et \u00e9crire correctement les mots : singulier et pluriel, masculin et f\u00e9minin.<br \/>\n2 \u2014 Diff\u00e9rencier et \u00e9crire correctement les homophones lexicaux et grammaticaux.<br \/>\n3 \u2014 \u00a0Conjuguer correctement les verbes en respectant les temps et les modes de la conjugaison.<br \/>\n4 \u2014 Accorder correctement les \u00e9l\u00e9ments du groupe nominal.<br \/>\n5 \u2014 Accorder correctement un verbe avec son sujet.<br \/>\n6 \u2014 Accorder correctement un participe pass\u00e9.<br \/>\n7 \u2014 Attribuer correctement aux mots leur sens commun\u00e9ment admis.<br \/>\n8 \u2014 Employer le registre de langage appropri\u00e9 \u00e0 la situation de r\u00e9daction.<br \/>\n9 \u2014 Construire des phrases en employant les mots-outils ad\u00e9quats.<br \/>\n<\/span><\/p>\n<h4><span style=\"color: #000080; font-family: arial, helvetica, sans-serif;\">Modalit\u00e9s d&rsquo;\u00e9valuation :\u00a0<\/span><\/h4>\n<p><span style=\"color: #000080; font-family: arial, helvetica, sans-serif;\">L\u2019\u00e9preuve se d\u00e9roule en ligne et comporte 350 questions.<br \/>\n5 types d\u2019exercices sont propos\u00e9s :<br \/>\n&#8211; Dict\u00e9e de mots et d\u2019expressions<br \/>\n&#8211; Phrases \u00e0 compl\u00e9ter en ins\u00e9rant un mot<br \/>\n&#8211; Phrases \u00e0 compl\u00e9ter apr\u00e8s avoir \u00e9cout\u00e9 un enregistrement<br \/>\n&#8211; Questions \u00e0 choix multiple<br \/>\n&#8211; Phrases \u00e0 corriger, si on estime qu\u2019elles comportent une erreur <\/span><\/p>\n<h3><span style=\"color: #0000ff; font-family: arial, helvetica, sans-serif;\">D\u00e9roulement de l&rsquo;examen <\/span><\/h3>\n<p><span style=\"color: #000080; font-family: arial, helvetica, sans-serif;\">Avoir \u00e9t\u00e9 inscrit \u00e0 ce test de certification et avoir suivi un parcours de formation.<\/span><\/p>\n<p><span style=\"color: #000080; font-family: arial, helvetica, sans-serif;\"><strong>PR\u00c9REQUIS CERTIFICAT LE ROBERT <\/strong><\/span><span style=\"color: #000080; font-family: arial, helvetica, sans-serif;\">Certification RS7013 : \u00a0<\/span><\/p>\n<p><span style=\"color: #000080; font-family: arial, helvetica, sans-serif;\">Ne pas \u00eatre en situation d\u2019analphab\u00e9tisme.<\/span><br \/>\n<span style=\"color: #000080; font-family: arial, helvetica, sans-serif;\">Avoir le fran\u00e7ais pour langue maternelle ou utiliser le fran\u00e7ais couramment en expression orale et \u00e9crite au niveau interm\u00e9diaire B1\/B2 et plus (suivant les niveaux du CECRL),<\/span><\/p>\n<p><span style=\"color: #000080; font-family: arial, helvetica, sans-serif;\"><span style=\"text-decoration: underline;\">Pour un passage d\u2019examen sur site<\/span> : vous aurez \u00e0 votre disposition tout le mat\u00e9riel n\u00e9cessaire pour passer la Certification en langue fran\u00e7aise Le Robert dans notre salle r\u00e9serv\u00e9e.<br \/>\n<span style=\"text-decoration: underline;\">Pour un passage d\u2019examen \u00e0 distance<\/span> : vous devez \u00eatre \u00e9quip\u00e9 d\u2019un ordinateur muni d\u2019une webcam et d\u2019un micro.\u00a0<\/span><\/p>\n<p><span style=\"color: #000080; font-family: arial, helvetica, sans-serif;\"><strong>LE JOUR-J<\/strong><br \/>\nVous munir de votre pi\u00e8ce d\u2019identit\u00e9 (carte nationale d\u2019identit\u00e9, passeport, permis de conduire ou titre de s\u00e9jour).<br \/>\nVous munir de vos informations de connexion (identifiant et mot de passe, re\u00e7us par courriel \u00e0 la suite de votre inscription) pour acc\u00e9der \u00e0 votre compte. <\/span><span style=\"font-family: arial, helvetica, sans-serif; color: #800080;\"><a style=\"color: #800080;\" href=\"https:\/\/certification.lerobert.com\/decouvrir-la-certification\/comment-se-deroule-lexamen\/\" target=\"_blank\" rel=\"noopener\">Comment se d\u00e9roule l&rsquo;examen LE ROBERT<\/a><\/span><\/p>\n<div class=\"text--fcpt-certification\">\n<p><span style=\"color: #000080; font-family: arial, helvetica, sans-serif;\">Validation de la certification RS7013 : \u00a0<\/span><br \/>\n<span style=\"font-family: arial, helvetica, sans-serif; font-size: 16px; color: #000080;\">Le cas \u00e9ch\u00e9ant, niveaux de ma\u00eetrise des comp\u00e9tences :<\/span><\/p>\n<p><span style=\"font-family: arial, helvetica, sans-serif; font-size: 16px; color: #000080;\"><strong>Moins de 450 points<\/strong> : la certification Le Robert n\u2019est pas d\u00e9livr\u00e9e. <\/span><br \/>\n<span style=\"font-family: arial, helvetica, sans-serif; font-size: 16px; color: #000080;\">Afin de communiquer \u00e0 l\u2019\u00e9crit dans un cadre professionnel, une formation compl\u00e9mentaire est conseill\u00e9e.<\/span><\/p>\n<p><span style=\"font-family: arial, helvetica, sans-serif; font-size: 16px; color: #000080;\"><strong>De 450 \u00e0 599 points<\/strong> : connaissance des r\u00e8gles les plus courantes de la langue fran\u00e7aise. <\/span><br \/>\n<span style=\"font-family: arial, helvetica, sans-serif; font-size: 16px; color: #000080;\">Niveau attendu pour des m\u00e9tiers dont l\u2019\u00e9crit n\u2019est pas une activit\u00e9 centrale, mais o\u00f9 on peut \u00eatre amen\u00e9 \u00e0 communiquer par \u00e9crit (courriels en interne, \u00e9crits courts) : techniciens, ouvriers, agents d\u2019accueil, testeurs informatiques, etc.<\/span><\/p>\n<p><span style=\"font-family: arial, helvetica, sans-serif; font-size: 16px; color: #000080;\"><strong>De 600 \u00e0 749 points<\/strong> : aptitude \u00e0 r\u00e9diger et \u00e0 communiquer par \u00e9crit de fa\u00e7on autonome. <\/span><br \/>\n<span style=\"font-family: arial, helvetica, sans-serif; font-size: 16px; color: #000080;\">Niveau attendu pour des postes comportant une activit\u00e9 de r\u00e9daction r\u00e9guli\u00e8re (communication interne et externe) : ing\u00e9nieurs, managers, conseillers commerciaux, graphistes, etc.<\/span><\/p>\n<p><span style=\"font-family: arial, helvetica, sans-serif; font-size: 16px; color: #000080;\"><strong>De 750 \u00e0 899 points<\/strong> : aisance en langue fran\u00e7aise. <\/span><br \/>\n<span style=\"font-family: arial, helvetica, sans-serif; font-size: 16px; color: #000080;\">Production et correction fiables de documents de tous types, y compris strat\u00e9giques ou destin\u00e9s \u00e0 un tr\u00e8s large public. Personne r\u00e9f\u00e9rente en mati\u00e8re de langue fran\u00e7aise. Niveau attendu pour des postes o\u00f9 la r\u00e9daction est au c\u0153ur des t\u00e2ches professionnelles : secr\u00e9taires de direction, t\u00e9l\u00e9conseillers, charg\u00e9s de communication, psychologues, notaires, etc.<\/span><\/p>\n<p><span style=\"font-family: arial, helvetica, sans-serif; font-size: 16px; color: #000080;\"><strong>900 points et plus<\/strong> : expertise en langue fran\u00e7aise. <\/span><br \/>\n<span style=\"font-family: arial, helvetica, sans-serif; font-size: 16px; color: #000080;\">Niveau attendu pour les activit\u00e9s professionnelles dans le domaine de la langue fran\u00e7aise : relecteurs-correcteurs, formateurs en langues, \u00e9diteurs, etc.<\/span><\/p>\n<p><span style=\"font-family: arial, helvetica, sans-serif; font-size: 16px; color: #000080;\">Le score maximum est de <strong>1 000 points.<\/strong><\/span><\/p>\n<\/div>\n<div class=\"text--fcpt-certification\">\n<p class=\"text--fcpt-certification__title\"><span style=\"font-family: arial, helvetica, sans-serif; color: #000080;\">Possibilit\u00e9 de validation partielle : Non <\/span><\/p>\n<p class=\"text--fcpt-certification__title\"><span style=\"font-family: arial, helvetica, sans-serif; color: #000080;\"><span style=\"color: #0000ff; font-size: 20px;\">\u2665<\/span> \u2192 Si vos difficult\u00e9s \u00e0 lire et \u00e9crire vous emp\u00eachent de suivre cette formation certifiante, nous proposons des parcours initiatiques ou de remise \u00e0 niveau en fran\u00e7ais langue maternelle pour reprendre confiance en soi avec une lecture plus ais\u00e9e puis une expression \u00e9crite plus juste. Lorsque le fran\u00e7ais n&rsquo;est pas votre langue maternelle, nous proposons des cours d&rsquo;initiation en fran\u00e7ais langue \u00e9trang\u00e8re, tous niveaux avec aussi un module d&rsquo;alphab\u00e9tisation pas \u00e0 pas, le cas \u00e9ch\u00e9ant.<\/span><\/p>\n<h4><span style=\"color: #000080; font-family: arial, helvetica, sans-serif;\">Prix et financements\u00a0<\/span><\/h4>\n<p><span style=\"font-family: arial, helvetica, sans-serif; color: #000080;\">Tous nos parcours linguistiques sont propos\u00e9s sur-mesure apr\u00e8s un entretien et diagnostic des besoins pour atteindre l&rsquo;objectif \u00e9mis du candidat.<\/span><\/p>\n<p><span style=\"font-family: arial, helvetica, sans-serif; color: #000080;\">Le prix de la pr\u00e9paration \u00e0 la Certification LE ROBERT est adapt\u00e9 au choix dates de session, ressources (manuel, plateforme elearning, gestion du stress et aux activit\u00e9s ludiques ax\u00e9es sur la pratique de la langue fran\u00e7aise), nombre d&rsquo;ateliers interactifs de mise en pratique et fr\u00e9quence des entretiens individualis\u00e9s. <\/span><\/p>\n<p><span style=\"font-family: arial, helvetica, sans-serif; color: #000080;\">La plupart des financements sont accept\u00e9s : particulier\/associatif, CPF, entreprise, OPCO\/VIVEA, AGEFIPH&#8230;\u00a0<\/span><\/p>\n<p><span style=\"font-family: arial, helvetica, sans-serif;\"><img loading=\"lazy\" decoding=\"async\" class=\"alignnone size-medium wp-image-18382 aligncenter\" src=\"https:\/\/www.leslanguessansstress.fr\/wp-content\/uploads\/2025\/08\/Qualiopi-Mon-compte-formation-2025-300x87.jpg\" alt=\"\" width=\"300\" height=\"87\" srcset=\"https:\/\/www.leslanguessansstress.fr\/wp-content\/uploads\/2025\/08\/Qualiopi-Mon-compte-formation-2025-300x87.jpg 300w, https:\/\/www.leslanguessansstress.fr\/wp-content\/uploads\/2025\/08\/Qualiopi-Mon-compte-formation-2025-1024x296.jpg 1024w, https:\/\/www.leslanguessansstress.fr\/wp-content\/uploads\/2025\/08\/Qualiopi-Mon-compte-formation-2025-768x222.jpg 768w, https:\/\/www.leslanguessansstress.fr\/wp-content\/uploads\/2025\/08\/Qualiopi-Mon-compte-formation-2025.jpg 1322w\" sizes=\"auto, (max-width: 300px) 100vw, 300px\" \/><\/span><\/p>\n<h4 style=\"font-weight: 400; text-align: left;\"><span style=\"color: #000080; font-size: 20px; font-family: arial, helvetica, sans-serif;\"><span style=\"color: #0000ff;\">Prix de la formation certifiante \u00e9ligible au financement CPF avec accompagnement en classe ou asynchrone sur-mesure, adaptables \u00e0 vos besoins et contraintes<\/span><\/span><\/h4>\n<p style=\"font-weight: 400; text-align: left;\"><span style=\"font-family: arial, helvetica, sans-serif;\"><span style=\"color: #000080; font-size: 16px;\"><span style=\"color: #000080; font-size: 16px; font-family: arial, helvetica, sans-serif;\">\u2022 <\/span>1 \u00e0\u00a0<\/span><span style=\"color: #000080; font-size: 16px;\">3 mois 25h de cours et ateliers interactifs valid\u00e9s par 12 entretiens individualis\u00e9s : 1817 \u20ac \u00a0(r\u00e9serv\u00e9 au perfectionnement)\u00a0<\/span><\/span><br \/>\n<span style=\"color: #000080; font-size: 16px; font-family: arial, helvetica, sans-serif;\">\u2022 3 \u00e0 6 mois 45 h de cours et ateliers valid\u00e9s par 22 entretiens individualis\u00e9s \u00a0: 3498 \u20ac \u00a0(pratique pour un renforcement cibl\u00e9)<\/span><br \/>\n<span style=\"color: #000080; font-size: 16px; font-family: arial, helvetica, sans-serif;\">\u2022 6 \u00e0 9 mois 65 h de cours et ateliers interactifs valid\u00e9s par 34 entretiens individualis\u00e9s : 5100\u20ac (id\u00e9al pour une mise \u00e0 niveau depuis les bases)<\/span><\/p>\n<h4 style=\"font-weight: 400; text-align: left;\"><span style=\"color: #000080; font-size: 16px; font-family: arial, helvetica, sans-serif;\"><span style=\"color: #0000ff;\">Accompagnement num\u00e9rique Orhtodidacte<\/span><\/span><\/h4>\n<p style=\"font-weight: 400; text-align: left;\"><span style=\"color: #000080; font-size: 16px; font-family: arial, helvetica, sans-serif;\">\u2022 Une plateforme de formation accessible 24h\/24, 7j\/7 sur ordinateur, tablette ou smartphone<br \/>\n\u2022 Une \u00e9valuation de 140 questions de positionnement en d\u00e9but de formation<br \/>\n\u2022 Un parcours personnalis\u00e9 et guid\u00e9 au travers de 15 000 questions<br \/>\n\u2022 Des fiches de cours<br \/>\n\u2022 Des dict\u00e9es en ligne<br \/>\n\u2022 Des vid\u00e9os et des jeux<br \/>\n\u2022 Un livret d&rsquo;accueil pr\u00e9sentant les diff\u00e9rentes phases de la formation et recensant toutes les informations utiles<\/span><\/p>\n<h3 style=\"font-weight: 400; text-align: left;\"><span style=\"font-family: arial, helvetica, sans-serif;\"><strong><span style=\"color: #0000ff; font-size: 16px;\">CERTIFICATION EN LANGUE FRAN\u00c7AISE LE ROBERT<\/span><\/strong><\/span><\/h3>\n<p style=\"font-weight: 400; text-align: left;\"><span style=\"color: #000080; font-size: 16px; font-family: arial, helvetica, sans-serif;\">La certification est inscrite au r\u00e9pertoire sp\u00e9cifique sous la r\u00e9f\u00e9rence RS7013. Certificateur: SEJER<br \/>\nDate d&rsquo;enregistrement de la certification : 31\/01\/2025<\/span><\/p>\n<h4 style=\"font-weight: 400; text-align: left;\"><span style=\"color: #0000ff; font-size: 16px; font-family: arial, helvetica, sans-serif;\">Objectif<\/span><\/h4>\n<p style=\"font-weight: 400; text-align: left;\"><span style=\"color: #000080; font-size: 16px; font-family: arial, helvetica, sans-serif;\">\u2022 Mesurer le niveau de ma\u00eetrise de la langue fran\u00e7aise en contexte professionnel: respect des r\u00e8gles de la langue, pr\u00e9cision de l&rsquo;expression orale et \u00e9crite.<\/span><\/p>\n<h4 style=\"font-weight: 400; text-align: left;\"><span style=\"color: #000080; font-size: 16px; font-family: arial, helvetica, sans-serif;\"><span style=\"color: #0000ff;\">Comp\u00e9tences attest\u00e9es <\/span><\/span><\/h4>\n<p style=\"font-weight: 400; text-align: left;\"><span style=\"color: #000080; font-size: 16px; font-family: arial, helvetica, sans-serif;\">\u2022 R\u00e9diger des \u00e9crits dans le cadre d&rsquo;une activit\u00e9 professionnelle, en respectant les r\u00e8gles de la langue fran\u00e7aise dans le but de communiquer efficacement \u00e0 l&rsquo;\u00e9crit.<br \/>\n\u2022 S&rsquo;exprimer de mani\u00e8re ad\u00e9quate (registre de langue, vocabulaire s\u00e9lectionn\u00e9, construction des phrases) dans un contexte professionnel d\u00e9fini dans le but de se faire comprendre et de communiquer efficacement.<\/span><\/p>\n<h4 style=\"font-weight: 400; text-align: left;\"><span style=\"color: #000080; font-size: 16px; font-family: arial, helvetica, sans-serif;\"><span style=\"color: #0000ff;\">Modalit\u00e9s d&rsquo;\u00e9valuation<\/span><\/span><\/h4>\n<p style=\"font-weight: 400; text-align: left;\"><span style=\"color: #000080; font-size: 16px; font-family: arial, helvetica, sans-serif;\">\u2022 Passage de la Certification en langue fran\u00e7aise Le Robert sur un ordinateur muni d&rsquo;une webcam et d&rsquo;un micro.<br \/>\n\u2022 L&rsquo;examen dure 1 h 45 et contient 350 questions.<br \/>\n\u2022 Les r\u00e9sultats sont disponibles sous 72h.<\/span><\/p>\n<h3 style=\"font-weight: 400; text-align: left;\"><span style=\"color: #0000ff; font-size: 16px; font-family: arial, helvetica, sans-serif;\">INFORMATIONS PRATIQUES<\/span><\/h3>\n<p style=\"font-weight: 400; text-align: left;\"><span style=\"color: #000080; font-size: 16px; font-family: arial, helvetica, sans-serif;\"><strong>Public vis\u00e9 :<\/strong><br \/>\n\u2022 Toute personne souhaitant am\u00e9liorer son niveau de ma\u00eetrise de la langue fran\u00e7aise<br \/>\n<strong>Pr\u00e9requis :<\/strong><br \/>\n\u2022 Avoir le fran\u00e7ais pour langue maternelle et ne pas \u00eatre en situation d&rsquo;analphab\u00e9tisme<br \/>\n\u2022 Disposer d&rsquo;un ordinateur ainsi que d&rsquo;une connexion \u00e0 internet<br \/>\n<strong>Dur\u00e9e de la formation :<\/strong><br \/>\n\u2022 Plateforme accessible pendant 3 ou 6 mois<br \/>\n\u2022 En moyenne 20 \u00e0 65 h de formation<br \/>\n<strong>\u2022 Dur\u00e9e de l&rsquo;effort : <\/strong><\/span><br \/>\n<span style=\"color: #000080; font-size: 16px; font-family: arial, helvetica, sans-serif;\">\u2248 3 \u00e0 5 h par semaine, selon vos besoins individuels pour atteindre vos objectifs professionnels)<\/span><br \/>\n<span style=\"color: #000080; font-size: 16px; font-family: arial, helvetica, sans-serif;\"><strong>Modalit\u00e9 et d\u00e9lai d&rsquo;acc\u00e8s :<\/strong><br \/>\n\u2022 Entr\u00e9e et sortie permanente, adapation du programme par cycle<br \/>\n\u2022 Entr\u00e9e en formation sous 2 semaines minimum si CPF<\/span><\/p>\n<p><span style=\"font-family: arial, helvetica, sans-serif; color: #000080;\"><strong>Moyens p\u00e9dagogiques :<\/strong><\/span><br \/>\n<span style=\"font-family: arial, helvetica, sans-serif; color: #000080;\">\u2022 Analyse des besoins en amont<\/span><br \/>\n<span style=\"font-family: arial, helvetica, sans-serif; color: #000080;\">\u2022 Evaluation de positionnement d\u00e8s le d\u00e9but de la session<\/span><br \/>\n<span style=\"font-family: arial, helvetica, sans-serif; color: #000080;\">\u2022 Parcours de formation guid\u00e9, intelligent et individualis\u00e9<\/span><br \/>\n<span style=\"font-family: arial, helvetica, sans-serif; color: #000080;\">\u2022 Nombreuses formes d&rsquo;apprentissage (QCM, dict\u00e9e de mots, phrases \u00e0 trous, etc.)<\/span><br \/>\n<span style=\"font-family: arial, helvetica, sans-serif; color: #000080;\">\u2022 Bilans avec suivi du parcours et soutien par formatrice d\u00e9di\u00e9e<\/span><br \/>\n<span style=\"font-family: arial, helvetica, sans-serif; color: #000080;\">\u2022 Aper\u00e7u de la progression par comp\u00e9tences<\/span><br \/>\n<span style=\"font-family: arial, helvetica, sans-serif; color: #000080;\">\u2022 \u00c9valuation finale en fin de formation<\/span><br \/>\n<span style=\"font-family: arial, helvetica, sans-serif; color: #000080;\">\u2022 Passage obligatoire de la Certification en langue fran\u00e7aise Le Robert a l&rsquo;issue de la formation<\/span><br \/>\n<span style=\"font-family: arial, helvetica, sans-serif; color: #000080;\"><strong>Accessibilit\u00e9<\/strong><\/span><br \/>\n<span style=\"font-family: arial, helvetica, sans-serif; color: #000080;\">Les formations en e-learning et \u00e0 distance sont ouvertes aux personnes en situation de handicap.<\/span><br \/>\n<span style=\"font-family: arial, helvetica, sans-serif; color: #000080;\">Vous pouvez contacter notre r\u00e9f\u00e9rente Les langues sans stress pour l&rsquo;accompagnement d\u00e9di\u00e9 en classe ou Visio pour toute demande d&rsquo;adaptation n\u00e9cessaire, ainsi que le r\u00e9f\u00e9rent handicap ORTHODIDACTE si cela concerne la plateforme des cours : contact.handicap@educlever.com<\/span><\/p>\n<h4 style=\"font-weight: 400; text-align: left;\"><span style=\"color: #000080; font-size: 16px; font-family: arial, helvetica, sans-serif;\"><strong>Assistance p\u00e9dagogique\u00a0<\/strong><br \/>\nVal\u00e9rie Neyret-Vachey, formatrice certifi\u00e9e Qualiopi contactpro@leslanguessansstress.fr <\/span><\/h4>\n<p style=\"font-weight: 400; text-align: left;\"><span style=\"color: #000080; font-size: 16px; font-family: arial, helvetica, sans-serif;\">Par t\u00e9l\u00e9phone : 06 98 01 18 09 du lundi au vendredi de 8 h \u00e0 10 h en direct et de 12 h \u00e0 20 h en laissant un message avec vos coordonn\u00e9es pour \u00eatre rappel\u00e9 dans les meilleurs d\u00e9lais entre les prestations. <\/span><\/p>\n<h6 style=\"font-weight: 400; text-align: left;\"><span style=\"color: #ff6600; font-size: 16px; font-family: arial, helvetica, sans-serif;\">Avant toute inscription, veuillez prendre connaissance de notre livret d&rsquo;accueil. N&rsquo;h\u00e9sitez pas \u00e0 demander conseil ou un entretien avec la formatrice.<\/span><\/h6>\n<\/div>\n","protected":false},"excerpt":{"rendered":"<p>Perfectionnez votre fran\u00e7ais sans stress Donnez un coup de pouce \u00e0 votre CV avec la<\/p>\n","protected":false},"author":1,"featured_media":12141,"comment_status":"closed","ping_status":"open","sticky":false,"template":"","format":"standard","meta":{"footnotes":""},"categories":[348,227],"tags":[514,692,202,613,370,717],"class_list":["post-18700","post","type-post","status-publish","format-standard","has-post-thumbnail","hentry","category-cpf-certificats","category-francais-fle","tag-formation-cpf","tag-francais-ecrit","tag-perfectionnement","tag-preparation-test","tag-remise-a-niveau","tag-renforcement-et-developpement"],"_links":{"self":[{"href":"https:\/\/www.leslanguessansstress.fr\/index.php\/wp-json\/wp\/v2\/posts\/18700","targetHints":{"allow":["GET"]}}],"collection":[{"href":"https:\/\/www.leslanguessansstress.fr\/index.php\/wp-json\/wp\/v2\/posts"}],"about":[{"href":"https:\/\/www.leslanguessansstress.fr\/index.php\/wp-json\/wp\/v2\/types\/post"}],"author":[{"embeddable":true,"href":"https:\/\/www.leslanguessansstress.fr\/index.php\/wp-json\/wp\/v2\/users\/1"}],"replies":[{"embeddable":true,"href":"https:\/\/www.leslanguessansstress.fr\/index.php\/wp-json\/wp\/v2\/comments?post=18700"}],"version-history":[{"count":6,"href":"https:\/\/www.leslanguessansstress.fr\/index.php\/wp-json\/wp\/v2\/posts\/18700\/revisions"}],"predecessor-version":[{"id":18718,"href":"https:\/\/www.leslanguessansstress.fr\/index.php\/wp-json\/wp\/v2\/posts\/18700\/revisions\/18718"}],"wp:featuredmedia":[{"embeddable":true,"href":"https:\/\/www.leslanguessansstress.fr\/index.php\/wp-json\/wp\/v2\/media\/12141"}],"wp:attachment":[{"href":"https:\/\/www.leslanguessansstress.fr\/index.php\/wp-json\/wp\/v2\/media?parent=18700"}],"wp:term":[{"taxonomy":"category","embeddable":true,"href":"https:\/\/www.leslanguessansstress.fr\/index.php\/wp-json\/wp\/v2\/categories?post=18700"},{"taxonomy":"post_tag","embeddable":true,"href":"https:\/\/www.leslanguessansstress.fr\/index.php\/wp-json\/wp\/v2\/tags?post=18700"}],"curies":[{"name":"wp","href":"https:\/\/api.w.org\/{rel}","templated":true}]}}