{"id":18461,"date":"2025-08-26T15:12:07","date_gmt":"2025-08-26T13:12:07","guid":{"rendered":"https:\/\/www.leslanguessansstress.fr\/?p=18461"},"modified":"2025-08-26T15:12:07","modified_gmt":"2025-08-26T13:12:07","slug":"actualite-favorisant-votre-pratique-de-lespagnol","status":"publish","type":"post","link":"https:\/\/www.leslanguessansstress.fr\/index.php\/2025\/08\/26\/actualite-favorisant-votre-pratique-de-lespagnol\/","title":{"rendered":"Actualit\u00e9 favorisant votre pratique de l&rsquo;espagnol"},"content":{"rendered":"<div>\n<h4 style=\"text-align: center;\"><span style=\"font-family: verdana, geneva, sans-serif; color: #ff0000; font-size: 24px;\"><span style=\"caret-color: #ff6600; font-weight: 400;\">\u00a0<img loading=\"lazy\" decoding=\"async\" class=\"alignnone  wp-image-5750\" src=\"https:\/\/www.leslanguessansstress.fr\/wp-content\/uploads\/2019\/07\/BANDEAU-ACTUALIT\u00c9S-e1614710083503-300x92.png\" alt=\"\" width=\"245\" height=\"75\" srcset=\"https:\/\/www.leslanguessansstress.fr\/wp-content\/uploads\/2019\/07\/BANDEAU-ACTUALIT\u00c9S-e1614710083503-300x92.png 300w, https:\/\/www.leslanguessansstress.fr\/wp-content\/uploads\/2019\/07\/BANDEAU-ACTUALIT\u00c9S-e1614710083503-768x236.png 768w, https:\/\/www.leslanguessansstress.fr\/wp-content\/uploads\/2019\/07\/BANDEAU-ACTUALIT\u00c9S-e1614710083503-1024x315.png 1024w, https:\/\/www.leslanguessansstress.fr\/wp-content\/uploads\/2019\/07\/BANDEAU-ACTUALIT\u00c9S-e1614710083503.png 1109w\" sizes=\"auto, (max-width: 245px) 100vw, 245px\" \/>\u00a0<\/span><\/span><\/h4>\n<\/div>\n<div>\n<h4><span style=\"font-family: verdana, geneva, sans-serif; color: #ff0000; font-size: 16px;\"><span style=\"caret-color: #ff6600; font-weight: 400;\">Actualit\u00e9s hispanophones pour d\u00e9velopper vos comp\u00e9tences en espagnol sans stress<\/span><\/span><\/h4>\n<h5 style=\"font-weight: 400;\"><span style=\"color: #000080; font-family: verdana, geneva, sans-serif; font-size: 16px;\"><span style=\"caret-color: #ff6600;\">Au fil de nos lectures pendant notre veille nous recueillons plusieurs informations parues dans la presse et sur Internet ou entendues autour de nous, susceptibles d&rsquo;int\u00e9r\u00eat dans l&rsquo;approfondissement de vos connaissances en espagnol courant et de l&rsquo;entreprise, comprenant la culture, les recettes, les divergences d&rsquo;opinions&#8230; Tour pour <span style=\"color: #ff0000;\"><strong>pratiquer la langue espagnole<\/strong><\/span> \u00e0 votre niveau.<\/span><\/span><\/h5>\n<p><span style=\"font-size: 16px;\"><img loading=\"lazy\" decoding=\"async\" class=\"alignnone  wp-image-16808 aligncenter\" src=\"https:\/\/www.leslanguessansstress.fr\/wp-content\/uploads\/2024\/10\/ES-espagnol-images-300x210.jpeg\" alt=\"\" width=\"199\" height=\"139\" srcset=\"https:\/\/www.leslanguessansstress.fr\/wp-content\/uploads\/2024\/10\/ES-espagnol-images-300x210.jpeg 300w, https:\/\/www.leslanguessansstress.fr\/wp-content\/uploads\/2024\/10\/ES-espagnol-images.jpeg 571w\" sizes=\"auto, (max-width: 199px) 100vw, 199px\" \/><\/span><\/p>\n<h4><span style=\"font-family: verdana, geneva, sans-serif; color: #ff0000; font-size: 16px;\"><span style=\"caret-color: #ff6600; font-weight: 400;\">Information avec extraits parus dans la presse internationale, plateformes d&rsquo;apprentissage de l&rsquo;espagnol courant et professionnel<\/span><\/span><\/h4>\n<p><span style=\"font-family: verdana, geneva, sans-serif; color: #000080; font-size: 16px;\">Le magazine VOCABLE ESPAGNOL (lecture avec\/sans audio) propose de pratiquer votre espagnol \u00e9crit et oral autour de th\u00e8mes tr\u00e8s actuels \u00e0 des niveaux d&rsquo;acc\u00e8s variant entre interm\u00e9diaire B1 et expert C2.<\/span><\/p>\n<p><span style=\"font-family: verdana, geneva, sans-serif; color: #000080; font-size: 16px;\">Approfondissez votre compr\u00e9hension et votre expression orale avec :<\/span><br \/>\n<span style=\"font-family: verdana, geneva, sans-serif; color: #000080; font-size: 16px;\">&#8211; une s\u00e9quence lecture pour am\u00e9liorer votre prononciation gr\u00e2ce aux articles lus par des hispanophones<\/span><br \/>\n<span style=\"font-family: verdana, geneva, sans-serif; color: #000080; font-size: 16px;\">&#8211; une s\u00e9quence pratique avec des sayn\u00e8tes pour vous approprier le vocabulaire<\/span><br \/>\n<span style=\"font-family: verdana, geneva, sans-serif; color: #000080; font-size: 16px;\">&#8211; une s\u00e9quence conversation pr\u00e9sent\u00e9e comme une \u00e9mission radio, avec plusieurs invit\u00e9s qui d\u00e9battent autour des sujets du num\u00e9ro.<\/span><\/p>\n<p><span style=\"font-family: verdana, geneva, sans-serif; color: #000080; font-size: 16px;\">Des progr\u00e8s rapides en espagnol d\u00e8s le niveau interm\u00e9diaire!<\/span><br \/>\n<span style=\"font-family: verdana, geneva, sans-serif; color: #000080; font-size: 16px;\">Expressions, tournures de phrases typiques&#8230; Au fil des th\u00e8mes lus et \u00e9cout\u00e9s, vous \u00eates capable de mieux comprendre vos interlocuteurs espagnols et vous am\u00e9liorez votre expression orale. <\/span><\/p>\n<h4><span style=\"font-family: verdana, geneva, sans-serif; color: #000080; font-size: 16px;\"><span style=\"caret-color: #ff6600; font-weight: 400;\">La m\u00e9diath\u00e8que associative rec\u00e8le de magazines avec CD pour d\u00e9velopper votre compr\u00e9hension \u00e9crite et orale, enrichir vos phrases d&rsquo;expressions et structures grammaticales simples \u00e0 complexes.<\/span><\/span><\/h4>\n<h3><span style=\"font-family: verdana, geneva, sans-serif; color: #000080; font-size: 16px;\"><span style=\"caret-color: #ff6600; font-weight: 400;\">Information avec extraits parus<\/span><\/span><\/h3>\n<p><span style=\"font-family: verdana, geneva, sans-serif; color: #000080; font-size: 16px;\">La m\u00e9diath\u00e8que associative rec\u00e8le de magazines avec CD pour d\u00e9velopper votre compr\u00e9hension \u00e9crite et orale, enrichir vos phrases d&rsquo;expressions et structures grammaticales simples \u00e0 complexes. <\/span><\/p>\n<p><strong><span><span style=\"color: #000080; font-family: verdana, geneva, sans-serif;\">Offre aout 2025 -33% sur l&rsquo;abonnement <span style=\"caret-color: #000080;\">mensuel<\/span> ou annuel!<\/span><\/span><\/strong><\/p>\n<p><a href=\"https:\/\/www.vocable.fr\/abonnements\/espagnol\/le-pack-audio-espagnol.html?gad_source=1&amp;gbraid=0AAAAAqACHaDZlGwNl2IqYrSZJ_A5oCX_j&amp;gclid=Cj0KCQjw1Yy5BhD-ARIsAI0RbXapR1WUKOEwMlLug7vNKdooWTNGiyam5OhIOZDogBOEtB5hE_GwXjYaAuq8EALw_wcB\" target=\"_blank\" rel=\"noopener\"><img loading=\"lazy\" decoding=\"async\" id=\"productImg\" class=\"\" src=\"https:\/\/www.vocable.fr\/images\/com_produit\/esp_898_01.jpg\" alt=\"Magazine Vocable espagnol\" width=\"161\" height=\"220\" data-cmp-info=\"10\" \/><\/a><\/p>\n<\/div>\n<p>Offre Vocable espagnol octobre 2024<\/p>\n<div>\n<p><span style=\"font-size: 16px;\"><img loading=\"lazy\" decoding=\"async\" class=\"alignnone size-medium wp-image-16807\" src=\"https:\/\/www.leslanguessansstress.fr\/wp-content\/uploads\/2024\/10\/ES-vocable-oct-24-pack-audio-espagnol-889-227x300.jpeg\" alt=\"\" width=\"227\" height=\"300\" srcset=\"https:\/\/www.leslanguessansstress.fr\/wp-content\/uploads\/2024\/10\/ES-vocable-oct-24-pack-audio-espagnol-889-227x300.jpeg 227w, https:\/\/www.leslanguessansstress.fr\/wp-content\/uploads\/2024\/10\/ES-vocable-oct-24-pack-audio-espagnol-889.jpeg 447w\" sizes=\"auto, (max-width: 227px) 100vw, 227px\" \/><\/span><\/p>\n<h4><span style=\"font-family: verdana, geneva, sans-serif; color: #ff0000; font-size: 16px;\"><span style=\"caret-color: #ff6600; font-weight: 400;\">Notre m\u00e9diath\u00e8que Les langues sans stress propose de lire et \u00e9couter sur place d&rsquo;anciens magazines Vocable<\/span><\/span><\/h4>\n<p><span style=\"font-family: verdana, geneva, sans-serif; color: #000080; font-size: 16px;\">Contactez le bureau administratif de l&rsquo;association pour acc\u00e9der \u00e0 la m\u00e9diath\u00e8que et choisir les th\u00e8mes qui vous int\u00e9ressent de d\u00e9velopper en espagnol \u00e9crit et oral.<\/span><\/p>\n<\/div>\n<p>__________________________<\/p>\n","protected":false},"excerpt":{"rendered":"<p>\u00a0\u00a0 Actualit\u00e9s hispanophones pour d\u00e9velopper vos comp\u00e9tences en espagnol sans stress Au fil de nos<\/p>\n","protected":false},"author":1,"featured_media":5750,"comment_status":"closed","ping_status":"open","sticky":false,"template":"","format":"standard","meta":{"footnotes":""},"categories":[80,432],"tags":[429,573,413,484],"class_list":["post-18461","post","type-post","status-publish","format-standard","has-post-thumbnail","hentry","category-actualites","category-langues","tag-actualite","tag-espagnol","tag-information-generale","tag-veille"],"_links":{"self":[{"href":"https:\/\/www.leslanguessansstress.fr\/index.php\/wp-json\/wp\/v2\/posts\/18461","targetHints":{"allow":["GET"]}}],"collection":[{"href":"https:\/\/www.leslanguessansstress.fr\/index.php\/wp-json\/wp\/v2\/posts"}],"about":[{"href":"https:\/\/www.leslanguessansstress.fr\/index.php\/wp-json\/wp\/v2\/types\/post"}],"author":[{"embeddable":true,"href":"https:\/\/www.leslanguessansstress.fr\/index.php\/wp-json\/wp\/v2\/users\/1"}],"replies":[{"embeddable":true,"href":"https:\/\/www.leslanguessansstress.fr\/index.php\/wp-json\/wp\/v2\/comments?post=18461"}],"version-history":[{"count":1,"href":"https:\/\/www.leslanguessansstress.fr\/index.php\/wp-json\/wp\/v2\/posts\/18461\/revisions"}],"predecessor-version":[{"id":18462,"href":"https:\/\/www.leslanguessansstress.fr\/index.php\/wp-json\/wp\/v2\/posts\/18461\/revisions\/18462"}],"wp:featuredmedia":[{"embeddable":true,"href":"https:\/\/www.leslanguessansstress.fr\/index.php\/wp-json\/wp\/v2\/media\/5750"}],"wp:attachment":[{"href":"https:\/\/www.leslanguessansstress.fr\/index.php\/wp-json\/wp\/v2\/media?parent=18461"}],"wp:term":[{"taxonomy":"category","embeddable":true,"href":"https:\/\/www.leslanguessansstress.fr\/index.php\/wp-json\/wp\/v2\/categories?post=18461"},{"taxonomy":"post_tag","embeddable":true,"href":"https:\/\/www.leslanguessansstress.fr\/index.php\/wp-json\/wp\/v2\/tags?post=18461"}],"curies":[{"name":"wp","href":"https:\/\/api.w.org\/{rel}","templated":true}]}}