{"id":18430,"date":"2026-02-10T15:07:57","date_gmt":"2026-02-10T14:07:57","guid":{"rendered":"https:\/\/www.leslanguessansstress.fr\/?p=18430"},"modified":"2026-02-14T11:48:48","modified_gmt":"2026-02-14T10:48:48","slug":"pratiquer-lespagnol-grammaire-et-lexique","status":"publish","type":"post","link":"https:\/\/www.leslanguessansstress.fr\/index.php\/2026\/02\/10\/pratiquer-lespagnol-grammaire-et-lexique\/","title":{"rendered":"Grammaire espagnole &#8211; CPF"},"content":{"rendered":"<div>\n<h4 style=\"font-weight: 400;\"><span style=\"color: #000080; font-size: 14px; font-family: verdana, geneva, sans-serif;\">PRATIQUE de l&rsquo;espagnol \u00e0 l&rsquo;oral et \u00e0 l&rsquo;\u00e9crit<br \/>\nEcouter, comprendre et r\u00e9pondre, poser des questions cibl\u00e9es<br \/>\nAteliers de mise en pratique des acquis de l&rsquo;\u00e9crit vers l&rsquo;oral<br \/>\nAtelier jeux de m\u00e9morisation du vocabulaire et de la grammaire \u00a0<\/span><\/h4>\n<p><span style=\"font-size: 14px;\"><img loading=\"lazy\" decoding=\"async\" class=\"alignnone wp-image-15245 aligncenter\" src=\"https:\/\/www.leslanguessansstress.fr\/wp-content\/uploads\/2023\/10\/espagnol-grammaire-les-langues-sans-stress-300x210.jpg\" alt=\"\" width=\"197\" height=\"138\" srcset=\"https:\/\/www.leslanguessansstress.fr\/wp-content\/uploads\/2023\/10\/espagnol-grammaire-les-langues-sans-stress-300x210.jpg 300w, https:\/\/www.leslanguessansstress.fr\/wp-content\/uploads\/2023\/10\/espagnol-grammaire-les-langues-sans-stress.jpg 506w\" sizes=\"auto, (max-width: 197px) 100vw, 197px\" \/><\/span><\/p>\n<h1 style=\"font-weight: 400;\"><span style=\"color: #ff0000; font-size: 20px; font-family: verdana, geneva, sans-serif;\">Consolidez vos bases grammaticales en espagnol sans stress<br \/>\n<\/span><\/h1>\n<p style=\"font-weight: 400;\"><span style=\"font-size: 14px;\"><strong style=\"color: #000080; font-family: verdana, geneva, sans-serif;\">Objectif<\/strong><span style=\"color: #000080; font-family: verdana, geneva, sans-serif;\"> : consolider et d\u00e9velopper vos bases grammaticales, la conjugaison et la construction des phrases.<\/span><\/span><br \/>\n<span style=\"color: #000080; font-family: verdana, geneva, sans-serif; font-size: 14px;\"><strong>Langue<\/strong> : espagnol<\/span><br \/>\n<span style=\"color: #000080; font-family: verdana, geneva, sans-serif; font-size: 14px;\"><strong>Public<\/strong> : tous <\/span><br \/>\n<span style=\"color: #000080; font-family: verdana, geneva, sans-serif; font-size: 14px;\"><strong>Sommaire<\/strong> : s&rsquo;amuser avec la grammaire<\/span><br \/>\n<span style=\"color: #000080; font-family: verdana, geneva, sans-serif; font-size: 14px;\">2 immersion bilingue anglais-espagnol ludique\u00a0<\/span><br \/>\n<span style=\"color: #000080; font-family: verdana, geneva, sans-serif; font-size: 14px;\">3 L&rsquo;espagnol des enfants et des ados\u00a0<\/span><br \/>\n<span style=\"color: #000080; font-family: verdana, geneva, sans-serif; font-size: 14px;\">4 Formation continue \u00e9ligible au CPF<\/span><\/p>\n<h2 style=\"font-weight: 400;\"><span style=\"color: #ff0000; font-size: 16px; font-family: verdana, geneva, sans-serif;\">Amusez-vous avec la grammaire espagnole pour vous perfectionner sans stress<\/span><\/h2>\n<p><span style=\"font-family: verdana, geneva, sans-serif; color: #000080; font-size: 14px;\">Le verbe \u00ab \u00eatre \u00bb SER<\/span><br \/>\n<span style=\"font-family: verdana, geneva, sans-serif; color: #000080; font-size: 14px;\">Les noms genre et nombre <\/span><br \/>\n<span style=\"font-family: verdana, geneva, sans-serif; color: #000080; font-size: 14px;\">Les articles d\u00e9finis et ind\u00e9finis <\/span><br \/>\n<span style=\"font-family: verdana, geneva, sans-serif; color: #000080; font-size: 14px;\">L&rsquo;expression de l&rsquo;heure <\/span><br \/>\n<span style=\"font-family: verdana, geneva, sans-serif; color: #000080; font-size: 14px;\">Le verbe \u00ab \u00eatre \u00bb ESTAR<br \/>\nLes pr\u00e9positions de lieu <\/span><br \/>\n<span style=\"font-family: verdana, geneva, sans-serif; color: #000080; font-size: 14px;\">Les adjectifs qualificatifs et les couleurs <\/span><br \/>\n<span style=\"font-family: verdana, geneva, sans-serif; color: #000080; font-size: 14px;\">Les interrogatifs <\/span><br \/>\n<span style=\"font-family: verdana, geneva, sans-serif; color: #000080; font-size: 14px;\">Les adjectifs num\u00e9raux cardinaux <\/span><br \/>\n<span style=\"font-family: verdana, geneva, sans-serif; color: #000080; font-size: 14px;\">La n\u00e9gation et l&rsquo;exclamation, l&rsquo;interdiction <\/span><br \/>\n<span style=\"font-family: verdana, geneva, sans-serif; color: #000080; font-size: 14px;\">Le pr\u00e9sent de l&rsquo;indicatif des verbes r\u00e9guliers\u00a0 <\/span><br \/>\n<span style=\"font-family: verdana, geneva, sans-serif; color: #000080; font-size: 14px;\">Les tournures affectives et les verbes GUSTAR et ENCANTAR\u00a0 <\/span><br \/>\n<span style=\"font-family: verdana, geneva, sans-serif; color: #000080; font-size: 14px;\">Les pronoms personnels<br \/>\nLe vouvoiement<br \/>\nLes adjectifs possessifs <\/span><br \/>\n<span style=\"font-family: verdana, geneva, sans-serif; color: #000080; font-size: 14px;\">Les verbes \u00e0 diphtongue<br \/>\nQuelques verbes irr\u00e9guliers au pr\u00e9sent de l&rsquo;indicatif <\/span><br \/>\n<span style=\"font-family: verdana, geneva, sans-serif; color: #000080; font-size: 14px;\">Les adjectifs et les pronoms d\u00e9monstratifs<br \/>\nLes interrogatifs <\/span><br \/>\n<span style=\"font-family: verdana, geneva, sans-serif; color: #000080; font-size: 14px;\">Les comparatifs et le superlatif <\/span><br \/>\n<span style=\"font-family: verdana, geneva, sans-serif; color: #000080; font-size: 14px;\">Les adjectifs num\u00e9raux ordinaux <\/span><br \/>\n<span style=\"font-family: verdana, geneva, sans-serif; color: #000080; font-size: 14px;\">Exprimer l&rsquo;obligation et le besoin\u00a0 <\/span><br \/>\n<span style=\"font-family: verdana, geneva, sans-serif; color: #000080; font-size: 14px;\">Les formes du futur<\/span><br \/>\n<span style=\"font-family: verdana, geneva, sans-serif; color: #000080; font-size: 14px;\">Les verbes pronominaux <\/span><br \/>\n<span style=\"font-family: verdana, geneva, sans-serif; color: #000080; font-size: 14px;\">Le verbe \u00ab avoir \u00bb TENER vs HABER\u00a0<\/span><br \/>\n<span style=\"font-family: verdana, geneva, sans-serif; color: #000080; font-size: 14px;\">Les moments de l&rsquo;action <\/span><br \/>\n<span style=\"font-family: verdana, geneva, sans-serif; color: #000080; font-size: 14px;\">Les verbes pr\u00e9positionnels\u00a0<\/span><br \/>\n<span style=\"font-family: verdana, geneva, sans-serif; color: #000080; font-size: 14px;\">Le pass\u00e9 compos\u00e9<br \/>\nLe pass\u00e9 simple <\/span><br \/>\n<span style=\"font-family: verdana, geneva, sans-serif; color: #000080; font-size: 14px;\">L&rsquo;imparfait de l&rsquo;indicatif <\/span><br \/>\n<span style=\"font-family: verdana, geneva, sans-serif; color: #000080; font-size: 14px;\">Le conditionnel\u00a0 <\/span><br \/>\n<span style=\"font-family: verdana, geneva, sans-serif; color: #000080; font-size: 14px;\">L&rsquo;imp\u00e9ratif\u00a0 \u00a0 <\/span><br \/>\n<span style=\"font-family: verdana, geneva, sans-serif; color: #000080; font-size: 14px;\">Le g\u00e9rondif et le participe pass\u00e9\u00a0<\/span><br \/>\n<span style=\"font-family: verdana, geneva, sans-serif; color: #000080; font-size: 14px;\">Exprimer les aspects de l&rsquo;action<br \/>\nLes formes du pass\u00e9 <\/span><br \/>\n<span style=\"font-family: verdana, geneva, sans-serif; color: #000080; font-size: 14px;\">Les mots de liaison\u00a0 <\/span><br \/>\n<span style=\"font-family: verdana, geneva, sans-serif; color: #000080; font-size: 14px;\">Le temps du subjonctif <\/span><br \/>\n<span style=\"font-family: verdana, geneva, sans-serif; color: #000080; font-size: 14px;\">Quelques verbes irr\u00e9guliers au subjonctif <\/span><br \/>\n<span style=\"font-family: verdana, geneva, sans-serif; color: #000080; font-size: 14px;\">Le subjonctif vs l&rsquo;indicatif <\/span><br \/>\n<span style=\"font-family: verdana, geneva, sans-serif; color: #000080; font-size: 14px;\">Les expressions verbales et idiomatiques <\/span><br \/>\n<span style=\"font-family: verdana, geneva, sans-serif; color: #000080; font-size: 14px;\">Les faux-amis<br \/>\nLe discours direct et indirect <\/span><br \/>\n<span style=\"font-family: verdana, geneva, sans-serif; color: #000080; font-size: 14px;\">La concordance des temps\u00a0 <\/span><br \/>\n<span style=\"font-family: verdana, geneva, sans-serif; color: #000080; font-size: 14px;\">Distinguer SER et ESTAR <\/span><br \/>\n<span style=\"font-family: verdana, geneva, sans-serif; color: #000080; font-size: 14px;\">La coordination <\/span><br \/>\n<span style=\"font-family: verdana, geneva, sans-serif; color: #000080; font-size: 14px;\">L&rsquo;indicatif imparfait et plus-que-parfait <\/span><br \/>\n<span style=\"font-family: verdana, geneva, sans-serif; color: #000080; font-size: 14px;\">Les p\u00e9riphrases verbales<br \/>\nLes pr\u00e9positions <\/span><br \/>\n<span style=\"font-family: verdana, geneva, sans-serif; color: #000080; font-size: 14px;\">Les subordonn\u00e9es circonstancielles et compl\u00e9tives<br \/>\nLa coordination\u00a0 <\/span><br \/>\n<span style=\"font-family: verdana, geneva, sans-serif; color: #000080; font-size: 14px;\">Comment exprimer&#8230; traduire&#8230; ? <\/span><br \/>\n<span style=\"font-family: verdana, geneva, sans-serif; color: #000080; font-size: 14px;\">Liste non exhaustive.\u00a0<\/span><\/p>\n<h2><span style=\"color: #000080; font-family: verdana, geneva, sans-serif; font-size: 16px; font-weight: 400;\"><span style=\"color: #ff0000;\">\u2666<\/span> Les notions de grammaire sont pr\u00e9sent\u00e9es soit dans des situations de tous les jours soit dans un contexte d&rsquo;\u00e9changes courants et professionnels, selon vos besoins et le niveau de votre programme d&rsquo;\u00e9tude. <\/span><\/h2>\n<h2><span style=\"color: #000080; font-family: verdana, geneva, sans-serif; font-size: 16px; font-weight: 400;\"><img loading=\"lazy\" decoding=\"async\" class=\"alignnone wp-image-10789 aligncenter\" src=\"https:\/\/www.leslanguessansstress.fr\/wp-content\/uploads\/2020\/09\/bd-bilingue-facile-courant-et-professionnel-anglais-espagnol-certifie-qualiopi-La-Rochette-Pontcharra-Maurienne-e1614706711127-300x133.png\" alt=\"\" width=\"203\" height=\"90\" srcset=\"https:\/\/www.leslanguessansstress.fr\/wp-content\/uploads\/2020\/09\/bd-bilingue-facile-courant-et-professionnel-anglais-espagnol-certifie-qualiopi-La-Rochette-Pontcharra-Maurienne-e1614706711127-300x133.png 300w, https:\/\/www.leslanguessansstress.fr\/wp-content\/uploads\/2020\/09\/bd-bilingue-facile-courant-et-professionnel-anglais-espagnol-certifie-qualiopi-La-Rochette-Pontcharra-Maurienne-e1614706711127.png 350w\" sizes=\"auto, (max-width: 203px) 100vw, 203px\" \/><\/span><\/h2>\n<h3><span style=\"color: #000080; font-family: verdana, geneva, sans-serif; font-size: 14px; font-weight: 400;\">Votre formatrice est bilingue <span style=\"color: #3366ff;\">anglais<\/span>&#8211;<span style=\"color: #ff0000;\"><strong>espagnol<\/strong><\/span> et appr\u00e9cie enseigner simultan\u00e9ment ces deux langues dans la joie et la bonne humeur autour d&rsquo;activit\u00e9s ludiques et situations du quotidien et\/ou professionnelles.<\/span><\/h3>\n<h2><span style=\"color: #000080; font-family: verdana, geneva, sans-serif; font-size: 14px; font-weight: 400;\">Les enfants et adolescents sont les bienvenus en cours d&rsquo;espagnol mais aussi et surtout dans les ateliers deux langues pleins de jeux et conseils pour <strong>apprendre sans aucun stress et tr\u00e8s tr\u00e8s vite <span style=\"color: #3366ff;\">l&rsquo;anglais<\/span> et <span style=\"color: #ff9900;\"><span style=\"color: #ff0000;\">l&rsquo;espagnol<\/span><\/span><\/strong> &#8211; Ils seront fiers de pouvoir s&rsquo;exprimer d\u00e8s la 1\u00e8re s\u00e9ance pr\u00e9sentielle dans ces deux langues. \u00a0<\/span><\/h2>\n<p><img loading=\"lazy\" decoding=\"async\" class=\"wp-image-11926 aligncenter\" src=\"https:\/\/www.leslanguessansstress.fr\/wp-content\/uploads\/2021\/03\/atelier-jeux-et-dialogues-pour-enfants-et-ados-entre-6-et-15-ans-les-langues-sans-stress-anglais-allemand-espagnol-italien-francais-thai-300x187.png\" alt=\"\" width=\"170\" height=\"106\" srcset=\"https:\/\/www.leslanguessansstress.fr\/wp-content\/uploads\/2021\/03\/atelier-jeux-et-dialogues-pour-enfants-et-ados-entre-6-et-15-ans-les-langues-sans-stress-anglais-allemand-espagnol-italien-francais-thai-300x187.png 300w, https:\/\/www.leslanguessansstress.fr\/wp-content\/uploads\/2021\/03\/atelier-jeux-et-dialogues-pour-enfants-et-ados-entre-6-et-15-ans-les-langues-sans-stress-anglais-allemand-espagnol-italien-francais-thai-768x479.png 768w, https:\/\/www.leslanguessansstress.fr\/wp-content\/uploads\/2021\/03\/atelier-jeux-et-dialogues-pour-enfants-et-ados-entre-6-et-15-ans-les-langues-sans-stress-anglais-allemand-espagnol-italien-francais-thai.png 808w\" sizes=\"auto, (max-width: 170px) 100vw, 170px\" \/><\/p>\n<h2><span style=\"color: #000080; font-family: verdana, geneva, sans-serif; font-size: 16px; font-weight: 400;\"><span style=\"text-decoration: underline;\">Activit\u00e9s adapt\u00e9es en aux <span style=\"color: #ff0000;\"><strong>programmes scolaires d&rsquo;espagnol<\/strong><\/span><\/span>\u00a0qu&rsquo;elles consolident par une pratique orale instantan\u00e9e et la construction naturelle des phrases sans tableaux r\u00e9barbatifs.<\/span><\/h2>\n<h3><a href=\"https:\/\/www.leslanguessansstress.fr\/index.php\/certification-cpf\/\" target=\"_blank\" rel=\"noopener\"><span style=\"color: #000080; font-family: verdana, geneva, sans-serif; font-size: 16px; font-weight: 400;\">Modalit\u00e9s &#8211; Prix et financements &#8211; Contact<\/span><\/a><\/h3>\n<h3><span style=\"font-family: verdana, geneva, sans-serif;\"><img loading=\"lazy\" decoding=\"async\" class=\"alignnone wp-image-18382 aligncenter\" src=\"https:\/\/www.leslanguessansstress.fr\/wp-content\/uploads\/2025\/08\/Qualiopi-Mon-compte-formation-2025-300x87.jpg\" alt=\"\" width=\"272\" height=\"79\" srcset=\"https:\/\/www.leslanguessansstress.fr\/wp-content\/uploads\/2025\/08\/Qualiopi-Mon-compte-formation-2025-300x87.jpg 300w, https:\/\/www.leslanguessansstress.fr\/wp-content\/uploads\/2025\/08\/Qualiopi-Mon-compte-formation-2025-1024x296.jpg 1024w, https:\/\/www.leslanguessansstress.fr\/wp-content\/uploads\/2025\/08\/Qualiopi-Mon-compte-formation-2025-768x222.jpg 768w, https:\/\/www.leslanguessansstress.fr\/wp-content\/uploads\/2025\/08\/Qualiopi-Mon-compte-formation-2025.jpg 1322w\" sizes=\"auto, (max-width: 272px) 100vw, 272px\" \/><\/span><\/h3>\n<h2 style=\"font-weight: 400;\"><span style=\"color: #ff0000; font-size: 16px; font-family: verdana, geneva, sans-serif;\">Votre formation est \u00e9ligible au financement CPF par la certification de vos acquis en espagnol courant et des \u00e9changes professionnels quotidiens<\/span><\/h2>\n<h3><span style=\"color: #000080; font-family: verdana, geneva, sans-serif; font-size: 14px; font-weight: 400;\">Etude entre 30 et 65 heures ponctu\u00e9es par des entretiens et bilans qui vous pr\u00e9parent \u00e0 communiquer naturellement \u00e0 l&rsquo;oral comme \u00e0 l&rsquo;\u00e9crit, entre les niveaux d\u00e9butant A1 et expert C2 du CECRL. <\/span><\/h3>\n<p><span style=\"color: #000080; font-family: verdana, geneva, sans-serif; font-size: 14px; font-weight: 400;\">En activant le financement CPF vous acceptez de passer le test de certification au niveau individuel de votre \u00e9tude en fin de parcours, une des modalit\u00e9s obligatoires \u00e0 relire sur MON COMPTE FORMATION.<\/span><\/p>\n<\/div>\n","protected":false},"excerpt":{"rendered":"<p>PRATIQUE de l&rsquo;espagnol \u00e0 l&rsquo;oral et \u00e0 l&rsquo;\u00e9crit Ecouter, comprendre et r\u00e9pondre, poser des questions<\/p>\n","protected":false},"author":1,"featured_media":15245,"comment_status":"closed","ping_status":"open","sticky":false,"template":"","format":"standard","meta":{"footnotes":""},"categories":[80,148],"tags":[765,575,574,573,255,386,202,767],"class_list":["post-18430","post","type-post","status-publish","format-standard","has-post-thumbnail","hentry","category-actualites","category-espagnol","tag-atelier-interactif-et-ludique","tag-certification","tag-cpf","tag-espagnol","tag-grammaire","tag-initiation","tag-perfectionnement","tag-prestation-antistress-en-espagnol"],"_links":{"self":[{"href":"https:\/\/www.leslanguessansstress.fr\/index.php\/wp-json\/wp\/v2\/posts\/18430","targetHints":{"allow":["GET"]}}],"collection":[{"href":"https:\/\/www.leslanguessansstress.fr\/index.php\/wp-json\/wp\/v2\/posts"}],"about":[{"href":"https:\/\/www.leslanguessansstress.fr\/index.php\/wp-json\/wp\/v2\/types\/post"}],"author":[{"embeddable":true,"href":"https:\/\/www.leslanguessansstress.fr\/index.php\/wp-json\/wp\/v2\/users\/1"}],"replies":[{"embeddable":true,"href":"https:\/\/www.leslanguessansstress.fr\/index.php\/wp-json\/wp\/v2\/comments?post=18430"}],"version-history":[{"count":5,"href":"https:\/\/www.leslanguessansstress.fr\/index.php\/wp-json\/wp\/v2\/posts\/18430\/revisions"}],"predecessor-version":[{"id":19072,"href":"https:\/\/www.leslanguessansstress.fr\/index.php\/wp-json\/wp\/v2\/posts\/18430\/revisions\/19072"}],"wp:featuredmedia":[{"embeddable":true,"href":"https:\/\/www.leslanguessansstress.fr\/index.php\/wp-json\/wp\/v2\/media\/15245"}],"wp:attachment":[{"href":"https:\/\/www.leslanguessansstress.fr\/index.php\/wp-json\/wp\/v2\/media?parent=18430"}],"wp:term":[{"taxonomy":"category","embeddable":true,"href":"https:\/\/www.leslanguessansstress.fr\/index.php\/wp-json\/wp\/v2\/categories?post=18430"},{"taxonomy":"post_tag","embeddable":true,"href":"https:\/\/www.leslanguessansstress.fr\/index.php\/wp-json\/wp\/v2\/tags?post=18430"}],"curies":[{"name":"wp","href":"https:\/\/api.w.org\/{rel}","templated":true}]}}