{"id":18409,"date":"2026-02-13T11:40:36","date_gmt":"2026-02-13T10:40:36","guid":{"rendered":"https:\/\/www.leslanguessansstress.fr\/?p=18409"},"modified":"2026-02-13T12:24:36","modified_gmt":"2026-02-13T11:24:36","slug":"langue-professionnelle-eligible-cpf","status":"publish","type":"post","link":"https:\/\/www.leslanguessansstress.fr\/index.php\/2026\/02\/13\/langue-professionnelle-eligible-cpf\/","title":{"rendered":"Langue professionnelle \u00e9ligible CPF"},"content":{"rendered":"<h1 style=\"font-weight: 400;\"><span style=\"color: #ff6600; font-size: 24px; font-family: verdana, geneva, sans-serif;\">Programme de langues courantes en milieu professionnel\u00a0<\/span><\/h1>\n<p><span style=\"font-family: arial, helvetica, sans-serif; font-size: 14px;\"><span style=\"color: #000080;\">\u00a0<span style=\"font-family: verdana, geneva, sans-serif;\">Le programme ci-dessous est adaptable dans la langue de votre choix. Il peut aussi \u00eatre suivi en deux langues (anglais+LV2 de votre choix) pour plus d&rsquo;opportunit\u00e9s et de mobilit\u00e9 en devenant bi-\u00e0 trilingue sans stress d\u00e8s le niveau d\u00e9butant A1 vers le niveau autonome B2\/C1. Plus d&rsquo;information sur les formations linguistiques en<\/span><\/span><span style=\"font-family: verdana, geneva, sans-serif;\"> <a href=\"https:\/\/www.leslanguessansstress.fr\/index.php\/2025\/08\/07\/anglais-etc\/\" target=\"_blank\" rel=\"noopener\">ANGLAIS<\/a>\u00a0 \u2013 <a href=\"https:\/\/www.leslanguessansstress.fr\/index.php\/2025\/07\/10\/allemand-2\/\" target=\"_blank\" rel=\"noopener\">ALLEMAND<\/a>\u00a0\u2013 <a href=\"https:\/\/www.leslanguessansstress.fr\/index.php\/2025\/02\/03\/espagnol\/\" target=\"_blank\" rel=\"noopener\">ESPAGNOL<\/a>\u00a0\u2013 <a href=\"https:\/\/www.leslanguessansstress.fr\/index.php\/2025\/02\/04\/italien-courant-professionnel-cpf\/\" target=\"_blank\" rel=\"noopener\">ITALIEN<\/a>\u00a0 \u2013 <a href=\"https:\/\/www.leslanguessansstress.fr\/index.php\/2025\/07\/20\/francais-2\/\" target=\"_blank\" rel=\"noopener\">FLE fran\u00e7ais langue \u00e9trang\u00e8re<\/a>\u00a0<\/span><\/span><\/p>\n<p><span style=\"font-family: verdana, geneva, sans-serif; color: #000080;\">SOMMAIRE<br \/>\n<span style=\"font-size: 14px;\">1 &#8211; niveau d\u00e9butant seuil A1\/A2 PRO<\/span><\/span><br \/>\n<span style=\"font-family: verdana, geneva, sans-serif; color: #000080; font-size: 14px;\">2 &#8211; niveau interm\u00e9diaire B1\/B2 PRO<\/span><br \/>\n<span style=\"font-family: verdana, geneva, sans-serif; color: #000080; font-size: 14px;\">3 &#8211; niveau autonome expert C1\/C2 PRO<\/span><\/p>\n<p><span style=\"font-size: 14px;\"><img loading=\"lazy\" decoding=\"async\" class=\"alignnone size-medium wp-image-17885\" src=\"https:\/\/www.leslanguessansstress.fr\/wp-content\/uploads\/2025\/04\/5-langues-sans-stress-a-La-Rochette-Qualiopi-CPF-300x48.png\" alt=\"\" width=\"300\" height=\"48\" srcset=\"https:\/\/www.leslanguessansstress.fr\/wp-content\/uploads\/2025\/04\/5-langues-sans-stress-a-La-Rochette-Qualiopi-CPF-300x48.png 300w, https:\/\/www.leslanguessansstress.fr\/wp-content\/uploads\/2025\/04\/5-langues-sans-stress-a-La-Rochette-Qualiopi-CPF-768x123.png 768w, https:\/\/www.leslanguessansstress.fr\/wp-content\/uploads\/2025\/04\/5-langues-sans-stress-a-La-Rochette-Qualiopi-CPF.png 934w\" sizes=\"auto, (max-width: 300px) 100vw, 300px\" \/><\/span><\/p>\n<h2 style=\"font-weight: 400;\"><span style=\"color: #000080; font-size: 20px; font-family: verdana, geneva, sans-serif;\"><strong>Niveau 1<\/strong> d\u00e9butant \u00e0 pr\u00e9interm\u00e9diaire A1\/A2+ \u2192 le stagiaire connait les bases de la langue de tous les jours au niveau A1 ou plus.\u00a0<\/span><\/h2>\n<p><span style=\"font-family: verdana, geneva, sans-serif; color: #000080; font-size: 14px;\">Se pr\u00e9senter lors d&rsquo;une r\u00e9union d&rsquo;affaires dans une langue \u00e9trang\u00e8re<\/span><br \/>\n<span style=\"font-family: verdana, geneva, sans-serif; color: #000080; font-size: 14px;\">Demander \u00e0 quelqu&rsquo;un de r\u00e9p\u00e9ter son nom \u00a0<\/span><br \/>\n<span style=\"font-family: verdana, geneva, sans-serif; color: #000080; font-size: 14px;\">Pr\u00e9senter son patron \u00e0 un client \u00a0<\/span><br \/>\n<span style=\"font-family: verdana, geneva, sans-serif; color: #000080; font-size: 14px;\">Saluer son coll\u00e8gue de travail le matin<\/span><br \/>\n<span style=\"font-family: verdana, geneva, sans-serif; color: #000080; font-size: 14px;\">Exprimer son opinion \u00a0<\/span><br \/>\n<span style=\"font-family: verdana, geneva, sans-serif; color: #000080; font-size: 14px;\">Se pr\u00e9parer \u00e0 rencontrer des clients dans un pays \u00e9tranger<\/span><br \/>\n<span style=\"font-family: verdana, geneva, sans-serif; color: #000080; font-size: 14px;\">Planifier une r\u00e9union d&rsquo;affaires dans une langue \u00e9trang\u00e8re\u00a0<\/span><br \/>\n<span style=\"font-family: verdana, geneva, sans-serif; color: #000080; font-size: 14px;\">Quitter son bureau \u00e0 la fin de la journ\u00e9e<\/span><br \/>\n<span style=\"font-family: verdana, geneva, sans-serif; color: #000080; font-size: 14px;\">Le dernier jour avant les vacances dans un bureau \u00e0 l&rsquo;\u00e9tranger (par exemple)<\/span><br \/>\n<span style=\"font-family: verdana, geneva, sans-serif; color: #000080; font-size: 14px;\">Demander des informations commerciales simples \u00a0<\/span><br \/>\n<span style=\"font-family: verdana, geneva, sans-serif; color: #000080; font-size: 14px;\">Demander des informations sur les proc\u00e9dures administratives du pays \u00e9tranger d&rsquo;accueil<\/span><br \/>\n<span style=\"font-family: verdana, geneva, sans-serif; color: #000080; font-size: 14px;\">Demander de l&rsquo;aide dans une situation professionnelle difficile dans le pays d&rsquo;accueil\u00a0<\/span><br \/>\n<span style=\"font-family: verdana, geneva, sans-serif; color: #000080; font-size: 14px;\">Comment demander une personne pr\u00e9cise au t\u00e9l\u00e9phone\u00a0<\/span><br \/>\n<span style=\"font-family: verdana, geneva, sans-serif; color: #000080; font-size: 14px;\">S&rsquo;excuser en cas d&rsquo;oubli\u00a0<\/span><br \/>\n<span style=\"font-family: verdana, geneva, sans-serif; color: #000080; font-size: 14px;\">Interrompre et sugg\u00e9rer des alternatives \u00a0<\/span><br \/>\n<span style=\"font-family: verdana, geneva, sans-serif; color: #000080; font-size: 14px;\">Demander un cong\u00e9 dans la langue parl\u00e9e de l&rsquo;entreprise internationale\u00a0<\/span><br \/>\n<span style=\"font-family: verdana, geneva, sans-serif; color: #000080; font-size: 14px;\">Expliquer une absence au bureau \u00a0<\/span><br \/>\n<span style=\"font-family: verdana, geneva, sans-serif; color: #000080; font-size: 14px;\">S&rsquo;excuser dans un contexte professionnel \u00e9tranger\u00a0<\/span><br \/>\n<span style=\"font-family: verdana, geneva, sans-serif; color: #000080; font-size: 14px;\">Arriver \u00e0 un rendez-vous et pr\u00e9venir la r\u00e9ceptionniste<\/span><br \/>\n<span style=\"font-family: verdana, geneva, sans-serif; color: #000080; font-size: 14px;\">Demander son chemin dans un bureau<\/span><br \/>\n<span style=\"font-family: verdana, geneva, sans-serif; color: #000080; font-size: 14px;\">Offrir un cadeau dans un contexte professionnel de relations avec des \u00e9trangers\u00a0<\/span><br \/>\n<span style=\"font-family: verdana, geneva, sans-serif; color: #000080; font-size: 14px;\">Laisser un message \u00e0 un coll\u00e8gue<\/span><br \/>\n<span style=\"font-family: verdana, geneva, sans-serif; color: #000080; font-size: 14px;\">Proposer une invitation&#8230;\u00a0<\/span><\/p>\n<h3 style=\"font-weight: 400;\"><span style=\"color: #000080; font-size: 20px; font-family: verdana, geneva, sans-serif;\"><strong>Niveau 2<\/strong> interm\u00e9diaire \u00e0 interm\u00e9diaire fort B1\/B2 \u2192 le stagiaire a acquis et d\u00e9velopp\u00e9 les bases de la langue de tous les jours et des \u00e9changes professionnels au niveau A2\/B1 ou plus.\u00a0<\/span><\/h3>\n<p><span style=\"font-family: verdana, geneva, sans-serif; color: #000080; font-size: 14px;\">\u2666 LA RECHERCHE D&rsquo;UN EMPLOI \/ CV<\/span><br \/>\n<span style=\"font-family: verdana, geneva, sans-serif; color: #000080; font-size: 14px;\">Obtenir des informations par t\u00e9l\u00e9phone<\/span><br \/>\n<span style=\"font-family: verdana, geneva, sans-serif; color: #000080; font-size: 14px;\">Entretien d&#8217;embauche<\/span><br \/>\n<span style=\"font-family: verdana, geneva, sans-serif; color: #000080; font-size: 14px;\">Premier jour de travail<\/span><\/p>\n<p><span style=\"font-family: verdana, geneva, sans-serif; color: #000080; font-size: 14px;\">\u2666 RENCONTRER DES CLIENTS<\/span><br \/>\n<span style=\"font-family: verdana, geneva, sans-serif; color: #000080; font-size: 14px;\">Organiser une r\u00e9union<\/span><br \/>\n<span style=\"font-family: verdana, geneva, sans-serif; color: #000080; font-size: 14px;\">Accueillir des invit\u00e9s<\/span><br \/>\n<span style=\"font-family: verdana, geneva, sans-serif; color: #000080; font-size: 14px;\">Pr\u00e9sentation d&rsquo;un produit<\/span><br \/>\n<span style=\"font-family: verdana, geneva, sans-serif; color: #000080; font-size: 14px;\">D\u00e9jeuner d&rsquo;affaires<\/span><\/p>\n<p><span style=\"font-family: verdana, geneva, sans-serif; color: #000080; font-size: 14px;\">\u2666 VOYAGE D&rsquo;AFFAIRES<\/span><br \/>\n<span style=\"font-family: verdana, geneva, sans-serif; color: #000080; font-size: 14px;\">Obtenir des informations sur le Centre de foires<\/span><br \/>\n<span style=\"font-family: verdana, geneva, sans-serif; color: #000080; font-size: 14px;\">Informations sur les compagnies a\u00e9riennes<\/span><br \/>\n<span style=\"font-family: verdana, geneva, sans-serif; color: #000080; font-size: 14px;\">Dans l&rsquo;avion et \u00e0 l&rsquo;a\u00e9roport<\/span><br \/>\n<span style=\"font-family: verdana, geneva, sans-serif; color: #000080; font-size: 14px;\">\u00c0 la r\u00e9ception de l&rsquo;h\u00f4tel<\/span><\/p>\n<p><span style=\"font-family: verdana, geneva, sans-serif; color: #000080; font-size: 14px;\">\u2666AU BUREAU<\/span><br \/>\n<span style=\"font-family: verdana, geneva, sans-serif; color: #000080; font-size: 14px;\">N\u00e9gociations<\/span><br \/>\n<span style=\"font-family: verdana, geneva, sans-serif; color: #000080; font-size: 14px;\">R\u00e9union du personnel<\/span><br \/>\n<span style=\"font-family: verdana, geneva, sans-serif; color: #000080; font-size: 14px;\">R\u00e9pondre au t\u00e9l\u00e9phone au bureau<\/span><br \/>\n<span style=\"font-family: verdana, geneva, sans-serif; color: #000080; font-size: 14px;\">Pr\u00e9sentation de l&rsquo;entreprise<\/span><\/p>\n<p><span style=\"font-family: verdana, geneva, sans-serif; color: #000080; font-size: 14px;\">\u2666 RENFORCEMENT STRUCTURES DE LA PHRASE<\/span><br \/>\n<span style=\"font-family: verdana, geneva, sans-serif; color: #000080; font-size: 14px;\">Grammaire, orthographe \u00a0et expressions utiles<\/span><br \/>\n<span style=\"font-family: verdana, geneva, sans-serif; color: #000080; font-size: 14px;\">Prononciation et comment lancer puis maintenir la discussion selon son propre niveau de communication<\/span><br \/>\n<span style=\"font-family: verdana, geneva, sans-serif; color: #000080; font-size: 14px;\">Relier les expressions, les diversifier pour rendre le discours plus attractif<\/span><\/p>\n<h3 style=\"font-weight: 400;\"><span style=\"color: #000080; font-size: 20px; font-family: verdana, geneva, sans-serif;\">Niveau 3 autonome expert C1\/C2 \u2192 perfectionnement selon besoins du stagiaire et introduction de nouvelles expressions idiomatiques\u00a0<\/span><\/h3>\n<p><span style=\"font-family: verdana, geneva, sans-serif; color: #000080; font-size: 14px;\">Le stagiaire approfondit ses structures grammaticales, enrichit son lexique d&rsquo;expressions idiomatiques et construit un discours plus \u00e9labor\u00e9 sur des sujets divers communs \u00e0 tr\u00e8s sp\u00e9cifiques qu&rsquo;il peut choisir selon ses besoins et objectifs individuels.<\/span><\/p>\n<p><span style=\"color: #000080; font-family: verdana, geneva, sans-serif; font-size: 14px;\">Expression orale sophistiqu\u00e9e<\/span><br \/>\n<span style=\"color: #000080; font-family: verdana, geneva, sans-serif; font-size: 14px;\">Argumentation et d\u00e9bat avanc\u00e9s<\/span><br \/>\n<span style=\"color: #000080; font-family: verdana, geneva, sans-serif; font-size: 14px;\">Communication interculturelle et professionnelle<\/span><br \/>\n<span style=\"color: #000080; font-family: verdana, geneva, sans-serif; font-size: 14px;\">Pr\u00e9sentations formelles et prise de parole en public<\/span><br \/>\n<span style=\"color: #000080; font-family: verdana, geneva, sans-serif; font-size: 14px;\">Synth\u00e8se orale et analyse critique<\/span><br \/>\n<span style=\"color: #000080; font-family: verdana, geneva, sans-serif; font-size: 14px;\">Analyse et interpr\u00e9tation de documents complexes<\/span><br \/>\n<span style=\"color: #000080; font-family: verdana, geneva, sans-serif; font-size: 14px;\">R\u00e9daction professionnelle et acad\u00e9mique : rapports, essais et propositions<\/span><br \/>\n<span style=\"color: #000080; font-family: verdana, geneva, sans-serif; font-size: 14px;\">Interaction interculturelle et collaboration avec des \u00e9quipes internationales<\/span><br \/>\n<span style=\"color: #000080; font-family: verdana, geneva, sans-serif; font-size: 14px;\">Projet final \u00a0: d\u00e9bat, pr\u00e9sentation et production \u00e9crite complexe<\/span><br \/>\n<span style=\"color: #000080; font-family: verdana, geneva, sans-serif; font-size: 14px;\">Pratique avanc\u00e9e de la langue, jeux de mots et blagues<\/span><br \/>\n<span style=\"color: #000080; font-family: verdana, geneva, sans-serif; font-size: 14px;\">Pr\u00e9paration aux tests B2 + \u00e0C1\/C2 <\/span><br \/>\n<span style=\"color: #000080; font-family: verdana, geneva, sans-serif; font-size: 14px;\">\u00c9valuation &amp; Certification<\/span><\/p>\n<p>&nbsp;<\/p>\n<p><img loading=\"lazy\" decoding=\"async\" class=\"alignnone size-medium wp-image-18382\" src=\"https:\/\/www.leslanguessansstress.fr\/wp-content\/uploads\/2025\/08\/Qualiopi-Mon-compte-formation-2025-300x87.jpg\" alt=\"\" width=\"300\" height=\"87\" srcset=\"https:\/\/www.leslanguessansstress.fr\/wp-content\/uploads\/2025\/08\/Qualiopi-Mon-compte-formation-2025-300x87.jpg 300w, https:\/\/www.leslanguessansstress.fr\/wp-content\/uploads\/2025\/08\/Qualiopi-Mon-compte-formation-2025-1024x296.jpg 1024w, https:\/\/www.leslanguessansstress.fr\/wp-content\/uploads\/2025\/08\/Qualiopi-Mon-compte-formation-2025-768x222.jpg 768w, https:\/\/www.leslanguessansstress.fr\/wp-content\/uploads\/2025\/08\/Qualiopi-Mon-compte-formation-2025.jpg 1322w\" sizes=\"auto, (max-width: 300px) 100vw, 300px\" \/><\/p>\n<h2 style=\"font-weight: 400;\"><span style=\"color: #ff6600; font-size: 20px; font-family: verdana, geneva, sans-serif;\">Activez votre budget CPF et suivez une formation certifiante sans stress en langue courante dans un contexte professionnel<\/span><\/h2>\n<p><span style=\"color: #000080; font-family: verdana, geneva, sans-serif;\"><a href=\"https:\/\/www.leslanguessansstress.fr\/index.php\/contact\/\" target=\"_blank\" rel=\"noopener\"><span style=\"font-size: 14px;\">Contactez la formatrice<\/span><\/a><span style=\"font-size: 14px;\"> ou visitez <a href=\"https:\/\/www.moncompteformation.gouv.fr\/espace-prive\/html\/#\/formation\/recherche\" target=\"_blank\" rel=\"noopener\">MON COMPTE FORMATION &#8211; CPF<\/a> pour une devis et programme personnalis\u00e9s \u00e0 vos besoins et contraintes \u00e9ligible au financement CPF\u00a0<\/span><\/span><\/p>\n<h4 style=\"font-weight: 400;\"><span style=\"color: #000080; font-size: 14px; font-family: verdana, geneva, sans-serif;\">Notre organisme de formation prend en charge les frais de votre inscription au test de certification et votre pr\u00e9paration.<\/span><br \/>\n<span style=\"color: #000080; font-size: 14px; font-family: verdana, geneva, sans-serif;\">Information compl\u00e8te sur nos prestations et modalit\u00e9s de formation simple \u00e0 certifiante \u2192 <a href=\"https:\/\/www.leslanguessansstress.fr\/index.php\/2025\/08\/16\/livret-daccueil-du-stagiaire\/\" target=\"_blank\" rel=\"noopener\">Livret d&rsquo;accueil<\/a><\/span><\/h4>\n<h4 style=\"font-weight: 400;\"><span style=\"color: #000080; font-size: 16px; font-family: verdana, geneva, sans-serif;\">Besoins en <a href=\"https:\/\/au-top-sans-stress.fr\/gestion-du-stress\/\" target=\"_blank\" rel=\"noopener\">gestion du stress<\/a> et <a href=\"https:\/\/au-top-sans-stress.fr\/developpement-personnel\/\" target=\"_blank\" rel=\"noopener\">renforcement de la concentration<\/a> ou <a href=\"https:\/\/au-top-sans-stress.fr\/preparation-mentale\/\" target=\"_blank\" rel=\"noopener\">pr\u00e9paration mentale<\/a> \u2014&gt; <strong><a href=\"https:\/\/www.leslanguessansstress.fr\/index.php\/contact\/\" target=\"_blank\" rel=\"noopener\">Nous contacter<\/a><\/strong><\/span><\/h4>\n<h4 style=\"font-weight: 400;\"><\/h4>\n","protected":false},"excerpt":{"rendered":"<p>Programme de langues courantes en milieu professionnel\u00a0 \u00a0Le programme ci-dessous est adaptable dans la langue<\/p>\n","protected":false},"author":1,"featured_media":10475,"comment_status":"closed","ping_status":"open","sticky":false,"template":"","format":"standard","meta":{"footnotes":""},"categories":[80,348,432,371],"tags":[112,108,574,573,553,113,552,701],"class_list":["post-18409","post","type-post","status-publish","format-standard","has-post-thumbnail","hentry","category-actualites","category-cpf-certificats","category-langues","category-programme","tag-allemand","tag-anglais","tag-cpf","tag-espagnol","tag-francais-fle","tag-italien","tag-langue-pro","tag-personnalisation-programme"],"_links":{"self":[{"href":"https:\/\/www.leslanguessansstress.fr\/index.php\/wp-json\/wp\/v2\/posts\/18409","targetHints":{"allow":["GET"]}}],"collection":[{"href":"https:\/\/www.leslanguessansstress.fr\/index.php\/wp-json\/wp\/v2\/posts"}],"about":[{"href":"https:\/\/www.leslanguessansstress.fr\/index.php\/wp-json\/wp\/v2\/types\/post"}],"author":[{"embeddable":true,"href":"https:\/\/www.leslanguessansstress.fr\/index.php\/wp-json\/wp\/v2\/users\/1"}],"replies":[{"embeddable":true,"href":"https:\/\/www.leslanguessansstress.fr\/index.php\/wp-json\/wp\/v2\/comments?post=18409"}],"version-history":[{"count":8,"href":"https:\/\/www.leslanguessansstress.fr\/index.php\/wp-json\/wp\/v2\/posts\/18409\/revisions"}],"predecessor-version":[{"id":18418,"href":"https:\/\/www.leslanguessansstress.fr\/index.php\/wp-json\/wp\/v2\/posts\/18409\/revisions\/18418"}],"wp:featuredmedia":[{"embeddable":true,"href":"https:\/\/www.leslanguessansstress.fr\/index.php\/wp-json\/wp\/v2\/media\/10475"}],"wp:attachment":[{"href":"https:\/\/www.leslanguessansstress.fr\/index.php\/wp-json\/wp\/v2\/media?parent=18409"}],"wp:term":[{"taxonomy":"category","embeddable":true,"href":"https:\/\/www.leslanguessansstress.fr\/index.php\/wp-json\/wp\/v2\/categories?post=18409"},{"taxonomy":"post_tag","embeddable":true,"href":"https:\/\/www.leslanguessansstress.fr\/index.php\/wp-json\/wp\/v2\/tags?post=18409"}],"curies":[{"name":"wp","href":"https:\/\/api.w.org\/{rel}","templated":true}]}}