{"id":18281,"date":"2025-09-29T15:03:50","date_gmt":"2025-09-29T13:03:50","guid":{"rendered":"https:\/\/www.leslanguessansstress.fr\/?p=18281"},"modified":"2025-09-29T19:12:23","modified_gmt":"2025-09-29T17:12:23","slug":"certification-le-robert","status":"publish","type":"post","link":"https:\/\/www.leslanguessansstress.fr\/index.php\/2025\/09\/29\/certification-le-robert\/","title":{"rendered":"Certification Le Robert"},"content":{"rendered":"<p style=\"font-weight: 400;\"><span style=\"font-family: verdana, geneva, sans-serif; color: #0000ff; font-size: 14px;\"><span style=\"color: #000080;\">Texte lu de pr\u00e9f\u00e9rence depuis un ordinateur <\/span><\/span><\/p>\n<h1 style=\"font-weight: 400;\"><span style=\"font-family: verdana, geneva, sans-serif; color: #0000ff; font-size: 24px;\">Perfectionnez vos \u00e9crits et certifiez votre niveau de fran\u00e7ais sans stress<\/span><\/h1>\n<h4 style=\"font-weight: 400;\"><span style=\"color: #000080; font-size: 20px; font-family: verdana, geneva, sans-serif;\">Objectifs<\/span><\/h4>\n<p><span style=\"color: #000080; font-family: verdana, geneva, sans-serif; font-size: 14px;\">&#8211; Ecrire avec plus d&rsquo;assurance en mettant en place l&rsquo;autocorrection \u00a0 \u00a0 \u00a0\u00a0<\/span><br \/>\n<span style=\"color: #000080; font-family: verdana, geneva, sans-serif; font-size: 14px;\">&#8211; Revoir et approfondir les r\u00e8gles de grammaire\u00a0<\/span><br \/>\n<span style=\"color: #000080; font-family: verdana, geneva, sans-serif; font-size: 14px;\">&#8211; Enrichir son vocabulaire et am\u00e9liorer son orthographe \u00a0<\/span><br \/>\n<span style=\"color: #000080; font-family: verdana, geneva, sans-serif; font-size: 14px;\">&#8211; Gagner en autonomie dans les \u00e9crits professionnels et personnels (e-mails, courriers, rapports, r\u00e9seaux sociaux\u2026)\u00a0<\/span><br \/>\n<span style=\"color: #000080; font-family: verdana, geneva, sans-serif; font-size: 14px;\">&#8211; Attester de ses comp\u00e9tences en fran\u00e7ais \u00e9crit avec la Certification Le Robert.<\/span><\/p>\n<h4 style=\"font-weight: 400;\"><span style=\"color: #000080; font-size: 20px; font-family: verdana, geneva, sans-serif;\">Points forts<\/span><\/h4>\n<p><span style=\"color: #000080; font-family: verdana, geneva, sans-serif; font-size: 14px;\">Parcours personnalisable \u00e0 votre profil d&rsquo;apprenant que vous soyez un candidat de langue maternelle fran\u00e7aise ou \u00e9trang\u00e8re avec un niveau seuil ou plus \u00e0 perfectionner. Adaptation du niveau aux besoins d\u00e9cel\u00e9s pour aller droit au but sans perdre de temps \u00e0 r\u00e9viser ce que vous connaissez d\u00e9j\u00e0! Formatrice patiente et enjou\u00e9e. Activit\u00e9s ludiques ax\u00e9es sur la construction des phrases et s\u00e9ances antistress cibl\u00e9es \u00ab\u00a0peur des erreurs r\u00e9currentes\u00a0\u00bb, \u00ab\u00a0peur des tests ou du jugement&rsquo;, am\u00e9lioration de la concentration et de la m\u00e9morisation, renforcement de la confiance en soi&#8230;<\/span><\/p>\n<h4 style=\"font-weight: 400;\"><span style=\"color: #000080; font-size: 20px; font-family: verdana, geneva, sans-serif;\">R\u00e9sultats attendus<\/span><\/h4>\n<p><span style=\"color: #000080; font-family: verdana, geneva, sans-serif; font-size: 14px;\">Valider une progression entre le d\u00e9but et la fin de votre formation selon les niveaux et le\u00e7ons suivies.<\/span><br \/>\n<span style=\"color: #000080; font-family: verdana, geneva, sans-serif; font-size: 14px;\">Reprendre confiance en soi en am\u00e9liorant son expression \u00e9crite au quotidien et dans les \u00e9changes professionnels.<\/span><br \/>\n<span style=\"font-family: verdana, geneva, sans-serif;\"><strong><span style=\"color: #000080;\"><span style=\"font-size: 14px;\">Selon le <\/span><span style=\"caret-color: #000080; font-size: 14px;\">module<\/span><span style=\"font-size: 14px;\"> suivi et vos objectifs, vous pourrez, \u00e0 des niveaux de maitrise diff\u00e9rents :<\/span><\/span><\/strong><\/span><br \/>\n<span style=\"color: #000080; font-family: verdana, geneva, sans-serif; font-size: 14px;\">\u00a0 \u00a0Identifier le genre des noms et \u00e9crire correctement les mots (singulier et pluriel, masculin et f\u00e9minin).<\/span><br \/>\n<span style=\"color: #000080; font-family: verdana, geneva, sans-serif; font-size: 14px;\">\u00a0 \u00a0Diff\u00e9rencier et \u00e9crire correctement les homophones lexicaux et grammaticaux.<\/span><br \/>\n<span style=\"color: #000080; font-family: verdana, geneva, sans-serif; font-size: 14px;\">\u00a0 \u00a0Conjuguer correctement les verbes en respectant les temps et les modes de la conjugaison.<\/span><br \/>\n<span style=\"color: #000080; font-family: verdana, geneva, sans-serif; font-size: 14px;\">\u00a0 \u00a0Respecter les r\u00e8gles d\u2019accord (participe pass\u00e9, accord sujet-verbe, groupe du nom).<\/span><br \/>\n<span style=\"color: #000080; font-family: verdana, geneva, sans-serif; font-size: 14px;\">\u00a0 \u00a0Attribuer aux mots leur sens commun\u00e9ment admis.<\/span><br \/>\n<span style=\"color: #000080; font-family: verdana, geneva, sans-serif; font-size: 14px;\">\u00a0 \u00a0Employer le registre de langage appropri\u00e9 \u00e0 la situation de r\u00e9daction.<\/span><br \/>\n<span style=\"color: #000080; font-family: verdana, geneva, sans-serif; font-size: 14px;\">\u00a0 \u00a0Construire des phrases en employant les mots-outils ad\u00e9quats.<\/span><br \/>\n<span style=\"color: #000080; font-family: verdana, geneva, sans-serif; font-size: 14px;\">\u00a0 \u00a0Enrichir vos \u00e9crits en variant votre style et la structure de vos phrases.<\/span><br \/>\n<span style=\"color: #000080; font-family: verdana, geneva, sans-serif; font-size: 14px;\">\u00a0 \u00a0Construire des phrases grammaticalement correctes.<\/span><br \/>\n<span style=\"color: #000080; font-family: verdana, geneva, sans-serif; font-size: 14px;\">Vous serez parfaitement pr\u00e9par\u00e9 \u00e0 la passation sans stress du test de certification en ligne selon votre niveau personnel atteint dans les divers modules d&rsquo;entrainement suivis pendant la formation.<\/span><\/p>\n<h4 style=\"font-weight: 400;\"><span style=\"color: #000080; font-size: 16px; font-family: verdana, geneva, sans-serif;\"><span style=\"font-size: 20px;\">Contenu<\/span>\u00a0<\/span><\/h4>\n<p><span style=\"color: #000080; font-family: verdana, geneva, sans-serif; font-size: 14px;\">\u2013 Un manuel et des extraits de textes, exercices cibl\u00e9s par th\u00e8me ou erreurs r\u00e9currentes, courriers divers, vos propres documents et\/ou un acc\u00e8s \u00e0 la plateforme e-learning Orthodidacte d\u00e9di\u00e9e \u00e0 la langue fran\u00e7aise contiennent le diagnostic, votre parcours guid\u00e9, une vaste biblioth\u00e8que de cours et exercices d&rsquo;entra\u00eenement avec explications des r\u00e8gles, jeux et annales. <a href=\"https:\/\/www.orthodidacte.com\/categories\/regles-dorthographe\/\" target=\"_blank\" rel=\"noopener\">Extraits de Orthodidacte<\/a><\/span><\/p>\n<p><span style=\"color: #000080; font-family: verdana, geneva, sans-serif; font-size: 14px;\">\u2013 Une gestion de votre temps d&rsquo;\u00e9tude en accord avec vos agendas personnel\/professionnel gr\u00e2ce \u00e0 notre parcours personnalis\u00e9 qui commence par un diagnostic de vos connaissances avec adaptation \u00e0 vos besoins individuels d\u00e9tect\u00e9s en fran\u00e7ais : grammaire, conjugaison, orthographe, lexique et syntaxe.<\/span><br \/>\n<span style=\"color: #000080; font-family: verdana, geneva, sans-serif; font-size: 14px;\">Votre niveau sera automatiquement ajust\u00e9 \u00e0 vos besoins imm\u00e9diats tout en vous laissant la possibilit\u00e9 de revoir des r\u00e8gles et de vous entrainer \u00e0 tous les niveaux si vous le souhaitez selon les th\u00e8mes qui vous int\u00e9ressent et le niveau de certification vis\u00e9.<\/span><\/p>\n<p><span style=\"color: #000080; font-family: verdana, geneva, sans-serif; font-size: 14px;\">\u2013 Vous \u00eates soutenu dans votre \u00e9tude par une formatrice d\u00e9di\u00e9e tout au long de votre session. Selon le diagnostic, ce programme de perfectionnement n\u00e9cessite entre 20 et 75 heures d&rsquo;\u00e9tude &#8211; voir propositions plus bas. <\/span><\/p>\n<p><span style=\"color: #000080; font-family: verdana, geneva, sans-serif; font-size: 14px;\">\u2013 L&rsquo;inscription au certificat LE ROBERT peut \u00eatre comprise dans les frais de votre formation avec le passage du test \u00e0 une date fix\u00e9e selon votre agenda avant la fin de votre formation suivi d&rsquo;un retour sur r\u00e9sultats. <\/span><\/p>\n<h2><span style=\"font-family: verdana, geneva, sans-serif;\"><img loading=\"lazy\" decoding=\"async\" class=\"alignnone size-medium wp-image-14157 aligncenter\" src=\"https:\/\/www.leslanguessansstress.fr\/wp-content\/uploads\/2022\/10\/Mon-compte-formation-CPF-les-langues-sans-stress-300x159.jpg\" alt=\"\" width=\"300\" height=\"159\" srcset=\"https:\/\/www.leslanguessansstress.fr\/wp-content\/uploads\/2022\/10\/Mon-compte-formation-CPF-les-langues-sans-stress-300x159.jpg 300w, https:\/\/www.leslanguessansstress.fr\/wp-content\/uploads\/2022\/10\/Mon-compte-formation-CPF-les-langues-sans-stress.jpg 646w\" sizes=\"auto, (max-width: 300px) 100vw, 300px\" \/><\/span><\/h2>\n<h1 style=\"font-weight: 400;\"><span style=\"font-family: verdana, geneva, sans-serif; color: #0000ff; font-size: 20px;\">Formation Orthodidacte visant la certification Le Robert en fran\u00e7ais sans stress \u00e9ligible au financement CPF avec soutien individualis\u00e9<\/span><\/h1>\n<p><span style=\"font-size: 14px; font-family: verdana, geneva, sans-serif;\"><span style=\"color: #000080;\"><span style=\"color: #000080; font-family: verdana, geneva, sans-serif; font-size: 14px;\">Certifier ses nouveaux acquis selon le niveau de parcours attribu\u00e9 apr\u00e8s avoir pass\u00e9 l\u2019\u00e9valuation diagnostique Orthodidacte. \u00a0<\/span><\/span><\/span><\/p>\n<p><span style=\"font-size: 14px; font-family: verdana, geneva, sans-serif;\"><span style=\"color: #000080;\">Nous vous conseillons une pr\u00e9paration depuis la plate-forme <a href=\"https:\/\/www.orthodidacte.com\/\" target=\"_blank\" rel=\"noopener\">ORTHODIDACTE<\/a> pour de meilleurs r\u00e9sultats au test de <a href=\"https:\/\/certification.lerobert.com\/qu-est-ce-que-la-certification-le-robert\/#:~:text=La%2520Certification%2520Le%2520Robert%2520est,fran\u00e7ais%252C%2520notamment%2520en%2520milieu%2520professionnel.\" target=\"_blank\" rel=\"noopener\">certification LE ROBERT<\/a>.<\/span><\/span><\/p>\n<p><span style=\"font-size: 14px; font-family: verdana, geneva, sans-serif;\"><span style=\"color: #000080;\">D\u00e8s la premi\u00e8re connexion, un diagnostic de 140 questions vous positionne sur une \u00e9chelle de <\/span><span style=\"color: #000080;\">niveaux (de 1 \u00e0 4). <\/span><span style=\"color: #000080;\">Un niveau de parcours vous est alors attribu\u00e9 avec un objectif \u00e0 atteindre <\/span><span style=\"color: #000080;\">(terminer le niveau du parcours attribu\u00e9 <\/span><span style=\"color: #000080;\">compos\u00e9 de plusieurs s\u00e9quences, qui comportent chacune diff\u00e9rents th\u00e8mes).<\/span><\/span><br \/>\n<span style=\"font-family: verdana, geneva, sans-serif; color: #000080; font-size: 14px;\">L&rsquo;apprenant avance dans son parcours et suit sa progression.<\/span><br \/>\n<span style=\"font-size: 14px; font-family: verdana, geneva, sans-serif;\"><span style=\"color: #000080;\">Chaque th\u00e8me comprend un cours, compl\u00e9t\u00e9 par une s\u00e9rie d&rsquo;exercices. Les exercices sont attribu\u00e9s <\/span><span style=\"color: #000080;\">en fonction des zones de fragilit\u00e9 d\u00e9tect\u00e9es lors du diagnostic.<\/span><\/span><\/p>\n<p><span style=\"font-family: verdana, geneva, sans-serif; color: #000080; font-size: 14px;\">En bref :<\/span><br \/>\n<span style=\"font-family: verdana, geneva, sans-serif; color: #000080; font-size: 14px;\">\u2022 Un diagnostic pour valider les acquis et d\u00e9cel\u00e9s les besoins\u00a0<\/span><br \/>\n<span style=\"font-family: verdana, geneva, sans-serif; color: #000080; font-size: 14px;\">\u2022 10 formes d&rsquo;exercices diff\u00e9rentes<\/span><br \/>\n<span style=\"font-family: verdana, geneva, sans-serif; color: #000080; font-size: 14px;\">\u2022 Biblioth\u00e8que de cours et exercices en acc\u00e8s libre<\/span><br \/>\n<span style=\"font-size: 14px; font-family: verdana, geneva, sans-serif;\"><span style=\"color: #000080;\">\u2022 9 comp\u00e9tences, 45 sous-comp\u00e9tences et 275 <\/span><span style=\"color: #000080;\">th\u00e8mes abord\u00e9s<\/span><\/span><br \/>\n<span style=\"font-family: verdana, geneva, sans-serif; color: #000080; font-size: 14px;\">\u2022 200 vid\u00e9os<\/span><br \/>\n<span style=\"font-family: verdana, geneva, sans-serif; color: #000080; font-size: 14px;\">\u2022 Jeux<\/span><\/p>\n<p><span style=\"font-size: 14px; font-family: verdana, geneva, sans-serif;\"><strong><span style=\"color: #0000ff;\"><span style=\"color: #000080;\">\u2666 PROGRAMME DU PARCOURS\u00a0<\/span><\/span><\/strong><\/span><\/p>\n<p><span style=\"font-family: verdana, geneva, sans-serif; color: #000080; font-size: 14px;\">Identifier le genre des noms et \u00e9crire correctement les mots (singulier et pluriel, masculin et f\u00e9minin).\u00a0<\/span><br \/>\n<span style=\"font-family: verdana, geneva, sans-serif; color: #000080; font-size: 14px;\">Diff\u00e9rencier et \u00e9crire correctement les homophones lexicaux et grammaticaux.\u00a0<\/span><br \/>\n<span style=\"font-family: verdana, geneva, sans-serif; color: #000080; font-size: 14px;\">Conjuguer correctement les verbes en respectant les temps et les modes de la conjugaison.\u00a0<\/span><br \/>\n<span style=\"font-family: verdana, geneva, sans-serif; color: #000080; font-size: 14px;\">Respecter les r\u00e8gles d&rsquo;accord (participe pass\u00e9, accord sujet-verbe, groupe du nom).\u00a0<\/span><br \/>\n<span style=\"color: #000080; font-family: verdana, geneva, sans-serif; font-size: 14px;\">Attribuer aux mots leur sens commun\u00e9ment admis.\u00a0<\/span><br \/>\n<span style=\"font-family: verdana, geneva, sans-serif; color: #000080; font-size: 14px;\">Employer le registre de langage appropri\u00e9 \u00e0 la situation de r\u00e9daction.\u00a0<\/span><br \/>\n<span style=\"color: #000080; font-family: verdana, geneva, sans-serif; font-size: 14px;\">Construire des phrases en employant les mots-outils ad\u00e9quats.\u00a0<\/span><br \/>\n<span style=\"font-family: verdana, geneva, sans-serif; color: #000080; font-size: 14px;\">Enrichir ses \u00e9crits en variant son style et la structure de ses phrases.\u00a0<\/span><br \/>\n<span style=\"color: #000080; font-family: verdana, geneva, sans-serif; font-size: 14px;\">Construire des phrases grammaticalement correctes.\u00a0\u00a0<\/span><\/p>\n<p><span style=\"font-size: 14px; font-family: verdana, geneva, sans-serif;\"><strong><span style=\"color: #0000ff;\"><span style=\"color: #000080;\">\u2666 MODALIT\u00c9S D&rsquo;\u00c9VALUATION<\/span><\/span><\/strong><\/span><\/p>\n<p><span style=\"font-family: verdana, geneva, sans-serif; color: #000080; font-size: 14px;\">D\u00e8s la premi\u00e8re connexion, un diagnostic de 140 questions positionne l&rsquo;apprenant sur une \u00e9chelle de niveaux (de 1 \u00e0 4).\u00a0<\/span><br \/>\n<span style=\"font-family: verdana, geneva, sans-serif; color: #000080; font-size: 14px;\">Un niveau de parcours est alors attribu\u00e9 \u00e0 l&rsquo;apprenant, avec un objectif \u00e0 atteindre (terminer le niveau).\u00a0<\/span><br \/>\n<span style=\"font-family: verdana, geneva, sans-serif; color: #000080; font-size: 14px;\">Le niveau de parcours est compos\u00e9 de plusieurs s\u00e9quences, qui comportent chacune diff\u00e9rents th\u00e8mes.\u00a0<\/span><br \/>\n<span style=\"color: #000080; font-family: verdana, geneva, sans-serif; font-size: 14px;\">L&rsquo;apprenant avance dans son parcours et suit sa progression.\u00a0<\/span><br \/>\n<span style=\"font-family: verdana, geneva, sans-serif; color: #000080; font-size: 14px;\">Chaque th\u00e8me comprend un cours, compl\u00e9t\u00e9 par une s\u00e9rie d&rsquo;exercices. <\/span><br \/>\n<span style=\"font-family: verdana, geneva, sans-serif; color: #000080; font-size: 14px;\">Les exercices sont attribu\u00e9s en fonction des zones de fragilit\u00e9 d\u00e9tect\u00e9es lors du diagnostic.\u00a0<\/span><br \/>\n<span style=\"color: #000080; font-family: verdana, geneva, sans-serif; font-size: 14px;\">En fin d&rsquo;apprentissage une valuation finale est d\u00e9clench\u00e9e.\u00a0<\/span><br \/>\n<span style=\"font-family: verdana, geneva, sans-serif; color: #000080; font-size: 14px;\">L&rsquo;apprenant doit passer la Certification Le Robert afin de certifier ses comp\u00e9tences.\u00a0\u00a0<\/span><\/p>\n<p><span style=\"color: #000080; font-family: verdana, geneva, sans-serif; font-size: 14px;\"><img loading=\"lazy\" decoding=\"async\" class=\"alignnone wp-image-15311 aligncenter\" src=\"https:\/\/www.leslanguessansstress.fr\/wp-content\/uploads\/2023\/08\/France-Competences-300x86.jpg\" alt=\"\" width=\"255\" height=\"73\" srcset=\"https:\/\/www.leslanguessansstress.fr\/wp-content\/uploads\/2023\/08\/France-Competences-300x86.jpg 300w, https:\/\/www.leslanguessansstress.fr\/wp-content\/uploads\/2023\/08\/France-Competences.jpg 708w\" sizes=\"auto, (max-width: 255px) 100vw, 255px\" \/><\/span><\/p>\n<h2><span style=\"font-family: verdana, geneva, sans-serif; color: #000080;\"><span style=\"font-size: 20px;\">Certification<\/span> Le Robert<\/span><\/h2>\n<p><span style=\"font-family: verdana, geneva, sans-serif; color: #000080; font-size: 14px;\">La Certification Le Robert est la premi\u00e8re certification globale en langue fran\u00e7aise. Elle permet d&rsquo;attester de votre niveau de fran\u00e7ais, notamment en milieu professionnel.<\/span><br \/>\n<span style=\"font-family: verdana, geneva, sans-serif; color: #000080; font-size: 14px;\">Un atout incontournable pour votre C.V. !<\/span><br \/>\n<span style=\"font-family: verdana, geneva, sans-serif; color: #000080; font-size: 14px;\">La certification est reconnue par les \u00e9coles, les universit\u00e9s et les employeurs.<\/span><br \/>\n<span style=\"font-family: verdana, geneva, sans-serif; color: #000080; font-size: 14px;\">La Certification en langue fran\u00e7aise Le Robert est inscrite au r\u00e9pertoire sp\u00e9cifique sous la r\u00e9ference RS7013.<\/span><br \/>\n<span style=\"font-family: verdana, geneva, sans-serif; color: #000080; font-size: 14px;\">Certificateur : SEJER<\/span><br \/>\n<span style=\"font-family: verdana, geneva, sans-serif;\"><span style=\"color: #000080;\"><span style=\"font-size: 14px;\">Date d&rsquo;enregistrement de la certification<\/span> :<\/span>\u00a0<span style=\"font-size: 14px;\"><a href=\"https:\/\/www.francecompetences.fr\/recherche\/rs\/7013\/\" target=\"_blank\" rel=\"noopener\"><span style=\"color: #0000ff;\">Fiche France Comp\u00e9tences Test LE ROBERT RS7013 2025-2030<\/span><\/a><\/span><\/span><\/p>\n<p><span style=\"color: #000080;\"><span style=\"font-family: arial, helvetica, sans-serif;\">Pour passer la Certification Le Robert depuis chez vous ou en entreprise, v<\/span><span style=\"font-family: arial, helvetica, sans-serif;\">ous devez avoir une webcam et un micro sur votre ordinateur et avoir v\u00e9rifi\u00e9 les <\/span><\/span><a href=\"https:\/\/documents.certification-le-robert.com\/prerequis_techniques\/Mentions_techniques_Certification_Le_Robert_Surveillance_Talview.pdf\" target=\"_blank\" rel=\"noopener\"><span style=\"font-family: arial, helvetica, sans-serif;\">pr\u00e9requis \u00a0techniques.<\/span><\/a><\/p>\n<h2 style=\"font-weight: 400;\"><span style=\"font-family: verdana, geneva, sans-serif; color: #0000ff; font-size: 20px;\">Interpr\u00e9tation du score obtenu \u00e0 la Certification Le Robert<\/span><\/h2>\n<h4><span style=\"font-family: arial, helvetica, sans-serif; color: #000080;\">Moins de 450 points<\/span><\/h4>\n<p><span style=\"font-family: arial, helvetica, sans-serif; color: #000080;\">La Certification Le Robert n&rsquo;est pas d\u00e9livr\u00e9e. <\/span><br \/>\n<span style=\"font-family: arial, helvetica, sans-serif; color: #000080;\">Afin de communiquer \u00e0 l&rsquo;\u00e9crit dans un cadre professionnel, une formation compl\u00e9mentaire est conseill\u00e9e.<\/span><\/p>\n<h4><span style=\"font-family: arial, helvetica, sans-serif; color: #000080;\">De 450 \u00e0 599 points<\/span><\/h4>\n<p><span style=\"font-family: arial, helvetica, sans-serif; color: #000080;\">Connaissance des r\u00e8gles les plus courantes de la langue fran\u00e7aise. Niveau attendu pour des m\u00e9tiers dont l&rsquo;\u00e9crit n&rsquo;est pas une activit\u00e9 centrale, mais o\u00f9 on peut \u00eatre amen\u00e9 \u00e0 communiquer par \u00e9crit (courriels en interne, \u00e9crits courts) : technicien, ouvrier, agent d&rsquo;accueil, testeur informatique, etc.<\/span><\/p>\n<h4>\n<span style=\"font-family: arial, helvetica, sans-serif; color: #000080;\">De 600 \u00e0 749 points<\/span><\/h4>\n<p><span style=\"font-family: arial, helvetica, sans-serif; color: #000080;\">Aptitude \u00e0 r\u00e9diger et \u00e0 communiquer par \u00e9crit de fa\u00e7on autonome. Niveau attendu pour des postes comportant une activit\u00e9 de r\u00e9daction r\u00e9guli\u00e8re (communication interne et externe) : ing\u00e9nieur, manager, conseiller commercial, graphiste, etc.<\/span><\/p>\n<h4><span style=\"font-family: arial, helvetica, sans-serif; color: #000080;\">De 750 \u00e0 899 points<\/span><\/h4>\n<p><span style=\"font-family: arial, helvetica, sans-serif; color: #000080;\">Aisance en langue fran\u00e7aise. Production et correction fiables de documents de tous types, y compris strat\u00e9giques ou destin\u00e9s \u00e0 un tr\u00e8s large public. Personne r\u00e9f\u00e9rente en mati\u00e8re de langue fran\u00e7aise.<\/span><br \/>\n<span style=\"font-family: arial, helvetica, sans-serif; color: #000080;\">Niveau attendu pour des postes o\u00f9 la r\u00e9daction est au c\u0153ur des t\u00e2ches professionnelles : secr\u00e9taire de direction, t\u00e9l\u00e9conseiller, charg\u00e9 de communication, psychologue, notaire, etc.<\/span><\/p>\n<h4><span style=\"font-family: arial, helvetica, sans-serif; color: #000080;\">900 points et plus<\/span><\/h4>\n<p><span style=\"font-family: arial, helvetica, sans-serif; color: #000080;\">Expertise en langue fran\u00e7aise. Niveau attendu pour les activit\u00e9s professionnelles dans le domaine de la langue fran\u00e7aise : relecteur-correcteur, formateur en langue, \u00e9diteur, etc.<\/span><\/p>\n<p><span style=\"font-size: 14px; font-family: verdana, geneva, sans-serif;\"><span style=\"color: #000080;\">Veuillez prendre connaissance des modalit\u00e9s de nos parcours et du r\u00e8glement int\u00e9rieur avant toute inscription \u00e0 une formation linguistique ou en gestion du stress et hypnose de relaxation en 5 langues : <\/span><strong style=\"color: #000080;\"><span style=\"color: #ff0000;\"><a href=\"https:\/\/www.leslanguessansstress.fr\/index.php\/2025\/05\/13\/livret-daccueil-du-stagiaire\/\" target=\"_blank\" rel=\"noopener\">LIVRET D&rsquo;ACCUEIL DU STAGIAIRE<\/a>\u00a0<\/span><\/strong><\/span><\/p>\n<blockquote><p><span style=\"font-size: 14px; font-family: verdana, geneva, sans-serif;\"><span style=\"color: #000080;\">* L&rsquo;ajustement du tarif des cours permet de modifier la fr\u00e9quence des cours pr\u00e9sentiels et le nombre des entretiens individualis\u00e9s. <\/span><a href=\"https:\/\/www.leslanguessansstress.fr\/index.php\/contact\/\" target=\"_blank\" rel=\"noopener\"><span style=\"color: #000080;\"><strong>Contactez-nous pour un devis<\/strong><\/span><\/a><\/span><\/p><\/blockquote>\n<p><span style=\"color: #000080; font-family: verdana, geneva, sans-serif; font-size: 14px;\">\u00a0<\/span><\/p>\n<h2 style=\"font-weight: 400;\"><span style=\"font-family: verdana, geneva, sans-serif; color: #0000ff; font-size: 20px;\">Montez en comp\u00e9tences dans vos \u00e9crits professionnels en fran\u00e7ais avec les langues sans stress<\/span><\/h2>\n<h3><span style=\"font-size: 14px; font-family: verdana, geneva, sans-serif;\"><strong><span style=\"color: #0000ff;\"><span style=\"color: #000080;\">Moyens et m\u00e9thodes p\u00e9dagogiques<\/span><\/span><\/strong><\/span><\/h3>\n<p><span style=\"color: #000080; font-family: verdana, geneva, sans-serif; font-size: 14px;\">Analyse des besoins avant de commencer la formation.\u00a0<\/span><br \/>\n<span style=\"color: #000080; font-family: verdana, geneva, sans-serif; font-size: 14px;\">Apprentissage \u00e0 distance et individualis\u00e9 sur la base d&rsquo;un diagnostic.\u00a0<\/span><br \/>\n<span style=\"color: #000080; font-family: verdana, geneva, sans-serif; font-size: 14px;\">Formation sur place par formatrice d\u00e9di\u00e9e et en ligne, guid\u00e9e par un parcours unique et intelligent adapt\u00e9 \u00e0 l&rsquo;apprenant.\u00a0<\/span><br \/>\n<span style=\"color: #000080; font-family: verdana, geneva, sans-serif; font-size: 14px;\">Nombreuses formes d&rsquo;apprentissage : QCM, \u00c0 vos mots, \u00c0 vos mots audio, Transformation, Deux par deux, Dict\u00e9e de mots, Phrases \u00e0 trous, etc.\u00a0<\/span><br \/>\n<span style=\"color: #000080; font-family: verdana, geneva, sans-serif; font-size: 14px;\">Evaluation finale r\u00e9alis\u00e9e \u00e0 la fin de la formation et aper\u00e7u de la progression par comp\u00e9tences.\u00a0<\/span><br \/>\n<span style=\"color: #000080; font-family: verdana, geneva, sans-serif; font-size: 14px;\">Passage de la Certification Le Robert \u00e0 l&rsquo;issue de la formation (<span style=\"text-decoration: underline;\">\u00e9tape obligatoire dans le cadre du financement CPF<\/span>).<\/span><\/p>\n<div class=\"panel panel-default\">\n<div id=\"collapseFive\" class=\"panel-collapse collapse show\" role=\"tabpanel\" aria-labelledby=\"headingFive\">\n<div class=\"panel-body\">\n<p><span style=\"color: #000080; font-family: verdana, geneva, sans-serif; font-size: 14px;\">** &#8211; Annales de plusieurs tests Le Robert pour se pr\u00e9parer au format des questions du test. Le candidat doit absolument terminer enti\u00e8rement son programme ORTHODIDACTE d&rsquo;\u00e9tude et renforcement ou perfectionnement en fran\u00e7ais car il ne sera plus accessible une fois le programme d&rsquo;annales Le Robert entam\u00e9 qui pr\u00e9pare le candidat juste avant son examen de 1H30. L&rsquo;examen blanc est aussi d&rsquo;une heure trente et permet de chiffrer le niveau exact acquis avant de passer l&rsquo;examen certifiant. <\/span><\/p>\n<p><span style=\"color: #000080; font-family: verdana, geneva, sans-serif; font-size: 14px;\"><span style=\"text-decoration: underline;\">ASSISTANCE EDUCLEVER<\/span><br \/>\nNotre service clients est joignable du lundi au vendredi de g h \u00e0 10 h 30 et de 16 h \u00e0 17 h 30 :<br \/>\n\u2022 Par e-mail: service.clients@orthodidacte.com<br \/>\n\u2022 Par t\u00e9l\u00e9phone : 09 69 39 57 97<\/span><\/p>\n<h3 style=\"font-weight: 400;\"><span style=\"font-family: verdana, geneva, sans-serif; color: #0000ff; font-size: 14px;\"><span style=\"text-decoration: underline;\"><span style=\"color: #000080; text-decoration: underline;\">SITUATION DE HANDICAP CERTIFICATION &#8211; PLATEFORME LE ROBERT<\/span><\/span><br \/>\n<span style=\"color: #000080;\">contact.handicap@educlever.com<\/span><\/span><\/h3>\n<\/div>\n<\/div>\n<\/div>\n","protected":false},"excerpt":{"rendered":"<p>Texte lu de pr\u00e9f\u00e9rence depuis un ordinateur Perfectionnez vos \u00e9crits et certifiez votre niveau de<\/p>\n","protected":false},"author":1,"featured_media":12141,"comment_status":"closed","ping_status":"open","sticky":false,"template":"","format":"standard","meta":{"footnotes":""},"categories":[80,348,227],"tags":[350,575,574,430,167,553,211,255,620,202,370],"class_list":["post-18281","post","type-post","status-publish","format-standard","has-post-thumbnail","hentry","category-actualites","category-cpf-certificats","category-francais-fle","tag-action-et-jeux-de-role","tag-certification","tag-cpf","tag-formation-professionnelle","tag-francais","tag-francais-fle","tag-gestion-du-stress","tag-grammaire","tag-orthographe","tag-perfectionnement","tag-remise-a-niveau"],"_links":{"self":[{"href":"https:\/\/www.leslanguessansstress.fr\/index.php\/wp-json\/wp\/v2\/posts\/18281","targetHints":{"allow":["GET"]}}],"collection":[{"href":"https:\/\/www.leslanguessansstress.fr\/index.php\/wp-json\/wp\/v2\/posts"}],"about":[{"href":"https:\/\/www.leslanguessansstress.fr\/index.php\/wp-json\/wp\/v2\/types\/post"}],"author":[{"embeddable":true,"href":"https:\/\/www.leslanguessansstress.fr\/index.php\/wp-json\/wp\/v2\/users\/1"}],"replies":[{"embeddable":true,"href":"https:\/\/www.leslanguessansstress.fr\/index.php\/wp-json\/wp\/v2\/comments?post=18281"}],"version-history":[{"count":9,"href":"https:\/\/www.leslanguessansstress.fr\/index.php\/wp-json\/wp\/v2\/posts\/18281\/revisions"}],"predecessor-version":[{"id":18586,"href":"https:\/\/www.leslanguessansstress.fr\/index.php\/wp-json\/wp\/v2\/posts\/18281\/revisions\/18586"}],"wp:featuredmedia":[{"embeddable":true,"href":"https:\/\/www.leslanguessansstress.fr\/index.php\/wp-json\/wp\/v2\/media\/12141"}],"wp:attachment":[{"href":"https:\/\/www.leslanguessansstress.fr\/index.php\/wp-json\/wp\/v2\/media?parent=18281"}],"wp:term":[{"taxonomy":"category","embeddable":true,"href":"https:\/\/www.leslanguessansstress.fr\/index.php\/wp-json\/wp\/v2\/categories?post=18281"},{"taxonomy":"post_tag","embeddable":true,"href":"https:\/\/www.leslanguessansstress.fr\/index.php\/wp-json\/wp\/v2\/tags?post=18281"}],"curies":[{"name":"wp","href":"https:\/\/api.w.org\/{rel}","templated":true}]}}