{"id":18273,"date":"2025-09-04T13:49:50","date_gmt":"2025-09-04T11:49:50","guid":{"rendered":"https:\/\/www.leslanguessansstress.fr\/?p=18273"},"modified":"2025-09-04T18:43:18","modified_gmt":"2025-09-04T16:43:18","slug":"francais-2","status":"publish","type":"post","link":"https:\/\/www.leslanguessansstress.fr\/index.php\/2025\/09\/04\/francais-2\/","title":{"rendered":"FRAN\u00c7AIS"},"content":{"rendered":"<p style=\"font-weight: 400;\"><span style=\"font-family: verdana, geneva, sans-serif; color: #0000ff; font-size: 8px;\"><span style=\"color: #000080; font-family: verdana, geneva, sans-serif;\">Texte lu de pr\u00e9f\u00e9rence depuis un ordinateur <\/span><\/span><\/p>\n<h1 style=\"font-weight: 400;\"><span style=\"font-family: verdana, geneva, sans-serif; color: #0000ff; font-size: 20px;\">Apprenez et perfectionnez votre communication en fran\u00e7ais\u00a0<\/span><\/h1>\n<h3 style=\"font-weight: 400;\"><span style=\"font-family: verdana, geneva, sans-serif; color: #0000ff; font-size: 14px;\"><span style=\"color: #000080;\">Le fran\u00e7ais est une langue tr\u00e8s internationale, parl\u00e9e et pr\u00e9sente partout dans le monde apr\u00e8s l&rsquo;anglais et l&rsquo;espagnol.\u00a0<\/span><\/span><span style=\"font-family: verdana, geneva, sans-serif; color: #0000ff; font-size: 14px;\"><span style=\"color: #000080;\">Am\u00e9liorez votre maitrise avec des cours aux activit\u00e9s ludiques et un accompagnement bienveillant par une formatrice hypnoth\u00e9rapeute d\u00e9di\u00e9e \u00e0 l&rsquo;\u00e9coute de vos besoins ! <\/span><\/span><\/h3>\n<h3 style=\"font-weight: 400;\"><span style=\"font-family: verdana, geneva, sans-serif; color: #0000ff; font-size: 14px;\"><span style=\"color: #000080;\">Les LANGUES SANS STRESS vous propose plusieurs programmes adapt\u00e9s \u00e0 vos besoins et profil d&rsquo;apprenant en fran\u00e7ais langue maternelle (FLM) et en fran\u00e7ais langue \u00e9trang\u00e8re (FLE) ainsi que des cours pour apprendre les bases de la lecture et combattre l&rsquo;illettrisme sans stress.<\/span><\/span><\/h3>\n<p style=\"font-weight: 400;\"><span style=\"font-family: verdana, geneva, sans-serif; color: #0000ff; font-size: 14px;\"><img loading=\"lazy\" decoding=\"async\" class=\"size-medium wp-image-14158 aligncenter\" src=\"https:\/\/www.leslanguessansstress.fr\/wp-content\/uploads\/2022\/10\/mon-compte-formation-audite-par-lApave-qualiopi-2022--300x68.jpg\" alt=\"\" width=\"300\" height=\"68\" srcset=\"https:\/\/www.leslanguessansstress.fr\/wp-content\/uploads\/2022\/10\/mon-compte-formation-audite-par-lApave-qualiopi-2022--300x68.jpg 300w, https:\/\/www.leslanguessansstress.fr\/wp-content\/uploads\/2022\/10\/mon-compte-formation-audite-par-lApave-qualiopi-2022--1024x234.jpg 1024w, https:\/\/www.leslanguessansstress.fr\/wp-content\/uploads\/2022\/10\/mon-compte-formation-audite-par-lApave-qualiopi-2022--768x175.jpg 768w, https:\/\/www.leslanguessansstress.fr\/wp-content\/uploads\/2022\/10\/mon-compte-formation-audite-par-lApave-qualiopi-2022-.jpg 1508w\" sizes=\"auto, (max-width: 300px) 100vw, 300px\" \/><\/span><\/p>\n<h3 style=\"font-weight: 400;\"><span style=\"color: #000080; font-size: 16px; font-family: verdana, geneva, sans-serif;\">Objectifs<\/span><\/h3>\n<p><span style=\"color: #000080; font-family: arial, helvetica, sans-serif; font-size: 14px;\">&#8211; Apprendre et d\u00e9velopper ses connaissances de la langue fran\u00e7aise selon son niveau et ses besoins d\u00e9tect\u00e9s\u00a0<\/span><br \/>\n<span style=\"color: #000080; font-family: arial, helvetica, sans-serif; font-size: 14px;\">&#8211; Revoir et approfondir les r\u00e8gles de grammaire\u00a0<\/span><br \/>\n<span style=\"color: #000080; font-family: arial, helvetica, sans-serif; font-size: 14px;\">&#8211; Enrichir son vocabulaire courant, des voyages et des affaires\u00a0<\/span><br \/>\n<span style=\"color: #000080; font-family: arial, helvetica, sans-serif; font-size: 14px;\">&#8211; Gagner en autonomie et en confiance dans les \u00e9crits professionnels et personnels (e-mails, courriers, rapports, r\u00e9seaux sociaux\u2026)\u00a0<\/span><br \/>\n<span style=\"color: #000080; font-family: arial, helvetica, sans-serif; font-size: 14px;\">&#8211; Attester de ses comp\u00e9tences en fran\u00e7ais \u00e9crit avec la Certification Le Robert ou le Certificat CLO\u00c9 fran\u00e7ais langue \u00e9trang\u00e8re<\/span><\/p>\n<h3 style=\"font-weight: 400;\"><span style=\"color: #000080; font-size: 16px; font-family: verdana, geneva, sans-serif;\">Points forts<\/span><\/h3>\n<p><span style=\"color: #000080; font-family: arial, helvetica, sans-serif; font-size: 14px;\">Parcours personnalisables \u00e0 votre profil d&rsquo;apprenant et besoins d\u00e9cel\u00e9s <\/span><br \/>\n<span style=\"color: #000080; font-family: arial, helvetica, sans-serif; font-size: 14px;\">Formatrice patiente et enjou\u00e9e et dynamique qui saura vous mettre \u00e0 l&rsquo;aise. <\/span><br \/>\n<span style=\"color: #000080; font-family: arial, helvetica, sans-serif; font-size: 14px;\">Activit\u00e9s ludiques antistress cibl\u00e9es \u00ab\u00a0peur des erreurs r\u00e9currentes\u00a0\u00bb, \u00ab\u00a0peur des tests ou du jugement&rsquo;, am\u00e9lioration de la concentration et de la m\u00e9morisation, renforcement de la confiance en soi&#8230;<\/span><\/p>\n<h3 style=\"font-weight: 400;\"><span style=\"color: #000080; font-size: 16px; font-family: verdana, geneva, sans-serif;\">R\u00e9sultats attendus<\/span><\/h3>\n<p><span style=\"color: #000080; font-family: arial, helvetica, sans-serif; font-size: 14px;\">Valider une progression entre le d\u00e9but et la fin de votre formation selon les niveaux et le\u00e7ons suivies.<\/span><br \/>\n<span style=\"color: #000080; font-family: arial, helvetica, sans-serif; font-size: 14px;\">Reprendre confiance en soi en am\u00e9liorant son expression \u00e9crite au quotidien et dans les \u00e9changes professionnels.<\/span><br \/>\n<span style=\"color: #000080; font-family: arial, helvetica, sans-serif;\"><span style=\"font-size: 14px;\">Certifier vos acquis selon votre niveau personnel d&rsquo;\u00e9tude de la langue fran\u00e7aise.<\/span><\/span><span style=\"color: #000080; font-family: arial, helvetica, sans-serif; font-size: 14px;\">.<\/span><\/p>\n<h3 style=\"font-weight: 400;\"><span style=\"color: #000080; font-size: 16px; font-family: verdana, geneva, sans-serif;\">Contenu\u00a0<\/span><\/h3>\n<p><span style=\"color: #000080; font-family: arial, helvetica, sans-serif; font-size: 14px;\">\u2013 Fran\u00e7ais perfectionnement des \u00e9crits \u00a0&#8211; possibilit\u00e9 de valider les acquis \u00a0avec la certification LE ROBERT &#8211; \u00a0formations \u00e9ligibles au financement CPF<\/span><\/p>\n<p><span style=\"color: #000080; font-family: arial, helvetica, sans-serif; font-size: 14px;\">\u2013 Fran\u00e7ais langue \u00e9trang\u00e8re &#8211; tous niveaux de A1 \u00e0 C2 <\/span><span style=\"color: #000080; font-family: arial, helvetica, sans-serif; font-size: 14px;\">\u00a0&#8211; possibilit\u00e9 de valider les acquis avec la certification CLO\u00c9 \u00a0&#8211; \u00a0formations \u00e9ligibles au financement CPF<\/span><\/p>\n<p><span style=\"color: #000080; font-family: arial, helvetica, sans-serif; font-size: 14px;\">\u2013 Ateliers d&rsquo;expression et compr\u00e9hension de la langue fran\u00e7aise avec activit\u00e9s ludiques pour tous<\/span><\/p>\n<p><span style=\"color: #000080; font-family: arial, helvetica, sans-serif; font-size: 14px;\">Des entretiens pr\u00e9sentiels sous hypnose de relaxation sont possibles si votre niveau de stress g\u00e9n\u00e9ral, la peur de passer des tests ou un manque de concentration et de m\u00e9morisation l&rsquo;exigent : n&rsquo;h\u00e9sitez pas \u00e0 en discuter avec votre formatrice hypnoth\u00e9rapeute certifi\u00e9e en pr\u00e9paration mentale.<\/span><\/p>\n<p><span style=\"color: #000080; font-family: arial, helvetica, sans-serif; font-size: 14px;\">\u2013 Cours de fran\u00e7ais pour combattre l&rsquo;illettrisme adapt\u00e9 au profil de l&rsquo;apprenant enfant ou adulte.\u00a0<\/span><\/p>\n<p><span style=\"color: #000080; font-family: arial, helvetica, sans-serif; font-size: 14px;\">\u2013 Fran\u00e7ais sous hypnose de relaxation pour ceux qui veulent se faire du bien sans stress et \u00e0 leur rythme.<\/span><\/p>\n<h2><img loading=\"lazy\" decoding=\"async\" class=\"alignnone size-medium wp-image-14157 aligncenter\" src=\"https:\/\/www.leslanguessansstress.fr\/wp-content\/uploads\/2022\/10\/Mon-compte-formation-CPF-les-langues-sans-stress-300x159.jpg\" alt=\"\" width=\"300\" height=\"159\" srcset=\"https:\/\/www.leslanguessansstress.fr\/wp-content\/uploads\/2022\/10\/Mon-compte-formation-CPF-les-langues-sans-stress-300x159.jpg 300w, https:\/\/www.leslanguessansstress.fr\/wp-content\/uploads\/2022\/10\/Mon-compte-formation-CPF-les-langues-sans-stress.jpg 646w\" sizes=\"auto, (max-width: 300px) 100vw, 300px\" \/><\/h2>\n<h1 style=\"font-weight: 400;\"><span style=\"font-family: verdana, geneva, sans-serif; color: #0000ff; font-size: 20px;\">Activez votre budget CPF pour am\u00e9liorer votre fran\u00e7ais courant et professionnel &#8211; cours avec soutien individualis\u00e9 en pr\u00e9sentiel<\/span><\/h1>\n<p><span style=\"font-size: 14px;\"><span style=\"font-family: arial, helvetica, sans-serif; color: #000080;\">Acc\u00e8s direct \u00e0 nos formations en fran\u00e7ais sur <a href=\"https:\/\/www.moncompteformation.gouv.fr\/espace-prive\/html\/#\/formation\/recherche\/resultats?q=%7B%22ou%22:%7B%22modality%22:%22EN_CENTRE_MIXTE%22,%22type%22:%22CP%22,%22ville%22:%7B%22nom%22:%22LA%20ROCHETTE%22,%22codePostal%22:%2273110%22,%22codeInsee%22:%2273215%22,%22coordonnee%22:%7B%22longitude%22:6.16651,%22latitude%22:45.452435%7D,%22eligibleCpf%22:true%7D%7D,%22debutPagination%22:1,%22nombreOccurences%22:10,%22contexteFormation%22:%22ACTIVITE_PROFESSIONNELLE%22,%22nomOrganisme%22:null,%22conformiteReglementaire%22:null,%22endDate%22:null,%22startDate%22:null,%22evaluation%22:null,%22niveauSortie%22:null,%22minPrix%22:null,%22maxPrix%22:null,%22rythme%22:null,%22onlyWithAbondementsEligibles%22:null,%22durationHours%22:null,%22certifications%22:null,%22distance%22:%225%22,%22quoi%22:null,%22quoiReferentiel%22:%7B%22code%22:%2215281%22,%22libelle%22:%22PERFECTIONNEMENT%20FRANCAIS%22,%22type%22:%22FORMACODE%22,%22publics%22:%5B%22GD_PUBLIC%22%5D%7D%7D\" target=\"_blank\" rel=\"noopener\">MON COMPTE FORMATION<\/a><\/span><\/span><\/p>\n<p><span style=\"font-size: 14px;\"><span style=\"font-family: arial, helvetica, sans-serif; color: #000080;\">D\u00e8s la premi\u00e8re connexion, un diagnostic de 140 questions positionne l&rsquo;apprenant sur une \u00e9chelle de <\/span><span style=\"font-family: arial, helvetica, sans-serif; color: #000080;\">niveaux (de 1 \u00e0 4). <\/span><span style=\"font-family: arial, helvetica, sans-serif; color: #000080;\">Un niveau de parcours est alors attribu\u00e9 \u00e0 l&rsquo;apprenant, avec un objectif \u00e0 atteindre <\/span><span style=\"font-family: arial, helvetica, sans-serif; color: #000080;\">(terminer le niveau). <\/span><span style=\"font-family: arial, helvetica, sans-serif; color: #000080;\">Le niveau de parcours est compos\u00e9 de plusieurs s\u00e9quences, qui comportent chacune diff\u00e9rents th\u00e8mes.<\/span><\/span><br \/>\n<span style=\"font-family: arial, helvetica, sans-serif; color: #000080; font-size: 14px;\">L&rsquo;apprenant avance dans son parcours et suit sa progression.<\/span><br \/>\n<span style=\"font-size: 14px;\"><span style=\"font-family: arial, helvetica, sans-serif; color: #000080;\">Chaque th\u00e8me comprend un cours, compl\u00e9t\u00e9 par une s\u00e9rie d&rsquo;exercices. Les exercices sont attribu\u00e9s <\/span><span style=\"font-family: arial, helvetica, sans-serif; color: #000080;\">en fonction des zones de fragilit\u00e9 d\u00e9tect\u00e9es lors du diagnostic.<\/span><\/span><br \/>\n<span style=\"font-family: arial, helvetica, sans-serif; color: #000080; font-size: 14px;\">En bref :<\/span><br \/>\n<span style=\"font-family: arial, helvetica, sans-serif; color: #000080; font-size: 14px;\">\u2022 Parcours guid\u00e9 avec pr\u00e9paration au format des questions du test de certification et soutien individualis\u00e9 par la formatrice sur place<\/span><br \/>\n<span style=\"font-family: arial, helvetica, sans-serif; color: #000080; font-size: 14px;\">\u2022 Dur\u00e9e et modalit\u00e9s ajustables \u00e0 vos besoins, objectifs et contraintes individuels.<\/span><br \/>\n<span style=\"font-family: arial, helvetica, sans-serif; color: #000080; font-size: 14px;\">\u2022 La passation en entier du test de certification est obligatoire pour activer le financement de votre formation selon l&rsquo;objectif fix\u00e9 en amont du parcours.\u00a0<\/span><\/p>\n<p><span style=\"color: #000080; font-family: arial, helvetica, sans-serif;\">Fran\u00e7ais \u00e9crit<\/span><\/p>\n<p><span style=\"color: #000080; font-family: arial, helvetica, sans-serif;\">Orthodidacte et la Certification Le Robert sont devenus des atouts cl\u00e9s pour accompagner les apprenants dans la ma\u00eetrise de l\u2019\u00e9crit professionnel et la reconnaissance de leurs comp\u00e9tences. Nos programmes adaptatifs int\u00e8grent ces outils dans vos parcours et contribuent concr\u00e8tement \u00e0 votre r\u00e9ussite.<\/span><\/p>\n","protected":false},"excerpt":{"rendered":"<p>Texte lu de pr\u00e9f\u00e9rence depuis un ordinateur Apprenez et perfectionnez votre communication en fran\u00e7ais\u00a0 Le<\/p>\n","protected":false},"author":1,"featured_media":14185,"comment_status":"closed","ping_status":"open","sticky":false,"template":"","format":"standard","meta":{"footnotes":""},"categories":[80,227],"tags":[765,514,692],"class_list":["post-18273","post","type-post","status-publish","format-standard","has-post-thumbnail","hentry","category-actualites","category-francais-fle","tag-atelier-interactif-et-ludique","tag-formation-cpf","tag-francais-ecrit"],"_links":{"self":[{"href":"https:\/\/www.leslanguessansstress.fr\/index.php\/wp-json\/wp\/v2\/posts\/18273","targetHints":{"allow":["GET"]}}],"collection":[{"href":"https:\/\/www.leslanguessansstress.fr\/index.php\/wp-json\/wp\/v2\/posts"}],"about":[{"href":"https:\/\/www.leslanguessansstress.fr\/index.php\/wp-json\/wp\/v2\/types\/post"}],"author":[{"embeddable":true,"href":"https:\/\/www.leslanguessansstress.fr\/index.php\/wp-json\/wp\/v2\/users\/1"}],"replies":[{"embeddable":true,"href":"https:\/\/www.leslanguessansstress.fr\/index.php\/wp-json\/wp\/v2\/comments?post=18273"}],"version-history":[{"count":4,"href":"https:\/\/www.leslanguessansstress.fr\/index.php\/wp-json\/wp\/v2\/posts\/18273\/revisions"}],"predecessor-version":[{"id":18552,"href":"https:\/\/www.leslanguessansstress.fr\/index.php\/wp-json\/wp\/v2\/posts\/18273\/revisions\/18552"}],"wp:featuredmedia":[{"embeddable":true,"href":"https:\/\/www.leslanguessansstress.fr\/index.php\/wp-json\/wp\/v2\/media\/14185"}],"wp:attachment":[{"href":"https:\/\/www.leslanguessansstress.fr\/index.php\/wp-json\/wp\/v2\/media?parent=18273"}],"wp:term":[{"taxonomy":"category","embeddable":true,"href":"https:\/\/www.leslanguessansstress.fr\/index.php\/wp-json\/wp\/v2\/categories?post=18273"},{"taxonomy":"post_tag","embeddable":true,"href":"https:\/\/www.leslanguessansstress.fr\/index.php\/wp-json\/wp\/v2\/tags?post=18273"}],"curies":[{"name":"wp","href":"https:\/\/api.w.org\/{rel}","templated":true}]}}