{"id":18246,"date":"2025-07-04T14:49:31","date_gmt":"2025-07-04T12:49:31","guid":{"rendered":"https:\/\/www.leslanguessansstress.fr\/?p=18246"},"modified":"2025-07-04T14:50:16","modified_gmt":"2025-07-04T12:50:16","slug":"italien-entretiens","status":"publish","type":"post","link":"https:\/\/www.leslanguessansstress.fr\/index.php\/2025\/07\/04\/italien-entretiens\/","title":{"rendered":"Italien communication orale CPF"},"content":{"rendered":"<p style=\"font-weight: 400;\"><span style=\"font-family: arial, helvetica, sans-serif; color: #000080; font-size: 24px;\"><span style=\"font-size: 8px;\">Texte lu de pr\u00e9f\u00e9rence depuis un ordinateur<\/span><\/span><\/p>\n<p><span style=\"font-family: arial, helvetica, sans-serif; color: #000080; font-size: 24px;\"><img loading=\"lazy\" decoding=\"async\" class=\"alignnone wp-image-14383 aligncenter\" src=\"https:\/\/www.leslanguessansstress.fr\/wp-content\/uploads\/2022\/10\/QUALIOPI-action-de-formation-renouvele\u0301-20221009-Les-langues-sans-stress--300x193.jpg\" alt=\"\" width=\"194\" height=\"125\" srcset=\"https:\/\/www.leslanguessansstress.fr\/wp-content\/uploads\/2022\/10\/QUALIOPI-action-de-formation-renouvele\u0301-20221009-Les-langues-sans-stress--300x193.jpg 300w, https:\/\/www.leslanguessansstress.fr\/wp-content\/uploads\/2022\/10\/QUALIOPI-action-de-formation-renouvele\u0301-20221009-Les-langues-sans-stress--1024x660.jpg 1024w, https:\/\/www.leslanguessansstress.fr\/wp-content\/uploads\/2022\/10\/QUALIOPI-action-de-formation-renouvele\u0301-20221009-Les-langues-sans-stress--768x495.jpg 768w, https:\/\/www.leslanguessansstress.fr\/wp-content\/uploads\/2022\/10\/QUALIOPI-action-de-formation-renouvele\u0301-20221009-Les-langues-sans-stress-.jpg 1504w\" sizes=\"auto, (max-width: 194px) 100vw, 194px\" \/><\/span><\/p>\n<h1 style=\"font-weight: 400;\"><span style=\"font-family: arial, helvetica, sans-serif; color: #008000; font-size: 28px;\">Italien courant et professionnel &#8211; renforcement oral sans stress \u00a0<\/span><\/h1>\n<h2 style=\"font-weight: 400;\"><span style=\"color: #000080; font-family: arial, helvetica, sans-serif; font-size: 16px;\">Cette formation d&rsquo;italien peut se d\u00e9rouler avec des le\u00e7ons sous hypnose en fran\u00e7ais dans un premier temps, puis en italien pour am\u00e9liorer votre concentration et la m\u00e9morisation des cours, la confiance en soi lors d&rsquo;une prise de parole en public ou avant un test. Elle est \u00e9ligible au CPF favorisant le d\u00e9veloppement professionnel.<\/span><\/h2>\n<div class=\"mcf-title-and-illustration-wrapper\">\n<div class=\"mcf-card-title-wrapper\">\n<h4 class=\"mcf-card-title-subwrapper\"><span style=\"color: #000080; font-family: arial, helvetica, sans-serif;\">Objectif<\/span><\/h4>\n<\/div>\n<\/div>\n<p><span style=\"font-family: arial, helvetica, sans-serif; color: #000080;\">\u00a0-Acqu\u00e9rir et d\u00e9velopper les bases en italien courant et des \u00e9changes professionnels. Am\u00e9liorer votre prononciation, votre expression et votre compr\u00e9hension autant \u00e9crite qu\u2019orale. Apprendre \u00e0 gestion son stress avant la prise de parole en public. Se pr\u00e9parer au format des questions du test de Certification au fur et \u00e0 mesure des le\u00e7ons suivies Certifier avec confiance ses acquis niveau A2 et plus selon son \u00e9tude individuelle<\/span><span style=\"color: #000080; font-family: verdana, geneva, sans-serif;\">.<\/span><\/p>\n<h4><span style=\"color: #000080; font-family: arial, helvetica, sans-serif;\"> Les points forts<\/span><\/h4>\n<p><span style=\"color: #000080; font-family: arial, helvetica, sans-serif;\">Atelier ludique d&rsquo;oral avec formatrice tr\u00e8s patiente. Correction explicative et bienveillante des erreurs. Dialogues sous hypnose de relaxation si besoin et \u00e0 votre rythme pour abaisser le stress avant test, entretien professionnel ou prise de parole.<\/span><\/p>\n<h4><span style=\"color: #000080; font-family: arial, helvetica, sans-serif;\">Contenu<\/span><\/h4>\n<p><span style=\"font-family: arial, helvetica, sans-serif; color: #000080;\">Etude et mise en pratique imm\u00e9diate des notions de grammaire et du lexique selon les besoins d\u00e9cel\u00e9s apr\u00e8s r\u00e9sultat au test de positionnement individualis\u00e9. Votre \u00e9tude des dialogues peut se d\u00e9rouler sous hypnose de relaxation pour d\u00e9velopper l\u2019oreille et fluidifier votre expression orale (option \u00e0 mentionner en amont de l\u2019inscription \u00e0 cette formation). Vos cours vous permettent de VIVRE ET COMMUNIQUER AU QUOTIDIEN EN ITALIEN, notamment de : &#8211; Identifier et utiliser un vocabulaire adapt\u00e9 au contexte. &#8211; Utiliser les principales structures grammaticales n\u00e9cessaires pour construire des phrases coh\u00e9rentes et de complexit\u00e9 vari\u00e9e. &#8211; Mettre en place l&rsquo;autocorrection \u00e0 l&rsquo;\u00e9crit comme \u00e0 l&rsquo;oral. &#8211; Comprendre un court texte et en d\u00e9gager le sens global et des d\u00e9tails sp\u00e9cifiques selon votre niveau individuel de ma\u00eetrise de la langue. &#8211; Comprendre un \u00e9nonc\u00e9, des instructions ou les questions d&rsquo;un interlocuteur. &#8211; Savoir utiliser des informations pour comprendre de nouveaux mots et expressions. &#8211; Communiquer en situation socioprofessionnelle, professionnelle ou sp\u00e9cifique \u00e0 votre activit\u00e9 en employant les expressions adapt\u00e9es. &#8211; Tenir une discussion sur un sujet professionnel. &#8211; D\u00e9velopper l&rsquo;interaction orale en r\u00e9utilisant progressivement vos acquis et savoirs. &#8211; Vous faire comprendre avec une prononciation claire. &#8211; Pr\u00e9parer le passage du test de certification en vous entrainant sur la plateforme d\u00e9di\u00e9e au format des questions. \u2013 Pr\u00e9parer l\u2019entretien professionnel selon vos fonctions ou le secteur professionnel choisi pour cette interaction en Visio de 10 \u00e0 15 minutes. <\/span><\/p>\n<p><span style=\"font-family: arial, helvetica, sans-serif; color: #000080;\">Votre parcours est individualis\u00e9 et partag\u00e9 entre des cours et des entrainements \u00e9crits\/oraux vers la certification de vos connaissances pendant 2\/3 de la formation puis vous travaillez les th\u00e8mes plus personnels et selon les besoins nouvellement d\u00e9tect\u00e9s pendant 1\/3 de temps. La formation se d\u00e9roule sur place avec la formatrice pour valider le programme choisi ensemble. Vous apprenez les le\u00e7ons chez vous \u00e0 votre rythme sur plateforme e-learning ou dans un manuel, c\u2019est vous qui choisissez ! Un tier du temps de cette formation est r\u00e9serv\u00e9 \u00e0 l\u2019atelier oral pour une pratique au plus pr\u00e8s de la r\u00e9alit\u00e9, deux par deux, en immersion. Information compl\u00e8te sur notre site internet et par t\u00e9l\u00e9phone ou Visio avec la formatrice \u00e0 leslanguessansstress.fr pour prendre rendez-vous.<\/span><\/p>\n<h4><span style=\"color: #000080; font-family: arial, helvetica, sans-serif;\">R\u00e9sultats attendus<\/span><\/h4>\n<p><span style=\"font-family: arial, helvetica, sans-serif; color: #000080;\">&#8211; Am\u00e9liorer son niveau de communication entre le d\u00e9but et la fin de son programme. COMMUNIQUER EFFICACEMENT EN ITALIEN \u00e0 l&rsquo;oral et \u00e0 l&rsquo;\u00e9crit. Interagir avec confiance face \u00e0 un public ou au t\u00e9l\u00e9phone. Comprendre et d\u00e9gager le sens global et des d\u00e9tails sp\u00e9cifiques d&rsquo;un texte ou d&rsquo;un \u00e9nonc\u00e9 simple et court. Comprendre et mettre en action des instructions ou suivre un protocole. Voyager l&rsquo;esprit plus serein pour engager la communication et se d\u00e9placer. Identifier et utiliser un vocabulaire courant ou professionnel adapt\u00e9 au contexte. Identifier et utiliser des expressions de la vie courante et du milieu professionnel. Participer \u00e0 une communication orale avec un interlocuteur sur des sujets personnels et professionnels. Comprendre et r\u00e9pondre aux questions d&rsquo;un interlocuteur et savoir lui en poser. Partager des informations et participer activement \u00e0 une conversation ou r\u00e9union. Mettre en place des techniques de gestion du stress adapt\u00e9es \u00e0 la prise de parole en public. Valider le niveau Seuil ou sup\u00e9rieur au test de certification CLO\u00c9 ITALIEN.<\/span><\/p>\n<h4><span style=\"color: #000080; font-family: arial, helvetica, sans-serif;\">Public<\/span><\/h4>\n<p><span style=\"font-family: arial, helvetica, sans-serif; color: #000080;\">Toute personne avec des notions de base en italien courant qui souhaitent les d\u00e9velopper avec enrichissement du vocabulaire professionnel au niveau A2 ou plus avant de certifier ses nouveaux acquis<\/span><span style=\"font-family: arial, helvetica, sans-serif; color: #000080;\">.<\/span><\/p>\n<p><span style=\"color: #000080; font-family: arial, helvetica, sans-serif;\"><img loading=\"lazy\" decoding=\"async\" class=\"alignnone wp-image-15311 aligncenter\" src=\"https:\/\/www.leslanguessansstress.fr\/wp-content\/uploads\/2023\/08\/France-Competences-300x86.jpg\" alt=\"\" width=\"471\" height=\"135\" srcset=\"https:\/\/www.leslanguessansstress.fr\/wp-content\/uploads\/2023\/08\/France-Competences-300x86.jpg 300w, https:\/\/www.leslanguessansstress.fr\/wp-content\/uploads\/2023\/08\/France-Competences.jpg 708w\" sizes=\"auto, (max-width: 471px) 100vw, 471px\" \/><\/span><\/p>\n<h3><span style=\"color: #000080; font-family: arial, helvetica, sans-serif;\">MODALIT\u00c9S<\/span><\/h3>\n<div class=\"mcf-title-and-illustration-wrapper\">\n<div class=\"mcf-card-title-wrapper\">\n<p class=\"mcf-card-title-subwrapper\"><span style=\"color: #000080; font-family: arial, helvetica, sans-serif;\"><strong>Langue<\/strong> : Italien \u00a0\u00a0<\/span><br \/>\n<span style=\"color: #000080; font-family: arial, helvetica, sans-serif;\">Lorsque le niveau d&rsquo;entr\u00e9e le permet, ce cours peut se d\u00e9rouler enti\u00e8rement en langue italienne, hypnose comprise. <\/span><br \/>\n<span style=\"color: #000080; font-family: arial, helvetica, sans-serif;\"><strong>Pr\u00e9requis<\/strong> : Avoir les bases <strong>niveau A1\/A2 en italien<\/strong> courant avec la volont\u00e9 d&rsquo;enrichir son vocabulaire et approfondir la grammaire. <\/span><br \/>\n<span style=\"color: #000080; font-family: arial, helvetica, sans-serif;\"><strong>Handicap<\/strong> : Veuillez contacter la r\u00e9f\u00e9rente pour discuter d&rsquo;un possible am\u00e9nagement des cours. <\/span><br \/>\n<span style=\"color: #000080; font-family: arial, helvetica, sans-serif;\">Si vous \u00eates en situation d&rsquo;illettrisme, un module pr\u00e9paratoire \u00e0 la lecture vous est propos\u00e9 en amont de la formation certifiante.\u00a0 <\/span><br \/>\n<span style=\"color: #000080; font-family: arial, helvetica, sans-serif;\"><strong>Dur\u00e9e<\/strong> : 3-6 mois d\u2019affil\u00e9e <\/span><br \/>\n<span style=\"color: #000080; font-family: arial, helvetica, sans-serif;\"><strong>Effort<\/strong> : 40 heures <\/span><br \/>\n<span style=\"color: #000080; font-family: arial, helvetica, sans-serif;\"><strong>Rythme<\/strong> : ~3\/4 heures\/semaine <\/span><br \/>\n<span style=\"color: #000080; font-family: arial, helvetica, sans-serif;\"><strong>Entretiens<\/strong> : 25 avec formatrice \u00a0 <\/span><br \/>\n<span style=\"color: #000080; font-family: arial, helvetica, sans-serif;\"><strong>Intervenante<\/strong> : formatrice\u00a0<\/span><span style=\"color: #000080; font-family: arial, helvetica, sans-serif;\">exp\u00e9riment\u00e9e et r\u00e9f\u00e9renc\u00e9e en 5 langues, gestion du stress et pr\u00e9paration mentale\u00a0<\/span><br \/>\n<span style=\"color: #000080; font-family: arial, helvetica, sans-serif;\"><span style=\"caret-color: #000080;\"><b>Validation <\/b><\/span>: Bilans de progression, \u00e9margement individuel ateliers d&rsquo;\u00e9tude et entrelacement + cours et entretiens pr\u00e9sentiels, auto\u00e9valuation des connaissances acquises, questionnaire satisfaction, attestation fin de formation, certification possible (obligatoire si CPF activ\u00e9) \u00a0<\/span><br \/>\n<span style=\"color: #000080; font-family: arial, helvetica, sans-serif;\"><strong>Flexibilit\u00e9 du calendrier<\/strong> : les entretiens sont \u00e0 poser ensemble selon votre disponibilit\u00e9 en amont de la formation. <\/span><br \/>\n<span style=\"color: #000080; font-family: arial, helvetica, sans-serif;\"><strong>Cours sur-mesure<\/strong> : Tous les parcours sont personnalisables aux besoins d\u00e9tect\u00e9s et au profil de l&rsquo;apprenant. <\/span><br \/>\n<span style=\"color: #000080; font-family: arial, helvetica, sans-serif;\">Le tarif peut varier pour \u00eatre adapt\u00e9 aux nouveaux param\u00e8tres en augmentant ou r\u00e9duisant le nombre des entretiens pr\u00e9sentiels et la dur\u00e9e de la formation (proposition\/devis). <\/span><br \/>\n<span style=\"color: #000080; font-family: arial, helvetica, sans-serif;\"><strong>Tarif<\/strong> : 2475\u20ac \u00a0&#8211; <a href=\"https:\/\/www.moncompteformation.gouv.fr\/espace-prive\/html\/#\/formation\/recherche\/81794041400029_ITTBU\/81794041400029_ITHtourisme?contexteFormation=ACTIVITE_PROFESSIONNELLE\" target=\"_blank\" rel=\"noopener\">40 heures &#8211; CLO\u00c9 ITALIEN Validit\u00e9 de l&rsquo;offre MCF : 15\/11\/2026 R\u00c9F\u00c9RENCE MCF<\/a> \u21d2 Introduction des le\u00e7ons sous hypnose de relaxation possible selon besoins du stagiaire et s\u00e9ances d\u00e9di\u00e9es \u00e0 l<strong>&lsquo;immersion en italien favorisant la prise de parole<\/strong> instinctive, la concentration, la confiance en soi, la gestion des questions du public, etc.. <\/span><br \/>\n<span style=\"color: #000080; font-family: arial, helvetica, sans-serif;\"><strong>Financement<\/strong> : tous dont le CPF<\/span><\/p>\n<\/div>\n<\/div>\n<p><span style=\"font-size: 16px; font-family: arial, helvetica, sans-serif; color: #000080;\"><img loading=\"lazy\" decoding=\"async\" class=\"alignnone wp-image-14157 aligncenter\" src=\"https:\/\/www.leslanguessansstress.fr\/wp-content\/uploads\/2022\/10\/Mon-compte-formation-CPF-les-langues-sans-stress-300x159.jpg\" alt=\"\" width=\"232\" height=\"123\" srcset=\"https:\/\/www.leslanguessansstress.fr\/wp-content\/uploads\/2022\/10\/Mon-compte-formation-CPF-les-langues-sans-stress-300x159.jpg 300w, https:\/\/www.leslanguessansstress.fr\/wp-content\/uploads\/2022\/10\/Mon-compte-formation-CPF-les-langues-sans-stress.jpg 646w\" sizes=\"auto, (max-width: 232px) 100vw, 232px\" \/><\/span><\/p>\n<h1 style=\"font-weight: 400;\"><span style=\"color: #008000; font-size: 24px;\"><span style=\"font-family: arial, helvetica, sans-serif;\">Italien professionnel &#8211; dialogues et entretiens d&#8217;embauche sans stress &#8211; <\/span><span style=\"font-family: arial, helvetica, sans-serif;\">\u00e9ligible au budget CPF \u00a0<\/span><\/span><\/h1>\n<p><span style=\"font-size: 16px; font-family: arial, helvetica, sans-serif;\"><span style=\"color: #000080;\">Ce parcours est \u00e9ligible au financement CPF depuis la plateforme MCF. Il inclut automatiquement la pr\u00e9paration et la pr\u00e9sentation au Test de certification <a href=\"https:\/\/www.francecompetences.fr\/recherche\/rs\/6439\/\" target=\"_blank\" rel=\"noopener\">CLO\u00c9 ITALIEN RS6437 inscription valide jusqu&rsquo;au 15-11-2026<\/a>. Le stagiaire doit se pr\u00e9senter aux deux parties du test pour d\u00e9clencher le financement de sa formation continue professionnelle s&rsquo;il choisit d&rsquo;utiliser son budget CPF.\u00a0<\/span><\/span><\/p>\n<p><span style=\"font-size: 16px; font-family: arial, helvetica, sans-serif;\"><span style=\"color: #000080;\">Cette formation est con\u00e7ue sur mesure : le niveau du programme, sa dur\u00e9e, la fr\u00e9quence et le nombre des entretiens pr\u00e9sentiels avec la formatrice hypnoth\u00e9rapeute sont adaptables \u00e0 votre budget pour s&rsquo;adapter \u00e0 votre profil d&rsquo;apprenant et besoins d\u00e9cel\u00e9s ou contraintes. \u00a0<\/span><\/span><\/p>\n<p><span style=\"font-size: 16px; font-family: arial, helvetica, sans-serif;\"><span style=\"color: #000080;\">Les parcours d&rsquo;entrainement sur plateforme en pr\u00e9sentiel avec la formatrice vont de 3 \u00e0 6 mois selon vos besoins et le planning. L&rsquo;accompagnement mixte ou individualis\u00e9 peut \u00eatre d\u00e9cal\u00e9 des dur\u00e9es impos\u00e9es par la plateforme d&rsquo;\u00e9tude : discutez-en avec nous en amont de la formation choisie. <\/span><\/span><\/p>\n<p><span style=\"font-size: 16px; font-family: arial, helvetica, sans-serif;\"><span style=\"color: #000080;\">L&rsquo;hypnose n&rsquo;est pas une obligation, c&rsquo;est un outil mental pour d\u00e9bloquer des freins et sublimer votre compr\u00e9hension autant que votre expression orale dans la langue choisie.<\/span><\/span><\/p>\n<h3><span style=\"text-decoration: underline; font-size: 14px;\"><span style=\"font-family: verdana, geneva, sans-serif; color: #000080; text-decoration: underline;\">Formatrice-hypnoth\u00e9rapeute bilingue d\u00e9di\u00e9e \u00e0 votre \u00e9coute pour personnaliser votre parcours<\/span><\/span><\/h3>\n","protected":false},"excerpt":{"rendered":"<p>Texte lu de pr\u00e9f\u00e9rence depuis un ordinateur Italien courant et professionnel &#8211; renforcement oral sans<\/p>\n","protected":false},"author":1,"featured_media":17224,"comment_status":"closed","ping_status":"open","sticky":false,"template":"","format":"standard","meta":{"footnotes":""},"categories":[147],"tags":[718,668,356,748],"class_list":["post-18246","post","type-post","status-publish","format-standard","has-post-thumbnail","hentry","category-italien","tag-dialogues-sous-hypnose","tag-italien-des-affaires","tag-jeux-et-activites-ludiques","tag-langue-courante"],"_links":{"self":[{"href":"https:\/\/www.leslanguessansstress.fr\/index.php\/wp-json\/wp\/v2\/posts\/18246","targetHints":{"allow":["GET"]}}],"collection":[{"href":"https:\/\/www.leslanguessansstress.fr\/index.php\/wp-json\/wp\/v2\/posts"}],"about":[{"href":"https:\/\/www.leslanguessansstress.fr\/index.php\/wp-json\/wp\/v2\/types\/post"}],"author":[{"embeddable":true,"href":"https:\/\/www.leslanguessansstress.fr\/index.php\/wp-json\/wp\/v2\/users\/1"}],"replies":[{"embeddable":true,"href":"https:\/\/www.leslanguessansstress.fr\/index.php\/wp-json\/wp\/v2\/comments?post=18246"}],"version-history":[{"count":2,"href":"https:\/\/www.leslanguessansstress.fr\/index.php\/wp-json\/wp\/v2\/posts\/18246\/revisions"}],"predecessor-version":[{"id":18249,"href":"https:\/\/www.leslanguessansstress.fr\/index.php\/wp-json\/wp\/v2\/posts\/18246\/revisions\/18249"}],"wp:featuredmedia":[{"embeddable":true,"href":"https:\/\/www.leslanguessansstress.fr\/index.php\/wp-json\/wp\/v2\/media\/17224"}],"wp:attachment":[{"href":"https:\/\/www.leslanguessansstress.fr\/index.php\/wp-json\/wp\/v2\/media?parent=18246"}],"wp:term":[{"taxonomy":"category","embeddable":true,"href":"https:\/\/www.leslanguessansstress.fr\/index.php\/wp-json\/wp\/v2\/categories?post=18246"},{"taxonomy":"post_tag","embeddable":true,"href":"https:\/\/www.leslanguessansstress.fr\/index.php\/wp-json\/wp\/v2\/tags?post=18246"}],"curies":[{"name":"wp","href":"https:\/\/api.w.org\/{rel}","templated":true}]}}