{"id":18215,"date":"2025-06-29T13:02:46","date_gmt":"2025-06-29T11:02:46","guid":{"rendered":"https:\/\/www.leslanguessansstress.fr\/?p=18215"},"modified":"2025-06-29T13:02:46","modified_gmt":"2025-06-29T11:02:46","slug":"certification-anglais-cloe","status":"publish","type":"post","link":"https:\/\/www.leslanguessansstress.fr\/index.php\/2025\/06\/29\/certification-anglais-cloe\/","title":{"rendered":"CERTIFICATION anglais CLO\u00c9"},"content":{"rendered":"<p><span style=\"color: #000080; font-family: verdana, geneva, sans-serif;\">R\u00e9f FQ GBFC2025<strong><img loading=\"lazy\" decoding=\"async\" class=\" wp-image-14383 aligncenter\" src=\"https:\/\/www.leslanguessansstress.fr\/wp-content\/uploads\/2022\/10\/QUALIOPI-action-de-formation-renouvele\u0301-20221009-Les-langues-sans-stress--300x193.jpg\" alt=\"\" width=\"221\" height=\"142\" srcset=\"https:\/\/www.leslanguessansstress.fr\/wp-content\/uploads\/2022\/10\/QUALIOPI-action-de-formation-renouvele\u0301-20221009-Les-langues-sans-stress--300x193.jpg 300w, https:\/\/www.leslanguessansstress.fr\/wp-content\/uploads\/2022\/10\/QUALIOPI-action-de-formation-renouvele\u0301-20221009-Les-langues-sans-stress--1024x660.jpg 1024w, https:\/\/www.leslanguessansstress.fr\/wp-content\/uploads\/2022\/10\/QUALIOPI-action-de-formation-renouvele\u0301-20221009-Les-langues-sans-stress--768x495.jpg 768w, https:\/\/www.leslanguessansstress.fr\/wp-content\/uploads\/2022\/10\/QUALIOPI-action-de-formation-renouvele\u0301-20221009-Les-langues-sans-stress-.jpg 1504w\" sizes=\"auto, (max-width: 221px) 100vw, 221px\" \/><\/strong><\/span><\/p>\n<h1 style=\"font-weight: 400;\"><span style=\"font-family: verdana, geneva, sans-serif; color: #3366ff;\">Pr\u00e9paration sans stress \u00e0 la certification en anglais courant dans un contexte professionnel avec son CPF\u00a0<\/span><\/h1>\n<p style=\"font-weight: 400;\"><span style=\"font-family: verdana, geneva, sans-serif; color: #000080; font-size: 24px;\">Objectifs de la formation :<\/span><br \/>\n<span style=\"font-family: verdana, geneva, sans-serif; color: #000080;\"> &#8211; Apprendre et pratiquer <strong>l&rsquo;anglais parl\u00e9<\/strong> dans la majorit\u00e9 des situations rencontr\u00e9es au quotidien, \u00a0<\/span><br \/>\n<span style=\"font-family: verdana, geneva, sans-serif; color: #000080;\">\u00a0&#8211; Se pr\u00e9parer au format des questions du test de <span style=\"color: #3366ff;\"><strong>certification CLO\u00c9<\/strong><\/span><\/span><span style=\"font-family: verdana, geneva, sans-serif; color: #000080;\"><span style=\"color: #3366ff;\"><strong> anglais niveau A2 et plus <\/strong><span style=\"color: #000080;\">par besoin d\u00e9cel\u00e9.<\/span><\/span><\/span><br \/>\n<span style=\"font-family: verdana, geneva, sans-serif; color: #000080;\">\u00a0&#8211; D\u00e9velopper <\/span><span style=\"color: #000080; font-family: verdana, geneva, sans-serif;\">son aisance \u00e0 l&rsquo;oral pour une meilleure compre\u0301hension de la langue courante et des \u00e9changes professionnels.<\/span><br \/>\n<span style=\"font-family: verdana, geneva, sans-serif; color: #000080;\">\u00a0&#8211; Rendre son expression \u00e9crite et orale plus efficace au quotidien, pendant ses fonctions et d\u00e9placements divers. <\/span><br \/>\n<span style=\"font-family: verdana, geneva, sans-serif; color: #000080;\">&#8211; Am\u00e9liorer sa mobilit\u00e9 nationale et internationale en communiquant avec <strong>plus de fluidit\u00e9 et naturel en anglais<\/strong>.<\/span><\/p>\n<p><span style=\"font-family: verdana, geneva, sans-serif; color: #000080; font-size: 24px;\"><span style=\"color: #ff0000;\"><span style=\"color: #000080;\">Langue :\u00a0<\/span><\/span><\/span><br \/>\n<span style=\"font-family: verdana, geneva, sans-serif; color: #000080; font-size: 24px;\"><span style=\"color: #ff0000;\"><span style=\"color: #3366ff;\">anglais<\/span><\/span><\/span><\/p>\n<p style=\"font-weight: 400;\"><span style=\"font-family: verdana, geneva, sans-serif; color: #000080; font-size: 24px;\">R\u00e9sultats attendus de la formation :<\/span><\/p>\n<p><span style=\"font-family: verdana, geneva, sans-serif; color: #000080;\">Am\u00e9liorer son niveau de communication entre le d\u00e9but et la fin de son programme.\u00a0<\/span><br \/>\n<span style=\"font-family: verdana, geneva, sans-serif; color: #000080;\">Communiquer efficacement \u00e0 l\u2019oral et \u00e0 l\u2019\u00e9crit et interagir avec confiance face \u00e0 un public ou au t\u00e9l\u00e9phone.\u00a0<\/span><br \/>\n<span style=\"font-family: verdana, geneva, sans-serif; color: #000080;\">Comprendre et d\u00e9gager le sens global et des d\u00e9tails sp\u00e9cifiques d\u2019un texte ou d\u2019un \u00e9nonc\u00e9 simple et court.\u00a0<\/span><br \/>\n<span style=\"font-family: verdana, geneva, sans-serif; color: #000080;\">Comprendre et mettre en action des instructions ou suivre un protocole.\u00a0<\/span><br \/>\n<span style=\"font-family: verdana, geneva, sans-serif; color: #000080;\">Identifier et utiliser un vocabulaire courant ou professionnel adapte\u0301 au contexte.\u00a0<\/span><br \/>\n<span style=\"font-family: verdana, geneva, sans-serif; color: #000080;\">Identifier et utiliser des expressions de la vie courante et du milieu professionnel.\u00a0<\/span><br \/>\n<span style=\"font-family: verdana, geneva, sans-serif; color: #000080;\">Participer a\u0300 une communication orale avec un interlocuteur sur des sujets personnels et professionnels.\u00a0<\/span><br \/>\n<span style=\"font-family: verdana, geneva, sans-serif; color: #000080;\">Comprendre et r\u00e9pondre aux questions d\u2019un interlocuteur et savoir lui en poser.\u00a0<\/span><br \/>\n<span style=\"font-family: verdana, geneva, sans-serif; color: #000080;\">Partager des informations et participer activement \u00e0 une conversation ou r\u00e9union.\u00a0<\/span><br \/>\n<span style=\"font-family: verdana, geneva, sans-serif; color: #000080;\">Mettre en place des techniques de gestion du stress adapt\u00e9es \u00e0 la prise de parole en public.\u00a0<\/span><\/p>\n<h2 style=\"font-weight: 400;\"><span style=\"font-family: verdana, geneva, sans-serif; color: #3366ff; font-size: 24px;\">Contexte de la certification Clo\u00e9 ANGLAIS avec son CPF\u00a0<\/span><\/h2>\n<p class=\"title\"><span style=\"color: #000080; font-family: verdana, geneva, sans-serif; font-size: 16px;\">&#8211; Se pr\u00e9parer au format des questions du <\/span>test<span style=\"color: #000080; font-family: verdana, geneva, sans-serif; font-size: 16px;\"> de langue pour attester ses comp\u00e9tences linguistiques orales et \u00e9crites <\/span><span style=\"color: #000080; font-family: verdana, geneva, sans-serif; font-size: 16px;\">g\u00e9n\u00e9rales et professionnelles du niveau A1 au niveau C2 du Cadre europ\u00e9en commun de r\u00e9f\u00e9rence pour les langues (CECRL)\u00a0\u00a0<\/span><\/p>\n<div class=\"txt\">\n<p><span style=\"color: #000080; font-family: verdana, geneva, sans-serif;\">&#8211; \u00c9valuer et <span style=\"color: #3366ff;\"><strong>certifier le niveau de ma\u00eetrise de l&rsquo;anglais<\/strong><\/span>\u00a0\u00e9crite et d&rsquo;interaction orale en situations de communication professionnelles, socioprofessionnelles ou sp\u00e9cifiques du niveau A2 au niveau C2 du Cadre europ\u00e9en commun de r\u00e9f\u00e9rence pour les langues (CECRL)\u00a0\u00a0<\/span><\/p>\n<p><span style=\"color: #000080; font-family: verdana, geneva, sans-serif;\">\u00a0&#8211; Valoriser les comp\u00e9tences acquises lors d&rsquo;un entretien professionnel.<\/span><br \/>\n<span style=\"color: #000080; font-family: verdana, geneva, sans-serif;\">\u00a0&#8211; Connaitre son niveau d&rsquo;entr\u00e9e pour renforcer les points faibles.<\/span><br \/>\n<span style=\"color: #000080; font-family: verdana, geneva, sans-serif;\">\u00a0&#8211; D\u00e9velopper les notions grammaticales et la syntaxe de la phrase simple \u00e0 complexe selon son niveau.<\/span><br \/>\n<span style=\"color: #000080; font-family: verdana, geneva, sans-serif;\">\u00a0&#8211; Enrichir son lexique courant et professionnel selon ses besoins et le niveau de langue souhait\u00e9e<\/span><br \/>\n<span style=\"color: #000080; font-family: verdana, geneva, sans-serif;\">\u00a0&#8211; Apprendre \u00e0 g\u00e9rer son stress avant une prise de parole face-\u00e0-face ou au t\u00e9l\u00e9phone.\u00a0<\/span><br \/>\n<span style=\"color: #000080; font-family: verdana, geneva, sans-serif;\">\u00a0&#8211; Ecrire des messages efficaces et concis en langue professionnelle adapt\u00e9e \u00e0 l&rsquo;interlocuteur. <\/span><br \/>\n<span style=\"color: #000080; font-family: verdana, geneva, sans-serif;\">\u00a0&#8211; Prendre confiance pendant la pr\u00e9paration d&rsquo;un voyage avec contacts, r<\/span><span style=\"color: #000080; font-family: verdana, geneva, sans-serif;\">epr\u00e9sentation sur un salon ou une convention.\u00a0<\/span><br \/>\n<span style=\"color: #000080; font-family: verdana, geneva, sans-serif;\">\u00a0&#8211; Communiquer avec aisance dans la plupart des situations du quotidien dans un contexte socioprofessionnel habituel.<\/span><\/p>\n<\/div>\n<h2 style=\"font-weight: 400;\"><span style=\"font-family: helvetica, arial, sans-serif; color: #3366ff; font-size: 28px;\">Programme d&rsquo;anglais professionnel adaptable \u00e0 vos besoins \u00e9ligible CPF<\/span><\/h2>\n<p><span style=\"font-family: verdana, geneva, sans-serif; color: #000080;\">\u00a0&#8211; Contenu standard personnalisable selon besoins d\u00e9crits par le stagiaire et niveau diagnostiqu\u00e9. <\/span><br \/>\n<span style=\"font-family: verdana, geneva, sans-serif; color: #000080;\">\u00a0&#8211; Vous choisissez les th\u00e8mes d&rsquo;int\u00e9r\u00eat qui vous sont personnels. <\/span><br \/>\n<strong><span style=\"font-family: verdana, geneva, sans-serif; color: #0000ff;\"> &#8211; Anglais professionnel selon <a style=\"color: #0000ff;\" href=\"https:\/\/www.leslanguessansstress.fr\/index.php\/2025\/02\/03\/anglais-courant-professionnel-cpf\/\" target=\"_blank\" rel=\"noopener\">le m\u00e9tier ou le secteur d&rsquo;activit\u00e9\u00a0<\/a><\/span><\/strong><\/p>\n<p><span style=\"font-family: verdana, geneva, sans-serif; color: #000080; font-size: 24px;\">Expression oral et \u00e9crite\u00a0<\/span><\/p>\n<p><span style=\"font-family: verdana, geneva, sans-serif; color: #000080;\"> &#8211; Saluer, se pr\u00e9senter, montrer de l\u2019int\u00e9r\u00eat \u00e0 ce qui se dit ou se d\u00e9roule (situation socioprofessionnelle ou professionnelle).\u00a0<\/span><br \/>\n<span style=\"font-family: verdana, geneva, sans-serif; color: #000080;\"> &#8211; R\u00e9pondre et poser des questions sur une offre, pendant une r\u00e9union ou un \u00e9change t\u00e9l\u00e9phonique.\u00a0<\/span><br \/>\n<span style=\"font-family: verdana, geneva, sans-serif; color: #000080;\"> &#8211; Accepter\/refuser une invitation, un pr\u00e9sent, une offre et exprimer un remerciement.\u00a0\u00a0<\/span><br \/>\n<span style=\"font-family: verdana, geneva, sans-serif; color: #000080;\"> &#8211; Pr\u00e9senter des produits ou services, un catalogue, prendre l&rsquo;avis de l&rsquo;interlocuteur.\u00a0 \u00a0<\/span><br \/>\n<span style=\"font-family: verdana, geneva, sans-serif; color: #000080;\"> &#8211; Comprendre le sujet d\u2019une conversation \u00e0 r\u00e9sumer la discussion avec pr\u00e9cision.\u00a0<\/span><br \/>\n<span style=\"font-family: verdana, geneva, sans-serif; color: #000080;\"> &#8211; Prendre part a\u0300 une conversation formelle ou informelle et interagir ponctuellement.\u00a0<\/span><br \/>\n<span style=\"font-family: verdana, geneva, sans-serif; color: #000080;\"> &#8211; D\u00e9crire et commenter ou d\u00e9battre d&rsquo;une situation ou image\/photo, un tableau, une vid\u00e9o ou un document a\u0300 l\u2019oral.\u00a0\u00a0<\/span><br \/>\n<span style=\"font-family: verdana, geneva, sans-serif; color: #000080;\"> &#8211; Discuter avec nuance et pr\u00e9cision sur des sujets simples \u00e0 complexes \u00e0 l&rsquo;\u00e9crit et \u00e0 l&rsquo;oral.\u00a0\u00a0<\/span><br \/>\n<span style=\"font-family: verdana, geneva, sans-serif; color: #000080;\"> &#8211; Acqu\u00e9rir des expressions idiomatiques et termes sp\u00e9cifiques \u00e0 la langue courante et professionnelle.\u00a0<\/span><br \/>\n<span style=\"font-family: verdana, geneva, sans-serif; color: #000080;\">&#8211; Faire une pr\u00e9sentation, un discours, une intervention dans le cadre professionnel.\u00a0 <\/span><\/p>\n<p><span style=\"color: #000080; font-size: 24px;\"><span style=\"font-family: verdana, geneva, sans-serif;\">Compr\u00e9hension orale et \u00e9crite\u00a0<\/span><\/span><\/p>\n<p><span style=\"font-family: verdana, geneva, sans-serif; color: #000080;\">\u00a0&#8211; Adapter son \u00e9coute aux dialogues entre locuteurs natifs et \u00e9trangers (divers accents, registres et de\u0301bits).\u00a0<\/span><br \/>\n<span style=\"font-family: verdana, geneva, sans-serif; color: #000080;\">\u00a0&#8211; Suivre et d\u00e9crire une conversation depuis un extrait de film, s\u00e9rie, e\u0301mission TV, une annonce.\u00a0<\/span><br \/>\n<span style=\"font-family: verdana, geneva, sans-serif; color: #000080;\">\u00a0&#8211; Lire et reformuler des textes simples \u00e0 complexes.\u00a0<\/span><\/p>\n<p><span style=\"font-family: verdana, geneva, sans-serif; color: #000080; font-size: 24px;\">Vocabulaire professionnel standard<\/span><\/p>\n<p><span style=\"font-family: verdana, geneva, sans-serif; color: #000080;\"><span style=\"text-decoration: underline;\">Situations de la vie professionnelle<\/span> (th\u00e8mes abord\u00e9s selon niveau du stagiaire et besoins): <\/span><\/p>\n<p><span style=\"font-family: verdana, geneva, sans-serif; color: #000080;\">Saluer et se pr\u00e9senter, prendre des nouvelles ;\u00a0<\/span><br \/>\n<span style=\"font-family: verdana, geneva, sans-serif; color: #000080;\">Accueillir des visiteurs, les mettre \u00e0 l&rsquo;aise ;\u00a0 <\/span><br \/>\n<span style=\"font-family: verdana, geneva, sans-serif; color: #000080;\">Prendre des informations personnelles ;\u00a0 <\/span><br \/>\n<span style=\"font-family: verdana, geneva, sans-serif; color: #000080;\">Pr\u00e9senter sa hi\u00e9rarchie, l&rsquo;organigramme ; <\/span><br \/>\n<span style=\"font-family: verdana, geneva, sans-serif; color: #000080;\">Pr\u00e9senter l\u2019entreprise, les produits et services ; <\/span><br \/>\n<span style=\"font-family: verdana, geneva, sans-serif; color: #000080;\">Pr\u00e9senter et commenter un diagramme ou un tableau, une tendance ; <\/span><br \/>\n<span style=\"font-family: verdana, geneva, sans-serif; color: #000080;\">Parler des succ\u00e8s et projets de son entreprise ;\u00a0 <\/span><br \/>\n<span style=\"font-family: verdana, geneva, sans-serif; color: #000080;\">Mentionner les projets en cours ; <\/span><br \/>\n<span style=\"font-family: verdana, geneva, sans-serif; color: #000080;\">Proposer une solution \u00e0 un \u00e9chec ; <\/span><br \/>\n<span style=\"font-family: verdana, geneva, sans-serif; color: #000080;\">Montrer de l&rsquo;int\u00e9r\u00eat, de la surprise ou un d\u00e9saccord ; <\/span><br \/>\n<span style=\"font-family: verdana, geneva, sans-serif; color: #000080;\">Proposer un produit ou un service, des offres ; <\/span><br \/>\n<span style=\"font-family: verdana, geneva, sans-serif; color: #000080;\">Discuter tarifs et modalit\u00e9s ; <\/span><br \/>\n<span style=\"font-family: verdana, geneva, sans-serif; color: #000080;\">Correspondre par email ;\u00a0 <\/span><br \/>\n<span style=\"font-family: verdana, geneva, sans-serif; color: #000080;\">Interagir au t\u00e9l\u00e9phone, <\/span><br \/>\n<span style=\"font-family: verdana, geneva, sans-serif; color: #000080;\">Prendre\/annuler un rendez-vous ; <\/span><br \/>\n<span style=\"font-family: verdana, geneva, sans-serif; color: #000080;\">Animer une r\u00e9union &#8211; faire une pr\u00e9sentation ; <\/span><br \/>\n<span style=\"font-family: verdana, geneva, sans-serif; color: #000080;\">Pr\u00e9parer un entretien ou une n\u00e9gociation ; <\/span><br \/>\n<span style=\"font-family: verdana, geneva, sans-serif; color: #000080;\">Effectuer le suivi des dossiers, d\u00e9l\u00e9guer des dossiers ; <\/span><br \/>\n<span style=\"font-family: verdana, geneva, sans-serif; color: #000080;\">Donner la raison d\u2019une d\u00e9cision, etc. <\/span><\/p>\n<p><span style=\"font-family: verdana, geneva, sans-serif; color: #000080; font-size: 24px;\">Vocabulaire du quotidien, des rencontres et des voyages d&rsquo;affaires\u00a0<\/span><\/p>\n<p><span style=\"font-family: verdana, geneva, sans-serif; color: #000080;\">&#8211; \u00catre capable d&rsquo;engager la conversation et tenir des discussions conviviales informelles, non professionnelles.<br \/>\n&#8211; Savoir relancer la conversation sur un sujet attrayant ou neutre pour \u00e9viter d&rsquo;\u00e9ventuels blancs g\u00eanants et maintenir l&rsquo;attention. <\/span><br \/>\n<span style=\"font-family: verdana, geneva, sans-serif; color: #000080;\">\u00a0 Ma\u00eetriser cette aptitude particuli\u00e8rement avantageuse dans le monde du travail aide \u00e0 ne plus se sentir mal \u00e0 l&rsquo;aise dans les interactions professionnelles.<br \/>\n<\/span><\/p>\n<p><span style=\"font-family: verdana, geneva, sans-serif; color: #000080;\">\u00a0&#8211; Salutations, pr\u00e9sentations de la famille, du domicile ou du pays, des relations sociales ou sportives ;\u00a0<\/span><br \/>\n<span style=\"font-family: verdana, geneva, sans-serif; color: #000080;\">\u00a0&#8211; La sant\u00e9, les vacances et voyages, loisirs, cuisine, nature, les \u00e9tudes, faire des achats&#8230;\u00a0<\/span><br \/>\n<span style=\"font-family: verdana, geneva, sans-serif; color: #000080;\">\u00a0&#8211; Discuter actualit\u00e9s, culture, sports, envie, sentiments et exp\u00e9riences pass\u00e9es, demander de l&rsquo;aide, en proposer &#8230;<\/span><\/p>\n<p><span style=\"font-family: verdana, geneva, sans-serif; color: #000080;\">&#8211; Organiser un voyage avec des <span style=\"color: #d98302;\"><strong><span style=\"color: #3366ff;\">interlocuteurs anglophones.<\/span>\u00a0<\/strong><\/span><\/span><br \/>\n<span style=\"font-family: verdana, geneva, sans-serif; color: #000080;\">&#8211; Se d\u00e9placer avec plus de confiance et d&rsquo;aisance orale dans des pays \u00e9trangers.<\/span><br \/>\n<span style=\"font-family: verdana, geneva, sans-serif; color: #000080;\">&#8211; Demander quelqu&rsquo;un, un renseignement, son chemin ;\u00a0<\/span><br \/>\n<span style=\"font-family: verdana, geneva, sans-serif; color: #000080;\"> &#8211; Donner des informations personnelles ou d&#8217;embarquement ; <\/span><br \/>\n<span style=\"font-family: verdana, geneva, sans-serif; color: #000080;\"> &#8211; Pr\u00e9senter un passeport et des papiers d&rsquo;identit\u00e9; d\u00e9crire ses bagages ;\u00a0<\/span><br \/>\n<span style=\"font-family: verdana, geneva, sans-serif; color: #000080;\"> &#8211; Expliquer qui on est et ce qu&rsquo;on cherche, o\u00f9 on va, qui on attend ;\u00a0<\/span><br \/>\n<span style=\"font-family: verdana, geneva, sans-serif; color: #000080;\"> &#8211; D\u00e9crire l&rsquo;objet de son voyage, donner une adresse, orienter ;\u00a0<\/span><br \/>\n<span style=\"font-family: verdana, geneva, sans-serif; color: #000080;\"> &#8211; G\u00e9rer sa sant\u00e9, son bien-\u00eatre et prendre soin de ses coll\u00e8gues ou proches ;\u00a0<\/span><br \/>\n<span style=\"font-family: verdana, geneva, sans-serif; color: #000080;\"> &#8211; Louer un v\u00e9hicule, une habitation, g\u00e9rer la documentation et les assurances ;\u00a0<\/span><br \/>\n<span style=\"font-family: verdana, geneva, sans-serif; color: #000080;\"> &#8211; Chercher des loisirs, faire connaissance avec la population locale ;\u00a0<\/span><br \/>\n<span style=\"font-family: verdana, geneva, sans-serif; color: #000080;\"> &#8211; Go\u00fbter \u00e0 la cuisine locale, visiter des sites touristiques ;\u00a0<\/span><br \/>\n<span style=\"font-family: verdana, geneva, sans-serif; color: #000080;\"> &#8211; S&rsquo;enregistrer \u00e0 l&rsquo;h\u00f4tel, louer une habitation, r\u00e9server un restaurant,\u00a0<\/span><br \/>\n<span style=\"font-family: verdana, geneva, sans-serif; color: #000080;\"> &#8211; Payer une facture, mentionner une erreur,\u00a0<\/span><br \/>\n<span style=\"font-family: verdana, geneva, sans-serif; color: #000080;\">&#8211; G\u00e9rer une panne ou une situation impr\u00e9vue, d\u00e9clarer un vol ou un accident ; <\/span><br \/>\n<span style=\"font-family: verdana, geneva, sans-serif; color: #000080;\">&#8211; Discuter culture, diff\u00e9rences, etc.<\/span><\/p>\n<p><img loading=\"lazy\" decoding=\"async\" class=\"alignnone size-medium wp-image-15561 aligncenter\" src=\"https:\/\/www.leslanguessansstress.fr\/wp-content\/uploads\/2023\/12\/ANGLAIS-grammaire-sans-stress--300x194.jpg\" alt=\"\" width=\"300\" height=\"194\" srcset=\"https:\/\/www.leslanguessansstress.fr\/wp-content\/uploads\/2023\/12\/ANGLAIS-grammaire-sans-stress--300x194.jpg 300w, https:\/\/www.leslanguessansstress.fr\/wp-content\/uploads\/2023\/12\/ANGLAIS-grammaire-sans-stress-.jpg 684w\" sizes=\"auto, (max-width: 300px) 100vw, 300px\" \/><\/p>\n<p><span style=\"font-family: verdana, geneva, sans-serif; color: #000080; font-size: 24px;\">Grammaire<\/span><\/p>\n<p><span style=\"font-family: verdana, geneva, sans-serif; color: #000080;\">Les modules peuvent se suivent ou \u00eatre pris un \u00e0 un selon les besoins d\u00e9cel\u00e9s et le niveau de communication \u00e0 ma\u00eetriser.<\/span><br \/>\n<span style=\"font-family: verdana, geneva, sans-serif; color: #000080;\">MODULE 1 &#8211; Grammaire niveau initiation d\u00e9butant<br \/>\nMODULE 2 &#8211; Grammaire niveau interm\u00e9diaire<br \/>\nMODULE 3 &#8211; Grammaire niveau avanc\u00e9\u00a0<\/span><\/p>\n<p><span style=\"font-family: verdana, geneva, sans-serif; color: #3366ff; font-size: 24px;\">Construire des questions et des phrases basiques \u00e0 complexes en anglais.\u00a0<\/span><\/p>\n<p><span style=\"font-family: verdana, geneva, sans-serif; color: #000080;\"> &#8211; Les bases de la grammaire et de la syntaxe ou renforcement des points faibles d\u00e9cel\u00e9s lors du test d\u2019entr\u00e9e.<\/span><br \/>\n<span style=\"font-family: verdana, geneva, sans-serif; color: #000080;\"> &#8211; La prononciation, rythmique de la phrase et des mots qui la composent.\u00a0<\/span><br \/>\n<span style=\"color: #000080; font-family: verdana, geneva, sans-serif;\"> &#8211; Comprendre la place des mots dans la phrase simple.\u00a0<\/span><br \/>\n<span style=\"color: #000080; font-family: verdana, geneva, sans-serif;\"> &#8211; La phrase simple au pr\u00e9sent, au pass\u00e9 et au futur.\u00a0<\/span><br \/>\n<span style=\"color: #000080; font-family: verdana, geneva, sans-serif;\"> &#8211; La formation des questions <span style=\"caret-color: #000080;\">affirmatives et n\u00e9gatives, directes et indirectes.\u00a0<\/span><\/span><br \/>\n<span style=\"color: #000080; font-family: verdana, geneva, sans-serif;\"> &#8211; Le choix et l&rsquo;apparence des questions ouvertes et ferm\u00e9es.\u00a0<\/span><br \/>\n<span style=\"color: #000080; font-family: verdana, geneva, sans-serif;\"> &#8211; La structure des phrases affirmatives, <span style=\"caret-color: #000080;\">n\u00e9gatives et imp\u00e9ratives.\u00a0<\/span><\/span><br \/>\n<span style=\"font-family: verdana, geneva, sans-serif; color: #000080;\"> &#8211; Les interjections et mots superflus de la langue parl\u00e9e.\u00a0<\/span><br \/>\n<span style=\"font-family: verdana, geneva, sans-serif; color: #000080;\"> &#8211; L&rsquo;orthographe, l&rsquo;accentuation des syllabes et des mots dans la phrase.\u00a0<\/span><br \/>\n<span style=\"font-family: verdana, geneva, sans-serif; color: #000080;\"> &#8211; Les mots de liaison, conjonctions, pr\u00e9positions et adverbes.\u00a0<\/span><br \/>\n<span style=\"font-family: verdana, geneva, sans-serif; color: #000080;\"> &#8211; Les pronoms, adjectifs, comparatif et superlatif&#8230;\u00a0<\/span><br \/>\n<span style=\"color: #000080; font-family: verdana, geneva, sans-serif;\"> &#8211; La conjugaison aux temps simples des principaux verbes d&rsquo;action et d&rsquo;\u00e9tat.\u00a0<\/span><br \/>\n<span style=\"color: #000080; font-family: verdana, geneva, sans-serif;\"> &#8211; Les verbes modaux, leurs fonctions particuli\u00e8res.\u00a0<\/span><br \/>\n<span style=\"color: #000080; font-family: verdana, geneva, sans-serif;\"> &#8211; Les accords possibles entre les mots et exceptions.\u00a0<\/span><br \/>\n<span style=\"color: #000080; font-family: verdana, geneva, sans-serif;\"> &#8211; Les nuances d&#8217;emploi et concordances des temps.\u00a0<\/span><br \/>\n<span style=\"color: #000080; font-family: verdana, geneva, sans-serif;\"> &#8211; Quelques expressions idiomatiques et automatismes langagiers.\u00a0<\/span><br \/>\n<span style=\"color: #000080; font-family: verdana, geneva, sans-serif;\"> &#8211; La langue formelle ou informelle selon son interlocuteur.\u00a0<\/span><br \/>\n<span style=\"color: #000080; font-family: verdana, geneva, sans-serif;\"> &#8211; La relative, la subordonn\u00e9e, le report de discours, la voix passive.\u00a0<\/span><br \/>\n<span style=\"color: #000080; font-family: verdana, geneva, sans-serif;\"> &#8211; Le subjonctif, le plus-que-parfait, les concordances de temps.\u00a0<\/span><br \/>\n<span style=\"color: #000080; font-family: verdana, geneva, sans-serif;\">&#8230; (liste non exhaustive adapt\u00e9e aux besoins d\u00e9cel\u00e9s du stagiaire)\u00a0<\/span><\/p>\n<p><img loading=\"lazy\" decoding=\"async\" class=\"alignnone wp-image-14746 aligncenter\" src=\"https:\/\/www.leslanguessansstress.fr\/wp-content\/uploads\/2023\/05\/Methode-efficace-et-rapide-en-langues-sans-stress-300x194.jpg\" alt=\"\" width=\"231\" height=\"149\" srcset=\"https:\/\/www.leslanguessansstress.fr\/wp-content\/uploads\/2023\/05\/Methode-efficace-et-rapide-en-langues-sans-stress-300x194.jpg 300w, https:\/\/www.leslanguessansstress.fr\/wp-content\/uploads\/2023\/05\/Methode-efficace-et-rapide-en-langues-sans-stress-768x495.jpg 768w, https:\/\/www.leslanguessansstress.fr\/wp-content\/uploads\/2023\/05\/Methode-efficace-et-rapide-en-langues-sans-stress.jpg 806w\" sizes=\"auto, (max-width: 231px) 100vw, 231px\" \/><\/p>\n<p><span style=\"color: #ff6600; font-size: 24px;\"><span style=\"color: #000080; font-family: verdana, geneva, sans-serif;\">M\u00e9thode p\u00e9dagogique<\/span><\/span><\/p>\n<p style=\"font-weight: 400;\"><span style=\"color: #000080; font-family: verdana, geneva, sans-serif;\">Nous utilisons le processus d&rsquo;apprentissage universel d&rsquo;une langue maternelle, c&rsquo;est-\u00e0-dire que la traduction est bannie des cours pour vous immerger le plus souvent possible dans la langue d&rsquo;\u00e9tude.<\/span><br \/>\n<span style=\"color: #000080; font-family: verdana, geneva, sans-serif;\">Vous \u00e9coutez les sons en repairant les mots ou des images et un contexte d&rsquo;utilisation. <\/span><br \/>\n<span style=\"color: #000080; font-family: verdana, geneva, sans-serif;\">Vous r\u00e9p\u00e9tez ces sons, les mots et les phrases \u00e0 voix haute, toujours dans un contexte d&rsquo;\u00e9tude tr\u00e8s clair pour vous rep\u00e9rer et reconnaitre les mots d\u00e8s lors que vous vous laissez aller suffisamment sans chercher \u00e0 traduire.<\/span><br \/>\n<span style=\"color: #000080; font-family: verdana, geneva, sans-serif;\">Vous \u00e9coutez ensuite un dialogue entre natif ou un texte lu. <\/span><br \/>\n<span style=\"color: #000080; font-family: verdana, geneva, sans-serif;\">Votre seule d\u00e9marche est de <span style=\"text-decoration: underline;\">rep\u00e9rer ce que vous avez reconnu<\/span> : simples sons, mots ou phrases compl\u00e8tes. <\/span><br \/>\n<span style=\"color: #000080; font-family: verdana, geneva, sans-serif;\"><strong>\u2192<\/strong> Ne vous arr\u00eatez pas \u00e0 ce que vous ne comprenez pas encore, cela va venir avec la r\u00e9gularit\u00e9 de votre \u00e9tude et la pers\u00e9v\u00e9rance! <\/span><br \/>\n<span style=\"color: #000080; font-family: verdana, geneva, sans-serif;\">Privil\u00e9giez la confiance en vous et la r\u00e9p\u00e9tition des phrases \u00e0 voix haute, votre progression sera bient\u00f4t visible.\u00a0 <\/span><br \/>\n<span style=\"color: #000080; font-family: verdana, geneva, sans-serif;\"> Vous reprenez le dialogue ou le texte que vous lisez \u00e0 voix haute sur les paroles des natifs que vous \u00e9coutez en m\u00eame temps. <\/span><br \/>\n<span style=\"color: #000080; font-family: verdana, geneva, sans-serif;\">Les sons et mots ma\u00eetris\u00e9s, vous \u00e9tudierez la notion de grammaire et vous finissez par un entrainement cibl\u00e9 pour v\u00e9rifier que vous avez bien tout assimil\u00e9.<\/span><br \/>\n<span style=\"color: #000080; font-family: verdana, geneva, sans-serif;\">Vous mettez en pratique ces nouveaux acquis avec votre formatrice en individuel et en atelier pour une meilleure utilisation de la langue parl\u00e9e.\u00a0 <\/span><br \/>\n<span style=\"color: #000080; font-family: verdana, geneva, sans-serif;\">Vous r\u00e9visez vos cours \u00e0 voix haute pour les m\u00e9moriser (toutes les 5 \u00e0 10 le\u00e7ons selon la dur\u00e9e de la formation).<\/span><br \/>\n<span style=\"color: #000080; font-family: verdana, geneva, sans-serif;\">Vous envoyez r\u00e9guli\u00e8rement un petit r\u00e9sum\u00e9 de vos connaissances \u00e0 la formatrice dans la langue d&rsquo;\u00e9tude. <\/span><\/p>\n<p style=\"font-weight: 400;\"><strong><span style=\"color: #000080; font-family: verdana, geneva, sans-serif;\">Pr\u00e9paration mentale <\/span><\/strong><span style=\"color: #000080; font-family: verdana, geneva, sans-serif;\">: atelier d&rsquo;\u00e9coute et r\u00e9flexion sur son profil d&rsquo;apprenant <\/span><span style=\"color: #000080; font-family: verdana, geneva, sans-serif;\">avec s\u00e9ances d&rsquo;hypnose de relaxation pour mieux <\/span><span style=\"color: #000080; font-family: verdana, geneva, sans-serif;\">\u00e9couter et se concentrer sur le cours ou le dialogue immersif, aider \u00e0 m\u00e9moriser la le\u00e7on et prendre la parole en public, \u00e9viter la procrastination et le stress avant un test, etc.<\/span><\/p>\n<p><img loading=\"lazy\" decoding=\"async\" class=\"alignnone size-medium wp-image-10897 aligncenter\" src=\"https:\/\/www.leslanguessansstress.fr\/wp-content\/uploads\/2020\/10\/i-etre-bilingue-est-un-super-pouvoir-ameliore-votre-employabilite-facilite-les-voyages-cours-certifie-qualiopi-CPF-a-La-Rochette-e1614703060280-300x78.png\" alt=\"\" width=\"300\" height=\"78\" srcset=\"https:\/\/www.leslanguessansstress.fr\/wp-content\/uploads\/2020\/10\/i-etre-bilingue-est-un-super-pouvoir-ameliore-votre-employabilite-facilite-les-voyages-cours-certifie-qualiopi-CPF-a-La-Rochette-e1614703060280-300x78.png 300w, https:\/\/www.leslanguessansstress.fr\/wp-content\/uploads\/2020\/10\/i-etre-bilingue-est-un-super-pouvoir-ameliore-votre-employabilite-facilite-les-voyages-cours-certifie-qualiopi-CPF-a-La-Rochette-e1614703060280-768x200.png 768w, https:\/\/www.leslanguessansstress.fr\/wp-content\/uploads\/2020\/10\/i-etre-bilingue-est-un-super-pouvoir-ameliore-votre-employabilite-facilite-les-voyages-cours-certifie-qualiopi-CPF-a-La-Rochette-e1614703060280.png 778w\" sizes=\"auto, (max-width: 300px) 100vw, 300px\" \/><\/p>\n<p><span style=\"text-decoration: underline;\"><span style=\"color: #000080; text-decoration: underline;\"><span style=\"font-family: verdana, geneva, sans-serif;\">3 choix de modalit\u00e9 pour <span style=\"color: #3366ff; text-decoration: underline;\"><strong>apprendre l&rsquo;anglais selon vos besoins r\u00e9els<\/strong> <\/span>\u00e0 tous les niveaux m\u00eame initiation <\/span><\/span><\/span><br \/>\n<span style=\"color: #000080;\"><span style=\"font-family: verdana, geneva, sans-serif;\">\u00a0 &#8211; Cours immersif tout en <span style=\"font-family: verdana, geneva, sans-serif; caret-color: #000080;\"><span style=\"color: #3366ff;\">anglais<\/span>\u00a0<\/span><\/span><\/span><br \/>\n<span style=\"color: #000080;\"><span style=\"font-family: verdana, geneva, sans-serif; caret-color: #000080;\">\u00a0 &#8211; Cours du <span style=\"color: #0000ff;\">fran\u00e7ais<\/span> vers\u00a0<\/span><\/span><span style=\"color: #000080; font-family: verdana, geneva, sans-serif;\"><span style=\"caret-color: #000080;\">l&rsquo;<span style=\"color: #3366ff;\">anglais<\/span><\/span><\/span><br \/>\n<span style=\"color: #000080;\"><span style=\"font-family: verdana, geneva, sans-serif; caret-color: #000080;\">\u00a0 &#8211; Cours de langue LV1<span style=\"color: #3366ff;\">\u00a0<\/span>vers l&rsquo;<span style=\"color: #000080; font-family: verdana, geneva, sans-serif;\"><span style=\"caret-color: #000080;\"><span style=\"color: #3366ff;\">anglais<\/span><\/span><\/span><\/span><\/span><\/p>\n<p style=\"font-weight: 400;\"><span style=\"color: #000080; font-family: verdana, geneva, sans-serif; font-size: 24px;\">Moyens p\u00e9dagogiques\u00a0 \u00a0<\/span><\/p>\n<p><span style=\"color: #000080; font-family: verdana, geneva, sans-serif;\">&#8211; Cours pr\u00e9sentiel et distanciel<\/span><br \/>\n<span style=\"color: #000080; font-family: verdana, geneva, sans-serif;\"> &#8211; Face-\u00e0-face individuel et prise de parole face \u00e0 un petit public <\/span><br \/>\n<span style=\"color: #000080; font-family: verdana, geneva, sans-serif;\"> &#8211; Prestation avec techniques anti stress et hypnose de relaxation<\/span><br \/>\n<span style=\"color: #000080; font-family: verdana, geneva, sans-serif;\"> &#8211; Acce\u0300s e-learning ou manuel de langues et activit\u00e9s ludiques\u00a0\u00a0<\/span><br \/>\n<span style=\"color: #000080; font-family: verdana, geneva, sans-serif;\"> &#8211; Se\u0301quences vide\u0301o \/ <\/span><span style=\"color: #000080; font-family: verdana, geneva, sans-serif;\">Ecoute de pistes audio entre natifs et podcasts\u00a0<\/span><br \/>\n<span style=\"color: #000080; font-family: verdana, geneva, sans-serif;\"> &#8211; Tableaux blancs, \u00e9cran interactif, jeux de table (grammaire, structures et lexique)<\/span><br \/>\n<span style=\"color: #000080; font-family: verdana, geneva, sans-serif;\"> &#8211; Divers documents remis au stagiaire pour son \u00e9tude et son entrainement \u00a0<\/span><br \/>\n<span style=\"color: #000080; font-family: verdana, geneva, sans-serif;\"> &#8211; Tableau de suivi pe\u0301dagogique, d\u2019e\u0301valuation et des compe\u0301tences \u00a0<\/span><\/p>\n<h3 style=\"font-weight: 400;\"><span style=\"font-family: verdana, geneva, sans-serif; color: #3366ff;\"><span style=\"font-size: 28px;\">Se pr\u00e9parer sans stress au test de certification de ses nouvelles comp\u00e9tences en anglais\u00a0<\/span><\/span><\/h3>\n<h3 style=\"font-weight: 400;\"><span style=\"color: #000080; font-family: verdana, geneva, sans-serif;\">Modalit\u00e9s d&rsquo;\u00e9valuation de la formation pour valider la progression de la pr\u00e9paration au test de certification<\/span><\/h3>\n<p><span style=\"color: #000080; font-family: verdana, geneva, sans-serif;\">&#8212; <strong>Avant la formation<\/strong>\u00a0 &#8212;\u00a0<\/span><br \/>\n<span style=\"color: #000080; font-family: verdana, geneva, sans-serif;\">Auto-\u00e9valuation par le stagiaire de son niveau dans la langue cible et des objectifs qu&rsquo;il souhaite atteindre.<br \/>\nDiagnostic des besoins en langue et du profil d&rsquo;apprenant du stagiaire. <\/span><\/p>\n<p><span style=\"color: #000080; font-family: verdana, geneva, sans-serif;\">&#8212;<strong> Pendant la formation<\/strong> &#8212;\u00a0<\/span><br \/>\n<span style=\"color: #000080; font-family: verdana, geneva, sans-serif;\">Test de positionnement &amp; QCM, mini tests de progression, quizz, mises en situation, <\/span><br \/>\n<span style=\"color: #000080; font-family: verdana, geneva, sans-serif;\">Pr\u00e9paration par niveau a\u0300 la certification <\/span><br \/>\n<span style=\"color: #000080; font-family: verdana, geneva, sans-serif;\">Passage du test CLO\u00c9 validant un niveau de comp\u00e9tences en langue courante et professionnelle. <span style=\"font-family: verdana, geneva, sans-serif;\"><span style=\"color: #000080;\">\u00a0<b>\u00a0<\/b><\/span><\/span><\/span><\/p>\n<p><span style=\"color: #000080; font-family: verdana, geneva, sans-serif;\">&#8212; <strong>Apre\u0300s la formation<\/strong> &#8212;\u00a0\u00a0<\/span><br \/>\n<span style=\"color: #000080; font-family: verdana, geneva, sans-serif;\">Evaluation des compe\u0301tences cible\u0301es &amp; passage de la Certification CLOE (info et liens ci-dessous).<\/span><br \/>\n<span style=\"color: #000080; font-family: verdana, geneva, sans-serif;\">Evaluation \u00e0 chaud de la satisfaction du stagiaire<\/span><br \/>\n<span style=\"color: #000080; font-family: verdana, geneva, sans-serif;\">\u00c9valuation \u00e0 froid du stagiaire (apr\u00e8s quelques mois)<\/span><\/p>\n<p><img loading=\"lazy\" decoding=\"async\" class=\"alignnone wp-image-13669 aligncenter\" src=\"https:\/\/www.leslanguessansstress.fr\/wp-content\/uploads\/2022\/05\/Offre-de-formations-professionnelles-en-5-langues-sous-hypnose-pour-le-debutant-eligibles-CPF-300x188.jpeg\" alt=\"\" width=\"260\" height=\"163\" srcset=\"https:\/\/www.leslanguessansstress.fr\/wp-content\/uploads\/2022\/05\/Offre-de-formations-professionnelles-en-5-langues-sous-hypnose-pour-le-debutant-eligibles-CPF-300x188.jpeg 300w, https:\/\/www.leslanguessansstress.fr\/wp-content\/uploads\/2022\/05\/Offre-de-formations-professionnelles-en-5-langues-sous-hypnose-pour-le-debutant-eligibles-CPF-768x480.jpeg 768w, https:\/\/www.leslanguessansstress.fr\/wp-content\/uploads\/2022\/05\/Offre-de-formations-professionnelles-en-5-langues-sous-hypnose-pour-le-debutant-eligibles-CPF.jpeg 800w\" sizes=\"auto, (max-width: 260px) 100vw, 260px\" \/><\/p>\n<p style=\"font-weight: 400;\"><span style=\"color: #000080; font-family: verdana, geneva, sans-serif; font-size: 24px;\">Perspective professionnelle\u00a0\u00a0<\/span><\/p>\n<p><span style=\"color: #000080; font-family: verdana, geneva, sans-serif;\">Ouverture professionnelle vers des postes et secteurs ou m\u00e9tiers n\u00e9cessitant des <span style=\"color: #3366ff;\"><strong>connaissances \u00e9crites et une aisance \u00e0 l\u2019oral en anglais.<\/strong><\/span><\/span><br \/>\n<span style=\"color: #000080; font-family: verdana, geneva, sans-serif;\">Poursuivre la formation linguistique \u00e0 un niveau sup\u00e9rieur.\u00a0 <\/span><br \/>\n<span style=\"color: #000080; font-family: verdana, geneva, sans-serif;\">Comprendre les <a href=\"https:\/\/www.leslanguessansstress.fr\/index.php\/2023\/05\/21\/niveaux-cecrl\/\" target=\"_blank\" rel=\"noopener\">niveaux du CECRL<\/a> pour se situer avant, pendant et apr\u00e8s la formation .\u00a0<\/span><\/p>\n<p style=\"font-weight: 400; text-align: center;\"><span style=\"color: #000080; font-family: verdana, geneva, sans-serif;\"><strong> <img loading=\"lazy\" decoding=\"async\" class=\"alignnone size-medium wp-image-13204\" src=\"https:\/\/www.leslanguessansstress.fr\/wp-content\/uploads\/2022\/02\/Atelier-jeux-et-conversation-pour-adultes-qui-pratiquent-loral-en-langues-sans-stress-73110-La-Rochette-CPF-300x169.jpg\" alt=\"\" width=\"300\" height=\"169\" srcset=\"https:\/\/www.leslanguessansstress.fr\/wp-content\/uploads\/2022\/02\/Atelier-jeux-et-conversation-pour-adultes-qui-pratiquent-loral-en-langues-sans-stress-73110-La-Rochette-CPF-300x169.jpg 300w, https:\/\/www.leslanguessansstress.fr\/wp-content\/uploads\/2022\/02\/Atelier-jeux-et-conversation-pour-adultes-qui-pratiquent-loral-en-langues-sans-stress-73110-La-Rochette-CPF-1024x576.jpg 1024w, https:\/\/www.leslanguessansstress.fr\/wp-content\/uploads\/2022\/02\/Atelier-jeux-et-conversation-pour-adultes-qui-pratiquent-loral-en-langues-sans-stress-73110-La-Rochette-CPF-768x432.jpg 768w, https:\/\/www.leslanguessansstress.fr\/wp-content\/uploads\/2022\/02\/Atelier-jeux-et-conversation-pour-adultes-qui-pratiquent-loral-en-langues-sans-stress-73110-La-Rochette-CPF-1536x864.jpg 1536w, https:\/\/www.leslanguessansstress.fr\/wp-content\/uploads\/2022\/02\/Atelier-jeux-et-conversation-pour-adultes-qui-pratiquent-loral-en-langues-sans-stress-73110-La-Rochette-CPF-2048x1152.jpg 2048w, https:\/\/www.leslanguessansstress.fr\/wp-content\/uploads\/2022\/02\/Atelier-jeux-et-conversation-pour-adultes-qui-pratiquent-loral-en-langues-sans-stress-73110-La-Rochette-CPF-888x500.jpg 888w, https:\/\/www.leslanguessansstress.fr\/wp-content\/uploads\/2022\/02\/Atelier-jeux-et-conversation-pour-adultes-qui-pratiquent-loral-en-langues-sans-stress-73110-La-Rochette-CPF-800x450.jpg 800w\" sizes=\"auto, (max-width: 300px) 100vw, 300px\" \/><\/strong><\/span><\/p>\n<h3 style=\"font-weight: 400;\"><span style=\"font-family: verdana, geneva, sans-serif; color: #3366ff;\"><span style=\"font-size: 28px;\">Atelier de mise en pratique ludique des comp\u00e9tences professionnelles en anglais \u00e0 l&rsquo;oral\u00a0\u00a0<\/span><\/span><\/h3>\n<p style=\"font-weight: 400;\"><span style=\"color: #000080; font-family: verdana, geneva, sans-serif;\">Cette formation alterne sur place, en centre, apports th\u00e9oriques et exercices ludiques de mise en application des acquis avec entrainement e-learning pour construire des phrases correctes, choisir le vocabulaire selon la situation, prendre confiance en ses comp\u00e9tences face \u00e0 ses interlocuteurs professionnels. <\/span><br \/>\n<span style=\"color: #000080; font-family: verdana, geneva, sans-serif;\">L\u2019intervenante vous soutient dans vos prises de parole avec une correction bienveillante et explique les erreurs r\u00e9currentes.<\/span><br \/>\n<span style=\"color: #000080; font-family: verdana, geneva, sans-serif;\">Elle propose des exercices de grammaire sous forme de jeux, des mises en sc\u00e8ne ou activit\u00e9s ludiques ax\u00e9es sur le lexique et un accompagnement individualis\u00e9 adapt\u00e9 au niveau d&rsquo;\u00e9tude de votre programme. <\/span><br \/>\n<span style=\"color: #000080; font-family: verdana, geneva, sans-serif;\">Pendant l&rsquo;atelier \u00e0 l&rsquo;effectif restreint, son intervention est ponctuelle et l&rsquo;accompagnement individualis\u00e9 pour r\u00e9pondre \u00e0 chaque question selon le niveau de votre programme d&rsquo;\u00e9tude individuel.<\/span><\/p>\n<p><img loading=\"lazy\" decoding=\"async\" class=\"alignnone size-medium wp-image-14452 aligncenter\" src=\"https:\/\/www.leslanguessansstress.fr\/wp-content\/uploads\/2022\/04\/offre-prestations-Les-langues-sans-stress-300x209.jpg\" alt=\"\" width=\"300\" height=\"209\" srcset=\"https:\/\/www.leslanguessansstress.fr\/wp-content\/uploads\/2022\/04\/offre-prestations-Les-langues-sans-stress-300x209.jpg 300w, https:\/\/www.leslanguessansstress.fr\/wp-content\/uploads\/2022\/04\/offre-prestations-Les-langues-sans-stress.jpg 606w\" sizes=\"auto, (max-width: 300px) 100vw, 300px\" \/><\/p>\n<h3 style=\"font-weight: 400;\"><span style=\"font-family: verdana, geneva, sans-serif; color: #3366ff;\"><span style=\"font-size: 28px;\">\u00c9coute des dialogues sous hypnose et pr\u00e9paration mentale pour d\u00e9clencher de bons r\u00e9flexes en anglais.\u00a0<\/span><\/span><\/h3>\n<p style=\"font-weight: 400;\"><span style=\"color: #000080; font-family: verdana, geneva, sans-serif;\">Votre p<\/span><span style=\"font-family: verdana, geneva, sans-serif; color: #000080;\">arcours est personnalisable avec <strong>pr\u00e9par<span style=\"font-family: verdana, geneva, sans-serif;\">ation mentale pour d\u00e9clencher de bons r\u00e9flexes<\/span><\/strong> d&rsquo;\u00e9tude et h<\/span><span style=\"font-family: verdana, geneva, sans-serif; color: #000080;\">ypnose de relaxation d&rsquo;aide \u00e0 la compr\u00e9hension des dialogues entre natifs et d\u2019expression instinctive. <\/span><span style=\"color: #000080; font-family: verdana, geneva, sans-serif;\">Soutien d&rsquo;une coach motivante et toujours de bonne humeur pour <\/span><span style=\"color: #3366ff;\"><span style=\"font-family: verdana, geneva, sans-serif; font-weight: 400;\"><strong>vraiment prendre plaisir \u00e0 parler en anglais<\/strong><\/span><\/span><span style=\"color: #000080; font-family: verdana, geneva, sans-serif;\">!<\/span><\/p>\n<p>&nbsp;<\/p>\n<p style=\"font-weight: 400;\"><span style=\"font-family: verdana, geneva, sans-serif; color: #000080;\">MODALIT\u00c9S<\/span><\/p>\n<h3 style=\"font-weight: 400;\"><span style=\"font-family: verdana, geneva, sans-serif; color: #3366ff;\"><span style=\"font-size: 28px;\">Organisation de l&rsquo;action de formation anglais &#8211; CPF<\/span><\/span><\/h3>\n<p><span style=\"font-family: verdana, geneva, sans-serif; color: #000080;\"><strong>\u00a0&#8211; Dur\u00e9e<\/strong> : 1 \u00e0 9 mois, \u00a0adaptation \u00e0 vos besoins pour atteindre l\u2019objectif vis\u00e9.<\/span><br \/>\n<span style=\"font-family: verdana, geneva, sans-serif; color: #000080;\"><strong>\u00a0&#8211; Date et horaires<\/strong> : sur mesure (+ atelier mixte selon calendrier trimestriel du centre)<\/span><br \/>\n<span style=\"font-family: verdana, geneva, sans-serif; color: #000080;\"><strong>\u00a0&#8211; Lieu<\/strong> : en centre ou \u00e0 distance ou mixte \u00a0pre\u0301sentiel et en ligne <\/span><br \/>\n<span style=\"font-family: verdana, geneva, sans-serif; color: #000080;\"><strong>\u00a0&#8211; Situation de handicap<\/strong> : <span style=\"color: #993366;\"><a style=\"color: #993366;\" href=\"https:\/\/www.leslanguessansstress.fr\/index.php\/2023\/05\/08\/accessibilite-handicap\/\" target=\"_blank\" rel=\"noopener\">information et contact r\u00e9f\u00e9rente<\/a><\/span>\u00a0 <\/span><br \/>\n<span style=\"font-family: verdana, geneva, sans-serif; color: #000080;\"><strong>\u00a0&#8211; 100% des informations<\/strong> sont d\u00e9taill\u00e9es dans le LIVRET D&rsquo;ACCUEIL <\/span><br \/>\n<span style=\"font-family: verdana, geneva, sans-serif; color: #000080;\"><strong>\u00a0&#8211; Modalit\u00e9s des cours \u00a0: <\/strong>cours sur place avec dialogues sous hypnose et activit\u00e9s ludiques en centre ou atelier en Visio avec \u00e9changes directs entre formatrice et stagiaires en effectif restreint. Dialogues entre natifs sous hypnose en illimit\u00e9 entre les s\u00e9ances pr\u00e9sentielles pour d\u00e9velopper l&rsquo;oreille et l&rsquo;expression orale. Entrainement \u00e9crit mensuel pour validation des acquis en langue professionnelle &#8211; suivi asynchrone avec correction informative bienveillante. Grammaire en contexte pour une meilleure utilisation pendant ses fonctions.\u00a0<\/span><\/p>\n<p><span style=\"color: #000080; font-size: 24px;\"><span style=\"font-family: verdana, geneva, sans-serif;\">Pr\u00e9 requis <\/span><\/span><span style=\"color: #000080; font-size: 24px;\"><span style=\"font-family: verdana, geneva, sans-serif;\">\u00a0<\/span><\/span><\/p>\n<p><span style=\"color: #000080; font-family: verdana, geneva, sans-serif;\">1) <\/span><span style=\"color: #000080; font-family: verdana, geneva, sans-serif;\">Ce programme est adapt\u00e9 au vrai d\u00e9butant avec une dur\u00e9e totale d&rsquo;au moins\u00a0 60 heures d&rsquo;\u00e9tude pour atteindre le niveau Seuil A2. Ce temps pr\u00e9conis\u00e9 est d\u00e9termin\u00e9 par le test de positionnement et les besoins d\u00e9cel\u00e9s en d\u00e9but de formation. Votre apprentissage peut \u00eatre plus ou moins long selon votre profil d&rsquo;apprenant. \u00a0<\/span><br \/>\n<span style=\"color: #000080; font-family: verdana, geneva, sans-serif;\">2) <span style=\"text-decoration: underline;\">Cours<\/span> : disposer d&rsquo;un ordinateur ou d&rsquo;un Smartphone\/iPhone, tablette avec connexion Internet.<br \/>\nNe pas \u00eatre en situation d&rsquo;illettrisme.*<\/span><br \/>\n<span style=\"color: #000080; font-family: verdana, geneva, sans-serif;\">3) <span style=\"text-decoration: underline;\">Test de certification<\/span> : disposer d&rsquo;un ordinateur avec une bonne connexion Internet. <\/span><br \/>\n<span style=\"color: #000080; font-family: verdana, geneva, sans-serif;\">Avoir suivi la formation pour comprendre les informations et les questions orales et \u00e9crites du test. Vous pouvez passer votre test depuis le centre de formation avec une pr\u00e9paration immersive juste avant de le commencer!\u00a0<\/span><\/p>\n<p><span style=\"color: #000080; font-family: verdana, geneva, sans-serif; font-size: 20px;\">NIVEAU : <\/span><br \/>\n<span style=\"color: #000080; font-family: verdana, geneva, sans-serif;\">Programme adaptatif entre les niveaux d\u00e9butant \u00e0 interm\u00e9diaire avanc\u00e9. \u00a0A1 \u00e0 B2.<\/span><\/p>\n<p><span style=\"color: #000080; font-family: verdana, geneva, sans-serif; font-size: 20px;\">POINTS FORTS :<\/span><br \/>\n<span style=\"color: #000080; font-family: verdana, geneva, sans-serif;\">Niveau adaptable. R\u00e9vision autonome e-learning. <\/span><br \/>\n<span style=\"color: #000080; font-family: verdana, geneva, sans-serif;\">Ecoute des dialogues sous hypnose de relaxation pour abaisser le stress. <\/span><br \/>\n<span style=\"color: #000080; font-family: verdana, geneva, sans-serif;\">Entretien avec formatrice hypnoth\u00e9rapeute tr\u00e8s patiente d\u00e9di\u00e9e \u00e0 votre \u00e9coute. <\/span><br \/>\n<span style=\"color: #000080; font-family: verdana, geneva, sans-serif;\">Correction bienveillante et explicative des erreurs.<\/span><\/p>\n<p><span style=\"color: #000080; font-family: verdana, geneva, sans-serif; font-size: 20px;\"><span style=\"font-size: 16px;\">Information compl\u00e8te :<\/span> <a href=\"https:\/\/www.leslanguessansstress.fr\/index.php\/2023\/11\/27\/livret-daccueil-du-stagiaire\/\" target=\"_blank\" rel=\"noopener\">LIVRET D&rsquo;ACCUEIL DU STAGIAIRE<\/a><\/span><\/p>\n<h3 style=\"font-weight: 400;\"><\/h3>\n<h3 style=\"font-weight: 400;\"><span style=\"font-family: verdana, geneva, sans-serif; color: #3366ff; font-size: 24px;\">Prix de la formation CPF en anglais professionnel sans stress<\/span><\/h3>\n<p><span style=\"font-family: verdana, geneva, sans-serif; color: #000080;\">Veuillez vous rendre sur notre <span style=\"color: #0000ff;\"><span style=\"font-size: 20px;\"><a style=\"color: #0000ff;\" href=\"https:\/\/www.leslanguessansstress.fr\/index.php\/2023\/12\/12\/offres-cpf-2023\/\" target=\"_blank\" rel=\"noopener\">page Offres CPF<\/a><\/span>.<\/span><\/span><\/p>\n<h3><span style=\"color: #000080; font-family: arial, helvetica, sans-serif;\">MODALIT\u00c9S<\/span><\/h3>\n<div class=\"mcf-title-and-illustration-wrapper\">\n<div class=\"mcf-card-title-wrapper\">\n<p class=\"mcf-card-title-subwrapper\"><span style=\"color: #000080; font-family: arial, helvetica, sans-serif;\"><strong>Langue<\/strong> : Anglais \u00a0\u00a0<\/span><br \/>\n<span style=\"color: #000080; font-family: arial, helvetica, sans-serif;\">Lorsque le niveau d&rsquo;entr\u00e9e le permet, ce cours peut se d\u00e9rouler enti\u00e8rement en langue anglaise, hypnose comprise. <\/span><br \/>\n<span style=\"color: #000080; font-family: arial, helvetica, sans-serif;\"><strong>Pr\u00e9requis<\/strong> : Avoir les bases <strong>niveau A2 en ANGLAIS<\/strong> courant avec la volont\u00e9 d&rsquo;enrichir son vocabulaire et approfondir la grammaire. <\/span><br \/>\n<span style=\"color: #000080; font-family: arial, helvetica, sans-serif;\"><strong>Handicap<\/strong> : Veuillez contacter la r\u00e9f\u00e9rente pour discuter d&rsquo;un possible am\u00e9nagement des cours. <\/span><br \/>\n<span style=\"color: #000080; font-family: arial, helvetica, sans-serif;\">Si vous \u00eates en situation d&rsquo;illettrisme, un module pr\u00e9paratoire \u00e0 la lecture vous est propos\u00e9 en amont de la formation certifiante.\u00a0 <\/span><br \/>\n<span style=\"color: #000080; font-family: arial, helvetica, sans-serif;\"><strong>Dur\u00e9e<\/strong> : 3-6 mois d\u2019affil\u00e9e <\/span><br \/>\n<span style=\"color: #000080; font-family: arial, helvetica, sans-serif;\"><strong>Effort<\/strong> : 65 heures <\/span><br \/>\n<span style=\"color: #000080; font-family: arial, helvetica, sans-serif;\"><strong>Rythme<\/strong> : ~3\/5 heures\/semaine <\/span><br \/>\n<span style=\"color: #000080; font-family: arial, helvetica, sans-serif;\"><strong>Entretiens<\/strong> : 40 avec formatrice \u00a0 <\/span><br \/>\n<span style=\"color: #000080; font-family: arial, helvetica, sans-serif;\"><strong>Intervenante<\/strong> : formatrice\u00a0<\/span><span style=\"color: #000080; font-family: arial, helvetica, sans-serif;\">exp\u00e9riment\u00e9e et r\u00e9f\u00e9renc\u00e9e en 5 langues, gestion du stress et pr\u00e9paration mentale\u00a0<\/span><br \/>\n<span style=\"color: #000080; font-family: arial, helvetica, sans-serif;\"><span style=\"caret-color: #000080;\"><b>Validation <\/b><\/span>: Bilans de progression, \u00e9margement individuel ateliers d&rsquo;\u00e9tude et entrelacement + cours et entretiens pr\u00e9sentiels, auto\u00e9valuation des connaissances acquises, questionnaire satisfaction, attestation fin de formation, certification possible (obligatoire si CPF activ\u00e9) \u00a0<\/span><br \/>\n<span style=\"color: #000080; font-family: arial, helvetica, sans-serif;\"><strong>Flexibilit\u00e9 du calendrier<\/strong> : les entretiens sont \u00e0 poser ensemble selon votre disponibilit\u00e9 en amont de la formation. <\/span><br \/>\n<span style=\"color: #000080; font-family: arial, helvetica, sans-serif;\"><strong>Cours sur-mesure<\/strong> : Tous les parcours sont personnalisables aux besoins d\u00e9tect\u00e9s et au profil de l&rsquo;apprenant. <\/span><br \/>\n<span style=\"color: #000080; font-family: arial, helvetica, sans-serif;\">Le tarif peut varier pour \u00eatre adapt\u00e9 aux nouveaux param\u00e8tres en augmentant ou r\u00e9duisant le nombre des entretiens pr\u00e9sentiels et la dur\u00e9e de la formation (proposition\/devis). <\/span><br \/>\n<span style=\"color: #000080; font-family: arial, helvetica, sans-serif;\"><strong>Tarif<\/strong> : 4950\u20ac \u00a0&#8211; <a href=\"https:\/\/www.moncompteformation.gouv.fr\/espace-prive\/html\/#\/formation\/recherche\/81794041400029_ESFC\/81794041400029_ESFC?contexteFormation=ACTIVITE_PROFESSIONNELLE\" target=\"_blank\" rel=\"noopener\">65 heures &#8211; CLO\u00c9 Validit\u00e9 de l&rsquo;offre MCF : 15\/11\/2026 R\u00c9F\u00c9RENCE MCF<\/a> \u21d2 Introduction des le\u00e7ons sous hypnose de relaxation possible selon besoins du stagiaire et s\u00e9ances d\u00e9di\u00e9es \u00e0 l&rsquo;immersion en espagnol favorisant la prise de parole instinctive, la concentration, la confiance en soi, la gestion des questions du public, etc.. <\/span><br \/>\n<span style=\"color: #000080; font-family: arial, helvetica, sans-serif;\"><strong>Financement<\/strong> : tous dont le CPF<\/span><\/p>\n<\/div>\n<\/div>\n<p><span style=\"font-size: 16px; font-family: arial, helvetica, sans-serif; color: #000080;\"><img loading=\"lazy\" decoding=\"async\" class=\"alignnone wp-image-14157 aligncenter\" src=\"https:\/\/www.leslanguessansstress.fr\/wp-content\/uploads\/2022\/10\/Mon-compte-formation-CPF-les-langues-sans-stress-300x159.jpg\" alt=\"\" width=\"232\" height=\"123\" srcset=\"https:\/\/www.leslanguessansstress.fr\/wp-content\/uploads\/2022\/10\/Mon-compte-formation-CPF-les-langues-sans-stress-300x159.jpg 300w, https:\/\/www.leslanguessansstress.fr\/wp-content\/uploads\/2022\/10\/Mon-compte-formation-CPF-les-langues-sans-stress.jpg 646w\" sizes=\"auto, (max-width: 232px) 100vw, 232px\" \/><\/span><\/p>\n<h1 style=\"font-weight: 400;\"><span style=\"color: #ff0000; font-size: 20px;\"><span style=\"font-family: arial, helvetica, sans-serif;\">Espagnol professionnel &#8211; remise \u00e0 niveau orale subliminale<\/span><span style=\"font-family: arial, helvetica, sans-serif;\">\u00a0&#8211; <\/span><span style=\"font-family: arial, helvetica, sans-serif;\">\u00e9ligible au budget CPF \u00a0<\/span><\/span><\/h1>\n<p><span style=\"font-size: 16px; font-family: arial, helvetica, sans-serif;\"><span style=\"color: #000080;\">Ce parcours est \u00e9ligible au financement CPF depuis la plateforme MCF. Il inclut automatiquement la pr\u00e9paration et la pr\u00e9sentation au Test de certification CLO\u00c9 ESPAGNOL RS6437 inscription valide jusqu&rsquo;au 15-11-2026. Le stagiaire doit se pr\u00e9senter aux deux parties du test pour d\u00e9clencher le financement de sa formation continue professionnelle s&rsquo;il choisit d&rsquo;utiliser son budget CPF.\u00a0<\/span><\/span><\/p>\n<p><span style=\"font-size: 16px; font-family: arial, helvetica, sans-serif;\"><span style=\"color: #000080;\">Cette formation est con\u00e7ue sur mesure : le niveau du programme, sa dur\u00e9e, la fr\u00e9quence et le nombre des entretiens pr\u00e9sentiels avec la formatrice hypnoth\u00e9rapeute sont adaptables \u00e0 votre budget pour s&rsquo;adapter \u00e0 votre profil d&rsquo;apprenant et besoins d\u00e9cel\u00e9s ou contraintes. \u00a0<\/span><\/span><\/p>\n<p><span style=\"font-size: 16px; font-family: arial, helvetica, sans-serif;\"><span style=\"color: #000080;\">Les parcours d&rsquo;entrainement sur plateforme en pr\u00e9sentiel avec la formatrice vont de 3 \u00e0 9 mois. L&rsquo;accompagnement mixte ou individualis\u00e9 peut \u00eatre d\u00e9cal\u00e9 des dur\u00e9es impos\u00e9es par la plateforme d&rsquo;\u00e9tude : discutez-en avec nous en amont de la formation choisie. <\/span><\/span><\/p>\n<p><span style=\"font-size: 16px; font-family: arial, helvetica, sans-serif;\"><span style=\"color: #000080;\">L&rsquo;hypnose n&rsquo;est pas une obligation, c&rsquo;est un outil mental pour d\u00e9bloquer des freins et sublimer votre compr\u00e9hension autant que votre expression orale dans la langue choisie.<\/span><\/span><\/p>\n<h3 style=\"font-weight: 400;\"><span style=\"font-family: verdana, geneva, sans-serif; color: #3366ff;\"><span style=\"font-size: 28px;\">Activez votre CPF pour suivre cette formation d&rsquo;anglais courant et professionnel avec ressources antistress pour la prise de parole en public<\/span><\/span><\/h3>\n<p style=\"text-align: center;\"><img loading=\"lazy\" decoding=\"async\" class=\"alignnone size-medium wp-image-14157\" src=\"https:\/\/www.leslanguessansstress.fr\/wp-content\/uploads\/2022\/10\/Mon-compte-formation-CPF-les-langues-sans-stress-300x159.jpg\" alt=\"\" width=\"300\" height=\"159\" srcset=\"https:\/\/www.leslanguessansstress.fr\/wp-content\/uploads\/2022\/10\/Mon-compte-formation-CPF-les-langues-sans-stress-300x159.jpg 300w, https:\/\/www.leslanguessansstress.fr\/wp-content\/uploads\/2022\/10\/Mon-compte-formation-CPF-les-langues-sans-stress.jpg 646w\" sizes=\"auto, (max-width: 300px) 100vw, 300px\" \/><\/p>\n<p><span style=\"color: #000080; font-size: 24px;\"><span style=\"font-family: verdana, geneva, sans-serif;\">Contact<\/span><\/span><\/p>\n<p><span style=\"color: #000080; font-family: verdana, geneva, sans-serif;\"><strong><a href=\"https:\/\/www.leslanguessansstress.fr\/index.php\/nous-contacter\/\" target=\"_blank\" rel=\"noopener\"><span style=\"color: #993366;\">Nous contacter<\/span><\/a><\/strong> depuis notre site internet pour fixer un rendez-vous ou entretien t\u00e9l\u00e9phonique. <\/span><br \/>\n<span style=\"color: #000080; font-family: verdana, geneva, sans-serif;\">Nous vous invitons \u00e0 prendre connaissance des CGV, du r\u00e8glement int\u00e9rieur, des modalit\u00e9s de cette formation personnalisable et de la m\u00e9thode Les langues sans stress avant toute inscription en lisant le <\/span><strong><span style=\"color: #993366;\"><a style=\"color: #993366; font-family: verdana, geneva, sans-serif;\" href=\"https:\/\/www.leslanguessansstress.fr\/index.php\/2023\/03\/24\/livret-daccueil-stagiaire\/\" target=\"_blank\" rel=\"noopener\">Livret d&rsquo;accueil du stagiaire<\/a><\/span><span style=\"color: #000080; font-family: verdana, geneva, sans-serif;\">. <\/span><\/strong><\/p>\n<p><img loading=\"lazy\" decoding=\"async\" class=\" wp-image-14742 aligncenter\" src=\"https:\/\/www.leslanguessansstress.fr\/wp-content\/uploads\/2023\/05\/entrainement-en-langues-sans-stress-a-La-Rochette-300x266.jpg\" alt=\"\" width=\"208\" height=\"184\" srcset=\"https:\/\/www.leslanguessansstress.fr\/wp-content\/uploads\/2023\/05\/entrainement-en-langues-sans-stress-a-La-Rochette-300x266.jpg 300w, https:\/\/www.leslanguessansstress.fr\/wp-content\/uploads\/2023\/05\/entrainement-en-langues-sans-stress-a-La-Rochette.jpg 674w\" sizes=\"auto, (max-width: 208px) 100vw, 208px\" \/><\/p>\n<h2 style=\"font-weight: 400;\"><span style=\"font-family: verdana, geneva, sans-serif; color: #3366ff;\"><span style=\"font-size: 28px;\">Situation de handicap &#8211; illettrisme &#8211; difficult\u00e9s \u00e0 apprendre :<\/span><\/span><\/h2>\n<h3 style=\"font-weight: 400;\"><span style=\"font-family: verdana, geneva, sans-serif; color: #ff0000; font-size: 16px;\"><span style=\"color: #000080; font-family: verdana, geneva, sans-serif;\">Apprendre \u00e0 parler une langue ne n\u00e9cessite pas forc\u00e9ment savoir lire et \u00e9crire. Ni se tenir droit, ni rester immobile, articuler ou r\u00e9pondre du tac au tac. <\/span><\/span><\/h3>\n<h3 style=\"font-weight: 400;\"><span style=\"font-family: verdana, geneva, sans-serif; color: #ff0000; font-size: 16px;\"><span style=\"color: #000080; font-family: verdana, geneva, sans-serif;\"><span style=\"font-size: 20px;\">Vous \u00eates diff\u00e9rent? Nous aussi !<\/span><\/span><br \/>\n<span style=\"color: #000080; font-family: verdana, geneva, sans-serif;\">Nous contacter en amont de la formation pour un accompagnement tr\u00e8s discret et cibl\u00e9 qui vous permettra de participer aux ateliers ludiques de mise en pratique de vos connaissances au sein d&rsquo;un groupe convivial, parce qu&rsquo;une langue se parle avant de s&rsquo;\u00e9crire et sert \u00e0 rapprocher les \u00eatres humains.\u00a0<\/span><\/span><\/h3>\n<p><strong><span style=\"color: #000080; font-family: verdana, geneva, sans-serif;\">\u00a0* <\/span><\/strong><span style=\"color: #000080; font-family: verdana, geneva, sans-serif;\">Nous avons \u00e0 c\u0153ur d&rsquo;accueillir chaque candidat et de l&rsquo;accompagner avec passion et <\/span><span style=\"color: #000080; font-family: verdana, geneva, sans-serif;\"><span style=\"caret-color: #000080;\">bienveillance<\/span> vers la certification de son choix quel que soit son niveau de d\u00e9part. L&rsquo;\u00e2ge, le handicap, l&rsquo;illettrisme et <\/span><span style=\"color: #000080; font-family: verdana, geneva, sans-serif;\">l&rsquo;analphab\u00e9tisme ne sont pas des freins \u00e0 l&rsquo;apprentissage des langues vivantes. Chacun a le droit d&rsquo;avancer \u00e0 son rythme avec un soutien d\u00e9di\u00e9 similaire \u00e0 celui propos\u00e9 \u00e0 une personne sans handicap ou difficult\u00e9s diverses <span style=\"caret-color: #000080;\">d&rsquo;apprentissage, mais avec des ressources et un suivi adapt\u00e9s pour rester heureux d&rsquo;apprendre et pr\u00eats \u00e0 \u00e9changer dans la langue d&rsquo;\u00e9tude avec le monde entier. <span style=\"color: #993366;\"><a style=\"color: #993366;\" href=\"https:\/\/www.leslanguessansstress.fr\/index.php\/2023\/05\/08\/accessibilite-handicap\/\" target=\"_blank\" rel=\"noopener\">R\u00e9f\u00e9rente Handicap \u00e0 votre \u00e9coute<\/a><\/span>.<\/span><\/span><\/p>\n<p><img loading=\"lazy\" decoding=\"async\" class=\"alignnone wp-image-11581 aligncenter\" src=\"https:\/\/www.leslanguessansstress.fr\/wp-content\/uploads\/2021\/02\/hypnose-prestations-anglais-franc\u0327ais-langues-sans-stress-300x193.png\" alt=\"\" width=\"249\" height=\"160\" srcset=\"https:\/\/www.leslanguessansstress.fr\/wp-content\/uploads\/2021\/02\/hypnose-prestations-anglais-franc\u0327ais-langues-sans-stress-300x193.png 300w, https:\/\/www.leslanguessansstress.fr\/wp-content\/uploads\/2021\/02\/hypnose-prestations-anglais-franc\u0327ais-langues-sans-stress-768x495.png 768w, https:\/\/www.leslanguessansstress.fr\/wp-content\/uploads\/2021\/02\/hypnose-prestations-anglais-franc\u0327ais-langues-sans-stress.png 989w\" sizes=\"auto, (max-width: 249px) 100vw, 249px\" \/><\/p>\n<h2 style=\"font-weight: 400;\"><span style=\"font-family: verdana, geneva, sans-serif; color: #d98302;\"><span style=\"font-size: 28px;\"><span style=\"color: #008000;\"><span style=\"color: #3366ff;\">Apprendre \u00e0 dialoguer en anglais sous hypnose de relaxation<\/span> <\/span>\u00a0<\/span><\/span><\/h2>\n<p><span style=\"color: #000080;\"><span style=\"font-family: verdana, geneva, sans-serif;\">Parce que <strong>bien apprendre commence par une bonne relaxation et un esprit disponible \u00e0 l&rsquo;\u00e9tude.<\/strong><\/span><\/span><br \/>\n<span style=\"font-family: verdana, geneva, sans-serif; color: #000080;\">Deux questionnaires tr\u00e8s personnels vous aident \u00e0 vous situer imm\u00e9diatement en communication et \u00e0 reconna\u00eetre votre profil d&rsquo;apprenant puis vos besoins r\u00e9els pour atteindre des objectifs qui peuvent avoir chang\u00e9s en remplissant ces deux questionnaires!<\/span><br \/>\n<span style=\"font-family: verdana, geneva, sans-serif; color: #000080;\">La pr\u00e9paration aide \u00e0 reconna\u00eetre sa fa\u00e7on d&rsquo;\u00eatre et donc d&rsquo;apprendre efficacement. <\/span><br \/>\n<span style=\"font-family: verdana, geneva, sans-serif; color: #000080;\">Mettre en place des ressources personnelles pour se d\u00e9barrasser des tracas du quotidien ou d&rsquo;un stress, lib\u00e8re l&rsquo;esprit et concentre l&rsquo;\u00e9nergie n\u00e9cessaire \u00e0 l&rsquo;apprentissage de la langue \u00e9trang\u00e8re. <\/span><br \/>\n<span style=\"font-family: verdana, geneva, sans-serif; color: #000080;\">L&rsquo;hypnose de relaxation aide \u00e0 se concentrer, m\u00e9moriser, se motiver, prendre la parole en public, retrouver ses mots lors d&rsquo;un entretien, am\u00e9liorer sa confiance en soi, fluidifier son discours, abaisser le stress avant une rencontre ou un test, etc. <\/span><br \/>\n<span style=\"font-size: 14px;\"><strong><span style=\"font-family: verdana, geneva, sans-serif; color: #000080;\">Pend<\/span><\/strong><strong><span style=\"font-family: verdana, geneva, sans-serif; color: #000080;\">ant la s\u00e9ance, le stagia<\/span><\/strong><strong><span style=\"font-family: verdana, geneva, sans-serif; color: #000080;\">ire reste \u00e9veill\u00e9 car il do<\/span><\/strong><strong><span style=\"font-family: verdana, geneva, sans-serif; color: #000080;\">it se souvenir de ce qu&rsquo;il apprend et rester tr\u00e8s \u00e0 l&rsquo;\u00e9coute pour <\/span><span style=\"font-family: verdana, geneva, sans-serif; color: #000080;\">ret<\/span><span style=\"font-family: verdana, geneva, sans-serif; color: #000080;\">enir les informations et nouveaux moyens d&rsquo;ap<\/span><\/strong><span style=\"text-decoration: underline;\"><strong><span style=\"font-family: verdana, geneva, sans-serif; color: #000080; text-decoration: underline;\">prend<\/span><\/strong><\/span><strong><span style=\"font-family: verdana, geneva, sans-serif; color: #000080;\">re mis en place qu&rsquo;il appliquera d\u00e8s la fin de la s\u00e9ance<\/span><\/strong><strong><span style=\"font-family: verdana, geneva, sans-serif; color: #000080;\">.\u00a0<\/span><\/strong><\/span><br \/>\n<span style=\"font-family: verdana, geneva, sans-serif; color: #000080;\">Certaines le\u00e7ons contiennent des <span style=\"text-decoration: underline;\">dialogues du quotidien pr\u00e9sent\u00e9s sous hypnose de relaxation<\/span> pour d\u00e9velopper l&rsquo;oreille et am\u00e9liorer l&rsquo;expression orale plus rapidement. Certaines s\u00e9ances de pr\u00e9paration mentale se d\u00e9roulent enti\u00e8rement dans la langue cible (selon niveau du stagiaire)\u00a0<\/span><\/p>\n<h2 style=\"font-weight: 400;\"><span style=\"font-family: verdana, geneva, sans-serif; color: #d98302; font-size: 16px;\"><span style=\"color: #008000;\"><span style=\"color: #3366ff;\">Formatrice-hypnoth\u00e9rapeute bilingue d\u00e9di\u00e9e \u00e0 votre \u00e9coute pour personnaliser votre parcours\u00a0<\/span><\/span><\/span><\/h2>\n<p>&nbsp;<\/p>\n","protected":false},"excerpt":{"rendered":"<p>R\u00e9f FQ GBFC2025 Pr\u00e9paration sans stress \u00e0 la certification en anglais courant dans un contexte<\/p>\n","protected":false},"author":1,"featured_media":16457,"comment_status":"closed","ping_status":"open","sticky":false,"template":"","format":"standard","meta":{"footnotes":""},"categories":[127,348],"tags":[108,575,255,386,202,460],"class_list":["post-18215","post","type-post","status-publish","format-standard","has-post-thumbnail","hentry","category-anglais","category-cpf-certificats","tag-anglais","tag-certification","tag-grammaire","tag-initiation","tag-perfectionnement","tag-programme"],"_links":{"self":[{"href":"https:\/\/www.leslanguessansstress.fr\/index.php\/wp-json\/wp\/v2\/posts\/18215","targetHints":{"allow":["GET"]}}],"collection":[{"href":"https:\/\/www.leslanguessansstress.fr\/index.php\/wp-json\/wp\/v2\/posts"}],"about":[{"href":"https:\/\/www.leslanguessansstress.fr\/index.php\/wp-json\/wp\/v2\/types\/post"}],"author":[{"embeddable":true,"href":"https:\/\/www.leslanguessansstress.fr\/index.php\/wp-json\/wp\/v2\/users\/1"}],"replies":[{"embeddable":true,"href":"https:\/\/www.leslanguessansstress.fr\/index.php\/wp-json\/wp\/v2\/comments?post=18215"}],"version-history":[{"count":1,"href":"https:\/\/www.leslanguessansstress.fr\/index.php\/wp-json\/wp\/v2\/posts\/18215\/revisions"}],"predecessor-version":[{"id":18216,"href":"https:\/\/www.leslanguessansstress.fr\/index.php\/wp-json\/wp\/v2\/posts\/18215\/revisions\/18216"}],"wp:featuredmedia":[{"embeddable":true,"href":"https:\/\/www.leslanguessansstress.fr\/index.php\/wp-json\/wp\/v2\/media\/16457"}],"wp:attachment":[{"href":"https:\/\/www.leslanguessansstress.fr\/index.php\/wp-json\/wp\/v2\/media?parent=18215"}],"wp:term":[{"taxonomy":"category","embeddable":true,"href":"https:\/\/www.leslanguessansstress.fr\/index.php\/wp-json\/wp\/v2\/categories?post=18215"},{"taxonomy":"post_tag","embeddable":true,"href":"https:\/\/www.leslanguessansstress.fr\/index.php\/wp-json\/wp\/v2\/tags?post=18215"}],"curies":[{"name":"wp","href":"https:\/\/api.w.org\/{rel}","templated":true}]}}