{"id":18193,"date":"2025-06-28T07:41:54","date_gmt":"2025-06-28T05:41:54","guid":{"rendered":"https:\/\/www.leslanguessansstress.fr\/?p=18193"},"modified":"2025-06-29T07:42:42","modified_gmt":"2025-06-29T05:42:42","slug":"espagnol-entretiens-cpf","status":"publish","type":"post","link":"https:\/\/www.leslanguessansstress.fr\/index.php\/2025\/06\/28\/espagnol-entretiens-cpf\/","title":{"rendered":"Espagnol entretiens CPF"},"content":{"rendered":"<p style=\"font-weight: 400;\"><span style=\"font-family: arial, helvetica, sans-serif; color: #000080; font-size: 24px;\"><span style=\"font-size: 8px;\">Texte lu de pr\u00e9f\u00e9rence depuis un ordinateur<\/span><\/span><\/p>\n<p><span style=\"font-family: arial, helvetica, sans-serif; color: #000080; font-size: 24px;\"><img loading=\"lazy\" decoding=\"async\" class=\"alignnone wp-image-14383 aligncenter\" src=\"https:\/\/www.leslanguessansstress.fr\/wp-content\/uploads\/2022\/10\/QUALIOPI-action-de-formation-renouvele\u0301-20221009-Les-langues-sans-stress--300x193.jpg\" alt=\"\" width=\"194\" height=\"125\" srcset=\"https:\/\/www.leslanguessansstress.fr\/wp-content\/uploads\/2022\/10\/QUALIOPI-action-de-formation-renouvele\u0301-20221009-Les-langues-sans-stress--300x193.jpg 300w, https:\/\/www.leslanguessansstress.fr\/wp-content\/uploads\/2022\/10\/QUALIOPI-action-de-formation-renouvele\u0301-20221009-Les-langues-sans-stress--1024x660.jpg 1024w, https:\/\/www.leslanguessansstress.fr\/wp-content\/uploads\/2022\/10\/QUALIOPI-action-de-formation-renouvele\u0301-20221009-Les-langues-sans-stress--768x495.jpg 768w, https:\/\/www.leslanguessansstress.fr\/wp-content\/uploads\/2022\/10\/QUALIOPI-action-de-formation-renouvele\u0301-20221009-Les-langues-sans-stress-.jpg 1504w\" sizes=\"auto, (max-width: 194px) 100vw, 194px\" \/><\/span><\/p>\n<h1 style=\"font-weight: 400;\"><span style=\"font-family: arial, helvetica, sans-serif; color: #ff0000; font-size: 24px;\">Espagnol ax\u00e9 entretiens professionnels et dialogues sous hypnose de relaxation\u00a0<\/span><\/h1>\n<h3 style=\"font-weight: 400;\"><span style=\"font-family: arial, helvetica, sans-serif; color: #000080; font-size: 16px;\">Cette formation d&rsquo;espagnol peut se d\u00e9rouler avec des le\u00e7ons sous hypnose en fran\u00e7ais dans un premier temps, puis en espagnol. Elle est \u00e9ligible au CPF favorisant le d\u00e9veloppement professionnel.<\/span><\/h3>\n<div class=\"mcf-title-and-illustration-wrapper\">\n<div class=\"mcf-card-title-wrapper\">\n<h4 class=\"mcf-card-title-subwrapper\"><span style=\"color: #000080; font-family: arial, helvetica, sans-serif;\">Objectif<\/span><\/h4>\n<\/div>\n<\/div>\n<p><span style=\"font-family: arial, helvetica, sans-serif; color: #000080;\">Consolider les bases de la communication (vocabulaire, grammaire, conjugaison, orthographe et syntaxe). <\/span><br \/>\n<span style=\"font-family: arial, helvetica, sans-serif; color: #000080;\">D\u00e9velopper les principales comp\u00e9tences en langue espagnole requises par le r\u00e9f\u00e9rentiel du CPF. <\/span><br \/>\n<span style=\"font-family: arial, helvetica, sans-serif; color: #000080;\">R\u00e9activer ses connaissances en espagnol courant et \u00e9largir son vocabulaire selon le contexte socioprofessionnel vis\u00e9. <\/span><br \/>\n<span style=\"font-family: arial, helvetica, sans-serif; color: #000080;\">Am\u00e9liorer la prononciation des mots et des liaisons. <\/span><br \/>\n<span style=\"font-family: arial, helvetica, sans-serif; color: #000080;\">D\u00e9velopper la compr\u00e9hension et la fluidit\u00e9 \u00e0 l&rsquo;oral. <\/span><br \/>\n<span style=\"font-family: arial, helvetica, sans-serif; color: #000080;\">Pouvoir anticiper et r\u00e9pondre en espagnol aux questions d&rsquo;un interlocuteur certificateur ou lors d&rsquo;une embauche. <\/span><br \/>\n<span style=\"font-family: arial, helvetica, sans-serif; color: #000080;\">Relancer et maintenir la conversation. <\/span><br \/>\n<span style=\"font-family: arial, helvetica, sans-serif; color: #000080;\">Savoir abaisser le niveau de stress avant et pendant l&rsquo;entretien oral en espagnol ou la prise de parole en public. Se pr\u00e9parer au format des questions du test de certification CLO\u00c9 espagnol.<\/span><\/p>\n<h4><span style=\"color: #000080; font-family: arial, helvetica, sans-serif;\"> Les points forts<\/span><\/h4>\n<p><span style=\"color: #000080; font-family: arial, helvetica, sans-serif;\">Cours sur-mesure : E-learning ludique avec option d&rsquo;entretiens et dialogues sous hypnose de relaxation pour abaisser le stress et favoriser la prise de parole. <\/span><br \/>\n<span style=\"color: #000080; font-family: arial, helvetica, sans-serif;\">Formatrice dynamique hypnoth\u00e9rapeute patiente qui explique les erreurs avec bienveillance..<\/span><\/p>\n<h4><span style=\"color: #000080; font-family: arial, helvetica, sans-serif;\">Contenu<\/span><\/h4>\n<p><span style=\"color: #000080; font-family: arial, helvetica, sans-serif;\">&#8211; Evaluation de votre niveau et des objectifs \u00e0 atteindre pour d\u00e9finir le nombre de le\u00e7ons <\/span><br \/>\n<span style=\"color: #000080; font-family: arial, helvetica, sans-serif;\">&#8211; Choix des ressources et de la fr\u00e9quence des entretiens avec la formatrice hypnoth\u00e9rapeute pour les s\u00e9ances en fran\u00e7ais et en espagnol favorisant l&rsquo;immersion naturelle, la concentration, la motivation et la prise de parole en public <\/span><br \/>\n<span style=\"color: #000080; font-family: arial, helvetica, sans-serif;\"><strong>&#8211; Dialogues entre locuteurs natifs =&gt; option d&rsquo;\u00e9coute active sous hypnose<\/strong> de relaxation pour d\u00e9velopper l&rsquo;oreille et am\u00e9liorer la prononciation<br \/>\n&#8211; Renforcement grammatical et du vocabulaire de tous les jours <\/span><br \/>\n<span style=\"color: #000080; font-family: arial, helvetica, sans-serif;\">&#8211; Elargissement du lexique professionnel et expressions courantes <\/span><br \/>\n<span style=\"color: #000080; font-family: arial, helvetica, sans-serif;\">&#8211; Activit\u00e9s ludiques d&rsquo;appropriation des le\u00e7ons dont voici quelques th\u00e8mes : <\/span><br \/>\n<span style=\"color: #000080; font-family: arial, helvetica, sans-serif;\">&#8211; Saluer, se pr\u00e9senter, d\u00e9crire la croissance de l&rsquo;entreprise, un projet \u00a0 <\/span><br \/>\n<span style=\"color: #000080; font-family: arial, helvetica, sans-serif;\">&#8211; Echanger des nouvelles : clients, collaborateurs, vos proches <\/span><br \/>\n<span style=\"color: #000080; font-family: arial, helvetica, sans-serif;\">&#8211; Argumentaire de vente, n\u00e9gociation, suivi des dossiers <\/span><br \/>\n<span style=\"color: #000080; font-family: arial, helvetica, sans-serif;\">&#8211; Gestion de situations difficiles <\/span><br \/>\n<span style=\"color: #000080; font-family: arial, helvetica, sans-serif;\">&#8211; Cr\u00e9ation d&rsquo;entreprise, son environnement, la publicit\u00e9 <\/span><br \/>\n<span style=\"color: #000080; font-family: arial, helvetica, sans-serif;\">&#8211; Pr\u00e9sentation d&rsquo;un produit ou service, de l&rsquo;entreprise et sa croissance <\/span><br \/>\n<span style=\"color: #000080; font-family: arial, helvetica, sans-serif;\">&#8211; Entretien d&#8217;embauche, CV et parcours scolaire <\/span><br \/>\n<span style=\"color: #000080; font-family: arial, helvetica, sans-serif;\">&#8211; Donner son opinion, argumenter, relancer un d\u00e9bat <\/span><span style=\"color: #000080; font-family: arial, helvetica, sans-serif;\">\u00a0<\/span><br \/>\n<span style=\"color: #000080; font-family: arial, helvetica, sans-serif;\">&#8211; Faire une pr\u00e9sentation ou organiser une r\u00e9union <\/span><br \/>\n<span style=\"color: #000080; font-family: arial, helvetica, sans-serif;\">&#8211; Communication t\u00e9l\u00e9phonique et \u00e9changes d&rsquo;informations par email <\/span><br \/>\n<span style=\"color: #000080; font-family: arial, helvetica, sans-serif;\">&#8211; Organisation d&rsquo;un voyage d&rsquo;affaires et accueillir un visiteur&#8230; <\/span><\/p>\n<p><span style=\"color: #000080; font-family: arial, helvetica, sans-serif;\">++&gt; ENTRAINEMENT : <\/span><br \/>\n<span style=\"color: #000080; font-family: arial, helvetica, sans-serif;\">&#8211; Expression et la compr\u00e9hension orales et \u00e9crites <\/span><br \/>\n<span style=\"color: #000080; font-family: arial, helvetica, sans-serif;\">&#8211; Interaction en continu selon contexte <\/span><br \/>\n<span style=\"color: #000080; font-family: arial, helvetica, sans-serif;\">&#8211; Prise de parole avec questions al\u00e9atoires <\/span><br \/>\n<span style=\"color: #000080; font-family: arial, helvetica, sans-serif;\">&#8211; Gestion de son niveau de stress face au jury ou \u00e0 un public <\/span><br \/>\n<span style=\"color: #000080; font-family: arial, helvetica, sans-serif;\">&#8211; Pr\u00e9paration au format des questions du test de certification \u00a0\u00a0<\/span><\/p>\n<p>&#8211; <span style=\"color: #000080; font-family: arial, helvetica, sans-serif;\">A PR\u00c9VOIR ENSEMBLE en amont des cours : Vos s\u00e9ances pr\u00e9sentielles individualis\u00e9es avec formatrice pour la mise en pratique de vos nouveaux acquis et un travail cibl\u00e9 sur difficult\u00e9s rencontr\u00e9es + date du test \u00e9crit suivi de l&rsquo;entretien oral en Visio avant la fin de la formation<\/span><span style=\"color: #000080; font-family: arial, helvetica, sans-serif;\">Pr\u00e9paration au format des questions du test CLO\u00c9 ESPAGNOL pour certifier le niveau Seuil A2 ou niveaux sup\u00e9rieurs.t..<\/span><\/p>\n<h4><span style=\"color: #000080; font-family: arial, helvetica, sans-serif;\">R\u00e9sultats attendus<\/span><\/h4>\n<p><span style=\"font-family: arial, helvetica, sans-serif; color: #000080;\">&#8211; L\u2019\u00e9valuation positive de la progression entre l\u2019entr\u00e9e et la sortie de programme selon les objectifs fix\u00e9s : <\/span><br \/>\n<span style=\"font-family: arial, helvetica, sans-serif; color: #000080;\">&#8211; L\u2019acquisition des principales comp\u00e9tences de niveau A2 et au-del\u00e0 en langue espagnole requises par le r\u00e9f\u00e9rentiel du CPF pour valider la certification CLO\u00c9 selon son niveau d&rsquo;\u00e9tude individuelle <\/span><br \/>\n<span style=\"font-family: arial, helvetica, sans-serif; color: #000080;\">&#8211; Une construction des phrases plus instinctive et correcte selon son niveau d\u2019\u00e9tude<\/span><br \/>\n<span style=\"font-family: arial, helvetica, sans-serif; color: #000080;\">&#8211; L\u2019enrichissement du lexique espagnol courant et professionnel <\/span><br \/>\n<span style=\"font-family: arial, helvetica, sans-serif; color: #000080;\">&#8211; L\u2019am\u00e9lioration de la prononciation et de la fluidit\u00e9 \u00e0 l\u2019oral <\/span><br \/>\n<span style=\"font-family: arial, helvetica, sans-serif; color: #000080;\">&#8211; Gain de confiance et d\u2019efficacit\u00e9 \u00e0 l\u2019oral face \u00e0 un interlocuteur ou un public <\/span><\/p>\n<h4><span style=\"color: #000080; font-family: arial, helvetica, sans-serif;\">Public<\/span><\/h4>\n<p><span style=\"font-family: arial, helvetica, sans-serif; color: #000080;\">Un parcours pour les personnes capables de s&rsquo;exprimer assez couramment m\u00eame s&rsquo;il y a encore des fautes \u00e0 l&rsquo;oral et qui cherchent \u00e0 enrichir leurs connaissances. <\/span><br \/>\n<span style=\"font-family: arial, helvetica, sans-serif; color: #000080;\">Cette formation ne convient pas au candidat d\u00e9butant qui n&rsquo;a pas encore valid\u00e9 le niveau A2 ou plus.<\/span><\/p>\n<p><span style=\"color: #000080; font-family: arial, helvetica, sans-serif;\"><img loading=\"lazy\" decoding=\"async\" class=\"alignnone wp-image-15311 aligncenter\" src=\"https:\/\/www.leslanguessansstress.fr\/wp-content\/uploads\/2023\/08\/France-Competences-300x86.jpg\" alt=\"\" width=\"471\" height=\"135\" srcset=\"https:\/\/www.leslanguessansstress.fr\/wp-content\/uploads\/2023\/08\/France-Competences-300x86.jpg 300w, https:\/\/www.leslanguessansstress.fr\/wp-content\/uploads\/2023\/08\/France-Competences.jpg 708w\" sizes=\"auto, (max-width: 471px) 100vw, 471px\" \/><\/span><\/p>\n<h3><span style=\"color: #000080; font-family: arial, helvetica, sans-serif;\">MODALIT\u00c9S<\/span><\/h3>\n<div class=\"mcf-title-and-illustration-wrapper\">\n<div class=\"mcf-card-title-wrapper\">\n<p class=\"mcf-card-title-subwrapper\"><span style=\"color: #000080; font-family: arial, helvetica, sans-serif;\"><strong>Langue<\/strong> : Anglais \u00a0\u00a0<\/span><br \/>\n<span style=\"color: #000080; font-family: arial, helvetica, sans-serif;\">Lorsque le niveau d&rsquo;entr\u00e9e le permet, ce cours peut se d\u00e9rouler enti\u00e8rement en langue anglaise, hypnose comprise. <\/span><br \/>\n<span style=\"color: #000080; font-family: arial, helvetica, sans-serif;\"><strong>Pr\u00e9requis<\/strong> : Avoir les bases <strong>niveau A2\/B1 en espagnol<\/strong> courant avec la volont\u00e9 d&rsquo;enrichir son vocabulaire et approfondir la grammaire. <\/span><br \/>\n<span style=\"color: #000080; font-family: arial, helvetica, sans-serif;\"><strong>Handicap<\/strong> : Veuillez contacter la r\u00e9f\u00e9rente pour discuter d&rsquo;un possible am\u00e9nagement des cours. <\/span><br \/>\n<span style=\"color: #000080; font-family: arial, helvetica, sans-serif;\">Si vous \u00eates en situation d&rsquo;illettrisme, un module pr\u00e9paratoire \u00e0 la lecture vous est propos\u00e9 en amont de la formation certifiante.\u00a0 <\/span><br \/>\n<span style=\"color: #000080; font-family: arial, helvetica, sans-serif;\"><strong>Dur\u00e9e<\/strong> : 1-3 mois d\u2019affil\u00e9e <\/span><br \/>\n<span style=\"color: #000080; font-family: arial, helvetica, sans-serif;\"><strong>Effort<\/strong> : 20 heures <\/span><br \/>\n<span style=\"color: #000080; font-family: arial, helvetica, sans-serif;\"><strong>Rythme<\/strong> : ~3 heures\/semaine <\/span><br \/>\n<span style=\"color: #000080; font-family: arial, helvetica, sans-serif;\"><strong>Entretiens<\/strong> : 12 avec formatrice \u00a0 <\/span><br \/>\n<span style=\"color: #000080; font-family: arial, helvetica, sans-serif;\"><strong>Flexibilit\u00e9 du calendrier<\/strong> : les entretiens sont \u00e0 poser ensemble selon votre disponibilit\u00e9 en amont de la formation. <\/span><br \/>\n<span style=\"color: #000080; font-family: arial, helvetica, sans-serif;\"><strong>Cours sur-mesure<\/strong> : Tous les parcours sont personnalisables aux besoins d\u00e9tect\u00e9s et au profil de l&rsquo;apprenant. <\/span><br \/>\n<span style=\"color: #000080; font-family: arial, helvetica, sans-serif;\">Le tarif peut varier pour \u00eatre adapt\u00e9 aux nouveaux param\u00e8tres en augmentant ou r\u00e9duisant le nombre des entretiens pr\u00e9sentiels et la dur\u00e9e de la formation (proposition\/devis). <\/span><br \/>\n<span style=\"color: #000080; font-family: arial, helvetica, sans-serif;\"><strong>Tarif<\/strong> : 1400\u20ac \u00a0&#8211; <a href=\"https:\/\/www.moncompteformation.gouv.fr\/espace-prive\/html\/#\/formation\/recherche\/81794041400029_ESE10\/81794041400029_ESE10?contexteFormation=ACTIVITE_PROFESSIONNELLE\" target=\"_blank\" rel=\"noopener\">20 heures &#8211; Validit\u00e9 de l&rsquo;offre MCF : 15\/11\/2026 R\u00c9F\u00c9RENCE MCF<\/a> \u21d2 Introduction des le\u00e7ons sous hypnose de relaxation possible selon besoins du stagiaire et s\u00e9ances d\u00e9di\u00e9es \u00e0 l&rsquo;immersion en espagnol favorisant la prise de parole instinctive, la concentration, la confiance en soi, la gestion des questions du public, etc.. <\/span><br \/>\n<span style=\"color: #000080; font-family: arial, helvetica, sans-serif;\"><strong>Financement<\/strong> : tous dont le CPF<\/span><\/p>\n<\/div>\n<\/div>\n<p><span style=\"font-size: 16px; font-family: arial, helvetica, sans-serif; color: #000080;\"><img loading=\"lazy\" decoding=\"async\" class=\"alignnone wp-image-14157 aligncenter\" src=\"https:\/\/www.leslanguessansstress.fr\/wp-content\/uploads\/2022\/10\/Mon-compte-formation-CPF-les-langues-sans-stress-300x159.jpg\" alt=\"\" width=\"232\" height=\"123\" srcset=\"https:\/\/www.leslanguessansstress.fr\/wp-content\/uploads\/2022\/10\/Mon-compte-formation-CPF-les-langues-sans-stress-300x159.jpg 300w, https:\/\/www.leslanguessansstress.fr\/wp-content\/uploads\/2022\/10\/Mon-compte-formation-CPF-les-langues-sans-stress.jpg 646w\" sizes=\"auto, (max-width: 232px) 100vw, 232px\" \/><\/span><\/p>\n<h1 style=\"font-weight: 400;\"><span style=\"color: #ff0000; font-size: 20px;\"><span style=\"font-family: arial, helvetica, sans-serif;\">Formation d&rsquo;espagnol ax\u00e9 entretiens et dialogues sans stress<\/span><span style=\"font-family: arial, helvetica, sans-serif;\">\u00a0&#8211; <\/span><span style=\"font-family: arial, helvetica, sans-serif;\">\u00e9ligible au budget CPF \u00a0<\/span><\/span><\/h1>\n<p><span style=\"font-size: 16px; font-family: arial, helvetica, sans-serif;\"><span style=\"color: #000080;\">Ce parcours est \u00e9ligible au financement CPF depuis la plateforme MCF. Il inclut automatiquement la pr\u00e9paration et la pr\u00e9sentation au Test de certification CLO\u00c9 ESPAGNOL RS6437 inscription valide jusqu&rsquo;au 15-11-2026. Le stagiaire doit se pr\u00e9senter aux deux parties du test pour d\u00e9clencher le financement de sa formation continue professionnelle s&rsquo;il choisit d&rsquo;utiliser son budget CPF.\u00a0<\/span><\/span><\/p>\n<p><span style=\"font-size: 16px; font-family: arial, helvetica, sans-serif;\"><span style=\"color: #000080;\">Cette formation est con\u00e7ue sur mesure : le niveau du programme, sa dur\u00e9e, la fr\u00e9quence et le nombre des entretiens pr\u00e9sentiels avec la formatrice hypnoth\u00e9rapeute sont adaptables \u00e0 votre budget pour s&rsquo;adapter \u00e0 votre profil d&rsquo;apprenant et besoins d\u00e9cel\u00e9s ou contraintes. \u00a0<\/span><\/span><\/p>\n<p><span style=\"font-size: 16px; font-family: arial, helvetica, sans-serif;\"><span style=\"color: #000080;\">Les parcours d&rsquo;entrainement sur plateforme en pr\u00e9sentiel avec la formatrice vont de 3 \u00e0 9 mois. L&rsquo;accompagnement mixte ou individualis\u00e9 peut \u00eatre d\u00e9cal\u00e9 des dur\u00e9es impos\u00e9es par la plateforme d&rsquo;\u00e9tude : discutez-en avec nous en amont de la formation choisie. <\/span><\/span><\/p>\n<p><span style=\"font-size: 16px; font-family: arial, helvetica, sans-serif;\"><span style=\"color: #000080;\">L&rsquo;hypnose n&rsquo;est pas une obligation, c&rsquo;est un outil mental pour d\u00e9bloquer des freins et sublimer votre compr\u00e9hension autant que votre expression orale dans la langue choisie.<\/span><\/span><\/p>\n","protected":false},"excerpt":{"rendered":"<p>Texte lu de pr\u00e9f\u00e9rence depuis un ordinateur Espagnol ax\u00e9 entretiens professionnels et dialogues sous hypnose<\/p>\n","protected":false},"author":1,"featured_media":17224,"comment_status":"closed","ping_status":"open","sticky":false,"template":"","format":"standard","meta":{"footnotes":""},"categories":[80],"tags":[574,623,573,211,752,202],"class_list":["post-18193","post","type-post","status-publish","format-standard","has-post-thumbnail","hentry","category-actualites","tag-cpf","tag-entretiens","tag-espagnol","tag-gestion-du-stress","tag-hypnose-en-langues-etrangeres","tag-perfectionnement"],"_links":{"self":[{"href":"https:\/\/www.leslanguessansstress.fr\/index.php\/wp-json\/wp\/v2\/posts\/18193","targetHints":{"allow":["GET"]}}],"collection":[{"href":"https:\/\/www.leslanguessansstress.fr\/index.php\/wp-json\/wp\/v2\/posts"}],"about":[{"href":"https:\/\/www.leslanguessansstress.fr\/index.php\/wp-json\/wp\/v2\/types\/post"}],"author":[{"embeddable":true,"href":"https:\/\/www.leslanguessansstress.fr\/index.php\/wp-json\/wp\/v2\/users\/1"}],"replies":[{"embeddable":true,"href":"https:\/\/www.leslanguessansstress.fr\/index.php\/wp-json\/wp\/v2\/comments?post=18193"}],"version-history":[{"count":7,"href":"https:\/\/www.leslanguessansstress.fr\/index.php\/wp-json\/wp\/v2\/posts\/18193\/revisions"}],"predecessor-version":[{"id":18201,"href":"https:\/\/www.leslanguessansstress.fr\/index.php\/wp-json\/wp\/v2\/posts\/18193\/revisions\/18201"}],"wp:featuredmedia":[{"embeddable":true,"href":"https:\/\/www.leslanguessansstress.fr\/index.php\/wp-json\/wp\/v2\/media\/17224"}],"wp:attachment":[{"href":"https:\/\/www.leslanguessansstress.fr\/index.php\/wp-json\/wp\/v2\/media?parent=18193"}],"wp:term":[{"taxonomy":"category","embeddable":true,"href":"https:\/\/www.leslanguessansstress.fr\/index.php\/wp-json\/wp\/v2\/categories?post=18193"},{"taxonomy":"post_tag","embeddable":true,"href":"https:\/\/www.leslanguessansstress.fr\/index.php\/wp-json\/wp\/v2\/tags?post=18193"}],"curies":[{"name":"wp","href":"https:\/\/api.w.org\/{rel}","templated":true}]}}