{"id":18181,"date":"2025-06-27T11:14:01","date_gmt":"2025-06-27T09:14:01","guid":{"rendered":"https:\/\/www.leslanguessansstress.fr\/?p=18181"},"modified":"2025-06-27T11:18:56","modified_gmt":"2025-06-27T09:18:56","slug":"anglais-de-laccueil-hotelier","status":"publish","type":"post","link":"https:\/\/www.leslanguessansstress.fr\/index.php\/2025\/06\/27\/anglais-de-laccueil-hotelier\/","title":{"rendered":"Anglais de l&rsquo;accueil h\u00f4telier"},"content":{"rendered":"<h1><span style=\"color: #000080; font-family: verdana, geneva, sans-serif;\"><strong><img loading=\"lazy\" decoding=\"async\" class=\"size-medium wp-image-14383 aligncenter\" src=\"https:\/\/www.leslanguessansstress.fr\/wp-content\/uploads\/2022\/10\/QUALIOPI-action-de-formation-renouvele\u0301-20221009-Les-langues-sans-stress--300x193.jpg\" alt=\"\" width=\"300\" height=\"193\" srcset=\"https:\/\/www.leslanguessansstress.fr\/wp-content\/uploads\/2022\/10\/QUALIOPI-action-de-formation-renouvele\u0301-20221009-Les-langues-sans-stress--300x193.jpg 300w, https:\/\/www.leslanguessansstress.fr\/wp-content\/uploads\/2022\/10\/QUALIOPI-action-de-formation-renouvele\u0301-20221009-Les-langues-sans-stress--1024x660.jpg 1024w, https:\/\/www.leslanguessansstress.fr\/wp-content\/uploads\/2022\/10\/QUALIOPI-action-de-formation-renouvele\u0301-20221009-Les-langues-sans-stress--768x495.jpg 768w, https:\/\/www.leslanguessansstress.fr\/wp-content\/uploads\/2022\/10\/QUALIOPI-action-de-formation-renouvele\u0301-20221009-Les-langues-sans-stress-.jpg 1504w\" sizes=\"auto, (max-width: 300px) 100vw, 300px\" \/><\/strong><\/span><\/h1>\n<h1 style=\"font-weight: 400;\"><span style=\"font-family: verdana, geneva, sans-serif; color: #3366ff;\">Anglais pour l&rsquo;accueil\u00a0<\/span><\/h1>\n<p style=\"font-weight: 400;\"><span style=\"font-family: verdana, geneva, sans-serif; color: #000080;\"><strong>OBJECTIFS<\/strong><\/span><\/p>\n<p><span style=\"font-family: verdana, geneva, sans-serif; color: #000080;\">Communiquer efficacement sur son offre.\u00a0<\/span><br \/>\n<span style=\"font-family: verdana, geneva, sans-serif; color: #000080;\">Accueillir, informer, diriger son interlocuteur au t\u00e9l\u00e9phone et sur place avec aisance. <\/span><br \/>\n<span style=\"font-family: verdana, geneva, sans-serif; color: #000080;\">Entamer et maintenir une petite conversation avec ses interlocuteurs pour les mettre \u00e0 l&rsquo;aise.<\/span><br \/>\n<span style=\"font-family: verdana, geneva, sans-serif; color: #000080;\">Comprendre et se faire comprendre de ses interlocuteurs \u00e9trangers. <\/span><br \/>\n<span style=\"font-family: verdana, geneva, sans-serif; color: #000080;\">Utiliser un lexique adapte\u0301 aux m\u00e9tiers de l&rsquo;h\u00f4tellerie, de la restauration et du tourisme. \u00a0 <\/span><\/p>\n<p style=\"font-weight: 400;\"><span style=\"font-family: verdana, geneva, sans-serif; color: #000080;\"><strong>LANGUE :\u00a0<\/strong><\/span><span style=\"font-family: verdana, geneva, sans-serif; color: #000080;\"><span style=\"color: #3366ff;\">Anglais<\/span> \u00a0<\/span><br \/>\n<span style=\"font-family: verdana, geneva, sans-serif; color: #000080;\"><strong>NIVEAU : <\/strong><\/span><span style=\"font-family: verdana, geneva, sans-serif; color: #000080;\"><span style=\"color: #3366ff;\">D\u00e9butant A2 \u00e0 interm\u00e9diaire B1+<\/span> \u00a0<\/span><br \/>\n<span style=\"font-family: verdana, geneva, sans-serif; color: #000080;\"><strong>PUBLIC : <\/strong>tous<\/span><\/p>\n<p style=\"font-weight: 400;\"><span style=\"font-family: verdana, geneva, sans-serif; color: #000080;\"><strong>CONTENU \u00a0<\/strong><\/span><\/p>\n<p><span style=\"color: #000080; font-family: verdana, geneva, sans-serif;\">\u00c9tiquette t\u00e9l\u00e9phonique d\u2019un g\u00eete<\/span><br \/>\n<span style=\"color: #000080; font-family: verdana, geneva, sans-serif;\">Accueillir un visiteur non enregistrer<\/span><br \/>\n<span style=\"color: #000080; font-family: verdana, geneva, sans-serif;\">Se pr\u00e9senter et pr\u00e9senter son g\u00eete, l\u2019entreprise<\/span><br \/>\n<span style=\"color: #000080; font-family: verdana, geneva, sans-serif;\">Demander ce qu\u2019il recherche<\/span><br \/>\n<span style=\"color: #000080; font-family: verdana, geneva, sans-serif;\">Pr\u00e9senter des offres, divers Services et produits<\/span><br \/>\n<span style=\"color: #000080; font-family: verdana, geneva, sans-serif;\">Prendre ses coordonn\u00e9es<\/span><br \/>\n<span style=\"color: #000080; font-family: verdana, geneva, sans-serif;\">Correctement dire \u00ab\u00a0s&rsquo;il vous pla\u00eet\u00a0\u00bb et \u00ab\u00a0merci\u00a0\u00bb<\/span><br \/>\n<span style=\"color: #000080; font-family: verdana, geneva, sans-serif;\">S&rsquo;adresser correctement aux clients<\/span><br \/>\n<span style=\"color: #000080; font-family: verdana, geneva, sans-serif;\">Approcher un client<\/span><br \/>\n<span style=\"color: #000080; font-family: verdana, geneva, sans-serif;\">Accueil &#8211; au comptoir d&rsquo;enregistrement<\/span><br \/>\n<span style=\"color: #000080; font-family: verdana, geneva, sans-serif;\">Faire savoir aux clients que vous parlez anglais<\/span><br \/>\n<span style=\"color: #000080; font-family: verdana, geneva, sans-serif;\">Discuter en anglais avec les clients<\/span><br \/>\n<span style=\"color: #000080; font-family: verdana, geneva, sans-serif;\">Aider les clients \u00e0 trouver un commerce, une attraction<\/span><br \/>\n<span style=\"color: #000080; font-family: verdana, geneva, sans-serif;\">Aider un client \u00e0 trouver ce qu\u2019il cherche<\/span><br \/>\n<span style=\"color: #000080; font-family: verdana, geneva, sans-serif;\">Demander \u00e0 un client de r\u00e9p\u00e9ter ce qu&rsquo;il a dit<\/span><br \/>\n<span style=\"color: #000080; font-family: verdana, geneva, sans-serif;\">Offrir des explications simples<\/span><br \/>\n<span style=\"color: #000080; font-family: verdana, geneva, sans-serif;\">Utiliser la confirmation verbale avec les clients<\/span><br \/>\n<span style=\"color: #000080; font-family: verdana, geneva, sans-serif;\">Ajouter de la personnalit\u00e9 \u00e0 votre voix<\/span><br \/>\n<span style=\"color: #000080; font-family: verdana, geneva, sans-serif;\">Utiliser des interjections pour plus de personnalit\u00e9<\/span><br \/>\n<span style=\"color: #000080; font-family: verdana, geneva, sans-serif;\">Enregistrement de derni\u00e8re minute<\/span><br \/>\n<span style=\"color: #000080; font-family: verdana, geneva, sans-serif;\">Parler aux clients qui ne parlent pas anglais<\/span><br \/>\n<span style=\"color: #000080; font-family: verdana, geneva, sans-serif;\">Enregistrement des clients<\/span><br \/>\n<span style=\"color: #000080; font-family: verdana, geneva, sans-serif;\">Enregistrement d\u2019un groupe<\/span><br \/>\n<span style=\"color: #000080; font-family: verdana, geneva, sans-serif;\">Annulation d&rsquo;une r\u00e9servation<\/span><br \/>\n<span style=\"color: #000080; font-family: verdana, geneva, sans-serif;\">Refuser un client qui a fait une r\u00e9servation compl\u00e8te<\/span><br \/>\n<span style=\"color: #000080; font-family: verdana, geneva, sans-serif;\">Gestion des refus de la part du client<\/span><br \/>\n<span style=\"color: #000080; font-family: verdana, geneva, sans-serif;\">Excuses et promesses implicites<\/span><br \/>\n<span style=\"color: #000080; font-family: verdana, geneva, sans-serif;\">Inscrire un client sur la liste d&rsquo;attente<\/span><br \/>\n<span style=\"color: #000080; font-family: verdana, geneva, sans-serif;\">Refuser poliment une demande<\/span><br \/>\n<span style=\"color: #000080; font-family: verdana, geneva, sans-serif;\">\u00catre agr\u00e9able dans les situations difficiles<\/span><br \/>\n<span style=\"color: #000080; font-family: verdana, geneva, sans-serif;\">\u00c9tiquette de d\u00e9part dans vos lieux d\u2019accueil<\/span><br \/>\n<span style=\"color: #000080; font-family: verdana, geneva, sans-serif;\">Vente suggestive et vente incitative de produits et services<\/span><br \/>\n<span style=\"color: #000080; font-family: verdana, geneva, sans-serif;\">Proc\u00e9dures de prise de commande pour la d\u00e9poser au g\u00eete<\/span><br \/>\n<span style=\"color: #000080; font-family: verdana, geneva, sans-serif;\">Apporter les produits en chambre<\/span><br \/>\n<span style=\"color: #000080; font-family: verdana, geneva, sans-serif;\">Orienter les clients vers une destination<\/span><br \/>\n<span style=\"color: #000080; font-family: verdana, geneva, sans-serif;\">Exprimer son inqui\u00e9tude \u00e0 l&rsquo;\u00e9gard d&rsquo;un client<\/span><br \/>\n<span style=\"color: #000080; font-family: verdana, geneva, sans-serif;\">L&rsquo;entretien m\u00e9nager en pr\u00e9sence de clients<\/span><br \/>\n<span style=\"color: #000080; font-family: verdana, geneva, sans-serif;\">Prendre une commande pour un client au g\u00eete<\/span><br \/>\n<span style=\"color: #000080; font-family: verdana, geneva, sans-serif;\">Interaction pendant les repas<\/span><br \/>\n<span style=\"color: #000080; font-family: verdana, geneva, sans-serif;\">Proposer et servir des encas savoyard<\/span><br \/>\n<span style=\"color: #000080; font-family: verdana, geneva, sans-serif;\">Prendre une r\u00e9servation ailleurs pour ses clients<\/span><br \/>\n<span style=\"color: #000080; font-family: verdana, geneva, sans-serif;\">Interaction avec les clients : Ce qu&rsquo;il faut faire et ne pas faire<\/span><br \/>\n<span style=\"color: #000080; font-family: verdana, geneva, sans-serif;\">\u00c9v\u00e9nements<\/span><br \/>\n<span style=\"color: #000080; font-family: verdana, geneva, sans-serif;\">Traiter une plainte de client en anglais<\/span><br \/>\n<span style=\"color: #000080; font-family: verdana, geneva, sans-serif;\">Calmer un client en col\u00e8re<\/span><br \/>\n<span style=\"color: #000080; font-family: verdana, geneva, sans-serif;\">Refuser poliment un client<\/span><br \/>\n<span style=\"color: #000080; font-family: verdana, geneva, sans-serif;\">R\u00e9server des chambres suppl\u00e9mentaires<\/span><br \/>\n<span style=\"color: #000080; font-family: verdana, geneva, sans-serif;\">Aider un client qui se trouve dans une zone interdite<\/span><br \/>\n<span style=\"color: #000080; font-family: verdana, geneva, sans-serif;\">Demander \u00e0 un client de signer une d\u00e9charge<\/span><br \/>\n<span style=\"color: #000080; font-family: verdana, geneva, sans-serif;\">Traiter une plainte pour nuisances sonores<\/span><\/p>\n<p><span style=\"font-family: verdana, geneva, sans-serif; color: #3366ff;\"><strong>COMPRE\u0301HENSION ORALE ET ECRITE<\/strong><\/span><\/p>\n<p><span style=\"font-family: verdana, geneva, sans-serif; color: #000080;\">Vous apprenez \u00e0 adapter votre \u00e9coute pendant les dialogues entre locuteurs natifs et \u00e9trangers (divers accents, registres et de\u0301bits).<\/span><br \/>\n<span style=\"font-family: verdana, geneva, sans-serif; color: #000080;\">Vous vous entra\u00eenez en pr\u00e9sentiel \u00e0 comprendre au d\u00e9but le sujet puis l&rsquo;ensemble d&rsquo;une conversation. Vous finissez par d\u00e9crire une conversation depuis un extrait de dialogue dans un film, s\u00e9rie, e\u0301mission TV, texte, etc.<\/span><br \/>\n<span style=\"font-family: verdana, geneva, sans-serif; color: #000080;\">Vous vous exercez \u00e0 mieux prononcer et \u00e0 fluidifier votre discours en lisant \u00e0 voix haute avant de reformuler certaines phrases simples \u00e0 complexes <\/span><br \/>\n<span style=\"font-family: verdana, geneva, sans-serif; color: #000080;\">Vous participez activement aux ateliers de mise en pratique des connaissances \u00e0 l&rsquo;oral : conversations cibl\u00e9es et \u00a0\u00e9changes autour d&rsquo;un jeu de grammaire ou de vocabulaire, pr\u00e9sentation courte face \u00e0 un petit public bienveillant.<\/span><\/p>\n<p style=\"font-weight: 400;\"><span style=\"font-family: verdana, geneva, sans-serif; color: #3366ff;\"><strong>VOCABULAIRE<\/strong><\/span><\/p>\n<p><span style=\"font-family: verdana, geneva, sans-serif; color: #000080;\">Mots les plus usit\u00e9s toutes situations et contextes confondus, verbes modaux, expressions idiomatiques et langue formelle ou informelle<br \/>\n<\/span><span style=\"font-family: verdana, geneva, sans-serif; color: #000080;\">Situations de la vie courante : relations sociales au travail, sant\u00e9, voyages, loisirs, cuisine, nature, famille et \u00e9tudes, actualit\u00e9s, etc.<br \/>\n<\/span><span style=\"font-family: verdana, geneva, sans-serif; color: #000080;\">Situations de la vie professionnelle : saluer et pr\u00e9senter son entreprise, accueillir des visiteurs, parler des succ\u00e8s et projets de votre entreprise et ceux qui sont en cours, prendre\/annuler un rendez-vous, animer une r\u00e9union, pr\u00e9parer un entretien ou une n\u00e9gociation, donner des tarifs et explications sur les services, poser des questions et r\u00e9pondre, donner un conseil, la raison d\u2019une d\u00e9cision, &#8230;<\/span><\/p>\n<p><span style=\"font-family: verdana, geneva, sans-serif; color: #3366ff;\"><strong>GRAMMAIRE<\/strong><\/span><\/p>\n<p><span style=\"font-family: verdana, geneva, sans-serif; color: #000080;\">Acquisition des bases de la grammaire ou renforcement des faiblesses d\u00e9cel\u00e9es lors du test d\u2019entr\u00e9e niveau A2.<\/span><br \/>\n<span style=\"font-family: verdana, geneva, sans-serif; color: #000080;\">La prononciation, la rythmique de la phrase et les mots qui la composent <\/span><br \/>\n<span style=\"font-family: verdana, geneva, sans-serif; color: #000080;\">La formation des questions, structures des phrases simples \u00e0 complexes <\/span><br \/>\n<span style=\"font-family: verdana, geneva, sans-serif; color: #000080;\">L\u2019orthographe, les accords et la conjugaison, les nuances d&#8217;emploi et concordances <\/span><br \/>\n<span style=\"font-family: verdana, geneva, sans-serif; color: #000080;\">Les mots de liaison, pr\u00e9positions et adverbes, adjectifs, comparatif et superlatif &#8230;<\/span><\/p>\n<p><img loading=\"lazy\" decoding=\"async\" class=\"size-medium wp-image-16070 aligncenter\" src=\"https:\/\/www.leslanguessansstress.fr\/wp-content\/uploads\/2024\/05\/relax-written-sand-300x200.jpg\" alt=\"\" width=\"300\" height=\"200\" srcset=\"https:\/\/www.leslanguessansstress.fr\/wp-content\/uploads\/2024\/05\/relax-written-sand-300x200.jpg 300w, https:\/\/www.leslanguessansstress.fr\/wp-content\/uploads\/2024\/05\/relax-written-sand-1024x683.jpg 1024w, https:\/\/www.leslanguessansstress.fr\/wp-content\/uploads\/2024\/05\/relax-written-sand-768x512.jpg 768w, https:\/\/www.leslanguessansstress.fr\/wp-content\/uploads\/2024\/05\/relax-written-sand-1536x1024.jpg 1536w, https:\/\/www.leslanguessansstress.fr\/wp-content\/uploads\/2024\/05\/relax-written-sand-2048x1365.jpg 2048w\" sizes=\"auto, (max-width: 300px) 100vw, 300px\" \/><\/p>\n<h2 style=\"font-weight: 400;\"><span style=\"font-family: verdana, geneva, sans-serif; color: #3366ff;\"><span style=\"font-size: 28px;\">Empathie et relaxation pour apprendre l&rsquo;anglais sans stress\u00a0<\/span><\/span><\/h2>\n<p><span style=\"font-family: verdana, geneva, sans-serif; color: #000080;\">Vous \u00eates \u00e9cout\u00e9 et compris : sur place la formatrice adapte son accompagnement \u00e0 votre profil d&rsquo;apprenant.<\/span><br \/>\n<span style=\"font-family: verdana, geneva, sans-serif; color: #000080;\">La formatrice est aussi hypnoth\u00e9rapeute pour une meilleure prise en charge des besoins avant et pendant le cours oral.<\/span><br \/>\n<span style=\"font-family: verdana, geneva, sans-serif; color: #000080;\">Les entrainements \u00e0 l&rsquo;oral se d\u00e9roulent dans une ambiance bienveillante et ludique propice \u00e0 l&rsquo;am\u00e9lioration des \u00e9changes. <\/span><\/p>\n<p><img loading=\"lazy\" decoding=\"async\" class=\" wp-image-14742 aligncenter\" src=\"https:\/\/www.leslanguessansstress.fr\/wp-content\/uploads\/2023\/05\/entrainement-en-langues-sans-stress-a-La-Rochette-300x266.jpg\" alt=\"\" width=\"235\" height=\"208\" srcset=\"https:\/\/www.leslanguessansstress.fr\/wp-content\/uploads\/2023\/05\/entrainement-en-langues-sans-stress-a-La-Rochette-300x266.jpg 300w, https:\/\/www.leslanguessansstress.fr\/wp-content\/uploads\/2023\/05\/entrainement-en-langues-sans-stress-a-La-Rochette.jpg 674w\" sizes=\"auto, (max-width: 235px) 100vw, 235px\" \/><\/p>\n<p><span style=\"font-family: verdana, geneva, sans-serif; color: #000080;\"><strong>ATELIER DE PRATIQUE ORALE THEMATIQUE<\/strong><\/span><\/p>\n<p><span style=\"font-family: verdana, geneva, sans-serif; color: #000080;\">S&rsquo;inspirer d\u2019un th\u00e8me ou d\u2019articles\/films comme base de discussion ou mise en sc\u00e8ne th\u00e9matique<\/span><br \/>\n<span style=\"font-family: verdana, geneva, sans-serif; color: #000080;\">Mettre en pratique et \u00e9largir le lexique du quotidien, professionnel ou sp\u00e9cifique<\/span><br \/>\n<span style=\"font-family: verdana, geneva, sans-serif; color: #000080;\">Conjuguer et choisir les concordances de temps instinctivement <\/span><br \/>\n<span style=\"font-family: verdana, geneva, sans-serif; color: #000080;\">Structurer la phrase et son discours selon l\u2019interlocuteur et la situation<\/span><br \/>\n<span style=\"font-family: verdana, geneva, sans-serif; color: #000080;\">Interagir volontairement avec les participants et l&rsquo;intervenante <\/span><br \/>\n<span style=\"font-family: verdana, geneva, sans-serif; color: #000080;\">Echanger sur des the\u0300mes lie\u0301s a\u0300 votre activite\u0301, vos expe\u0301riences et \u00a0projets<\/span><br \/>\n<span style=\"font-family: verdana, geneva, sans-serif; color: #000080;\">Table ronde pour \u00e9changer des informations, trucs et questions dans la langue cible.\u00a0<\/span><\/p>\n<p><span style=\"font-family: verdana, geneva, sans-serif; color: #000080;\"><strong>ACCOMPAGNEMENT<\/strong><\/span><\/p>\n<p><span style=\"font-family: verdana, geneva, sans-serif; color: #000080;\">Intervenante multilingue exp\u00e9riment\u00e9e \u00e0 votre \u00e9coute\u00a0<\/span><br \/>\n<span style=\"font-family: verdana, geneva, sans-serif; color: #000080;\">Auto\u00e9valuation du niveau de maitrise et des objectifs \u00e0 atteindre<\/span><br \/>\n<span style=\"font-family: verdana, geneva, sans-serif; color: #000080;\">Suivi p\u00e9dagogique et entretiens avec l\u2019intervenante<\/span><br \/>\n<span style=\"font-family: verdana, geneva, sans-serif; color: #000080;\">Pr\u00e9paration mentale et\/ou hypnose de relaxation en fonction des besoins d\u00e9cel\u00e9s <\/span><br \/>\n<span style=\"font-family: verdana, geneva, sans-serif; color: #000080;\">Mise en place des plannings d\u2019\u00e9tude autonome et de pratique orale accompagn\u00e9e <\/span><br \/>\n<span style=\"font-family: verdana, geneva, sans-serif; color: #000080;\">Pr\u00e9paration et pr\u00e9sentation au test de certification CLO\u00c9\u00a0<\/span><\/p>\n<h2 style=\"font-weight: 400;\"><span style=\"font-family: verdana, geneva, sans-serif; color: #3366ff;\"><span style=\"font-size: 28px;\">Bien se pr\u00e9parer au test Clo\u00e9 pour certifier ses comp\u00e9tences en anglais \u00a0sans stress !\u00a0<\/span><\/span><\/h2>\n<p style=\"font-weight: 400;\"><span style=\"color: #000080; font-family: verdana, geneva, sans-serif;\"><strong>MOYENS PE\u0301DAGOGIQUES \u00a0<\/strong><\/span><\/p>\n<p><span style=\"color: #000080; font-family: verdana, geneva, sans-serif;\">Acce\u0300s e-learning ou manuel de langues \u00a0<\/span><br \/>\n<span style=\"color: #000080; font-family: verdana, geneva, sans-serif;\">Visionnage et se\u0301quences vide\u0301o <\/span><br \/>\n<span style=\"color: #000080; font-family: verdana, geneva, sans-serif;\">Ecoute de pistes audio entre natifs et podcasts <\/span><br \/>\n<span style=\"color: #000080; font-family: verdana, geneva, sans-serif;\">Tableaux blancs, \u00e9cran interactif, jeux de table (grammaire, structures et lexique)<\/span><br \/>\n<span style=\"color: #000080; font-family: verdana, geneva, sans-serif;\">Divers documents remis au stagiaire pour son \u00e9tude et son entrainement <\/span><br \/>\n<span style=\"color: #000080; font-family: verdana, geneva, sans-serif;\">Livret de suivi pe\u0301dagogique, d\u2019e\u0301valuation et des compe\u0301tences.\u00a0<\/span><span style=\"color: #000080; font-family: verdana, geneva, sans-serif;\"><strong>\u00a0<\/strong><\/span><\/p>\n<p style=\"font-weight: 400;\"><span style=\"color: #000080; font-family: verdana, geneva, sans-serif;\"><strong>MODALITE\u0301S D\u2019E\u0301VALUATION<\/strong><\/span><\/p>\n<p><span style=\"color: #000080; font-family: verdana, geneva, sans-serif;\"><strong>Avant la formation<\/strong> : diagnostic du niveau des connaissances, auto\u00e9valuation \u00a0du profil d&rsquo;apprenant, des besoins et objectifs.<\/span><br \/>\n<span style=\"color: #000080; font-family: verdana, geneva, sans-serif;\"><strong>Pendant la formation<\/strong> : test de positionnement &amp; QCM, mini tests de progression, quizz, mises en situation, pre\u0301paration a\u0300 la certification et passage du test de certification choisi. Evaluation satisfaction et progression individuelle en cours.\u00a0<\/span><br \/>\n<span style=\"color: #000080; font-family: verdana, geneva, sans-serif;\"><strong>Apre\u0300s la formation<\/strong> : Evaluation des compe\u0301tences cible\u0301es &amp; r\u00e9sultats de la Certification CLOE (info et liens ci-dessous).<\/span><br \/>\n<span style=\"color: #000080; font-family: verdana, geneva, sans-serif;\">Evaluation \u00e0 chaud de la satisfaction du stagiaire.<\/span><br \/>\n<span style=\"color: #000080; font-family: verdana, geneva, sans-serif;\">\u00c9valuation \u00e0 froid du stagiaire (apr\u00e8s quelques mois).\u00a0<\/span><\/p>\n<p style=\"font-weight: 400;\"><span style=\"color: #000080; font-family: verdana, geneva, sans-serif;\"><strong>COMPE\u0301TENCES VISE\u0301ES<\/strong><\/span><\/p>\n<p><span style=\"font-family: verdana, geneva, sans-serif; color: #000080;\">Am\u00e9liorer votre niveau de communication entre le d\u00e9but et la fin de votre programme\u00a0<\/span><br \/>\n<span style=\"color: #000080; font-family: verdana, geneva, sans-serif;\">D\u00e9velopper votre aisance a\u0300 l\u2019oral et une meilleure compre\u0301hension en langue <\/span><span style=\"color: #000080; font-family: verdana, geneva, sans-serif;\">du quotidien et professionnelle\u00a0<\/span><br \/>\n<span style=\"font-family: verdana, geneva, sans-serif; color: #000080;\">Pouvoir vous exprimer et vous faire comprendre lors d&rsquo;une prise de parole sur des sujets habituels <\/span><br \/>\n<span style=\"color: #000080; font-family: verdana, geneva, sans-serif;\">R\u00e9diger des textes structur\u00e9s adapt\u00e9s au contexte professionnel et \u00e0 votre interlocuteur<\/span><br \/>\n<span style=\"color: #000080; font-family: verdana, geneva, sans-serif;\">Comprendre des e\u0301crits professionnels et en de\u0301gager le sens global <\/span><br \/>\n<span style=\"font-family: verdana, geneva, sans-serif; color: #000080;\">Comprendre votre interlocuteur selon votre niveau d&rsquo;acquisition de la langue<\/span><br \/>\n<span style=\"font-family: verdana, geneva, sans-serif; color: #000080;\">Interagir avec spontan\u00e9it\u00e9 et pr\u00e9cision sans traduire depuis ou vers le fran\u00e7ais<\/span><br \/>\n<span style=\"font-family: verdana, geneva, sans-serif; color: #000080;\">Approfondir vos connaissances en vocabulaire, grammaire et syntaxe<\/span><br \/>\n<span style=\"font-family: verdana, geneva, sans-serif; color: #000080;\">Gagner en aisance au t\u00e9l\u00e9phone, en face-\u00e0-face et en Visio<\/span><br \/>\n<span style=\"font-family: verdana, geneva, sans-serif; color: #000080;\">Prendre confiance pendant vos d\u00e9placements \u00e0 l&rsquo;\u00e9tranger<\/span><br \/>\n<span style=\"font-family: verdana, geneva, sans-serif; color: #000080;\">Interagir avec efficacit\u00e9 selon votre interlocuteur et la situation<\/span><br \/>\n<span style=\"font-family: verdana, geneva, sans-serif; color: #000080;\">Vous pr\u00e9parer \u00e0 la certification Clo\u00e9 pour passer le test dans les meilleures conditions <\/span><\/p>\n<p style=\"font-weight: 400;\"><span style=\"color: #000080; font-family: verdana, geneva, sans-serif;\"><strong>LES ATOUTS DE CETTE FORMATION \u00a0<\/strong><\/span><\/p>\n<p style=\"font-weight: 400;\"><span style=\"color: #000080; font-family: verdana, geneva, sans-serif;\">Cette formation alterne apports th\u00e9oriques et les exercices de mise en application des acquis avec entrainement illimit\u00e9 e-learning pour construire des phrases correctes, choisir le vocabulaire selon la situation, prendre confiance en ses comp\u00e9tences face \u00e0 ses interlocuteurs professionnels. L\u2019intervenante vous soutient dans vos prises de parole, corrige et explique les erreurs le cas \u00e9ch\u00e9ant, propose de nouveaux exercices d\u2019entrainement. Votre p<\/span><span style=\"font-family: verdana, geneva, sans-serif; color: #000080;\">arcours est personnalisable avec <strong>pr\u00e9par<span style=\"font-family: verdana, geneva, sans-serif;\">ation mentale pour d\u00e9clencher de bons r\u00e9flexes<\/span><\/strong> d&rsquo;\u00e9tude et h<\/span><span style=\"font-family: verdana, geneva, sans-serif; color: #000080;\">ypnose de relaxation d&rsquo;aide \u00e0 la compr\u00e9hension des dialogues entre natifs et d\u2019expression instinctive. <\/span><span style=\"font-family: verdana, geneva, sans-serif; color: #000080;\">Soutien d&rsquo;une coach motivante et toujours de bonne humeur.\u00a0<\/span><\/p>\n<p><span style=\"font-family: verdana, geneva, sans-serif; color: #000080;\"><strong>ORGANISATION DE L\u2019ACTION \u00a0\u00a0<\/strong><\/span><\/p>\n<p><span style=\"font-family: verdana, geneva, sans-serif; color: #000080;\"><strong>Dur\u00e9e<\/strong> : adaptable \u00e0 vos besoins pour atteindre l\u2019objectif vis\u00e9.<\/span><br \/>\n<span style=\"font-family: verdana, geneva, sans-serif; color: #000080;\"><strong>Date et horaires<\/strong> : sur mesure (+ atelier mixte selon planning du centre)<\/span><br \/>\n<span style=\"font-family: verdana, geneva, sans-serif; color: #000080;\"><strong>Lieu<\/strong> : en centre ou \u00e0 distance ou mixte \u00a0pre\u0301sentiel et en ligne <\/span><br \/>\n<span style=\"font-family: verdana, geneva, sans-serif; color: #000080;\"><strong>Situation de handicap<\/strong> : <strong><span style=\"color: #0000ff;\"><a style=\"color: #0000ff;\" href=\"https:\/\/www.leslanguessansstress.fr\/index.php\/2023\/05\/08\/accessibilite-handicap\/\" target=\"_blank\" rel=\"noopener\">information et contact r\u00e9f\u00e9rente<\/a><\/span><\/strong> \u00a0<\/span><\/p>\n<p><span style=\"font-family: verdana, geneva, sans-serif; color: #000080;\"><strong>MODALITE D&rsquo;ENSEIGNEMENT<\/strong><\/span><\/p>\n<p><span style=\"font-family: verdana, geneva, sans-serif; color: #000080;\">Mixte (pr\u00e9sentielle et \u00e0 distance)<\/span><br \/>\n<span style=\"font-family: verdana, geneva, sans-serif; color: #000080;\">\u00c0 distance (apprentissage 100% autonome e-learning + Visio pratique des acquis avec formatrice).\u00a0<\/span><\/p>\n<p><span style=\"color: #000080;\"><strong><span style=\"font-family: verdana, geneva, sans-serif;\">PR\u00c9REQUIS<\/span><\/strong><\/span><\/p>\n<p><span style=\"color: #000080; font-family: verdana, geneva, sans-serif;\"><span style=\"text-decoration: underline;\">Cours<\/span> : disposer d&rsquo;un ordinateur ou d&rsquo;un Smartphone ou d&rsquo;une tablette avec connexion Internet. Ne pas \u00eatre en situation d&rsquo;analphab\u00e9tisme.*<\/span><br \/>\n<span style=\"color: #000080; font-family: verdana, geneva, sans-serif;\"><span style=\"text-decoration: underline;\">Test de certification<\/span> : disposer d&rsquo;un ordinateur avec une bonne connexion Internet. Avoir suivi la formation pour comprendre les informations et les questions orales et \u00e9crites du test.\u00a0<\/span><\/p>\n<p style=\"font-weight: 400;\"><span style=\"color: #000080; font-family: verdana, geneva, sans-serif;\"><strong>MODES DE FINANCEMENT \u00a0<\/strong><\/span><\/p>\n<p><span style=\"color: #000080; font-family: verdana, geneva, sans-serif;\">CPF, entreprise, OPCO, Po\u0302le Emploi, Viv\u00e9a, Fifph\u2026<\/span><br \/>\n<span style=\"color: #000080; font-family: verdana, geneva, sans-serif;\">Aux frais des particuliers =&gt; adh\u00e9sion \u00e0 l\u2019association <\/span><\/p>\n<p style=\"text-align: center;\"><img loading=\"lazy\" decoding=\"async\" class=\"alignnone size-medium wp-image-14157\" src=\"https:\/\/www.leslanguessansstress.fr\/wp-content\/uploads\/2022\/10\/Mon-compte-formation-CPF-les-langues-sans-stress-300x159.jpg\" alt=\"\" width=\"300\" height=\"159\" srcset=\"https:\/\/www.leslanguessansstress.fr\/wp-content\/uploads\/2022\/10\/Mon-compte-formation-CPF-les-langues-sans-stress-300x159.jpg 300w, https:\/\/www.leslanguessansstress.fr\/wp-content\/uploads\/2022\/10\/Mon-compte-formation-CPF-les-langues-sans-stress.jpg 646w\" sizes=\"auto, (max-width: 300px) 100vw, 300px\" \/><\/p>\n<h1 style=\"font-weight: 400;\"><span style=\"font-family: verdana, geneva, sans-serif; color: #3366ff;\">Anglais pour l&rsquo;accueil \u00e9ligible au budget CPF\u00a0<\/span><\/h1>\n<p><span style=\"font-family: arial, helvetica, sans-serif; color: #000080;\">Pour activer le financement CPF de votre formation, vous devez accepter de vous pr\u00e9parer au niveau A2 seuil (conversation simple) ou plus selon votre maitrise de la langue et passer toutes les parties du test de certification CLO\u00c9 ANGLAIS selon les modalit\u00e9s de MON COMPTE FORMATION avant la fin de votre formation pr\u00e9sentielle. <\/span><br \/>\n<span style=\"font-family: arial, helvetica, sans-serif; color: #000080;\">Information dans notre rubrique offres CPF et sur la plateforme www.moncompteformation.gouv.fr <\/span><br \/>\n<span style=\"font-family: arial, helvetica, sans-serif; color: #000080;\">=&gt; anglais &#8211; pr\u00e9sentiel <\/span><br \/>\n<span style=\"font-family: arial, helvetica, sans-serif; color: #000080;\">=&gt; La Rochette 73110 &#8211; 5 km <\/span><br \/>\n<span style=\"font-family: arial, helvetica, sans-serif; color: #000080;\">=&gt; voir les r\u00e9sultats &#8211; Filtre : LES LANGUES SANS STRESS Val\u00e9rie Neyret-Vachey.<\/span><\/p>\n<p><span style=\"font-family: verdana, geneva, sans-serif; color: #000080;\"><strong>Tarif adapt\u00e9 aux modalit\u00e9s choisies<\/strong> : dur\u00e9e d&rsquo;\u00e9tude autonome, ressources et fr\u00e9quence de l&rsquo;accompagnement. <\/span><br \/>\n<span style=\"font-family: verdana, geneva, sans-serif; color: #000080;\">Plusieurs financements accept\u00e9s dont l\u2019apport personnel, de l\u2019entreprise, OPCO, VIVEA, <strong><span style=\"color: #0000ff;\"><a style=\"color: #0000ff;\" href=\"https:\/\/www.leslanguessansstress.fr\/index.php\/2023\/05\/09\/financements-cpf\/\">CPF<\/a><\/span><\/strong>.<\/span><br \/>\n<span style=\"text-decoration: underline;\"><span style=\"font-family: verdana, geneva, sans-serif; color: #000080; text-decoration: underline;\">Le co\u00fbt de votre certification est inclus dans le tarif de nos formations CPF<\/span><\/span><\/p>\n<p><span style=\"color: #000080; font-family: verdana, geneva, sans-serif;\"><span style=\"color: #0000ff;\"><strong><a style=\"color: #0000ff;\" href=\"https:\/\/www.leslanguessansstress.fr\/index.php\/nous-contacter\/\" target=\"_blank\" rel=\"noopener\">Nous contacter<\/a><\/strong><\/span> depuis notre site internet pour fixer un rendez-vous ou entretien t\u00e9l\u00e9phonique. <\/span><br \/>\n<span style=\"color: #000080; font-family: verdana, geneva, sans-serif;\">Nous vous invitons \u00e0 prendre connaissance des CGV, du r\u00e8glement int\u00e9rieur, des modalit\u00e9s de cette formation personnalisable et de la m\u00e9thode Les langues sans stress avant toute inscription en lisant le <\/span><strong><span style=\"color: #0000ff;\"><a style=\"color: #0000ff; font-family: verdana, geneva, sans-serif;\" href=\"https:\/\/www.leslanguessansstress.fr\/index.php\/2023\/03\/24\/livret-daccueil-stagiaire\/\" target=\"_blank\" rel=\"noopener\">Livret d&rsquo;accueil du stagiaire<\/a><\/span><span style=\"color: #000080; font-family: verdana, geneva, sans-serif;\">. <\/span><\/strong><br \/>\n<span style=\"font-family: verdana, geneva, sans-serif; color: #000080;\">Programme format PDF de votre formation langues professionnelles avec pr\u00e9paration mentale &#8211; CPF<\/span><\/p>\n<p>&nbsp;<\/p>\n<p><!--more--><\/p>\n<p><strong><span style=\"color: #000080; font-family: verdana, geneva, sans-serif;\">\u00a0* <\/span><\/strong><span style=\"color: #000080; font-family: verdana, geneva, sans-serif;\">Nous avons \u00e0 c\u0153ur d&rsquo;accueillir chaque candidat et de l&rsquo;accompagner avec passion et <\/span><span style=\"color: #000080; font-family: verdana, geneva, sans-serif;\"><span style=\"caret-color: #000080;\">bienveillance<\/span> vers la certification de son choix quel que soit son niveau de d\u00e9part. L&rsquo;\u00e2ge, le handicap, l&rsquo;illettrisme et <\/span><span style=\"color: #000080; font-family: verdana, geneva, sans-serif;\">l&rsquo;analphab\u00e9tisme ne sont pas des freins \u00e0 l&rsquo;apprentissage des langues vivantes. Chacun a le droit d&rsquo;avancer \u00e0 son rythme avec un soutien d\u00e9di\u00e9 similaire \u00e0 celui propos\u00e9 \u00e0 une personne sans handicap ou difficult\u00e9s diverses <span style=\"caret-color: #000080;\">d&rsquo;apprentissage, mais avec des ressources et un suivi adapt\u00e9s pour rester heureux d&rsquo;apprendre et pr\u00eats \u00e0 \u00e9changer dans la langue d&rsquo;\u00e9tude avec le monde entier. <strong><span style=\"color: #0000ff;\"><a style=\"color: #0000ff;\" href=\"https:\/\/www.leslanguessansstress.fr\/index.php\/2023\/05\/08\/accessibilite-handicap\/\" target=\"_blank\" rel=\"noopener\">R\u00e9f\u00e9rente Handicap \u00e0 votre \u00e9coute<\/a>.<\/span><\/strong><\/span><\/span><\/p>\n<p><img loading=\"lazy\" decoding=\"async\" class=\"alignnone size-medium wp-image-16444 aligncenter\" src=\"https:\/\/www.leslanguessansstress.fr\/wp-content\/uploads\/2024\/08\/20240828-charte-de-deontologie-Qualiopi--300x271.jpg\" alt=\"\" width=\"300\" height=\"271\" srcset=\"https:\/\/www.leslanguessansstress.fr\/wp-content\/uploads\/2024\/08\/20240828-charte-de-deontologie-Qualiopi--300x271.jpg 300w, https:\/\/www.leslanguessansstress.fr\/wp-content\/uploads\/2024\/08\/20240828-charte-de-deontologie-Qualiopi-.jpg 370w\" sizes=\"auto, (max-width: 300px) 100vw, 300px\" \/><\/p>\n","protected":false},"excerpt":{"rendered":"<p>Anglais pour l&rsquo;accueil\u00a0 OBJECTIFS Communiquer efficacement sur son offre.\u00a0 Accueillir, informer, diriger son interlocuteur au<\/p>\n","protected":false},"author":1,"featured_media":7540,"comment_status":"closed","ping_status":"open","sticky":false,"template":"","format":"standard","meta":{"footnotes":""},"categories":[80,127,348],"tags":[350,108,574,610,448,370],"class_list":["post-18181","post","type-post","status-publish","format-standard","has-post-thumbnail","hentry","category-actualites","category-anglais","category-cpf-certificats","tag-action-et-jeux-de-role","tag-anglais","tag-cpf","tag-entretien","tag-metier","tag-remise-a-niveau"],"_links":{"self":[{"href":"https:\/\/www.leslanguessansstress.fr\/index.php\/wp-json\/wp\/v2\/posts\/18181","targetHints":{"allow":["GET"]}}],"collection":[{"href":"https:\/\/www.leslanguessansstress.fr\/index.php\/wp-json\/wp\/v2\/posts"}],"about":[{"href":"https:\/\/www.leslanguessansstress.fr\/index.php\/wp-json\/wp\/v2\/types\/post"}],"author":[{"embeddable":true,"href":"https:\/\/www.leslanguessansstress.fr\/index.php\/wp-json\/wp\/v2\/users\/1"}],"replies":[{"embeddable":true,"href":"https:\/\/www.leslanguessansstress.fr\/index.php\/wp-json\/wp\/v2\/comments?post=18181"}],"version-history":[{"count":3,"href":"https:\/\/www.leslanguessansstress.fr\/index.php\/wp-json\/wp\/v2\/posts\/18181\/revisions"}],"predecessor-version":[{"id":18184,"href":"https:\/\/www.leslanguessansstress.fr\/index.php\/wp-json\/wp\/v2\/posts\/18181\/revisions\/18184"}],"wp:featuredmedia":[{"embeddable":true,"href":"https:\/\/www.leslanguessansstress.fr\/index.php\/wp-json\/wp\/v2\/media\/7540"}],"wp:attachment":[{"href":"https:\/\/www.leslanguessansstress.fr\/index.php\/wp-json\/wp\/v2\/media?parent=18181"}],"wp:term":[{"taxonomy":"category","embeddable":true,"href":"https:\/\/www.leslanguessansstress.fr\/index.php\/wp-json\/wp\/v2\/categories?post=18181"},{"taxonomy":"post_tag","embeddable":true,"href":"https:\/\/www.leslanguessansstress.fr\/index.php\/wp-json\/wp\/v2\/tags?post=18181"}],"curies":[{"name":"wp","href":"https:\/\/api.w.org\/{rel}","templated":true}]}}