{"id":18139,"date":"2026-02-13T07:50:36","date_gmt":"2026-02-13T06:50:36","guid":{"rendered":"https:\/\/www.leslanguessansstress.fr\/?p=18139"},"modified":"2026-03-05T08:19:07","modified_gmt":"2026-03-05T07:19:07","slug":"anglais-etc","status":"publish","type":"post","link":"https:\/\/www.leslanguessansstress.fr\/index.php\/2026\/02\/13\/anglais-etc\/","title":{"rendered":"ANGLAIS \u00e9ligible CPF &#8211; Pr\u00e9sentation"},"content":{"rendered":"<div class=\"a2a_kit a2a_kit_size_32 a2a_default_style addToAny-js\"><span style=\"font-family: georgia, palatino, serif; color: #000000; font-size: 12px;\">Information \u00e0 lire de pr\u00e9f\u00e9rence depuis un \u00e9cran d&rsquo;ordinateur <\/span><\/div>\n<p class=\"a2a_kit a2a_kit_size_32 a2a_default_style addToAny-js\"><span style=\"font-family: verdana, geneva, sans-serif; color: #000080; font-size: 14px;\">1) Contenu des programmes standards<\/span><br \/>\n<span style=\"font-family: verdana, geneva, sans-serif; color: #000080; font-size: 14px;\">2) programmes sp\u00e9cifiques ou m\u00e9tiers <\/span><br \/>\n<span style=\"font-family: verdana, geneva, sans-serif; color: #000080; font-size: 14px;\">3) CPF <\/span><br \/>\n<span style=\"font-family: verdana, geneva, sans-serif; color: #000080; font-size: 14px;\">4) Modalit\u00e9s <\/span><\/p>\n<div style=\"text-align: center;\"><span style=\"font-family: verdana, geneva, sans-serif;\"> <img loading=\"lazy\" decoding=\"async\" class=\"alignnone size-medium wp-image-18382\" src=\"https:\/\/www.leslanguessansstress.fr\/wp-content\/uploads\/2025\/08\/Qualiopi-Mon-compte-formation-2025-300x87.jpg\" alt=\"\" width=\"300\" height=\"87\" srcset=\"https:\/\/www.leslanguessansstress.fr\/wp-content\/uploads\/2025\/08\/Qualiopi-Mon-compte-formation-2025-300x87.jpg 300w, https:\/\/www.leslanguessansstress.fr\/wp-content\/uploads\/2025\/08\/Qualiopi-Mon-compte-formation-2025-1024x296.jpg 1024w, https:\/\/www.leslanguessansstress.fr\/wp-content\/uploads\/2025\/08\/Qualiopi-Mon-compte-formation-2025-768x222.jpg 768w, https:\/\/www.leslanguessansstress.fr\/wp-content\/uploads\/2025\/08\/Qualiopi-Mon-compte-formation-2025.jpg 1322w\" sizes=\"auto, (max-width: 300px) 100vw, 300px\" \/><\/span><\/div>\n<div>\n<h2 style=\"font-weight: 400;\"><span style=\"color: #000080; font-size: 16px; font-family: verdana, geneva, sans-serif;\">Stop aux id\u00e9es re\u00e7ues : apprendre l\u2019anglais n&rsquo;est pas du tout difficile et ses structures de phrase plut\u00f4t simples, d\u00e8s qu&rsquo;on accepte la diff\u00e9rence entre nos deux langues en \u00e9vitant la traduction des mots depuis votre langue maternelle !<br \/>\n<span style=\"color: #3366ff; font-size: 20px;\">Apprenez l&rsquo;anglais sans stress avec plaisir et efficacit\u00e9! <\/span><\/span><\/h2>\n<h2 style=\"font-weight: 400;\"><span style=\"font-size: 20px; color: #000080; font-family: verdana, geneva, sans-serif;\">Objectifs<\/span><\/h2>\n<\/div>\n<div>\n<p style=\"font-weight: 400;\"><span style=\"font-family: verdana, geneva, sans-serif;\"><span style=\"color: #000080; font-size: 16px;\"><span style=\"font-size: 14px;\">Favoriser votre <strong>aisance orale en plongeant dans la langue anglaise<\/strong> comme vous avez appris votre langue maternelle gr\u00e2ce \u00e0 nos mises en situation ludiques et professionnelles. \u00a0<\/span><br \/>\n<span style=\"font-size: 14px;\"><strong>Prendre confiance en soi<\/strong> gr\u00e2ce <\/span><\/span><span style=\"font-size: 14px;\"><span style=\"color: #000080;\">\u00e0\u00a0<\/span><span style=\"color: #000080;\">ce petit plus qui est la gestion du stress. \u00a0\u00a0<\/span><\/span><\/span><br \/>\n<span style=\"font-family: verdana, geneva, sans-serif; font-size: 14px;\"><span style=\"color: #000080;\">Pouvoir <strong>interagir avec spontan\u00e9it\u00e9<\/strong> dans vos activit\u00e9s habituelles et fonctions professionnelles \u00e0 l&rsquo;\u00e9crit comme \u00e0 l&rsquo;oral ou pendant vos <\/span><span style=\"color: #000080;\">d\u00e9placements \u00e0 l\u2019\u00e9tranger. <\/span><\/span><\/p>\n<h3 style=\"font-weight: 400;\"><span style=\"font-family: verdana, geneva, sans-serif; font-size: 14px;\"><span style=\"color: #000080;\">Les principales comp\u00e9tences travaill\u00e9es puis \u00e9valu\u00e9es par le test de certification sont :<br \/>\n<\/span><\/span><\/h3>\n<p style=\"font-weight: 400;\"><span style=\"font-family: verdana, geneva, sans-serif; font-size: 14px;\"><span style=\"color: #000080;\">Utiliser un vocabulaire adapt\u00e9 au contexte<br \/>\nUtiliser les principales structures grammaticales n\u00e9cessaires pour construire des phrases coh\u00e9rentes et de complexit\u00e9 vari\u00e9e<br \/>\nComprendre un court texte et en d\u00e9gager le sens global et des d\u00e9tails sp\u00e9cifiques<br \/>\nComprendre un \u00e9nonc\u00e9, des instructions ou les questions d\u2019un interlocuteur<br \/>\nCommuniquer en situation socioprofessionnelle, professionnelle ou sp\u00e9cifique \u00e0 son activit\u00e9 en employant les expressions adapt\u00e9es<br \/>\nTenir une discussion sur un sujet professionnel<br \/>\nCommuniquer de fa\u00e7on naturelle et d\u00e9velopper l\u2019interaction orale<br \/>\nSe faire comprendre avec une prononciation claire\u00a0<\/span><\/span><\/p>\n<div class=\"product__intro\">\n<h3><img loading=\"lazy\" decoding=\"async\" class=\"wp-image-13685 aligncenter\" src=\"https:\/\/www.leslanguessansstress.fr\/wp-content\/uploads\/2022\/07\/Atout-confiance-formations-CPF-Les-langues-sans-stress-a-La-Rochette-Savoie.png\" alt=\"\" width=\"98\" height=\"98\" srcset=\"https:\/\/www.leslanguessansstress.fr\/wp-content\/uploads\/2022\/07\/Atout-confiance-formations-CPF-Les-langues-sans-stress-a-La-Rochette-Savoie.png 254w, https:\/\/www.leslanguessansstress.fr\/wp-content\/uploads\/2022\/07\/Atout-confiance-formations-CPF-Les-langues-sans-stress-a-La-Rochette-Savoie-150x150.png 150w\" sizes=\"auto, (max-width: 98px) 100vw, 98px\" \/><\/h3>\n<h3 style=\"font-weight: 400;\"><span style=\"color: #000080; font-family: verdana, geneva, sans-serif; font-size: 20px;\">Points forts<\/span><br \/>\n<span style=\"font-size: 14px;\"><span style=\"color: #000080; font-family: verdana, geneva, sans-serif;\"><strong>Face-\u00e0-face sur-mesure<\/strong> avec une formatrice dynamique et enjou\u00e9e \u00e0 votre \u00e9coute, pr\u00e9paratrice mentale.<br \/>\n<\/span><span style=\"color: #000080; font-family: verdana, geneva, sans-serif;\"><strong>Atelier interactif<\/strong> convivial et professionnel favorisant l&rsquo;expression orale.<br \/>\n<\/span><span style=\"color: #000080; font-family: verdana, geneva, sans-serif;\"><strong>Cours avec entrainement cibl\u00e9<\/strong> suivi d\u2019une correction explicative des erreurs.<br \/>\n<\/span><span style=\"color: #000080; font-family: verdana, geneva, sans-serif;\"><strong>Gestion du stress<\/strong> avec divers outils dont l&rsquo;hypnose de relaxation dans la langue cible d\u00e9clenchant de bons r\u00e9flexes.<br \/>\n<\/span><span style=\"color: #000080; font-family: verdana, geneva, sans-serif;\"><strong>Programmes au choix<\/strong> du standard \u00e0 enti\u00e8rement personnalis\u00e9s.\u00a0<\/span><\/span><br \/>\n<span style=\"font-size: 14px;\"><span style=\"color: #000080; font-family: verdana, geneva, sans-serif;\"><strong>Unit\u00e9s d&rsquo;\u00e9tude compl\u00e9mentaires<\/strong> pour r\u00e9pondre \u00e0 vos besoins tr\u00e8s particuliers dans une dur\u00e9e courte.<br \/>\n<\/span><\/span><\/h3>\n<p><img loading=\"lazy\" decoding=\"async\" class=\"alignnone wp-image-15968 aligncenter\" src=\"https:\/\/www.leslanguessansstress.fr\/wp-content\/uploads\/2024\/03\/ameliorer-son-etude-des-langues-pour-atteindre-ses-objectifs--300x181.png\" alt=\"\" width=\"161\" height=\"97\" srcset=\"https:\/\/www.leslanguessansstress.fr\/wp-content\/uploads\/2024\/03\/ameliorer-son-etude-des-langues-pour-atteindre-ses-objectifs--300x181.png 300w, https:\/\/www.leslanguessansstress.fr\/wp-content\/uploads\/2024\/03\/ameliorer-son-etude-des-langues-pour-atteindre-ses-objectifs--1024x617.png 1024w, https:\/\/www.leslanguessansstress.fr\/wp-content\/uploads\/2024\/03\/ameliorer-son-etude-des-langues-pour-atteindre-ses-objectifs--768x463.png 768w, https:\/\/www.leslanguessansstress.fr\/wp-content\/uploads\/2024\/03\/ameliorer-son-etude-des-langues-pour-atteindre-ses-objectifs-.png 1280w\" sizes=\"auto, (max-width: 161px) 100vw, 161px\" \/><\/p>\n<h3 style=\"font-weight: 400;\"><span style=\"color: #000080; font-family: verdana, geneva, sans-serif; font-size: 20px;\">R\u00e9sultats attendus\u00a0<\/span><\/h3>\n<p style=\"font-weight: 400;\"><span style=\"color: #000080; font-size: 14px; font-family: verdana, geneva, sans-serif;\"><span style=\"color: #3366ff;\"><span style=\"color: #000080;\"><strong>Mesurer vos connaissances <\/strong>de la langue \u00e9crite ainsi que la compr\u00e9hension et l\u2019expression orales, selon les crit\u00e8res du Cadre Europ\u00e9en de R\u00e9f\u00e9rence pour les Langues (CECRL).<\/span><\/span><\/span><br \/>\n<strong><span style=\"color: #000080; font-family: verdana, geneva, sans-serif;\"><span style=\"font-size: 14px; font-weight: 400;\">Mettre en valeur vos <\/span><span style=\"caret-color: #000080; font-size: 14px;\">acquis <\/span><\/span><\/strong><span style=\"color: #000080; font-family: verdana, geneva, sans-serif;\"><span style=\"font-size: 14px;\">r\u00e9v\u00e9l\u00e9s par les bilans et entretiens tout au long de votre parcours.<\/span><\/span><br \/>\n<span style=\"color: #000080; font-size: 14px; font-family: verdana, geneva, sans-serif;\"><span style=\"color: #3366ff;\"><span style=\"color: #000080;\"><strong>Communiquer naturellement et avec assurance<\/strong> sans traduire depuis le fran\u00e7ais. <\/span><\/span><\/span><br \/>\n<span style=\"color: #000080; font-size: 14px; font-family: verdana, geneva, sans-serif;\"><span style=\"color: #3366ff;\"><span style=\"color: #000080;\"><strong>Certifier vos comp\u00e9tences<\/strong> selon le programme \u00e9tudi\u00e9.<\/span><\/span><\/span><\/p>\n<h3 style=\"font-weight: 400;\"><span style=\"color: #000080; font-family: verdana, geneva, sans-serif; font-size: 20px;\">Moyens d&rsquo;appr\u00e9ciation de la formation\u00a0<\/span><\/h3>\n<p style=\"font-weight: 400;\"><span style=\"color: #000080; font-size: 14px; font-family: verdana, geneva, sans-serif;\"><span style=\"color: #3366ff;\"><span style=\"color: #000080;\"><strong>Votre satisfaction <\/strong>\u00e0 \u00e9tudier et converser gr\u00e2ce aux \u00e9valuations situationnelles ou QCM jalonnant votre parcours pour : <\/span><br \/>\n<span style=\"color: #000080;\">\u00a0 1) <strong>Diagnostiquer vos atouts<\/strong> et lacunes \u00e0 renforcer pour ma\u00eetriser votre parcours.<\/span><br \/>\n<span style=\"color: #000080;\">\u00a0 2) <strong>Valoriser vos efforts<\/strong> et d\u00e9montrer que vous avez atteints des objectifs fix\u00e9s par \u00e9tape. \u00a0<\/span><br \/>\n<span style=\"color: #000080;\">\u00a03) <strong>Valider votre progression<\/strong> et certifier vos acquis en fin de parcours \u2014 \u00e7a donne de l&rsquo;assurance!<\/span><\/span><\/span><\/p>\n<\/div>\n<\/div>\n<div>\n<h3><span style=\"font-family: verdana, geneva, sans-serif;\"><img loading=\"lazy\" decoding=\"async\" class=\"wp-image-14078 aligncenter\" src=\"https:\/\/www.leslanguessansstress.fr\/wp-content\/uploads\/2022\/09\/Anglais-sans-stress--300x198.jpg\" alt=\"\" width=\"154\" height=\"102\" srcset=\"https:\/\/www.leslanguessansstress.fr\/wp-content\/uploads\/2022\/09\/Anglais-sans-stress--300x198.jpg 300w, https:\/\/www.leslanguessansstress.fr\/wp-content\/uploads\/2022\/09\/Anglais-sans-stress-.jpg 716w\" sizes=\"auto, (max-width: 154px) 100vw, 154px\" \/><\/span><\/h3>\n<h2 style=\"font-weight: 400;\"><span style=\"color: #000080; font-size: 16px; font-family: verdana, geneva, sans-serif;\"><span style=\"color: #3366ff; font-size: 20px;\">Gagnez du temps et renforcez vos comp\u00e9tences professionnelles en vous habituant \u00e0 penser en anglais selon vos fonctions dans l&rsquo;entreprise ou votre m\u00e9tier\u00a0<\/span><\/span><\/h2>\n<h3 style=\"font-weight: 400;\"><span style=\"color: #000080; font-family: verdana, geneva, sans-serif; font-size: 20px;\">Contenu adaptable\u00a0<\/span><\/h3>\n<p><span style=\"color: #000080; font-family: verdana, geneva, sans-serif; font-size: 14px;\"><strong>\u2192 Evaluation diagnostique<\/strong> de vos atouts et notions \u00e0 renforcer<\/span><br \/>\n<span style=\"color: #000080; font-family: verdana, geneva, sans-serif; font-size: 14px;\"><strong>\u2192 Entretien<\/strong> pr\u00e9liminaire avec la formatrice<\/span><br \/>\n<span style=\"color: #000080; font-family: verdana, geneva, sans-serif; font-size: 14px;\"><strong>\u2192<\/strong> <strong>Des ressources d&rsquo;\u00e9tude<\/strong> adapt\u00e9es \u00e0 votre profil d&rsquo;aprenant avec une m\u00e9thode immersive naturelle (sans listes ni \u00ab\u00a0par c\u0153ur\u00a0\u00bb)\u00a0<\/span><span style=\"font-size: 14px;\"><span style=\"color: #000080; font-family: verdana, geneva, sans-serif;\"><br \/>\n<strong> <span style=\"color: #000080; font-family: verdana, geneva, sans-serif; font-size: 14px;\">\u2192 <\/span>Des le\u00e7ons situationnelles<\/strong> selon 3 modes de vie \u00e0 choisir ou cumuler \u00e0 chaque niveau d&rsquo;\u00e9tude : <\/span><\/span><br \/>\n<span style=\"font-size: 14px; color: #3366ff;\"><a style=\"color: #3366ff;\" href=\"https:\/\/www.leslanguessansstress.fr\/index.php\/2026\/02\/14\/5-langues-courantes-du-quotidien\/\" target=\"_blank\" rel=\"noopener\"><span style=\"font-family: verdana, geneva, sans-serif;\"><span style=\"caret-color: #000080;\">Vie et interaction au quotidien<\/span><\/span><\/a><span style=\"font-family: verdana, geneva, sans-serif;\"><span style=\"font-weight: 400;\">, <\/span><\/span><\/span><br \/>\n<span style=\"font-size: 14px; color: #3366ff;\"><a style=\"color: #3366ff; font-family: verdana, geneva, sans-serif;\" href=\"https:\/\/www.leslanguessansstress.fr\/index.php\/2025\/08\/24\/langue-professionnelle-eligible-cpf\/\" target=\"_blank\" rel=\"noopener\">Communicatino courante en entreprise<\/a><span style=\"font-family: verdana, geneva, sans-serif;\">, <\/span><\/span><br \/>\n<span style=\"font-size: 14px;\"><span style=\"color: #3366ff;\"><a style=\"color: #3366ff; font-family: verdana, geneva, sans-serif;\" href=\"https:\/\/www.leslanguessansstress.fr\/index.php\/2025\/08\/07\/voyager-avec-les-langues-sans-stress\/\" target=\"_blank\" rel=\"noopener\">D\u00e9placements et voyages.<\/a><\/span> <span style=\"color: #000080; font-family: verdana, geneva, sans-serif;\">\u00a0<\/span><\/span><br \/>\n<span style=\"font-family: verdana, geneva, sans-serif; color: #000080; font-size: 14px;\"><span style=\"color: #0000ff;\"><span style=\"color: #000080;\">Premiers contacts et rencontres professionnelles <\/span><\/span><\/span><br \/>\n<span style=\"font-size: 14px;\"><span style=\"font-family: verdana, geneva, sans-serif; color: #000080;\"><span style=\"color: #0000ff;\"><span style=\"color: #000080;\">R\u00e9ussir sa pr\u00e9sentation en anglais<\/span><\/span><\/span> <span style=\"font-family: verdana, geneva, sans-serif; color: #000080;\"><br \/>\n<\/span><span style=\"color: #3366ff;\"><a style=\"color: #3366ff;\" href=\"https:\/\/www.leslanguessansstress.fr\/index.php\/2026\/02\/15\/anglais-de-lentreprise\/\" target=\"_blank\" rel=\"noopener\"><span style=\"font-family: verdana, geneva, sans-serif;\">Anglais am\u00e9ricain de l&rsquo;entreprise \u00a0<\/span><\/a><\/span><\/span><br \/>\n<span style=\"font-size: 14px; color: #3366ff;\"><a style=\"color: #3366ff;\" href=\"https:\/\/www.leslanguessansstress.fr\/index.php\/2026\/02\/15\/anglais-specifique-programmes\/\" target=\"_blank\" rel=\"noopener\"><span style=\"font-family: verdana, geneva, sans-serif;\">Programmes d&rsquo;anglais sp\u00e9cifique par m\u00e9tier ou secteur d&rsquo;activit\u00e9\u00a0<\/span><\/a><\/span><br \/>\n<span style=\"font-size: 14px;\"><strong><span style=\"font-family: verdana, geneva, sans-serif; color: #000080;\">Modules courts d&rsquo;enrichissement du lexique :<br \/>\n<\/span><\/strong><span style=\"font-family: verdana, geneva, sans-serif;\"><span style=\"color: #000080;\"><span style=\"color: #0000ff;\"><span style=\"color: #000080;\">&#8211; <\/span><a style=\"color: #0000ff;\" href=\"https:\/\/www.leslanguessansstress.fr\/index.php\/2025\/02\/02\/les-langues-sans-stress-du-bureau-a-lentreprise\/\" target=\"_blank\" rel=\"noopener\">Lexique bureau et de l&rsquo;entreprise<\/a><br \/>\n<\/span><\/span><span style=\"color: #000080;\">&#8211; <\/span><span style=\"color: #0000ff;\"><a style=\"color: #0000ff;\" href=\"https:\/\/www.leslanguessansstress.fr\/index.php\/2025\/02\/03\/17471\/\" target=\"_blank\" rel=\"noopener\">Lexique des affaires<\/a><br \/>\n<\/span><span style=\"color: #000080;\">&#8211; <\/span><span style=\"color: #0000ff;\"><a style=\"color: #0000ff;\" href=\"https:\/\/www.leslanguessansstress.fr\/index.php\/2025\/01\/23\/programme-presse\/\" target=\"_blank\" rel=\"noopener\">Lexique de la presse<\/a><\/span><\/span><\/span><\/p>\n<p><span style=\"color: #000080; font-family: verdana, geneva, sans-serif;\"><span style=\"font-size: 14px;\">Notre m\u00e9thode active naturelle reproduit le processus d&rsquo;apprentissage d&rsquo;une langue maternelle : <\/span><\/span><strong><span style=\"color: #000080; font-family: verdana, geneva, sans-serif;\"><span style=\"font-size: 14px; font-weight: 400;\">\u00e9couter, r\u00e9p\u00e9ter et <\/span><span style=\"caret-color: #000080; font-size: 14px;\">pratiquer<\/span><span style=\"font-size: 14px; font-weight: 400;\">, lire et \u00e9crire<\/span><\/span><\/strong><span style=\"color: #000080; font-family: verdana, geneva, sans-serif;\"><span style=\"font-size: 14px;\"> apr\u00e8s immersion dans une situation clairement d\u00e9finie :<\/span><\/span><br \/>\n<span style=\"font-size: 14px;\"><span style=\"color: #000080; font-family: verdana, geneva, sans-serif;\">&#8211; Vous commencez chaque le\u00e7on par vous impr\u00e9gner d&rsquo;une situation dont le vocabulaire et la grammaire sont mis en valeur dans le texte ou dialogue entre locuteurs natifs. <\/span><\/span><br \/>\n<span style=\"font-weight: 400;\"> &#8211; <span style=\"font-size: 14px; color: #000080; font-family: verdana, geneva, sans-serif;\">Vous explorez ensuite \u00e0 votre rythme des mots, expressions, structures de phrase et automatismes langagiers pr\u00e9sent\u00e9s.<\/span><\/span><br \/>\n<span style=\"font-size: 14px;\"><span style=\"color: #000080; font-family: verdana, geneva, sans-serif;\"> &#8211; Vous lisez et r\u00e9p\u00e9tez \u00e0 voix haute, pratiquez l&rsquo;expression \u00e9crite et parlez selon les le\u00e7ons interactives suivies. <\/span><\/span><br \/>\n<span style=\"font-weight: 400;\"> &#8211; <span style=\"font-size: 14px; color: #000080; font-family: verdana, geneva, sans-serif;\">Vous d\u00e9veloppez vos comp\u00e9tences orales pendant des interactions face-\u00e0-face reprenant les le\u00e7ons.<\/span><\/span><br \/>\n<span style=\"font-weight: 400;\"> &#8211; <span style=\"font-size: 14px; color: #000080; font-family: verdana, geneva, sans-serif;\">Vous consolidez les structures dans des exercices cibl\u00e9s et discutez des difficult\u00e9s rencontr\u00e9es avec la formatrice.<\/span><\/span><\/p>\n<p><span style=\"font-size: 14px;\"><span style=\"color: #000080; font-family: verdana, geneva, sans-serif;\">Apr\u00e8s votre prise de parole ou votre entrainement \u00e9crit, vous recevez les remarques pour am\u00e9liorer votre prononciation ou expression \u00e9crite.<\/span><\/span><\/p>\n<p><span style=\"font-size: 14px;\"><span style=\"color: #000080; font-family: verdana, geneva, sans-serif;\"><strong>Suivre notre m\u00e9thode et vous immerger un peu chaque jour selon le calendrier de progression instaur\u00e9 vous assure de<\/strong> :<br \/>\n&#8211; Comprendre et vous exprimer en utilisant instinctivement les mots et la grammaire selon le contexte et votre interlocuteur.<\/span><\/span><br \/>\n<span style=\"font-size: 14px;\"><span style=\"color: #000080; font-family: verdana, geneva, sans-serif;\"> &#8211; \u00a0Acqu\u00e9rir du vocabulaire g\u00e9n\u00e9ral et des expressions idiomatiques gr\u00e2ce \u00e0 des collocations \u00e9videntes.<br \/>\n&#8211; Augmenter votre compr\u00e9hension auditive avec un entrainement cibl\u00e9.<br \/>\n&#8211; D\u00e9velopper votre interaction \u00e9crite ais\u00e9e.<br \/>\n&#8211; Stimuler votre expression orale instinctive sans traduire depuis le fran\u00e7ais.<br \/>\n<\/span><span style=\"color: #000080; font-family: verdana, geneva, sans-serif;\">&#8211; Abaisser votre niveau de stress et freins qui pourraient ralentir votre \u00e9tude et vos interventions orales.\u00a0<\/span><\/span><\/p>\n<\/div>\n<div>\n<div class=\"product__columns\">\n<div class=\"product__left\">\n<div class=\"product__paragraph\">\n<div class=\"field field--name-field-paragraphs-left field--type-entity-reference-revisions field--label-hidden field__items\">\n<div class=\"field__item\">\n<div class=\"paragraph paragraph--type--editorial paragraph--view-mode--default\">\n<div class=\"clearfix text-formatted field field--name-field-description field--type-text-long field--label-hidden field__item\">\n<p><span style=\"color: #000080; font-family: verdana, geneva, sans-serif;\">Prix et financement<\/span><\/p>\n<\/div>\n<\/div>\n<\/div>\n<div class=\"field__item\">\n<div class=\"paragraph paragraph--type--editorial paragraph--view-mode--default\">\n<p><span style=\"font-family: verdana, geneva, sans-serif; font-size: 14px;\"><span style=\"color: #000080;\">&#8211; <a href=\"https:\/\/www.leslanguessansstress.fr\/index.php\/prix-financement\/\" target=\"_blank\" rel=\"noopener\">Prix adapt\u00e9 aux modalit\u00e9s choisies<\/a><br \/>\n<\/span><span style=\"color: #000080;\"> &#8211; Nous acceptons la plupart des financements d&rsquo;Etat, conventions professionnelles et contrats du particulier ou forfaits associatifs. : <\/span><span style=\"color: #000080;\">CPF, OPCO, Associations, Agefiph, France Emploi, etc.<\/span><\/span><\/p>\n<div><span style=\"font-family: verdana, geneva, sans-serif;\"><img loading=\"lazy\" decoding=\"async\" class=\"wp-image-14157 aligncenter\" src=\"https:\/\/www.leslanguessansstress.fr\/wp-content\/uploads\/2022\/10\/Mon-compte-formation-CPF-les-langues-sans-stress-300x159.jpg\" alt=\"\" width=\"183\" height=\"97\" srcset=\"https:\/\/www.leslanguessansstress.fr\/wp-content\/uploads\/2022\/10\/Mon-compte-formation-CPF-les-langues-sans-stress-300x159.jpg 300w, https:\/\/www.leslanguessansstress.fr\/wp-content\/uploads\/2022\/10\/Mon-compte-formation-CPF-les-langues-sans-stress.jpg 646w\" sizes=\"auto, (max-width: 183px) 100vw, 183px\" \/><\/span><\/div>\n<div>\n<h2 style=\"font-weight: 400;\"><span style=\"font-size: 20px;\"><span style=\"color: #3366ff; font-family: verdana, geneva, sans-serif;\">Activez le CPF pour perfectionner votre anglais sans stress selon vos besoins et certifiez vos comp\u00e9tences d\u00e8s le niveau seuil A2 \u00a0<\/span><\/span><br \/>\n<span style=\"font-size: 14px;\"><a style=\"font-family: arial, helvetica, sans-serif; color: #0000ff;\" href=\"https:\/\/www.francecompetences.fr\/reguler-le-marche\/certification-professionnelle\/\" target=\"_blank\" rel=\"noopener\">Pourquoi se certifier?<\/a><\/span><\/h2>\n<\/div>\n<\/div>\n<\/div>\n<\/div>\n<\/div>\n<\/div>\n<\/div>\n<p style=\"font-weight: 400;\"><span style=\"font-size: 14px;\"><span style=\"color: #000080; font-family: verdana, geneva, sans-serif;\">Veuillez vous connecter \u00e0 votre interface\u00a0<\/span><a href=\"https:\/\/www.moncompteformation.gouv.fr\/espace-prive\/html\/#\/formation\/recherche\/resultats?q=%7B%22ou%22:%7B%22modality%22:%22EN_CENTRE_MIXTE%22,%22type%22:%22CP%22,%22ville%22:%7B%22nom%22:%22LA%20ROCHETTE%22,%22codePostal%22:%2273110%22,%22codeInsee%22:%2273215%22,%22coordonnee%22:%7B%22longitude%22:6.16651,%22latitude%22:45.452435%7D,%22eligibleCpf%22:true%7D%7D,%22debutPagination%22:1,%22nombreOccurences%22:10,%22contexteFormation%22:%22ACTIVITE_PROFESSIONNELLE%22,%22nomOrganisme%22:null,%22conformiteReglementaire%22:null,%22endDate%22:null,%22startDate%22:null,%22evaluation%22:null,%22niveauSortie%22:null,%22minPrix%22:null,%22maxPrix%22:null,%22rythme%22:null,%22onlyWithAbondementsEligibles%22:null,%22durationHours%22:null,%22certifications%22:null,%22distance%22:%225%22,%22quoi%22:null,%22quoiReferentiel%22:%7B%22code%22:%2215234%22,%22libelle%22:%22ANGLAIS%22,%22type%22:%22FORMACODE%22,%22publics%22:%5B%22GD_PUBLIC%22%5D%7D%7D\" target=\"_blank\" rel=\"noopener\"><span style=\"font-family: verdana, geneva, sans-serif; color: #000080;\"><span style=\"color: #0000ff;\"><strong>MON COMPTE FORMATION<\/strong><\/span> <\/span><\/a><span style=\"color: #000080; font-family: verdana, geneva, sans-serif;\">pour v\u00e9rifier votre \u00e9ligibilit\u00e9 \u00e0 la formation CPF et actualiser le montant de vos droits avant de choisir une de nos formations et de nous contacter avec votre projet et vos <span style=\"text-decoration: underline;\">dates d&rsquo;\u00e9tude pr\u00e9f\u00e9rentielles<\/span>.<br \/>\n<\/span><span style=\"font-family: verdana, geneva, sans-serif; color: #000080;\">Pr\u00e9paration et test sur place \u00e0\u00a0<\/span><strong style=\"color: #ff0000; font-family: verdana, geneva, sans-serif;\"><span style=\"color: #0000ff;\"><a style=\"color: #0000ff;\" href=\"https:\/\/www.valgelon-la-rochette.com\/\" target=\"_blank\" rel=\"noopener\">La Rochette (Savoie)<\/a> <\/span><\/strong><span style=\"font-family: verdana, geneva, sans-serif; color: #000080;\">ou en Visio.<\/span><\/span><\/p>\n<p><span style=\"color: #000080; font-family: arial, helvetica, sans-serif; font-size: 14px;\">Votre programme sera con\u00e7u pour r\u00e9pondre aux besoins d\u00e9cel\u00e9s lors du test de positionnement et de l&rsquo;entretien avec la formatrice. Le programme contient en tout premier une consolidation ou d\u00e9veloppement des bases (A1\/A2 \u00e0 B1) en langue courante puis ax\u00e9e communication selon votre m\u00e9tier ou vos fonctions dans l&rsquo;entreprise.<\/span><\/p>\n<p><span style=\"color: #000080; font-family: arial, helvetica, sans-serif; font-size: 14px;\">Entre autres, en grammaire vous verrez, toujours selon des situations conversationnelles pour utiliser des collocations faciles \u00e0 r\u00e9utiliser selon votre niveau d&rsquo;entr\u00e9e et les objectifs \u00e0 atteindre pendant cette formation :\u00a0<\/span><\/p>\n<p><span style=\"color: #000080; font-family: arial, helvetica, sans-serif; font-size: 14px;\">1. Les pronoms\u00a0<\/span><br \/>\n<span style=\"color: #000080; font-family: arial, helvetica, sans-serif; font-size: 14px;\">2. Les articles\u00a0<\/span><br \/>\n<span style=\"color: #000080; font-family: arial, helvetica, sans-serif; font-size: 14px;\">3. Les formes affirmatives, exclamatives, interrogatives et n\u00e9gatives\u00a0<\/span><br \/>\n<span style=\"color: #000080; font-family: arial, helvetica, sans-serif; font-size: 14px;\">4. Le pr\u00e9sent et le pr\u00e9t\u00e9rit.\u00a0<\/span><br \/>\n<span style=\"color: #000080; font-family: arial, helvetica, sans-serif; font-size: 14px;\">5. Le present et le past perfect. \u00a0<\/span><br \/>\n<span style=\"color: #000080; font-family: arial, helvetica, sans-serif; font-size: 14px;\">6. Le futur et le conditionnel.\u00a0<\/span><br \/>\n<span style=\"color: #000080; font-family: arial, helvetica, sans-serif; font-size: 14px;\">7. Le passif et le discours rapport\u00e9. \u00a0<\/span><br \/>\n<span style=\"color: #000080; font-family: arial, helvetica, sans-serif; font-size: 14px;\">8. Le g\u00e9rondif ainsi que les verbes courants toujours suivis d\u2019un g\u00e9rondif ou d&rsquo;un infinitif. \u00a0<\/span><br \/>\n<span style=\"color: #000080; font-family: arial, helvetica, sans-serif; font-size: 14px;\">9. Les verbes modaux.\u00a0<\/span><br \/>\n<span style=\"color: #000080; font-family: arial, helvetica, sans-serif; font-size: 14px;\">10. Les quantifieurs, le comparatif et le superlatif.\u00a0<\/span><br \/>\n<span style=\"color: #000080; font-family: arial, helvetica, sans-serif; font-size: 14px;\">11. Les pr\u00e9positions et des \u00ab\u00a0phrasal verbs\u00a0\u00bb par contexte d&rsquo;expression.<\/span><br \/>\n<span style=\"color: #000080; font-family: arial, helvetica, sans-serif; font-size: 14px;\">12. Les mots de liaison et de transition. Etc.<\/span><\/p>\n<div class=\"field__item\">\n<div class=\"paragraph paragraph--type--editorial paragraph--view-mode--default\">\n<div class=\"clearfix text-formatted field field--name-field-description field--type-text-long field--label-hidden field__item\">\n<p><img loading=\"lazy\" decoding=\"async\" class=\"wp-image-17051 aligncenter\" src=\"https:\/\/www.leslanguessansstress.fr\/wp-content\/uploads\/2024\/11\/MODALITES-INFORMATION-FORMATION-300x164.jpg\" alt=\"\" width=\"184\" height=\"101\" srcset=\"https:\/\/www.leslanguessansstress.fr\/wp-content\/uploads\/2024\/11\/MODALITES-INFORMATION-FORMATION-300x164.jpg 300w, https:\/\/www.leslanguessansstress.fr\/wp-content\/uploads\/2024\/11\/MODALITES-INFORMATION-FORMATION-1024x561.jpg 1024w, https:\/\/www.leslanguessansstress.fr\/wp-content\/uploads\/2024\/11\/MODALITES-INFORMATION-FORMATION-768x420.jpg 768w, https:\/\/www.leslanguessansstress.fr\/wp-content\/uploads\/2024\/11\/MODALITES-INFORMATION-FORMATION.jpg 1308w\" sizes=\"auto, (max-width: 184px) 100vw, 184px\" \/><\/p>\n<div>\n<h3 style=\"font-weight: 400;\"><span style=\"color: #000080; font-size: 20px; font-family: verdana, geneva, sans-serif;\"><span style=\"text-decoration: underline;\">Modalit\u00e9s de formation<\/span><\/span><\/h3>\n<p><a href=\"https:\/\/www.leslanguessansstress.fr\/index.php\/certification-cpf\/\" target=\"_blank\" rel=\"noopener\"><span style=\"font-family: verdana, geneva, sans-serif; color: #000080; font-size: 14px;\">Information COMPL\u00c8TE d\u00e9taill\u00e9e dans LE LIVRET D&rsquo;ACCUEIL<\/span><\/a><\/p>\n<p><span style=\"font-family: verdana, geneva, sans-serif; color: #000080; font-size: 14px;\"><strong>OBJECTIFS<\/strong> : d\u00e9velopper votre capacit\u00e9 \u00e0 communiquer \u00e0 l\u2019oral et \u00e0 l\u2019\u00e9crit avec des interlocuteurs natifs et certifier vos nouveaux acquis fi\u00e8rement en fin de parcours (option libre ou CPF).<br \/>\n<strong>PROGRAMME<\/strong> : adaptatif au stagiaire ou groupe d\u2019entreprise \u2013 Acquisition et d\u00e9veloppement de la communication orale et \u00e9crite. Construction des phrases simples \u00e0 complexes enrichies d\u2019un lexique selon objectifs fix\u00e9s.<br \/>\n<span style=\"caret-color: #000080;\"><b>PR\u00c9REQUIS<\/b><\/span> : aucun, sauf si CPF = niveau A1 vers A2 ou plus (4)<br \/>\n<strong>PUBLIC<\/strong> : toute personne ayant le d\u00e9sir d&rsquo;apprendre la langue sans traduire depuis le fran\u00e7ais vers une communication naturelle<br \/>\n<strong>DATES <\/strong>: entr\u00e9e permanente &#8211; session sur mesure<\/span><\/p>\n<p><span style=\"font-family: verdana, geneva, sans-serif; color: #000080; font-size: 14px;\"><strong>DUREE<\/strong> : entre 10h et 65h (jusqu\u2019\u00e0 120 heures plus si initiation vers A1\/A2 avec certification A2 ou situation d\u2019illettrisme ou handicap).<br \/>\n<strong>EFFORT<\/strong> : ~ 5 heures\/semaine pendant 1 \u00e0 3 mois conseill\u00e9s, jusqu&rsquo;\u00e0 6 mois si contexte particulier<br \/>\n<strong>FREQUENCE DES ENTRETIENS<\/strong> : sur mesure, individualis\u00e9 face-\u00e0-face et pendant les ateliers d\u2019interaction<br \/>\n<a href=\"https:\/\/www.leslanguessansstress.fr\/index.php\/prix-financement\/\" target=\"_blank\" rel=\"noopener\"><strong>PRIX &amp; FINANCEMENT<\/strong><\/a> : sur-mesure<br \/>\n<strong>DELAIS D\u2019ACCES<\/strong> : selon nos disponibilit\u00e9s. Attention CPF-D\u00e9marrage J+15 jours de droit de retrait<br \/>\n<strong>METHODE<\/strong> : m\u00e9thode active invers\u00e9e et cours en pr\u00e9sentiel avec activit\u00e9s ludiques favorisant votre prise de parole et cr\u00e9ativit\u00e9 avec hypnose de relaxation en pr\u00e9-\u00e9coute immersive et participative pouvant d\u00e9bloquer certains freins(5). Les bilans de progression positive dans votre programme pendant les ateliers interactifs maintiennent votre motivation \u00e0 \u00e9tudier et pratiquer vos acquis avec fiert\u00e9 tout au long de votre parcours.<br \/>\n<strong>MOYENS PEDAGOGIQUES<\/strong> : manuel\/plateforme disponibles pendant votre parcours, grand \u00e9cran interactif, jeux et extraits de livre, films. Espace de travail <span style=\"caret-color: #000080;\">antistress<\/span>\u00a0+ salle claire et apaisante <\/span><br \/>\n<span style=\"font-size: 14px;\"><span style=\"font-family: verdana, geneva, sans-serif; color: #000080;\"><strong>MODALITES D\u2019EVALUATION<\/strong> : diagnostic \u00e0 l\u2019entr\u00e9e et validation des acquis avec la formatrice en cours de formation puis auto\u00e9valuation des acquis ou passage de la certification (en fonction de la formule choisie).<br \/>\n<strong>MODALITES DE PRESENCE<\/strong> : dates et horaires sur mesure en amont de la session avec feuille d\u2019\u00e9margement \u00e0 signer sur place d\u2019\u00e9tude individuelle\/atelier interactif\/entretiens avec la formatrice.<br \/>\n<\/span><span style=\"font-family: verdana, geneva, sans-serif; color: #000080;\"><strong>R\u00c9SULTATS ET ATTESTATION<\/strong> : progression entre votre niveau d&rsquo;entr\u00e9e et de fin du parcours. Prise d&rsquo;assurance \u00e0 l&rsquo;oral et en communication \u00e9crite selon les ateliers suivis. Attestation de pr\u00e9sence (feuille d&rsquo;\u00e9margement \u00e9tude\/mise en pratique\/entretien). Attestation fin de formation ou Certificat de r\u00e9alisation (OPCO). Certification des acquis (option libre ou CPF)<br \/>\n<\/span><strong style=\"color: #000080; font-family: verdana, geneva, sans-serif;\">D\u00c9BOUCH\u00c9S<\/strong><span style=\"color: #000080; font-family: verdana, geneva, sans-serif;\"> : communication courante et des voyages \u2014 Echanges dans un cadre professionnel \u2014 Soutien pendant des \u00e9tudes, avant une \u00e9valuation ou un entretien \u2014 Am\u00e9lioration de la mobilit\u00e9.<br \/>\n<\/span><strong style=\"color: #000080; font-family: verdana, geneva, sans-serif;\">R\u00c9F\u00c9RENTE HANDICAP<\/strong><span style=\"color: #000080; font-family: verdana, geneva, sans-serif;\">: Val\u00e9rie Neyret-Vachey. Adresse mail : contactpro@leslanguessansstress.fr <\/span><\/span><\/p>\n<\/div>\n<\/div>\n<\/div>\n<\/div>\n<\/div>\n<h3 style=\"font-weight: 400;\"><\/h3>\n<div>\n<h2><img loading=\"lazy\" decoding=\"async\" class=\"alignnone wp-image-11344 aligncenter\" src=\"https:\/\/www.leslanguessansstress.fr\/wp-content\/uploads\/2021\/02\/Hypnose-de-relaxation-pour-le-quotidien-et-pour-apprendre-a-communiquer-sans-stress-a-La-Rochette-Savoie-eligible-CPF.png\" alt=\"\" width=\"179\" height=\"115\" \/><\/h2>\n<p><span style=\"color: #3366ff; font-family: verdana, geneva, sans-serif; font-size: 20px;\">Acc\u00e9l\u00e9rez votre formation en \u00e9coutant des <\/span><strong style=\"color: #3366ff; font-family: verdana, geneva, sans-serif; font-size: 20px;\">dialogues d&rsquo;anglais sous hypnose de relaxation<\/strong><span style=\"color: #3366ff; font-family: verdana, geneva, sans-serif; font-size: 20px;\"> \u2014 vous favorisez votre compr\u00e9hension instinctive et fluidifiez votre expression devenue naturelle \u00a0<\/span><\/p>\n<\/div>\n<div>\n<p><span style=\"font-size: 14px;\"><strong style=\"color: #000080; font-family: verdana, geneva, sans-serif;\"><a href=\"https:\/\/www.leslanguessansstress.fr\/index.php\/nous-contacter\/\" target=\"_blank\" rel=\"noopener\"><span style=\"color: #993366;\">Pour nous contacter<\/span><\/a><\/strong><span style=\"color: #000080; font-family: verdana, geneva, sans-serif;\"> depuis notre site internet pour fixer un rendez-vous \/ entretien t\u00e9l\u00e9phonique.\u00a0<\/span><\/span><\/p>\n<\/div>\n<p><span style=\"font-family: verdana, geneva, sans-serif; font-size: 14px;\"><span style=\"color: #000080;\">Nous vous invitons \u00e0 prendre connaissance <a href=\"https:\/\/www.leslanguessansstress.fr\/index.php\/2025\/07\/30\/reglement-interieur-signature\/\">des CGV, du r\u00e8glement int\u00e9rieur<\/a>, des modalit\u00e9s de cette formation personnalisable et de la m\u00e9thode Les langues sans stress avant toute inscription en lisant le <\/span><strong><span style=\"color: #993366;\"><a style=\"color: #993366;\" href=\"https:\/\/www.leslanguessansstress.fr\/index.php\/certification-cpf\/\" target=\"_blank\" rel=\"noopener\">Livret d&rsquo;accueil du stagiaire<\/a><\/span><span style=\"color: #000080;\">.<\/span><\/strong><\/span><\/p>\n","protected":false},"excerpt":{"rendered":"<p>Information \u00e0 lire de pr\u00e9f\u00e9rence depuis un \u00e9cran d&rsquo;ordinateur 1) Contenu des programmes standards 2)<\/p>\n","protected":false},"author":1,"featured_media":14078,"comment_status":"closed","ping_status":"open","sticky":false,"template":"","format":"standard","meta":{"footnotes":""},"categories":[80,127],"tags":[108,462,571,805,769,202],"class_list":["post-18139","post","type-post","status-publish","format-standard","has-post-thumbnail","hentry","category-actualites","category-anglais","tag-anglais","tag-anglais-des-metiers","tag-atelier-doral","tag-gestion-du-stress-a-loral","tag-initiation-a-debutant-a1-a2","tag-perfectionnement"],"_links":{"self":[{"href":"https:\/\/www.leslanguessansstress.fr\/index.php\/wp-json\/wp\/v2\/posts\/18139","targetHints":{"allow":["GET"]}}],"collection":[{"href":"https:\/\/www.leslanguessansstress.fr\/index.php\/wp-json\/wp\/v2\/posts"}],"about":[{"href":"https:\/\/www.leslanguessansstress.fr\/index.php\/wp-json\/wp\/v2\/types\/post"}],"author":[{"embeddable":true,"href":"https:\/\/www.leslanguessansstress.fr\/index.php\/wp-json\/wp\/v2\/users\/1"}],"replies":[{"embeddable":true,"href":"https:\/\/www.leslanguessansstress.fr\/index.php\/wp-json\/wp\/v2\/comments?post=18139"}],"version-history":[{"count":43,"href":"https:\/\/www.leslanguessansstress.fr\/index.php\/wp-json\/wp\/v2\/posts\/18139\/revisions"}],"predecessor-version":[{"id":19174,"href":"https:\/\/www.leslanguessansstress.fr\/index.php\/wp-json\/wp\/v2\/posts\/18139\/revisions\/19174"}],"wp:featuredmedia":[{"embeddable":true,"href":"https:\/\/www.leslanguessansstress.fr\/index.php\/wp-json\/wp\/v2\/media\/14078"}],"wp:attachment":[{"href":"https:\/\/www.leslanguessansstress.fr\/index.php\/wp-json\/wp\/v2\/media?parent=18139"}],"wp:term":[{"taxonomy":"category","embeddable":true,"href":"https:\/\/www.leslanguessansstress.fr\/index.php\/wp-json\/wp\/v2\/categories?post=18139"},{"taxonomy":"post_tag","embeddable":true,"href":"https:\/\/www.leslanguessansstress.fr\/index.php\/wp-json\/wp\/v2\/tags?post=18139"}],"curies":[{"name":"wp","href":"https:\/\/api.w.org\/{rel}","templated":true}]}}