{"id":18126,"date":"2025-06-22T12:21:05","date_gmt":"2025-06-22T10:21:05","guid":{"rendered":"https:\/\/www.leslanguessansstress.fr\/?p=18126"},"modified":"2025-06-27T09:20:22","modified_gmt":"2025-06-27T07:20:22","slug":"preparation-toeic","status":"publish","type":"post","link":"https:\/\/www.leslanguessansstress.fr\/index.php\/2025\/06\/22\/preparation-toeic\/","title":{"rendered":"Pr\u00e9paration TOEIC"},"content":{"rendered":"<div>\n<h1 style=\"font-weight: 400;\"><span style=\"color: #3366ff; font-size: 24px; font-family: verdana, geneva, sans-serif;\">Renforcez et d\u00e9veloppez vos bases d&rsquo;anglais vers une communication professionnelle fluide et attrayante certifi\u00e9e TOEIC \u00e9ligible CPF<\/span><\/h1>\n<\/div>\n<div class=\"product__columns\">\n<div class=\"product__left\">\n<h3 style=\"font-weight: 400;\"><span style=\"font-size: 16px; font-family: verdana, geneva, sans-serif; color: #000080;\">Objectif<\/span><\/h3>\n<p class=\"product__intro\"><span style=\"color: #000080; font-family: verdana, geneva, sans-serif; font-size: 14px;\">D\u00e9velopper vos connaissances g\u00e9n\u00e9rales et professionnelles en anglais am\u00e9ricain.<\/span><\/p>\n<div class=\"product__paragraph\">\n<div class=\"field field--name-field-paragraphs-left field--type-entity-reference-revisions field--label-hidden field__items\">\n<div class=\"field__item\">\n<div class=\"paragraph paragraph--type--editorial paragraph--view-mode--default\">\n<div class=\"clearfix text-formatted field field--name-field-description field--type-text-long field--label-hidden field__item\">\n<p><span style=\"color: #000080; font-family: verdana, geneva, sans-serif; font-size: 14px;\">Valider le niveau d\u2019anglais requis par une organisation afin d&rsquo;obtenir un dipl\u00f4me ou une formation certifiante.<br \/>\nAm\u00e9liorer votre employabilit\u00e9 en vous d\u00e9marquant des autres candidats lors d&rsquo;un projet de mobilit\u00e9 interne ou internationale, lors d&rsquo;une recherche d&#8217;emploi ou dans la perspective d&rsquo;une promotion.<\/span><\/p>\n<\/div>\n<\/div>\n<\/div>\n<div class=\"field__item\">\n<div class=\"paragraph paragraph--type--editorial paragraph--view-mode--default\">\n<div><span style=\"font-size: 14px;\"><img loading=\"lazy\" decoding=\"async\" class=\"alignnone size-medium wp-image-14035 aligncenter\" src=\"https:\/\/www.leslanguessansstress.fr\/wp-content\/uploads\/2022\/09\/Langues-des-affaires-300x170.jpg\" alt=\"\" width=\"300\" height=\"170\" srcset=\"https:\/\/www.leslanguessansstress.fr\/wp-content\/uploads\/2022\/09\/Langues-des-affaires-300x170.jpg 300w, https:\/\/www.leslanguessansstress.fr\/wp-content\/uploads\/2022\/09\/Langues-des-affaires.jpg 522w\" sizes=\"auto, (max-width: 300px) 100vw, 300px\" \/><\/span><\/div>\n<div class=\"field__item titleCKeditor\"><span style=\"color: #000080; font-size: 14px; font-family: verdana, geneva, sans-serif;\">Programmes par ordre de difficult\u00e9\u00a0<\/span><\/div>\n<div class=\"clearfix text-formatted field field--name-field-description field--type-text-long field--label-hidden field__item\">\n<p><span style=\"font-family: verdana, geneva, sans-serif; font-size: 14px;\"><strong><span style=\"color: #000080;\">Entrainement individualis\u00e9 au niveau d&rsquo;entr\u00e9e et progressif pour atteindre le <span style=\"color: #0000ff;\"><a style=\"color: #0000ff;\" href=\"https:\/\/www.service-public.fr\/particuliers\/vosdroits\/F34739\" target=\"_blank\" rel=\"noopener\">niveau souhait\u00e9 entre A2 et C1<\/a><\/span> \u00e0 : \u00a0<\/span><\/strong><\/span><br \/>\n<span style=\"font-family: verdana, geneva, sans-serif; color: #000080; font-size: 14px;\"> &#8211; Utiliser instinctivement un vocabulaire adapt\u00e9 au contexte et \u00e0 son interlocuteur\u00a0<\/span><br \/>\n<span style=\"font-family: verdana, geneva, sans-serif; color: #000080; font-size: 14px;\"> &#8211; Construire des phrases coh\u00e9rentes et de complexit\u00e9 vari\u00e9e en utilisant les principales structures grammaticales \u00a0<\/span><br \/>\n<span style=\"font-family: verdana, geneva, sans-serif; color: #000080; font-size: 14px;\"> &#8211; Comprendre un court texte et en d\u00e9gager le sens global et des d\u00e9tails sp\u00e9cifiques \u00a0<\/span><br \/>\n<span style=\"font-family: verdana, geneva, sans-serif; color: #000080; font-size: 14px;\"> &#8211; Comprendre un \u00e9nonc\u00e9, des instructions ou les questions d\u2019un interlocuteur au t\u00e9l\u00e9phone ou en Visio et sur place<\/span><br \/>\n<span style=\"font-family: verdana, geneva, sans-serif; color: #000080; font-size: 14px;\"> &#8211; Communiquer en situation socioprofessionnelle, professionnelle ou sp\u00e9cifique \u00e0 son activit\u00e9 en employant les expressions adapt\u00e9es<\/span><br \/>\n<span style=\"font-family: verdana, geneva, sans-serif; color: #000080; font-size: 14px;\"> &#8211; Tenir une discussion sur un sujet professionnel selon son niveau individuel d&rsquo;\u00e9tude de la langue\u00a0<\/span><br \/>\n<span style=\"font-family: verdana, geneva, sans-serif; color: #000080; font-size: 14px;\"> &#8211; S&rsquo;exprimer de fa\u00e7on naturelle et d\u00e9velopper l\u2019interaction orale sans stresser<\/span><br \/>\n<span style=\"font-family: verdana, geneva, sans-serif; color: #000080; font-size: 14px;\"> &#8211; Se faire comprendre avec une prononciation claire <\/span><\/p>\n<h2><span style=\"font-family: verdana, geneva, sans-serif; color: #000080; font-size: 14px;\"><strong>Th\u00e8mes et contextes d&rsquo;entrainements TOEIC 1,2,3 : \u00a0<\/strong><\/span><\/h2>\n<p><span style=\"font-family: verdana, geneva, sans-serif; color: #000080; font-size: 14px;\">_ Le monde de l&rsquo;entreprise\u00a0 <\/span><br \/>\n<span style=\"font-family: verdana, geneva, sans-serif; color: #000080; font-size: 14px;\">_ Communication en entreprise <\/span><br \/>\n<span style=\"font-family: verdana, geneva, sans-serif; color: #000080; font-size: 14px;\">_ \u00c9changes t\u00e9l\u00e9phoniques <\/span><br \/>\n<span style=\"font-family: verdana, geneva, sans-serif; color: #000080; font-size: 14px;\">_ Accueil d&rsquo;un visiteur et face-\u00e0-face avec son interlocuteur <\/span><br \/>\n<span style=\"font-family: verdana, geneva, sans-serif; color: #000080; font-size: 14px;\">_ Pr\u00e9sentation et participation en r\u00e9union <\/span><br \/>\n<span style=\"font-family: verdana, geneva, sans-serif; color: #000080; font-size: 14px;\">_ Emails et documents administratifs habituels <\/span><br \/>\n<span style=\"font-family: verdana, geneva, sans-serif; color: #000080; font-size: 14px;\">_ N\u00e9gociation et \u00e9changes commerciaux <\/span><br \/>\n<span style=\"font-family: verdana, geneva, sans-serif; color: #000080; font-size: 14px;\">_ G\u00e9rer les distractions, sorties restaurant avec son client ou ses partenaires professionnels <\/span><br \/>\n<span style=\"font-family: verdana, geneva, sans-serif; color: #000080; font-size: 14px;\">_ Pr\u00e9paration au voyage et d\u00e9placements \u00e0 l&rsquo;\u00e9tranger&#8230; <\/span><\/p>\n<p>&nbsp;<\/p>\n<div>\n<h2 style=\"font-weight: 400;\"><span style=\"color: #3366ff; font-size: 14px; font-family: verdana, geneva, sans-serif;\"><img loading=\"lazy\" decoding=\"async\" class=\" wp-image-17329 alignleft\" src=\"https:\/\/www.leslanguessansstress.fr\/wp-content\/uploads\/2025\/01\/Identifier-Test-TOEIC-Bridge-Listening-Reading-191x300.png\" alt=\"\" width=\"168\" height=\"264\" srcset=\"https:\/\/www.leslanguessansstress.fr\/wp-content\/uploads\/2025\/01\/Identifier-Test-TOEIC-Bridge-Listening-Reading-191x300.png 191w, https:\/\/www.leslanguessansstress.fr\/wp-content\/uploads\/2025\/01\/Identifier-Test-TOEIC-Bridge-Listening-Reading-651x1024.png 651w, https:\/\/www.leslanguessansstress.fr\/wp-content\/uploads\/2025\/01\/Identifier-Test-TOEIC-Bridge-Listening-Reading-768x1207.png 768w, https:\/\/www.leslanguessansstress.fr\/wp-content\/uploads\/2025\/01\/Identifier-Test-TOEIC-Bridge-Listening-Reading.png 836w\" sizes=\"auto, (max-width: 168px) 100vw, 168px\" \/><span style=\"font-size: 20px;\">TOEIC Bridge \u21d4 anglais niveau faux d\u00e9butant certifi\u00e9 A2\/B1<\/span><\/span><\/h2>\n<p><span style=\"font-family: verdana, geneva, sans-serif; font-size: 14px;\"><span style=\"color: #000080;\">Pr\u00e9paration succincte \u00e0 la compr\u00e9hension orale et \u00e9crite de l&rsquo;anglais professionnel pour le candidat qui entre avec un niveau A1\/A2 vers la certification A2\/B1 hors financement CPF. <\/span><\/span><br \/>\n<span style=\"font-family: verdana, geneva, sans-serif; font-size: 14px;\"><span style=\"color: #000080;\">L&rsquo;approche th\u00e9matique et les cours sont \u00e0 un niveau abordable A2\/B1 sans le test d&rsquo;expression \u00e9crite ni d&rsquo;expression orale pour valider ses nouveaux acquis simplement en r\u00e9pondant \u00e0 des QCM orient\u00e9s compr\u00e9hension \u00e9crite et des dialogues ou annonces audibles. L&rsquo;entrainement sur place est dirig\u00e9 vers la communication orale face \u00e0 un public et t\u00e9l\u00e9phonique et la formatrice r\u00e9pond \u00e0 vos questions pour surmonter des blocages.\u00a0<\/span><\/span><br \/>\n<span style=\"font-family: verdana, geneva, sans-serif; font-size: 14px;\"><span style=\"color: #000080;\"><span style=\"text-decoration: underline;\">Ce test <a href=\"https:\/\/www.etsglobal.org\/fr\/fr\/test-type-family\/test-toeic-bridge\" target=\"_blank\" rel=\"noopener\">TOEIC BRIDGE<\/a> n&rsquo;est pas compatible avec le financement CPF<\/span>. <\/span><\/span><\/p>\n<p>&nbsp;<\/p>\n<h2><span style=\"font-family: verdana, geneva, sans-serif; font-size: 14px; color: #0000ff;\">TOEIC LISTENING &amp; READING A2-C1 <\/span><\/h2>\n<p><span style=\"font-family: verdana, geneva, sans-serif; font-size: 14px;\"><span style=\"color: #000080;\">Les moyens et supports de pr\u00e9paration sont les m\u00eames mais vous pouvez commencer \u00e0 un niveau plus avanc\u00e9 pour vous pr\u00e9parer \u00e0 certifier vos comp\u00e9tences au niveau C1 tout en vous laissant le choix de revenir \u00e0 des bases, lorsque quelques erreurs du d\u00e9butant r\u00e9apparaissent.<\/span><\/span><\/p>\n<\/div>\n<\/div>\n<div class=\"clearfix text-formatted field field--name-field-description field--type-text-long field--label-hidden field__item\">\n<h1><span style=\"color: #0000ff; font-family: verdana, geneva, sans-serif; font-size: 14px;\">TOEIC 4 SKILLS<\/span><\/h1>\n<p><span style=\"font-size: 14px;\"><span style=\"color: #000080; font-family: verdana, geneva, sans-serif;\">Pr\u00e9paration au test complet (4 comp\u00e9tences : expression \u00e9crite libre, expression orale, compr\u00e9hension \u00e9crite et orale). Renforcement des <\/span><strong><span style=\"color: #000080; font-family: verdana, geneva, sans-serif;\">bases de l&rsquo;anglais am\u00e9ricain d\u00e8s le niveau B1 pour communiquer avec assurance \u00e0 l&rsquo;\u00e9crit et \u00e0 l&rsquo;oral<\/span><\/strong><span style=\"color: #000080; font-family: verdana, geneva, sans-serif;\"> dans des contextes de vie li\u00e9s \u00e0 l&rsquo;entreprise. Lien <a href=\"https:\/\/www.etsglobal.org\/fr\/fr\/test-type-family\/tests-toeic-4-skills\" target=\"_blank\" rel=\"noopener\">Ets Global TOEIC 4 SKILLS<\/a><\/span><\/span><\/p>\n<h3 style=\"font-weight: 400;\"><span style=\"font-size: 16px; font-family: verdana, geneva, sans-serif; color: #000080;\"><span style=\"font-family: verdana, geneva, sans-serif; color: #0000ff;\">4*skills EXPRESSION ORALE<\/span><\/span><\/h3>\n<p><span style=\"font-family: verdana, geneva, sans-serif; color: #000080; font-size: 14px;\">D\u00e9velopper sa compr\u00e9hension orale : \u00e9coute d&rsquo;annonces, entretiens d&#8217;embauche\/professionnels, pr\u00e9sentations et dialogues divers entre locuteurs natifs.<\/span><\/p>\n<p><span style=\"font-family: verdana, geneva, sans-serif; color: #000080; font-size: 14px;\">S&rsquo;entrainer \u00e0 s&rsquo;exprimer instinctivement face \u00e0 un interlocuteur ou un public et au t\u00e9l\u00e9phone.\u00a0<\/span><br \/>\n<span style=\"font-family: verdana, geneva, sans-serif; color: #000080; font-size: 14px;\">Fluidifier son expression orale et prendre de l&rsquo;aisance en ma\u00eetrisant son stress. \u00a0<\/span><\/p>\n<h3 style=\"font-weight: 400;\"><span style=\"font-size: 16px; font-family: verdana, geneva, sans-serif; color: #000080;\"><span style=\"font-family: verdana, geneva, sans-serif; color: #0000ff;\">4*skills EXPRESSION \u00c9CRITE\u00a0<\/span><\/span><\/h3>\n<p><span style=\"font-family: verdana, geneva, sans-serif; color: #000080; font-size: 14px;\">Entrainement cibl\u00e9 selon un th\u00e8me lexical et notions grammaticales acquises au fur et \u00e0 mesure de votre progression dans le programme TOEIC, parsem\u00e9 de quelques traductions depuis le fran\u00e7ais vers l&rsquo;anglais pour d\u00e9couvrir les \u00e9cueils \u00e0 \u00e9viter et travailler les erreurs r\u00e9currentes. <span style=\"color: #0000ff;\"><a style=\"color: #0000ff;\" href=\"https:\/\/etswebsiteprod.cdn.prismic.io\/etswebsiteprod\/a4760e7a-77aa-4cdd-9ddf-3ac0ac2fb4f0_TOEIC+Speaking+and+Writing+Sample+Tests+-+05012024.pdf\" target=\"_blank\" rel=\"noopener\">Exemple test speaking &amp; writing<\/a><\/span><\/span><\/p>\n<h3><span style=\"font-size: 14px;\"><strong><span style=\"color: #000080; font-family: verdana, geneva, sans-serif;\">\u00a0Vous avez d\u00e9j\u00e0 suivi des cours ou <span style=\"caret-color: #000080;\">utilis\u00e9<\/span> l&rsquo;anglais couramment ou presque et souhaitez valider votre niveau par le TOEIC listening and reading<\/span><\/strong><\/span><\/h3>\n<p><span style=\"color: #000080; font-family: verdana, geneva, sans-serif; font-size: 14px;\">Demandez le Module de pr\u00e9paration au format des questions du test TOEIC reading\/listening \u00e0 exiger d\u00e8s la conception du programme personnalis\u00e9 \u00a0<\/span><br \/>\n<span style=\"font-family: verdana, geneva, sans-serif; font-size: 14px;\"><span style=\"color: #000080;\">\u00a0 \u00a0 Se pr\u00e9parer au format des questions du test TOEIC selon son niveau personnel d&rsquo;\u00e9tude de la langue pour ce<\/span><span style=\"color: #000080;\">rtifier sa capacit\u00e9 \u00e0 communiquer avec un interlocuteur dans la langue cible et permettre aux recruteurs ou aux entreprises de conna\u00eetre votre capacit\u00e9 \u00e0 communiquer aussi bien dans un contexte courant qu&rsquo;en situations sp\u00e9cifiques \u00e0 votre travail ou \u00e0 \u00e9voluer vers un poste n\u00e9cessitant une autonomie plus importante de la langue.<\/span><\/span><\/p>\n<p><span style=\"font-family: verdana, geneva, sans-serif; color: #000080; font-size: 14px;\"><strong>Fonctions que vous pouvez d\u00e9velopper de mani\u00e8re plus cibl\u00e9e entre les niveaux A1 et B1\/B2 :<\/strong><\/span><\/p>\n<ul>\n<li><span style=\"font-family: verdana, geneva, sans-serif; color: #0000ff; font-size: 14px;\"><a style=\"color: #0000ff;\" href=\"https:\/\/www.economie.gouv.fr\/facileco\/fonction-comptabilite-et-finance\">La fonction Comptabilit\u00e9 et Finances<\/a><\/span><\/li>\n<li><span style=\"font-family: verdana, geneva, sans-serif; color: #0000ff; font-size: 14px;\"><a style=\"color: #0000ff;\" href=\"https:\/\/www.economie.gouv.fr\/facileco\/fonction-recherche-developpement\">La fonction Recherche et D\u00e9veloppement<\/a><\/span><\/li>\n<li><span style=\"font-family: verdana, geneva, sans-serif; color: #0000ff; font-size: 14px;\"><a style=\"color: #0000ff;\" href=\"https:\/\/www.economie.gouv.fr\/facileco\/fonction-ressources-humaines\">La fonction Ressources humaines<\/a><\/span><\/li>\n<li><span style=\"font-family: verdana, geneva, sans-serif; color: #0000ff; font-size: 14px;\"><a style=\"color: #0000ff;\" href=\"https:\/\/www.economie.gouv.fr\/facileco\/fonction-production\">La fonction Production<\/a><\/span><\/li>\n<li><span style=\"font-family: verdana, geneva, sans-serif; color: #0000ff; font-size: 14px;\"><a style=\"color: #0000ff;\" href=\"https:\/\/www.economie.gouv.fr\/facileco\/fonction-marketing-et-vente\">La fonction Marketing et Vente<\/a><\/span><\/li>\n<li><span style=\"font-family: verdana, geneva, sans-serif; color: #0000ff; font-size: 14px;\"><a style=\"color: #0000ff;\" href=\"https:\/\/www.economie.gouv.fr\/facileco\/fonction-achats\">La fonction Achats<\/a><\/span><\/li>\n<li><span style=\"font-family: verdana, geneva, sans-serif; color: #0000ff; font-size: 14px;\"><a style=\"color: #0000ff;\" href=\"https:\/\/www.economie.gouv.fr\/facileco\/quelques-notions-comptabilite\">Quelques notions de comptabilit\u00e9<\/a><\/span><\/li>\n<li><span style=\"font-family: verdana, geneva, sans-serif; color: #0000ff; font-size: 14px;\"><a style=\"color: #0000ff;\" href=\"https:\/\/www.economie.gouv.fr\/facileco\/fonction-direction-et-administration-generale\">La fonction Direction et Administration g\u00e9n\u00e9rale<\/a><\/span><\/li>\n<li><span style=\"font-family: verdana, geneva, sans-serif; color: #0000ff; font-size: 14px;\"><a style=\"color: #0000ff;\" href=\"https:\/\/www.economie.gouv.fr\/facileco\/fonction-logistique\">La fonction Logistique<\/a><\/span><\/li>\n<\/ul>\n<\/div>\n<\/div>\n<\/div>\n<\/div>\n<\/div>\n<\/div>\n<p>&nbsp;<\/p>\n<div class=\"product__left\">\n<div class=\"product__paragraph\">\n<div class=\"field field--name-field-paragraphs-left field--type-entity-reference-revisions field--label-hidden field__items\">\n<div class=\"field__item\">\n<div class=\"paragraph paragraph--type--editorial paragraph--view-mode--default\">\n<div class=\"clearfix text-formatted field field--name-field-description field--type-text-long field--label-hidden field__item\">\n<div>\n<h3 style=\"font-weight: 400;\"><span style=\"font-size: 16px; font-family: verdana, geneva, sans-serif; color: #000080;\"><span style=\"font-family: verdana, geneva, sans-serif; color: #0000ff;\">Niveaux<\/span><\/span><\/h3>\n<p><span style=\"color: #000080; font-family: verdana, geneva, sans-serif; font-size: 14px;\">\u00a0&#8211; D\u00e9butant* A1, Seuil A2, interm\u00e9diaires B1 et B2, autonomie C1 \u21d4 INFO <span style=\"color: #0000ff;\"><strong><a style=\"color: #0000ff;\" href=\"https:\/\/www.leslanguessansstress.fr\/wp-content\/uploads\/2025\/01\/01-MAR192-TOEIC-Affiche-LR-SW-Echelle-CECRL-.pdf\" target=\"_blank\" rel=\"noopener\">NIVEAUX &#8211; TOEIC Echelle CECRL<\/a><\/strong><\/span><br \/>\n&#8211; Initiation, renforcement et consolidation, perfectionnement et approfondissement des acquis \u00e0 chaque niveau, et pour aller plus loin au niveau C1\/C2 : <a href=\"https:\/\/www.leslanguessansstress.fr\/index.php\/2024\/12\/19\/anglais-phrasal-verbs\/\" target=\"_blank\" rel=\"noopener\">PHRASAL VERBS<\/a><\/span><\/p>\n<\/div>\n<div class=\"product__intro\">\n<h3 style=\"font-weight: 400;\"><span style=\"font-size: 16px; font-family: verdana, geneva, sans-serif; color: #000080;\"><span style=\"font-family: verdana, geneva, sans-serif;\">R\u00e9sultats et attestation<\/span><\/span><\/h3>\n<\/div>\n<div class=\"product__paragraph\">\n<div class=\"field field--name-field-paragraphs-left field--type-entity-reference-revisions field--label-hidden field__items\">\n<div class=\"field__item\">\n<div class=\"paragraph paragraph--type--editorial paragraph--view-mode--default\">\n<div class=\"clearfix text-formatted field field--name-field-description field--type-text-long field--label-hidden field__item\">\n<p><span style=\"font-family: verdana, geneva, sans-serif; color: #000080; font-size: 14px;\">Progression entre votre niveau d&rsquo;entr\u00e9e et la sortie des cours ou de la formation. \u00a0<\/span><br \/>\n<span style=\"font-family: verdana, geneva, sans-serif; color: #000080; font-size: 14px;\">Prise d&rsquo;assurance \u00e0 l&rsquo;oral selon les ateliers suivis. \u00a0<\/span><br \/>\n<span style=\"font-family: verdana, geneva, sans-serif; color: #000080; font-size: 14px;\">Attestation de pr\u00e9sence en signant la feuille d&rsquo;\u00e9margement.<\/span><br \/>\n<span style=\"font-family: verdana, geneva, sans-serif; color: #000080; font-size: 14px;\">Certification ou simple attestation de fin de formation selon option choisie et type de financement.<\/span><\/p>\n<\/div>\n<\/div>\n<p>&nbsp;<\/p>\n<\/div>\n<\/div>\n<\/div>\n<\/div>\n<\/div>\n<h3 style=\"font-weight: 400;\"><span style=\"font-size: 16px; font-family: verdana, geneva, sans-serif; color: #000080;\"><span style=\"font-family: verdana, geneva, sans-serif;\">Conditions d&rsquo;acc\u00e8s<\/span><\/span><\/h3>\n<p><span style=\"color: #000080; font-family: verdana, geneva, sans-serif; font-size: 14px;\">\u00a0&#8211; Pr\u00e9requis : niveau A2\/B1 anglais courant &#8211; nous ajustons le programme et sa dur\u00e9e en fonction des objectifs exprim\u00e9s apr\u00e8s entretien avec le stagiaire et \u00e0 r\u00e9ception des r\u00e9sultats de son test de positionnement.<\/span><\/p>\n<div class=\"paragraph paragraph--type--editorial paragraph--view-mode--default\">\n<div class=\"clearfix text-formatted field field--name-field-description field--type-text-long field--label-hidden field__item\">\n<p><span style=\"font-family: verdana, geneva, sans-serif; font-size: 14px;\"><span style=\"color: #000080;\">\u00a0&#8211; OPTION test TOEIC: Savoir utiliser l&rsquo;ordinateur avec connexion internet, clavier, webcam et son. INFO <span style=\"color: #0000ff;\"><strong><a style=\"color: #0000ff;\" href=\"https:\/\/www.etsglobal.org\/fr\/fr\/programme\/tests-toeic\" target=\"_blank\" rel=\"noopener\">TOEIC<\/a><\/strong><\/span><\/span><\/span><\/p>\n<\/div>\n<\/div>\n<\/div>\n<div class=\"paragraph paragraph--type--editorial paragraph--view-mode--default\">\n<div class=\"clearfix text-formatted field field--name-field-description field--type-text-long field--label-hidden field__item\">\n<h3 style=\"font-weight: 400;\"><span style=\"font-size: 16px; font-family: verdana, geneva, sans-serif; color: #000080;\"><span style=\"font-family: verdana, geneva, sans-serif;\">Public concern\u00e9<\/span><\/span><\/h3>\n<p><span style=\"font-family: verdana, geneva, sans-serif; font-size: 14px;\"><span style=\"color: #000080;\">&#8211; Toute personne ayant besoin d&rsquo;un anglais ax\u00e9 \u00e9changes professionnels en entreprise internationale avec une certification de ses comp\u00e9tences autant \u00e9crites qu&rsquo;orales en expression et compr\u00e9hension (4 skills).<\/span><\/span><\/p>\n<div class=\"field__item titleCKeditor\">\n<h3 style=\"font-weight: 400;\"><span style=\"font-size: 16px; font-family: verdana, geneva, sans-serif; color: #000080;\"><span style=\"font-family: verdana, geneva, sans-serif;\">Atouts TOEIC 4 SKILLS<\/span><\/span><\/h3>\n<\/div>\n<div class=\"field__item titleCKeditor\"><span style=\"color: #000080; font-family: verdana, geneva, sans-serif; font-size: 14px;\">\u00a0&#8211; Programme flexible avec prise en compte du profil de l&rsquo;apprenant et de ses objectifs personnels.\u00a0<\/span><\/div>\n<div class=\"field__item titleCKeditor\"><span style=\"color: #000080; font-family: verdana, geneva, sans-serif; font-size: 14px;\">\u00a0&#8211; Formatrice dynamique et toujours de bonne humeur, certifi\u00e9e en CNV, gestion du stress avec pr\u00e9paration mentale et hypnose de relaxation ou th\u00e9rapeutique. <\/span><\/div>\n<div class=\"field__item titleCKeditor\"><span style=\"color: #000080; font-family: verdana, geneva, sans-serif; font-size: 14px;\">\u00a0&#8211; Atelier d&rsquo;activit\u00e9s ludiques ax\u00e9es sur l&rsquo;interaction immersive selon th\u00e8mes et contextes rencontr\u00e9s au quotidien. <\/span><\/div>\n<div class=\"field__item titleCKeditor\"><span style=\"color: #000080; font-family: verdana, geneva, sans-serif; font-size: 14px;\">\u00a0&#8211; Pr\u00e9paration individualis\u00e9e au format des questions du test TOEIC \/ <a href=\"https:\/\/www.leslanguessansstress.fr\/index.php\/2025\/01\/19\/anglais-entretien-dembauche\/\" target=\"_blank\" rel=\"noopener\">Entretiens d&#8217;embauche<\/a> \/<a href=\"https:\/\/www.leslanguessansstress.fr\/index.php\/2025\/01\/19\/anglais-idioms\/\" target=\"_blank\" rel=\"noopener\"> idioms<\/a> \/ <a href=\"https:\/\/www.leslanguessansstress.fr\/index.php\/2025\/01\/19\/17206\/\" target=\"_blank\" rel=\"noopener\">anglais des affaires<\/a><\/span><\/div>\n<div class=\"field__item titleCKeditor\"><span style=\"color: #000080; font-family: verdana, geneva, sans-serif; font-size: 14px;\">\u00a0&#8211; Entrainement \u00e0 l&rsquo;autocorrection instinctive et recherche des informations pour approfondir ses connaissances. \u00a0<\/span><\/div>\n<\/div>\n<\/div>\n<div class=\"paragraph paragraph--type--editorial paragraph--view-mode--default\">\n<div>\n<div class=\"field__item titleCKeditor\">\n<h3 style=\"font-weight: 400;\"><span style=\"font-size: 16px; font-family: verdana, geneva, sans-serif; color: #000080;\"><span style=\"font-family: verdana, geneva, sans-serif;\">Sp\u00e9cialit\u00e9 Les langues sans stress : la double immersion\u00a0<\/span><\/span><\/h3>\n<\/div>\n<div class=\"field__item titleCKeditor\"><span style=\"color: #000080; font-family: verdana, geneva, sans-serif; font-size: 14px;\"><span style=\"color: #0000ff;\">\u00a0&#8211; <\/span><a href=\"https:\/\/www.leslanguessansstress.fr\/index.php\/2024\/10\/01\/bilingue-double-immersion\/\" target=\"_blank\" rel=\"noopener\"><span style=\"color: #0000ff;\">Programme bilingue<\/span><\/a> <strong>anglais vers une langue 2<\/strong> \u00e0 tous les niveaux et pour tous publics (enfants, ados, adultes et professionnels).\u00a0<\/span><\/div>\n<div class=\"field__item titleCKeditor\"><span style=\"color: #000080; font-family: verdana, geneva, sans-serif; font-size: 14px;\">\u00a0&#8211; Certains programmes <strong>toute langue depuis ou vers l&rsquo;anglais<\/strong> (commande sp\u00e9ciale). <\/span><\/div>\n<\/div>\n<div class=\"field__item titleCKeditor\"><span style=\"font-size: 14px; color: #000080; font-family: verdana, geneva, sans-serif;\">M\u00e9thode et moyens p\u00e9dagogiques<\/span><\/div>\n<div class=\"field__item titleCKeditor\"><span style=\"color: #000080; font-family: verdana, geneva, sans-serif; font-size: 14px;\">&#8211; M\u00e9thode active immersive <\/span><\/div>\n<div class=\"field__item titleCKeditor\"><span style=\"color: #000080; font-family: verdana, geneva, sans-serif; font-size: 14px;\"> &#8211; Pr\u00e9sentation des dialogues et \u00e9changes professionnels en audio et \u00e9crits.\u00a0<\/span><\/div>\n<div class=\"field__item titleCKeditor\"><span style=\"color: #000080; font-family: verdana, geneva, sans-serif; font-size: 14px;\"> &#8211; Etude \u00e0 votre rythme suivie d&rsquo;entrainements sur place ou en Visio avec soutien de la formatrice (2\/3 du temps).\u00a0<\/span><\/div>\n<div class=\"field__item titleCKeditor\"><span style=\"color: #000080; font-family: verdana, geneva, sans-serif; font-size: 14px;\"> &#8211; Mise en pratique immersive des nouveaux acquis (1\/3 du temps).\u00a0<\/span><\/div>\n<div class=\"field__item titleCKeditor\"><span style=\"color: #000080; font-family: verdana, geneva, sans-serif; font-size: 14px;\"> &#8211; Bilans individuels avec correction bienveillante et explicative des erreurs.\u00a0<\/span><\/div>\n<\/div>\n<div class=\"field__item\">\n<div class=\"paragraph paragraph--type--editorial paragraph--view-mode--default\">\n<h3 style=\"font-weight: 400;\"><span style=\"font-size: 16px; font-family: verdana, geneva, sans-serif; color: #000080;\"><span style=\"font-family: verdana, geneva, sans-serif;\">D\u00e9bouch\u00e9s<\/span><\/span><\/h3>\n<p class=\"field__item titleCKeditor\"><span style=\"font-family: verdana, geneva, sans-serif; font-size: 14px;\"><span style=\"color: #000080;\">&#8211; Communication courante et des voyages.<br \/>\n<\/span><span style=\"color: #000080;\"> &#8211; Echanges dans un cadre professionnel. <\/span><\/span><br \/>\n<span style=\"font-family: verdana, geneva, sans-serif; color: #000080; font-size: 14px;\">&#8211; Soutien pendant des \u00e9tudes, avant une \u00e9valuation ou un entretien. <\/span><\/p>\n<h3 style=\"font-weight: 400;\"><span style=\"font-size: 16px; font-family: verdana, geneva, sans-serif; color: #000080;\"><span style=\"font-family: verdana, geneva, sans-serif;\">Modalit\u00e9s<\/span><\/span><\/h3>\n<p><span style=\"font-family: verdana, geneva, sans-serif; font-size: 14px;\"><span style=\"color: #000080;\">&#8211; Prestations enti\u00e8rement sur-mesure <\/span><\/span><br \/>\n<span style=\"font-family: verdana, geneva, sans-serif; font-size: 14px;\"><span style=\"color: #000080;\">&#8211; Possibilit\u00e9 d&rsquo;\u00e9coute de <strong><span style=\"color: #0000ff;\"><a style=\"color: #0000ff;\" href=\"https:\/\/www.leslanguessansstress.fr\/index.php\/2025\/01\/18\/apprendre-les-langues-sans-stress-sous-hypnose\/\" target=\"_blank\" rel=\"noopener\">Dialogues sous hypnose<\/a><\/span><\/strong> et\/ou d&rsquo;<a href=\"https:\/\/au-top-sans-stress.fr\/2025\/06\/11\/apprendre-et-prendre-la-parole\/\" target=\"_blank\" rel=\"noopener\"><span style=\"color: #0000ff;\"><strong>hypnose en anglais pour surmonter certains blocages<\/strong><\/span><\/a> dans votre apprentissage ou prise de parole, difficult\u00e9s de concentration et m\u00e9morisation, peur de l&rsquo;examen, etc.<br \/>\n<\/span><span style=\"color: #000080;\">&#8211; Information compl\u00e8te dans notre <a href=\"https:\/\/www.leslanguessansstress.fr\/index.php\/2025\/05\/13\/livret-daccueil-du-stagiaire\/\" target=\"_blank\" rel=\"noopener\">LIVRET D&rsquo;ACCUEIL<\/a> avant inscription aux cours, formations et ateliers immersifs. \u00a0<\/span><\/span><\/p>\n<h3 style=\"font-weight: 400;\"><span style=\"font-size: 16px; font-family: verdana, geneva, sans-serif; color: #000080;\"><span style=\"font-family: verdana, geneva, sans-serif;\">Tarifs et financement de la formation<\/span><\/span><\/h3>\n<p><span style=\"font-family: verdana, geneva, sans-serif; font-size: 14px;\"><span style=\"color: #000080;\">&#8211; Prix selon modalit\u00e9s choisies (dates, dur\u00e9e, ressources, prestations et accompagnement, test, etc.)<br \/>\n<\/span><span style=\"color: #000080;\"> &#8211; Nous acceptons la plupart des financements d&rsquo;Etat, conventions professionnelles et contrats du particulier ou forfaits associatifs. <\/span><\/span><br \/>\n<span style=\"font-family: verdana, geneva, sans-serif; color: #000080; font-size: 14px;\">&#8211; CPF, OPCO, Associations, Agefiph, France Emploi, etc.<\/span><\/p>\n<div><span style=\"font-family: verdana, geneva, sans-serif; font-size: 14px;\"><img loading=\"lazy\" decoding=\"async\" class=\"alignnone size-medium wp-image-16991 aligncenter\" src=\"https:\/\/www.leslanguessansstress.fr\/wp-content\/uploads\/2024\/11\/CPF-Mon-Compte-Formation--300x300.png\" alt=\"\" width=\"300\" height=\"300\" srcset=\"https:\/\/www.leslanguessansstress.fr\/wp-content\/uploads\/2024\/11\/CPF-Mon-Compte-Formation--300x300.png 300w, https:\/\/www.leslanguessansstress.fr\/wp-content\/uploads\/2024\/11\/CPF-Mon-Compte-Formation--150x150.png 150w, https:\/\/www.leslanguessansstress.fr\/wp-content\/uploads\/2024\/11\/CPF-Mon-Compte-Formation-.png 472w\" sizes=\"auto, (max-width: 300px) 100vw, 300px\" \/><\/span><\/div>\n<div>\n<h1 style=\"font-weight: 400;\"><span style=\"color: #3366ff; font-size: 20px; font-family: verdana, geneva, sans-serif;\">Communiquez avec assurance en anglais sans stress en activant votre budget CPF et passez le TOEIC 4 skills<\/span><\/h1>\n<\/div>\n<\/div>\n<\/div>\n<\/div>\n<\/div>\n<\/div>\n<\/div>\n<p><span style=\"font-family: verdana, geneva, sans-serif; color: #000080; font-size: 14px;\">Activez votre budget CPF pour <strong>vous former \u00e0 l&rsquo;anglais courant avec \u00e9changes professionnels<\/strong> et certifiez vos nouveaux acquis en passant le test CLO\u00c9 d\u00e8s le niveau A2 d\u00e9butant et plus.\u00a0<\/span><br \/>\n<span style=\"font-family: verdana, geneva, sans-serif; color: #000080; font-size: 14px;\">Veuillez vous connecter \u00e0 votre interface <span style=\"color: #0000ff;\"><a style=\"color: #0000ff;\" href=\"https:\/\/www.moncompteformation.gouv.fr\/espace-prive\/html\/#\/\" target=\"_blank\" rel=\"noopener\">MON COMPTE FORMATION<\/a><\/span> pour v\u00e9rifier votre \u00e9ligibilit\u00e9 \u00e0 la formation CPF et actualiser le montant de vos droits avant de nous contacter avec votre projet et <span style=\"text-decoration: underline;\">vos dates d&rsquo;\u00e9tude pr\u00e9f\u00e9rentielles<\/span>.<\/span><br \/>\n<span style=\"font-family: verdana, geneva, sans-serif; color: #000080; font-size: 14px;\">A r\u00e9ception de votre demande d\u00e9taill\u00e9e par email, nous prendrons en compte votre niveau d\u2019entr\u00e9e en formation et vos objectifs pour personnaliser un programme \u00e0 votre profil d\u2019apprenant selon votre contexte socio- professionnel. L&rsquo;ajustement des prestations d&rsquo;accompagnement au montant de votre budget individuel est possible sur simple demande d\u00e8s le niveau d&rsquo;entr\u00e9e A2 et vers les niveaux sup\u00e9rieurs \u00e0 certifier. \u00a0<\/span><\/p>\n<p><span style=\"font-family: verdana, geneva, sans-serif; color: #000080; font-size: 14px;\">Notre centre de formation Les langues sans stress vous propose le choix entre deux tests d&rsquo;anglais selon votre niveau et les besoins de certification de vos comp\u00e9tences courantes aussi bien que professionnelles.\u00a0<\/span><\/p>\n<p style=\"text-align: center;\"><span style=\"font-family: verdana, geneva, sans-serif; font-size: 14px;\">\u00a0 <img loading=\"lazy\" decoding=\"async\" class=\"alignnone size-medium wp-image-17300\" src=\"https:\/\/www.leslanguessansstress.fr\/wp-content\/uploads\/2024\/11\/TOEIC-4-Skills-logo-green@4x-300x134.png\" alt=\"\" width=\"300\" height=\"134\" srcset=\"https:\/\/www.leslanguessansstress.fr\/wp-content\/uploads\/2024\/11\/TOEIC-4-Skills-logo-green@4x-300x134.png 300w, https:\/\/www.leslanguessansstress.fr\/wp-content\/uploads\/2024\/11\/TOEIC-4-Skills-logo-green@4x-1024x459.png 1024w, https:\/\/www.leslanguessansstress.fr\/wp-content\/uploads\/2024\/11\/TOEIC-4-Skills-logo-green@4x-768x344.png 768w, https:\/\/www.leslanguessansstress.fr\/wp-content\/uploads\/2024\/11\/TOEIC-4-Skills-logo-green@4x-1536x689.png 1536w, https:\/\/www.leslanguessansstress.fr\/wp-content\/uploads\/2024\/11\/TOEIC-4-Skills-logo-green@4x.png 2001w\" sizes=\"auto, (max-width: 300px) 100vw, 300px\" \/><\/span><\/p>\n<p><span style=\"color: #ff0000; font-family: verdana, geneva, sans-serif; font-size: 14px;\"><span style=\"color: #000080;\">Passer le test dans le but d&rsquo;attester son niveau de communication seuil A2 ou plus en anglais professionnel est une \u00e9tape obligatoire si vous d\u00e9cidez d&rsquo;activer le<\/span> <strong><span style=\"color: #0000ff;\"><a style=\"color: #0000ff;\" href=\"https:\/\/www.moncompteformation.gouv.fr\/espace-prive\/html\/#\/aide\" target=\"_blank\" rel=\"noopener\">financement CPF<\/a><\/span><\/strong> <span style=\"color: #000080;\">en entier ou partiellement. Vous \u00eates progressivement habitu\u00e9 au contexte de ce test et au format des questions de difficult\u00e9 progressive qu&rsquo;il contient. Vos entrainements \u00e9crits et oraux vous pr\u00e9parent tout au long du programme \u00e0 vous exprimer par \u00e9crit en continu et \u00e0 maintenir la conversation lors d&rsquo;un entretien court \u00a0selon le contexte professionnel choisi : \u00e9changes en entreprise ou tourisme ou sant\u00e9&#8230; \u00a0(choix du secteur d&rsquo;activit\u00e9 \u00e0 sp\u00e9cifier en amont de la personnalisation de votre programme).<\/span><\/span><\/p>\n<div class=\"field__item\">\n<div class=\"paragraph paragraph--type--editorial paragraph--view-mode--default\">\n<div class=\"clearfix text-formatted field field--name-field-description field--type-text-long field--label-hidden field__item\">\n<p><span style=\"font-family: verdana, geneva, sans-serif; color: #000080; font-size: 14px;\"><img loading=\"lazy\" decoding=\"async\" class=\"size-medium wp-image-17299 alignleft\" src=\"https:\/\/www.leslanguessansstress.fr\/wp-content\/uploads\/2024\/11\/Identifier-TOEIC-4-Skills-176x300.png\" alt=\"\" width=\"176\" height=\"300\" srcset=\"https:\/\/www.leslanguessansstress.fr\/wp-content\/uploads\/2024\/11\/Identifier-TOEIC-4-Skills-176x300.png 176w, https:\/\/www.leslanguessansstress.fr\/wp-content\/uploads\/2024\/11\/Identifier-TOEIC-4-Skills-601x1024.png 601w, https:\/\/www.leslanguessansstress.fr\/wp-content\/uploads\/2024\/11\/Identifier-TOEIC-4-Skills.png 602w\" sizes=\"auto, (max-width: 176px) 100vw, 176px\" \/>La certification TOEIC est une solution rapide et pr\u00e9cise pour mesurer, selon les crit\u00e8res du Cadre Europ\u00e9en de R\u00e9f\u00e9rence pour les Langues CECRL, les connaissances de la langue \u00e9crite ainsi que la compr\u00e9hension et l\u2019expression orales.<br \/>\n<\/span><\/p>\n<p><span style=\"font-family: verdana, geneva, sans-serif; font-size: 14px;\"><span style=\"color: #ff0000;\"><span style=\"color: #000080;\">Pr\u00e9paration et test sur place \u00e0<\/span> <a href=\"https:\/\/www.valgelon-la-rochette.com\/\" target=\"_blank\" rel=\"noopener\">La Rochette (Savoie)<\/a> <span style=\"color: #000080;\">ou en Visio. La certification TOEIC est adapt\u00e9e \u00e0 un public avec des besoins concernant directement l&rsquo;entreprise et un niveau pr\u00e9cis \u00e0 atteindre ou d\u00e9passer pour arriver en t\u00eate de liste \u00e0 l&rsquo;entr\u00e9e des Grandes Ecoles. Veuillez vous renseigner aupr\u00e8s de vos interlocuteurs avant de pr\u00e9parer le TOEIC afin de bien d\u00e9terminer la dur\u00e9e et le champs d&rsquo;action ou d&rsquo;\u00e9tude n\u00e9cessaires.\u00a0<\/span><\/span><\/span><\/p>\n<\/div>\n<\/div>\n<\/div>\n<div class=\"field__item\">\n<div class=\"paragraph paragraph--type--editorial paragraph--view-mode--default\">\n<div class=\"field__item titleCKeditor\"><span style=\"font-family: verdana, geneva, sans-serif; color: #000080; font-size: 14px;\">Au plaisir de vous rencontrer et de vous accompagner dans la bonne humeur vers une <strong>communication naturelle en ANGLAIS !<\/strong><\/span><\/div>\n<\/div>\n<\/div>\n<div><\/div>\n<div><\/div>\n<div>\n<h3><span style=\"font-family: verdana, geneva, sans-serif; font-size: 14px;\"><a href=\"https:\/\/www.leslanguessansstress.fr\/wp-content\/uploads\/2025\/01\/01-MAR192-TOEIC-Affiche-LR-SW-Echelle-CECRL-.pdf\">Comprendre le test TOEIC LISTENING &amp; READING &#8211; WRITING &amp; SPEAKING &#8211; Echelle CECRL A2\/C1<\/a><\/span><\/h3>\n<\/div>\n<div><span style=\"font-size: 14px;\"><span style=\"font-family: verdana, geneva, sans-serif; color: #000080;\">Au plaisir de vous rencontrer et de vous accompagner dans la bonne humeur vers une <strong>communication naturelle et\u00a0<\/strong><\/span><span style=\"color: #000080; font-family: verdana, geneva, sans-serif;\"><span style=\"caret-color: #000080;\"><b>attrayante !<\/b><\/span><\/span><\/span><\/div>\n<div><span style=\"font-size: 14px;\"><img loading=\"lazy\" decoding=\"async\" class=\"alignnone size-medium wp-image-17333 aligncenter\" src=\"https:\/\/www.leslanguessansstress.fr\/wp-content\/uploads\/2025\/01\/ETS_TOEIC_linking_graphic_with_license-300x117.png\" alt=\"\" width=\"300\" height=\"117\" srcset=\"https:\/\/www.leslanguessansstress.fr\/wp-content\/uploads\/2025\/01\/ETS_TOEIC_linking_graphic_with_license-300x117.png 300w, https:\/\/www.leslanguessansstress.fr\/wp-content\/uploads\/2025\/01\/ETS_TOEIC_linking_graphic_with_license-1024x398.png 1024w, https:\/\/www.leslanguessansstress.fr\/wp-content\/uploads\/2025\/01\/ETS_TOEIC_linking_graphic_with_license-768x299.png 768w, https:\/\/www.leslanguessansstress.fr\/wp-content\/uploads\/2025\/01\/ETS_TOEIC_linking_graphic_with_license-1536x597.png 1536w, https:\/\/www.leslanguessansstress.fr\/wp-content\/uploads\/2025\/01\/ETS_TOEIC_linking_graphic_with_license-2048x797.png 2048w\" sizes=\"auto, (max-width: 300px) 100vw, 300px\" \/><\/span><\/div>\n<div><span style=\"color: #000080; font-family: verdana, geneva, sans-serif; font-size: 14px;\">\u00a0<\/span><\/div>\n<div><\/div>\n<h3><span style=\"color: #000080; font-family: verdana, geneva, sans-serif; font-size: 14px;\">TOEIC 4 SKILLS : cela peut vous int\u00e9resser&#8230;\u00a0<\/span><\/h3>\n<ul>\n<li><span style=\"color: #000080; font-family: verdana, geneva, sans-serif; font-size: 14px;\">2025 03 27 \u21d2 la formation TOEIC part en tourn\u00e9e <strong><a href=\"https:\/\/go.etsglobal.org\/webmail\/130721\/2614501646\/8ad46c830dc4891d0b45f2f57799f3735bd25fa9c64bba086f3eff6fd416044c\" target=\"_blank\" rel=\"noopener\">Information<\/a><\/strong><\/span><\/li>\n<li><span style=\"font-size: 14px;\"><span style=\"color: #000080; font-family: verdana, geneva, sans-serif;\">2025 02 13 \u21d2\u00a0<\/span><span style=\"color: #000080; font-family: verdana, geneva, sans-serif;\">Vous pouvez vous inscrire et passer l&rsquo;examen TOEIC sous 48 heures au lieu de 15 jours&#8230;!!! <strong><a href=\"https:\/\/go.etsglobal.org\/webmail\/130721\/2581356777\/8ad46c830dc4891d0b45f2f57799f3735bd25fa9c64bba086f3eff6fd416044c\" target=\"_blank\" rel=\"noopener\">information<\/a><\/strong>\u00a0 <\/span><\/span><\/li>\n<\/ul>\n<p>&nbsp;<\/p>\n<p><span style=\"font-size: 14px;\">&#8211; \u00a0 &#8211; \u00a0 &#8211; \u00a0 &#8211; \u00a0 &#8211; \u00a0 &#8211; \u00a0 &#8211; \u00a0 &#8211; \u00a0 &#8211; \u00a0 &#8211;<\/span><\/p>\n<p><span style=\"color: #000080; font-family: verdana, geneva, sans-serif; font-size: 14px;\">\u00a0* En-dessous du niveau interm\u00e9diaire B1, l&rsquo;acc\u00e8s aux le\u00e7ons immersives de la plateforme TOEIC peut sembler un vrai challenge \u00e0 l&rsquo;apprenant qui d\u00e9bute en anglais. Aux niveaux initiation A1 et d\u00e9butant A2, nous pr\u00e9conisons un autre parcours en anglais courant et de l&rsquo;entreprise avec la pr\u00e9paration \u00e0 une certification plus accessible et valorisante aux niveaux d\u00e9butant A1 vers seuil A2 qui servira de socle \u00e0 un parcours vers le niveau interm\u00e9diaire B1. Information compl\u00e8te sur <a href=\"https:\/\/www.leslanguessansstress.fr\/index.php\/contact\/\" target=\"_blank\" rel=\"noopener\">simple demande ou RDV<\/a>.<\/span><\/p>\n","protected":false},"excerpt":{"rendered":"<p>Renforcez et d\u00e9veloppez vos bases d&rsquo;anglais vers une communication professionnelle fluide et attrayante certifi\u00e9e TOEIC<\/p>\n","protected":false},"author":1,"featured_media":17301,"comment_status":"closed","ping_status":"open","sticky":false,"template":"","format":"standard","meta":{"footnotes":""},"categories":[80,127,348],"tags":[750,599],"class_list":["post-18126","post","type-post","status-publish","format-standard","has-post-thumbnail","hentry","category-actualites","category-anglais","category-cpf-certificats","tag-preparation-test-niveaux-a1-a-c2","tag-toeic"],"_links":{"self":[{"href":"https:\/\/www.leslanguessansstress.fr\/index.php\/wp-json\/wp\/v2\/posts\/18126","targetHints":{"allow":["GET"]}}],"collection":[{"href":"https:\/\/www.leslanguessansstress.fr\/index.php\/wp-json\/wp\/v2\/posts"}],"about":[{"href":"https:\/\/www.leslanguessansstress.fr\/index.php\/wp-json\/wp\/v2\/types\/post"}],"author":[{"embeddable":true,"href":"https:\/\/www.leslanguessansstress.fr\/index.php\/wp-json\/wp\/v2\/users\/1"}],"replies":[{"embeddable":true,"href":"https:\/\/www.leslanguessansstress.fr\/index.php\/wp-json\/wp\/v2\/comments?post=18126"}],"version-history":[{"count":4,"href":"https:\/\/www.leslanguessansstress.fr\/index.php\/wp-json\/wp\/v2\/posts\/18126\/revisions"}],"predecessor-version":[{"id":18162,"href":"https:\/\/www.leslanguessansstress.fr\/index.php\/wp-json\/wp\/v2\/posts\/18126\/revisions\/18162"}],"wp:featuredmedia":[{"embeddable":true,"href":"https:\/\/www.leslanguessansstress.fr\/index.php\/wp-json\/wp\/v2\/media\/17301"}],"wp:attachment":[{"href":"https:\/\/www.leslanguessansstress.fr\/index.php\/wp-json\/wp\/v2\/media?parent=18126"}],"wp:term":[{"taxonomy":"category","embeddable":true,"href":"https:\/\/www.leslanguessansstress.fr\/index.php\/wp-json\/wp\/v2\/categories?post=18126"},{"taxonomy":"post_tag","embeddable":true,"href":"https:\/\/www.leslanguessansstress.fr\/index.php\/wp-json\/wp\/v2\/tags?post=18126"}],"curies":[{"name":"wp","href":"https:\/\/api.w.org\/{rel}","templated":true}]}}