{"id":18029,"date":"2025-07-25T07:36:46","date_gmt":"2025-07-25T05:36:46","guid":{"rendered":"https:\/\/www.leslanguessansstress.fr\/?p=18029"},"modified":"2025-07-25T16:25:46","modified_gmt":"2025-07-25T14:25:46","slug":"combattre-lillettrisme-au-quotidien-sans-stress","status":"publish","type":"post","link":"https:\/\/www.leslanguessansstress.fr\/index.php\/2025\/07\/25\/combattre-lillettrisme-au-quotidien-sans-stress\/","title":{"rendered":"Apprendre les bases de la lecture et de l&rsquo;\u00e9criture"},"content":{"rendered":"<p style=\"font-weight: 400;\"><span style=\"font-family: arial, helvetica, sans-serif; color: #000080; font-size: 24px;\"><span style=\"font-size: 8px;\">Texte lu de pr\u00e9f\u00e9rence depuis un ordinateur<\/span><\/span><\/p>\n<p><span style=\"font-family: arial, helvetica, sans-serif; color: #000080; font-size: 24px;\"><img loading=\"lazy\" decoding=\"async\" class=\"alignnone wp-image-14383 aligncenter\" src=\"https:\/\/www.leslanguessansstress.fr\/wp-content\/uploads\/2022\/10\/QUALIOPI-action-de-formation-renouvele\u0301-20221009-Les-langues-sans-stress--300x193.jpg\" alt=\"\" width=\"194\" height=\"125\" srcset=\"https:\/\/www.leslanguessansstress.fr\/wp-content\/uploads\/2022\/10\/QUALIOPI-action-de-formation-renouvele\u0301-20221009-Les-langues-sans-stress--300x193.jpg 300w, https:\/\/www.leslanguessansstress.fr\/wp-content\/uploads\/2022\/10\/QUALIOPI-action-de-formation-renouvele\u0301-20221009-Les-langues-sans-stress--1024x660.jpg 1024w, https:\/\/www.leslanguessansstress.fr\/wp-content\/uploads\/2022\/10\/QUALIOPI-action-de-formation-renouvele\u0301-20221009-Les-langues-sans-stress--768x495.jpg 768w, https:\/\/www.leslanguessansstress.fr\/wp-content\/uploads\/2022\/10\/QUALIOPI-action-de-formation-renouvele\u0301-20221009-Les-langues-sans-stress-.jpg 1504w\" sizes=\"auto, (max-width: 194px) 100vw, 194px\" \/><\/span><\/p>\n<h1 style=\"font-weight: 400;\"><span style=\"font-family: arial, helvetica, sans-serif; color: #0000ff; font-size: 24px;\">Combattre l&rsquo;illettrisme sans stress et s&rsquo;affirmer au quotidien\u00a0<\/span><\/h1>\n<div class=\"mcf-title-and-illustration-wrapper\">\n<div class=\"mcf-card-title-wrapper\">\n<h3 class=\"mcf-card-title-subwrapper\"><span style=\"color: #000080; font-family: arial, helvetica, sans-serif;\">Objectif<\/span><\/h3>\n<\/div>\n<\/div>\n<p><span style=\"font-family: arial, helvetica, sans-serif; color: #000080;\">&#8211; Surmonter le blocage de reprendre un stylo et d&rsquo;\u00e9crire \u00a0 \u00a0<\/span><br \/>\n<span style=\"font-family: arial, helvetica, sans-serif; color: #000080;\">&#8211; Apprendre les bases de la lecture et de l&rsquo;\u00e9criture selon ses besoins et ses fonctions <\/span><br \/>\n<span style=\"font-family: arial, helvetica, sans-serif; color: #000080;\">&#8211; S&rsquo;exprimer clairement pour \u00eatre compris \u00e0 l&rsquo;\u00e9crit comme \u00e0 l&rsquo;oral dans la plupart des situations rencontr\u00e9es au quotidien et pendant ses fonctions <\/span><br \/>\n<span style=\"font-family: arial, helvetica, sans-serif; color: #000080;\">&#8211; Am\u00e9liorer son int\u00e9gration dans son milieu de vie et sa mobilit\u00e9 professionnelle en lisant et \u00e9crivant sans appr\u00e9hension en public.\u00a0<\/span><\/p>\n<div class=\"mcf-title-and-illustration-wrapper\">\n<div class=\"mcf-card-title-wrapper\">\n<h3 class=\"mcf-card-title-subwrapper\"><span style=\"color: #000080; font-family: arial, helvetica, sans-serif;\">R\u00e9sultats attendus<\/span><\/h3>\n<\/div>\n<\/div>\n<p><span style=\"font-family: arial, helvetica, sans-serif; color: #000080;\">&#8211; Avoir pris confiance en soi pour apprendre et d\u00e9velopper les bases de la lecture et de l&rsquo;\u00e9criture\u00a0<\/span><br \/>\n<span style=\"font-family: arial, helvetica, sans-serif; color: #000080;\">&#8211; Lire et comprendre un texte simple en public\u00a0<\/span><br \/>\n<span style=\"font-family: arial, helvetica, sans-serif; color: #000080;\">&#8211; Remplir seul un formulaire administratif usuel, court et simple \u00a0<\/span><br \/>\n<span style=\"font-family: arial, helvetica, sans-serif; color: #000080;\">&#8211; Pouvoir d\u00e9velopper ses premiers acquis et enrichir ses connaissances \u00e0 l&rsquo;\u00e9crit\u00a0<\/span><\/p>\n<div class=\"mcf-title-and-illustration-wrapper\">\n<div class=\"mcf-card-title-wrapper\">\n<h3 class=\"mcf-card-title-subwrapper\"><span style=\"color: #000080; font-family: arial, helvetica, sans-serif;\">Points forts<\/span><\/h3>\n<\/div>\n<\/div>\n<p><span style=\"font-family: arial, helvetica, sans-serif; color: #000080;\">&#8211; Activit\u00e9s ludiques pour d\u00e9complexer la situation d&rsquo;apprentissage\u00a0<\/span><br \/>\n<span style=\"font-family: arial, helvetica, sans-serif; color: #000080;\">&#8211; Soutien individualis\u00e9 dans l&rsquo;apprentissage de la lecture avec correction explicative des erreurs<\/span><br \/>\n<span style=\"font-family: arial, helvetica, sans-serif; color: #000080;\">&#8211; Possibilit\u00e9 de cours sous hypnose de relaxation pour prendre confiance et estime de soi en public.<\/span><\/p>\n<p><img loading=\"lazy\" decoding=\"async\" class=\"alignnone wp-image-18318 aligncenter\" src=\"https:\/\/www.leslanguessansstress.fr\/wp-content\/uploads\/2025\/06\/ALPHA-Apprendre-cest-reprendre-le-controle-300x75.jpeg\" alt=\"\" width=\"388\" height=\"97\" srcset=\"https:\/\/www.leslanguessansstress.fr\/wp-content\/uploads\/2025\/06\/ALPHA-Apprendre-cest-reprendre-le-controle-300x75.jpeg 300w, https:\/\/www.leslanguessansstress.fr\/wp-content\/uploads\/2025\/06\/ALPHA-Apprendre-cest-reprendre-le-controle-1024x256.jpeg 1024w, https:\/\/www.leslanguessansstress.fr\/wp-content\/uploads\/2025\/06\/ALPHA-Apprendre-cest-reprendre-le-controle-768x192.jpeg 768w, https:\/\/www.leslanguessansstress.fr\/wp-content\/uploads\/2025\/06\/ALPHA-Apprendre-cest-reprendre-le-controle.jpeg 1364w\" sizes=\"auto, (max-width: 388px) 100vw, 388px\" \/><\/p>\n<h2 class=\"mcf-card-title-subwrapper\"><span style=\"color: #000080; font-family: arial, helvetica, sans-serif; font-size: 20px;\">Programme d&rsquo;acquisition de la lecture et de l&rsquo;\u00e9criture\u00a0<\/span><\/h2>\n<p><span style=\"font-family: verdana, geneva, sans-serif; color: #000080;\">Diagnostic des besoins de l&rsquo;apprenant <\/span><br \/>\n<span style=\"font-family: verdana, geneva, sans-serif; color: #000080;\">Rep\u00e9rage des freins linguistiques et personnels <\/span><br \/>\n<span style=\"font-family: verdana, geneva, sans-serif; color: #000080;\">Modules LIRE et \u00c9CRIRE adapt\u00e9s aux besoins d\u00e9cel\u00e9s et objectifs de l&rsquo;apprenant\u00a0<\/span><\/p>\n<h2><span style=\"font-family: verdana, geneva, sans-serif; color: #000080; font-size: 20px;\"><strong>&#8211; LIRE &#8211;<\/strong> <\/span><\/h2>\n<p><span style=\"font-family: verdana, geneva, sans-serif; color: #000080;\">&#8211; Connaitre les lettres de l\u2019alphabet et leur prononciation <\/span><br \/>\n<span style=\"font-family: verdana, geneva, sans-serif; color: #000080;\">&#8211; Faire la liaison entre sons et syllabes \u00a0<\/span><br \/>\n<span style=\"font-family: verdana, geneva, sans-serif; color: #000080;\">&#8211; Lecture et reconnaissance des chiffres \u00a0 <\/span><br \/>\n<span style=\"font-family: verdana, geneva, sans-serif; color: #000080;\">&#8211; R\u00e9activer la compr\u00e9hension des mots pendant leur d\u00e9chiffrage <\/span><br \/>\n<span style=\"font-family: verdana, geneva, sans-serif; color: #000080;\">&#8211; D\u00e9chiffrer les phrases simples dans un texte simple et court en fran\u00e7ais courant \u00a0\u00a0<\/span><br \/>\n<span style=\"font-family: verdana, geneva, sans-serif; color: #000080;\">&#8211; Lire un plan, une carte, un sch\u00e9ma, et en extraire des informations utiles \u00a0<\/span><br \/>\n<span style=\"font-family: verdana, geneva, sans-serif; color: #000080;\">&#8211; Lire et comprendre un protocole et un document usuel professionnel \u00a0<\/span><br \/>\n<span style=\"font-family: verdana, geneva, sans-serif; color: #000080;\">&#8211; Naviguer simplement sur le Net et trouver une information simple \u00a0<\/span><\/p>\n<h2><span style=\"font-family: verdana, geneva, sans-serif; color: #000080; font-size: 20px;\"><strong>&#8211; ECRIRE &#8211;<\/strong> <\/span><\/h2>\n<p><span style=\"font-family: verdana, geneva, sans-serif; color: #000080;\">&#8211; Acqu\u00e9rir les bases de la communication \u00e9crite <\/span><br \/>\n<span style=\"font-family: verdana, geneva, sans-serif; color: #000080;\">&#8211; Ecrire un message en respectant la construction d\u2019une phrase simple <\/span><br \/>\n<span style=\"font-family: verdana, geneva, sans-serif; color: #000080;\">&#8211; Utiliser le lexique courant et professionnel appropri\u00e9 <\/span><br \/>\n<span style=\"font-family: verdana, geneva, sans-serif; color: #000080;\">&#8211; Rendre compte par \u00e9crit conform\u00e9ment \u00e0 l\u2019objectif vis\u00e9 <\/span><br \/>\n<span style=\"font-family: verdana, geneva, sans-serif; color: #000080;\">&#8211; Porter attention \u00e0 la courtoisie et aux formules <\/span><br \/>\n<span style=\"font-family: verdana, geneva, sans-serif; color: #000080;\">&#8211; Exprimer des chiffres <\/span><br \/>\n<span style=\"font-family: verdana, geneva, sans-serif; color: #000080;\">&#8211; R\u00e9diger un protocole <\/span><br \/>\n<span style=\"font-family: verdana, geneva, sans-serif; color: #000080;\">&#8211; Reformuler des informations et consignes <\/span><br \/>\n<span style=\"font-family: verdana, geneva, sans-serif; color: #000080;\">&#8211; Savoir poser une question pour comprendre<\/span><br \/>\n<span style=\"font-family: verdana, geneva, sans-serif; color: #000080;\">&#8211; R\u00e9cup\u00e9rer l\u2019essentiel d\u2019un message en prise de notes <\/span><br \/>\n<span style=\"font-family: verdana, geneva, sans-serif; color: #000080;\">&#8211; S\u2019exprimer en utilisant le lexique courant ou professionnel appropri\u00e9 <\/span><br \/>\n<span style=\"font-family: verdana, geneva, sans-serif; color: #000080;\">&#8211; Saisir et mettre en forme un texte dans un document Word <\/span><br \/>\n<span style=\"font-family: verdana, geneva, sans-serif; color: #000080;\">&#8211; Instaurer une d\u00e9marche d&rsquo;autocorrection <\/span><br \/>\n<span style=\"font-family: verdana, geneva, sans-serif; color: #000080;\">&#8211; S&rsquo;amuser avec les mots <\/span><\/p>\n<p><span style=\"font-family: verdana, geneva, sans-serif; color: #000080;\">Veuillez prendre connaissance du livret d&rsquo;accueil du stagiaire pour connaitre toutes les modalit\u00e9s de cette formation.<\/span><br \/>\n<span style=\"font-family: verdana, geneva, sans-serif; color: #000080;\">Personnes en situation de handicap, prenez contact avec notre r\u00e9f\u00e9rente en amont de la formation pour une adaptation possible des modalit\u00e9s et ressources.\u00a0<\/span><\/p>\n<p><span style=\"color: #000080; font-family: arial, helvetica, sans-serif;\"><img loading=\"lazy\" decoding=\"async\" class=\"alignnone wp-image-15311 aligncenter\" src=\"https:\/\/www.leslanguessansstress.fr\/wp-content\/uploads\/2023\/08\/France-Competences-300x86.jpg\" alt=\"\" width=\"471\" height=\"135\" srcset=\"https:\/\/www.leslanguessansstress.fr\/wp-content\/uploads\/2023\/08\/France-Competences-300x86.jpg 300w, https:\/\/www.leslanguessansstress.fr\/wp-content\/uploads\/2023\/08\/France-Competences.jpg 708w\" sizes=\"auto, (max-width: 471px) 100vw, 471px\" \/><\/span><\/p>\n<h3><span style=\"color: #000080; font-family: arial, helvetica, sans-serif;\">MODALIT\u00c9S<\/span><\/h3>\n<div class=\"mcf-title-and-illustration-wrapper\">\n<div class=\"mcf-card-title-wrapper\">\n<p class=\"mcf-card-title-subwrapper\"><span style=\"color: #000080; font-family: arial, helvetica, sans-serif;\"><strong>Langue<\/strong> : Fran\u00e7ais <\/span><br \/>\n<span style=\"color: #000080; font-family: arial, helvetica, sans-serif;\"><strong>LANGUE \u00c9TRANG\u00c8RE<\/strong> : \u00a0Cette formation est adaptable aux langues anglaise, allemande, italienne et espagnole \u00a0<\/span><br \/>\n<span style=\"color: #000080; font-family: arial, helvetica, sans-serif;\"><strong>Pr\u00e9requis<\/strong> : Aucun sauf avoir la volont\u00e9 d&rsquo;acqu\u00e9rir les bases de la communication \u00e9crite, enrichir son vocabulaire et approfondir la grammaire. <\/span><br \/>\n<span style=\"color: #000080; font-family: arial, helvetica, sans-serif;\"><strong>Handicap<\/strong> : Veuillez contacter la r\u00e9f\u00e9rente pour discuter d&rsquo;un possible am\u00e9nagement des cours et ressources. \u00a0<\/span><br \/>\n<span style=\"color: #000080; font-family: arial, helvetica, sans-serif;\"><strong>Dur\u00e9e<\/strong> : 3-6 mois d\u2019affil\u00e9e <\/span><br \/>\n<span style=\"color: #000080; font-family: arial, helvetica, sans-serif;\"><strong>Effort<\/strong> : 80 heures <\/span><br \/>\n<span style=\"color: #000080; font-family: arial, helvetica, sans-serif;\"><strong>Rythme<\/strong> : ~ 4\/5 heures\/semaine <\/span><br \/>\n<span style=\"color: #000080; font-family: arial, helvetica, sans-serif;\"><strong>Entretiens<\/strong> : leur nombre et leur fr\u00e9quence d\u00e9pendent des modalit\u00e9s dur\u00e9e\/tarif choisies\u00a0<\/span><br \/>\n<span style=\"color: #000080; font-family: arial, helvetica, sans-serif;\"><strong>Intervenante<\/strong> : formatrice\u00a0<\/span><span style=\"color: #000080; font-family: arial, helvetica, sans-serif;\">exp\u00e9riment\u00e9e et r\u00e9f\u00e9renc\u00e9e en 5 langues, gestion du stress et pr\u00e9paration mentale. Elle a appris deux alphabets diff\u00e9rents en langues \u00e9trang\u00e8res et comprend la d\u00e9marche de l&rsquo;acquisition d&rsquo;une langue \u00e9crite maternelle ou seconde langue.\u00a0<\/span><br \/>\n<span style=\"color: #000080; font-family: arial, helvetica, sans-serif;\"><span style=\"caret-color: #000080;\"><b>Validation <\/b><\/span>: Bilans de progression, \u00e9margement individuel ateliers d&rsquo;\u00e9tude et entrainements + cours et entretiens pr\u00e9sentiels, auto\u00e9valuation des connaissances acquises, questionnaire satisfaction, attestation fin de formation, certification possible (obligatoire si CPF activ\u00e9) \u00a0<\/span><br \/>\n<span style=\"color: #000080; font-family: arial, helvetica, sans-serif;\"><strong>Flexibilit\u00e9 du calendrier<\/strong> : les entretiens sont \u00e0 poser ensemble selon votre disponibilit\u00e9 en amont de la formation. <\/span><br \/>\n<span style=\"color: #000080; font-family: arial, helvetica, sans-serif;\"><strong>Cours sur-mesure<\/strong> : Tous les parcours sont personnalisables selon objectif fix\u00e9 aux besoins d\u00e9tect\u00e9s et au profil de l&rsquo;apprenant. <\/span><br \/>\n<span style=\"color: #000080; font-family: arial, helvetica, sans-serif;\">Le tarif peut varier pour \u00eatre adapt\u00e9 aux nouveaux param\u00e8tres en augmentant ou r\u00e9duisant le nombre des entretiens pr\u00e9sentiels et la dur\u00e9e de la formation (proposition\/devis). <\/span><br \/>\n<span style=\"color: #000080; font-family: arial, helvetica, sans-serif;\"><strong>Tarif<\/strong> : devis ou formule standard \u21d2 Introduction des le\u00e7ons sous hypnose de relaxation possible selon besoins du stagiaire et s\u00e9ances d\u00e9di\u00e9es \u00e0 la concentration, la confiance en soi, la gestion des questions du public, etc.. <\/span><br \/>\n<span style=\"color: #000080; font-family: arial, helvetica, sans-serif;\"><strong>Financement<\/strong> : tous dont le CPF d\u00e8s que l&rsquo;acquisition du niveau base \u00e9l\u00e9mentaires en fran\u00e7ais \u00e9crit ou A2 en langue \u00e9trang\u00e8re le permet.\u00a0<\/span><\/p>\n<\/div>\n<\/div>\n<p><span style=\"font-size: 16px; font-family: arial, helvetica, sans-serif; color: #000080;\"><img loading=\"lazy\" decoding=\"async\" class=\"alignnone wp-image-14157 aligncenter\" src=\"https:\/\/www.leslanguessansstress.fr\/wp-content\/uploads\/2022\/10\/Mon-compte-formation-CPF-les-langues-sans-stress-300x159.jpg\" alt=\"\" width=\"232\" height=\"123\" srcset=\"https:\/\/www.leslanguessansstress.fr\/wp-content\/uploads\/2022\/10\/Mon-compte-formation-CPF-les-langues-sans-stress-300x159.jpg 300w, https:\/\/www.leslanguessansstress.fr\/wp-content\/uploads\/2022\/10\/Mon-compte-formation-CPF-les-langues-sans-stress.jpg 646w\" sizes=\"auto, (max-width: 232px) 100vw, 232px\" \/><\/span><\/p>\n<h1 style=\"font-weight: 400;\"><span style=\"color: #0000ff; font-size: 24px;\"><span style=\"font-family: arial, helvetica, sans-serif;\">Fran\u00e7ais &#8211; certifier son niveau en communication \u00e9crite et orale sans stress &#8211; <\/span><span style=\"font-family: arial, helvetica, sans-serif;\">\u00e9ligible au budget CPF \u00a0<\/span><\/span><\/h1>\n<p><span style=\"font-size: 16px; font-family: arial, helvetica, sans-serif;\"><span style=\"color: #000080;\">Ce parcours est \u00e9ligible au financement CPF depuis la plateforme MCF. Il inclut automatiquement la pr\u00e9paration et la pr\u00e9sentation au Test de certification Le Robert ou le Certificat CLO\u00c9 dans le cadre de l&rsquo;apprentissage des bases d&rsquo;une langue \u00e9trang\u00e8re dont le fran\u00e7ais\/FLE.<\/span><\/span><\/p>\n<p><span style=\"font-size: 16px; font-family: arial, helvetica, sans-serif;\"><span style=\"color: #000080;\"><img loading=\"lazy\" decoding=\"async\" class=\"size-medium wp-image-17885 aligncenter\" src=\"https:\/\/www.leslanguessansstress.fr\/wp-content\/uploads\/2025\/04\/5-langues-sans-stress-a-La-Rochette-Qualiopi-CPF-300x48.png\" alt=\"\" width=\"300\" height=\"48\" srcset=\"https:\/\/www.leslanguessansstress.fr\/wp-content\/uploads\/2025\/04\/5-langues-sans-stress-a-La-Rochette-Qualiopi-CPF-300x48.png 300w, https:\/\/www.leslanguessansstress.fr\/wp-content\/uploads\/2025\/04\/5-langues-sans-stress-a-La-Rochette-Qualiopi-CPF-768x123.png 768w, https:\/\/www.leslanguessansstress.fr\/wp-content\/uploads\/2025\/04\/5-langues-sans-stress-a-La-Rochette-Qualiopi-CPF.png 934w\" sizes=\"auto, (max-width: 300px) 100vw, 300px\" \/><\/span><\/span><\/p>\n<p><span style=\"font-size: 16px; font-family: arial, helvetica, sans-serif;\"><span style=\"color: #000080;\">Le stagiaire doit se pr\u00e9senter et terminer l&rsquo;ensemble des questions du test au niveau A2 ou bases \u00e9l\u00e9mentaires pour d\u00e9clencher le financement de sa formation continue professionnelle s&rsquo;il choisit d&rsquo;utiliser son budget CPF.\u00a0<\/span><\/span><\/p>\n<p><span style=\"font-size: 16px; font-family: arial, helvetica, sans-serif;\"><span style=\"color: #000080;\">Cette formation est con\u00e7ue sur mesure : le niveau du programme, sa dur\u00e9e, la fr\u00e9quence et le nombre des entretiens pr\u00e9sentiels avec la formatrice hypnoth\u00e9rapeute sont adaptables \u00e0 votre budget pour s&rsquo;adapter \u00e0 votre profil d&rsquo;apprenant et besoins d\u00e9cel\u00e9s ou contraintes. \u00a0<\/span><\/span><\/p>\n<p><span style=\"font-size: 16px; font-family: arial, helvetica, sans-serif;\"><span style=\"color: #000080;\">Les parcours d&rsquo;entrainement sur plateforme en pr\u00e9sentiel avec la formatrice vont de 3 \u00e0 6 mois selon vos besoins \u00a0et le planning voire plus si adaptation \u00e0 une situation de handicap ou contraintes exceptionnelles d\u00e9taill\u00e9es. L&rsquo;accompagnement mixte ou individualis\u00e9 peut \u00eatre d\u00e9cal\u00e9 des dur\u00e9es impos\u00e9es par la plateforme d&rsquo;\u00e9tude : discutez-en avec nous en amont de la formation choisie. <\/span><\/span><\/p>\n<p><span style=\"font-size: 16px; font-family: arial, helvetica, sans-serif;\"><span style=\"color: #000080;\">L&rsquo;hypnose n&rsquo;est pas une obligation, c&rsquo;est un outil mental pour d\u00e9bloquer des freins et sublimer votre compr\u00e9hension autant que votre expression orale dans la langue choisie.<\/span><\/span><\/p>\n<h3 style=\"font-weight: 400;\"><span style=\"color: #000080; font-size: 20px;\"><span style=\"font-family: arial, helvetica, sans-serif;\">Formatrice-pr\u00e9paratrice mentale multilingue certifi\u00e9e \u00e0 votre \u00e9coute pour personnaliser votre parcours et adapter les ressources \u00e0 vos besoins individuels.<\/span><\/span><\/h3>\n<h3><span style=\"color: #0000ff;\"><a style=\"color: #0000ff;\" href=\"https:\/\/www.anlci.gouv.fr\/\" target=\"_blank\" rel=\"noopener\"><span style=\"font-size: 14px;\"><span style=\"font-family: verdana, geneva, sans-serif;\">Information sur l&rsquo;illettrisme et comment le combattre au quotidien<\/span><\/span><\/a><\/span><\/h3>\n","protected":false},"excerpt":{"rendered":"<p>Texte lu de pr\u00e9f\u00e9rence depuis un ordinateur Combattre l&rsquo;illettrisme sans stress et s&rsquo;affirmer au quotidien\u00a0<\/p>\n","protected":false},"author":1,"featured_media":13375,"comment_status":"closed","ping_status":"open","sticky":false,"template":"","format":"standard","meta":{"footnotes":""},"categories":[80,227],"tags":[764,692,211,734,717],"class_list":["post-18029","post","type-post","status-publish","format-standard","has-post-thumbnail","hentry","category-actualites","category-francais-fle","tag-communication-ecrite-en-langue-etrangere","tag-francais-ecrit","tag-gestion-du-stress","tag-lutte-contre-lillettrisme","tag-renforcement-et-developpement"],"_links":{"self":[{"href":"https:\/\/www.leslanguessansstress.fr\/index.php\/wp-json\/wp\/v2\/posts\/18029","targetHints":{"allow":["GET"]}}],"collection":[{"href":"https:\/\/www.leslanguessansstress.fr\/index.php\/wp-json\/wp\/v2\/posts"}],"about":[{"href":"https:\/\/www.leslanguessansstress.fr\/index.php\/wp-json\/wp\/v2\/types\/post"}],"author":[{"embeddable":true,"href":"https:\/\/www.leslanguessansstress.fr\/index.php\/wp-json\/wp\/v2\/users\/1"}],"replies":[{"embeddable":true,"href":"https:\/\/www.leslanguessansstress.fr\/index.php\/wp-json\/wp\/v2\/comments?post=18029"}],"version-history":[{"count":8,"href":"https:\/\/www.leslanguessansstress.fr\/index.php\/wp-json\/wp\/v2\/posts\/18029\/revisions"}],"predecessor-version":[{"id":18322,"href":"https:\/\/www.leslanguessansstress.fr\/index.php\/wp-json\/wp\/v2\/posts\/18029\/revisions\/18322"}],"wp:featuredmedia":[{"embeddable":true,"href":"https:\/\/www.leslanguessansstress.fr\/index.php\/wp-json\/wp\/v2\/media\/13375"}],"wp:attachment":[{"href":"https:\/\/www.leslanguessansstress.fr\/index.php\/wp-json\/wp\/v2\/media?parent=18029"}],"wp:term":[{"taxonomy":"category","embeddable":true,"href":"https:\/\/www.leslanguessansstress.fr\/index.php\/wp-json\/wp\/v2\/categories?post=18029"},{"taxonomy":"post_tag","embeddable":true,"href":"https:\/\/www.leslanguessansstress.fr\/index.php\/wp-json\/wp\/v2\/tags?post=18029"}],"curies":[{"name":"wp","href":"https:\/\/api.w.org\/{rel}","templated":true}]}}