{"id":18013,"date":"2025-06-18T18:09:41","date_gmt":"2025-06-18T16:09:41","guid":{"rendered":"https:\/\/www.leslanguessansstress.fr\/?p=18013"},"modified":"2025-06-22T07:41:26","modified_gmt":"2025-06-22T05:41:26","slug":"3-fle-pro","status":"publish","type":"post","link":"https:\/\/www.leslanguessansstress.fr\/index.php\/2025\/06\/18\/3-fle-pro\/","title":{"rendered":"3 FLE professionnel"},"content":{"rendered":"<p style=\"font-weight: 400;\"><span style=\"font-family: arial, helvetica, sans-serif; color: #000080; font-size: 24px;\"><span style=\"font-size: 8px;\">Texte lu de pr\u00e9f\u00e9rence depuis un ordinateur<\/span><\/span><\/p>\n<p><span style=\"font-family: arial, helvetica, sans-serif; color: #000080; font-size: 24px;\"><img loading=\"lazy\" decoding=\"async\" class=\"alignnone wp-image-14383 aligncenter\" src=\"https:\/\/www.leslanguessansstress.fr\/wp-content\/uploads\/2022\/10\/QUALIOPI-action-de-formation-renouvele\u0301-20221009-Les-langues-sans-stress--300x193.jpg\" alt=\"\" width=\"194\" height=\"125\" srcset=\"https:\/\/www.leslanguessansstress.fr\/wp-content\/uploads\/2022\/10\/QUALIOPI-action-de-formation-renouvele\u0301-20221009-Les-langues-sans-stress--300x193.jpg 300w, https:\/\/www.leslanguessansstress.fr\/wp-content\/uploads\/2022\/10\/QUALIOPI-action-de-formation-renouvele\u0301-20221009-Les-langues-sans-stress--1024x660.jpg 1024w, https:\/\/www.leslanguessansstress.fr\/wp-content\/uploads\/2022\/10\/QUALIOPI-action-de-formation-renouvele\u0301-20221009-Les-langues-sans-stress--768x495.jpg 768w, https:\/\/www.leslanguessansstress.fr\/wp-content\/uploads\/2022\/10\/QUALIOPI-action-de-formation-renouvele\u0301-20221009-Les-langues-sans-stress-.jpg 1504w\" sizes=\"auto, (max-width: 194px) 100vw, 194px\" \/><\/span><\/p>\n<h1 style=\"font-weight: 400;\"><span style=\"font-family: arial, helvetica, sans-serif; color: #0000ff; font-size: 20px;\">FLE : Fran\u00e7ais d\u00e9butant pour s&rsquo;exprimer \u00e0 l&rsquo;oral et \u00e0 l&rsquo;\u00e9crit au quotidien et pendant ses fonctions <\/span><\/h1>\n<div class=\"mcf-title-and-illustration-wrapper\">\n<div class=\"mcf-card-title-wrapper\">\n<h3 class=\"mcf-card-title-subwrapper\"><span style=\"color: #000080; font-family: arial, helvetica, sans-serif;\">Objectif<\/span><\/h3>\n<\/div>\n<\/div>\n<p><span style=\"font-family: arial, helvetica, sans-serif; color: #000080;\">Atteindre un niveau de comp\u00e9tences en fran\u00e7ais suffisant pour pouvoir communiquer dans des situations professionnelles simples. <\/span><br \/>\n<span style=\"font-family: arial, helvetica, sans-serif; color: #000080;\">Comprendre et se faire comprendre par un interlocuteur fran\u00e7ais \u00e0 l&rsquo;oral et \u00e0 l&rsquo;\u00e9crit. <\/span><br \/>\n<span style=\"font-family: arial, helvetica, sans-serif; color: #000080;\">Utiliser les mots essentiels et les expressions famili\u00e8res pour participer \u00e0 des conversations t\u00e9l\u00e9phoniques et \u00e0 des r\u00e9unions. <\/span><br \/>\n<span style=\"font-family: arial, helvetica, sans-serif; color: #000080;\">Se pr\u00e9parer au format des questions du test de certification CLO\u00c9 FLE pour atteindre le niveau Seuil A2.<\/span><\/p>\n<h3><span style=\"color: #000080; font-family: arial, helvetica, sans-serif;\"> Les points forts<\/span><\/h3>\n<p><span style=\"font-family: arial, helvetica, sans-serif; color: #000080;\">Mises en situation et entrainements dynamiques de compr\u00e9hension\/expression \u00e9crite et orale et de prononciation cibl\u00e9e avec formatrice qui corrige les fautes avec bienveillance et les explique patiemment. <\/span><br \/>\n<span style=\"font-family: arial, helvetica, sans-serif; color: #000080;\">RDV individuels \u00e0 poser selon votre agenda.<\/span><\/p>\n<h3><span style=\"color: #000080; font-family: arial, helvetica, sans-serif;\">Contenu<\/span><\/h3>\n<p><span style=\"font-family: arial, helvetica, sans-serif; color: #000080;\">Test de positionnement et personnalisation du programme aux r\u00e9sultats et besoins d\u00e9cel\u00e9s.<\/span><br \/>\n<span style=\"font-family: arial, helvetica, sans-serif; color: #000080;\">Consolider les notions du niveau A1+ ou les acqu\u00e9rir en ajoutant 15 heures de module \u00ab\u00a0d\u00e9brouille\u00a0\u00bb : structures des phrases et des questions, ordre des mots et les accords essentiels. <\/span><br \/>\n<span style=\"font-family: arial, helvetica, sans-serif; color: #000080;\">Conjuguer \u00eatre, avoir, s&rsquo;appeler, faire, recevoir, sortir, partir, devoir, pouvoir, savoir, vouloir, \u00e9crire, prendre, voir&#8230;<br \/>\nEntrainement et mise en pratique pour sociabiliser, nouer des contacts et se d\u00e9placer, remplir un formulaire administratif simple.<br \/>\n<\/span><span style=\"font-family: arial, helvetica, sans-serif; color: #000080;\">Travail de la phon\u00e9tique en contexte. Entrainement intensif \u00e0 la prononciation des mots, des liaisons, de la lecture de textes de votre quotidien et m\u00e9tier. <\/span><\/p>\n<h2 style=\"text-align: center;\"><span style=\"font-family: arial, helvetica, sans-serif; color: #000080; font-size: 16px;\">&#8212;&#8212;&#8212;&#8212;- LE MONDE PROFESSIONNEL EN FRAN\u00c7AIS &#8212;&#8212;&#8212;&#8212;- <\/span><\/h2>\n<p><span style=\"font-family: arial, helvetica, sans-serif; color: #000080;\">Se familiariser avec les mots et les gestes utilis\u00e9s dans des situations concr\u00e8tes : \u00a0<\/span><br \/>\n<span style=\"font-family: arial, helvetica, sans-serif; color: #000080;\">Saluer et se pr\u00e9senter. <\/span><br \/>\n<span style=\"font-family: arial, helvetica, sans-serif; color: #000080;\">Accueillir et informer, pr\u00e9senter son entreprise et l&rsquo;organigramme, les produits ou services. <\/span><br \/>\n<span style=\"font-family: arial, helvetica, sans-serif; color: #000080;\">Parler de son m\u00e9tier, d\u00e9crire ses activit\u00e9s professionnelles. <\/span><br \/>\n<span style=\"font-family: arial, helvetica, sans-serif; color: #000080;\">Faire visiter des locaux. <\/span><br \/>\n<span style=\"font-family: arial, helvetica, sans-serif; color: #000080;\">Communiquer par t\u00e9l\u00e9phone et noter une courte information. <\/span><br \/>\n<span style=\"font-family: arial, helvetica, sans-serif; color: #000080;\">Prendre \/ passer des appels t\u00e9l\u00e9phoniques professionnels simples et courts. <\/span><br \/>\n<span style=\"font-family: arial, helvetica, sans-serif; color: #000080;\">Parler de son agenda et noter un rendez-vous. <\/span><br \/>\n<span style=\"font-family: arial, helvetica, sans-serif; color: #000080;\">Raconter une journ\u00e9e de travail. <\/span><br \/>\n<span style=\"font-family: arial, helvetica, sans-serif; color: #000080;\">D\u00e9crire un \u00e9v\u00e9nement pass\u00e9. <\/span><br \/>\n<span style=\"font-family: arial, helvetica, sans-serif; color: #000080;\">Faire des projets et r\u00e9pondre \u00e0 des questions sur ses projets. <\/span><br \/>\n<span style=\"font-family: arial, helvetica, sans-serif; color: #000080;\">Exprimer un avis, une opinion en r\u00e9union. Utiliser le langage formel. <\/span><br \/>\n<span style=\"font-family: arial, helvetica, sans-serif; color: #000080;\">Faire une petite pr\u00e9sentation. <\/span><br \/>\n<span style=\"font-family: arial, helvetica, sans-serif; color: #000080;\">Travailler les \u00e9crits simples et courts des \u00e9changes quotidiens et dans un contexte professionnel. <\/span><br \/>\n<span style=\"font-family: arial, helvetica, sans-serif; color: #000080;\">Pr\u00e9parer son CV et une lettre de motivation, s&rsquo;entrainer \u00e0 l&rsquo;entretien d&#8217;embauche, pr\u00e9parer des questions. <\/span><\/p>\n<p><span style=\"font-family: arial, helvetica, sans-serif; color: #000080;\">&#8211; <strong>Mat\u00e9riel p\u00e9dagogique sur place et de pr\u00e9paration au certificat niveau Seuil<\/strong> pendant<\/span><span style=\"color: #000080; font-family: arial, helvetica, sans-serif;\"> 33 heures compos\u00e9 de deux cours d&rsquo;affil\u00e9e :<\/span><br \/>\n<span style=\"font-family: arial, helvetica, sans-serif; color: #000080;\">&#8211; 22 s\u00e9ances de 45 mn avec la formatrice dont 3 en atelier d&rsquo;interaction deux par deux (si horaires valid\u00e9s). <\/span><br \/>\n<span style=\"font-family: arial, helvetica, sans-serif; color: #000080;\">&#8211; 22 s\u00e9ances de 45 mn d&rsquo;adaptation avec cours tutor\u00e9s par la formatrice selon textes et questions re\u00e7ues par email du stagiaire<\/span><span style=\"font-family: arial, helvetica, sans-serif; color: #000080;\">. <\/span><br \/>\n<span style=\"font-family: arial, helvetica, sans-serif; color: #000080;\">&#8211; 7 heures r\u00e9parties sur 4 \u00e0 8 semaines de pr\u00e9paration individuelle au test CLO\u00c9. <\/span><br \/>\n<span style=\"font-family: arial, helvetica, sans-serif; color: #000080;\">&#8211; Inscription au test de certification CLOE et passation sur place du test \u00e9crit puis oral (entretien en Visio)\u00a0<\/span><\/p>\n<div class=\"mcf-title-and-illustration-wrapper\">\n<div class=\"mcf-card-title-wrapper\">\n<h3 class=\"mcf-card-title-subwrapper\"><span style=\"font-family: arial, helvetica, sans-serif; color: #000080;\">R\u00e9sultats attendus<\/span><\/h3>\n<\/div>\n<\/div>\n<p><span style=\"font-family: arial, helvetica, sans-serif; color: #000080;\">Am\u00e9lioration de la compr\u00e9hension \u00e9crite et orale de F.L.E. niveau A2. <\/span><br \/>\n<span style=\"font-family: arial, helvetica, sans-serif; color: #000080;\">Plus de fluidit\u00e9 lors des prises de parole. <\/span><br \/>\n<span style=\"font-family: arial, helvetica, sans-serif; color: #000080;\">Une meilleure prononciation et la formation instinctive des phrases fran\u00e7aises. <\/span><br \/>\n<span style=\"font-family: arial, helvetica, sans-serif; color: #000080;\">Une diminution du stress lors des interactions au quotidien, pendant les voyages et rencontres professionnelles. <\/span><br \/>\n<span style=\"font-family: arial, helvetica, sans-serif; color: #000080;\">Attester du niveau SEUIL atteint et des 5 comp\u00e9tences acquises en passant le test de certification CLO\u00c9 F.L.E. en fin de parcours. <\/span><br \/>\n<span style=\"font-family: arial, helvetica, sans-serif; color: #000080;\">Mieux s&rsquo;int\u00e9grer dans un environnement socioprofessionnel fran\u00e7ais.<\/span><\/p>\n<h3><span style=\"font-family: arial, helvetica, sans-serif; color: #000080;\">Public<\/span><\/h3>\n<p><span style=\"font-family: arial, helvetica, sans-serif; color: #000080;\">Un parcours pour les personnes dont le fran\u00e7ais est la langue maternelle ou une seconde langue couramment utilis\u00e9e \u00e0 l&rsquo;\u00e9crit et qui cherche \u00e0 enrichir leurs connaissances. \u00a0\u00a0<\/span><\/p>\n<p><span style=\"color: #000080; font-family: arial, helvetica, sans-serif;\"><img loading=\"lazy\" decoding=\"async\" class=\"alignnone wp-image-15311 aligncenter\" src=\"https:\/\/www.leslanguessansstress.fr\/wp-content\/uploads\/2023\/08\/France-Competences-300x86.jpg\" alt=\"\" width=\"471\" height=\"135\" srcset=\"https:\/\/www.leslanguessansstress.fr\/wp-content\/uploads\/2023\/08\/France-Competences-300x86.jpg 300w, https:\/\/www.leslanguessansstress.fr\/wp-content\/uploads\/2023\/08\/France-Competences.jpg 708w\" sizes=\"auto, (max-width: 471px) 100vw, 471px\" \/><\/span><\/p>\n<h3><span style=\"color: #000080; font-family: arial, helvetica, sans-serif;\">MODALIT\u00c9S<\/span><\/h3>\n<div class=\"mcf-title-and-illustration-wrapper\">\n<div class=\"mcf-card-title-wrapper\">\n<p class=\"mcf-card-title-subwrapper\"><span style=\"font-family: arial, helvetica, sans-serif; color: #000080;\"><strong>Langue<\/strong> : Fran\u00e7ais <\/span><br \/>\n<span style=\"font-family: arial, helvetica, sans-serif; color: #000080;\">Ce Cours se d\u00e9roule enti\u00e8rement en langue fran\u00e7aise<br \/>\n<strong>Pr\u00e9requis<\/strong> : Avoir un bon niveau de fran\u00e7ais &#8211; chercher \u00e0 enrichir son vocabulaire et approfondir la grammaire.<br \/>\n<strong>Handicap<\/strong> : Veuillez contacter la r\u00e9f\u00e9rente pour discuter d&rsquo;un possible am\u00e9nagement des cours.<br \/>\nSi vous \u00eates en situation d&rsquo;illettrisme, un module pr\u00e9paratoire \u00e0 la lecture vous est propos\u00e9 en amont de la formation certifiante.\u00a0<\/span><br \/>\n<span style=\"font-family: arial, helvetica, sans-serif; color: #000080;\"><strong>Tarif<\/strong> : 2500\u20ac \u00a0&#8211; <a href=\"https:\/\/www.moncompteformation.gouv.fr\/espace-prive\/html\/#\/formation\/recherche\/81794041400029_FLEA1A2\/81794041400029_FLEA1A2?contexteFormation=ACTIVITE_PROFESSIONNELLE\" target=\"_blank\" rel=\"noopener\">40 heures &#8211; Validit\u00e9 de l&rsquo;offre MCF : 15\/11\/2026 R\u00c9F\u00c9RENCE MCF<\/a> \u21d2 Votre temps d&rsquo;\u00e9tude autonome peut \u00eatre plus long pendant l&rsquo;acc\u00e8s \u00e0 la plateforme d&rsquo;\u00e9tude sans changement de tarif ni dur\u00e9e de formation!<br \/>\n<strong>Cours sur-mesure<\/strong> : Tous les parcours sont personnalisables aux besoins d\u00e9tect\u00e9s et au profil de l&rsquo;apprenant.<br \/>\nLe tarif peut varier pour \u00eatre adapt\u00e9 aux nouveaux param\u00e8tres en augmentant ou r\u00e9duisant le nombre des entretiens pr\u00e9sentiels et la dur\u00e9e de la formation.<br \/>\n<strong>Financement<\/strong> : tous dont le CPF<\/span><\/p>\n<\/div>\n<\/div>\n<p><span style=\"font-size: 16px; font-family: arial, helvetica, sans-serif; color: #000080;\"><img loading=\"lazy\" decoding=\"async\" class=\"alignnone wp-image-14157 aligncenter\" src=\"https:\/\/www.leslanguessansstress.fr\/wp-content\/uploads\/2022\/10\/Mon-compte-formation-CPF-les-langues-sans-stress-300x159.jpg\" alt=\"\" width=\"232\" height=\"123\" srcset=\"https:\/\/www.leslanguessansstress.fr\/wp-content\/uploads\/2022\/10\/Mon-compte-formation-CPF-les-langues-sans-stress-300x159.jpg 300w, https:\/\/www.leslanguessansstress.fr\/wp-content\/uploads\/2022\/10\/Mon-compte-formation-CPF-les-langues-sans-stress.jpg 646w\" sizes=\"auto, (max-width: 232px) 100vw, 232px\" \/><\/span><\/p>\n<h2 style=\"font-weight: 400;\"><span style=\"font-family: arial, helvetica, sans-serif; color: #0000ff; font-size: 24px;\">Pr\u00e9parez votre certification CLO\u00c9 d\u00e9veloppement du fran\u00e7ais FLE professionnel avec votre budget CPF \u00a0<\/span><\/h2>\n<p><span style=\"font-size: 16px;\"><span style=\"color: #000080; font-family: verdana, geneva, sans-serif;\">Ce parcours et \u00e9ligible au financement CPF depuis la plateforme MCF. Il inclut automatiquement la pr\u00e9paration et la pr\u00e9sentation au test de certification. Le stagiaire doit se pr\u00e9senter au test pour d\u00e9clencher le financement de sa formation continue professionnelle s&rsquo;il choisit d&rsquo;utiliser son budget CPF.<\/span><\/span><\/p>\n<p><span style=\"font-size: 16px;\"><span style=\"color: #000080; font-family: verdana, geneva, sans-serif;\">La dur\u00e9e de votre parcours, la fr\u00e9quence et le nombre des accompagnements pr\u00e9sentiels de la formatrice sont adaptables \u00e0 votre budget CPF et\/ou personnel. \u00a0<\/span><span style=\"color: #000080; font-family: verdana, geneva, sans-serif;\">Les parcours d&rsquo;entrainement sur plateforme vont de 3 \u00e0 6 mois. L&rsquo;accompagnement mixte ou individualis\u00e9 peut \u00eatre d\u00e9cal\u00e9 des dur\u00e9es impos\u00e9es par la plateforme d&rsquo;\u00e9tude : discutez-en avec nous en amont de la formation choisie.<\/span><\/span><\/p>\n","protected":false},"excerpt":{"rendered":"<p>Texte lu de pr\u00e9f\u00e9rence depuis un ordinateur FLE : Fran\u00e7ais d\u00e9butant pour s&rsquo;exprimer \u00e0 l&rsquo;oral<\/p>\n","protected":false},"author":1,"featured_media":10908,"comment_status":"closed","ping_status":"open","sticky":false,"template":"","format":"standard","meta":{"footnotes":""},"categories":[80,348,227],"tags":[575,574,553,613,373,626],"class_list":["post-18013","post","type-post","status-publish","format-standard","has-post-thumbnail","hentry","category-actualites","category-cpf-certificats","category-francais-fle","tag-certification","tag-cpf","tag-francais-fle","tag-preparation-test","tag-renforcement","tag-test-cloe"],"_links":{"self":[{"href":"https:\/\/www.leslanguessansstress.fr\/index.php\/wp-json\/wp\/v2\/posts\/18013","targetHints":{"allow":["GET"]}}],"collection":[{"href":"https:\/\/www.leslanguessansstress.fr\/index.php\/wp-json\/wp\/v2\/posts"}],"about":[{"href":"https:\/\/www.leslanguessansstress.fr\/index.php\/wp-json\/wp\/v2\/types\/post"}],"author":[{"embeddable":true,"href":"https:\/\/www.leslanguessansstress.fr\/index.php\/wp-json\/wp\/v2\/users\/1"}],"replies":[{"embeddable":true,"href":"https:\/\/www.leslanguessansstress.fr\/index.php\/wp-json\/wp\/v2\/comments?post=18013"}],"version-history":[{"count":7,"href":"https:\/\/www.leslanguessansstress.fr\/index.php\/wp-json\/wp\/v2\/posts\/18013\/revisions"}],"predecessor-version":[{"id":18108,"href":"https:\/\/www.leslanguessansstress.fr\/index.php\/wp-json\/wp\/v2\/posts\/18013\/revisions\/18108"}],"wp:featuredmedia":[{"embeddable":true,"href":"https:\/\/www.leslanguessansstress.fr\/index.php\/wp-json\/wp\/v2\/media\/10908"}],"wp:attachment":[{"href":"https:\/\/www.leslanguessansstress.fr\/index.php\/wp-json\/wp\/v2\/media?parent=18013"}],"wp:term":[{"taxonomy":"category","embeddable":true,"href":"https:\/\/www.leslanguessansstress.fr\/index.php\/wp-json\/wp\/v2\/categories?post=18013"},{"taxonomy":"post_tag","embeddable":true,"href":"https:\/\/www.leslanguessansstress.fr\/index.php\/wp-json\/wp\/v2\/tags?post=18013"}],"curies":[{"name":"wp","href":"https:\/\/api.w.org\/{rel}","templated":true}]}}