{"id":18009,"date":"2025-06-18T17:59:36","date_gmt":"2025-06-18T15:59:36","guid":{"rendered":"https:\/\/www.leslanguessansstress.fr\/?p=18009"},"modified":"2025-06-22T07:43:02","modified_gmt":"2025-06-22T05:43:02","slug":"francais-niveau-4-enrichissement-certificat-le-robert","status":"publish","type":"post","link":"https:\/\/www.leslanguessansstress.fr\/index.php\/2025\/06\/18\/francais-niveau-4-enrichissement-certificat-le-robert\/","title":{"rendered":"4 Fran\u00e7ais &#8211; Le Robert"},"content":{"rendered":"<p style=\"font-weight: 400;\"><span style=\"font-family: arial, helvetica, sans-serif; color: #000080; font-size: 24px;\"><span style=\"font-size: 8px;\">Texte lu de pr\u00e9f\u00e9rence depuis un ordinateur<\/span><\/span><\/p>\n<p><span style=\"font-family: arial, helvetica, sans-serif; color: #000080; font-size: 24px;\"><img loading=\"lazy\" decoding=\"async\" class=\"alignnone wp-image-14383 aligncenter\" src=\"https:\/\/www.leslanguessansstress.fr\/wp-content\/uploads\/2022\/10\/QUALIOPI-action-de-formation-renouvele\u0301-20221009-Les-langues-sans-stress--300x193.jpg\" alt=\"\" width=\"194\" height=\"125\" srcset=\"https:\/\/www.leslanguessansstress.fr\/wp-content\/uploads\/2022\/10\/QUALIOPI-action-de-formation-renouvele\u0301-20221009-Les-langues-sans-stress--300x193.jpg 300w, https:\/\/www.leslanguessansstress.fr\/wp-content\/uploads\/2022\/10\/QUALIOPI-action-de-formation-renouvele\u0301-20221009-Les-langues-sans-stress--1024x660.jpg 1024w, https:\/\/www.leslanguessansstress.fr\/wp-content\/uploads\/2022\/10\/QUALIOPI-action-de-formation-renouvele\u0301-20221009-Les-langues-sans-stress--768x495.jpg 768w, https:\/\/www.leslanguessansstress.fr\/wp-content\/uploads\/2022\/10\/QUALIOPI-action-de-formation-renouvele\u0301-20221009-Les-langues-sans-stress-.jpg 1504w\" sizes=\"auto, (max-width: 194px) 100vw, 194px\" \/><\/span><\/p>\n<h1 style=\"font-weight: 400;\"><span style=\"font-family: arial, helvetica, sans-serif; color: #0000ff; font-size: 20px;\">Fran\u00e7ais : approfondir la grammaire et enrichir son vocabulaire\u00a0<\/span><\/h1>\n<div class=\"mcf-title-and-illustration-wrapper\">\n<div class=\"mcf-card-title-wrapper\">\n<h3 class=\"mcf-card-title-subwrapper\"><span style=\"color: #000080; font-family: arial, helvetica, sans-serif;\">Objectif<\/span><\/h3>\n<\/div>\n<\/div>\n<p><span style=\"font-family: arial, helvetica, sans-serif; color: #000080;\">Suivre et terminer le niveau de parcours attribu\u00e9 apr\u00e8s avoir pass\u00e9 l\u2019\u00e9valuation diagnostique Orthodidacte. <\/span><br \/>\n<span style=\"font-family: arial, helvetica, sans-serif; color: #000080;\">Approfondir les r\u00e8gles de grammaire. <\/span><br \/>\n<span style=\"font-family: arial, helvetica, sans-serif; color: #000080;\">Enrichir son vocabulaire faire courant et des affaires. <\/span><br \/>\n<span style=\"font-family: arial, helvetica, sans-serif; color: #000080;\">Gagner en autonomie et en confiance dans les \u00e9crits professionnels et personnels (e-mails, courriers, rapports, r\u00e9seaux sociaux\u2026). Attester de ses comp\u00e9tences en fran\u00e7ais \u00e9crit avec la Certification Le Robert.<\/span><\/p>\n<h3><span style=\"color: #000080; font-family: arial, helvetica, sans-serif;\"> Les points forts<\/span><\/h3>\n<p><span style=\"font-family: arial, helvetica, sans-serif; color: #000080;\">Parcours personnalisable \u00e0 votre profil d&rsquo;apprenant et besoins d\u00e9cel\u00e9s pour aller droit au but sans perdre de temps \u00e0 r\u00e9viser ce que vous connaissez. Formatrice patiente et enjou\u00e9e. Hypnose et activit\u00e9s ludiques cibl\u00e9es \u00ab\u00a0peur\u00a0\u00bb\/erreurs r\u00e9currentes.<\/span><\/p>\n<p><span style=\"color: #000080; font-family: arial, helvetica, sans-serif;\">Contenu<\/span><\/p>\n<p><span style=\"font-family: arial, helvetica, sans-serif; color: #000080;\">\u2013 Plateforme Orthodidacte formation e-learning d\u00e9di\u00e9e \u00e0 la langue fran\u00e7aise <\/span><br \/>\n<span style=\"font-family: arial, helvetica, sans-serif; color: #000080;\">\u2013 Diagnostic initial en 140 questions <\/span><br \/>\n<span style=\"font-family: arial, helvetica, sans-serif; color: #000080;\">\u2013 Parcours guid\u00e9 au travers de 15 000 questions avec 10 formes d\u2019exercices diff\u00e9rentes <\/span><br \/>\n<span style=\"font-family: arial, helvetica, sans-serif; color: #000080;\">\u2013 Biblioth\u00e8que de cours et exercices en acc\u00e8s libre \u2013 9 comp\u00e9tences, 45 sous-comp\u00e9tences et 275 th\u00e8mes abord\u00e9s <\/span><br \/>\n<span style=\"font-family: arial, helvetica, sans-serif; color: #000080;\">\u2013 200 vid\u00e9os et jeux.<\/span><br \/>\n<span style=\"font-family: arial, helvetica, sans-serif; color: #000080;\">\u2013 Accompagnement pr\u00e9sentiel individualis\u00e9 et mixte mini groupe en atelier. <\/span><br \/>\n<span style=\"font-family: arial, helvetica, sans-serif; color: #000080;\">\u2013 Annales de plusieurs tests Le Robert accessibles apr\u00e8s la fin du programme \u00e9tudi\u00e9. <\/span><\/p>\n<p><span style=\"font-family: arial, helvetica, sans-serif; color: #000080;\">PROGRAMME DU PARCOURS ==&gt; Identifier le genre des noms et \u00e9crire correctement les mots (singulier et pluriel, masculin et f\u00e9minin). <\/span><br \/>\n<span style=\"font-family: arial, helvetica, sans-serif; color: #000080;\">Diff\u00e9rencier et \u00e9crire correctement les homophones lexicaux et grammaticaux. Conjuguer correctement les verbes en respectant les temps et les modes de la conjugaison. <\/span><br \/>\n<span style=\"font-family: arial, helvetica, sans-serif; color: #000080;\">Respecter les r\u00e8gles d\u2019accord (participe pass\u00e9, accord sujet-verbe, groupe du nom). Attribuer aux mots leur sens commun\u00e9ment admis. Employer le registre de langage appropri\u00e9 \u00e0 la situation de r\u00e9daction. <\/span><br \/>\n<span style=\"font-family: arial, helvetica, sans-serif; color: #000080;\">Construire des phrases en employant les mots-outils ad\u00e9quats. Enrichir ses \u00e9crits en variant son style et la structure de ses phrases. Construire des phrases grammaticalement correctes. +++++++ Soutien individualis\u00e9 de la formatrice selon le nombre d&rsquo;entretiens et la fr\u00e9quence choisis (\u00e0 d\u00e9cider en amont du contrat, pensez \u00e0 nous consulter avec votre projet pour de plus amples informations sur les parcours propos\u00e9s et personnalis\u00e9s \u00e0 vos besoins et profil d&rsquo;apprenant). <\/span><br \/>\n<span style=\"font-family: arial, helvetica, sans-serif; color: #000080;\">Pr\u00e9paration au test avec s\u00e9ances antistress cibl\u00e9es. Inscription et passage du test \u00e9crit en ligne.<\/span><\/p>\n<div class=\"mcf-title-and-illustration-wrapper\">\n<div class=\"mcf-card-title-wrapper\">\n<h3 class=\"mcf-card-title-subwrapper\"><span style=\"font-family: arial, helvetica, sans-serif; color: #000080;\">R\u00e9sultats attendus<\/span><\/h3>\n<\/div>\n<\/div>\n<p><span style=\"font-family: arial, helvetica, sans-serif; color: #000080;\">Valider une progression entre le d\u00e9but et la fin de votre formation selon les le\u00e7ons suivies. <\/span><br \/>\n<span style=\"font-family: arial, helvetica, sans-serif; color: #000080;\">Reprendre confiance en soi en am\u00e9liorant son expression \u00e9crite au quotidien et dans les \u00e9changes professionnels. <\/span><br \/>\n<span style=\"font-family: arial, helvetica, sans-serif; color: #000080;\">Identifier le genre des noms et \u00e9crire correctement les mots (singulier et pluriel, masculin et f\u00e9minin). <\/span><br \/>\n<span style=\"font-family: arial, helvetica, sans-serif; color: #000080;\">Diff\u00e9rencier et \u00e9crire correctement les homophones lexicaux et grammaticaux. <\/span><br \/>\n<span style=\"font-family: arial, helvetica, sans-serif; color: #000080;\">Conjuguer correctement les verbes en respectant les temps et les modes de la conjugaison. <\/span><br \/>\n<span style=\"font-family: arial, helvetica, sans-serif; color: #000080;\">Respecter les r\u00e8gles d\u2019accord (participe pass\u00e9, accord sujet-verbe, groupe du nom). <\/span><br \/>\n<span style=\"font-family: arial, helvetica, sans-serif; color: #000080;\">Attribuer aux mots leur sens commun\u00e9ment admis. <\/span><br \/>\n<span style=\"font-family: arial, helvetica, sans-serif; color: #000080;\">Employer le registre de langage appropri\u00e9 \u00e0 la situation de r\u00e9daction. <\/span><br \/>\n<span style=\"font-family: arial, helvetica, sans-serif; color: #000080;\">Construire des phrases en employant les mots-outils ad\u00e9quats. <\/span><br \/>\n<span style=\"font-family: arial, helvetica, sans-serif; color: #000080;\">Enrichir ses \u00e9crits en variant son style et la structure de ses phrases. <\/span><br \/>\n<span style=\"font-family: arial, helvetica, sans-serif; color: #000080;\">Construire des phrases grammaticalement correctes. <\/span><br \/>\n<span style=\"font-family: arial, helvetica, sans-serif; color: #000080;\">Pr\u00e9paration \u00e0 la passation sans stress du test de certification en ligne selon son niveau personnel et la dur\u00e9e r\u00e9elle de son \u00e9tude individuelle.<\/span><\/p>\n<h3><span style=\"font-family: arial, helvetica, sans-serif; color: #000080;\">Public<\/span><\/h3>\n<p><span style=\"font-family: arial, helvetica, sans-serif; color: #000080;\">Un parcours pour les personnes dont le fran\u00e7ais est la langue maternelle ou une seconde langue couramment utilis\u00e9e \u00e0 l&rsquo;\u00e9crit et qui cherche \u00e0 enrichir leurs connaissances. \u00a0\u00a0<\/span><\/p>\n<p><span style=\"color: #000080; font-family: arial, helvetica, sans-serif;\"><img loading=\"lazy\" decoding=\"async\" class=\"alignnone wp-image-15311 aligncenter\" src=\"https:\/\/www.leslanguessansstress.fr\/wp-content\/uploads\/2023\/08\/France-Competences-300x86.jpg\" alt=\"\" width=\"471\" height=\"135\" srcset=\"https:\/\/www.leslanguessansstress.fr\/wp-content\/uploads\/2023\/08\/France-Competences-300x86.jpg 300w, https:\/\/www.leslanguessansstress.fr\/wp-content\/uploads\/2023\/08\/France-Competences.jpg 708w\" sizes=\"auto, (max-width: 471px) 100vw, 471px\" \/><\/span><\/p>\n<h3><span style=\"color: #000080; font-family: arial, helvetica, sans-serif;\">MODALIT\u00c9S<\/span><\/h3>\n<div class=\"mcf-title-and-illustration-wrapper\">\n<div class=\"mcf-card-title-wrapper\">\n<p class=\"mcf-card-title-subwrapper\"><span style=\"font-family: arial, helvetica, sans-serif; color: #000080;\"><strong>Langue<\/strong> : Fran\u00e7ais <\/span><br \/>\n<span style=\"font-family: arial, helvetica, sans-serif; color: #000080;\">Ce Cours se d\u00e9roule enti\u00e8rement en langue fran\u00e7aise<br \/>\n<strong>Pr\u00e9requis<\/strong> : Avoir un bon niveau de fran\u00e7ais &#8211; chercher \u00e0 enrichir son vocabulaire et approfondir la grammaire.<br \/>\n<strong>Handicap<\/strong> : Veuillez contacter la r\u00e9f\u00e9rente pour discuter d&rsquo;un possible am\u00e9nagement des cours.<br \/>\nSi vous \u00eates en situation d&rsquo;illettrisme, un module pr\u00e9paratoire \u00e0 la lecture vous est propos\u00e9 en amont de la formation certifiante.\u00a0<\/span><br \/>\n<span style=\"font-family: arial, helvetica, sans-serif; color: #000080;\"><strong>Tarif<\/strong> : 1500\u20ac 19 heures &#8211; <a style=\"color: #000080;\" href=\"https:\/\/www.moncompteformation.gouv.fr\/espace-prive\/html\/#\/formation\/recherche\/81794041400029_FRFLM\/81794041400029_FRFLM?contexteFormation=ACTIVITE_PROFESSIONNELLE\" target=\"_blank\" rel=\"noopener\">Validit\u00e9 de l&rsquo;offre MCF : 31-01-2030 R\u00c9F\u00c9RENCE MCF<\/a> \u21d2 Votre temps d&rsquo;\u00e9tude autonome peut \u00eatre plus long pendant l&rsquo;acc\u00e8s \u00e0 la plateforme d&rsquo;\u00e9tude sans changement de tarif ni dur\u00e9e de formation!<br \/>\n<strong>Cours sur-mesure<\/strong> : Tous les parcours sont personnalisables aux besoins d\u00e9tect\u00e9s et au profil de l&rsquo;apprenant.<br \/>\nLe tarif peut varier pour \u00eatre adapt\u00e9 aux nouveaux param\u00e8tres en augmentant ou r\u00e9duisant le nombre des entretiens pr\u00e9sentiels et la dur\u00e9e de la formation.<br \/>\n<strong>Financement<\/strong> : tous dont le CPF<\/span><\/p>\n<\/div>\n<\/div>\n<p><span style=\"font-size: 16px; font-family: arial, helvetica, sans-serif; color: #000080;\"><img loading=\"lazy\" decoding=\"async\" class=\"alignnone wp-image-14157 aligncenter\" src=\"https:\/\/www.leslanguessansstress.fr\/wp-content\/uploads\/2022\/10\/Mon-compte-formation-CPF-les-langues-sans-stress-300x159.jpg\" alt=\"\" width=\"232\" height=\"123\" srcset=\"https:\/\/www.leslanguessansstress.fr\/wp-content\/uploads\/2022\/10\/Mon-compte-formation-CPF-les-langues-sans-stress-300x159.jpg 300w, https:\/\/www.leslanguessansstress.fr\/wp-content\/uploads\/2022\/10\/Mon-compte-formation-CPF-les-langues-sans-stress.jpg 646w\" sizes=\"auto, (max-width: 232px) 100vw, 232px\" \/><\/span><\/p>\n<h2 style=\"font-weight: 400;\"><span style=\"font-family: arial, helvetica, sans-serif; color: #0000ff; font-size: 24px;\">Pr\u00e9parez votre certification le Robert perfectionnement du fran\u00e7ais \u00e9crit sur plateforme Orthodidacte avec votre budget CPF \u00a0<\/span><\/h2>\n<p><span style=\"font-size: 16px;\"><span style=\"color: #000080; font-family: verdana, geneva, sans-serif;\">Ce parcours et \u00e9ligible au financement CPF depuis la plateforme MCF. Il inclut automatiquement la pr\u00e9paration et la pr\u00e9sentation au test de certification. Le stagiaire doit se pr\u00e9senter au test pour d\u00e9clencher le financement de sa formation continue professionnelle s&rsquo;il choisit d&rsquo;utiliser son budget CPF.<\/span><\/span><\/p>\n<p><span style=\"font-size: 16px;\"><span style=\"color: #000080; font-family: verdana, geneva, sans-serif;\">La dur\u00e9e de votre parcours, la fr\u00e9quence et le nombre des accompagnements pr\u00e9sentiels de la formatrice sont adaptables \u00e0 votre budget CPF et\/ou personnel. \u00a0<\/span><span style=\"color: #000080; font-family: verdana, geneva, sans-serif;\">Les parcours d&rsquo;entrainement sur plateforme ORTHODIDACTE vont de 3 \u00e0 6 voire 12 mois. L&rsquo;accompagnement mixte ou individualis\u00e9 peut \u00eatre d\u00e9cal\u00e9 des dur\u00e9es impos\u00e9es par la plateforme d&rsquo;\u00e9tude Orthodidacte : discutez-en avec nous en amont de la formation choisie.<\/span><\/span><\/p>\n","protected":false},"excerpt":{"rendered":"<p>Texte lu de pr\u00e9f\u00e9rence depuis un ordinateur Fran\u00e7ais : approfondir la grammaire et enrichir son<\/p>\n","protected":false},"author":1,"featured_media":0,"comment_status":"closed","ping_status":"open","sticky":false,"template":"","format":"standard","meta":{"footnotes":""},"categories":[80,348,227],"tags":[651,666,692,420],"class_list":["post-18009","post","type-post","status-publish","format-standard","hentry","category-actualites","category-cpf-certificats","category-francais-fle","tag-certificat-le-robert","tag-financement-cpf","tag-francais-ecrit","tag-francais-perfectionnement"],"_links":{"self":[{"href":"https:\/\/www.leslanguessansstress.fr\/index.php\/wp-json\/wp\/v2\/posts\/18009","targetHints":{"allow":["GET"]}}],"collection":[{"href":"https:\/\/www.leslanguessansstress.fr\/index.php\/wp-json\/wp\/v2\/posts"}],"about":[{"href":"https:\/\/www.leslanguessansstress.fr\/index.php\/wp-json\/wp\/v2\/types\/post"}],"author":[{"embeddable":true,"href":"https:\/\/www.leslanguessansstress.fr\/index.php\/wp-json\/wp\/v2\/users\/1"}],"replies":[{"embeddable":true,"href":"https:\/\/www.leslanguessansstress.fr\/index.php\/wp-json\/wp\/v2\/comments?post=18009"}],"version-history":[{"count":4,"href":"https:\/\/www.leslanguessansstress.fr\/index.php\/wp-json\/wp\/v2\/posts\/18009\/revisions"}],"predecessor-version":[{"id":18110,"href":"https:\/\/www.leslanguessansstress.fr\/index.php\/wp-json\/wp\/v2\/posts\/18009\/revisions\/18110"}],"wp:attachment":[{"href":"https:\/\/www.leslanguessansstress.fr\/index.php\/wp-json\/wp\/v2\/media?parent=18009"}],"wp:term":[{"taxonomy":"category","embeddable":true,"href":"https:\/\/www.leslanguessansstress.fr\/index.php\/wp-json\/wp\/v2\/categories?post=18009"},{"taxonomy":"post_tag","embeddable":true,"href":"https:\/\/www.leslanguessansstress.fr\/index.php\/wp-json\/wp\/v2\/tags?post=18009"}],"curies":[{"name":"wp","href":"https:\/\/api.w.org\/{rel}","templated":true}]}}