{"id":17925,"date":"2025-12-27T16:35:07","date_gmt":"2025-12-27T15:35:07","guid":{"rendered":"https:\/\/www.leslanguessansstress.fr\/?p=17925"},"modified":"2025-12-28T20:01:49","modified_gmt":"2025-12-28T19:01:49","slug":"reussir-sa-prise-de-parole-en-public","status":"publish","type":"post","link":"https:\/\/www.leslanguessansstress.fr\/index.php\/2025\/12\/27\/reussir-sa-prise-de-parole-en-public\/","title":{"rendered":"R\u00e9ussir sa prise de parole en public"},"content":{"rendered":"<h1 style=\"font-weight: 400;\"><span style=\"font-family: verdana, geneva, sans-serif; color: #993300; font-size: 20px;\">R\u00e9ussir \u00e0 parler en public avec assurance en 5 langues sans stress<\/span><\/h1>\n<p><span style=\"font-family: verdana, geneva, sans-serif; color: #000080;\">Vous connaissez votre sujet sur le bout des doigts, vous avez appris le vocabulaire et r\u00e9vis\u00e9 les notions de grammaire, mais au moemnt de faire une pr\u00e9sentation en italien, inviter un partenaire professionnel \u00e0 partager une Visio en anglais ou d&rsquo;assouvir votre envie d&rsquo;exprimer votre opinion en r\u00e9union face \u00e0 des Espagnols ou en classe de langues, vous perdez tout controle d\u00e8s qu&rsquo;il faut parler en public, quelle que soit la langue et le nombre de personnes face \u00e0 vous, fran\u00e7aises ou \u00e9trang\u00e8res.\u00a0<\/span><\/p>\n<p><span style=\"font-family: verdana, geneva, sans-serif; color: #000080;\">Au moment de prendre la parole face \u00e0 un public connu ou inconnu, la peur qui monte, les palpitations avec des sueurs froides trempent votre dos et vos paumes de main, et au moment de vous exprimer&#8230; la bouche s\u00e8che, les cordes vocales nou\u00e9es\u2026 Et votre stress grandit rien qu&rsquo;\u00e0 l\u2019id\u00e9e de passer un appel t\u00e9l\u00e9phonique ou de parler dans une r\u00e9union avec des coll\u00e8gues pourtant bien sympathiques&#8230;<\/span><\/p>\n<p><img loading=\"lazy\" decoding=\"async\" class=\"alignnone size-medium wp-image-14125 aligncenter\" src=\"https:\/\/www.leslanguessansstress.fr\/wp-content\/uploads\/2022\/10\/programme-adapte-a-5-langues-sans-stress-CPF-300x35.jpg\" alt=\"\" width=\"300\" height=\"35\" srcset=\"https:\/\/www.leslanguessansstress.fr\/wp-content\/uploads\/2022\/10\/programme-adapte-a-5-langues-sans-stress-CPF-300x35.jpg 300w, https:\/\/www.leslanguessansstress.fr\/wp-content\/uploads\/2022\/10\/programme-adapte-a-5-langues-sans-stress-CPF.jpg 702w\" sizes=\"auto, (max-width: 300px) 100vw, 300px\" \/><\/p>\n<p><span style=\"color: #000080; font-family: verdana, geneva, sans-serif;\">Cette s\u00e9ance d&rsquo;hypnose avec visualisation permissive a \u00e9t\u00e9 cr\u00e9\u00e9e pour travailler votre approche de la prise de parole dans une langue \u00e9trang\u00e8re ou en fran\u00e7ais, selon votre niveau dans la langue d&rsquo;\u00e9tude, afin de vous faire prendre confiance en vous et vos connaissances face \u00e0 l&rsquo;interlocuteur esseul\u00e9\u00a0ou un large public \u00e0 qui vous vous <span style=\"caret-color: #000080;\">adressez <\/span>en fran\u00e7ais ou en anglais, allemand, espagnol, italien. \u00a0<\/span><\/p>\n<p><span style=\"color: #000080; font-family: verdana, geneva, sans-serif;\">Con\u00e7ue pour un public adulte ou enfant, cette s\u00e9ance de visualisation sous hypnose permissive vous aide \u00e0 vous d\u00e9barrasser de cette glossophobie envahissante et prendre plaisir \u00e0 discuter ou \u00e0 s&rsquo;exprimer sur un sujet d&rsquo;int\u00e9r\u00eat \u00e0 voix haute, quel que soit le contexte.\u00a0<\/span><\/p>\n<p><span style=\"font-family: verdana, geneva, sans-serif; color: #000080;\">Nos prestations antistress pendant les cours de langues et entretiens individuels vous feront retrouver la s\u00e9r\u00e9nit\u00e9 pour prendre l&rsquo;assurance n\u00e9cessaire face \u00e0 votre interlocuteur afin de parler en public avec confiance et aplomb. <\/span><\/p>\n<p><span style=\"font-family: verdana, geneva, sans-serif; color: #000080;\">N&rsquo;h\u00e9sitez pas \u00e0 mentionner votre difficult\u00e9 pour un accompagnement personnalis\u00e9 par la formatrice.<\/span><\/p>\n<h1 style=\"text-align: center;\"><img loading=\"lazy\" decoding=\"async\" class=\"alignnone size-medium wp-image-14452\" src=\"https:\/\/www.leslanguessansstress.fr\/wp-content\/uploads\/2022\/04\/offre-prestations-Les-langues-sans-stress-300x209.jpg\" alt=\"\" width=\"300\" height=\"209\" srcset=\"https:\/\/www.leslanguessansstress.fr\/wp-content\/uploads\/2022\/04\/offre-prestations-Les-langues-sans-stress-300x209.jpg 300w, https:\/\/www.leslanguessansstress.fr\/wp-content\/uploads\/2022\/04\/offre-prestations-Les-langues-sans-stress.jpg 606w\" sizes=\"auto, (max-width: 300px) 100vw, 300px\" \/><\/h1>\n<h1 style=\"font-weight: 400;\"><span style=\"font-family: verdana, geneva, sans-serif; color: #993300; font-size: 20px;\">L&rsquo;imagerie guid\u00e9e pour parler avec assurance dans la langue de votre choix<\/span><\/h1>\n<p><span style=\"font-family: verdana, geneva, sans-serif; color: #000080;\">Pendant nos s\u00e9ances de relaxation, vous allez apprendre par imagerie guid\u00e9e comment appr\u00e9hender une situation angoissante qui vient souvent de la peur de l\u2019inconnu ou d&rsquo;un manque de confiance en soi et de pens\u00e9es n\u00e9gatives intrusives qu&rsquo;on a plac\u00e9 dans votre esprit telles que \u00ab\u00a0c&rsquo;est trop difficile, tu n&rsquo;y arriveras jamais\u00a0\u00bb, \u00ab\u00a0tu n&rsquo;as pas les capacit\u00e9s de&#8230; ou d&rsquo;un tel autre&#8230;\u00a0\u00bb, \u00ab\u00a0Si moi je ne peux pas, toi non plus\u00a0\u00bb, \u00ab\u00a0Ce sont tous des requins, ils vont te manger tout cru\u00a0\u00bb, etc&#8230;<\/span><\/p>\n<p><span style=\"font-family: verdana, geneva, sans-serif; color: #000080;\">Si vous avez cette phobie, vous allez commencer par une s\u00e9ance de relaxation et \u00e9couter la situation v\u00e9cue par quelqu&rsquo;un d&rsquo;autre puis vous entrerez dans la peau de ce quelqu&rsquo;un d&rsquo;autre pour vous rapprocher petit-\u00e0-petit de ce contexte qui n&rsquo;aura plus d&rsquo;impact sur vous, car cette histoire tr\u00e8s \u00e9loign\u00e9e ne vous concerne pas.\u00a0<\/span><br \/>\n<span style=\"font-family: verdana, geneva, sans-serif; color: #000080;\">Selon votre profil, vos besoins, vous appendrez \u00e0 prendre confiance en vous et \u00e0 mieux estimer vos capacit\u00e9s et comp\u00e9tences r\u00e9elles, parfois mal jug\u00e9es!<\/span><\/p>\n<p><span style=\"font-family: verdana, geneva, sans-serif; color: #000080;\">Vous allez apprendre par les biais d&rsquo;activit\u00e9s ludiques \u00e0 prendre la parole sans m\u00eame vous en rendre compte et si votre peur est omnipr\u00e9sente, un peu d&rsquo;hypnose de relaxation et une th\u00e9rapie br\u00e8ve ax\u00e9e sur le sujet de vos angoisses vous aidera \u00e0 relever le d\u00e9fi \u00e0 votre rythme, aid\u00e9 par la pr\u00e9paration mentale et formatrice certifi\u00e9e en langues.<\/span><\/p>\n<p>&nbsp;<\/p>\n<p><span style=\"font-family: verdana, geneva, sans-serif; color: #000080;\">Et si vous n&rsquo;avez besoin que de prendre confiance en vous face \u00e0 un public fran\u00e7ais, <a href=\"https:\/\/au-top-sans-stress.fr\/2025\/12\/28\/927\/\" target=\"_blank\" rel=\"noopener\">c&rsquo;est par ici<\/a>.<\/span><\/p>\n<p>&nbsp;<\/p>\n<p><span style=\"font-family: verdana, geneva, sans-serif; color: #000080;\"><strong>S\u00e9ances faciles \u00e0 mettre en place<\/strong> :<\/span><\/p>\n<ul>\n<li><span style=\"font-family: verdana, geneva, sans-serif; color: #000080;\">G\u00e9rer une mont\u00e9e de stress ou panique<\/span><\/li>\n<li><span style=\"font-family: verdana, geneva, sans-serif; color: #000080;\">Apprendre des techniques de respiration antistress simples et efficaces \u00a0<\/span><\/li>\n<li><span style=\"font-family: verdana, geneva, sans-serif; color: #000080;\">Visualiser une image apaisante et vivre un moment de bien\u00eatre <\/span><\/li>\n<li><span style=\"font-family: verdana, geneva, sans-serif; color: #000080;\">Ne plus avoir peur du regard des autres <\/span><\/li>\n<li><span style=\"font-family: verdana, geneva, sans-serif; color: #000080;\">Ne plus penser qu&rsquo;on est &lsquo;nul&rsquo; ou &lsquo;bon \u00e0 rien&rsquo;<\/span><\/li>\n<li><span style=\"font-family: verdana, geneva, sans-serif; color: #000080;\">Lutter contre le syndrome de l\u2019imposteur<\/span><\/li>\n<li><span style=\"font-family: verdana, geneva, sans-serif; color: #000080;\">D\u00e9passer la peur de l\u2019\u00e9chec et accepter de faire des erreurs <\/span><\/li>\n<li><span style=\"font-family: verdana, geneva, sans-serif; color: #000080;\">Parler en public <\/span><\/li>\n<li><span style=\"font-family: verdana, geneva, sans-serif; color: #000080;\">Parler dans une langue \u00e9trang\u00e8re<\/span><\/li>\n<li><span style=\"font-family: verdana, geneva, sans-serif; color: #000080;\">Apprendre une langue \u00e9trang\u00e8re<\/span><\/li>\n<li><span style=\"color: #000080; font-family: verdana, geneva, sans-serif;\"><span style=\"caret-color: #000080;\">M\u00e9moriser <\/span><\/span><\/li>\n<li><span style=\"color: #000080; font-family: verdana, geneva, sans-serif;\"><span style=\"caret-color: #000080;\">Ne plus remettre \u00e0 demain <\/span><\/span><\/li>\n<li><span style=\"color: #000080; font-family: verdana, geneva, sans-serif;\"><span style=\"caret-color: #000080;\">Se d\u00e9tacher d&rsquo;une situation pos\u00e9e de harc\u00e8lement\u00a0<\/span><\/span><\/li>\n<li><span style=\"font-family: verdana, geneva, sans-serif; color: #000080;\"> Visualiser votre intervention en public<\/span><\/li>\n<li><span style=\"color: #000080; font-family: verdana, geneva, sans-serif;\">Retrouver le calme et la s\u00e9r\u00e9nit\u00e9 en planifiant votre pr\u00e9sentation ou appel t\u00e9l\u00e9phonique, entretien d&#8217;embauche, test oral<\/span><\/li>\n<li><span style=\"color: #000080; font-family: verdana, geneva, sans-serif;\">&#8230;<\/span><\/li>\n<\/ul>\n<p><span style=\"color: #000080; font-family: verdana, geneva, sans-serif;\">Avec votre accompagnatrice certifi\u00e9e en pr\u00e9paration mentale et formatrice, ENTRAINEZ-VOUS, mettez en pratique conseils et trucs antistress mais aussi vos cours de langues pour prendre confiance et communiquer \u00e0 l&rsquo;instinct, sans traduire ni perdre le fil de la conversation, et toujours \u00e0 votre niveau d&rsquo;\u00e9tude plut\u00f4t qu&rsquo;\u00e0 celui de votre interlocuteur. Vous verrez, c&rsquo;est un atout fantastique et vous vous sentirez bient\u00f4t plus libre de vous exprimer \u00e0 l&rsquo;oral, en fran\u00e7ais et dans votre langue d&rsquo;\u00e9tude, le cas \u00e9ch\u00e9ant. Nous proposons aussi des cours de langue sous hypnose et des formations avec dialogues entre locuteurs natifs sous hypnose automatis\u00e9e. <\/span><\/p>\n<p><span style=\"color: #000080; font-family: verdana, geneva, sans-serif;\"><span style=\"text-decoration: underline;\"><a href=\"https:\/\/www.leslanguessansstress.fr\/index.php\/prix-financement\/\" target=\"_blank\" rel=\"noopener\">Information prix et prise de contact<\/a> pour un entretien confidentiel<\/span>.<\/span><\/p>\n","protected":false},"excerpt":{"rendered":"<p>R\u00e9ussir \u00e0 parler en public avec assurance en 5 langues sans stress Vous connaissez votre<\/p>\n","protected":false},"author":1,"featured_media":11153,"comment_status":"closed","ping_status":"open","sticky":false,"template":"","format":"standard","meta":{"footnotes":""},"categories":[543,544,132],"tags":[211,279,347,202,706],"class_list":["post-17925","post","type-post","status-publish","format-standard","has-post-thumbnail","hentry","category-gestion-du-stress","category-methode","category-relaxation","tag-gestion-du-stress","tag-hypnose","tag-langues","tag-perfectionnement","tag-prise-de-parole-en-public"],"_links":{"self":[{"href":"https:\/\/www.leslanguessansstress.fr\/index.php\/wp-json\/wp\/v2\/posts\/17925","targetHints":{"allow":["GET"]}}],"collection":[{"href":"https:\/\/www.leslanguessansstress.fr\/index.php\/wp-json\/wp\/v2\/posts"}],"about":[{"href":"https:\/\/www.leslanguessansstress.fr\/index.php\/wp-json\/wp\/v2\/types\/post"}],"author":[{"embeddable":true,"href":"https:\/\/www.leslanguessansstress.fr\/index.php\/wp-json\/wp\/v2\/users\/1"}],"replies":[{"embeddable":true,"href":"https:\/\/www.leslanguessansstress.fr\/index.php\/wp-json\/wp\/v2\/comments?post=17925"}],"version-history":[{"count":5,"href":"https:\/\/www.leslanguessansstress.fr\/index.php\/wp-json\/wp\/v2\/posts\/17925\/revisions"}],"predecessor-version":[{"id":18856,"href":"https:\/\/www.leslanguessansstress.fr\/index.php\/wp-json\/wp\/v2\/posts\/17925\/revisions\/18856"}],"wp:featuredmedia":[{"embeddable":true,"href":"https:\/\/www.leslanguessansstress.fr\/index.php\/wp-json\/wp\/v2\/media\/11153"}],"wp:attachment":[{"href":"https:\/\/www.leslanguessansstress.fr\/index.php\/wp-json\/wp\/v2\/media?parent=17925"}],"wp:term":[{"taxonomy":"category","embeddable":true,"href":"https:\/\/www.leslanguessansstress.fr\/index.php\/wp-json\/wp\/v2\/categories?post=17925"},{"taxonomy":"post_tag","embeddable":true,"href":"https:\/\/www.leslanguessansstress.fr\/index.php\/wp-json\/wp\/v2\/tags?post=17925"}],"curies":[{"name":"wp","href":"https:\/\/api.w.org\/{rel}","templated":true}]}}