{"id":17728,"date":"2026-04-02T10:00:30","date_gmt":"2026-04-02T08:00:30","guid":{"rendered":"https:\/\/www.leslanguessansstress.fr\/?p=17728"},"modified":"2026-04-16T12:25:36","modified_gmt":"2026-04-16T10:25:36","slug":"asso","status":"publish","type":"post","link":"https:\/\/www.leslanguessansstress.fr\/index.php\/2026\/04\/02\/asso\/","title":{"rendered":"Asso&rsquo; Les Langues Sans Stress"},"content":{"rendered":"<div class=\"ydp36a7da08yiv1212625481WordSection1\">\n<h1 style=\"font-weight: 400;\"><span style=\"color: #ff6600; font-size: 24px; font-family: verdana, geneva, sans-serif;\">Association Les langues sans stress <\/span><\/h1>\n<p style=\"font-weight: 400;\"><span style=\"color: #000080; font-size: 16px; font-family: verdana, geneva, sans-serif;\">Ouverte au particulier, \u00a0groupe d&rsquo;amis ou la famille qui veut apprendre, partager de bons moments dans une langue \u00e9trang\u00e8re et b\u00e9n\u00e9ficier de s\u00e9ances d&rsquo;hypnose, gestion du stress ou de pr\u00e9paration mentale, en a<\/span><span style=\"color: #000080; font-size: 16px; font-family: verdana, geneva, sans-serif;\">teliers mixtes pour bien rire ou en prestations individuelles pour prendre confiance en soi. \u00a0<\/span><\/p>\n<h2 style=\"font-weight: 400;\"><span style=\"color: #ff6600; font-size: 20px; font-family: verdana, geneva, sans-serif;\">Objectifs de notre association Les Langues Sans Stress<\/span><\/h2>\n<p><span style=\"font-size: 16px; font-family: verdana, geneva, sans-serif;\"><span style=\"color: #ff6600;\"><span style=\"color: #000080;\">Offrir un temps privil\u00e9gi\u00e9 d&rsquo;\u00e9coute et de parole \u00e0 qui en a besoin, en s\u00e9ance priv\u00e9e ou micro groupe.\u00a0<\/span><\/span><\/span><\/p>\n<p><span style=\"font-size: 16px; font-family: verdana, geneva, sans-serif;\"><span style=\"color: #ff6600;\"><span style=\"color: #000080;\">Acc\u00e9der \u00e0 l&rsquo;accompagnement en d\u00e9veloppement personnel selon ses besoins individuels et objectifs.<\/span><\/span><\/span><\/p>\n<p><span style=\"font-size: 16px; font-family: verdana, geneva, sans-serif;\"><span style=\"color: #ff6600;\"><span style=\"color: #000080;\">Apprendre \u00e0 mieux se connaitre et d\u00e9couvrir de nouvelles capacit\u00e9s et comp\u00e9tences pour g\u00e9rer le stress du quotidien et se d\u00e9passer en sport ou dans les \u00e9tudes, au travail, mieux appr\u00e9hender les relations sociales, en fran\u00e7ais ou en langues \u00e9trang\u00e8res.\u00a0<\/span><\/span><\/span><\/p>\n<p><span style=\"font-size: 16px; font-family: verdana, geneva, sans-serif;\"><span style=\"color: #ff6600;\"><span style=\"color: #000080;\">Permettre \u00e0 chacun de communiquer, apprendre \u00e0 son rythme dans une ou deux langues simultan\u00e9ment, sur place avec la formatrice ou en autoformation e-learning.<\/span><\/span><\/span><\/p>\n<p><span style=\"font-size: 16px; font-family: verdana, geneva, sans-serif;\"><span style=\"color: #ff6600;\"><span style=\"color: #000080;\">D\u00e9velopper ses connaissances et partager des informations dans la bonne humeur loin de tout jugement. <\/span><\/span><\/span><\/p>\n<p><span style=\"font-size: 16px; font-family: verdana, geneva, sans-serif;\"><span style=\"color: #ff6600;\"><span style=\"color: #000080;\">Pouvoir s&rsquo;entrainer \u00e0 s&rsquo;exprimer avec aisance et assurance avant un&rsquo;entretien individuel, professionnel, d&#8217;embauche, une pr\u00e9sentation ou une prise de parole en milieu scolaire&#8230;\u00a0<\/span><\/span><\/span><\/p>\n<h2 style=\"font-weight: 400;\"><span style=\"color: #ff6600; font-size: 20px; font-family: verdana, geneva, sans-serif;\">Modalit\u00e9s adh\u00e9sion et ateliers \u00a0<\/span><\/h2>\n<p><span style=\"font-family: verdana, geneva, sans-serif; font-size: 16px; color: #000080;\">Prestations sur-mesure!<\/span><br \/>\n<span style=\"font-family: verdana, geneva, sans-serif; font-size: 16px; color: #000080;\">Pour la mise en place de votre s\u00e9ances priv\u00e9e ou des <strong>ateliers interactifs et jeux<\/strong> veuillez <a href=\"https:\/\/www.leslanguessansstress.fr\/index.php\/contact\/\" target=\"_blank\" rel=\"noopener\">laisser vos coordonn\u00e9es compl\u00e8tes et pr\u00e9ciser vos beosins ou objectifs<\/a> ainsi que les dates et horaires<\/span><span style=\"color: #000080; font-family: verdana, geneva, sans-serif;\"> qui vous conviendraient.\u00a0<\/span><\/p>\n<p><img loading=\"lazy\" decoding=\"async\" class=\"size-medium wp-image-14067 aligncenter\" src=\"https:\/\/www.leslanguessansstress.fr\/wp-content\/uploads\/2022\/09\/cropped-formatrice-salle-des-cours-les-langues-sans-stress-e\u0301cran-GOPR2374-scaled-1-300x225.jpg\" alt=\"\" width=\"300\" height=\"225\" srcset=\"https:\/\/www.leslanguessansstress.fr\/wp-content\/uploads\/2022\/09\/cropped-formatrice-salle-des-cours-les-langues-sans-stress-e\u0301cran-GOPR2374-scaled-1-300x225.jpg 300w, https:\/\/www.leslanguessansstress.fr\/wp-content\/uploads\/2022\/09\/cropped-formatrice-salle-des-cours-les-langues-sans-stress-e\u0301cran-GOPR2374-scaled-1-1024x768.jpg 1024w, https:\/\/www.leslanguessansstress.fr\/wp-content\/uploads\/2022\/09\/cropped-formatrice-salle-des-cours-les-langues-sans-stress-e\u0301cran-GOPR2374-scaled-1-768x576.jpg 768w, https:\/\/www.leslanguessansstress.fr\/wp-content\/uploads\/2022\/09\/cropped-formatrice-salle-des-cours-les-langues-sans-stress-e\u0301cran-GOPR2374-scaled-1-1536x1152.jpg 1536w, https:\/\/www.leslanguessansstress.fr\/wp-content\/uploads\/2022\/09\/cropped-formatrice-salle-des-cours-les-langues-sans-stress-e\u0301cran-GOPR2374-scaled-1-720x540.jpg 720w, https:\/\/www.leslanguessansstress.fr\/wp-content\/uploads\/2022\/09\/cropped-formatrice-salle-des-cours-les-langues-sans-stress-e\u0301cran-GOPR2374-scaled-1.jpg 1920w\" sizes=\"auto, (max-width: 300px) 100vw, 300px\" \/><\/p>\n<h2 style=\"font-weight: 400;\"><span style=\"color: #ff6600; font-size: 20px; font-family: verdana, geneva, sans-serif;\">Nous sommes inclusifs.<\/span><\/h2>\n<p><span style=\"font-family: verdana, geneva, sans-serif; font-size: 16px; color: #000080;\">La personne en situation de handicap et\/ou qui rencontre des diffcult\u00e9s de lecture et d&rsquo;\u00e9criture, qui se d\u00e9note par une tendance \u00e0 l&rsquo;hyperactivit\u00e9, etc., ralentissant son apprentissage ou l&rsquo;acc\u00e8s \u00e0 des activit\u00e9s sociales ou \u00e0 des fonctions professionnelles est la bienvenue.\u00a0<\/span><\/p>\n<p><span style=\"font-family: verdana, geneva, sans-serif; font-size: 16px; color: #000080;\">D\u00e8s que 3-4 demandes similaires coincident, l&rsquo;atelier mixte peut commencer, sinon, vous serez redirig\u00e9 vers des prestations individuelles. <\/span><\/p>\n<p><span style=\"font-family: verdana, geneva, sans-serif; font-size: 16px; color: #000080;\">Sur place, les groupes sont de 4-6 participants. <\/span><br \/>\n<span style=\"font-family: verdana, geneva, sans-serif; font-size: 16px; color: #000080;\">Pensez \u00e0 retenir vos places bien \u00e0 l&rsquo;avance!<\/span><\/p>\n<h3><span style=\"font-family: verdana, geneva, sans-serif; font-size: 16px; color: #000080;\"><strong>Lieu<\/strong>\u00a0<\/span><\/h3>\n<p><span style=\"font-size: 16px; font-family: verdana, geneva, sans-serif;\"><span style=\"color: #000080;\"><span style=\"color: #000080; font-family: verdana, geneva, sans-serif; font-size: 16px;\">Dans les salles priv\u00e9es de l&rsquo;organisme de formation : <\/span><\/span><\/span><br \/>\n<span style=\"font-size: 16px; font-family: verdana, geneva, sans-serif;\"><span style=\"color: #000080;\"><span style=\"color: #000080; font-family: verdana, geneva, sans-serif; font-size: 16px;\"><strong>Les langues sans stress<\/strong><br \/>\n27-29 rue Maurice Rey<br \/>\n73110 Valgelon-La Rochette<\/span><\/span><\/span><\/p>\n<p><span style=\"font-size: 16px; font-family: verdana, geneva, sans-serif;\"><span style=\"color: #000080;\"><span style=\"color: #000080; font-family: verdana, geneva, sans-serif; font-size: 16px;\">Nous vous recevons dans un cadre tr\u00e8s particulier et agr\u00e9able, entre salle dynamique de jeux et \u00e9changes en langues vivantes et salle de relaxation, hypnose et gestion du stress, avec un immense aquarium de poissons Oscars tr\u00e8s reposants.<\/span><\/span><\/span><\/p>\n<p><img loading=\"lazy\" decoding=\"async\" class=\"wp-image-18644 aligncenter\" src=\"https:\/\/www.leslanguessansstress.fr\/wp-content\/uploads\/2025\/07\/IMG_4179.heic\" alt=\"\" width=\"314\" height=\"156\" \/><\/p>\n<h2 style=\"font-weight: 400;\"><span style=\"color: #ff6600; font-size: 20px; font-family: verdana, geneva, sans-serif;\">Les Langues Sans Stress bougent!<\/span><\/h2>\n<p><span style=\"font-size: 16px; font-family: verdana, geneva, sans-serif;\"><span style=\"color: #000080;\"><span style=\"color: #000080; font-family: verdana, geneva, sans-serif; font-size: 16px;\">Lorsque la m\u00e9t\u00e9o est cl\u00e9mente, certaines activit\u00e9s se d\u00e9roulent \u00e0 l&rsquo;ext\u00e9rieur du b\u00e2timent : gestion du stress, hypnose de relaxation, jeux, promenade avec bavardage dans une des 5 langues \u00e9trang\u00e8res ou FLE pour les personnes \u00e9trang\u00e8res. <\/span><\/span><\/span><\/p>\n<h3><strong><span style=\"font-family: verdana, geneva, sans-serif; font-size: 16px; color: #000080;\">Dur\u00e9e <\/span><\/strong><\/h3>\n<p><span style=\"font-family: verdana, geneva, sans-serif; font-size: 16px; color: #000080;\">S\u00e9ance simple : 45-50 minutes intensives r\u00e9serv\u00e9es \u00e0 l&rsquo;individuel selon prestation\u00a0<\/span><br \/>\n<span style=\"color: #000080;\"><span style=\"font-family: verdana, geneva, sans-serif; font-size: 16px;\">S\u00e9ance double : 90 minutes \u2014 id\u00e9al pour les jeux et ateliers partag\u00e9s \u00e0 plusieurs\u00a0<\/span><span style=\"font-size: 16px; font-family: verdana, geneva, sans-serif;\"><br \/>\nAttention, d\u00e9passement possible pour finir une explication&#8230;.!!!<\/span><\/span><\/p>\n<h3><span style=\"color: #000080; font-family: verdana, geneva, sans-serif; font-size: 16px;\"><strong>Prix<\/strong> <\/span><\/h3>\n<p><span style=\"color: #000080; font-family: verdana, geneva, sans-serif; font-size: 16px;\">Adh\u00e9sion, cours de langues immersif, s\u00e9ances d&rsquo;hypnose et d\u00e9veloppement personnel par personne : <\/span><br \/>\n<span style=\"color: #000080; font-family: verdana, geneva, sans-serif; font-size: 16px;\">Adh\u00e9sion annuelle : 20\u20ac <\/span><br \/>\n<span style=\"color: #000080; font-family: verdana, geneva, sans-serif; font-size: 16px;\">Participation atelier ou s\u00e9ance individuelle : <\/span><span style=\"font-family: verdana, geneva, sans-serif; color: #000080; font-size: 16px;\"><a style=\"color: #000080;\" href=\"https:\/\/www.leslanguessansstress.fr\/index.php\/prix-financement\/\" target=\"_blank\" rel=\"noopener\">Prix, forfaits et financement<\/a>\u00a0<\/span><\/p>\n<p><span style=\"font-family: verdana, geneva, sans-serif; font-size: 16px;\"><span style=\"color: #000080;\">Votre inscription est valid\u00e9e d\u00e8s adh\u00e9sion annuelle et paiement des prestations qui vous int\u00e9ressent avec des dates fix\u00e9es ensemble.<\/span><\/span><\/p>\n<p><span style=\"font-family: verdana, geneva, sans-serif; font-size: 16px;\"><span style=\"color: #000080;\">En ce qui concerne les langues et la pr\u00e9paration mentale, les dates des cours et entretiens doivent \u00eatre pos\u00e9s d&rsquo;affil\u00e9e pour que la prestation soit efficace.\u00a0<\/span><\/span><\/p>\n<p><span style=\"font-family: verdana, geneva, sans-serif; font-size: 16px;\"><span style=\"color: #000080;\">La cotisation annuelle acquitt\u00e9e et le versement du total des cours r\u00e9serv\u00e9s ne font l&rsquo;objet d&rsquo;aucun remboursement, m\u00eame partiel, en cas de r\u00e9siliation en cours de session. <\/span><\/span><\/p>\n<p><span style=\"font-family: verdana, geneva, sans-serif; font-size: 16px;\"><span style=\"color: #000080;\">A quoi sert l&rsquo;adh\u00e9sion ? <\/span><\/span><\/p>\n<ul>\n<li><span style=\"font-family: verdana, geneva, sans-serif; font-size: 16px;\"><span style=\"color: #000080;\">D\u00e8s votre adh\u00e9sion , <strong>vous pouvez gratuitement<\/strong> :<br \/>\n=&gt; utiliser un acc\u00e8s mensuel pour un apprentissage autonome e-learning selon besoins et objectifs personnels,<br \/>\n&#8230;en communication et d\u00e9veloppement d&rsquo;une ou plusieurs langues,<br \/>\n&#8230; r\u00e9vision des cours du primaire jusqu&rsquo;au BAC<br \/>\n&#8230; am\u00e9lioration du fran\u00e7ais langue \u00e9trang\u00e8re<br \/>\n&#8230;consolidation les r\u00e8gles du fran\u00e7ais \u00e9crit pour tout le monde, fran\u00e7ais et \u00e9trangers parlant couramment<br \/>\n&#8230; pr\u00e9paration du code de la route, permis bateau, moto, etc.<br \/>\n&#8230; b\u00e9n\u00e9ficier du soutien asynchrone de la formatrice <\/span><\/span><\/li>\n<\/ul>\n<p>&nbsp;<\/p>\n<ul>\n<li><span style=\"text-decoration: underline;\"><span style=\"font-family: verdana, geneva, sans-serif; font-size: 16px;\"><span style=\"color: #000080; text-decoration: underline;\">En acquittant des frais selon le nombre de RDV, vous pouvez<\/span><\/span><\/span><span style=\"font-family: verdana, geneva, sans-serif; font-size: 16px;\"><span style=\"color: #000080;\"> :<\/span><\/span><br \/>\n<span style=\"font-family: verdana, geneva, sans-serif; font-size: 16px;\"><span style=\"color: #000080;\">&#8211; suivre des cours en langue courante avec soutien individualis\u00e9!<\/span><\/span><br \/>\n<span style=\"font-family: verdana, geneva, sans-serif; font-size: 16px;\"><span style=\"color: #000080;\">&#8211; participer \u00e0 des atelier divers <\/span><\/span><br \/>\n<span style=\"font-family: verdana, geneva, sans-serif; font-size: 16px;\"><span style=\"color: #000080;\">&#8211; acc\u00e9der \u00e0 la pr\u00e9paration mentale du sportif et au d\u00e9veloppement personnel <\/span><\/span><br \/>\n<span style=\"font-family: verdana, geneva, sans-serif; font-size: 16px;\"><span style=\"color: #000080;\">&#8211; profiter de s\u00e9ances d&rsquo;hypnose r\u00e9pondant \u00e0 votre probl\u00e9matique si elle est explicit\u00e9e <\/span><\/span><br \/>\n<span style=\"font-family: verdana, geneva, sans-serif; font-size: 16px;\"><span style=\"color: #000080;\">&#8211; vous d\u00e9faire des freins qui bloquent l&rsquo;apprentissage sous hypnose dans une des 5 langues propos\u00e9es.<\/span><\/span><\/li>\n<\/ul>\n<p>&nbsp;<\/p>\n<p><span style=\"font-family: verdana, geneva, sans-serif; font-size: 16px;\"><span style=\"color: #000080;\">et professionnelle \u00e0 un prix permettant uniquement de rentrer dans les frais qui permettent le maintien de l&rsquo;association dans des locaux accueillants avec un mat\u00e9riel tr\u00e8s sp\u00e9cifique et l&rsquo;achat de nombreux jeux, outils d&rsquo;apprentissage, ressources de d\u00e9veloppement mental et bien-\u00eatre ainsi que la disponibilit\u00e9 de la formatrice et les frais g\u00e9n\u00e9raux.\u00a0<\/span><\/span><\/p>\n<p><span style=\"font-family: verdana, geneva, sans-serif; font-size: 16px;\"><span style=\"color: #000080;\">RENOUVELLEMENT de l&rsquo;acc\u00e8s \u00e0 certains cours elearning chaque mois en fonction de la progression de l&rsquo;utilisateur, valid\u00e9e par un test et\/ou entretien gratuit avec la formatrice.\u00a0<\/span><\/span><\/p>\n<p><span style=\"font-size: 16px; font-family: verdana, geneva, sans-serif;\"><img loading=\"lazy\" decoding=\"async\" class=\"alignnone wp-image-10653 aligncenter\" src=\"https:\/\/www.leslanguessansstress.fr\/wp-content\/uploads\/2020\/09\/association-les-langues-sans-stress-Valgelon-La-Rochette-cours-sous-hypnose-relaxation-et-remise-en-forme-pour-mieux-apprendre-en-samusant-300x172.png\" alt=\"\" width=\"237\" height=\"136\" \/><\/span><\/p>\n<p><span style=\"font-family: verdana, geneva, sans-serif; font-size: 16px;\"><span style=\"color: #000080;\">Paiement au moins 10 \u00e0 30 jours avant la prestation choisie avec dates\/horaires valid\u00e9s par notre bureau \u00e0 r\u00e9ception du ch\u00e8que ou virement \u00e0 : <\/span><\/span><\/p>\n<h3 style=\"font-weight: 400;\"><span style=\"font-family: verdana, geneva, sans-serif; font-size: 20px; color: #ff6600;\">Coordonn\u00e9es bancaires Association Les langues sans stress &#8211; loi 1901 \u00a0<\/span><\/h3>\n<div dir=\"ltr\">\n<p><span style=\"color: #000080;\"><span style=\"font-family: verdana, geneva, sans-serif; font-size: 16px;\">Num\u00e9ro d&rsquo;enregistrement de l&rsquo;association : <\/span><span style=\"font-family: verdana, geneva, sans-serif; font-size: 16px;\">W732005515<\/span><\/span><\/p>\n<p><span style=\"font-family: verdana, geneva, sans-serif; font-size: 16px;\"><span style=\"color: #000080;\">LES LANGUES SANS STRESS POUR FACILITER LE DIALOGUE EN LANGUES \u00c9TRANG\u00c8RES\u00a0 <\/span><\/span><br \/>\n<span style=\"font-family: verdana, geneva, sans-serif; font-size: 16px;\"><span style=\"color: #000080;\">IBAN : FR76 1027 8024 3800 0207 0440 135\u00a0 \u00a0<\/span><\/span><br \/>\n<span style=\"font-family: verdana, geneva, sans-serif; font-size: 16px;\"><span style=\"color: #000080;\">BIC : CMCIFR2A<\/span><\/span><\/p>\n<p><span style=\"font-size: 16px; font-family: verdana, geneva, sans-serif;\"><span style=\"color: #ff6600;\"><strong>\u2192 Pensez \u00e0 nous informer <\/strong><span style=\"color: #000080;\"><strong>par email<\/strong> de votre virement bancaire et joignez la copie de votre d\u00e9claration RC au nom du participant mineur ou adulte \u00e0 les.langues.sans.stress@gmail.com (<span style=\"text-decoration: underline;\">en mentionnant ASSO dans le titre<\/span> pour \u00eatre reconnu avant les autres emails&#8230; ). <\/span><\/span><\/span><\/p>\n<blockquote><p><span style=\"font-size: 16px; font-family: verdana, geneva, sans-serif;\"><span style=\"color: #ff6600;\"><span style=\"color: #000080;\">Suite \u00e0 des non-pr\u00e9sentations de l&rsquo;\u00e9l\u00e8ve ou de la personne en demande d&rsquo;accompagnement antistress, et de quelques personnes qui se sont pr\u00e9sent\u00e9es mais n&rsquo;ont pas pay\u00e9 la prestation&#8230; Nous sommes au regret de vous informer que plus aucune date ne sera retenue avant validation du paiement de l&rsquo;ensemble des cours et s\u00e9ances antistress par le tr\u00e9sorier.\u00a0<\/span><\/span><\/span><\/p><\/blockquote>\n<p><span style=\"font-size: 16px; font-family: verdana, geneva, sans-serif;\">\u00a0<\/span><span style=\"font-family: verdana, geneva, sans-serif; font-size: 16px;\"><strong><span style=\"color: #000080;\">Pr\u00e9sidente et mod\u00e9ratrice des <span style=\"caret-color: #000080;\">ateliers<\/span>\/formatrice certifi\u00e9e<\/span><\/strong><span style=\"color: #000080;\"> :\u00a0<\/span><\/span><br \/>\n<span style=\"font-family: verdana, geneva, sans-serif; font-size: 16px;\"><span style=\"color: #000080;\">Val\u00e9rie Neyret-Vachey<\/span><\/span><\/p>\n<blockquote><p><span style=\"font-size: 16px; font-family: verdana, geneva, sans-serif;\"><span style=\"color: #000000;\"><span style=\"color: #000080;\"><br \/>\n<\/span><\/span><span style=\"color: #000000;\"><span style=\"color: #000080;\"><span style=\"color: #ff6600;\">\u2666<\/span> Le r\u00e8glement int\u00e9rieur et les modalit\u00e9s sont identiques aux prestations professionnelles que vous pourrez partager selon les activit\u00e9s et ateliers qui vous int\u00e9ressent.\u00a0<\/span><\/span><\/span><\/p>\n<p><span style=\"font-size: 16px; font-family: verdana, geneva, sans-serif;\"><span style=\"color: #000000;\"><span style=\"color: #000080;\"><span style=\"color: #ff6600;\">\u2666<\/span> <span style=\"text-decoration: underline;\">Veuillez lire le LIVRET D&rsquo;ACCUEIL et le r\u00e8glement int\u00e9rieur en entier avant toute inscription<\/span> \u00e0 nos prestations en centre, e-learning ou en Visio.<\/span><\/span><\/span><\/p>\n<p><span style=\"font-size: 16px; font-family: verdana, geneva, sans-serif;\"><span style=\"color: #000000;\"><span style=\"color: #000080;\"><span style=\"color: #ff6600;\">\u2666<\/span> Lien vers l&rsquo;interface <a href=\"https:\/\/au-top-sans-stress.fr\/\" target=\"_blank\" rel=\"noopener\">AU TOP SANS STRESS<\/a> ciblant le d\u00e9veloppement positif de la personne et l&rsquo;atteinte de ses objectifs en comp\u00e9tition ou concours, bien-\u00eatre scolaire, prestation artistique, sur sc\u00e8ne&#8230;\u00a0<\/span><\/span><\/span><\/p><\/blockquote>\n<\/div>\n<\/div>\n","protected":false},"excerpt":{"rendered":"<p>Association Les langues sans stress Ouverte au particulier, \u00a0groupe d&rsquo;amis ou la famille qui veut<\/p>\n","protected":false},"author":1,"featured_media":5746,"comment_status":"closed","ping_status":"open","sticky":false,"template":"","format":"standard","meta":{"footnotes":""},"categories":[80,176,432,132],"tags":[580,279,493,526,723],"class_list":["post-17728","post","type-post","status-publish","format-standard","has-post-thumbnail","hentry","category-actualites","category-information-documentation","category-langues","category-relaxation","tag-association","tag-hypnose","tag-inscription","tag-modalites","tag-prestations"],"_links":{"self":[{"href":"https:\/\/www.leslanguessansstress.fr\/index.php\/wp-json\/wp\/v2\/posts\/17728","targetHints":{"allow":["GET"]}}],"collection":[{"href":"https:\/\/www.leslanguessansstress.fr\/index.php\/wp-json\/wp\/v2\/posts"}],"about":[{"href":"https:\/\/www.leslanguessansstress.fr\/index.php\/wp-json\/wp\/v2\/types\/post"}],"author":[{"embeddable":true,"href":"https:\/\/www.leslanguessansstress.fr\/index.php\/wp-json\/wp\/v2\/users\/1"}],"replies":[{"embeddable":true,"href":"https:\/\/www.leslanguessansstress.fr\/index.php\/wp-json\/wp\/v2\/comments?post=17728"}],"version-history":[{"count":27,"href":"https:\/\/www.leslanguessansstress.fr\/index.php\/wp-json\/wp\/v2\/posts\/17728\/revisions"}],"predecessor-version":[{"id":19301,"href":"https:\/\/www.leslanguessansstress.fr\/index.php\/wp-json\/wp\/v2\/posts\/17728\/revisions\/19301"}],"wp:featuredmedia":[{"embeddable":true,"href":"https:\/\/www.leslanguessansstress.fr\/index.php\/wp-json\/wp\/v2\/media\/5746"}],"wp:attachment":[{"href":"https:\/\/www.leslanguessansstress.fr\/index.php\/wp-json\/wp\/v2\/media?parent=17728"}],"wp:term":[{"taxonomy":"category","embeddable":true,"href":"https:\/\/www.leslanguessansstress.fr\/index.php\/wp-json\/wp\/v2\/categories?post=17728"},{"taxonomy":"post_tag","embeddable":true,"href":"https:\/\/www.leslanguessansstress.fr\/index.php\/wp-json\/wp\/v2\/tags?post=17728"}],"curies":[{"name":"wp","href":"https:\/\/api.w.org\/{rel}","templated":true}]}}