{"id":17721,"date":"2025-07-21T08:36:41","date_gmt":"2025-07-21T06:36:41","guid":{"rendered":"https:\/\/www.leslanguessansstress.fr\/?p=17721"},"modified":"2025-10-03T09:40:58","modified_gmt":"2025-10-03T07:40:58","slug":"francais-e-learning","status":"publish","type":"post","link":"https:\/\/www.leslanguessansstress.fr\/index.php\/2025\/07\/21\/francais-e-learning\/","title":{"rendered":"Fran\u00e7ais perfectionnement (1)"},"content":{"rendered":"<h5 style=\"font-weight: 400;\"><span style=\"font-size: 10px; font-family: arial, helvetica, sans-serif; color: #000080;\">Cette page est plus lisible depuis un PC.\u00a0<\/span><br \/>\n<span style=\"font-size: 10px; font-family: arial, helvetica, sans-serif; color: #000080;\"><span style=\"text-decoration: underline;\">Sommaire<\/span> :\u00a0<\/span><br \/>\n<span style=\"font-size: 10px; font-family: arial, helvetica, sans-serif; color: #000080;\">Rafraichir et approfondir ses connaissances avec Orthodidacte<\/span><br \/>\n<span style=\"font-size: 10px; font-family: arial, helvetica, sans-serif; color: #000080;\">Valider ses acquis avec la certification Le Robert<\/span><br \/>\n<span style=\"font-size: 10px; font-family: arial, helvetica, sans-serif; color: #000080;\">Financement CPF de votre formation\u00a0<\/span><\/h5>\n<h1><\/h1>\n<h1 style=\"font-weight: 400;\"><span style=\"color: #0000ff; font-size: 28px; font-family: verdana, geneva, sans-serif;\"><span style=\"font-size: 20px;\">Am\u00e9liorez votre ma\u00eetrise du fran\u00e7ais et rendez vos \u00e9crits plus attractifs avec Orthodidacte<\/span> \u00a0<\/span><\/h1>\n<p style=\"font-weight: 400;\"><span style=\"color: #000080; font-size: 16px; font-family: verdana, geneva, sans-serif;\">Consolidez vos bases grammaticales et enrichissez votre vocabulaire \u00e0 votre rythme avec la plateforme <a href=\"https:\/\/www.orthodidacte.com\/\" target=\"_blank\" rel=\"noopener\">ORTHODIDACTE<\/a> et nos manuels de fran\u00e7ais (nous vous laissons le choix pour une \u00e9tude selon votre profil d&rsquo;apprenant et vos objectifs !<\/span><\/p>\n<h3 style=\"font-weight: 400;\"><span style=\"color: #0000ff; font-size: 20px; font-family: verdana, geneva, sans-serif;\"><span style=\"color: #000080; font-size: 16px;\">\u00a0&#8211; 3 \u00e0 6 mois de formation \u00e0 votre rythme avec programme adaptatif en fran\u00e7ais \u00a0\u00a0<\/span><\/span><br \/>\n<span style=\"color: #0000ff; font-size: 20px; font-family: verdana, geneva, sans-serif;\"><span style=\"color: #000080; font-size: 16px;\">\u00a0&#8211; Choix du nombre d&rsquo;heures et des dates d&rsquo;accompagnement pr\u00e9sentiel \u00a0\u00a0<\/span><\/span><br \/>\n<span style=\"color: #0000ff; font-size: 20px; font-family: verdana, geneva, sans-serif;\"><span style=\"color: #000080; font-size: 16px;\">\u00a0&#8211; Soutien bienveillant d&rsquo;une formatrice hypnoth\u00e9rapeute souriante et \u00e0 l&rsquo;\u00e9coute des difficult\u00e9s que vous pouvez rencontrer en Fran\u00e7ais, langue maternelle ou langue \u00e9trang\u00e8re.\u00a0<\/span><\/span><\/h3>\n<h3 style=\"font-weight: 400;\"><span style=\"color: #0000ff; font-size: 20px; font-family: verdana, geneva, sans-serif;\">Objectifs de la formation de perfectionnement du fran\u00e7ais avec Orthodidacte<\/span><\/h3>\n<p><span style=\"font-family: verdana, geneva, sans-serif; color: #000080;\">&#8211; Gagner en autonomie et en confiance dans les \u00e9crits <\/span><span style=\"font-family: verdana, geneva, sans-serif; color: #000080;\">professionnels et personnels (e-mails, courriers, rapports, <\/span><span style=\"font-family: verdana, geneva, sans-serif; color: #000080;\">r\u00e9seaux sociaux&#8230;).<\/span><br \/>\n<span style=\"font-family: verdana, geneva, sans-serif; color: #000080;\">&#8211; Approfondir les notions de grammaire, conjugaison et syntaxe \u00a0 \u00a0<\/span><br \/>\n<span style=\"font-family: verdana, geneva, sans-serif; color: #000080;\">&#8211; Enrichir son vocabulaire \u00a0 <\/span><br \/>\n<span style=\"font-family: verdana, geneva, sans-serif; color: #000080;\">&#8211; Suivre et terminer le niveau de parcours attribu\u00e9 apr\u00e8s avoir pass\u00e9 l&rsquo;\u00e9valuation diagnostique \u00a0 <\/span><br \/>\n<span style=\"font-family: verdana, geneva, sans-serif; color: #000080;\">&#8211; <\/span><span style=\"font-family: verdana, geneva, sans-serif; color: #000080;\">Attester de ses comp\u00e9tences en fran\u00e7ais \u00e9crit avec la <\/span><span style=\"font-family: verdana, geneva, sans-serif; color: #000080;\">Certification Le Robert, option libre selon modalit\u00e9s mais obligatoire si financement CPF \u00a0 \u00a0 <\/span><br \/>\n<span style=\"font-family: verdana, geneva, sans-serif; color: #000080;\">&#8211; Am\u00e9liorer sa mobilit\u00e9 et options professionnelles.<\/span><\/p>\n<h3 style=\"font-weight: 400;\"><span style=\"color: #0000ff; font-size: 20px; font-family: verdana, geneva, sans-serif;\">Point forts\u00a0<\/span><\/h3>\n<p><span style=\"font-family: verdana, geneva, sans-serif; color: #000080;\">Cours ax\u00e9s sur vos besoins apr\u00e8s diagnostic et objectifs fix\u00e9s, disponibles \u00e0 distance, accessibles partout et \u00e0 tout moment. <\/span><br \/>\n<span style=\"font-family: verdana, geneva, sans-serif; color: #000080;\">Activit\u00e9s ludiques. <\/span><br \/>\n<span style=\"font-family: verdana, geneva, sans-serif; color: #000080;\">Flexibilit\u00e9 de l&rsquo;\u00e9tude \u00e0 distance et des RDV pr\u00e9sentiels avec la formatrice hypnoth\u00e9rapeute \u00e0 l&rsquo;\u00e9coute de vos difficult\u00e9s en atelier mixte ou entretiens individualis\u00e9s. <\/span><\/p>\n<h3 style=\"font-weight: 400;\"><span style=\"color: #0000ff; font-size: 20px; font-family: verdana, geneva, sans-serif;\">R\u00e9sultats attendus\u00a0<\/span><\/h3>\n<p><span style=\"font-family: arial, helvetica, sans-serif; color: #000080;\">\u00a0&#8211; Am\u00e9lioration des connaissances entre le d\u00e9but et la fin du parcours suivi \u00a0 \u00a0\u00a0<\/span><br \/>\n<span style=\"font-family: arial, helvetica, sans-serif; color: #000080;\"> &#8211; <span style=\"text-decoration: underline;\">Validation des acquis selon \u00e9tude autonome<\/span> : \u00a0 \u00a0 \u00a0<\/span><br \/>\n<span style=\"color: #000080; font-family: arial, helvetica, sans-serif;\"><strong>1.<\/strong> Identifier le genre des noms et \u00e9crire correctement les mots : singulier et pluriel, masculin et f\u00e9minin \u00a0 \u00a0\u00a0<\/span><br \/>\n<span style=\"color: #000080; font-family: arial, helvetica, sans-serif;\"><strong>2.<\/strong> Diff\u00e9rencier et \u00e9crire correctement les homophones lexicaux et grammaticaux \u00a0 \u00a0\u00a0<\/span><br \/>\n<span style=\"color: #000080; font-family: arial, helvetica, sans-serif;\"><strong>3.<\/strong> Conjuguer correctement les verbes en respectant les temps et les modes de la conjugaison \u00a0 \u00a0\u00a0<\/span><br \/>\n<span style=\"color: #000080; font-family: arial, helvetica, sans-serif;\"><strong>4.<\/strong> Accorder correctement les \u00e9l\u00e9ments du groupe nominal \u00a0 \u00a0\u00a0<\/span><\/p>\n<div class=\" vc_custom_1529593251365\">\n<div id=\"text-block-20\" class=\"mk-text-block jupiter-donut- \">\n<div class=\"clearboth\"><span style=\"color: #000080; font-family: arial, helvetica, sans-serif;\"><strong>5.<\/strong> Accorder correctement un verbe avec son sujet \u00a0 \u00a0\u00a0<\/span><\/div>\n<div class=\"clearboth\"><span style=\"color: #000080; font-family: arial, helvetica, sans-serif;\"><strong>6.<\/strong> Accorder correctement un participe pass\u00e9 \u00a0 \u00a0\u00a0<\/span><\/div>\n<div class=\"clearboth\"><span style=\"color: #000080; font-family: arial, helvetica, sans-serif;\"><strong>7.<\/strong> Attribuer correctement aux mots leur sens commun\u00e9ment admis \u00a0 \u00a0\u00a0<\/span><\/div>\n<div class=\"clearboth\"><span style=\"color: #000080; font-family: arial, helvetica, sans-serif;\"><strong>8.<\/strong> Employer le registre de langage appropri\u00e9 \u00e0 la situation de r\u00e9daction \u00a0 \u00a0\u00a0<\/span><\/div>\n<div class=\"clearboth\"><span style=\"color: #000080; font-family: arial, helvetica, sans-serif;\"><strong>9.<\/strong> Construire des phrases en employant les mots-outils ad\u00e9quats \u00a0 \u00a0\u00a0<\/span><\/div>\n<\/div>\n<\/div>\n<p><span style=\"font-family: verdana, geneva, sans-serif; color: #000080;\"><span style=\"font-family: arial, helvetica, sans-serif;\"> &#8211; Passage du test Le Robert =&gt; la certification Le Robert est d\u00e9livr\u00e9e d\u00e8s l&rsquo;atteinte de 450 points s<\/span>ur 1000 points. Plus vous obtenez un score \u00e9lev\u00e9, plus votre maitrise est grande : <a href=\"https:\/\/certification.lerobert.com\/comment-se-deroule-la-certification-en-langue-francaise\/\" target=\"_blank\" rel=\"noopener\">d\u00e9tail des points<\/a><\/span><\/p>\n<p><img loading=\"lazy\" decoding=\"async\" class=\"alignnone size-medium wp-image-14519 aligncenter\" src=\"https:\/\/www.leslanguessansstress.fr\/wp-content\/uploads\/2022\/12\/Franc\u0327ais-remise-a\u0300-niveau-et-perfectionnement-avec-Orthodidacte-et-les-langues-sans-stress-300x90.png\" alt=\"\" width=\"300\" height=\"90\" srcset=\"https:\/\/www.leslanguessansstress.fr\/wp-content\/uploads\/2022\/12\/Franc\u0327ais-remise-a\u0300-niveau-et-perfectionnement-avec-Orthodidacte-et-les-langues-sans-stress-300x90.png 300w, https:\/\/www.leslanguessansstress.fr\/wp-content\/uploads\/2022\/12\/Franc\u0327ais-remise-a\u0300-niveau-et-perfectionnement-avec-Orthodidacte-et-les-langues-sans-stress-1024x308.png 1024w, https:\/\/www.leslanguessansstress.fr\/wp-content\/uploads\/2022\/12\/Franc\u0327ais-remise-a\u0300-niveau-et-perfectionnement-avec-Orthodidacte-et-les-langues-sans-stress-768x231.png 768w, https:\/\/www.leslanguessansstress.fr\/wp-content\/uploads\/2022\/12\/Franc\u0327ais-remise-a\u0300-niveau-et-perfectionnement-avec-Orthodidacte-et-les-langues-sans-stress-1536x462.png 1536w, https:\/\/www.leslanguessansstress.fr\/wp-content\/uploads\/2022\/12\/Franc\u0327ais-remise-a\u0300-niveau-et-perfectionnement-avec-Orthodidacte-et-les-langues-sans-stress.png 1550w\" sizes=\"auto, (max-width: 300px) 100vw, 300px\" \/><\/p>\n<h3 style=\"font-weight: 400;\"><span style=\"color: #0000ff; font-size: 20px; font-family: verdana, geneva, sans-serif;\">Contenu de la formation de fran\u00e7ais e-learning Orthodidacte\u00a0<\/span><\/h3>\n<p><span style=\"font-family: verdana, geneva, sans-serif; color: #000080;\">\u00a0&#8211; D\u00e8s la premi\u00e8re connexion \u00e0 la plateforme Orthodidacte, un diagnostic de 140 <\/span><span style=\"font-family: verdana, geneva, sans-serif; color: #000080;\">questions positionne l&rsquo;apprenant sur une \u00e9chelle de<\/span><br \/>\n<span style=\"font-family: verdana, geneva, sans-serif; color: #000080;\">niveaux (de 1 \u00e0 4). <\/span><span style=\"font-family: verdana, geneva, sans-serif; color: #000080;\">Un niveau de <\/span><span style=\"font-family: verdana, geneva, sans-serif; color: #000080;\">parcours <\/span><span style=\"font-family: verdana, geneva, sans-serif; color: #000080;\">est alors <\/span><span style=\"font-family: verdana, geneva, sans-serif; color: #000080;\">attribu\u00e9 \u00e0 l&rsquo;apprenant, avec un objectif \u00e0 atteindre : <\/span><span style=\"font-family: verdana, geneva, sans-serif; color: #000080;\">terminer le niveau. <\/span><span style=\"font-family: verdana, geneva, sans-serif; color: #000080;\">Le niveau de parcours est compos\u00e9 de plusieurs <\/span><span style=\"font-family: verdana, geneva, sans-serif; color: #000080;\">s\u00e9quences, qui comportent chacune diff\u00e9rents th\u00e8mes, l&rsquo;<\/span><span style=\"font-family: verdana, geneva, sans-serif; color: #000080;\">apprenant avance dans son parcours et suit sa <\/span><span style=\"font-family: verdana, geneva, sans-serif; color: #000080;\">progression. <\/span><span style=\"font-family: verdana, geneva, sans-serif; color: #000080;\">Chaque th\u00e8me comprend un cours compl\u00e9t\u00e9 par une <\/span><span style=\"font-family: verdana, geneva, sans-serif; color: #000080;\">s\u00e9rie d&rsquo;exercices. Les exercices sont attribu\u00e9s en fonction <\/span><span style=\"font-family: verdana, geneva, sans-serif; color: #000080;\">des zones de fragilit\u00e9 d\u00e9tect\u00e9es lors du diagnostic.<\/span><\/p>\n<p><span style=\"font-family: verdana, geneva, sans-serif; color: #000080;\">&#8230;&gt; En bref : \u00a0 \u00a0 \u00a0 \u00a0\u00a0<\/span><br \/>\n<span style=\"font-family: verdana, geneva, sans-serif; color: #000080;\">\u00a0&#8211; Parcours guid\u00e9 au travers de 15 000 questions<br \/>\n&#8211; 10 formes d&rsquo;exercices diff\u00e9rentes<br \/>\n&#8211; Biblioth\u00e8que de cours et exercices en acc\u00e8s libre<br \/>\n&#8211; 9 comp\u00e9tences, 45 sous-comp\u00e9tences et 275 th\u00e8mes abord\u00e9s<br \/>\n&#8211; 200 vid\u00e9os et Jeux<br \/>\n<\/span><\/p>\n<p><span style=\"font-family: verdana, geneva, sans-serif; color: #000080;\">&#8211; <\/span><span style=\"font-family: verdana, geneva, sans-serif; color: #000080;\">Accompagnement personnalis\u00e9 en fonction de vos besoins en atelier mixte ou cours individuel avec des exercices sur les \u00e9crits du quotidien ou professionnels et des conseils personnalis\u00e9s en fonction de votre avancement dans votre parcours Orthodidacte \u00a0 <\/span><\/p>\n<p><span style=\"font-family: verdana, geneva, sans-serif; color: #000080;\">&#8211; Calendrier des rencontres avec la formatrice et bilans interm\u00e9diaires \u00e0 valider selon modules \u00e0 acqu\u00e9rir favorisant la motivation \u00e0 \u00e9tudier en continu pour atteindre vos objectifs \u00a0 \u00a0\u00a0 \u00a0 \u00a0<\/span><\/p>\n<p><span style=\"font-family: verdana, geneva, sans-serif; color: #000080;\">&#8211; Pr\u00e9paration et passage du test de certification inclus si financement CPF activ\u00e9 \u00a0 \u00a0 <\/span><\/p>\n<p><span style=\"font-family: verdana, geneva, sans-serif; color: #000080;\">&#8211; Retour sur les r\u00e9sultats du test et votre ressenti avec mise en place de l&rsquo;autocorrection et des informations sur le maintien et l&rsquo;am\u00e9lioration continue de vos acquis en fran\u00e7ais pendant vos fonctions et loisirs.\u00a0.\u00a0<\/span><\/p>\n<p><span style=\"color: #0000ff; font-family: verdana, geneva, sans-serif;\">R\u00c9CAP&rsquo; MODALIT\u00c9S<\/span><br \/>\n<span style=\"color: #000080; font-family: verdana, geneva, sans-serif;\">Veuillez prendre connaissance de notre <a href=\"https:\/\/www.leslanguessansstress.fr\/index.php\/2025\/05\/13\/livret-daccueil-du-stagiaire\/\" target=\"_blank\" rel=\"noopener\">Livret d&rsquo;Accueil du Stagiaire<\/a>\u00a0<\/span><\/p>\n<p><span style=\"color: #000080; font-family: verdana, geneva, sans-serif;\"><strong>Tarif et financement<\/strong><br \/>\nPrix adapt\u00e9 au nombre d&rsquo;heures d&rsquo;accompagnement choisi &#8211; co\u00fbt de la Certification Le Robert inclus dans le prix de la formation CPF. <\/span><br \/>\n<span style=\"color: #000080; font-family: verdana, geneva, sans-serif;\">Formation \u00e9ligible au financement VIV\u00c9A, OPCO, CPF.<\/span><\/p>\n<p><span style=\"color: #000080; font-family: verdana, geneva, sans-serif;\"><strong>Dur\u00e9e de la formation<\/strong><br \/>\nnous pr\u00e9conisons de 3 \u00e0 6 mois pour revoir, consolider et d\u00e9velopper les bases de la grammaire, de l&rsquo;orthographe et des conjugaisons, enrichir votre vocabulaire de nouveaux mots et expressions.\u00a0<\/span><br \/>\n<span style=\"color: #000080; font-family: verdana, geneva, sans-serif;\">Acc\u00e8s illimit\u00e9 \u00e0 la plateforme Orthodidacte pendant 3 ou 6 mois.<br \/>\n<\/span><br \/>\n<span style=\"color: #000080; font-family: verdana, geneva, sans-serif;\"><strong>Modalit\u00e9 et d\u00e9lai d&rsquo;acc\u00e8s<\/strong><br \/>\nEntr\u00e9e et sortie permanente<\/span><br \/>\n<span style=\"color: #000080; font-family: verdana, geneva, sans-serif;\">Entr\u00e9e en formation sous 2 semaines \u00e0 r\u00e9ception de votre acceptation du contrat CPF. Moins pour l&rsquo;achat sur place d&rsquo;un parcours particulier ou entreprise.<\/span><\/p>\n<p><strong><span style=\"color: #000080; font-family: verdana, geneva, sans-serif;\">Pr\u00e9requis<\/span><\/strong><br \/>\n<span style=\"color: #000080; font-family: verdana, geneva, sans-serif;\">Disposer d&rsquo;un ordinateur ainsi que d&rsquo;une connexion \u00e0 internet.<\/span><br \/>\n<span style=\"color: #000080; font-family: verdana, geneva, sans-serif;\">Avoir le fran\u00e7ais pour langue maternelle ou avoir valid\u00e9 un niveau interm\u00e9diaire B1\/B2 et ne pas \u00eatre en situation d&rsquo;analphab\u00e9tisme.\u00a0<\/span><\/p>\n<p><strong><span style=\"color: #000080; font-family: verdana, geneva, sans-serif;\">Moyens techniques<\/span><\/strong><br \/>\n<span style=\"color: #000080; font-family: verdana, geneva, sans-serif;\">Formation partiellement e-learning accessible via Internet 24 h\/24, 7 j\/7, sur ordinateur, tablette et smartphone.<\/span><br \/>\n<span style=\"color: #000080; font-family: verdana, geneva, sans-serif;\">Connexion via un identifiant et un mot de passe, depuis un navigateur web.<\/span><br \/>\n<span style=\"color: #000080; font-family: verdana, geneva, sans-serif;\">Un livret d&rsquo;accueil pour cette formation de fran\u00e7ais sera disponible sur votre compte Orthodidacte. Il pr\u00e9sente les diff\u00e9rentes phases de la formation et recense toutes les informations utiles au bon d\u00e9roulement de la formation.\u00a0<\/span><\/p>\n<p><img loading=\"lazy\" decoding=\"async\" class=\"wp-image-12141 alignleft\" src=\"https:\/\/www.leslanguessansstress.fr\/wp-content\/uploads\/2021\/03\/Francais-perfectionner-ses-connaissances-et-preparer-le-Certificat-Le-Robert-avec-coaching-ludique-Les-langues-sans-stress.png-287x300.png\" alt=\"\" width=\"158\" height=\"165\" srcset=\"https:\/\/www.leslanguessansstress.fr\/wp-content\/uploads\/2021\/03\/Francais-perfectionner-ses-connaissances-et-preparer-le-Certificat-Le-Robert-avec-coaching-ludique-Les-langues-sans-stress.png-287x300.png 287w, https:\/\/www.leslanguessansstress.fr\/wp-content\/uploads\/2021\/03\/Francais-perfectionner-ses-connaissances-et-preparer-le-Certificat-Le-Robert-avec-coaching-ludique-Les-langues-sans-stress.png.png 304w\" sizes=\"auto, (max-width: 158px) 100vw, 158px\" \/><\/p>\n<h2 style=\"font-weight: 400;\"><span style=\"color: #0000ff; font-size: 20px; font-family: verdana, geneva, sans-serif;\">Certifiez vos nouvelles comp\u00e9tences en fran\u00e7ais avec Le Robert\u00a0<\/span><\/h2>\n<p><span style=\"font-family: verdana, geneva, sans-serif; color: #000080;\">La Certification Le Robert est la 1re certification globale en langue fran\u00e7aise. Elle permet d&rsquo;attester de votre niveau de fran\u00e7ais, notamment en milieu professionnel. Un atout incontournable pour votre C.V.!<br \/>\nLa certification est reconnue par les \u00e9coles, les universit\u00e9s et les employeurs d&rsquo;entreprises fran\u00e7aises et d&rsquo;entreprises \u00e9trang\u00e8res avec des besoins en fran\u00e7ais.\u00a0<\/span><\/p>\n<p><img loading=\"lazy\" decoding=\"async\" class=\"size-medium wp-image-10279 aligncenter\" src=\"https:\/\/www.leslanguessansstress.fr\/wp-content\/uploads\/2020\/08\/bd-CPF-certification-fran\u00e7ais-LE-ROBERT-anglais-allemand-espagnol-FLE-italien-BRIGHT--e1614707437196-300x190.png\" alt=\"\" width=\"300\" height=\"190\" srcset=\"https:\/\/www.leslanguessansstress.fr\/wp-content\/uploads\/2020\/08\/bd-CPF-certification-fran\u00e7ais-LE-ROBERT-anglais-allemand-espagnol-FLE-italien-BRIGHT--e1614707437196-300x190.png 300w, https:\/\/www.leslanguessansstress.fr\/wp-content\/uploads\/2020\/08\/bd-CPF-certification-fran\u00e7ais-LE-ROBERT-anglais-allemand-espagnol-FLE-italien-BRIGHT--e1614707437196.png 600w\" sizes=\"auto, (max-width: 300px) 100vw, 300px\" \/><\/p>\n<h2 style=\"font-weight: 400;\"><span style=\"color: #0000ff; font-size: 20px; font-family: verdana, geneva, sans-serif;\">Activez votre budget CPF pour surmonter les fautes de fran\u00e7ais courant et maitriser les \u00e9crits professionnels !\u00a0<\/span><\/h2>\n<p><span style=\"font-family: verdana, geneva, sans-serif; color: #000080;\">Cette formation de fran\u00e7ais est \u00e9ligible au financement MON COMPTE FORMATION en passant la certification Le Robert en fin de parcours pour atteindre l&rsquo;objectif fix\u00e9 en d\u00e9but de formation. <\/span><\/p>\n<p><span style=\"font-family: verdana, geneva, sans-serif; color: #000080;\">Nous vous conseillons de suivre la pr\u00e9paration en ligne Orthodidacte pour rafraichir et approfondir vos acquis en fran\u00e7ais avant le passage du test de certification.\u00a0<\/span><\/p>\n<p><span style=\"font-family: verdana, geneva, sans-serif; color: #000080;\">Cette formation peut \u00eatre enti\u00e8rement personnalis\u00e9e \u00e0 vos besoins et contraintes. Information sur place (RDV \u00e0 poser), par t\u00e9l\u00e9phone et directement sur MON COMPTE FORMATION. <\/span><\/p>\n<p><span style=\"font-family: verdana, geneva, sans-serif; color: #000080;\">Information sur <a href=\"https:\/\/youtu.be\/hnx1RAm1vRE?feature=shared\" target=\"_blank\" rel=\"noopener\">la Certification Le Robert YOU TUBE<\/a> &#8211; Page <span style=\"color: #0000ff;\"><a style=\"color: #0000ff;\" href=\"https:\/\/certification.lerobert.com\/\" target=\"_blank\" rel=\"noopener\">Certification Le Robert<\/a><\/span> &#8211; Comprendre <a href=\"https:\/\/certification.lerobert.com\/comment-se-deroule-la-certification-en-langue-francaise\/\" target=\"_blank\" rel=\"noopener\">le test Le Robert<\/a> &#8211; niveaux et points du test sur <\/span><span style=\"font-family: verdana, geneva, sans-serif; color: #000080;\"><span style=\"color: #0000ff;\"><a style=\"color: #0000ff;\" href=\"https:\/\/www.francecompetences.fr\/recherche\/rs\/7013\/?utm_source=Aspmail&amp;utm_medium=email&amp;utm_campaign=OF+-+Communication+nouveau+code+RS\" target=\"_blank\" rel=\"noopener\">FRANCE COMP\u00c9TENCES Le Robert code RS : RS7013 validit\u00e9 2025-2030<\/a><\/span> \u00a0<\/span><\/p>\n<p>&nbsp;<\/p>\n<h2 style=\"font-weight: 400;\"><span style=\"color: #0000ff; font-size: 20px; font-family: verdana, geneva, sans-serif;\">Accessibilit\u00e9 de l&rsquo;action aux personnes en situation de handicap\u00e9<\/span><\/h2>\n<p><span style=\"font-family: verdana, geneva, sans-serif; color: #000080;\">Adaptation du parousies et accompagnement non intrusif mais personnalis\u00e9 aux besoins du stagiaire selon informations re\u00e7ues et valid\u00e9es ensemble en amont du contrat de formation.*<\/span><\/p>\n<p>&nbsp;<\/p>\n<p><span style=\"font-family: verdana, geneva, sans-serif; color: #000080;\">* Le nombre d&rsquo;heures pr\u00e9sentielles avec votre formatrice est en rapport direct avec les modalit\u00e9s et le prix de la formation. \u00a0<\/span><\/p>\n","protected":false},"excerpt":{"rendered":"<p>Cette page est plus lisible depuis un PC.\u00a0 Sommaire :\u00a0 Rafraichir et approfondir ses connaissances<\/p>\n","protected":false},"author":1,"featured_media":14519,"comment_status":"closed","ping_status":"open","sticky":false,"template":"","format":"standard","meta":{"footnotes":""},"categories":[80],"tags":[350,575,574,728,420,211,370],"class_list":["post-17721","post","type-post","status-publish","format-standard","has-post-thumbnail","hentry","category-actualites","tag-action-et-jeux-de-role","tag-certification","tag-cpf","tag-enrichissement-du-lexique","tag-francais-perfectionnement","tag-gestion-du-stress","tag-remise-a-niveau"],"_links":{"self":[{"href":"https:\/\/www.leslanguessansstress.fr\/index.php\/wp-json\/wp\/v2\/posts\/17721","targetHints":{"allow":["GET"]}}],"collection":[{"href":"https:\/\/www.leslanguessansstress.fr\/index.php\/wp-json\/wp\/v2\/posts"}],"about":[{"href":"https:\/\/www.leslanguessansstress.fr\/index.php\/wp-json\/wp\/v2\/types\/post"}],"author":[{"embeddable":true,"href":"https:\/\/www.leslanguessansstress.fr\/index.php\/wp-json\/wp\/v2\/users\/1"}],"replies":[{"embeddable":true,"href":"https:\/\/www.leslanguessansstress.fr\/index.php\/wp-json\/wp\/v2\/comments?post=17721"}],"version-history":[{"count":12,"href":"https:\/\/www.leslanguessansstress.fr\/index.php\/wp-json\/wp\/v2\/posts\/17721\/revisions"}],"predecessor-version":[{"id":18597,"href":"https:\/\/www.leslanguessansstress.fr\/index.php\/wp-json\/wp\/v2\/posts\/17721\/revisions\/18597"}],"wp:featuredmedia":[{"embeddable":true,"href":"https:\/\/www.leslanguessansstress.fr\/index.php\/wp-json\/wp\/v2\/media\/14519"}],"wp:attachment":[{"href":"https:\/\/www.leslanguessansstress.fr\/index.php\/wp-json\/wp\/v2\/media?parent=17721"}],"wp:term":[{"taxonomy":"category","embeddable":true,"href":"https:\/\/www.leslanguessansstress.fr\/index.php\/wp-json\/wp\/v2\/categories?post=17721"},{"taxonomy":"post_tag","embeddable":true,"href":"https:\/\/www.leslanguessansstress.fr\/index.php\/wp-json\/wp\/v2\/tags?post=17721"}],"curies":[{"name":"wp","href":"https:\/\/api.w.org\/{rel}","templated":true}]}}