{"id":17510,"date":"2025-02-05T14:01:47","date_gmt":"2025-02-05T13:01:47","guid":{"rendered":"https:\/\/www.leslanguessansstress.fr\/?p=17510"},"modified":"2025-02-05T14:01:47","modified_gmt":"2025-02-05T13:01:47","slug":"developpement-personnel-2","status":"publish","type":"post","link":"https:\/\/www.leslanguessansstress.fr\/index.php\/2025\/02\/05\/developpement-personnel-2\/","title":{"rendered":"D\u00e9veloppement personnel"},"content":{"rendered":"<p style=\"text-align: justify;\"><span style=\"font-size: 16px; color: #000080; font-family: verdana, geneva, sans-serif;\">Le centre de formation Les langues sans stress propose avec ou sans \u00e9tude linguistique des sessions sp\u00e9ciales en d\u00e9veloppement personnel :<\/span><\/p>\n<p style=\"text-align: left;\"><span style=\"color: #13abab; font-size: 20px;\"><strong><span style=\"font-family: verdana, geneva, sans-serif;\">Mais au fait, qu&rsquo;est-ce que le d\u00e9veloppement personnel ?<\/span><\/strong><\/span><br \/>\n<span style=\"color: #000080; font-family: verdana, geneva, sans-serif;\">C&rsquo;est l&rsquo;ensemble des activit\u00e9s proposant de d\u00e9velopper une connaissance de soi, de valoriser ses talents et potentiels, de travailler \u00e0 une meilleure qualit\u00e9 de vie, et \u00e0 la r\u00e9alisation de ses aspirations et de ses r\u00eaves. <\/span><\/p>\n<p style=\"text-align: left;\"><span style=\"color: #000080; font-family: verdana, geneva, sans-serif;\">Pour une meilleure vue d&rsquo;ensemble, j&rsquo;ai d\u00e9velopp\u00e9 ci-dessous trois activit\u00e9s majeures du d\u00e9veloppement personnel. Sinon, vous pouvez aller directement \u00e0 l&rsquo;activit\u00e9 souhait\u00e9e en cliquant sur \u00ab\u00a0lien\u00a0\u00bb:<\/span><\/p>\n<ol style=\"text-align: justify;\">\n<li><span style=\"font-size: 16px; color: #000080; font-family: verdana, geneva, sans-serif;\">La gestion du stress<span style=\"font-family: verdana, geneva, sans-serif;\">\u00a0<span style=\"color: #0000ff;\"><a style=\"color: #0000ff;\" href=\"https:\/\/www.leslanguessansstress.fr\/index.php\/sans-stress\/\" target=\"_blank\" rel=\"noopener\">lien<\/a><\/span><\/span><\/span><\/li>\n<li><span style=\"font-size: 16px; color: #000080; font-family: verdana, geneva, sans-serif;\">La pr\u00e9paration mentale <span style=\"color: #0000ff;\"><a style=\"color: #0000ff;\" href=\"https:\/\/www.leslanguessansstress.fr\/index.php\/2023\/07\/01\/preparation-mentale\/\" target=\"_blank\" rel=\"noopener\">lien<\/a><\/span><\/span><\/li>\n<li><span style=\"font-size: 16px; color: #000080; font-family: verdana, geneva, sans-serif;\">L&rsquo;hypnose <span style=\"color: #0000ff;\"><a style=\"color: #0000ff;\" href=\"https:\/\/www.leslanguessansstress.fr\/index.php\/2023\/03\/21\/hypnose-de-relaxation\/\" target=\"_blank\" rel=\"noopener\"><span style=\"font-family: verdana, geneva, sans-serif;\">lien<\/span><\/a><\/span><\/span><\/li>\n<\/ol>\n<h1 style=\"text-align: center;\"><img loading=\"lazy\" decoding=\"async\" class=\" wp-image-14346 aligncenter\" src=\"https:\/\/www.leslanguessansstress.fr\/wp-content\/uploads\/2022\/10\/De\u0301compresser-se-de\u0301tence-apprendre-la-relaxation-au-quotidien-me\u0301thode-anti-stress-300x145.jpg\" alt=\"\" width=\"366\" height=\"177\" srcset=\"https:\/\/www.leslanguessansstress.fr\/wp-content\/uploads\/2022\/10\/De\u0301compresser-se-de\u0301tence-apprendre-la-relaxation-au-quotidien-me\u0301thode-anti-stress-300x145.jpg 300w, https:\/\/www.leslanguessansstress.fr\/wp-content\/uploads\/2022\/10\/De\u0301compresser-se-de\u0301tence-apprendre-la-relaxation-au-quotidien-me\u0301thode-anti-stress-1024x495.jpg 1024w, https:\/\/www.leslanguessansstress.fr\/wp-content\/uploads\/2022\/10\/De\u0301compresser-se-de\u0301tence-apprendre-la-relaxation-au-quotidien-me\u0301thode-anti-stress-768x371.jpg 768w, https:\/\/www.leslanguessansstress.fr\/wp-content\/uploads\/2022\/10\/De\u0301compresser-se-de\u0301tence-apprendre-la-relaxation-au-quotidien-me\u0301thode-anti-stress-1536x742.jpg 1536w, https:\/\/www.leslanguessansstress.fr\/wp-content\/uploads\/2022\/10\/De\u0301compresser-se-de\u0301tence-apprendre-la-relaxation-au-quotidien-me\u0301thode-anti-stress.jpg 1564w\" sizes=\"auto, (max-width: 366px) 100vw, 366px\" \/><\/h1>\n<h1 style=\"text-align: left;\"><span style=\"color: #13abab; font-family: verdana, geneva, sans-serif; font-size: 28px;\">1 &#8211; La gestion du stress<\/span><\/h1>\n<p style=\"text-align: justify;\"><strong><span style=\"font-family: verdana, geneva, sans-serif; color: #000080;\"><span style=\"font-family: verdana, geneva, sans-serif; font-size: 16px; color: #000080;\">Qu&rsquo;est-ce que la gestion du stress ?<\/span><\/span><\/strong><\/p>\n<p style=\"text-align: justify;\"><span style=\"color: #000080; font-family: verdana, geneva, sans-serif;\">C&rsquo;est la capacit\u00e9 \u00e0 faire preuve de sang-froid pour \u00e9viter d&rsquo;\u00eatre sur la d\u00e9fensive afin de garder le contr\u00f4le de soi. Pouvoir limiter les \u00e9motions envahissantes permet d&rsquo;agir efficacement face \u00e0 une situation non souhait\u00e9e ou lors d&rsquo;un \u00e9v\u00e9nement ressenti comme dangereux. \u00a0<\/span><\/p>\n<p style=\"text-align: justify;\"><span style=\"color: #000080; font-family: verdana, geneva, sans-serif;\"><span style=\"text-decoration: underline;\">Techniques de gestion du stress<\/span> :<br \/>\nLe ralentissement des mouvements qui permet le contr\u00f4le de soi<br \/>\nLa respiration profonde qui apaise<br \/>\nLe massage relaxant du visage, des oreilles, du cuir chevelu, des mains, des pieds, du dos&#8230;<br \/>\nLa pause de quelques minutes pour reprendre des forces<br \/>\nLa visualisation d&rsquo;une situation bienfaisante\u00a0<\/span><\/p>\n<p>&nbsp;<\/p>\n<h1 style=\"text-align: left;\"><span style=\"color: #13abab; font-family: verdana, geneva, sans-serif; font-size: 28px;\">2 &#8211; La pr\u00e9paration mentale, clef de vos performances\u00a0<\/span><\/h1>\n<p style=\"text-align: justify;\"><strong><span style=\"font-family: verdana, geneva, sans-serif; color: #000080;\"><span style=\"font-family: verdana, geneva, sans-serif; font-size: 16px; color: #000080;\">Qu&rsquo;est-ce que la performance ?<\/span><\/span><\/strong><\/p>\n<p style=\"text-align: justify;\"><span style=\"color: #000080; font-family: verdana, geneva, sans-serif;\">C&rsquo;est mobiliser toutes ses forces et donner le meilleur de soi-m\u00eame pour acc\u00e9der \u00e0 un niveau au-dessus de la <span style=\"caret-color: #000080;\">moyenne<\/span> afin d&rsquo;atteindre son but, qu&rsquo;il soit d&rsquo;entrer dans une grande entreprise, d\u00e9crocher des concours de grandes \u00e9coles, des examens universitaires, acc\u00e9der \u00e0 un niveau d&rsquo;excellence dans un domaine sportif, artistique ou musical, par exemple. mais en fait, tout commence par&#8230; la gestion du stress, le l\u00e2cher-prise et la concentration.<\/span><\/p>\n<p><a href=\"https:\/\/www.leslanguessansstress.fr\/index.php\/2023\/07\/25\/accompagnement-en-preparation-mentale-du-sportif\/\" target=\"_blank\" rel=\"noopener\">INFO URGENCE je recherche&#8230;<\/a><\/p>\n<p style=\"text-align: justify;\"><strong><span style=\"font-family: verdana, geneva, sans-serif; color: #000080;\">A quoi sert la pr\u00e9paration mentale?<\/span><\/strong><\/p>\n<p style=\"text-align: justify;\"><span style=\"font-family: verdana, geneva, sans-serif; color: #000080;\">La pr\u00e9paration mentale est une mise en \u00ab\u00a0bonne condition\u00a0\u00bb pour am\u00e9liorer des comp\u00e9tences ou habilit\u00e9s, des proc\u00e9dures et strat\u00e9gies en vue d&rsquo;augmenter l&rsquo;efficacit\u00e9 d&rsquo;un apprentissage et d&rsquo;optimiser des performances personnelles tout en promouvant le plaisir de la pratique et en favorisant <span style=\"text-decoration: underline;\">l\u2019atteinte de l\u2019autonomie<\/span>, surtout utilis\u00e9e pour le sport et en entreprise, avant des entretiens ou des examens, une audition, un spectacle.<\/span><\/p>\n<p style=\"text-align: justify;\"><span style=\"font-family: verdana, geneva, sans-serif; color: #000080;\">C&rsquo;est l&rsquo;outil parfait de l&rsquo;individuel pour avancer en langue comme en sport ou en n\u00e9gociation.<\/span><\/p>\n<p style=\"text-align: justify;\"><strong><span style=\"font-family: verdana, geneva, sans-serif; color: #000080;\">Pourquoi \u00e7a marche?<\/span><\/strong><\/p>\n<p style=\"text-align: justify;\"><span style=\"font-family: verdana, geneva, sans-serif; color: #000080;\">L&rsquo;accompagnement dans la pr\u00e9paration mentale fonctionne lorsque l&rsquo;accompagnateur permet au client de r\u00e9fl\u00e9chir \u00e0 son propre profil de sportif, musicien ou danseur, de chef d&rsquo;entreprise, d&rsquo;apprenant d&rsquo;une langue ou deux, sans \u00e0-priori, pour d\u00e9velopper des comp\u00e9tences comportementales qui lui sont personnelles, des outils et techniques qui fonctionnent pour lui et son contexte de vie, travail ou social. C&rsquo;est une aide \u00e0 trouver des solutions \u00e0 des situations, apprendre \u00e0 se poser et l\u00e2cher prise, se concentrer sur l&rsquo;essentiel au moment opportun.\u00a0<\/span><\/p>\n<p style=\"text-align: justify;\"><span style=\"font-family: verdana, geneva, sans-serif; color: #000080;\">L&rsquo;accompagnateur en pr\u00e9paration mentale se sert de divers outils pour cibler la r\u00e9flexion attendue mais aussi pour utiliser la capacit\u00e9 d&rsquo;imagerie (parfois inconsciente) tr\u00e8s utile et efficace du client car le cerveau ne fait pas de diff\u00e9rence avec l&rsquo;exp\u00e9rience r\u00e9elle. Celui-ci emmagasine en m\u00e9moire des actions, des gestes techniques et des attitudes associ\u00e9es. Accompagn\u00e9, le client peut apprendre \u00e0 reprogrammer une situation et la transformer ou en inventer une pour correspondre \u00e0 un besoin afin d&rsquo;atteindre un objectif dans les meilleures conditions.<\/span><\/p>\n<p style=\"text-align: justify;\"><strong><span style=\"font-family: verdana, geneva, sans-serif; color: #000080;\">Public <\/span><\/strong><br \/>\n<span style=\"font-family: verdana, geneva, sans-serif; color: #000080;\">TOUS : adultes et enfants<\/span><\/p>\n<blockquote>\n<p style=\"text-align: left;\"><span style=\"font-family: verdana, geneva, sans-serif; color: #000080;\"><em><span style=\"font-family: 'comic sans ms', sans-serif;\">\u2192 Si vous souhaitez plut\u00f4t une action rapide pour r\u00e9gler un probl\u00e8me ou un ressenti, dirigez-vous vers la page HYPNOSE, qui sera bien plus efficace avec des d\u00e9lais plus courts pour penser diff\u00e9remment et am\u00e9liorer votre quotidien, quelle que soit la situation individuelle \u00e0 g\u00e9rer. \u00a0<\/span><\/em> \u00a0<\/span><\/p>\n<\/blockquote>\n<h1 style=\"text-align: center;\"><span style=\"color: #13abab; font-family: verdana, geneva, sans-serif; font-size: 28px;\"><img loading=\"lazy\" decoding=\"async\" class=\"alignnone wp-image-14754\" src=\"https:\/\/www.leslanguessansstress.fr\/wp-content\/uploads\/2023\/05\/Preparation-mentale-en-langues-sans-stress-professionnelles-300x235.webp\" alt=\"\" width=\"204\" height=\"160\" srcset=\"https:\/\/www.leslanguessansstress.fr\/wp-content\/uploads\/2023\/05\/Preparation-mentale-en-langues-sans-stress-professionnelles-300x235.webp 300w, https:\/\/www.leslanguessansstress.fr\/wp-content\/uploads\/2023\/05\/Preparation-mentale-en-langues-sans-stress-professionnelles-1024x802.webp 1024w, https:\/\/www.leslanguessansstress.fr\/wp-content\/uploads\/2023\/05\/Preparation-mentale-en-langues-sans-stress-professionnelles-768x601.webp 768w, https:\/\/www.leslanguessansstress.fr\/wp-content\/uploads\/2023\/05\/Preparation-mentale-en-langues-sans-stress-professionnelles.webp 1280w\" sizes=\"auto, (max-width: 204px) 100vw, 204px\" \/><\/span><\/h1>\n<p><span style=\"color: #13abab;\"><strong><span style=\"font-family: verdana, geneva, sans-serif;\">Fonctionnement de la pr\u00e9paration mentale<\/span><\/strong><\/span><\/p>\n<p><span style=\"color: #000080; font-family: verdana, geneva, sans-serif;\">Son objectif est d\u2019optimiser vos performances tout en pr\u00e9servant votre \u00e9quilibre et votre \u00e9panouissement, nous allons donc mettre <\/span><span style=\"color: #000080; font-family: verdana, geneva, sans-serif;\">en place des strat\u00e9gies et ressources pour am\u00e9liorer les apprentissages et optimiser vos performances pour atteindre<\/span><span style=\"color: #000080; font-family: verdana, geneva, sans-serif;\">\u00a0l&rsquo;objectif final apr\u00e8s l&rsquo;avoir d\u00e9fini concr\u00e8tement et v\u00e9rifi\u00e9 qu&rsquo;il est r\u00e9aliste. <\/span><\/p>\n<p><span style=\"color: #000080; font-family: verdana, geneva, sans-serif;\">&#8211; 1 &#8211; Rester pragmatique et affronter la difficult\u00e9 sans appr\u00e9hension ni \u00e0 priori<\/span><br \/>\n<span style=\"color: #000080; font-family: verdana, geneva, sans-serif;\">&#8211; 2 &#8211; Travailler le mental pour d\u00e9passer les obstacles r\u00e9els et imaginaires.<\/span><\/p>\n<p><span style=\"color: #13abab;\"><strong><span style=\"font-family: verdana, geneva, sans-serif;\">Les \u00e9tapes et s\u00e9ances coach\u00e9es\u00a0<\/span><\/strong><\/span><\/p>\n<p><span style=\"color: #000080; font-family: verdana, geneva, sans-serif;\">Tout commence par la gestion du stress et comprendre son fonctionnement puis reconna\u00eetre votre propre fonctionnement actuel. Transformation du stress n\u00e9gatif en stress positif qui sert de \u00ab\u00a0fuel\u00a0\u00bb pour atteindre vos objectifs.<\/span><\/p>\n<p>&nbsp;<\/p>\n<p><img loading=\"lazy\" decoding=\"async\" class=\"alignnone wp-image-11352 aligncenter\" src=\"https:\/\/www.leslanguessansstress.fr\/wp-content\/uploads\/2020\/09\/Imaginez-votre-vie-avec-des-cours-simples-a-memoriser-et-vvez-la-avec-les-langues-sans-stress-sous-hypnose-CPF-e1614705198476.png\" alt=\"\" width=\"403\" height=\"184\" \/><\/p>\n<h2><span style=\"color: #13abab; font-family: verdana, geneva, sans-serif; font-size: 28px;\">3 &#8211; Hypnose \u00a0<\/span><\/h2>\n<p><span style=\"font-family: verdana, geneva, sans-serif; color: #000080;\">L\u2019hypnose est un moment de relaxation profonde induite par visualisation guid\u00e9e qui ressemble \u00e0 une r\u00eaverie. Le client-apprenant est \u00e9veill\u00e9 et participatif, il apprend \u00e0 trouver en lui des moyens d\u2019aller mieux et il sait mieux se concentrer. Il devient cr\u00e9atif : il imagine, il invente, il peut rappeler des moments agr\u00e9ables pour en utiliser le bien-\u00eatre ressenti. C&rsquo;est pourquoi le <span style=\"text-decoration: underline;\">client-apprenant reste \u00e9veill\u00e9<\/span> mais apais\u00e9 pendant toute la s\u00e9ance de relaxation.<\/span><\/p>\n<p><span style=\"font-family: verdana, geneva, sans-serif; color: #000080;\">Pourquoi je parle de \u00ab\u00a0client-apprenant\u00a0\u00bb : <\/span><\/p>\n<p><span style=\"font-family: verdana, geneva, sans-serif; color: #000080;\">L&rsquo;<em>hypnose \u00e9ricksonienne<\/em> utilis\u00e9e dans la plupart des s\u00e9ances se vit comme un apprentissage avec la participation active de la personne qui reste \u00e9veill\u00e9e, de mani\u00e8re apais\u00e9e, pour se concentrer sur les images d\u00e9crites ou invent\u00e9es qu&rsquo;elle peut d\u00e9velopper en \u00e9coutant l&rsquo;hypnoth\u00e9rapeute.<\/span><\/p>\n<p><span style=\"font-family: verdana, geneva, sans-serif; color: #000080;\">L\u2019hypnose est de l&rsquo;imagerie mentale ax\u00e9e sur le bien-\u00eatre, le mieux-\u00eatre et le changement d\u2019attitude ou de pens\u00e9e pour am\u00e9liorer son quotidien, qu\u2019il soit personnel, professionnel, pour \u00e9vacuer du stress n\u00e9gatif, augmenter sa capacit\u00e9 de concentration, diminuer des douleurs, peurs et des sentiments parasites, sortir des addictions, (re)prendre de bonnes habitudes d\u2019hygi\u00e8ne, de comportement, etc.<\/span><\/p>\n<h3 style=\"text-align: left;\"><span style=\"color: #13abab; font-size: 20px; font-family: verdana, geneva, sans-serif;\">Votre coach en imagerie mentale a suivi un programme pour l&rsquo;am\u00e9lioration de l&rsquo;estime de soi<\/span><\/h3>\n<p style=\"text-align: left;\"><span style=\"font-family: verdana, geneva, sans-serif;\"><span style=\"color: #000080; font-size: 16px;\">Votre coach\u00a0<\/span><span style=\"color: #000080; font-size: 16px;\">Val\u00e9rie NEYRET-VACHEY\u00a0<\/span><span style=\"color: #000080; font-size: 16px;\">est en mesure de vous offrir des prestations en pr\u00e9paration mentale et hypnose hors du commun avec une attestation anglaise pour des prestations visant \u00e0 <\/span><span style=\"color: #000080; font-size: 16px;\">l&rsquo;<a href=\"https:\/\/www.leslanguessansstress.fr\/wp-content\/uploads\/2021\/03\/ValerieNeyret-Vachey_How-to-Lift-Low-Self-Esteem-Certificate.pdf\" target=\"_blank\" rel=\"noopener\">Am\u00e9lioration de l&rsquo;Estime de Soi<\/a> et tout ce qui s&rsquo;y rapporte pour combattre les id\u00e9es noires et rabaissantes, le manque d&rsquo;enthousiasme \u00e0 affronter des difficult\u00e9s, et d\u00e9velopper l&rsquo;envie d&rsquo;aller mieux et plus loin dans la r\u00e9alisation de ses objectifs. \u00a0Elle est aussi f<\/span><span style=\"color: #000080; font-size: 16px;\">ormatrice certifi\u00e9e en 5 langues, en gestion du stress en entreprise et techniques de relaxation avec massages bien-\u00eatre en France.<\/span><\/span><\/p>\n<p style=\"text-align: left;\"><span style=\"color: #000080; font-size: 16px; font-family: verdana, geneva, sans-serif;\">Elle vous soutient dans votre action de d\u00e9veloppement personnel et vous accompagne dans votre parcours mieux-\u00eatre aussi bien dans les salles de son centre de formation, en entreprise ou dans votre collectivit\u00e9 qu&rsquo;en ext\u00e9rieur pour profiter de la beaut\u00e9 de notre r\u00e9gion et se r\u00e9g\u00e9n\u00e9rer ensemble au grand air.<\/span><\/p>\n<p><img loading=\"lazy\" decoding=\"async\" class=\"alignnone size-medium wp-image-14214 aligncenter\" src=\"https:\/\/www.leslanguessansstress.fr\/wp-content\/uploads\/2021\/03\/Hypnose-de-relaxation-et-cours-de-langues-sans-stress-en-exterieur-lorsque-le-temps-le-permet-a-La-Rochette-avec-Valerie-Neyret-Vachey-300x225.jpg\" alt=\"\" width=\"300\" height=\"225\" srcset=\"https:\/\/www.leslanguessansstress.fr\/wp-content\/uploads\/2021\/03\/Hypnose-de-relaxation-et-cours-de-langues-sans-stress-en-exterieur-lorsque-le-temps-le-permet-a-La-Rochette-avec-Valerie-Neyret-Vachey-300x225.jpg 300w, https:\/\/www.leslanguessansstress.fr\/wp-content\/uploads\/2021\/03\/Hypnose-de-relaxation-et-cours-de-langues-sans-stress-en-exterieur-lorsque-le-temps-le-permet-a-La-Rochette-avec-Valerie-Neyret-Vachey-1024x768.jpg 1024w, https:\/\/www.leslanguessansstress.fr\/wp-content\/uploads\/2021\/03\/Hypnose-de-relaxation-et-cours-de-langues-sans-stress-en-exterieur-lorsque-le-temps-le-permet-a-La-Rochette-avec-Valerie-Neyret-Vachey-768x576.jpg 768w, https:\/\/www.leslanguessansstress.fr\/wp-content\/uploads\/2021\/03\/Hypnose-de-relaxation-et-cours-de-langues-sans-stress-en-exterieur-lorsque-le-temps-le-permet-a-La-Rochette-avec-Valerie-Neyret-Vachey-1536x1152.jpg 1536w, https:\/\/www.leslanguessansstress.fr\/wp-content\/uploads\/2021\/03\/Hypnose-de-relaxation-et-cours-de-langues-sans-stress-en-exterieur-lorsque-le-temps-le-permet-a-La-Rochette-avec-Valerie-Neyret-Vachey-720x540.jpg 720w, https:\/\/www.leslanguessansstress.fr\/wp-content\/uploads\/2021\/03\/Hypnose-de-relaxation-et-cours-de-langues-sans-stress-en-exterieur-lorsque-le-temps-le-permet-a-La-Rochette-avec-Valerie-Neyret-Vachey.jpg 1600w\" sizes=\"auto, (max-width: 300px) 100vw, 300px\" \/><\/p>\n<h3><span style=\"color: #13abab; font-size: 28px;\"><strong><span style=\"font-family: verdana, geneva, sans-serif;\">\u00a0Hypnose de th\u00e9rapie br\u00e8ve<\/span><\/strong><\/span><\/h3>\n<p><span style=\"font-family: verdana, geneva, sans-serif; color: #000080;\">Mes prestations et cours sont con\u00e7us en tenant compte du fait que vous n\u2019avez aucune connaissance et compr\u00e9hension pr\u00e9alables de la pr\u00e9paration mentale, de l\u2019hypnose ou de la gestion du stress et de toutes ces techniques. J\u2019ai donc compl\u00e8tement \u00e9vit\u00e9 le jargon m\u00e9dical et je l\u2019ai simplifi\u00e9 pour vous.<\/span><\/p>\n<div id=\"taw\">\n<div id=\"oFNiHe\" data-ved=\"2ahUKEwjJqZbutoj_AhWyVaQEHRB1A88QL3oECAcQAg\">\n<div class=\"O4T6Pe\">\n<div class=\"vqkKIe wHYlTd\">\n<div class=\"eakexd\">\n<div class=\"pTm6Gf\">\n<div id=\"_Kh1rZMnsDbKrkdUPkOqN-Aw_29\">\n<div class=\"mcPPZ yMNJR nP0TDe xg7rAe\">\n<div class=\"qk7LXc TUOsUe P1WYLb Fb1AKc RC7j8\" role=\"dialog\" aria-labelledby=\"instructions-title\">\n<div class=\"sTZCE\"><span style=\"font-family: verdana, geneva, sans-serif; color: #000080;\">Dans le cas de probl\u00e8mes ou situations difficiles ou mal v\u00e9cues par le client-apprenant, j&rsquo;utilise une technique particuli\u00e8rement adaptative apr\u00e8s l&rsquo;anamn\u00e8se (soit \u00ab\u00a0historique\u00a0\u00bb du client). Chaque personne \u00e9tant unique avec des ressentis uniques, il est difficile de donner une nombre pr\u00e9cis de s\u00e9ances d&rsquo;hypnose avant la r\u00e9solution de la probl\u00e9matique mais de mani\u00e8re g\u00e9n\u00e9rale, les premiers r\u00e9sultats sont visibles d\u00e8s la 1\u00e8re ou 2\u00e8me s\u00e9ance.\u00a0<\/span><\/div>\n<\/div>\n<\/div>\n<\/div>\n<p style=\"text-align: left;\"><span style=\"font-family: verdana, geneva, sans-serif;\"><img loading=\"lazy\" decoding=\"async\" class=\" wp-image-11310 aligncenter\" src=\"https:\/\/www.leslanguessansstress.fr\/wp-content\/uploads\/2020\/12\/hypnose-et-ethique-les-langues-sans-stress-prestations-et-cours-eligibles-CPF-a-La-Rochette-Savoie.png\" alt=\"\" width=\"170\" height=\"171\" \/><\/span><\/p>\n<h2 style=\"text-align: left;\"><span style=\"color: #13abab; font-family: verdana, geneva, sans-serif;\">Ethique les langues sans stress\u00a0<\/span><\/h2>\n<p style=\"text-align: left;\"><span style=\"color: #000080; font-family: verdana, geneva, sans-serif;\">Au centre Les langues sans stress, je travaille dans le cadre de directives \u00e9thiques strictes pour m&rsquo;assurer que chaque programme r\u00e9pond aux normes professionnelles les plus \u00e9lev\u00e9es, bas\u00e9es sur les recherches et les connaissances actuelles pr\u00e9paration mentale, hypnose, langues vivantes, gestion du stress, massages de relaxation. J&rsquo;utilise \u00e9galement mes connaissances sur l&rsquo;utilit\u00e9 de l&rsquo;hypnose pour orienter les sujets que nous abordons.<\/span><\/p>\n<p><span style=\"font-family: verdana, geneva, sans-serif; color: #000080;\">Praticienne hypnoth\u00e9rapeute certifi\u00e9e, je suis intuitive et tr\u00e8s proche des pr\u00e9occupations de la vie courante.<\/span><br \/>\n<span style=\"font-family: verdana, geneva, sans-serif; color: #000080;\">Mes formules sont \u00e9loign\u00e9es de l\u2019\u00e9sot\u00e9risme et mon accompagnement est r\u00e9solument pragmatique.<\/span><\/p>\n<\/div>\n<\/div>\n<\/div>\n<\/div>\n<\/div>\n<\/div>\n<p><span style=\"color: #13abab;\"><strong><span style=\"font-family: verdana, geneva, sans-serif;\">Modalit\u00e9s<\/span><\/strong><\/span><\/p>\n<p><span style=\"font-family: verdana, geneva, sans-serif;\"><span style=\"color: #000080;\">Information compl\u00e8te et modalit\u00e9s des stages et formations :<\/span> <a href=\"https:\/\/www.leslanguessansstress.fr\/index.php\/2022\/02\/04\/livret-daccueil-stagiaire\/\" target=\"_blank\" rel=\"noopener\">Livret d\u2019accueil du stagiaire<\/a>.<\/span><br \/>\n<span style=\"font-family: verdana, geneva, sans-serif; color: #000080;\">Veuillez consulter ce livret avant de vous engager dans une formation et tout au long de votre parcours individuel.<\/span><br \/>\n<span style=\"font-family: verdana, geneva, sans-serif;\"><span style=\"color: #000080;\">Conseil et rendez-vous :<\/span>\u00a0<a href=\"https:\/\/www.leslanguessansstress.fr\/index.php\/nous-contacter\/\" target=\"_blank\" rel=\"noopener noreferrer\">Nous contacter<\/a><\/span><\/p>\n","protected":false},"excerpt":{"rendered":"<p>Le centre de formation Les langues sans stress propose avec ou sans \u00e9tude linguistique des<\/p>\n","protected":false},"author":1,"featured_media":14271,"comment_status":"closed","ping_status":"open","sticky":false,"template":"","format":"standard","meta":{"footnotes":""},"categories":[80],"tags":[561,211],"class_list":["post-17510","post","type-post","status-publish","format-standard","has-post-thumbnail","hentry","category-actualites","tag-developpement-personnel","tag-gestion-du-stress"],"_links":{"self":[{"href":"https:\/\/www.leslanguessansstress.fr\/index.php\/wp-json\/wp\/v2\/posts\/17510","targetHints":{"allow":["GET"]}}],"collection":[{"href":"https:\/\/www.leslanguessansstress.fr\/index.php\/wp-json\/wp\/v2\/posts"}],"about":[{"href":"https:\/\/www.leslanguessansstress.fr\/index.php\/wp-json\/wp\/v2\/types\/post"}],"author":[{"embeddable":true,"href":"https:\/\/www.leslanguessansstress.fr\/index.php\/wp-json\/wp\/v2\/users\/1"}],"replies":[{"embeddable":true,"href":"https:\/\/www.leslanguessansstress.fr\/index.php\/wp-json\/wp\/v2\/comments?post=17510"}],"version-history":[{"count":1,"href":"https:\/\/www.leslanguessansstress.fr\/index.php\/wp-json\/wp\/v2\/posts\/17510\/revisions"}],"predecessor-version":[{"id":17511,"href":"https:\/\/www.leslanguessansstress.fr\/index.php\/wp-json\/wp\/v2\/posts\/17510\/revisions\/17511"}],"wp:featuredmedia":[{"embeddable":true,"href":"https:\/\/www.leslanguessansstress.fr\/index.php\/wp-json\/wp\/v2\/media\/14271"}],"wp:attachment":[{"href":"https:\/\/www.leslanguessansstress.fr\/index.php\/wp-json\/wp\/v2\/media?parent=17510"}],"wp:term":[{"taxonomy":"category","embeddable":true,"href":"https:\/\/www.leslanguessansstress.fr\/index.php\/wp-json\/wp\/v2\/categories?post=17510"},{"taxonomy":"post_tag","embeddable":true,"href":"https:\/\/www.leslanguessansstress.fr\/index.php\/wp-json\/wp\/v2\/tags?post=17510"}],"curies":[{"name":"wp","href":"https:\/\/api.w.org\/{rel}","templated":true}]}}