{"id":17471,"date":"2026-02-12T07:19:49","date_gmt":"2026-02-12T06:19:49","guid":{"rendered":"https:\/\/www.leslanguessansstress.fr\/?p=17471"},"modified":"2026-02-13T15:33:12","modified_gmt":"2026-02-13T14:33:12","slug":"module-langue-des-affaires","status":"publish","type":"post","link":"https:\/\/www.leslanguessansstress.fr\/index.php\/2026\/02\/12\/module-langue-des-affaires\/","title":{"rendered":"Les affaires (module court)"},"content":{"rendered":"<p><span style=\"font-family: verdana, geneva, sans-serif; color: #000080; font-size: 14px;\">PGAF07 module \u00e0 ins\u00e9rer dans un programme g\u00e9n\u00e9ral d&rsquo;\u00e9tude d&rsquo;une langue ou \u00e0 utiliser seul en programme de perfectionnement\u00a0<\/span><\/p>\n<h1><span style=\"font-size: 14px; font-family: verdana, geneva, sans-serif;\"><img loading=\"lazy\" decoding=\"async\" class=\"alignnone size-medium wp-image-14383 aligncenter\" src=\"https:\/\/www.leslanguessansstress.fr\/wp-content\/uploads\/2022\/10\/QUALIOPI-action-de-formation-renouvele\u0301-20221009-Les-langues-sans-stress--300x193.jpg\" alt=\"\" width=\"300\" height=\"193\" srcset=\"https:\/\/www.leslanguessansstress.fr\/wp-content\/uploads\/2022\/10\/QUALIOPI-action-de-formation-renouvele\u0301-20221009-Les-langues-sans-stress--300x193.jpg 300w, https:\/\/www.leslanguessansstress.fr\/wp-content\/uploads\/2022\/10\/QUALIOPI-action-de-formation-renouvele\u0301-20221009-Les-langues-sans-stress--1024x660.jpg 1024w, https:\/\/www.leslanguessansstress.fr\/wp-content\/uploads\/2022\/10\/QUALIOPI-action-de-formation-renouvele\u0301-20221009-Les-langues-sans-stress--768x495.jpg 768w, https:\/\/www.leslanguessansstress.fr\/wp-content\/uploads\/2022\/10\/QUALIOPI-action-de-formation-renouvele\u0301-20221009-Les-langues-sans-stress-.jpg 1504w\" sizes=\"auto, (max-width: 300px) 100vw, 300px\" \/><\/span><\/h1>\n<h1 style=\"font-weight: 400;\"><span style=\"color: #000080; font-size: 24px; font-family: verdana, geneva, sans-serif;\">Comprendre et utiliser efficacement le vocabulaire des affaires<\/span><\/h1>\n<div class=\"product__intro\"><span style=\"color: #000080; font-family: verdana, geneva, sans-serif; font-size: 14px;\"> <img loading=\"lazy\" decoding=\"async\" class=\"size-medium wp-image-14035 alignleft\" src=\"https:\/\/www.leslanguessansstress.fr\/wp-content\/uploads\/2022\/09\/Langues-des-affaires-300x170.jpg\" alt=\"\" width=\"300\" height=\"170\" srcset=\"https:\/\/www.leslanguessansstress.fr\/wp-content\/uploads\/2022\/09\/Langues-des-affaires-300x170.jpg 300w, https:\/\/www.leslanguessansstress.fr\/wp-content\/uploads\/2022\/09\/Langues-des-affaires.jpg 522w\" sizes=\"auto, (max-width: 300px) 100vw, 300px\" \/>Objectif du module AFFAIRES<\/span><\/div>\n<div class=\"product__paragraph\">\n<div class=\"field field--name-field-paragraphs-left field--type-entity-reference-revisions field--label-hidden field__items\">\n<div class=\"field__item\">\n<div class=\"paragraph paragraph--type--editorial paragraph--view-mode--default\">\n<div class=\"clearfix text-formatted field field--name-field-description field--type-text-long field--label-hidden field__item\">\n<p><span style=\"font-family: verdana, geneva, sans-serif; color: #000080; font-size: 14px;\">Apprendre ou revoir l&rsquo;essentiel du vocabulaire de base utile \u00e0 la compr\u00e9hension de situations ou communiqu\u00e9s sur les affaires.<\/span><br \/>\n<span style=\"font-family: verdana, geneva, sans-serif; color: #000080; font-size: 14px;\">Acqu\u00e9rir les expressions et le lexique sp\u00e9cifique aux affaires. <\/span><br \/>\n<span style=\"font-family: verdana, geneva, sans-serif; color: #000080; font-size: 14px;\">Comprendre des textes et discours orient\u00e9s affaires internationales. <\/span><br \/>\n<span style=\"font-family: verdana, geneva, sans-serif; color: #000080; font-size: 14px;\">Pouvoir \u00e9changer sur de nouveaux th\u00e8mes extraits de situations typiques. <\/span><br \/>\n<span style=\"font-family: verdana, geneva, sans-serif; color: #000080; font-size: 14px;\">S&rsquo;exprimer avec confiance sur des th\u00e8mes du quotidien et socioprofessionnels en langues \u00e9trang\u00e8res. <\/span><br \/>\n<span style=\"font-family: verdana, geneva, sans-serif; color: #000080; font-size: 14px;\">Rendre son expression \u00e9crite et orale plus attrayante et pr\u00e9cise. <\/span><br \/>\n<span style=\"font-family: verdana, geneva, sans-serif; color: #000080; font-size: 14px;\">Evoluer vers un poste n\u00e9cessitant une autonomie plus importante de la langue cible.<\/span><\/p>\n<\/div>\n<\/div>\n<\/div>\n<div class=\"field__item\">\n<div class=\"paragraph paragraph--type--editorial paragraph--view-mode--default\">\n<div class=\"field__item titleCKeditor\"><span style=\"color: #000080; font-size: 20px; font-family: verdana, geneva, sans-serif;\">Programme : parler d&rsquo;affaires disponible en anglais, allemand, espagnol et FLE. \u00a0\u00a0<\/span><\/div>\n<\/div>\n<\/div>\n<\/div>\n<\/div>\n<p><span style=\"color: #000080; font-family: verdana, geneva, sans-serif; font-size: 14px;\"><strong>L&rsquo;entreprise<\/strong><\/span><br \/>\n<span style=\"color: #000080; font-family: verdana, geneva, sans-serif; font-size: 14px;\">types de soci\u00e9t\u00e9s, locaux de l&rsquo;entreprise<\/span><br \/>\n<span style=\"color: #000080; font-family: verdana, geneva, sans-serif; font-size: 14px;\">sigles<\/span><br \/>\n<span style=\"color: #000080; font-family: verdana, geneva, sans-serif; font-size: 14px;\">m\u00e9tiers et fonctions<\/span><br \/>\n<span style=\"color: #000080; font-family: verdana, geneva, sans-serif; font-size: 14px;\"><strong>Les services<\/strong><\/span><br \/>\n<span style=\"color: #000080; font-family: verdana, geneva, sans-serif; font-size: 14px;\">resources humaines<\/span><br \/>\n<span style=\"color: #000080; font-family: verdana, geneva, sans-serif; font-size: 14px;\">recherche-d\u00e9veloppement<\/span><br \/>\n<span style=\"color: #000080; font-family: verdana, geneva, sans-serif; font-size: 14px;\">finances<\/span><br \/>\n<span style=\"color: #000080; font-family: verdana, geneva, sans-serif; font-size: 14px;\">juridique<\/span><br \/>\n<span style=\"color: #000080; font-family: verdana, geneva, sans-serif; font-size: 14px;\">banque et bourse<\/span><br \/>\n<span style=\"color: #000080; font-family: verdana, geneva, sans-serif; font-size: 14px;\">comptabilit\u00e9<\/span><br \/>\n<span style=\"color: #000080; font-family: verdana, geneva, sans-serif; font-size: 14px;\">ventes<\/span><br \/>\n<span style=\"color: #000080; font-family: verdana, geneva, sans-serif; font-size: 14px;\">logistique<\/span><br \/>\n<span style=\"color: #000080; font-family: verdana, geneva, sans-serif; font-size: 14px;\">marketing\/publicit\u00e9<\/span><br \/>\n<span style=\"color: #000080; font-family: verdana, geneva, sans-serif; font-size: 14px;\"><strong>G\u00e9rer sa carri\u00e8re<\/strong><\/span><br \/>\n<span style=\"color: #000080; font-family: verdana, geneva, sans-serif; font-size: 14px;\">embauche et prise de fonction<\/span><br \/>\n<span style=\"color: #000080; font-family: verdana, geneva, sans-serif; font-size: 14px;\">avancement<\/span><br \/>\n<span style=\"color: #000080; font-family: verdana, geneva, sans-serif; font-size: 14px;\"><strong>Communication <\/strong><\/span><br \/>\n<span style=\"color: #000080; font-family: verdana, geneva, sans-serif; font-size: 14px;\">au t\u00e9l\u00e9phone, fax en ligne<\/span><br \/>\n<span style=\"color: #000080; font-family: verdana, geneva, sans-serif; font-size: 14px;\">correspondance commerciale<\/span><br \/>\n<span style=\"color: #000080; font-family: verdana, geneva, sans-serif; font-size: 14px;\">r\u00e9union<\/span><br \/>\n<span style=\"color: #000080; font-family: verdana, geneva, sans-serif; font-size: 14px;\">transactions commerciales<\/span><br \/>\n<span style=\"color: #000080; font-family: verdana, geneva, sans-serif; font-size: 14px;\">les commandes<\/span><br \/>\n<span style=\"color: #000080; font-family: verdana, geneva, sans-serif; font-size: 14px;\">commerce international<\/span><br \/>\n<span style=\"color: #000080; font-family: verdana, geneva, sans-serif; font-size: 14px;\">contrats, notariat<\/span><br \/>\n<span style=\"color: #000080; font-family: verdana, geneva, sans-serif; font-size: 14px;\">contentieux, r\u00e9clamation<\/span><br \/>\n<span style=\"color: #000080; font-family: verdana, geneva, sans-serif; font-size: 14px;\">n\u00e9gociation<\/span><br \/>\n<span style=\"color: #000080; font-family: verdana, geneva, sans-serif; font-size: 14px;\"><strong>Voyage d&rsquo;affaires<\/strong><\/span><br \/>\n<span style=\"color: #000080; font-family: verdana, geneva, sans-serif; font-size: 14px;\">pr\u00e9parer son voyage<\/span><br \/>\n<span style=\"color: #000080; font-family: verdana, geneva, sans-serif; font-size: 14px;\">les tribulations du voyageur d&rsquo;affaires<\/span><br \/>\n<span style=\"color: #000080; font-family: verdana, geneva, sans-serif; font-size: 14px;\">foires\/salons\/congr\u00e8s<\/span><br \/>\n<span style=\"color: #000080; font-family: verdana, geneva, sans-serif; font-size: 14px;\"><strong>Contexte \u00e9conomique<\/strong><\/span><br \/>\n<span style=\"font-size: 14px; font-family: verdana, geneva, sans-serif;\"><span style=\"color: #000080;\">sigles internationaux \/accords<\/span> <span style=\"color: #000080;\">r\u00e9gionaux<\/span><\/span><br \/>\n<span style=\"color: #000080; font-family: verdana, geneva, sans-serif; font-size: 14px;\">mondialisation<\/span><br \/>\n<span style=\"color: #000080; font-family: verdana, geneva, sans-serif; font-size: 14px;\">environnement<\/span><\/p>\n<p><strong><span style=\"color: #000080; font-family: verdana, geneva, sans-serif; font-size: 14px;\">Niveau<\/span><\/strong><\/p>\n<div class=\"field__item\">\n<div class=\"paragraph paragraph--type--editorial paragraph--view-mode--default\">\n<div class=\"clearfix text-formatted field field--name-field-description field--type-text-long field--label-hidden field__item\">\n<div>\n<p><span style=\"color: #000080; font-family: verdana, geneva, sans-serif; font-size: 14px;\">Accessible d\u00e8s le niveau interm\u00e9diaire A2\/B1 et plus<br \/>\nPerfectionnement et approfondissement des connaissances<\/span><\/p>\n<p><strong><span style=\"color: #000080; font-family: verdana, geneva, sans-serif; font-size: 14px;\">Dur\u00e9e<\/span><\/strong><br \/>\n<span style=\"color: #000080; font-family: verdana, geneva, sans-serif; font-size: 14px;\">Sans dur\u00e9e fixe : vous pouvez apprendre choisir les th\u00e8mes des mots au fur et \u00e0 mesure des le\u00e7ons \u00e9tudi\u00e9es dans votre programme de langues ou apr\u00e8s votre formation, \u00e0 raison de 2 \u00e0 10 mots par jour, selon votre capacit\u00e9 individuelle d&rsquo;assimilation et de m\u00e9morisation avec des r\u00e9visions en spirale ou suivre une formation cibl\u00e9e de 30 \u00e0 65 heures, certifiante.<\/span><\/p>\n<p><span style=\"font-size: 14px; font-family: verdana, geneva, sans-serif;\"><img loading=\"lazy\" decoding=\"async\" class=\"alignnone size-medium wp-image-14125 aligncenter\" src=\"https:\/\/www.leslanguessansstress.fr\/wp-content\/uploads\/2022\/10\/programme-adapte-a-5-langues-sans-stress-CPF-300x35.jpg\" alt=\"\" width=\"300\" height=\"35\" srcset=\"https:\/\/www.leslanguessansstress.fr\/wp-content\/uploads\/2022\/10\/programme-adapte-a-5-langues-sans-stress-CPF-300x35.jpg 300w, https:\/\/www.leslanguessansstress.fr\/wp-content\/uploads\/2022\/10\/programme-adapte-a-5-langues-sans-stress-CPF.jpg 702w\" sizes=\"auto, (max-width: 300px) 100vw, 300px\" \/><\/span><\/p>\n<\/div>\n<div class=\"product__paragraph\">\n<div class=\"field field--name-field-paragraphs-left field--type-entity-reference-revisions field--label-hidden field__items\">\n<div class=\"field__item\">\n<div class=\"paragraph paragraph--type--editorial paragraph--view-mode--default\">\n<div class=\"clearfix text-formatted field field--name-field-description field--type-text-long field--label-hidden field__item\">\n<p><span style=\"color: #000080; font-size: 14px; font-family: verdana, geneva, sans-serif;\">Condition d\u2019acc\u00e8s<\/span><\/p>\n<\/div>\n<\/div>\n<\/div>\n<\/div>\n<\/div>\n<p><span style=\"font-family: verdana, geneva, sans-serif; font-size: 14px;\"><span style=\"color: #000080;\">\u00a01 &#8211; Suivre un programme d&rsquo;\u00e9tude d&rsquo;une langue en anglais, allemand, espagnol et\/ou FLE invers\u00e9 depuis l&rsquo;une des langues mentionn\u00e9es. <span style=\"color: #000080;\">Toutes les informations sont regroup\u00e9es dans notre LIVRET D&rsquo;ACCUEIL, nous vous invitons \u00e0 en prendre connaissance avant d&rsquo;inclure ce <strong>module de perfectionnement \u00ab\u00a0AFFAIRES\u00a0\u00bb <\/strong>\u00e0 votre programme d&rsquo;\u00e9tude d&rsquo;une langue \u00e9trang\u00e8re.<\/span><\/span><\/span><\/p>\n<p><span style=\"font-size: 14px; font-family: verdana, geneva, sans-serif;\"><span style=\"color: #000080;\">2 &#8211; Participer aux ateliers \u00a0de mise en pratique des acquis de l&rsquo;\u00e9crit vers l&rsquo;oral avec <\/span><span style=\"color: #000080;\">jeux de m\u00e9morisation du vocabulaire et de la grammaire ou hypnose de relaxation pour d\u00e9velopper la concentration. \u00a0<\/span><\/span><\/p>\n<p><span style=\"font-family: verdana, geneva, sans-serif; color: #000080; font-size: 14px;\">3 &#8211; Le niveau CECRL d&rsquo;entr\u00e9e conseill\u00e9 est A2\/B1 pour comprendre la construction des phrases simples \u00e0 complexes rencontr\u00e9es dans les textes et articles de presse. Si vous avez le temps d&rsquo;apprendre les bases essentielles \u00e0 la construction de la phrase, vous pouvez int\u00e9grer ce module d\u00e8s le niveau seuil A2.<\/span><\/p>\n<p><span style=\"font-size: 14px; font-family: verdana, geneva, sans-serif;\"><img loading=\"lazy\" decoding=\"async\" class=\"alignnone size-medium wp-image-14157 aligncenter\" src=\"https:\/\/www.leslanguessansstress.fr\/wp-content\/uploads\/2022\/10\/Mon-compte-formation-CPF-les-langues-sans-stress-300x159.jpg\" alt=\"\" width=\"300\" height=\"159\" srcset=\"https:\/\/www.leslanguessansstress.fr\/wp-content\/uploads\/2022\/10\/Mon-compte-formation-CPF-les-langues-sans-stress-300x159.jpg 300w, https:\/\/www.leslanguessansstress.fr\/wp-content\/uploads\/2022\/10\/Mon-compte-formation-CPF-les-langues-sans-stress.jpg 646w\" sizes=\"auto, (max-width: 300px) 100vw, 300px\" \/><\/span><\/p>\n<h1 style=\"font-weight: 400;\"><span style=\"color: #000080; font-family: verdana, geneva, sans-serif; font-size: 20px;\">Activez votre budget CPF pour vous former en langues des affaires et certifier vos comp\u00e9tences d\u00e8s le niveau A2 et plus<\/span><\/h1>\n<p style=\"font-weight: 400;\"><span style=\"color: #000080; font-family: verdana, geneva, sans-serif; font-size: 14px;\">Veuillez vous connecter \u00e0 votre interface MON COMPTE FORMATION pour v\u00e9rifier votre \u00e9ligibilit\u00e9 \u00e0 la formation CPF et actualiser le montant de vos droits.<\/span><br \/>\n<span style=\"font-family: verdana, geneva, sans-serif; color: #000080; font-size: 14px;\">A r\u00e9ception de votre demande d\u00e9taill\u00e9e, nous prendrons en compte votre niveau d&rsquo;entr\u00e9e en formation et vos objectifs pour personnaliser un programme \u00e0 votre profil d&rsquo;apprenant selon votre contexte professionnel. <\/span><br \/>\n<span style=\"font-family: verdana, geneva, sans-serif; color: #000080; font-size: 14px;\">Notre organisme de formation est partenaire des tests CLO\u00c9 et TOEIC, Le Robert, selon la langue d&rsquo;\u00e9tude (\u00e0 d\u00e9terminer en amont de la formation CPF). <\/span><\/p>\n<h1 style=\"font-weight: 400;\"><span style=\"color: #000080; font-family: verdana, geneva, sans-serif; font-size: 14px;\">Pour b\u00e9n\u00e9ficier du financement CPF partiel ou entier de votre formation, vous devez accepter de pr\u00e9parer et de passer le test de certification en anglais courant dans un contexte standard d&rsquo;\u00e9changes en <\/span><span style=\"caret-color: #000080;\">entreprise<\/span><span style=\"color: #000080; font-family: verdana, geneva, sans-serif; font-size: 14px;\">\u00a0niveau seuil A2 ou plus au 2\/3 de la formation, modalit\u00e9 obligatoire MON COMPTE FORMATION, puis d&rsquo;am\u00e9liorer vos connaissances en mettant en place l&rsquo;autocorrection selon besoins d\u00e9cel\u00e9s par la formatrice et les r\u00e9sultats du test.<\/span><\/h1>\n<div class=\"the_content\">\n<div>\n<div class=\"ng-star-inserted\">\n<div class=\"control-catalog-fields-width ng-star-inserted\">\n<h3 style=\"font-weight: 400;\"><span style=\"font-size: 14px; color: #3366ff; font-family: verdana, geneva, sans-serif;\">Pas de CPF?\u00a0<\/span><br \/>\n<span style=\"font-family: verdana, geneva, sans-serif; color: #3366ff; font-size: 14px;\">Il existe d&rsquo;autres moyens de financer votre formation. <\/span><\/h3>\n<p><span style=\"font-family: verdana, geneva, sans-serif; color: #000080; font-size: 14px;\">Vous n&rsquo;avez pas acc\u00e8s au financement CPF ou tr\u00e8s peu de budget \u00e9pargn\u00e9 ? <\/span><br \/>\n<span style=\"font-family: verdana, geneva, sans-serif; color: #000080; font-size: 14px;\">Ou vous reculez devant le test de certification par peur des tests?<\/span><br \/>\n<span style=\"font-family: verdana, geneva, sans-serif; font-size: 14px;\"><span style=\"color: #000080;\">Contactez-nous avec un maximum d&rsquo;\u00e9l\u00e9ments pour trouver la solution \u00e0 votre situation individuelle et faire de votre projet une r\u00e9alit\u00e9.<\/span><\/span><\/p>\n<p><span style=\"font-family: verdana, geneva, sans-serif; font-size: 14px;\"><span style=\"color: #000080;\"><strong>La formatrice est aussi certifi\u00e9e pr\u00e9paratrice mentale<\/strong> : profitez-en pour vaincre vos peurs et certifiez enfin vos comp\u00e9tences au niveau de vos connaissances individuelles avec aisance et confiance.<br \/>\nVeuillez prendre connaissances des modalit\u00e9s de nos parcours d&rsquo;anglais professionnel par m\u00e9tier dans le <a href=\"https:\/\/www.leslanguessansstress.fr\/index.php\/certification-cpf\/\" target=\"_blank\" rel=\"noopener\"><strong>livret d&rsquo;accueil du stagiaire <\/strong><\/a><\/span><\/span><br \/>\n<span style=\"font-family: verdana, geneva, sans-serif; font-size: 14px;\"><span style=\"color: #000080;\">TARIFS et DUR\u00c9E, DATES sont des modalit\u00e9s personnalisables selon votre profil d&rsquo;apprenant, le budget, vos contraintes et le financement choisi.<br \/>\n<\/span><span style=\"color: #000080;\">Veuillez nous exposer votre situation et vos objectifs avec la date limite pour valider la formation &#8211; <\/span><span style=\"color: #0000ff;\"><a style=\"color: #0000ff;\" href=\"https:\/\/www.leslanguessansstress.fr\/index.php\/nous-contacter\/\" target=\"_blank\" rel=\"noopener\"><strong>nous contacter<\/strong><\/a>.<\/span><\/span><\/p>\n<\/div>\n<\/div>\n<p><span style=\"font-family: verdana, geneva, sans-serif; font-size: 14px;\"><img loading=\"lazy\" decoding=\"async\" class=\"alignnone wp-image-16444 aligncenter\" src=\"https:\/\/www.leslanguessansstress.fr\/wp-content\/uploads\/2024\/08\/20240828-charte-de-deontologie-Qualiopi--300x271.jpg\" alt=\"\" width=\"207\" height=\"187\" srcset=\"https:\/\/www.leslanguessansstress.fr\/wp-content\/uploads\/2024\/08\/20240828-charte-de-deontologie-Qualiopi--300x271.jpg 300w, https:\/\/www.leslanguessansstress.fr\/wp-content\/uploads\/2024\/08\/20240828-charte-de-deontologie-Qualiopi-.jpg 370w\" sizes=\"auto, (max-width: 207px) 100vw, 207px\" \/><\/span><\/p>\n<\/div>\n<\/div>\n<p style=\"font-weight: 400;\"><span style=\"font-family: verdana, geneva, sans-serif; color: #000080; font-size: 14px;\">Au plaisir de vous rencontrer pour une devis avec un programme personnalis\u00e9 \u00e0 votre profil d&rsquo;apprenant et vos besoins.<\/span><\/p>\n<\/div>\n<\/div>\n<\/div>\n","protected":false},"excerpt":{"rendered":"<p>PGAF07 module \u00e0 ins\u00e9rer dans un programme g\u00e9n\u00e9ral d&rsquo;\u00e9tude d&rsquo;une langue ou \u00e0 utiliser seul<\/p>\n","protected":false},"author":1,"featured_media":14035,"comment_status":"closed","ping_status":"open","sticky":false,"template":"","format":"standard","meta":{"footnotes":""},"categories":[545,546,348,432,371],"tags":[112,108,573,666,686,113,347,727,202,613],"class_list":["post-17471","post","type-post","status-publish","format-standard","has-post-thumbnail","hentry","category-ados","category-adultes","category-cpf-certificats","category-langues","category-programme","tag-allemand","tag-anglais","tag-espagnol","tag-financement-cpf","tag-francais-et-fle","tag-italien","tag-langues","tag-langues-des-affaires","tag-perfectionnement","tag-preparation-test"],"_links":{"self":[{"href":"https:\/\/www.leslanguessansstress.fr\/index.php\/wp-json\/wp\/v2\/posts\/17471","targetHints":{"allow":["GET"]}}],"collection":[{"href":"https:\/\/www.leslanguessansstress.fr\/index.php\/wp-json\/wp\/v2\/posts"}],"about":[{"href":"https:\/\/www.leslanguessansstress.fr\/index.php\/wp-json\/wp\/v2\/types\/post"}],"author":[{"embeddable":true,"href":"https:\/\/www.leslanguessansstress.fr\/index.php\/wp-json\/wp\/v2\/users\/1"}],"replies":[{"embeddable":true,"href":"https:\/\/www.leslanguessansstress.fr\/index.php\/wp-json\/wp\/v2\/comments?post=17471"}],"version-history":[{"count":8,"href":"https:\/\/www.leslanguessansstress.fr\/index.php\/wp-json\/wp\/v2\/posts\/17471\/revisions"}],"predecessor-version":[{"id":19043,"href":"https:\/\/www.leslanguessansstress.fr\/index.php\/wp-json\/wp\/v2\/posts\/17471\/revisions\/19043"}],"wp:featuredmedia":[{"embeddable":true,"href":"https:\/\/www.leslanguessansstress.fr\/index.php\/wp-json\/wp\/v2\/media\/14035"}],"wp:attachment":[{"href":"https:\/\/www.leslanguessansstress.fr\/index.php\/wp-json\/wp\/v2\/media?parent=17471"}],"wp:term":[{"taxonomy":"category","embeddable":true,"href":"https:\/\/www.leslanguessansstress.fr\/index.php\/wp-json\/wp\/v2\/categories?post=17471"},{"taxonomy":"post_tag","embeddable":true,"href":"https:\/\/www.leslanguessansstress.fr\/index.php\/wp-json\/wp\/v2\/tags?post=17471"}],"curies":[{"name":"wp","href":"https:\/\/api.w.org\/{rel}","templated":true}]}}