{"id":17409,"date":"2025-05-22T07:53:42","date_gmt":"2025-05-22T05:53:42","guid":{"rendered":"https:\/\/www.leslanguessansstress.fr\/?p=17409"},"modified":"2025-05-26T12:19:07","modified_gmt":"2025-05-26T10:19:07","slug":"bases-en-langues-sans-stress","status":"publish","type":"post","link":"https:\/\/www.leslanguessansstress.fr\/index.php\/2025\/05\/22\/bases-en-langues-sans-stress\/","title":{"rendered":"Bases en langues sans stress"},"content":{"rendered":"<h4><img loading=\"lazy\" decoding=\"async\" class=\"alignnone size-medium wp-image-14383 aligncenter\" src=\"https:\/\/www.leslanguessansstress.fr\/wp-content\/uploads\/2022\/10\/QUALIOPI-action-de-formation-renouvele\u0301-20221009-Les-langues-sans-stress--300x193.jpg\" alt=\"\" width=\"300\" height=\"193\" srcset=\"https:\/\/www.leslanguessansstress.fr\/wp-content\/uploads\/2022\/10\/QUALIOPI-action-de-formation-renouvele\u0301-20221009-Les-langues-sans-stress--300x193.jpg 300w, https:\/\/www.leslanguessansstress.fr\/wp-content\/uploads\/2022\/10\/QUALIOPI-action-de-formation-renouvele\u0301-20221009-Les-langues-sans-stress--1024x660.jpg 1024w, https:\/\/www.leslanguessansstress.fr\/wp-content\/uploads\/2022\/10\/QUALIOPI-action-de-formation-renouvele\u0301-20221009-Les-langues-sans-stress--768x495.jpg 768w, https:\/\/www.leslanguessansstress.fr\/wp-content\/uploads\/2022\/10\/QUALIOPI-action-de-formation-renouvele\u0301-20221009-Les-langues-sans-stress-.jpg 1504w\" sizes=\"auto, (max-width: 300px) 100vw, 300px\" \/><\/h4>\n<h4><span style=\"color: #000080; font-family: verdana, geneva, sans-serif; font-size: 14px;\">Vous n&rsquo;avez jamais voulu apprendre une langue \u00e9trang\u00e8re qui vous semble difficile ou peu attrayante ? Pratiquer les langues sans stress vous fera changer d&rsquo;avis!<\/span><\/h4>\n<p><span style=\"color: #000080; font-family: verdana, geneva, sans-serif;\">\u00a01-Module GB15MNJ : d\u00e9buter et d\u00e9velopper les bases<\/span><br \/>\n<span style=\"color: #000080; font-family: verdana, geneva, sans-serif;\"> 2- Renforcer la grammaire pour tous \u00e0 tous les niveaux <\/span><br \/>\n<span style=\"color: #000080; font-family: verdana, geneva, sans-serif;\"> 3 &#8211; Certifier vos comp\u00e9tences \/activer le CPF<\/span><\/p>\n<h1 style=\"font-weight: 400;\"><span style=\"font-family: verdana, geneva, sans-serif; color: #3366ff; font-size: 28px;\"><span style=\"color: #ff6600;\">Apprendre les bases des langues sans stress pour communiquer avec plaisir et aisance au quotidien\u00a0<\/span><\/span><\/h1>\n<p><span style=\"color: #000080; font-family: verdana, geneva, sans-serif;\">Module de <strong>communication courante<\/strong>\u00a0accessible \u00e0 tout public.<\/span><\/p>\n<p><span style=\"color: #000080; font-family: verdana, geneva, sans-serif;\"><strong>OBJECTIF<\/strong>\u00a0: <\/span><\/p>\n<p><span style=\"color: #000080; font-family: verdana, geneva, sans-serif;\">Apprendre ou rafraichir et d\u00e9velopper les bases de la communication autant \u00e9crite qu&rsquo;orale dans la langue de votre choix. <\/span><\/p>\n<p><span style=\"color: #000080; font-family: verdana, geneva, sans-serif;\">Comprendre une conversation en temps r\u00e9el et intervenir avec assurance.<\/span><\/p>\n<p><span style=\"color: #000080; font-family: verdana, geneva, sans-serif;\">Fluidifier l&rsquo;expression orale et am\u00e9liorer la compr\u00e9hension des dialogues entre locuteurs natifs en atelier conversation immersive. <\/span><\/p>\n<p><span style=\"color: #000080; font-family: verdana, geneva, sans-serif;\">Renforcer l&rsquo;expression et la compr\u00e9hension \u00e9crites. <\/span><\/p>\n<p><span style=\"color: #000080; font-family: verdana, geneva, sans-serif;\">G\u00e9rer son stress lors de la prise de parole. Apprendre l&rsquo;autocorrection pour am\u00e9liorer ses connaissances.\u00a0<\/span><\/p>\n<p><img loading=\"lazy\" decoding=\"async\" class=\"alignnone size-medium wp-image-14125 aligncenter\" src=\"https:\/\/www.leslanguessansstress.fr\/wp-content\/uploads\/2022\/10\/programme-adapte-a-5-langues-sans-stress-CPF-300x35.jpg\" alt=\"\" width=\"300\" height=\"35\" srcset=\"https:\/\/www.leslanguessansstress.fr\/wp-content\/uploads\/2022\/10\/programme-adapte-a-5-langues-sans-stress-CPF-300x35.jpg 300w, https:\/\/www.leslanguessansstress.fr\/wp-content\/uploads\/2022\/10\/programme-adapte-a-5-langues-sans-stress-CPF.jpg 702w\" sizes=\"auto, (max-width: 300px) 100vw, 300px\" \/><\/p>\n<h2 style=\"font-weight: 400;\"><span style=\"font-family: verdana, geneva, sans-serif; color: #3366ff; font-size: 28px;\"><span style=\"color: #ff6600;\">Programme \u00ab\u00a0bases\u00a0\u00bb en anglais, allemand, espagnol, italien ou F.L.E.\u00a0<\/span><\/span><\/h2>\n<p style=\"font-weight: 400;\"><span style=\"font-family: verdana, geneva, sans-serif; color: #000080;\">RAFRA\u00ceCHISSEMENT DES CONNAISSANCES SCOLAIRES ou<\/span><\/p>\n<p style=\"font-weight: 400;\"><span style=\"font-family: verdana, geneva, sans-serif; color: #000080;\">Initiation \u00e0 la prononciation<\/span><br \/>\n<span style=\"font-family: verdana, geneva, sans-serif; color: #000080;\">Saluer : dire \u00ab bonjour \u00bb et \u00ab au revoir \u00bb., \u00ab enchant\u00e9 \u00bb&#8230;<\/span><br \/>\n<span style=\"font-family: verdana, geneva, sans-serif; color: #000080;\">Demander des informations\/se pr\u00e9senter : donner son nom et sa nationalit\u00e9, son pays d\u2019origine.\u00a0<\/span><br \/>\n<span style=\"font-family: verdana, geneva, sans-serif; color: #000080;\">Echanger des salutations formelles.\u00a0<\/span><br \/>\n<span style=\"font-family: verdana, geneva, sans-serif; color: #000080;\">Prendre des nouvelles et en donner<\/span><span style=\"font-family: verdana, geneva, sans-serif; color: #000080;\">, montrer de l&rsquo;int\u00e9r\u00eat \u00e0 son interlocuteur.\u00a0<\/span><br \/>\n<span style=\"font-family: verdana, geneva, sans-serif; color: #000080;\">Interroger quelqu&rsquo;un sur sa provenance et o\u00f9 il vit, <\/span><span style=\"font-family: verdana, geneva, sans-serif; color: #000080;\">les langues qui parle ou apprend.<\/span><br \/>\n<span style=\"font-family: verdana, geneva, sans-serif; color: #000080;\">Pr\u00e9senter les membres de sa famille, ses coll\u00e8gues et amis.<\/span><br \/>\n<span style=\"font-family: verdana, geneva, sans-serif; color: #000080;\">Passer un appel t\u00e9l\u00e9phonique et r\u00e9pondre, prendre des notes.<\/span><br \/>\n<span style=\"font-family: verdana, geneva, sans-serif; color: #000080;\">D\u00e9crire un lieu de vie, de travail ou d&rsquo;\u00e9tude.\u00a0<\/span><br \/>\n<span style=\"font-family: verdana, geneva, sans-serif; color: #000080;\">Indiquer et comprendre o\u00f9 se situe des pi\u00e8ces, des objets et personnes.\u00a0<\/span><br \/>\n<span style=\"font-family: verdana, geneva, sans-serif; color: #000080;\">Demander son chemin, comprendre et donner des indications.<\/span><br \/>\n<span style=\"font-family: verdana, geneva, sans-serif; color: #000080;\">Conna\u00eetre et utiliser les moyens de transports.<\/span><br \/>\n<span style=\"font-family: verdana, geneva, sans-serif; color: #000080;\">Proposer une activit\u00e9\/une sortie.<\/span><br \/>\n<span style=\"font-family: verdana, geneva, sans-serif; color: #000080;\">Exprimer ce que l&rsquo;on veut et peut faire, \u00e9changer des explications. <\/span><br \/>\n<span style=\"font-family: verdana, geneva, sans-serif; color: #000080;\">Donner et demander l\u2019heure, organiser un agenda.<\/span><br \/>\n<span style=\"font-family: verdana, geneva, sans-serif; color: #000080;\">Parler des activit\u00e9s quotidiennes, pass\u00e9es et futures.<\/span><br \/>\n<span style=\"font-family: verdana, geneva, sans-serif; color: #000080;\">Parler de ses loisirs, de ses envies et pr\u00e9f\u00e9rences.<\/span><br \/>\n<span style=\"font-family: verdana, geneva, sans-serif; color: #000080;\">Exprimer des retenues et conditions.<\/span><\/p>\n<p><span style=\"font-family: verdana, geneva, sans-serif; color: #000080;\">DECRIRE LA VIE DES AUTRES :<\/span><br \/>\n<span style=\"font-family: verdana, geneva, sans-serif; color: #000080;\">\u00a0&#8211; les habitudes<\/span><br \/>\n<span style=\"font-family: verdana, geneva, sans-serif; color: #000080;\">\u00a0&#8211; les professions<\/span><br \/>\n<span style=\"font-family: verdana, geneva, sans-serif; color: #000080;\">\u00a0&#8211; les animaux de compagnie&#8230;<\/span><\/p>\n<p><span style=\"font-family: verdana, geneva, sans-serif; color: #000080;\"><span style=\"color: #3366ff;\">\u00a0 \u2666<\/span> <em>PARLER DE SOI EN TANT QUE PROFESSIONNEL (optionnel\/CPF):<\/em><\/span><br \/>\n<em><span style=\"font-family: verdana, geneva, sans-serif; color: #000080;\">\u00a0 \u00a0Se pr\u00e9senter et r\u00e9sumer son CV.<\/span><\/em><br \/>\n<em><span style=\"font-family: verdana, geneva, sans-serif; color: #000080;\">\u00a0 \u00a0Pr\u00e9senter et d\u00e9crire son entreprise.<\/span><\/em><br \/>\n<em><span style=\"font-family: verdana, geneva, sans-serif; color: #000080;\">\u00a0 \u00a0Proposer des produits et services. <\/span><\/em><br \/>\n<em><span style=\"font-family: verdana, geneva, sans-serif; color: #000080;\">\u00a0 \u00a0Indiquer des t\u00e2ches au poste de travail. \u00a0<\/span><\/em><br \/>\n<em><span style=\"font-family: verdana, geneva, sans-serif; color: #000080;\">\u00a0 \u00a0Pr\u00e9parer une r\u00e9union et participer \u00e0 un rendez-vous d&rsquo;affaire.<\/span><\/em><br \/>\n<span style=\"font-family: verdana, geneva, sans-serif; color: #000080;\"><em>\u00a0 \u00a0Mentionner ses r\u00e9ussites et ses projets. <\/em><\/span><br \/>\n<em style=\"color: #000080; font-family: verdana, geneva, sans-serif;\">\u00a0 \u00a0Se pr\u00e9parer \u00e0 un entretien <\/em><span style=\"color: #000080; font-family: verdana, geneva, sans-serif;\"><span style=\"caret-color: #000080;\"><i>professionnel. \u00a0<\/i><\/span><\/span><\/p>\n<p style=\"font-weight: 400;\"><span style=\"font-family: verdana, geneva, sans-serif; color: #000080;\">Parler de sujets et personnes d&rsquo;int\u00e9r\u00eat.<\/span><br \/>\n<span style=\"font-family: verdana, geneva, sans-serif; color: #000080;\">Brosser le portrait physique et moral de quelqu&rsquo;un.<\/span><br \/>\n<span style=\"font-family: verdana, geneva, sans-serif; color: #000080;\">Faire des comparaisons.<\/span><br \/>\n<span style=\"font-family: verdana, geneva, sans-serif; color: #000080;\">Parler de sa ville, des grandes entreprises ou monuments.<\/span><br \/>\n<span style=\"font-family: verdana, geneva, sans-serif; color: #000080;\">Pr\u00e9parer la liste des courses et faire des achats.<\/span><br \/>\n<span style=\"font-family: verdana, geneva, sans-serif; color: #000080;\">Exprimer des quantit\u00e9s, couleurs, mati\u00e8res.<\/span><br \/>\n<span style=\"font-family: verdana, geneva, sans-serif; color: #000080;\">D\u00e9crire et faire des t\u00e2ches m\u00e9nag\u00e8res.<\/span><br \/>\n<span style=\"font-family: verdana, geneva, sans-serif; color: #000080;\">Exprimer ses go\u00fbts.<\/span><br \/>\n<span style=\"font-family: verdana, geneva, sans-serif; color: #000080;\">Apprendre \u00e0 s&rsquo;exclamer, montrer des sentiments.<\/span><br \/>\n<span style=\"font-family: verdana, geneva, sans-serif; color: #000080;\">Proposer et accepter des activit\u00e9s diverses.<\/span><br \/>\n<span style=\"font-family: verdana, geneva, sans-serif; color: #000080;\">D\u00e9couvrir la culture du pays \u00e0 visiter.<\/span><br \/>\n<span style=\"font-family: verdana, geneva, sans-serif; color: #000080;\">Acheter des v\u00eatements, un objet n\u00e9cessaire.<\/span><br \/>\n<span style=\"font-family: verdana, geneva, sans-serif; color: #000080;\">D\u00e9crire une tenue, un protocole.<\/span><br \/>\n<span style=\"font-family: verdana, geneva, sans-serif; color: #000080;\">Demander et donner un prix, n\u00e9gocier.<\/span><br \/>\n<span style=\"font-family: verdana, geneva, sans-serif; color: #000080;\">Tutoyer et vouvoyer quelqu&rsquo;un.<\/span><br \/>\n<span style=\"font-family: verdana, geneva, sans-serif; color: #000080;\">Prendre rendez-vous chez le m\u00e9decin.<\/span><br \/>\n<span style=\"font-family: verdana, geneva, sans-serif; color: #000080;\">Parler de sa sant\u00e9, d\u00e9crire des sympt\u00f4mes, <\/span><span style=\"font-family: verdana, geneva, sans-serif; color: #000080;\">les parties du corps.<\/span><br \/>\n<span style=\"font-family: verdana, geneva, sans-serif; color: #000080;\">Expliquer l&rsquo;objet d&rsquo;une visite, d&rsquo;un rendez-vous ou d&rsquo;une pr\u00e9sentation.<\/span><br \/>\n<span style=\"font-family: verdana, geneva, sans-serif; color: #000080;\">Parler du si\u00e8cle pass\u00e9, \u00e9<\/span><span style=\"font-family: verdana, geneva, sans-serif; color: #000080;\">voquer l&rsquo;enfance, c<\/span><span style=\"font-family: verdana, geneva, sans-serif; color: #000080;\">omparer deux \u00e9poques.<\/span><br \/>\n<span style=\"font-family: verdana, geneva, sans-serif; color: #000080;\">Mettre en \u00e9vidence des informations.<\/span><br \/>\n<span style=\"font-family: verdana, geneva, sans-serif; color: #000080;\">Choisir un moyen de locomotion, un lieu, s<\/span><span style=\"font-family: verdana, geneva, sans-serif; color: #000080;\">e renseigner sur le prix et la dur\u00e9e d&rsquo;un trajet.<\/span><br \/>\n<span style=\"font-family: verdana, geneva, sans-serif; color: #000080;\">R\u00e9server et changer des billets.<\/span><br \/>\n<span style=\"font-family: verdana, geneva, sans-serif; color: #000080;\">Se projeter dans le futur, exprimer un souhait.<\/span><br \/>\n<span style=\"font-family: verdana, geneva, sans-serif; color: #000080;\">R\u00e9server une chambre ou un appartement, m<\/span><span style=\"font-family: verdana, geneva, sans-serif; color: #000080;\">odifier sa r\u00e9servation.<\/span><br \/>\n<span style=\"font-family: verdana, geneva, sans-serif; color: #000080;\">Comprendre les diff\u00e9rents services, prestations et options propos\u00e9s.<\/span><br \/>\n<span style=\"font-family: verdana, geneva, sans-serif; color: #000080;\">Lire et \u00e9crire un mail.<\/span><br \/>\n<span style=\"font-family: verdana, geneva, sans-serif; color: #000080;\">Effectuer des d\u00e9marches administratives.<\/span><br \/>\n<span style=\"font-family: verdana, geneva, sans-serif; color: #000080;\">Donner des ordres et des conseils.<\/span><br \/>\n<span style=\"font-family: verdana, geneva, sans-serif; color: #000080;\">R\u00e9server au restaurant, discuter menu et allergies. <\/span><\/p>\n<p style=\"font-weight: 400;\"><span style=\"font-family: verdana, geneva, sans-serif; color: #000080;\">POUR PR\u00c9PARER UN VOYAGE<\/span><\/p>\n<p><span style=\"font-family: verdana, geneva, sans-serif; color: #000080;\">R\u00e9vision du lexique de base et insertion de nouveaux th\u00e8mes selon besoins individuels. \u00a0<\/span><br \/>\n<span style=\"font-family: verdana, geneva, sans-serif; color: #000080;\">BILAN des connaissances acquises niveau A1\/A2 puis B1\/B2. C1<\/span><\/p>\n<h3 style=\"font-weight: 400;\"><span style=\"color: #ff6600; font-size: 16px; font-family: verdana, geneva, sans-serif;\"><strong>GRAMMAIRE ET SYNTAXE<\/strong> : <\/span><br \/>\n<span style=\"color: #ff6600; font-size: 16px; font-family: verdana, geneva, sans-serif;\">Les notions de grammaire sont \u00e9tudi\u00e9es au fur et \u00e0 mesure dans les <strong>dialogues attrayants<\/strong>\u00a0et revues selon besoins d\u00e9tect\u00e9s lors de votre expression pour toujours plus de <strong>plaisir \u00e0 communiquer en langues sans stress <\/strong>avec une formatrice \u00e0 votre \u00e9coute.<\/span><\/h3>\n<p><span style=\"color: #000080; font-family: verdana, geneva, sans-serif;\"><strong>Public <\/strong>: tous <\/span><br \/>\n<span style=\"color: #000080; font-family: verdana, geneva, sans-serif;\"><strong>Pr\u00e9requis<\/strong> : aucun\u00a0<\/span><br \/>\n<span style=\"color: #000080; font-family: verdana, geneva, sans-serif;\"><strong>Niveaux<\/strong> : initiation \u00e0 faux d\u00e9butant A1\/A2, renforcement avant niveaux de communication seuil A2, interm\u00e9diaire B1, autonome B2\/C1 (enrichissement des sujets trait\u00e9s ci-dessus et \u00e9largissement des th\u00e8mes d&rsquo;int\u00e9r\u00eat selon besoins et objectifs des participants)<\/span><br \/>\n<strong style=\"color: #000080; font-family: verdana, geneva, sans-serif;\">Validation<\/strong><span style=\"color: #000080; font-family: verdana, geneva, sans-serif;\"> : attestation de suivi ou certificat (optionnel, suppl\u00e9ment \u00e0 pr\u00e9voir pour la pr\u00e9paration et l&rsquo;inscription \u00e0 l&rsquo;examen).<\/span><br \/>\n<span style=\"color: #000080; font-family: verdana, geneva, sans-serif;\"><span style=\"color: #000080;\">Ce parcours peut \u00eatre valid\u00e9 par une certification \u00e9ligible au compte personnel de formation avec un module \u00e9changes professionnels : voir Livret d&rsquo;accueil et liens vers les certifications propos\u00e9es. <\/span><\/span><br \/>\n<span style=\"color: #000080; font-family: verdana, geneva, sans-serif;\"><strong>Modalit\u00e9s<\/strong> : veuillez lire notre LIVRET D&rsquo;ACCUEIL et nous pr\u00e9senter votre projet pour une adaptation \u00e0 votre profil et vos besoins individuels (programme, ressources, cours, calendrier et fr\u00e9quence de l&rsquo;accompagnement, situation de handicap, etc.).<br \/>\n<strong>Tarif<\/strong> : nos cours et l&rsquo;accompagnement sont tous personnalis\u00e9s \u00e0 vos besoins et \u00e0 votre profil. <\/span><br \/>\n<span style=\"color: #000080; font-family: verdana, geneva, sans-serif;\"><strong>Financement<\/strong> : Nous acceptons la majorit\u00e9 des financements de l&rsquo;Etat et de l&rsquo;entreprise, du particulier et des collectivit\u00e9s.<\/span><\/p>\n<p><img loading=\"lazy\" decoding=\"async\" class=\"alignnone size-medium wp-image-14157 aligncenter\" src=\"https:\/\/www.leslanguessansstress.fr\/wp-content\/uploads\/2022\/10\/Mon-compte-formation-CPF-les-langues-sans-stress-300x159.jpg\" alt=\"\" width=\"300\" height=\"159\" srcset=\"https:\/\/www.leslanguessansstress.fr\/wp-content\/uploads\/2022\/10\/Mon-compte-formation-CPF-les-langues-sans-stress-300x159.jpg 300w, https:\/\/www.leslanguessansstress.fr\/wp-content\/uploads\/2022\/10\/Mon-compte-formation-CPF-les-langues-sans-stress.jpg 646w\" sizes=\"auto, (max-width: 300px) 100vw, 300px\" \/><\/p>\n<h2 style=\"font-weight: 400;\"><span style=\"font-family: verdana, geneva, sans-serif; color: #ff6600; font-size: 28px;\">Programme d&rsquo;\u00e9changes courants en milieu professionnel \u00e9ligible CPF \u00e0 La Rochette-Val Gelon<\/span><\/h2>\n<div class=\"ng-star-inserted\">\n<div class=\"control-catalog-fields-width ng-star-inserted\">\n<p><span style=\"font-family: verdana, geneva, sans-serif; color: #000080;\">\u2192 Pour b\u00e9n\u00e9ficier du financement CPF partiel ou entier de votre formation, vous devez accepter de pr\u00e9parer et de passer le test de certification niveau seuil A2 ou plus au 2\/3 de la formation en langue courante en introduisant des th\u00e8mes ax\u00e9s entretiens professionnels et\/ou \u00e9changes commerciaux selon votre niveau individuel et les besoins d\u00e9cel\u00e9s. <\/span><br \/>\n<span style=\"font-family: verdana, geneva, sans-serif; color: #000080;\">\u2192 La certification des acquis est une modalit\u00e9 obligatoire MON COMPTE FORMATION pour d\u00e9clencher le financement souhait\u00e9 dans le cadre de la formation continue professionnelle. Nos formations vous y pr\u00e9parent au fur et \u00e0 mesure avec des activit\u00e9s ludiques et antistress aidant \u00e0 se sentir \u00e0 l&rsquo;aise et confiant pendant un examen \u00e9crit et face \u00e0 un interlocuteur lors des entretiens professionnels. <\/span><br \/>\n<span style=\"font-family: verdana, geneva, sans-serif; color: #000080;\">\u2192 Ces nouvelles comp\u00e9tences vous serviront \u00e9galement pendant vos voyages d&rsquo;affaires et rencontres diverses, surtout \u00e0 l&rsquo;oral!<\/span><\/p>\n<h3 style=\"font-weight: 400;\"><span style=\"font-size: 16px; color: #ff6600;\"><span style=\"font-family: verdana, geneva, sans-serif;\">Pas de CPF?\u00a0<\/span><\/span><br \/>\n<span style=\"font-family: verdana, geneva, sans-serif; color: #3366ff; font-size: 16px;\"><span style=\"color: #ff6600;\">Il existe d&rsquo;autres moyens de financer votre formation.<\/span> <\/span><\/h3>\n<p><span style=\"font-family: verdana, geneva, sans-serif; color: #000080;\">Vous n&rsquo;avez pas acc\u00e8s au financement CPF ou tr\u00e8s peu de budget \u00e9pargn\u00e9 ?<\/span><br \/>\n<span style=\"font-family: verdana, geneva, sans-serif;\"><span style=\"color: #000080;\">Contactez-nous avec un maximum d&rsquo;\u00e9l\u00e9ments pour trouver la solution \u00e0 votre situation individuelle et faire de votre projet une r\u00e9alit\u00e9.<br \/>\n<\/span><span style=\"color: #000080;\">Information compl\u00e8te \u00a0dans le<\/span> <a href=\"https:\/\/www.leslanguessansstress.fr\/index.php\/2024\/01\/26\/livret-daccueil-du-stagiaire\/\" target=\"_blank\" rel=\"noopener\">livret d&rsquo;accueil du stagiaire <\/a><\/span><br \/>\n<span style=\"font-family: verdana, geneva, sans-serif;\"><span style=\"color: #000080;\">TARIF et DUR\u00c9E, DATES : modalit\u00e9s personnalisables selon votre situation et profil d&rsquo;apprenant (parcours, modalit\u00e9s, moyens, ajustement budget, prise en compte des contraintes et du financement choisi.<br \/>\n<\/span><span style=\"color: #000080;\">Veuillez <a href=\"https:\/\/www.leslanguessansstress.fr\/index.php\/nous-contacter\/\" target=\"_blank\" rel=\"noopener\"><strong>nous contacter<\/strong><\/a> pour un rendez-vous individualis\u00e9.<\/span><\/span><\/p>\n<\/div>\n<\/div>\n<div class=\"ng-star-inserted\">\n<p><img loading=\"lazy\" decoding=\"async\" class=\"alignnone size-medium wp-image-16444 aligncenter\" src=\"https:\/\/www.leslanguessansstress.fr\/wp-content\/uploads\/2024\/08\/20240828-charte-de-deontologie-Qualiopi--300x271.jpg\" alt=\"\" width=\"300\" height=\"271\" srcset=\"https:\/\/www.leslanguessansstress.fr\/wp-content\/uploads\/2024\/08\/20240828-charte-de-deontologie-Qualiopi--300x271.jpg 300w, https:\/\/www.leslanguessansstress.fr\/wp-content\/uploads\/2024\/08\/20240828-charte-de-deontologie-Qualiopi-.jpg 370w\" sizes=\"auto, (max-width: 300px) 100vw, 300px\" \/><\/p>\n<\/div>\n","protected":false},"excerpt":{"rendered":"<p>Vous n&rsquo;avez jamais voulu apprendre une langue \u00e9trang\u00e8re qui vous semble difficile ou peu attrayante<\/p>\n","protected":false},"author":1,"featured_media":14111,"comment_status":"closed","ping_status":"open","sticky":false,"template":"","format":"standard","meta":{"footnotes":""},"categories":[80,432,371],"tags":[112,108,604,744,573,553,255,386,113,370,743],"class_list":["post-17409","post","type-post","status-publish","format-standard","has-post-thumbnail","hentry","category-actualites","category-langues","category-programme","tag-allemand","tag-anglais","tag-bases","tag-dialogues-entre-natifs","tag-espagnol","tag-francais-fle","tag-grammaire","tag-initiation","tag-italien","tag-remise-a-niveau","tag-vocabulaire-du-quotidien"],"_links":{"self":[{"href":"https:\/\/www.leslanguessansstress.fr\/index.php\/wp-json\/wp\/v2\/posts\/17409","targetHints":{"allow":["GET"]}}],"collection":[{"href":"https:\/\/www.leslanguessansstress.fr\/index.php\/wp-json\/wp\/v2\/posts"}],"about":[{"href":"https:\/\/www.leslanguessansstress.fr\/index.php\/wp-json\/wp\/v2\/types\/post"}],"author":[{"embeddable":true,"href":"https:\/\/www.leslanguessansstress.fr\/index.php\/wp-json\/wp\/v2\/users\/1"}],"replies":[{"embeddable":true,"href":"https:\/\/www.leslanguessansstress.fr\/index.php\/wp-json\/wp\/v2\/comments?post=17409"}],"version-history":[{"count":17,"href":"https:\/\/www.leslanguessansstress.fr\/index.php\/wp-json\/wp\/v2\/posts\/17409\/revisions"}],"predecessor-version":[{"id":17976,"href":"https:\/\/www.leslanguessansstress.fr\/index.php\/wp-json\/wp\/v2\/posts\/17409\/revisions\/17976"}],"wp:featuredmedia":[{"embeddable":true,"href":"https:\/\/www.leslanguessansstress.fr\/index.php\/wp-json\/wp\/v2\/media\/14111"}],"wp:attachment":[{"href":"https:\/\/www.leslanguessansstress.fr\/index.php\/wp-json\/wp\/v2\/media?parent=17409"}],"wp:term":[{"taxonomy":"category","embeddable":true,"href":"https:\/\/www.leslanguessansstress.fr\/index.php\/wp-json\/wp\/v2\/categories?post=17409"},{"taxonomy":"post_tag","embeddable":true,"href":"https:\/\/www.leslanguessansstress.fr\/index.php\/wp-json\/wp\/v2\/tags?post=17409"}],"curies":[{"name":"wp","href":"https:\/\/api.w.org\/{rel}","templated":true}]}}