{"id":17319,"date":"2025-08-24T07:00:20","date_gmt":"2025-08-24T05:00:20","guid":{"rendered":"https:\/\/www.leslanguessansstress.fr\/?p=17319"},"modified":"2025-08-26T16:15:12","modified_gmt":"2025-08-26T14:15:12","slug":"allemand-2","status":"publish","type":"post","link":"https:\/\/www.leslanguessansstress.fr\/index.php\/2025\/08\/24\/allemand-2\/","title":{"rendered":"ALLEMAND \u00e9ligible CPF"},"content":{"rendered":"<div>\n<p><span style=\"color: #000000; font-family: georgia, palatino, serif; font-size: 12px;\">Information \u00e0 lire de pr\u00e9f\u00e9rence depuis un \u00e9cran d&rsquo;ordinateur<\/span><\/p>\n<div class=\"a2a_kit a2a_kit_size_32 a2a_default_style addToAny-js\">\n<div>\n<div class=\"a2a_kit a2a_kit_size_32 a2a_default_style addToAny-js\">\n<p class=\"a2a_kit a2a_kit_size_32 a2a_default_style addToAny-js\"><span style=\"font-family: arial, helvetica, sans-serif; color: #000080; font-size: 14px;\">1) Contenu des programmes standards<\/span><br \/>\n<span style=\"font-family: arial, helvetica, sans-serif; color: #000080; font-size: 14px;\">2) programmes sp\u00e9cifiques ou m\u00e9tiers <\/span><br \/>\n<span style=\"font-family: arial, helvetica, sans-serif; color: #000080; font-size: 14px;\">3) CPF <\/span><br \/>\n<span style=\"font-family: arial, helvetica, sans-serif; color: #000080; font-size: 14px;\">4) Modalit\u00e9s <\/span><\/p>\n<div style=\"text-align: center;\"><span style=\"font-family: arial, helvetica, sans-serif;\"> <img loading=\"lazy\" decoding=\"async\" class=\"alignnone size-medium wp-image-18382\" src=\"https:\/\/www.leslanguessansstress.fr\/wp-content\/uploads\/2025\/08\/Qualiopi-Mon-compte-formation-2025-300x87.jpg\" alt=\"\" width=\"300\" height=\"87\" srcset=\"https:\/\/www.leslanguessansstress.fr\/wp-content\/uploads\/2025\/08\/Qualiopi-Mon-compte-formation-2025-300x87.jpg 300w, https:\/\/www.leslanguessansstress.fr\/wp-content\/uploads\/2025\/08\/Qualiopi-Mon-compte-formation-2025-1024x296.jpg 1024w, https:\/\/www.leslanguessansstress.fr\/wp-content\/uploads\/2025\/08\/Qualiopi-Mon-compte-formation-2025-768x222.jpg 768w, https:\/\/www.leslanguessansstress.fr\/wp-content\/uploads\/2025\/08\/Qualiopi-Mon-compte-formation-2025.jpg 1322w\" sizes=\"auto, (max-width: 300px) 100vw, 300px\" \/><\/span><\/div>\n<div>\n<h2 style=\"font-weight: 400;\"><span style=\"color: #000080; font-size: 16px; font-family: arial, helvetica, sans-serif;\"><span style=\"font-size: 14px;\">N&rsquo;\u00e9coutez pas les mauvais conseilleurs! Apprendre l\u2019allemand est plus simple qu\u2019apprendre l\u2019anglais, la diff\u00e9rence de sonorit\u00e9s deviennent vite un jeu.<\/span><br \/>\n<span style=\"color: #b3910c; font-size: 20px;\">1) Apprenez l&rsquo;allemand sans stress avec plaisir et efficacit\u00e9! <\/span><\/span><\/h2>\n<h2 style=\"font-weight: 400;\"><span style=\"font-size: 20px; color: #000080; font-family: arial, helvetica, sans-serif;\">Objectifs<\/span><\/h2>\n<\/div>\n<div>\n<h3 style=\"font-weight: 400; text-align: justify;\"><span style=\"font-family: arial, helvetica, sans-serif;\"><span style=\"color: #000080; font-size: 16px;\"><span style=\"font-size: 14px;\"><strong>Vous initier ou vous perfectionner en allemand<\/strong> courant et\/ou professionnel (niveaux A0\/ A1 vers C1\/C2)<\/span><\/span><\/span><br \/>\n<span style=\"font-family: arial, helvetica, sans-serif;\"><span style=\"color: #000080; font-size: 16px;\"><span style=\"font-size: 14px;\">Favoriser votre <strong>aisance orale en plongeant dans la langue allemande<\/strong> comme vous avez appris votre langue maternelle gr\u00e2ce \u00e0 nos mises en situation ludiques. \u00a0<\/span><br \/>\n<span style=\"font-size: 14px;\"><strong>Prendre confiance en soi<\/strong> gr\u00e2ce <\/span><\/span><span style=\"font-size: 14px;\"><span style=\"color: #000080;\">\u00e0\u00a0<\/span><span style=\"color: #000080;\">ce petit plus qui est la gestion du stress. \u00a0\u00a0<\/span><\/span><\/span><br \/>\n<span style=\"font-family: arial, helvetica, sans-serif; font-size: 14px;\"><span style=\"color: #000080;\">Pouvoir <strong>interagir avec spontan\u00e9it\u00e9<\/strong> dans vos activit\u00e9s habituelles et fonctions professionnelles \u00e0 l&rsquo;\u00e9crit comme \u00e0 l&rsquo;oral ou pendant vos <\/span><span style=\"color: #000080;\">d\u00e9placements \u00e0 l\u2019\u00e9tranger.\u00a0<\/span><\/span><\/h3>\n<div class=\"product__intro\">\n<h3><span style=\"font-family: arial, helvetica, sans-serif;\"><img loading=\"lazy\" decoding=\"async\" class=\"wp-image-13685 aligncenter\" src=\"https:\/\/www.leslanguessansstress.fr\/wp-content\/uploads\/2022\/07\/Atout-confiance-formations-CPF-Les-langues-sans-stress-a-La-Rochette-Savoie.png\" alt=\"\" width=\"98\" height=\"98\" srcset=\"https:\/\/www.leslanguessansstress.fr\/wp-content\/uploads\/2022\/07\/Atout-confiance-formations-CPF-Les-langues-sans-stress-a-La-Rochette-Savoie.png 254w, https:\/\/www.leslanguessansstress.fr\/wp-content\/uploads\/2022\/07\/Atout-confiance-formations-CPF-Les-langues-sans-stress-a-La-Rochette-Savoie-150x150.png 150w\" sizes=\"auto, (max-width: 98px) 100vw, 98px\" \/><\/span><\/h3>\n<h3 style=\"font-weight: 400;\"><span style=\"color: #000080; font-family: arial, helvetica, sans-serif; font-size: 20px;\">Points forts<\/span><br \/>\n<span style=\"font-size: 14px; font-family: arial, helvetica, sans-serif;\"><span style=\"color: #000080;\"><strong>Face-\u00e0-face sur-mesure<\/strong> avec une formatrice dynamique et enjou\u00e9e.<br \/>\n<\/span><span style=\"color: #000080;\"><strong>Atelier interactif<\/strong> convivial et professionnel.<br \/>\n<\/span><span style=\"color: #000080;\"><strong>Cours avec entrainement cibl\u00e9<\/strong> suivi d\u2019une correction explicative des erreurs.<br \/>\n<\/span><span style=\"color: #000080;\"><strong>Gestion du stress<\/strong> avec divers outils dont l&rsquo;hypnose de relaxation dans la langue cible.<br \/>\n<\/span><span style=\"color: #000080;\"><strong>Programmes au choix<\/strong> du standard \u00e0 enti\u00e8rement personnalisable.\u00a0<\/span><\/span><br \/>\n<span style=\"font-size: 14px; font-family: arial, helvetica, sans-serif;\"><span style=\"color: #000080;\"><strong>Unit\u00e9s d&rsquo;\u00e9tude compl\u00e9mentaires<\/strong> pour r\u00e9pondre \u00e0 vos besoins tr\u00e8s particuliers.(1)<br \/>\n<\/span><\/span><\/h3>\n<p><span style=\"font-family: arial, helvetica, sans-serif;\"><img loading=\"lazy\" decoding=\"async\" class=\"alignnone wp-image-15968 aligncenter\" src=\"https:\/\/www.leslanguessansstress.fr\/wp-content\/uploads\/2024\/03\/ameliorer-son-etude-des-langues-pour-atteindre-ses-objectifs--300x181.png\" alt=\"\" width=\"161\" height=\"97\" srcset=\"https:\/\/www.leslanguessansstress.fr\/wp-content\/uploads\/2024\/03\/ameliorer-son-etude-des-langues-pour-atteindre-ses-objectifs--300x181.png 300w, https:\/\/www.leslanguessansstress.fr\/wp-content\/uploads\/2024\/03\/ameliorer-son-etude-des-langues-pour-atteindre-ses-objectifs--1024x617.png 1024w, https:\/\/www.leslanguessansstress.fr\/wp-content\/uploads\/2024\/03\/ameliorer-son-etude-des-langues-pour-atteindre-ses-objectifs--768x463.png 768w, https:\/\/www.leslanguessansstress.fr\/wp-content\/uploads\/2024\/03\/ameliorer-son-etude-des-langues-pour-atteindre-ses-objectifs-.png 1280w\" sizes=\"auto, (max-width: 161px) 100vw, 161px\" \/><\/span><\/p>\n<h3 style=\"font-weight: 400;\"><span style=\"color: #000080; font-family: arial, helvetica, sans-serif; font-size: 20px;\">R\u00e9sultats attendus\u00a0<\/span><br \/>\n<span style=\"color: #000080; font-size: 16px; font-family: arial, helvetica, sans-serif;\"><span style=\"color: #3366ff; font-size: 20px;\"><span style=\"font-size: 16px; color: #000080;\"><strong>Vous vous exprimez avec fiert\u00e9<\/strong> et communiquer naturellement sans traduire depuis le fran\u00e7ais. <\/span><br \/>\n<span style=\"font-size: 16px; color: #000080;\"><strong>Votre satisfaction \u00e0 \u00e9tudier<\/strong> gr\u00e2ce aux \u00e9valuations situationnelles ou QCM jalonnant votre parcours pour\u00a0: <\/span><br \/>\n<span style=\"font-size: 16px; color: #000080;\">1) <strong>Diagnostiquer vos atouts<\/strong> et lacunes \u00e0 renforcer vers l&rsquo;objectif fix\u00e9 \u00e0 l&rsquo;entr\u00e9e en cours \u2014 Vous ma\u00eetrisez votre parcours<\/span><br \/>\n<span style=\"font-size: 16px; color: #000080;\">2) <strong>Valoriser vos efforts<\/strong> et d\u00e9montrer que vous vous rapprochez de votre objectif pendant vos cours \u2014 c&rsquo;est bon pour le moral et la motivation! \u00a0<\/span><br \/>\n<span style=\"font-size: 16px; color: #000080;\">3) <strong>Valider votre progression<\/strong> et certifier vos acquis en fin de parcours \u2014 \u00e7a donne de l&rsquo;assurance! (2).\u00a0<\/span><\/span><\/span><\/h3>\n<\/div>\n<\/div>\n<div>\n<h3 style=\"text-align: center;\"><span style=\"font-family: arial, helvetica, sans-serif;\"><img loading=\"lazy\" decoding=\"async\" class=\"alignnone wp-image-14163\" src=\"https:\/\/www.leslanguessansstress.fr\/wp-content\/uploads\/2022\/10\/ALLEMAND-sans-stress-tous-niveaux-CPF-300x199.jpg\" alt=\"\" width=\"176\" height=\"117\" srcset=\"https:\/\/www.leslanguessansstress.fr\/wp-content\/uploads\/2022\/10\/ALLEMAND-sans-stress-tous-niveaux-CPF-300x199.jpg 300w, https:\/\/www.leslanguessansstress.fr\/wp-content\/uploads\/2022\/10\/ALLEMAND-sans-stress-tous-niveaux-CPF.jpg 744w\" sizes=\"auto, (max-width: 176px) 100vw, 176px\" \/>\u00a0<\/span><\/h3>\n<h3 style=\"font-weight: 400;\"><span style=\"color: #000080; font-family: arial, helvetica, sans-serif; font-size: 20px;\">Contenu d\u00e9taill\u00e9<\/span><\/h3>\n<p style=\"font-weight: 400;\"><span style=\"color: #000080; font-family: arial, helvetica, sans-serif; font-size: 16px;\"><strong>\u2192 Evaluation diagnostique<\/strong> de vos atouts et lacunes selon les niveaux CECRL :<br \/>\nInitiation 0\/A1, D\u00e9butant A1\/A2, Interm\u00e9diaire B1\/B2, expert C1\/C2\u00a0<\/span><br \/>\n<span style=\"color: #000080; font-family: arial, helvetica, sans-serif; font-size: 16px;\"><strong>\u2192 Entretien<\/strong> pr\u00e9liminaire<\/span><br \/>\n<span style=\"color: #000080; font-family: arial, helvetica, sans-serif; font-size: 16px;\"><strong>\u2192<\/strong> Pr\u00e9sentation de la <strong>m\u00e9thode immersive naturelle<\/strong> (sans listes ni \u00ab\u00a0par c\u0153ur\u00a0\u00bb) et du <strong>mat\u00e9riel p\u00e9dagogique<\/strong><\/span><br \/>\n<span style=\"font-family: arial, helvetica, sans-serif;\"><span style=\"color: #000080; font-size: 16px;\"><strong>Calendrier d\u2019\u00e9tude<\/strong><strong>et pratique<\/strong> active mis en place ensemble (3) :<br \/>\n<strong>Le\u00e7ons situationnelles<\/strong> (environnement, d\u00e9placements, travail\/\u00e9tudes\/occupations, rencontres, consommer) selon 3 modes de vie \u00e0 choisir ou cumuler \u00e0 chaque niveau d&rsquo;\u00e9tude :<\/span><strong><span style=\"color: #000080;\"><span style=\"caret-color: #000080;\"><u>interaction au quotidien<\/u><\/span><\/span><\/strong><span style=\"font-weight: bold; color: #000080;\"><span style=\"font-weight: 400;\"> , <\/span><\/span><strong style=\"font-weight: 400;\"><a style=\"color: #000080;\" href=\"https:\/\/www.leslanguessansstress.fr\/index.php\/2025\/08\/24\/langue-professionnelle-eligible-cpf\/\" target=\"_blank\" rel=\"noopener\">\u00e9changes professionnels<\/a><\/strong><span style=\"color: #000080;\">, <\/span><a style=\"color: #000080;\" href=\"https:\/\/www.leslanguessansstress.fr\/index.php\/2025\/08\/07\/voyager-avec-les-langues-sans-stress\/\" target=\"_blank\" rel=\"noopener\"><strong>en voyage<\/strong><\/a> <span style=\"color: #000080;\">pour <\/span><span style=\"color: #000080; font-size: 16px;\">: <\/span><\/span><br \/>\n<span style=\"font-family: arial, helvetica, sans-serif;\"><span style=\"color: #000080; font-size: 16px;\">&#8211; <strong>Manipuler la grammaire<\/strong> avec des structures simples \u00e0 complexes mises en \u00e9vidence dans le texte\/dialogue<br \/>\n&#8211; Acqu\u00e9rir du vocabulaire g\u00e9n\u00e9ral et des expressions idiomatiques<br \/>\n&#8211; <strong>Augmenter votre compr\u00e9hension<\/strong> et expression \u00e9crite par l&rsquo;utilisation de notre mat\u00e9riel p\u00e9dagogique (ou \u00e0 partir des v\u00f4tres avec le consentement de l\u2019entreprise le cas \u00e9ch\u00e9ant)<br \/>\n&#8211; D\u00e9velopper votre compr\u00e9hension orale face \u00e0 un interlocuteur<br \/>\n&#8211; <strong>Stimuler votre expression orale<\/strong> instinctive sans traduire depuis le fran\u00e7ais par la mise en pratique quotidienne de vos nouveaux acquis pendant les ateliers interactifs et entretiens individualis\u00e9s avec la formatrice<br \/>\n<\/span><span style=\"color: #000080; font-size: 16px;\">&#8211; <strong>Abaisser votre niveau de stress<\/strong> et vous d\u00e9faire des freins qui pourraient ralentir autant votre \u00e9tude que votre expression \u00e9crite et vos interventions orales pendant un entretien, une r\u00e9union, une n\u00e9gociation, une prise de position, etc.<br \/>\n<\/span><span style=\"color: #000080; font-size: 16px;\"><strong>\u2192 Mettre en valeur vos acquis<\/strong> r\u00e9v\u00e9l\u00e9s par les bilans cibl\u00e9s au fur et \u00e0 mesure de votre progression dans ce parcours pour que vous restiez motiv\u00e9(e) \u00e0 atteindre vos objectifs et puissiez prendre plaisir \u00e0 communiquer dans cette langue <\/span><\/span><br \/>\n<span style=\"font-family: arial, helvetica, sans-serif;\"><span style=\"color: #000080; font-size: 16px;\"> &#8211; <strong>Pratiquer l&rsquo;autocorrection pour renforcer les notions<\/strong> encore faibles progressivement par la pratique quotidienne.<br \/>\n<\/span><span style=\"color: #000080; font-size: 16px;\"><span style=\"color: #000080;\">\u2192 <\/span><span style=\"text-decoration: underline;\">Incorporez un module sp\u00e9cial de votre choix<\/span> dans ce programme (prix adapt\u00e9 \u00e0 vos choix) : \u00a0<\/span><\/span><br \/>\n<span style=\"font-family: arial, helvetica, sans-serif; color: #000080; font-size: 16px;\">\u2014 L&rsquo;hypnose pour mieux comprendre les conversations et s&rsquo;exprimer avec naturel \u00a0<\/span><br \/>\n<span style=\"font-family: arial, helvetica, sans-serif; color: #000080; font-size: 16px;\"><strong>\u2014 2 langues pratiqu\u00e9es en double immersion<\/strong> qui acc\u00e9l\u00e8re sans la rendre plus difficile l&rsquo;interaction naturelle en langues \u00e9trang\u00e8res sans traduire depuis ou vers le fran\u00e7ais \u2665 d\u00e8s le niveau A1 d\u00e9butant \u00e0 expert B2\/C1. \u00a0<\/span><br \/>\n<span style=\"font-family: arial, helvetica, sans-serif; color: #000080;\"><span style=\"font-size: 16px;\">\u2014 Ajout d&rsquo;un module d&rsquo;\u00e9tude : \u00a0<span style=\"color: #0000ff;\"><span style=\"color: #000080;\">&#8211; <\/span><a style=\"color: #0000ff;\" href=\"https:\/\/www.leslanguessansstress.fr\/index.php\/2025\/02\/02\/les-langues-sans-stress-du-bureau-a-lentreprise\/\" target=\"_blank\" rel=\"noopener\">Lexique bureau et de l&rsquo;entreprise<\/a><span style=\"color: #000080;\">\u00a0(module court de perfectionnement) <\/span><\/span> &#8211; <span style=\"color: #0000ff;\"><a style=\"color: #0000ff;\" href=\"https:\/\/www.leslanguessansstress.fr\/index.php\/2025\/02\/03\/17471\/\" target=\"_blank\" rel=\"noopener\">Lexique des affaires<\/a><span style=\"color: #000080;\">\u00a0(module court de perfectionnement)<\/span><\/span> &#8211; <span style=\"color: #0000ff;\"><a style=\"color: #0000ff;\" href=\"https:\/\/www.leslanguessansstress.fr\/index.php\/2025\/01\/23\/programme-presse\/\" target=\"_blank\" rel=\"noopener\">Lexique de la presse<\/a><span style=\"color: #000080;\">\u00a0(module court de perfectionnement)<\/span><\/span> <span style=\"color: #0000ff;\"><span style=\"color: #000080;\">&#8211; Communication courante en entreprise (programme adaptable court \u00e0 long) <\/span><\/span><span style=\"color: #0000ff;\"><span style=\"color: #000080;\">&#8211; \u00a0Premiers contacts et rencontres professionnelles (programme court) <\/span><\/span> <span style=\"color: #0000ff;\"><span style=\"color: #000080;\"> &#8211; R\u00e9ussir sa pr\u00e9sentation en anglais (programme court)&#8230; \u00a0<\/span><\/span><\/span><\/span><\/p>\n<\/div>\n<div>\n<div class=\"product__columns\">\n<div class=\"product__left\">\n<div class=\"product__paragraph\">\n<div class=\"field field--name-field-paragraphs-left field--type-entity-reference-revisions field--label-hidden field__items\">\n<div class=\"field__item\">\n<div class=\"paragraph paragraph--type--editorial paragraph--view-mode--default\">\n<div class=\"clearfix text-formatted field field--name-field-description field--type-text-long field--label-hidden field__item\">\n<h2><span style=\"color: #0000ff; font-family: arial, helvetica, sans-serif;\"><a style=\"color: #0000ff;\" href=\"https:\/\/www.leslanguessansstress.fr\/index.php\/2023\/12\/15\/preparation-test-cloe-certificat-professionnel-cpf-fq-mtc\/\" target=\"_blank\" rel=\"noopener\"><span style=\"color: #993300;\"><img loading=\"lazy\" decoding=\"async\" class=\"alignnone wp-image-10474 aligncenter\" src=\"https:\/\/www.leslanguessansstress.fr\/wp-content\/uploads\/2020\/08\/5-langues-sans-stress-de-sp\u00e9cialit\u00e9-m\u00e9tiers-activit\u00e9s-sociales-et-professionnelles-CPF-La-Rochette-Pontcharra-Maurienne-e1614702930817.png\" alt=\"\" width=\"196\" height=\"123\" \/><\/span><\/a><\/span><\/h2>\n<h2 style=\"font-weight: 400;\"><span style=\"color: #b3910c; font-size: 20px; font-family: arial, helvetica, sans-serif;\">2) Gagnez du temps et renforcez vos comp\u00e9tences professionnelles en vous habituant \u00e0 penser et travailler en allemand selon votre m\u00e9tier ou secteur d&rsquo;activit\u00e9\u00a0<\/span><\/h2>\n<h3 style=\"font-weight: 400;\"><span style=\"font-family: arial, helvetica, sans-serif; color: #000080; font-size: 16px;\">Nos programmes d&rsquo;anglais immersifs par m\u00e9tier ou secteur d&rsquo;activit\u00e9 sont totalement pr\u00e9sent\u00e9s en langue allemande avec des activit\u00e9s facilitant votre absorption du vocabulaire sp\u00e9cifique \u00e0 travers de multiples expositions et l&rsquo;automatisation des structures de phrases courantes sans r\u00e8gles de grammaire par leur mise en pratique imm\u00e9diate. Acc\u00e8s d\u00e8s le niveau A1+ vers B1+. \u00a0<\/span><\/h3>\n<p><span style=\"color: #000080; font-family: arial, helvetica, sans-serif;\"><span style=\"caret-color: #000080;\">Tourisme<\/span> \u00a0<\/span><br \/>\n<span style=\"color: #000080; font-family: arial, helvetica, sans-serif;\">Secr\u00e9tariat \u00a0<\/span><br \/>\n<span style=\"color: #000080; font-family: arial, helvetica, sans-serif; caret-color: #000080;\">Soins \u00e0 la personne \u00a0<\/span><br \/>\n<span style=\"color: #000080; font-family: arial, helvetica, sans-serif;\">Education\u00a0<\/span><br \/>\n<span style=\"color: #000080; font-family: arial, helvetica, sans-serif;\">&#8230;\u00a0<\/span><\/p>\n<\/div>\n<\/div>\n<\/div>\n<div class=\"field__item\">\n<div class=\"paragraph paragraph--type--editorial paragraph--view-mode--default\">\n<p><span style=\"font-family: arial, helvetica, sans-serif;\"><span style=\"font-size: 24px; color: #000080;\"><span style=\"font-size: 20px;\">Prix et financement<\/span><br \/>\n<\/span><span style=\"color: #000080;\">&#8211; <a href=\"https:\/\/www.leslanguessansstress.fr\/index.php\/prix-financement\/\" target=\"_blank\" rel=\"noopener\">Prix adapt\u00e9 aux modalit\u00e9s choisies<\/a><br \/>\n<\/span><span style=\"color: #000080;\"> &#8211; Nous acceptons la plupart des financements d&rsquo;Etat, conventions professionnelles et contrats du particulier ou forfaits associatifs. : <\/span><span style=\"color: #000080;\">CPF, OPCO, Associations, Agefiph, France Emploi, etc.<\/span><\/span><\/p>\n<div><span style=\"font-family: arial, helvetica, sans-serif;\"><img loading=\"lazy\" decoding=\"async\" class=\"wp-image-14157 aligncenter\" src=\"https:\/\/www.leslanguessansstress.fr\/wp-content\/uploads\/2022\/10\/Mon-compte-formation-CPF-les-langues-sans-stress-300x159.jpg\" alt=\"\" width=\"183\" height=\"97\" srcset=\"https:\/\/www.leslanguessansstress.fr\/wp-content\/uploads\/2022\/10\/Mon-compte-formation-CPF-les-langues-sans-stress-300x159.jpg 300w, https:\/\/www.leslanguessansstress.fr\/wp-content\/uploads\/2022\/10\/Mon-compte-formation-CPF-les-langues-sans-stress.jpg 646w\" sizes=\"auto, (max-width: 183px) 100vw, 183px\" \/><\/span><\/div>\n<div>\n<h2 style=\"font-weight: 400;\"><span style=\"font-size: 16px; color: #b3910c; font-family: arial, helvetica, sans-serif;\">3) Activez votre budget CPF pour suivre cette formation d&rsquo;allemand sans stress certifiant vos comp\u00e9tences d\u00e8s le niveau seuil A2 \u00a0<\/span><br \/>\n<span style=\"font-size: 14px; font-family: arial, helvetica, sans-serif;\"><a style=\"color: #0000ff;\" href=\"https:\/\/www.francecompetences.fr\/reguler-le-marche\/certification-professionnelle\/\" target=\"_blank\" rel=\"noopener\">Pourquoi se certifier?<\/a><\/span><\/h2>\n<\/div>\n<\/div>\n<\/div>\n<\/div>\n<\/div>\n<\/div>\n<\/div>\n<p style=\"font-weight: 400;\"><span style=\"font-size: 14px; font-family: arial, helvetica, sans-serif;\"><span style=\"color: #000080;\">Veuillez vous connecter \u00e0 votre interface\u00a0<\/span><span style=\"color: #000080;\"><span style=\"color: #0000ff;\"><strong><a style=\"color: #0000ff;\" href=\"https:\/\/www.moncompteformation.gouv.fr\/espace-prive\/html\/#\/\" target=\"_blank\" rel=\"noopener\">MON COMPTE FORMATION<\/a><\/strong><\/span> <\/span><span style=\"color: #000080;\">pour v\u00e9rifier votre \u00e9ligibilit\u00e9 \u00e0 la formation CPF et actualiser le montant de vos droits avant de choisir une de nos formations et de nous contacter avec votre projet et vos <span style=\"text-decoration: underline;\">dates d&rsquo;\u00e9tude pr\u00e9f\u00e9rentielles<\/span>.<br \/>\n<\/span><span style=\"color: #000080;\">Pr\u00e9paration et test sur place \u00e0\u00a0<\/span><strong style=\"color: #ff0000;\"><span style=\"color: #0000ff;\"><a style=\"color: #0000ff;\" href=\"https:\/\/www.valgelon-la-rochette.com\/\" target=\"_blank\" rel=\"noopener\">La Rochette (Savoie)<\/a> <\/span><\/strong><span style=\"color: #000080;\">ou en Visio.<\/span><\/span><\/p>\n<div class=\"field__item\">\n<div class=\"paragraph paragraph--type--editorial paragraph--view-mode--default\">\n<div class=\"clearfix text-formatted field field--name-field-description field--type-text-long field--label-hidden field__item\">\n<p><span style=\"font-family: arial, helvetica, sans-serif;\"><img loading=\"lazy\" decoding=\"async\" class=\"wp-image-17051 aligncenter\" src=\"https:\/\/www.leslanguessansstress.fr\/wp-content\/uploads\/2024\/11\/MODALITES-INFORMATION-FORMATION-300x164.jpg\" alt=\"\" width=\"184\" height=\"101\" srcset=\"https:\/\/www.leslanguessansstress.fr\/wp-content\/uploads\/2024\/11\/MODALITES-INFORMATION-FORMATION-300x164.jpg 300w, https:\/\/www.leslanguessansstress.fr\/wp-content\/uploads\/2024\/11\/MODALITES-INFORMATION-FORMATION-1024x561.jpg 1024w, https:\/\/www.leslanguessansstress.fr\/wp-content\/uploads\/2024\/11\/MODALITES-INFORMATION-FORMATION-768x420.jpg 768w, https:\/\/www.leslanguessansstress.fr\/wp-content\/uploads\/2024\/11\/MODALITES-INFORMATION-FORMATION.jpg 1308w\" sizes=\"auto, (max-width: 184px) 100vw, 184px\" \/><\/span><\/p>\n<div>\n<h3 style=\"font-weight: 400;\"><span style=\"color: #000080; font-size: 16px; font-family: arial, helvetica, sans-serif;\">4) <span style=\"text-decoration: underline;\">Modalit\u00e9s de formation<\/span><\/span><\/h3>\n<p><span style=\"font-family: arial, helvetica, sans-serif; color: #000080; font-size: 14px;\"><strong>OBJECTIFS<\/strong> : d\u00e9velopper votre capacit\u00e9 \u00e0 communiquer \u00e0 l\u2019oral et \u00e0 l\u2019\u00e9crit avec des interlocuteurs natifs et certifier vos nouveaux acquis fi\u00e8rement en fin de parcours (option libre ou CPF).<br \/>\n<strong>PROGRAMME<\/strong> : adaptatif au stagiaire ou groupe d\u2019entreprise \u2013 Acquisition et d\u00e9veloppement de la communication orale et \u00e9crite. Construction des phrases simples \u00e0 complexes enrichies d\u2019un lexique selon objectifs fix\u00e9s.<br \/>\n<span style=\"caret-color: #000080;\"><b>PR\u00c9REQUIS<\/b><\/span> : aucun, sauf si CPF = niveau A1 vers A2 ou plus (4)<br \/>\n<strong>PUBLIC<\/strong> : toute personne ayant le d\u00e9sir d&rsquo;apprendre la langue sans traduire depuis le fran\u00e7ais vers une communication naturelle<br \/>\n<strong>DATES <\/strong>: entr\u00e9e permanente &#8211; session sur mesure<\/span><\/p>\n<p><span style=\"font-family: arial, helvetica, sans-serif; color: #000080; font-size: 14px;\"><strong>DUREE<\/strong> : entre 10h et 65h (jusqu\u2019\u00e0 120 heures plus si initiation vers A1\/A2 avec certification A2 ou situation d\u2019illettrisme ou handicap).<br \/>\n<strong>EFFORT<\/strong> : ~ 3 \u00e0 5 heures\/semaine (pendant 1 \u00e0 6 mois conseill\u00e9s)<br \/>\n<strong>FREQUENCE DES ENTRETIENS<\/strong> : sur mesure, individualis\u00e9 face-\u00e0-face et pendant les ateliers d\u2019interaction<br \/>\n<strong>PRIX<\/strong> : Entre 960 \u20ac et 5100 \u20ac net<br \/>\n<strong>FINANCEMENT<\/strong> : associatif, particulier, CPF ou France travail, OPCO pour les entreprises, Agefiph, Fifph&#8230;<br \/>\n<strong>DELAIS D\u2019ACCES<\/strong> : sur mesure (CPF-D\u00e9marrage sous 15 jours)<br \/>\n<strong>METHODE<\/strong> : m\u00e9thode active invers\u00e9e et cours en pr\u00e9sentiel avec activit\u00e9s ludiques favorisant votre prise de parole et cr\u00e9ativit\u00e9 avec hypnose de relaxation en pr\u00e9-\u00e9coute immersive et participative pouvant d\u00e9bloquer certains freins(5). Les bilans de progression positive dans votre programme pendant les ateliers interactifs maintiennent votre motivation \u00e0 \u00e9tudier et pratiquer vos acquis avec fiert\u00e9 tout au long de votre parcours.<br \/>\n<strong>MOYENS PEDAGOGIQUES<\/strong> : manuel\/plateforme disponibles pendant votre parcours, grand \u00e9cran interactif, jeux et extraits de livre, films. Espace de travail <span style=\"caret-color: #000080;\">antistress<\/span>\u00a0+ salle claire et apaisante <\/span><br \/>\n<span style=\"font-size: 14px; font-family: arial, helvetica, sans-serif;\"><span style=\"color: #000080;\"><strong>MODALITES D\u2019EVALUATION<\/strong> : diagnostic \u00e0 l\u2019entr\u00e9e et validation des acquis avec la formatrice en cours de formation puis auto\u00e9valuation des acquis ou passage de la certification (en fonction de la formule choisie).<br \/>\n<strong>MODALITES DE PRESENCE<\/strong> : dates et horaires sur mesure en amont de la session avec feuille d\u2019\u00e9margement \u00e0 signer sur place d\u2019\u00e9tude individuelle\/atelier interactif\/entretiens avec la formatrice.<br \/>\n<\/span><span style=\"color: #000080;\"><strong>R\u00c9SULTATS ET ATTESTATION<\/strong> : progression entre votre niveau d&rsquo;entr\u00e9e et de fin du parcours. Prise d&rsquo;assurance \u00e0 l&rsquo;oral et en communication \u00e9crite selon les ateliers suivis. Attestation de pr\u00e9sence (feuille d&rsquo;\u00e9margement \u00e9tude\/mise en pratique\/entretien). Attestation fin de formation ou Certificat de r\u00e9alisation (OPCO). Certification des acquis (option libre ou CPF)<br \/>\n<\/span><strong style=\"color: #000080;\">D\u00c9BOUCH\u00c9S<\/strong><span style=\"color: #000080;\"> : communication courante et des voyages \u2014 Echanges dans un cadre professionnel \u2014 Soutien pendant des \u00e9tudes, avant une \u00e9valuation ou un entretien \u2014 Am\u00e9lioration de la mobilit\u00e9.<br \/>\n<\/span><strong style=\"color: #000080;\">R\u00c9F\u00c9RENTE HANDICAP<\/strong><span style=\"color: #000080;\">: Val\u00e9rie Neyret-Vachey. Adresse mail : contactpro@leslanguessansstress.fr <\/span><\/span><\/p>\n<\/div>\n<p><span style=\"font-family: georgia, palatino, serif;\">(1) Ajoutez soit un module de renforcement grammatical, soit un module d&rsquo;enrichissement dans votre parcours afin d&rsquo;assurer l&rsquo;absorption de l&rsquo;ensemble du nouveau programme dans la dur\u00e9e de formation sans stress ni trop d&rsquo;efforts. Votre but, c&rsquo;est la fluidit\u00e9 et le plaisir de parler cette langue avec efficacit\u00e9, pas de cumuler des le\u00e7ons vites oubli\u00e9es par manque de pratique, faute de temps ou trop de fatigue&#8230;<\/span><\/p>\n<\/div>\n<\/div>\n<\/div>\n<\/div>\n<p><span style=\"font-family: georgia, palatino, serif;\">(2) \u00a0Adaptatif \u00a0\u00e0 vos r\u00e9ponses, ce test valide votre niveau individuel exact en expression et compr\u00e9hension orale\/\u00e9crite.<\/span><br \/>\n<span style=\"font-family: georgia, palatino, serif;\">Votre inscription avec pr\u00e9paration au format des questions est prise en charge par Les langues sans stress lorsque vous activez le CPF.<\/span><br \/>\n<span style=\"font-family: georgia, palatino, serif;\">Apr\u00e8s votre \u00e9valuation certifiante, vous recevez un retour avec commentaire positif par votre formatrice sur chacune des comp\u00e9tences acquises pour favoriser votre mobilit\u00e9 et confiance en vous et les possibles voies de d\u00e9veloppement de vos connaissances au quotidien ou pendant vos fonctions termine votre parcours.<\/span><\/p>\n<p><span style=\"font-family: georgia, palatino, serif;\">(3) En mettant en place une routine d&rsquo;apprentissage et de pratique orale, vous facilitez la t\u00e2che \u00e0 votre cerveau qui verra cela comme une activit\u00e9 quotidienne banale (au m\u00eame titre que le fait de se brosser les dents par exemple). Cela r\u00e9duit le stress et rend votre \u00e9tude plus agr\u00e9able et efficace par l&rsquo;assimilation des activit\u00e9s comme automatismes.<\/span><\/p>\n<p><span style=\"font-family: georgia, palatino, serif;\">(4) Si vous n&rsquo;avez pas ou tr\u00e8s peu de bases de cette langue, vous commencerez par leur acquisition niveau 0\/A1 afin d&rsquo;\u00eatre initier \u00e0 la prononciation, aux mots et automatismes essentiels \u00e0 votre expression et compr\u00e9hension simple au quotidien et\/ou en milieu professionnel<\/span><\/p>\n<h3 style=\"font-weight: 400;\"><span style=\"color: #3366ff; font-size: 20px; font-family: georgia, palatino, serif;\"><span style=\"color: #000000; font-size: 14px;\">(5) <strong>L&rsquo;hypnose que je pratique est un moyen naturel de relaxer l&rsquo;apprenant actif<\/strong> (vous ne dormez pas!!!) en visualisant des images agr\u00e9ables qui l&rsquo;aident \u00e0 se concentrer sur le sujet d&rsquo;\u00e9tude ou le dialogue mis en sc\u00e8ne. D\u00e9tendu, il comprend la situation pr\u00e9sent\u00e9e qu&rsquo;il peut s&rsquo;approprier ou r\u00e9p\u00e9ter et r\u00e9pondre naturellement \u00e0 des questions sur ce qu&rsquo;il vient d&rsquo;entendre, immerg\u00e9 dans la langue \u00e9trang\u00e8re.<\/span>\u00a0<\/span><\/h3>\n<div>\n<h2><span style=\"font-family: arial, helvetica, sans-serif;\"><img loading=\"lazy\" decoding=\"async\" class=\"alignnone wp-image-11344 aligncenter\" src=\"https:\/\/www.leslanguessansstress.fr\/wp-content\/uploads\/2021\/02\/Hypnose-de-relaxation-pour-le-quotidien-et-pour-apprendre-a-communiquer-sans-stress-a-La-Rochette-Savoie-eligible-CPF.png\" alt=\"\" width=\"179\" height=\"115\" \/><\/span><\/h2>\n<p><span style=\"color: #b3910c; font-family: arial, helvetica, sans-serif;\"><span style=\"font-size: 20px;\">Acc\u00e9l\u00e9rez votre formation en \u00e9coutant des <\/span><strong style=\"font-size: 20px;\">dialogues d&rsquo;allemand sous hypnose de relaxation<\/strong><span style=\"font-size: 20px;\"> \u2014 vous favorisez votre compr\u00e9hension instinctive et \u00a0fluidifiez votre expression devenue naturelle \u00a0<\/span><\/span><\/p>\n<\/div>\n<div>\n<p><span style=\"font-family: arial, helvetica, sans-serif;\"><strong style=\"color: #000080;\"><a href=\"https:\/\/www.leslanguessansstress.fr\/index.php\/nous-contacter\/\" target=\"_blank\" rel=\"noopener\"><span style=\"color: #993366;\">Pour nous consulter<\/span><\/a><\/strong><span style=\"color: #000080;\"> ou fixer un rendez-vous \/ entretien t\u00e9l\u00e9phonique.\u00a0<\/span><\/span><\/p>\n<\/div>\n<p><span style=\"font-family: arial, helvetica, sans-serif; font-size: 16px;\"><span style=\"color: #000080;\">Nous vous invitons \u00e0 prendre connaissance <a href=\"https:\/\/www.leslanguessansstress.fr\/index.php\/2025\/07\/30\/reglement-interieur-signature\/\">des CGV, du r\u00e8glement int\u00e9rieur<\/a>, des modalit\u00e9s de cette formation personnalisable et de la m\u00e9thode Les langues sans stress avant toute inscription en lisant le <\/span><strong><span style=\"color: #993366;\"><a style=\"color: #993366;\" href=\"https:\/\/www.leslanguessansstress.fr\/index.php\/2023\/03\/24\/livret-daccueil-stagiaire\/\" target=\"_blank\" rel=\"noopener\">Livret d&rsquo;accueil du stagiaire<\/a><\/span><span style=\"color: #000080;\">.<\/span><\/strong><\/span><\/p>\n<\/div>\n<\/div>\n<div>\n<p style=\"font-weight: 400;\"><span style=\"font-family: arial, helvetica, sans-serif;\"><strong><span style=\"color: #000080; font-size: 16px;\">Pas de CPF? <\/span><\/strong><\/span><br \/>\n<span style=\"font-family: arial, helvetica, sans-serif;\"><strong><span style=\"color: #000080; font-size: 16px;\">Il existe d&rsquo;autres moyens de financer votre formation. <\/span><\/strong><\/span><\/p>\n<p><span style=\"font-family: arial, helvetica, sans-serif; color: #000080;\">Vous n&rsquo;avez pas acc\u00e8s au financement CPF ou tr\u00e8s peu de budget \u00e9pargn\u00e9 ?<\/span><br \/>\n<span style=\"font-family: arial, helvetica, sans-serif; color: #000080;\">Contactez-nous avec un maximum d&rsquo;\u00e9l\u00e9ments pour trouver la solution \u00e0 votre situation individuelle et faire de votre projet une r\u00e9alit\u00e9.<\/span><\/p>\n<p><span style=\"font-family: arial, helvetica, sans-serif;\"><img loading=\"lazy\" decoding=\"async\" class=\"alignnone wp-image-16444 aligncenter\" src=\"https:\/\/www.leslanguessansstress.fr\/wp-content\/uploads\/2024\/08\/20240828-charte-de-deontologie-Qualiopi--300x271.jpg\" alt=\"\" width=\"116\" height=\"105\" srcset=\"https:\/\/www.leslanguessansstress.fr\/wp-content\/uploads\/2024\/08\/20240828-charte-de-deontologie-Qualiopi--300x271.jpg 300w, https:\/\/www.leslanguessansstress.fr\/wp-content\/uploads\/2024\/08\/20240828-charte-de-deontologie-Qualiopi-.jpg 370w\" sizes=\"auto, (max-width: 116px) 100vw, 116px\" \/><\/span><\/p>\n<\/div>\n<\/div>\n<\/div>\n","protected":false},"excerpt":{"rendered":"<p>Information \u00e0 lire de pr\u00e9f\u00e9rence depuis un \u00e9cran d&rsquo;ordinateur 1) Contenu des programmes standards 2)<\/p>\n","protected":false},"author":1,"featured_media":14163,"comment_status":"closed","ping_status":"open","sticky":false,"template":"","format":"standard","meta":{"footnotes":""},"categories":[80,149],"tags":[112,574,430,386,289,202,443,370],"class_list":["post-17319","post","type-post","status-publish","format-standard","has-post-thumbnail","hentry","category-actualites","category-allemand","tag-allemand","tag-cpf","tag-formation-professionnelle","tag-initiation","tag-langues-faciles-sous-hypnose","tag-perfectionnement","tag-preparation-tests","tag-remise-a-niveau"],"_links":{"self":[{"href":"https:\/\/www.leslanguessansstress.fr\/index.php\/wp-json\/wp\/v2\/posts\/17319","targetHints":{"allow":["GET"]}}],"collection":[{"href":"https:\/\/www.leslanguessansstress.fr\/index.php\/wp-json\/wp\/v2\/posts"}],"about":[{"href":"https:\/\/www.leslanguessansstress.fr\/index.php\/wp-json\/wp\/v2\/types\/post"}],"author":[{"embeddable":true,"href":"https:\/\/www.leslanguessansstress.fr\/index.php\/wp-json\/wp\/v2\/users\/1"}],"replies":[{"embeddable":true,"href":"https:\/\/www.leslanguessansstress.fr\/index.php\/wp-json\/wp\/v2\/comments?post=17319"}],"version-history":[{"count":18,"href":"https:\/\/www.leslanguessansstress.fr\/index.php\/wp-json\/wp\/v2\/posts\/17319\/revisions"}],"predecessor-version":[{"id":18472,"href":"https:\/\/www.leslanguessansstress.fr\/index.php\/wp-json\/wp\/v2\/posts\/17319\/revisions\/18472"}],"wp:featuredmedia":[{"embeddable":true,"href":"https:\/\/www.leslanguessansstress.fr\/index.php\/wp-json\/wp\/v2\/media\/14163"}],"wp:attachment":[{"href":"https:\/\/www.leslanguessansstress.fr\/index.php\/wp-json\/wp\/v2\/media?parent=17319"}],"wp:term":[{"taxonomy":"category","embeddable":true,"href":"https:\/\/www.leslanguessansstress.fr\/index.php\/wp-json\/wp\/v2\/categories?post=17319"},{"taxonomy":"post_tag","embeddable":true,"href":"https:\/\/www.leslanguessansstress.fr\/index.php\/wp-json\/wp\/v2\/tags?post=17319"}],"curies":[{"name":"wp","href":"https:\/\/api.w.org\/{rel}","templated":true}]}}