{"id":17036,"date":"2025-02-04T08:55:11","date_gmt":"2025-02-04T07:55:11","guid":{"rendered":"https:\/\/www.leslanguessansstress.fr\/?p=17036"},"modified":"2025-02-04T09:28:01","modified_gmt":"2025-02-04T08:28:01","slug":"modalites-planning","status":"publish","type":"post","link":"https:\/\/www.leslanguessansstress.fr\/index.php\/2025\/02\/04\/modalites-planning\/","title":{"rendered":"Planning = Ateliers de conversation"},"content":{"rendered":"<p style=\"font-weight: 400;\">\n<h1 style=\"font-weight: 400;\"><span style=\"font-family: verdana, geneva, sans-serif; color: #ff6600; font-size: 24px;\">Dates 2025-1 des ateliers pour pratiquer les langues sans stress \u00e0 l&rsquo;oral<\/span><\/h1>\n<p><span class=\"wixui-rich-text__text\" style=\"font-family: verdana, geneva, sans-serif; color: #000080;\"><span class=\"wixGuard wixui-rich-text__text\"><span style=\"font-size: 16px;\">Janvier 2025 : pas de rendez-vous pr\u00e9sentiels mais s<\/span><\/span><\/span><span class=\"wixui-rich-text__text\" style=\"font-family: verdana, geneva, sans-serif; color: #000080;\"><span class=\"wixGuard wixui-rich-text__text\"><span style=\"font-size: 16px;\">uivi asynchrone des programmes engag\u00e9s. <\/span><\/span><\/span><\/p>\n<h2><span class=\"wixui-rich-text__text\" style=\"font-family: verdana, geneva, sans-serif; color: #000080;\"><span class=\"wixGuard wixui-rich-text__text\"><span style=\"font-size: 16px;\">Inscription jusqu&rsquo;au 30 janvier 2025 puis selon places disponibles<\/span><\/span><\/span><\/h2>\n<p><span style=\"font-family: verdana, geneva, sans-serif; color: #000080; font-size: 24px;\"><span style=\"font-size: 16px;\">\u00ab\u00a0Premier arriv\u00e9, premier servi\u00a0\u00bb, les dates d&rsquo;ateliers ou de cours particuliers sont susceptibles d&rsquo;\u00e9voluer \u00e0 r\u00e9ception des inscriptions avec dates valid\u00e9es par le d\u00e9p\u00f4t de ch\u00e8que ou un virement. <\/span><\/span><\/p>\n<p><span style=\"font-family: verdana, geneva, sans-serif; color: #000080; font-size: 24px;\"><span style=\"font-size: 16px;\">Renseignez-vous aupr\u00e8s de la formatrice : <a href=\"https:\/\/www.leslanguessansstress.fr\/index.php\/contact\/\" target=\"_blank\" rel=\"noopener\">nous contacter<\/a> ou contactpro@leslanguessansstress.fr avec vos coordonn\u00e9es et la langue que vous souhaitez pratiquer.\u00a0<\/span><\/span><\/p>\n<h1 style=\"font-weight: 400;\"><span style=\"font-family: verdana, geneva, sans-serif; color: #ff6600; font-size: 24px;\">Espagnol immersif dans la bonne humeur pour le vrai d\u00e9butant\u00a0<\/span><\/h1>\n<p><span class=\"wixui-rich-text__text\" style=\"font-family: verdana, geneva, sans-serif; color: #000080;\"><span class=\"wixGuard wixui-rich-text__text\"><span style=\"font-size: 16px;\">Atelier de conversation deux par deux (effectif max. 10 participants).<\/span><\/span><\/span><\/p>\n<h2><img loading=\"lazy\" decoding=\"async\" class=\"alignnone size-medium wp-image-17483\" src=\"https:\/\/www.leslanguessansstress.fr\/wp-content\/uploads\/2025\/01\/20250204-ATELIER-ESPAGNOL-2025-1-300x216.jpg\" alt=\"\" width=\"300\" height=\"216\" \/><\/h2>\n<h1 style=\"font-weight: 400;\"><span style=\"font-family: verdana, geneva, sans-serif; color: #ff6600; font-size: 24px;\">Anglais immersif dans la bonne humeur<\/span><\/h1>\n<p><span class=\"wixui-rich-text__text\" style=\"font-family: verdana, geneva, sans-serif; color: #000080;\"><span class=\"wixGuard wixui-rich-text__text\"><span style=\"font-size: 16px;\">Atelier de conversation deux par deux (effectif max. 10 participants).<\/span><\/span><\/span><\/p>\n<h1><img loading=\"lazy\" decoding=\"async\" class=\"alignnone wp-image-17245\" src=\"https:\/\/www.leslanguessansstress.fr\/wp-content\/uploads\/2024\/11\/GB-20250102-ATELIERS-ANGLAIS-2025-300x150.jpg\" alt=\"\" width=\"610\" height=\"305\" \/><\/h1>\n<p><span style=\"color: #000080; font-family: verdana, geneva, sans-serif;\"><span style=\"caret-color: #000080;\">En f\u00e9vrier, il n&rsquo;y a d\u00e9j\u00e0 plus de place pour des cours particuliers. <\/span><\/span><\/p>\n<p><span style=\"color: #000080; font-family: verdana, geneva, sans-serif;\"><span style=\"caret-color: #000080;\">En mars et avril : les lundis et mardis sont encore libres la plupart du temps, profitez-en!<\/span><\/span><\/p>\n<p>&nbsp;<\/p>\n","protected":false},"excerpt":{"rendered":"<p>Dates 2025-1 des ateliers pour pratiquer les langues sans stress \u00e0 l&rsquo;oral Janvier 2025 :<\/p>\n","protected":false},"author":1,"featured_media":5167,"comment_status":"closed","ping_status":"open","sticky":false,"template":"","format":"standard","meta":{"footnotes":""},"categories":[80,176],"tags":[703,678,526,698],"class_list":["post-17036","post","type-post","status-publish","format-standard","has-post-thumbnail","hentry","category-actualites","category-information-documentation","tag-bles","tag-contact","tag-modalites","tag-planning"],"_links":{"self":[{"href":"https:\/\/www.leslanguessansstress.fr\/index.php\/wp-json\/wp\/v2\/posts\/17036","targetHints":{"allow":["GET"]}}],"collection":[{"href":"https:\/\/www.leslanguessansstress.fr\/index.php\/wp-json\/wp\/v2\/posts"}],"about":[{"href":"https:\/\/www.leslanguessansstress.fr\/index.php\/wp-json\/wp\/v2\/types\/post"}],"author":[{"embeddable":true,"href":"https:\/\/www.leslanguessansstress.fr\/index.php\/wp-json\/wp\/v2\/users\/1"}],"replies":[{"embeddable":true,"href":"https:\/\/www.leslanguessansstress.fr\/index.php\/wp-json\/wp\/v2\/comments?post=17036"}],"version-history":[{"count":14,"href":"https:\/\/www.leslanguessansstress.fr\/index.php\/wp-json\/wp\/v2\/posts\/17036\/revisions"}],"predecessor-version":[{"id":17484,"href":"https:\/\/www.leslanguessansstress.fr\/index.php\/wp-json\/wp\/v2\/posts\/17036\/revisions\/17484"}],"wp:featuredmedia":[{"embeddable":true,"href":"https:\/\/www.leslanguessansstress.fr\/index.php\/wp-json\/wp\/v2\/media\/5167"}],"wp:attachment":[{"href":"https:\/\/www.leslanguessansstress.fr\/index.php\/wp-json\/wp\/v2\/media?parent=17036"}],"wp:term":[{"taxonomy":"category","embeddable":true,"href":"https:\/\/www.leslanguessansstress.fr\/index.php\/wp-json\/wp\/v2\/categories?post=17036"},{"taxonomy":"post_tag","embeddable":true,"href":"https:\/\/www.leslanguessansstress.fr\/index.php\/wp-json\/wp\/v2\/tags?post=17036"}],"curies":[{"name":"wp","href":"https:\/\/api.w.org\/{rel}","templated":true}]}}