{"id":16818,"date":"2024-11-01T10:28:29","date_gmt":"2024-11-01T09:28:29","guid":{"rendered":"https:\/\/www.leslanguessansstress.fr\/?p=16818"},"modified":"2024-11-01T10:28:29","modified_gmt":"2024-11-01T09:28:29","slug":"anglais-pro-bureau-a2-b1","status":"publish","type":"post","link":"https:\/\/www.leslanguessansstress.fr\/index.php\/2024\/11\/01\/anglais-pro-bureau-a2-b1\/","title":{"rendered":"Anglais pro = bureau A2-B1"},"content":{"rendered":"<h1 style=\"font-weight: 400;\"><span style=\"color: #3366ff; font-size: 28px;\"><span style=\"font-family: verdana, geneva, sans-serif;\">Communiquer en anglais au bureau \u00a0<\/span><\/span><\/h1>\n<p><span style=\"font-size: 16px;\"><strong><span style=\"color: #000080; font-family: verdana, geneva, sans-serif;\">Objectifs<\/span><\/strong><\/span><\/p>\n<p><span style=\"color: #000080; font-family: verdana, geneva, sans-serif; font-size: 16px;\">Am\u00e9liorer son anglais dans un contexte professionnel simple pour prendre de l&rsquo;assurance \u00e0 l&rsquo;\u00e9crit comme \u00e0 l&rsquo;oral pendant ses fonctions et entretiens divers.\u00a0<\/span><\/p>\n<p><span style=\"font-size: 16px;\"><strong><span style=\"color: #000080; font-family: verdana, geneva, sans-serif;\">Niveau\u00a0<\/span><span style=\"color: #000080; font-family: verdana, geneva, sans-serif;\">A2-B1<\/span><\/strong><\/span><\/p>\n<p><span style=\"color: #000080; font-family: verdana, geneva, sans-serif; font-size: 16px;\">Ce cours d\u2019anglais professionnel s\u2019adresse aux personnes ayant d\u00e9j\u00e0 des notions \u00e9l\u00e9mentaires \u00a0en anglais courant et devant communiquer en anglais au bureau \u00e0 l\u2019oral comme \u00e0 l\u2019\u00e9crit.\u00a0<\/span><\/p>\n<p><span style=\"font-size: 16px;\"><strong><span style=\"color: #000080; font-family: verdana, geneva, sans-serif;\">Pr\u00e9requis <\/span><\/strong><\/span><\/p>\n<p><span style=\"color: #000080; font-family: verdana, geneva, sans-serif; font-size: 16px;\">A2 faux d\u00e9butant anglais courant<\/span><\/p>\n<h2 style=\"font-weight: 400;\"><span style=\"color: #3366ff; font-size: 24px;\"><span style=\"font-family: verdana, geneva, sans-serif;\">Programme d&rsquo;anglais professionnel au bureau niveau A2-B1<\/span><\/span><\/h2>\n<div class=\"page\" title=\"Page 2\">\n<p style=\"font-weight: 400;\"><span style=\"color: #000080; font-family: verdana, geneva, sans-serif; font-size: 16px;\">Contenu th\u00e9matique d\u00e9taill\u00e9 des notions \u00e0 valider pendant la formation certifiante<\/span><\/p>\n<ul>\n<li><span style=\"font-size: 16px;\"><strong><span style=\"color: #000080; font-family: verdana, geneva, sans-serif;\"><span style=\"caret-color: #000080;\">Rafra\u00eechissement\u00a0<\/span><\/span><\/strong><\/span><\/li>\n<\/ul>\n<p style=\"font-weight: 400;\"><span style=\"font-family: verdana, geneva, sans-serif; color: #000080; font-size: 16px;\">Rappel des fondamentaux \u00a0<\/span><br \/>\n<span style=\"font-family: verdana, geneva, sans-serif; color: #000080; font-size: 16px;\">Alphabet anglais<\/span><br \/>\n<span style=\"font-family: verdana, geneva, sans-serif; color: #000080; font-size: 16px;\">Adresses e-mails<\/span><br \/>\n<span style=\"font-family: verdana, geneva, sans-serif; color: #000080; font-size: 16px;\">Nombres<\/span><br \/>\n<span style=\"font-family: verdana, geneva, sans-serif; color: #000080; font-size: 16px;\">Unite\u0301s de mesures<\/span><br \/>\n<span style=\"font-family: verdana, geneva, sans-serif; color: #000080; font-size: 16px;\">Date<\/span><br \/>\n<span style=\"font-family: verdana, geneva, sans-serif; color: #000080; font-size: 16px;\">Heure<\/span><\/p>\n<ul>\n<li style=\"font-weight: 400;\"><span style=\"font-family: verdana, geneva, sans-serif; color: #000080; font-size: 16px;\"><strong>Guide de prononciation <\/strong><\/span><\/li>\n<\/ul>\n<p style=\"font-weight: 400;\"><span style=\"font-family: verdana, geneva, sans-serif; color: #000080; font-size: 16px;\">Accent<\/span><br \/>\n<span style=\"font-family: verdana, geneva, sans-serif; color: #000080; font-size: 16px;\">Le \u00ab th \u00bb<\/span><br \/>\n<span style=\"font-family: verdana, geneva, sans-serif; color: #000080; font-size: 16px;\">Les lettres muettes<\/span><br \/>\n<span style=\"font-family: verdana, geneva, sans-serif; color: #000080; font-size: 16px;\">Autres sons spe\u0301cifiques<\/span><br \/>\n<span style=\"font-family: verdana, geneva, sans-serif; color: #000080; font-size: 16px;\">Son \u00ab schwa \u00bb<\/span><br \/>\n<span style=\"font-family: verdana, geneva, sans-serif; color: #000080; font-size: 16px;\">Trois fac\u0327ons de prononcer les voyelles<\/span><br \/>\n<span style=\"font-family: verdana, geneva, sans-serif; color: #000080; font-size: 16px;\">Sons longs et courts<\/span><br \/>\n<span style=\"font-family: verdana, geneva, sans-serif; color: #000080; font-size: 16px;\">Accent nord-ame\u0301ricain<\/span><br \/>\n<span style=\"font-family: verdana, geneva, sans-serif; color: #000080; font-size: 16px;\">Anglais britannique\/Anglais ame\u0301ricain<\/span><\/p>\n<ul>\n<li style=\"font-weight: 400;\"><span style=\"font-family: verdana, geneva, sans-serif; color: #000080; font-size: 16px;\"><strong> Vocabulaire du professionnel<\/strong><\/span><\/li>\n<\/ul>\n<p style=\"font-weight: 400;\"><span style=\"font-family: verdana, geneva, sans-serif; color: #000080; font-size: 16px;\">Salutations\/Greetings<\/span><br \/>\n<span style=\"font-family: verdana, geneva, sans-serif; color: #000080; font-size: 16px;\">Pre\u0301senter son entreprise et son travail<\/span><br \/>\n<span style=\"font-family: verdana, geneva, sans-serif; color: #000080; font-size: 16px;\">Conversations te\u0301le\u0301phoniques<\/span><br \/>\n<span style=\"font-family: verdana, geneva, sans-serif; color: #000080; font-size: 16px;\">Prendre un rendez-vous<\/span><br \/>\n<span style=\"font-family: verdana, geneva, sans-serif; color: #000080; font-size: 16px;\">Communications e\u0301crites (lettres, e-mails) <\/span><br \/>\n<span style=\"font-family: verdana, geneva, sans-serif; color: #000080; font-size: 16px;\">Re\u0301unions <\/span><br \/>\n<span style=\"font-family: verdana, geneva, sans-serif; color: #000080; font-size: 16px;\">Pre\u0301sentations<\/span><br \/>\n<span style=\"font-family: verdana, geneva, sans-serif; color: #000080; font-size: 16px;\">De\u0301crire des tendances<\/span><br \/>\n<span style=\"font-family: verdana, geneva, sans-serif; color: #000080; font-size: 16px;\">Entretien professionnel<\/span><br \/>\n<span style=\"font-family: verdana, geneva, sans-serif; color: #000080; font-size: 16px;\">Le CV.<\/span><\/p>\n<ul>\n<li style=\"font-weight: 400;\"><span style=\"font-family: verdana, geneva, sans-serif; color: #000080; font-size: 16px;\"><strong> Renforcement grammaire et conjugaison <\/strong><\/span><\/li>\n<\/ul>\n<p style=\"font-weight: 400;\"><span style=\"font-family: verdana, geneva, sans-serif; color: #000080; font-size: 16px;\">Introduction structure de la phrase anglaise<\/span><br \/>\n<span style=\"font-family: verdana, geneva, sans-serif; color: #000080; font-size: 16px;\">Present Simple<\/span><br \/>\n<span style=\"font-family: verdana, geneva, sans-serif; color: #000080; font-size: 16px;\">Present Continuous<\/span><br \/>\n<span style=\"font-family: verdana, geneva, sans-serif; color: #000080; font-size: 16px;\">Past Simple = Preterit<\/span><br \/>\n<span style=\"font-family: verdana, geneva, sans-serif; color: #000080; font-size: 16px;\">Present Perfect Simple\/Continuous<\/span><br \/>\n<span style=\"font-family: verdana, geneva, sans-serif; color: #000080; font-size: 16px;\">Past Continuous<\/span><br \/>\n<span style=\"font-family: verdana, geneva, sans-serif; color: #000080; font-size: 16px;\">Past Perfect<\/span><br \/>\n<span style=\"font-family: verdana, geneva, sans-serif; color: #000080; font-size: 16px;\">Futur<\/span><br \/>\n<span style=\"font-family: verdana, geneva, sans-serif; color: #000080; font-size: 16px;\">Conditionnel \u00a0Re\u0301capitulatif<\/span><br \/>\n<span style=\"font-family: verdana, geneva, sans-serif; color: #000080; font-size: 16px;\">Temps\/Auxiliaires<\/span><br \/>\n<span style=\"font-family: verdana, geneva, sans-serif; color: #000080; font-size: 16px;\">Obligations\/Interdictions<\/span><br \/>\n<span style=\"font-family: verdana, geneva, sans-serif; color: #000080; font-size: 16px;\">Possibilite\u0301s, hypothe\u0300ses<\/span><br \/>\n<span style=\"font-family: verdana, geneva, sans-serif; color: #000080; font-size: 16px;\">La voix passive<\/span><br \/>\n<span style=\"font-family: verdana, geneva, sans-serif; color: #000080; font-size: 16px;\">L&rsquo;expression \u00ab used to<\/span><br \/>\n<span style=\"font-family: verdana, geneva, sans-serif; color: #000080; font-size: 16px;\">Les possessifs et pronoms<\/span><br \/>\n<span style=\"font-family: verdana, geneva, sans-serif; color: #000080; font-size: 16px;\">Lescomparaisons<\/span><br \/>\n<span style=\"font-family: verdana, geneva, sans-serif; color: #000080; font-size: 16px;\">Le superlatif<\/span><br \/>\n<span style=\"font-family: verdana, geneva, sans-serif; color: #000080; font-size: 16px;\">Les pre\u0301positions de lieux et de temps<\/span><br \/>\n<span style=\"font-family: verdana, geneva, sans-serif; color: #000080; font-size: 16px;\">Les quantificateurs<\/span><\/p>\n<ul>\n<li style=\"font-weight: 400;\"><span style=\"font-family: verdana, geneva, sans-serif; color: #000080; font-size: 16px;\"><strong> Approfondissement <\/strong><\/span><\/li>\n<\/ul>\n<p style=\"font-weight: 400;\"><span style=\"font-family: verdana, geneva, sans-serif; color: #000080; font-size: 16px;\">Abre\u0301viations et sigles<\/span><br \/>\n<span style=\"font-family: verdana, geneva, sans-serif; color: #000080; font-size: 16px;\">Mots de liaison<\/span><br \/>\n<span style=\"font-family: verdana, geneva, sans-serif; color: #000080; font-size: 16px;\">Le verbe \u00ab to get \u00bb<\/span><br \/>\n<span style=\"font-family: verdana, geneva, sans-serif; color: #000080; font-size: 16px;\">Les \u00ab phrasal verbs \u00bb<\/span><br \/>\n<span style=\"font-family: verdana, geneva, sans-serif; color: #000080; font-size: 16px;\">Les faux amis<\/span><br \/>\n<span style=\"font-family: verdana, geneva, sans-serif; color: #000080; font-size: 16px;\">Pays<\/span><br \/>\n<span style=\"font-family: verdana, geneva, sans-serif; color: #000080; font-size: 16px;\">Verbes que l\u2019on peut confondre<\/span><br \/>\n<span style=\"font-family: verdana, geneva, sans-serif; color: #000080; font-size: 16px;\">Autres confusions fre\u0301quentes<\/span><\/p>\n<p style=\"font-weight: 400;\"><span style=\"font-size: 16px;\"><img loading=\"lazy\" decoding=\"async\" class=\"alignnone  wp-image-15551 aligncenter\" src=\"https:\/\/www.leslanguessansstress.fr\/wp-content\/uploads\/2023\/12\/Preparation-aux-entretiens-CPF--300x200.jpeg\" alt=\"\" width=\"239\" height=\"159\" srcset=\"https:\/\/www.leslanguessansstress.fr\/wp-content\/uploads\/2023\/12\/Preparation-aux-entretiens-CPF--300x200.jpeg 300w, https:\/\/www.leslanguessansstress.fr\/wp-content\/uploads\/2023\/12\/Preparation-aux-entretiens-CPF--1024x682.jpeg 1024w, https:\/\/www.leslanguessansstress.fr\/wp-content\/uploads\/2023\/12\/Preparation-aux-entretiens-CPF--768x512.jpeg 768w, https:\/\/www.leslanguessansstress.fr\/wp-content\/uploads\/2023\/12\/Preparation-aux-entretiens-CPF-.jpeg 1280w\" sizes=\"auto, (max-width: 239px) 100vw, 239px\" \/><\/span><br \/>\n<span style=\"font-family: verdana, geneva, sans-serif; color: #000080; font-size: 16px;\"><strong>EN PR\u00c9SENTIEL<\/strong><\/span><\/p>\n<p style=\"font-weight: 400;\"><span style=\"font-family: verdana, geneva, sans-serif; color: #000080; font-size: 16px;\">Ateliers mixtes de pratique orale par situation rencontr\u00e9e au quotidien.<\/span><br \/>\n<span style=\"font-family: verdana, geneva, sans-serif; color: #000080; font-size: 16px;\">Entretiens individualis\u00e9s de validation progressive des acquis en contexte selon le\u00e7ons apprises. <\/span><br \/>\n<span style=\"font-family: verdana, geneva, sans-serif; color: #000080; font-size: 16px;\">Correction explicatives et bienveillante des fautes et exercices pendant les activit\u00e9s ludiques et prises de parole.\u00a0<\/span><\/p>\n<\/div>\n<div title=\"Page 2\">\n<div class=\"page\" title=\"Page 1\">\n<div class=\"layoutArea\">\n<div class=\"column\">\n<p style=\"font-weight: 400;\"><span style=\"font-family: verdana, geneva, sans-serif; color: #000080; font-size: 16px;\"><strong>\u00c9TUDE AUTONOME<\/strong><\/span><\/p>\n<p style=\"font-weight: 400;\"><span style=\"font-family: verdana, geneva, sans-serif; color: #000080; font-size: 16px;\">Le\u00e7ons \u00e0 \u00e9tudier et r\u00e9viser \u00e0 votre rythme en compr\u00e9hension \u00e9crite et orale. <\/span><br \/>\n<span style=\"font-family: verdana, geneva, sans-serif; color: #000080; font-size: 16px;\">Mise \u00e0 disposition des pistes audio.<br \/>\nCorrection des exercices et entrainements \u00e0 l&rsquo;expression \u00e9crite libre par la formatrice.<\/span><\/p>\n<p style=\"font-weight: 400;\"><span style=\"font-family: verdana, geneva, sans-serif; color: #000080; font-size: 16px;\"><strong>PR\u00c9PARATION CERTIFICAT<\/strong><\/span><\/p>\n<p style=\"font-weight: 400;\"><span style=\"font-family: verdana, geneva, sans-serif; color: #000080; font-size: 16px;\">Acc\u00e8s individuel \u00e0 la plateforme de pr\u00e9paration au format des questions du test CLO\u00c9 ANGLAIS. <\/span><br \/>\n<span style=\"font-family: verdana, geneva, sans-serif; color: #000080; font-size: 16px;\">Entrainement \u00e9crit passif et actif, compr\u00e9hension orale.<br \/>\nCorrection des erreurs.<\/span><\/p>\n<p><span style=\"font-family: verdana, geneva, sans-serif; color: #000080; font-size: 16px;\"><strong>TARIF ET FINANCEMENT \u00a0<\/strong><\/span><\/p>\n<p><span style=\"font-family: verdana, geneva, sans-serif; color: #000080; font-size: 16px;\">Tarif de la formation sur devis car toutes nos formations sont con\u00e7ues sur mesure.\u00a0<\/span><br \/>\n<span style=\"font-family: verdana, geneva, sans-serif; color: #000080; font-size: 16px;\">Adaptation aux besoins d\u00e9tect\u00e9s du stagiaire et aux contraintes exprim\u00e9es par le donneur d&rsquo;ordre.<br \/>\nNous acceptons tous types de financement allant du particulier \u00e0 l&rsquo;entreprise, les OPCO, etc. \u00a0<\/span><\/p>\n<p><span style=\"font-size: 16px;\"><img loading=\"lazy\" decoding=\"async\" class=\"alignnone size-medium wp-image-14157 aligncenter\" src=\"https:\/\/www.leslanguessansstress.fr\/wp-content\/uploads\/2022\/10\/Mon-compte-formation-CPF-les-langues-sans-stress-300x159.jpg\" alt=\"\" width=\"300\" height=\"159\" srcset=\"https:\/\/www.leslanguessansstress.fr\/wp-content\/uploads\/2022\/10\/Mon-compte-formation-CPF-les-langues-sans-stress-300x159.jpg 300w, https:\/\/www.leslanguessansstress.fr\/wp-content\/uploads\/2022\/10\/Mon-compte-formation-CPF-les-langues-sans-stress.jpg 646w\" sizes=\"auto, (max-width: 300px) 100vw, 300px\" \/><\/span><\/p>\n<h2 style=\"font-weight: 400;\"><span style=\"color: #3366ff; font-size: 20px;\"><span style=\"font-family: verdana, geneva, sans-serif;\">Activez votre budget CPF pour certifier vos comp\u00e9tences en anglais du bureau niveau Seuil A2-B1<\/span><\/span><\/h2>\n<p><span style=\"font-family: verdana, geneva, sans-serif; color: #000080; font-size: 16px;\">Veuillez prendre connaissance des modalit\u00e9s impos\u00e9es par l&rsquo;activation du financement CPF sur votre interface MON COMPTE FORMATION et actualiser le montant du budget. \u00a0\u00a0<\/span><br \/>\n<span style=\"font-family: verdana, geneva, sans-serif; color: #000080; font-size: 16px;\">Pr\u00e9voyez suffisamment de temps pour votre \u00e9tude, les r\u00e9visions, les entretiens et ateliers pr\u00e9sentiels.. Apprendre une langue impose de la rigueur et de l&rsquo;assiduit\u00e9 pendant quelques semaines \u00e0 plusieurs mois pour certifier les connaissances acquises.<br \/>\nCertification \u00e0 pr\u00e9parer et \u00e0 passer au niveau Seuil A2 ou plus obligatoire pour d\u00e9clencher le financement CPF des cours choisis.\u00a0<\/span><\/p>\n<\/div>\n<\/div>\n<\/div>\n<\/div>\n","protected":false},"excerpt":{"rendered":"<p>Communiquer en anglais au bureau \u00a0 Objectifs Am\u00e9liorer son anglais dans un contexte professionnel simple<\/p>\n","protected":false},"author":1,"featured_media":10850,"comment_status":"closed","ping_status":"open","sticky":false,"template":"","format":"standard","meta":{"footnotes":""},"categories":[80,127,432,371],"tags":[572,575,588,460],"class_list":["post-16818","post","type-post","status-publish","format-standard","has-post-thumbnail","hentry","category-actualites","category-anglais","category-langues","category-programme","tag-anglais-professionnel","tag-certification","tag-niveau-a2-b1","tag-programme"],"_links":{"self":[{"href":"https:\/\/www.leslanguessansstress.fr\/index.php\/wp-json\/wp\/v2\/posts\/16818","targetHints":{"allow":["GET"]}}],"collection":[{"href":"https:\/\/www.leslanguessansstress.fr\/index.php\/wp-json\/wp\/v2\/posts"}],"about":[{"href":"https:\/\/www.leslanguessansstress.fr\/index.php\/wp-json\/wp\/v2\/types\/post"}],"author":[{"embeddable":true,"href":"https:\/\/www.leslanguessansstress.fr\/index.php\/wp-json\/wp\/v2\/users\/1"}],"replies":[{"embeddable":true,"href":"https:\/\/www.leslanguessansstress.fr\/index.php\/wp-json\/wp\/v2\/comments?post=16818"}],"version-history":[{"count":1,"href":"https:\/\/www.leslanguessansstress.fr\/index.php\/wp-json\/wp\/v2\/posts\/16818\/revisions"}],"predecessor-version":[{"id":16819,"href":"https:\/\/www.leslanguessansstress.fr\/index.php\/wp-json\/wp\/v2\/posts\/16818\/revisions\/16819"}],"wp:featuredmedia":[{"embeddable":true,"href":"https:\/\/www.leslanguessansstress.fr\/index.php\/wp-json\/wp\/v2\/media\/10850"}],"wp:attachment":[{"href":"https:\/\/www.leslanguessansstress.fr\/index.php\/wp-json\/wp\/v2\/media?parent=16818"}],"wp:term":[{"taxonomy":"category","embeddable":true,"href":"https:\/\/www.leslanguessansstress.fr\/index.php\/wp-json\/wp\/v2\/categories?post=16818"},{"taxonomy":"post_tag","embeddable":true,"href":"https:\/\/www.leslanguessansstress.fr\/index.php\/wp-json\/wp\/v2\/tags?post=16818"}],"curies":[{"name":"wp","href":"https:\/\/api.w.org\/{rel}","templated":true}]}}