{"id":16770,"date":"2024-10-25T07:42:33","date_gmt":"2024-10-25T05:42:33","guid":{"rendered":"https:\/\/www.leslanguessansstress.fr\/?p=16770"},"modified":"2024-10-25T07:43:04","modified_gmt":"2024-10-25T05:43:04","slug":"16770","status":"publish","type":"post","link":"https:\/\/www.leslanguessansstress.fr\/index.php\/2024\/10\/25\/16770\/","title":{"rendered":"Actu = apprendre diff\u00e9remment"},"content":{"rendered":"<h1 style=\"font-weight: 400;\"><span style=\"font-family: verdana, geneva, sans-serif; color: #ff6600;\">Quelles m\u00e9thodes et outils d&rsquo;apprentissage des langues sans stress?\u00a0<\/span><\/h1>\n<p><span style=\"color: #000080; font-family: verdana, geneva, sans-serif;\">Voici quelques liens vers des sites Internet et informations lues sur le Net concernant les derni\u00e8res m\u00e9thodes (bonnes ou catastrophiques), les outils et ressources pour apprendre diff\u00e9remment et parler rapidement sans traduire ou comme \u00e0 l&rsquo;\u00e9cole si cela a march\u00e9 pour vous.<\/span><\/p>\n<h3><span style=\"color: #000080; font-family: verdana, geneva, sans-serif;\">L&rsquo;accompagnement dans l&rsquo;apprentissage des langues commence par le choix de bons outils adapt\u00e9s au profil de l&rsquo;apprenant<\/span><\/h3>\n<p><span style=\"color: #000080; font-family: verdana, geneva, sans-serif;\">Octobre 2024 : <a href=\"https:\/\/epale.ec.europa.eu\/fr\/content\/replay-de-la-webconference-education-intelligence-artificielle-responsable-enjeux\" target=\"_blank\" rel=\"noopener\">Commission Europ\u00e9enne &#8211; info ressources et conf\u00e9rences<\/a><\/span><\/p>\n<p>&nbsp;<\/p>\n<p>&nbsp;<\/p>\n","protected":false},"excerpt":{"rendered":"<p>Quelles m\u00e9thodes et outils d&rsquo;apprentissage des langues sans stress?\u00a0 Voici quelques liens vers des sites<\/p>\n","protected":false},"author":1,"featured_media":12477,"comment_status":"closed","ping_status":"open","sticky":false,"template":"","format":"standard","meta":{"footnotes":""},"categories":[176],"tags":[575,574,430,211,445,347,526],"class_list":["post-16770","post","type-post","status-publish","format-standard","has-post-thumbnail","hentry","category-information-documentation","tag-certification","tag-cpf","tag-formation-professionnelle","tag-gestion-du-stress","tag-information","tag-langues","tag-modalites"],"_links":{"self":[{"href":"https:\/\/www.leslanguessansstress.fr\/index.php\/wp-json\/wp\/v2\/posts\/16770","targetHints":{"allow":["GET"]}}],"collection":[{"href":"https:\/\/www.leslanguessansstress.fr\/index.php\/wp-json\/wp\/v2\/posts"}],"about":[{"href":"https:\/\/www.leslanguessansstress.fr\/index.php\/wp-json\/wp\/v2\/types\/post"}],"author":[{"embeddable":true,"href":"https:\/\/www.leslanguessansstress.fr\/index.php\/wp-json\/wp\/v2\/users\/1"}],"replies":[{"embeddable":true,"href":"https:\/\/www.leslanguessansstress.fr\/index.php\/wp-json\/wp\/v2\/comments?post=16770"}],"version-history":[{"count":2,"href":"https:\/\/www.leslanguessansstress.fr\/index.php\/wp-json\/wp\/v2\/posts\/16770\/revisions"}],"predecessor-version":[{"id":16772,"href":"https:\/\/www.leslanguessansstress.fr\/index.php\/wp-json\/wp\/v2\/posts\/16770\/revisions\/16772"}],"wp:featuredmedia":[{"embeddable":true,"href":"https:\/\/www.leslanguessansstress.fr\/index.php\/wp-json\/wp\/v2\/media\/12477"}],"wp:attachment":[{"href":"https:\/\/www.leslanguessansstress.fr\/index.php\/wp-json\/wp\/v2\/media?parent=16770"}],"wp:term":[{"taxonomy":"category","embeddable":true,"href":"https:\/\/www.leslanguessansstress.fr\/index.php\/wp-json\/wp\/v2\/categories?post=16770"},{"taxonomy":"post_tag","embeddable":true,"href":"https:\/\/www.leslanguessansstress.fr\/index.php\/wp-json\/wp\/v2\/tags?post=16770"}],"curies":[{"name":"wp","href":"https:\/\/api.w.org\/{rel}","templated":true}]}}