{"id":16741,"date":"2025-03-24T09:00:58","date_gmt":"2025-03-24T08:00:58","guid":{"rendered":"https:\/\/www.leslanguessansstress.fr\/?p=16741"},"modified":"2025-03-24T20:13:54","modified_gmt":"2025-03-24T19:13:54","slug":"cpf-obligations-of","status":"publish","type":"post","link":"https:\/\/www.leslanguessansstress.fr\/index.php\/2025\/03\/24\/cpf-obligations-of\/","title":{"rendered":"CPF = obligations OF"},"content":{"rendered":"<h1 style=\"font-weight: 400;\"><span style=\"font-family: verdana, geneva, sans-serif; color: #ff6600;\"><span style=\"color: #bf6326;\"><span style=\"color: #ff6600;\">Obligations de l&rsquo;organisme de formation si financement CPF<\/span> \u00a0<\/span>\u00a0<\/span><\/h1>\n<p>&nbsp;<\/p>\n<p style=\"font-weight: 400;\"><span style=\"font-family: verdana, geneva, sans-serif; color: #000080;\">Nouveaut\u00e9 mars 2025<\/span><\/p>\n<h1 style=\"font-weight: 400;\"><span style=\"font-family: verdana, geneva, sans-serif; color: #000080; font-size: 16px;\">D\u00e9marche d&rsquo;<a style=\"color: #000080;\" href=\"https:\/\/of.moncompteformation.gouv.fr\/espace-public\/actualites\/demarche-devaluation-de-la-qualite-des-actions-de-formation-eligibles-au-cpf\" target=\"_blank\" rel=\"noopener\">\u00e9valuation de la qualit\u00e9 des actions de formation<\/a> par la Caisse des D\u00e9p\u00f4ts.\u00a0<\/span><\/h1>\n<h3><a href=\"https:\/\/of.moncompteformation.gouv.fr\/espace-public\/sites\/of\/files\/2025-03\/thematiques_grille_daudit_0.pdf\" target=\"_blank\" rel=\"noopener\"><img loading=\"lazy\" decoding=\"async\" class=\"alignnone  wp-image-17834 aligncenter\" src=\"https:\/\/www.leslanguessansstress.fr\/wp-content\/uploads\/2024\/10\/CPF-2025-03-24-audit-surprise-des-OF-modalites-CDC-300x169.jpg\" alt=\"\" width=\"620\" height=\"349\" srcset=\"https:\/\/www.leslanguessansstress.fr\/wp-content\/uploads\/2024\/10\/CPF-2025-03-24-audit-surprise-des-OF-modalites-CDC-300x169.jpg 300w, https:\/\/www.leslanguessansstress.fr\/wp-content\/uploads\/2024\/10\/CPF-2025-03-24-audit-surprise-des-OF-modalites-CDC-1024x576.jpg 1024w, https:\/\/www.leslanguessansstress.fr\/wp-content\/uploads\/2024\/10\/CPF-2025-03-24-audit-surprise-des-OF-modalites-CDC-768x432.jpg 768w, https:\/\/www.leslanguessansstress.fr\/wp-content\/uploads\/2024\/10\/CPF-2025-03-24-audit-surprise-des-OF-modalites-CDC-1536x864.jpg 1536w, https:\/\/www.leslanguessansstress.fr\/wp-content\/uploads\/2024\/10\/CPF-2025-03-24-audit-surprise-des-OF-modalites-CDC-2048x1152.jpg 2048w, https:\/\/www.leslanguessansstress.fr\/wp-content\/uploads\/2024\/10\/CPF-2025-03-24-audit-surprise-des-OF-modalites-CDC-888x500.jpg 888w, https:\/\/www.leslanguessansstress.fr\/wp-content\/uploads\/2024\/10\/CPF-2025-03-24-audit-surprise-des-OF-modalites-CDC-800x450.jpg 800w\" sizes=\"auto, (max-width: 620px) 100vw, 620px\" \/><\/a><\/h3>\n<p>&nbsp;<\/p>\n<h2><span style=\"color: #000080; font-family: verdana, geneva, sans-serif; font-size: 20px;\">Informations concernant les formations financ\u00e9es par le CPF, modalit\u00e9s CDC \u00a0<\/span><\/h2>\n<h5 style=\"font-weight: 400;\"><span style=\"color: #000080; font-family: verdana, geneva, sans-serif;\"><span style=\"caret-color: #ff6600;\">Extrait des conditions d&rsquo;usage de la for<span style=\"font-family: verdana, geneva, sans-serif; color: #000080;\">mation continue professionnelle financ\u00e9e en entier ou en partie par le CPF Mon Compte Formation &#8211; CG \u2013 Version 12- juillet 2024<\/span><\/span><\/span><\/h5>\n<p><span style=\"color: #000080; font-family: verdana, geneva, sans-serif;\">ARTICLE 7 \u2013 OBLIGATIONS DES ORGANISMES DE FORMATION<\/span><\/p>\n<h3><span style=\"text-decoration: underline;\"><span style=\"color: #000080; font-family: verdana, geneva, sans-serif; text-decoration: underline;\">7.1 OBLIGATIONS LIEES A LA FOURNITURE D\u2019INFORMATIONS<\/span><\/span><\/h3>\n<p><span style=\"color: #000080; font-family: verdana, geneva, sans-serif;\">Lorsqu\u2019ils pr\u00e9sentent leurs Offres de formation, les Organismes de formation doivent rendre accessibles<\/span> <span style=\"color: #000080; font-family: verdana, geneva, sans-serif;\">aux Stagiaires \u00e0 tout moment et en tout \u00e9tat de cause, par tout moyen, avant toute inscription, un <\/span><span style=\"color: #000080; font-family: verdana, geneva, sans-serif;\">certain nombre d\u2019informations pr\u00e9contractuelles.<\/span><\/p>\n<p><span style=\"color: #000080; font-family: verdana, geneva, sans-serif;\">Ces informations pr\u00e9alables peuvent comprendre :<\/span><br \/>\n<span style=\"color: #000080; font-family: verdana, geneva, sans-serif;\">\u25aa Pour l\u2019Organisme de formation :<\/span><br \/>\n<span style=\"color: #000080; font-family: verdana, geneva, sans-serif;\">&#8211; Les coordonn\u00e9es de l\u2019Organisme de formation : L\u2019Organisme de formation indique \u00e9galement<\/span> <span style=\"color: #000080; font-family: verdana, geneva, sans-serif;\">son adresse, le nom et le num\u00e9ro de t\u00e9l\u00e9phone de la personne \u00e0 contacter, ainsi que l\u2019adresse <\/span><span style=\"color: #000080; font-family: verdana, geneva, sans-serif;\">mail d\u00e9di\u00e9e aux inscriptions ;<\/span><\/p>\n<p><span style=\"font-family: verdana, geneva, sans-serif; color: #000080;\">&#8211; Les coordonn\u00e9es de la personne charg\u00e9e de la relation avec le Stagiaire ;<\/span><br \/>\n<span style=\"font-family: verdana, geneva, sans-serif; color: #000080;\">Il veille \u00e0 tenir \u00e0 jour l\u2019ensemble de ces informations.<\/span><br \/>\n<span style=\"font-family: verdana, geneva, sans-serif; color: #000080;\">\u25aa Pour le public concern\u00e9 :<\/span><br \/>\n<span style=\"font-family: verdana, geneva, sans-serif; color: #000080;\">&#8211; les <strong>conditions d\u2019\u00e9ligibilit\u00e9<\/strong> telles que pr\u00e9vues \u00e0 l\u2019article L. 5151-2 et L. 5421-4 du Code du travail ;<\/span><br \/>\n<span style=\"font-family: verdana, geneva, sans-serif; color: #000080;\">&#8211; les <strong>pr\u00e9requis exig\u00e9s<\/strong>, le cas \u00e9ch\u00e9ant ;<\/span><\/p>\n<p><span style=\"font-family: verdana, geneva, sans-serif; color: #ff6600; font-size: 20px;\">\u25aa Pour l\u2019Action de formation propos\u00e9e :<\/span><\/p>\n<p><span style=\"font-family: verdana, geneva, sans-serif; color: #000080;\">&#8211; l\u2019<strong>intitul\u00e9 de la formation<\/strong> ;<\/span><br \/>\n<span style=\"font-family: verdana, geneva, sans-serif; color: #000080;\">&#8211; les <strong>objectifs de la formation<\/strong>, en lien avec la fiche descriptive de la certification vis\u00e9e valid\u00e9e par <\/span><span style=\"font-family: verdana, geneva, sans-serif; color: #000080;\">France Comp\u00e9tences ;<\/span><br \/>\n<span style=\"font-family: verdana, geneva, sans-serif; color: #000080;\">&#8211; les <strong>tests de positionnement<\/strong> pr\u00e9vus ;<\/span><br \/>\n<span style=\"font-family: verdana, geneva, sans-serif; color: #000080;\">&#8211; les <strong>dates de d\u00e9but et de fin, les horaires et le lieu des sessions<\/strong> pour les Actions de formation en<\/span><br \/>\n<span style=\"font-family: verdana, geneva, sans-serif; color: #000080;\">distanciel ;<\/span><br \/>\n<span style=\"font-family: verdana, geneva, sans-serif; color: #000080;\">&#8211; le <strong>programme d\u00e9taill\u00e9 de la formation<\/strong> ;<\/span><br \/>\n<span style=\"font-family: verdana, geneva, sans-serif; color: #000080;\">&#8211; le <strong>parcours p\u00e9dagogique<\/strong> ( y compris les jalons p\u00e9dagogiques et\/ou d\u2019\u00e9valuation tel qu\u2019indiqu\u00e9s au<\/span> <span style=\"font-family: verdana, geneva, sans-serif; color: #000080;\">point 7.3 du pr\u00e9sent article ) ;<\/span><br \/>\n<span style=\"font-family: verdana, geneva, sans-serif; color: #000080;\">&#8211; la m\u00e9thode p\u00e9dagogique suivie par l\u2019Organisme de formation ;<\/span><br \/>\n<span style=\"font-family: verdana, geneva, sans-serif; color: #000080;\">&#8211; la <strong>nature des travaux incombant au Stagiaire<\/strong> (p\u00e9riode de r\u00e9alisation de ces travaux, date de<\/span> <span style=\"font-family: verdana, geneva, sans-serif; color: #000080;\">remise des travaux par le Stagiaire) ;<\/span><br \/>\n<span style=\"font-family: verdana, geneva, sans-serif; color: #000080;\">&#8211; <strong>le volume d\u2019heures de travail personnel n\u00e9cessaire \u00e0 la r\u00e9alisation de la formation<\/strong>, le cas <\/span><span style=\"font-family: verdana, geneva, sans-serif; color: #000080;\">\u00e9ch\u00e9ant indiqu\u00e9 de mani\u00e8re estimative ;<\/span><br \/>\n<span style=\"font-family: verdana, geneva, sans-serif; color: #000080;\">&#8211; les <strong>moyens humains et p\u00e9dagogiques<\/strong> mis en \u0153uvre par l\u2019Organisme de formation pour la d\u00e9livrance de <\/span><span style=\"font-family: verdana, geneva, sans-serif; color: #000080;\">l\u2019Action de formation dont le ou les noms des formateurs concern\u00e9s ainsi que leurs titres ou qualit\u00e9s <\/span><span style=\"font-family: verdana, geneva, sans-serif; color: #000080;\">;<\/span><br \/>\n<span style=\"font-family: verdana, geneva, sans-serif; color: #000080;\">&#8211; le <strong>mat\u00e9riel<\/strong> \u00e9ventuellement n\u00e9cessaire lorsqu\u2019il n\u2019est pas fourni ;<\/span><\/p>\n<p><span style=\"font-family: verdana, geneva, sans-serif; color: #ff6600; font-size: 20px;\">\u25aa Pour le d\u00e9roulement de l\u2019Action de formation :<\/span><\/p>\n<p><span style=\"font-family: verdana, geneva, sans-serif; color: #000080;\">&#8211; le <strong>r\u00e8glement int\u00e9rieur de l\u2019Organisme de formation<\/strong> ;<\/span><br \/>\n<span style=\"font-family: verdana, geneva, sans-serif; color: #000080;\">&#8211; les <strong>conditions d\u2019utilisation de son service<\/strong>, lorsque la formation est en ligne ;<\/span><br \/>\n<span style=\"font-family: verdana, geneva, sans-serif; color: #000080;\">&#8211; les <strong>modalit\u00e9s de suivi<\/strong> (en pr\u00e9sentiel ou \u00e0 distance) ;<\/span><br \/>\n<span style=\"font-family: verdana, geneva, sans-serif; color: #000080;\">&#8211; les <strong>modalit\u00e9s techniques d\u2019acc\u00e8s<\/strong> \u00e0 la formation ;<\/span><br \/>\n<span style=\"font-family: verdana, geneva, sans-serif; color: #000080;\">&#8211; les conditions d\u2019<strong>accessibilit\u00e9 pour les personnes en situation de handicap<\/strong> ;<\/span><\/p>\n<p><span style=\"font-family: verdana, geneva, sans-serif; color: #ff6600; font-size: 20px;\">\u25aa Pour le passage de la certification professionnelle :<\/span><\/p>\n<p><span style=\"font-family: verdana, geneva, sans-serif; color: #000080;\">&#8211; les <strong>modalit\u00e9s d\u2019accompagnement fournies au Stagiaire pour l\u2019inscrire aux \u00e9preuves de la<\/strong><\/span><br \/>\n<span style=\"font-family: verdana, geneva, sans-serif; color: #000080;\"><strong>certification<\/strong> ;<\/span><br \/>\n<span style=\"font-family: verdana, geneva, sans-serif; color: #000080;\">&#8211; les <strong>modalit\u00e9s d\u2019inscription et d\u2019\u00e9valuation pr\u00e9vues par l\u2019organisme certificateur<\/strong> ;<\/span><br \/>\n<span style=\"font-family: verdana, geneva, sans-serif; color: #000080;\">&#8211; le lieu du <strong>d\u00e9roul\u00e9 des \u00e9preuves<\/strong> de la certification ou les r\u00e9f\u00e9rences du site d\u2019inscription en ligne<\/span> <span style=\"font-family: verdana, geneva, sans-serif; color: #000080;\">pour le passage de la certification ;<\/span><br \/>\n<span style=\"font-family: verdana, geneva, sans-serif; color: #000080;\">&#8211; la <strong>date pr\u00e9visionnelle<\/strong> ;<\/span><br \/>\n<span style=\"font-family: verdana, geneva, sans-serif; color: #000080;\">&#8211; le<strong> d\u00e9lai pr\u00e9visionnel entre la sortie de formation et la date de passation des \u00e9preuves<\/strong> ;<\/span><br \/>\n<span style=\"font-family: verdana, geneva, sans-serif; color: #000080;\">&#8211; son <strong>co\u00fbt \u00e9ventuel<\/strong> si non inclus dans les co\u00fbts p\u00e9dagogiques ;<\/span><\/p>\n<p><span style=\"font-family: verdana, geneva, sans-serif; color: #ff6600; font-size: 20px;\">\u25aa Pour le prix de l\u2019Action de formation :<\/span><\/p>\n<p><span style=\"font-family: verdana, geneva, sans-serif; color: #000080;\">L\u2019Organisme de formation s\u2019engage, conform\u00e9ment aux articles L.112-1 et suivants du Code de la <\/span><span style=\"font-family: verdana, geneva, sans-serif; color: #000080;\">consommation, \u00e0 \u00eatre transparent sur son prix et rend, \u00e0 ce titre, accessibles sur tout support adapt\u00e9 ses <\/span><span style=\"font-family: verdana, geneva, sans-serif; color: #000080;\">conditions tarifaires.<\/span><\/p>\n<p><span style=\"font-family: verdana, geneva, sans-serif; color: #000080;\">En outre, <strong>il indique sur la Plateforme le prix de l\u2019Action<\/strong> de formation en euros toutes taxes comprises.<\/span><br \/>\n<span style=\"font-family: verdana, geneva, sans-serif; color: #000080;\">Le prix affich\u00e9 sur la Plateforme est r\u00e9put\u00e9 comprendre tout frais li\u00e9s \u00e0 la formation (dont d\u2019\u00e9ventuels frais <\/span><span style=\"font-family: verdana, geneva, sans-serif; color: #000080;\">administratifs) de sorte que le Titulaire de compte n\u2019ait pas de surco\u00fbt \u00e0 payer.<\/span><\/p>\n<p><span style=\"font-family: verdana, geneva, sans-serif; color: #000080;\">Lorsque <strong>le prix de l\u2019Action de formation peut \u00eatre ajust\u00e9<\/strong> (notamment en fonction des besoins de <\/span><span style=\"font-family: verdana, geneva, sans-serif; color: #000080;\">personnalisation de l\u2019offre), l\u2019Organisme de formation en informe pr\u00e9alablement le Titulaire de compte <\/span><span style=\"font-family: verdana, geneva, sans-serif; color: #000080;\">et met \u00e0 sa disposition les modalit\u00e9s de calcul du prix. En tout \u00e9tat de cause, il ne peut en aucun cas fixer le prix de l\u2019Action de formation propos\u00e9e en fonction des droits disponibles sur le Compte du titulaire. * \u00a0<\/span><\/p>\n<p><img loading=\"lazy\" decoding=\"async\" class=\"alignnone size-medium wp-image-16444 aligncenter\" src=\"https:\/\/www.leslanguessansstress.fr\/wp-content\/uploads\/2024\/08\/20240828-charte-de-deontologie-Qualiopi--300x271.jpg\" alt=\"\" width=\"300\" height=\"271\" srcset=\"https:\/\/www.leslanguessansstress.fr\/wp-content\/uploads\/2024\/08\/20240828-charte-de-deontologie-Qualiopi--300x271.jpg 300w, https:\/\/www.leslanguessansstress.fr\/wp-content\/uploads\/2024\/08\/20240828-charte-de-deontologie-Qualiopi-.jpg 370w\" sizes=\"auto, (max-width: 300px) 100vw, 300px\" \/><\/p>\n<h3><span style=\"font-family: verdana, geneva, sans-serif; color: #000080;\">7.2 OBLIGATIONS LIEES AU CONTENU DES FORMATIONS<\/span><\/h3>\n<p><span style=\"font-family: verdana, geneva, sans-serif; color: #000080;\">Les Organismes de formation r\u00e9f\u00e9renc\u00e9s sont responsables des informations qu\u2019ils fournissent dans le <\/span><span style=\"font-family: verdana, geneva, sans-serif; color: #000080;\">cadre de leur communication et publient sur la Plateforme : <\/span><span style=\"font-family: verdana, geneva, sans-serif; color: #000080;\">https:\/\/www.of.moncompteformation.gouv.fr.<\/span><br \/>\n<strong><span style=\"font-family: verdana, geneva, sans-serif; color: #000080;\">Ils garantissent l\u2019exactitude de toute information les concernant et relative \u00e0 leur catalogue de formation.<\/span><\/strong><br \/>\n<span style=\"font-family: verdana, geneva, sans-serif; color: #000080;\">Il est rappel\u00e9 aux Organismes de formation que toute information de nature \u00e0 induire en erreur les <\/span><span style=\"font-family: verdana, geneva, sans-serif; color: #000080;\">Stagiaires est qualifi\u00e9e de publicit\u00e9 trompeuse.<\/span><br \/>\n<span style=\"font-family: verdana, geneva, sans-serif; color: #000080;\">En application de l\u2019article L. 6352-13 du Code du travail est consid\u00e9r\u00e9e comme trompeuse toute publicit\u00e9<\/span> <span style=\"font-family: verdana, geneva, sans-serif; color: #000080;\">pouvant induire en erreur le Stagiaire sur :<\/span><br \/>\n<span style=\"font-family: verdana, geneva, sans-serif; color: #000080;\">&#8211; les conditions d\u2019acc\u00e8s \u00e0 la formation (conditions de niveau) ;<\/span><br \/>\n<span style=\"font-family: verdana, geneva, sans-serif; color: #000080;\">&#8211; les contenus des formations ;<\/span><br \/>\n<span style=\"font-family: verdana, geneva, sans-serif; color: #000080;\">&#8211; les titres \u00e0 finalit\u00e9s professionnelles, dipl\u00f4mes auxquels donnent droit la formation et l\u2019acc\u00e8s \u00e0 la<\/span> <span style=\"font-family: verdana, geneva, sans-serif; color: #000080;\">certification ;<\/span><\/p>\n<p><span style=\"font-family: verdana, geneva, sans-serif; color: #000080;\">Le prix affich\u00e9 est r\u00e9put\u00e9 sinc\u00e8re et coh\u00e9rent avec les tarifs moyens pratiqu\u00e9s dans la profession ainsi que <\/span><span style=\"font-family: verdana, geneva, sans-serif; color: #000080;\">conforme aux tarifs appliqu\u00e9s par l\u2019organisme de formation en dehors de la plateforme MCF. *<\/span><\/p>\n<p><span style=\"color: #ff6600;\"><strong>\u00a0 &#8211; \u00a0 &#8211; \u00a0 &#8211; \u00a0 &#8211; \u00a0 &#8211; \u00a0 &#8211; \u00a0 &#8211; \u00a0 &#8211; \u00a0 &#8211; \u00a0<\/strong><\/span><\/p>\n<p><span style=\"font-family: verdana, geneva, sans-serif; color: #000080;\">* Une adaptation exig\u00e9e par le stagiaire en termes de programme et niveau, en fr\u00e9quence des entretiens, accompagnement ou soutien individualis\u00e9, cours intensifs ou extensifs extr\u00eames en centre au lieu de e-learning et pr\u00e9paration \u00e0 la prise de parole avec ressources antistress d\u00e9di\u00e9es peut faire l&rsquo;objet d&rsquo;une r\u00e9duction ou d&rsquo;une augmentation du total des frais de la formation dans le cadre d&rsquo;une personnalisation de parcours. <\/span><\/p>\n<p><span style=\"font-family: verdana, geneva, sans-serif; color: #000080;\"><strong>L&rsquo;adaptation ou tout changement survenu post proposition accept\u00e9e depuis l&rsquo;interface du stagiaire peut engendrer des co\u00fbts suppl\u00e9mentaires ou l&rsquo;annulation de la proposition<\/strong>. \u00a0<\/span><\/p>\n<p><span style=\"font-family: verdana, geneva, sans-serif; color: #000080;\">Toute demande extra d&rsquo;accompagnement tr\u00e8s particulier avec hypnose de relaxation pour surmonter des blocages et difficult\u00e9s d&rsquo;apprentissage doivent \u00eatre discut\u00e9s lors de la pr\u00e9sentation projet par le stagiaire ou son accompagnateur si le stagiaire est en situation de handicap avec besoins sp\u00e9ciaux av\u00e9r\u00e9s d&rsquo;accompagnement et de ressources pour suivre le programme de formation choisi. \u00a0<\/span><\/p>\n","protected":false},"excerpt":{"rendered":"<p>Obligations de l&rsquo;organisme de formation si financement CPF \u00a0\u00a0 &nbsp; Nouveaut\u00e9 mars 2025 D\u00e9marche d&rsquo;\u00e9valuation<\/p>\n","protected":false},"author":1,"featured_media":14157,"comment_status":"closed","ping_status":"open","sticky":false,"template":"","format":"standard","meta":{"footnotes":""},"categories":[80,176],"tags":[574,475,526,595],"class_list":["post-16741","post","type-post","status-publish","format-standard","has-post-thumbnail","hentry","category-actualites","category-information-documentation","tag-cpf","tag-financement","tag-modalites","tag-test-de-certification"],"_links":{"self":[{"href":"https:\/\/www.leslanguessansstress.fr\/index.php\/wp-json\/wp\/v2\/posts\/16741","targetHints":{"allow":["GET"]}}],"collection":[{"href":"https:\/\/www.leslanguessansstress.fr\/index.php\/wp-json\/wp\/v2\/posts"}],"about":[{"href":"https:\/\/www.leslanguessansstress.fr\/index.php\/wp-json\/wp\/v2\/types\/post"}],"author":[{"embeddable":true,"href":"https:\/\/www.leslanguessansstress.fr\/index.php\/wp-json\/wp\/v2\/users\/1"}],"replies":[{"embeddable":true,"href":"https:\/\/www.leslanguessansstress.fr\/index.php\/wp-json\/wp\/v2\/comments?post=16741"}],"version-history":[{"count":7,"href":"https:\/\/www.leslanguessansstress.fr\/index.php\/wp-json\/wp\/v2\/posts\/16741\/revisions"}],"predecessor-version":[{"id":17835,"href":"https:\/\/www.leslanguessansstress.fr\/index.php\/wp-json\/wp\/v2\/posts\/16741\/revisions\/17835"}],"wp:featuredmedia":[{"embeddable":true,"href":"https:\/\/www.leslanguessansstress.fr\/index.php\/wp-json\/wp\/v2\/media\/14157"}],"wp:attachment":[{"href":"https:\/\/www.leslanguessansstress.fr\/index.php\/wp-json\/wp\/v2\/media?parent=16741"}],"wp:term":[{"taxonomy":"category","embeddable":true,"href":"https:\/\/www.leslanguessansstress.fr\/index.php\/wp-json\/wp\/v2\/categories?post=16741"},{"taxonomy":"post_tag","embeddable":true,"href":"https:\/\/www.leslanguessansstress.fr\/index.php\/wp-json\/wp\/v2\/tags?post=16741"}],"curies":[{"name":"wp","href":"https:\/\/api.w.org\/{rel}","templated":true}]}}