{"id":16736,"date":"2024-10-13T09:11:12","date_gmt":"2024-10-13T07:11:12","guid":{"rendered":"https:\/\/www.leslanguessansstress.fr\/?p=16736"},"modified":"2024-11-02T12:01:52","modified_gmt":"2024-11-02T11:01:52","slug":"cpf-annulation","status":"publish","type":"post","link":"https:\/\/www.leslanguessansstress.fr\/index.php\/2024\/10\/13\/cpf-annulation\/","title":{"rendered":"CPF = annulation"},"content":{"rendered":"<h1 style=\"font-weight: 400;\"><span style=\"color: #ff6600; font-family: verdana, geneva, sans-serif;\"><span style=\"caret-color: #ff6600;\">Modalit\u00e9s d&rsquo;annulation d&rsquo;une formation CPF<\/span><\/span><\/h1>\n<h2><span style=\"color: #000080; font-family: verdana, geneva, sans-serif; font-size: 20px;\">Informations sur les cas de force majeure concernant les formations financ\u00e9es par le CPF, modalit\u00e9s CDC \u00a0<\/span><\/h2>\n<p><span style=\"color: #000080; font-family: verdana, geneva, sans-serif; font-size: 24px;\">Cas de force majeure pouvant notamment \u00eatre invoqu\u00e9s par le Stagiaire :<\/span><br \/>\n<span style=\"color: #000080; font-family: verdana, geneva, sans-serif;\">(a) refus de l\u2019employeur du cong\u00e9 de formation pr\u00e9alablement autoris\u00e9, ;<\/span><br \/>\n<span style=\"color: #000080; font-family: verdana, geneva, sans-serif;\">(b) retour \u00e0 l\u2019emploi du Stagiaire entre le moment de l\u2019inscription et la sortie th\u00e9orique de formation ;<\/span><br \/>\n<span style=\"color: #000080; font-family: verdana, geneva, sans-serif;\">(c) accident ou d\u00e9c\u00e8s du Stagiaire ou d\u2019un proche mentionn\u00e9es au 4\u00b0 de l\u2019article L. 3142-1 du Code<\/span><br \/>\n<span style=\"color: #000080; font-family: verdana, geneva, sans-serif;\">du travail ; ;<\/span><br \/>\n<span style=\"color: #000080; font-family: verdana, geneva, sans-serif;\">(d) maladie ou hospitalisation du Stagiaire notamment pour cong\u00e9s maternit\u00e9 ou paternit\u00e9 ;<\/span><br \/>\n<span style=\"color: #000080; font-family: verdana, geneva, sans-serif;\">(e) maladie ou hospitalisation des descendants ou ascendants de premier niveau ou de personnes<\/span><br \/>\n<span style=\"color: #000080; font-family: verdana, geneva, sans-serif;\">\u00e0 charge comme les incapables majeurs ;<\/span><br \/>\n<span style=\"color: #000080; font-family: verdana, geneva, sans-serif;\">(f) interruption des transports de tout type emp\u00eachant tout d\u00e9placement.<\/span><\/p>\n<p><span style=\"color: #000080; font-family: verdana, geneva, sans-serif; font-size: 20px;\">Cas de force majeure pouvant notamment \u00eatre invoqu\u00e9s par l\u2019Organisme de formation :<\/span><br \/>\n<span style=\"color: #000080; font-family: verdana, geneva, sans-serif;\">(a) accident ou d\u00e9c\u00e8s du formateur<\/span><br \/>\n<span style=\"color: #000080; font-family: verdana, geneva, sans-serif;\">(b) maladie ou hospitalisation du formateur ;<\/span><br \/>\n<span style=\"color: #000080; font-family: verdana, geneva, sans-serif;\">(c) interruption des transports de tout type emp\u00eachant tout d\u00e9placement ;<\/span><br \/>\n<span style=\"color: #000080; font-family: verdana, geneva, sans-serif;\">(d) proc\u00e9dure de sauvegarde ou liquidation judiciaire de l\u2019Organisme de formation ;<\/span><br \/>\n<span style=\"color: #000080; font-family: verdana, geneva, sans-serif;\">(e) emp\u00eachement d\u2019utiliser les locaux ( catastrophe naturelle, incendie du local ou d\u00e9gradations<\/span><br \/>\n<span style=\"color: #000080; font-family: verdana, geneva, sans-serif;\">diverses..).\u00a0<\/span><\/p>\n","protected":false},"excerpt":{"rendered":"<p>Modalit\u00e9s d&rsquo;annulation d&rsquo;une formation CPF Informations sur les cas de force majeure concernant les formations<\/p>\n","protected":false},"author":1,"featured_media":14157,"comment_status":"closed","ping_status":"open","sticky":false,"template":"","format":"standard","meta":{"footnotes":""},"categories":[176],"tags":[574,430,526],"class_list":["post-16736","post","type-post","status-publish","format-standard","has-post-thumbnail","hentry","category-information-documentation","tag-cpf","tag-formation-professionnelle","tag-modalites"],"_links":{"self":[{"href":"https:\/\/www.leslanguessansstress.fr\/index.php\/wp-json\/wp\/v2\/posts\/16736","targetHints":{"allow":["GET"]}}],"collection":[{"href":"https:\/\/www.leslanguessansstress.fr\/index.php\/wp-json\/wp\/v2\/posts"}],"about":[{"href":"https:\/\/www.leslanguessansstress.fr\/index.php\/wp-json\/wp\/v2\/types\/post"}],"author":[{"embeddable":true,"href":"https:\/\/www.leslanguessansstress.fr\/index.php\/wp-json\/wp\/v2\/users\/1"}],"replies":[{"embeddable":true,"href":"https:\/\/www.leslanguessansstress.fr\/index.php\/wp-json\/wp\/v2\/comments?post=16736"}],"version-history":[{"count":3,"href":"https:\/\/www.leslanguessansstress.fr\/index.php\/wp-json\/wp\/v2\/posts\/16736\/revisions"}],"predecessor-version":[{"id":16887,"href":"https:\/\/www.leslanguessansstress.fr\/index.php\/wp-json\/wp\/v2\/posts\/16736\/revisions\/16887"}],"wp:featuredmedia":[{"embeddable":true,"href":"https:\/\/www.leslanguessansstress.fr\/index.php\/wp-json\/wp\/v2\/media\/14157"}],"wp:attachment":[{"href":"https:\/\/www.leslanguessansstress.fr\/index.php\/wp-json\/wp\/v2\/media?parent=16736"}],"wp:term":[{"taxonomy":"category","embeddable":true,"href":"https:\/\/www.leslanguessansstress.fr\/index.php\/wp-json\/wp\/v2\/categories?post=16736"},{"taxonomy":"post_tag","embeddable":true,"href":"https:\/\/www.leslanguessansstress.fr\/index.php\/wp-json\/wp\/v2\/tags?post=16736"}],"curies":[{"name":"wp","href":"https:\/\/api.w.org\/{rel}","templated":true}]}}