{"id":16620,"date":"2024-09-15T15:09:38","date_gmt":"2024-09-15T13:09:38","guid":{"rendered":"https:\/\/www.leslanguessansstress.fr\/?p=16620"},"modified":"2024-10-02T14:56:31","modified_gmt":"2024-10-02T12:56:31","slug":"entreprises-et-collectivites","status":"publish","type":"post","link":"https:\/\/www.leslanguessansstress.fr\/index.php\/2024\/09\/15\/entreprises-et-collectivites\/","title":{"rendered":"Entreprises et collectivit\u00e9s"},"content":{"rendered":"<h1 style=\"font-weight: 400;\"><span style=\"font-family: arial, helvetica, sans-serif; color: #333399;\"><img loading=\"lazy\" decoding=\"async\" class=\"alignnone size-medium wp-image-14125 aligncenter\" src=\"https:\/\/www.leslanguessansstress.fr\/wp-content\/uploads\/2022\/10\/programme-adapte-a-5-langues-sans-stress-CPF-300x35.jpg\" alt=\"\" width=\"300\" height=\"35\" srcset=\"https:\/\/www.leslanguessansstress.fr\/wp-content\/uploads\/2022\/10\/programme-adapte-a-5-langues-sans-stress-CPF-300x35.jpg 300w, https:\/\/www.leslanguessansstress.fr\/wp-content\/uploads\/2022\/10\/programme-adapte-a-5-langues-sans-stress-CPF.jpg 702w\" sizes=\"auto, (max-width: 300px) 100vw, 300px\" \/>Les langues sans stress en entreprise \u00a0<\/span><\/h1>\n<p><span style=\"font-family: arial, helvetica, sans-serif; font-size: 14px;\"><a href=\"https:\/\/www.leslanguessansstress.fr\/index.php\/2024\/09\/11\/certification-cloe-en-langues-sans-stress\/\" target=\"_blank\" rel=\"noopener\"><span style=\"color: #000080;\">INFO 2024-2026 certification CLO\u00c9 en 5 langues \u00e9trang\u00e8res\u00a0<\/span><\/a><\/span><\/p>\n<p><a href=\"https:\/\/www.leslanguessansstress.fr\/index.php\/2024\/09\/12\/francais-certification-le-robert\/\" target=\"_blank\" rel=\"noopener\"><span style=\"font-family: arial, helvetica, sans-serif; color: #000080; font-size: 14px;\">INFO 2024 certification LE ROBERT perfectionnement du fran\u00e7ais \u00e9crit<\/span><\/a><\/p>\n<p><span style=\"font-family: arial, helvetica, sans-serif;\"><a href=\"https:\/\/www.leslanguessansstress.fr\/wp-content\/uploads\/2024\/09\/QUALIOPI-2024-SEPT-10-76626-35518-Certificat-Qualiopi-processus-certifie-Cofrac-LES-LANGUES-SANS-STRESS.pdf\" target=\"_blank\" rel=\"noopener\">CERTIFICAT QUALIOPI Les Langues Sans Stress<\/a><\/span><\/p>\n<h3><span style=\"font-family: arial, helvetica, sans-serif; font-size: 14px;\"><img loading=\"lazy\" decoding=\"async\" class=\"alignnone size-medium wp-image-14383 aligncenter\" src=\"https:\/\/www.leslanguessansstress.fr\/wp-content\/uploads\/2022\/10\/QUALIOPI-action-de-formation-renouvele\u0301-20221009-Les-langues-sans-stress--300x193.jpg\" alt=\"\" width=\"300\" height=\"193\" srcset=\"https:\/\/www.leslanguessansstress.fr\/wp-content\/uploads\/2022\/10\/QUALIOPI-action-de-formation-renouvele\u0301-20221009-Les-langues-sans-stress--300x193.jpg 300w, https:\/\/www.leslanguessansstress.fr\/wp-content\/uploads\/2022\/10\/QUALIOPI-action-de-formation-renouvele\u0301-20221009-Les-langues-sans-stress--1024x660.jpg 1024w, https:\/\/www.leslanguessansstress.fr\/wp-content\/uploads\/2022\/10\/QUALIOPI-action-de-formation-renouvele\u0301-20221009-Les-langues-sans-stress--768x495.jpg 768w, https:\/\/www.leslanguessansstress.fr\/wp-content\/uploads\/2022\/10\/QUALIOPI-action-de-formation-renouvele\u0301-20221009-Les-langues-sans-stress-.jpg 1504w\" sizes=\"auto, (max-width: 300px) 100vw, 300px\" \/><\/span><\/h3>\n<h3 style=\"font-weight: 400;\"><span style=\"font-family: arial, helvetica, sans-serif; font-size: 14px;\"><strong>\u00a0PR\u00c9PARATION MENTALE DU LEADERSHIP<\/strong><\/span><\/h3>\n<p><span style=\"font-family: arial, helvetica, sans-serif;\"><span style=\"font-size: 14px; font-weight: 400;\">D\u00e9veloppement personnel des collaborateurs pour vaincre des blocages et <\/span><span style=\"font-size: 14px;\">d\u00e9velopper des comp\u00e9tences en leadership et comp\u00e9titivit\u00e9. <\/span><\/span><\/p>\n<p><span style=\"font-family: arial, helvetica, sans-serif;\"><span style=\"font-size: 14px;\">Accompagnement sur mesure en <a href=\"https:\/\/www.leslanguessansstress.fr\/index.php\/2024\/07\/17\/gestion-du-stress\/\" target=\"_blank\" rel=\"noopener\">gestion du stress<\/a> et <span style=\"font-family: arial, helvetica, sans-serif;\"><span style=\"color: #0000ff;\"><a style=\"color: #0000ff;\" href=\"https:\/\/www.leslanguessansstress.fr\/index.php\/preparation-mentale\/\" target=\"_blank\" rel=\"noopener\">d\u00e9veloppement personnel<\/a><\/span>\u00a0<\/span>pour renforcer des comp\u00e9tences transversales, performer tout en pr\u00e9servant la qualit\u00e9 de vie au travail. Se concentrer sur les \u00e9l\u00e9ments ma\u00eetrisables, prioriser les actions, mieux anticiper&#8230; <\/span><\/span><\/p>\n<p><span style=\"font-family: arial, helvetica, sans-serif;\"><span style=\"font-size: 14px;\">Prestation individuelle ou stage sur 2 jours pour une \u00e9quipe.<\/span><\/span><\/p>\n<p>&nbsp;<\/p>\n<h3 style=\"font-weight: 400;\"><span style=\"font-family: arial, helvetica, sans-serif; color: #000080; font-size: 14px;\"><strong>PROJETS LINGUISTIQUES EN ENTREPRISE<\/strong><\/span><\/h3>\n<p style=\"font-weight: 400;\"><span style=\"font-family: arial, helvetica, sans-serif; color: #000080; font-size: 14px;\">Contactez-nous pour discuter de vos projets de formation en anglais, allemand, espagnol, italien et perfectionnement en fran\u00e7ais \u00e9crit mais aussi fran\u00e7ais-FLE pour vous collaborateurs \u00e9trangers.<\/span><\/p>\n<h2 style=\"font-weight: 400;\"><span style=\"font-family: arial, helvetica, sans-serif; color: #000080; font-size: 14px;\"><strong>Accueil t\u00e9l\u00e9phonique du lundi au vendredi de 8h \u00e0 20h et samedi 8h-12 heures.<\/strong><\/span><\/h2>\n<p style=\"font-weight: 400;\"><span style=\"font-family: arial, helvetica, sans-serif; color: #000080; font-size: 14px;\">Visitez nos salles d\u2019\u00e9tude d\u00e9di\u00e9es \u00e0 la pratique orale des langues sans stress et de la pr\u00e9paration mentale du leadership.<\/span><br \/>\n<span style=\"font-family: arial, helvetica, sans-serif; color: #000080; font-size: 14px;\">La formatrice se d\u00e9place en entreprise, appelle ou re\u00e7oit en centre chaque collaborateur pour mieux connaitre leur attente et \u00e9valuer leur niveau dans la langue cible.<\/span><\/p>\n<p><img loading=\"lazy\" decoding=\"async\" class=\"alignnone size-medium wp-image-15071 aligncenter\" src=\"https:\/\/www.leslanguessansstress.fr\/wp-content\/uploads\/2023\/09\/5-COURS-BILINGUES-ANGLAIS-et-espagnol-ou-italien-ou-allemand-ou-FLE-300x60.jpg\" alt=\"\" width=\"300\" height=\"60\" srcset=\"https:\/\/www.leslanguessansstress.fr\/wp-content\/uploads\/2023\/09\/5-COURS-BILINGUES-ANGLAIS-et-espagnol-ou-italien-ou-allemand-ou-FLE-300x60.jpg 300w, https:\/\/www.leslanguessansstress.fr\/wp-content\/uploads\/2023\/09\/5-COURS-BILINGUES-ANGLAIS-et-espagnol-ou-italien-ou-allemand-ou-FLE.jpg 686w\" sizes=\"auto, (max-width: 300px) 100vw, 300px\" \/><\/p>\n<h2 style=\"font-weight: 400;\"><span style=\"font-family: arial, helvetica, sans-serif; color: #000080; font-size: 28px;\">Les langues sans stress simples ou en cours bilingue pour l&rsquo;entreprise<\/span><\/h2>\n<p style=\"font-weight: 400;\"><span style=\"font-family: arial, helvetica, sans-serif; color: #000080; font-size: 14px;\">Nous \u00e9laborons les programmes individualis\u00e9s puis proposons une solution de suivi et un devis pour la formation en langues de votre entreprise \u00e0 partir des informations r\u00e9colt\u00e9es pendant les entretiens. <\/span><\/p>\n<h2 style=\"font-weight: 400;\"><span style=\"font-family: arial, helvetica, sans-serif; color: #000080; font-size: 20px;\">Entreprise \u00e9trang\u00e8re et march\u00e9 international?<\/span><\/h2>\n<p style=\"font-weight: 400;\"><span style=\"font-family: arial, helvetica, sans-serif; color: #000080; font-size: 14px;\">Nous vous proposons une immersion progressive en deux langues pour un d\u00e9veloppement des comp\u00e9tences bilingues de vos collaborateurs aux niveaux d\u00e9butant \u00e0 interm\u00e9diaire avanc\u00e9. <\/span><\/p>\n<ul>\n<li style=\"font-weight: 400;\"><span style=\"font-family: arial, helvetica, sans-serif; color: #000080; font-size: 14px;\">Anglais &#8211; espagnol, <\/span><\/li>\n<li style=\"font-weight: 400;\"><span style=\"font-family: arial, helvetica, sans-serif; color: #000080; font-size: 14px;\">Anglais &#8211; italien, <\/span><\/li>\n<li style=\"font-weight: 400;\"><span style=\"font-family: arial, helvetica, sans-serif; color: #000080; font-size: 14px;\">Anglais &#8211; allemand, <\/span><\/li>\n<li style=\"font-weight: 400;\"><span style=\"font-family: arial, helvetica, sans-serif; color: #000080; font-size: 14px;\">Anglais &#8211; FLE.<\/span><\/li>\n<\/ul>\n<h2 style=\"font-weight: 400;\"><span style=\"font-family: arial, helvetica, sans-serif; color: #000080; font-size: 28px;\">Vous \u00eates unique? <\/span><br \/>\n<span style=\"font-family: arial, helvetica, sans-serif; color: #000080; font-size: 20px;\"><span style=\"font-size: 28px;\">Nos formations le sont aussi!<\/span><br \/>\nUne formatrice exp\u00e9riment\u00e9e vous accompagne en 3, 4 et jusqu&rsquo;\u00e0 5 langues courantes pour des rencontres plus agr\u00e9ables avec vos partenaires et clients.<\/span><\/h2>\n<p style=\"font-weight: 400;\"><span style=\"font-family: arial, helvetica, sans-serif; color: #000080; font-size: 14px;\">Enrichissez la communication de vos collaborateurs aux postes d&rsquo;accueil et Call-Center jusqu&rsquo;\u00e0 5 langues pour des \u00e9changes plus proches des besoins de ces postes et de leurs interlocuteurs professionnels.<\/span><\/p>\n<p style=\"font-weight: 400;\"><span style=\"font-family: arial, helvetica, sans-serif; color: #000080; font-size: 14px;\">Une fois le devis valid\u00e9, vos collaborateurs sont invit\u00e9s individuellement \u00e0 commencer leurs formations ou \u00e0 partager l\u2019heure d\u2019\u00e9tude selon les modalit\u00e9s retenues par l\u2019entreprise. <\/span><\/p>\n<h2 style=\"font-weight: 400;\"><span style=\"font-family: arial, helvetica, sans-serif; color: #000080; font-size: 24px;\">Apprendre ou r\u00e9veiller l&rsquo;anglais, l&rsquo;allemand, l&rsquo;espagnol, l&rsquo;italien ou renforcer et perfectionner le fran\u00e7ais en entreprise<\/span><\/h2>\n<p style=\"font-weight: 400;\"><span style=\"font-family: arial, helvetica, sans-serif; color: #000080; font-size: 14px;\">Nous mettons \u00e0 l&rsquo;aise l&rsquo;adulte d\u00e9butant en langue professionnelle avec des ressources adapt\u00e9es et ateliers avec activit\u00e9s ludiques ax\u00e9es \u00e9changes professionnels.<\/span><\/p>\n<p><img loading=\"lazy\" decoding=\"async\" class=\"alignnone wp-image-6628 aligncenter\" src=\"https:\/\/www.leslanguessansstress.fr\/wp-content\/uploads\/2019\/11\/programme-dinitiation-fleche-e1614709677587-300x225.png\" alt=\"\" width=\"189\" height=\"142\" srcset=\"https:\/\/www.leslanguessansstress.fr\/wp-content\/uploads\/2019\/11\/programme-dinitiation-fleche-e1614709677587-300x225.png 300w, https:\/\/www.leslanguessansstress.fr\/wp-content\/uploads\/2019\/11\/programme-dinitiation-fleche-e1614709677587.png 555w\" sizes=\"auto, (max-width: 189px) 100vw, 189px\" \/><\/p>\n<p style=\"font-weight: 400;\"><span style=\"font-family: arial, helvetica, sans-serif; color: #000080; font-size: 14px;\">Le suivi de progression de vos collaborateurs ou de l\u2019\u00e9quipe est personnalis\u00e9 par des \u00e9changes avec la formatrice tout au long du parcours de la formation.<\/span><\/p>\n<p style=\"font-weight: 400;\"><span style=\"font-family: arial, helvetica, sans-serif; color: #000080; font-size: 14px;\">Un rapport de progression et d\u2019assiduit\u00e9 de vos collaborateurs selon un calendrier mensuel, bi ou trimensuel.<\/span><\/p>\n<p style=\"font-weight: 400;\"><span style=\"font-family: arial, helvetica, sans-serif; color: #000080; font-size: 14px;\">Une attestation des acquis la pr\u00e9sentation des axes d\u2019am\u00e9lioration pour chaque collaborateur en fin de formation.<\/span><img loading=\"lazy\" decoding=\"async\" class=\"alignnone wp-image-13669 aligncenter\" src=\"https:\/\/www.leslanguessansstress.fr\/wp-content\/uploads\/2022\/05\/Offre-de-formations-professionnelles-en-5-langues-sous-hypnose-pour-le-debutant-eligibles-CPF-300x188.jpeg\" alt=\"\" width=\"227\" height=\"142\" srcset=\"https:\/\/www.leslanguessansstress.fr\/wp-content\/uploads\/2022\/05\/Offre-de-formations-professionnelles-en-5-langues-sous-hypnose-pour-le-debutant-eligibles-CPF-300x188.jpeg 300w, https:\/\/www.leslanguessansstress.fr\/wp-content\/uploads\/2022\/05\/Offre-de-formations-professionnelles-en-5-langues-sous-hypnose-pour-le-debutant-eligibles-CPF-768x480.jpeg 768w, https:\/\/www.leslanguessansstress.fr\/wp-content\/uploads\/2022\/05\/Offre-de-formations-professionnelles-en-5-langues-sous-hypnose-pour-le-debutant-eligibles-CPF.jpeg 800w\" sizes=\"auto, (max-width: 227px) 100vw, 227px\" \/><\/p>\n<h1 style=\"font-weight: 400;\"><span style=\"font-family: arial, helvetica, sans-serif; color: #333399; font-size: 28px;\">D\u00e9veloppez rapidement les langues sans stress de vos collaborateurs vers une communication professionnelle fluide<\/span><\/h1>\n<p style=\"font-weight: 400;\"><span style=\"font-family: arial, helvetica, sans-serif; color: #000080; font-size: 14px;\">N&rsquo;h\u00e9sitez pas \u00e0 nous pr\u00e9senter votre projet d&rsquo;entreprise, personnel ou celui de vos collaborateurs. <\/span><\/p>\n<p style=\"font-weight: 400;\"><span style=\"font-family: arial, helvetica, sans-serif; color: #000080; font-size: 14px;\">Nous y attacherons une attention particuli\u00e8re. <\/span><\/p>\n<p><img loading=\"lazy\" decoding=\"async\" class=\"alignnone wp-image-14157 aligncenter\" src=\"https:\/\/www.leslanguessansstress.fr\/wp-content\/uploads\/2022\/10\/Mon-compte-formation-CPF-les-langues-sans-stress-300x159.jpg\" alt=\"\" width=\"183\" height=\"97\" srcset=\"https:\/\/www.leslanguessansstress.fr\/wp-content\/uploads\/2022\/10\/Mon-compte-formation-CPF-les-langues-sans-stress-300x159.jpg 300w, https:\/\/www.leslanguessansstress.fr\/wp-content\/uploads\/2022\/10\/Mon-compte-formation-CPF-les-langues-sans-stress.jpg 646w\" sizes=\"auto, (max-width: 183px) 100vw, 183px\" \/><\/p>\n<p style=\"font-weight: 400;\"><span style=\"font-family: arial, helvetica, sans-serif; color: #000080; font-size: 14px;\">Tous les financements sont accept\u00e9s. <\/span><\/p>\n<h3 style=\"font-weight: 400;\"><span style=\"font-family: arial, helvetica, sans-serif; color: #333399; font-size: 28px;\">Activer le financement CPF de la formation oblige \u00e0 suivre des modalit\u00e9s de pr\u00e9paration au test de certification niveau A2 ou plus en langues sans stress<\/span><\/h3>\n<p style=\"font-weight: 400;\"><span style=\"font-family: arial, helvetica, sans-serif; color: #000080; font-size: 14px;\">Si votre collaborateur utilise son budget CPF pour suivre des cours de langues selon ses besoins et ses fonctions, il devra aussi et surtout se pr\u00e9parer \u00e0 passer le test de certification de ses acquis en langue professionnelle avec l&rsquo;objectif d&rsquo;atteindre le niveau A2 ou plus en langue courante dans un contexte professionnel standard \u00e0 toutes les entreprises.<\/span><\/p>\n<p style=\"font-weight: 400;\"><span style=\"font-family: arial, helvetica, sans-serif; color: #000080; font-size: 14px;\">Si ce collaborateur apprend une langue-m\u00e9tier ou simplement s&rsquo;initie en tant que vrai d\u00e9butant 0-A1, cela peut doubler la dur\u00e9e d&rsquo;\u00e9tude pour passer du niveau A1 au niveau A2 et intensifier son apprentissage. <\/span><\/p>\n<p style=\"font-weight: 400;\"><span style=\"font-family: arial, helvetica, sans-serif; color: #000080; font-size: 14px;\">Ce param\u00e8tre est \u00e0 prendre en compte avant son inscription autonome ou par l&rsquo;entreprise. <\/span><\/p>\n<p style=\"font-weight: 400;\"><span style=\"text-decoration: underline;\"><span style=\"font-family: arial, helvetica, sans-serif; color: #000080; font-size: 14px; text-decoration: underline;\">Nous sommes l\u00e0 pour vous conseiller, n&rsquo;h\u00e9sitez pas \u00e0 nous pr\u00e9senter la situation et les besoins de vos collaborateurs. <\/span><\/span><\/p>\n<p style=\"font-weight: 400;\"><span style=\"font-family: arial, helvetica, sans-serif; color: #000080; font-size: 14px;\">Nous \u00e9tablissons volontiers un agenda d&rsquo;\u00e9tude autonome et des entretiens avec formatrice pour mettre en \u00e9vidence le nombre d&rsquo;heures total d&rsquo;\u00e9tude (pr\u00e9sentielle et autonome entre les cours). Nous pourrons aussi pr\u00e9voir le niveau la fatigue potentielle que cela peut entrainer pendant les fonctions de vos collaborateurs selon leur profil d&rsquo;apprenant, leur \u00e2ge, leur situation familiale &#8230;\u00a0<\/span><\/p>\n<p>&nbsp;<\/p>\n","protected":false},"excerpt":{"rendered":"<p>Les langues sans stress en entreprise \u00a0 INFO 2024-2026 certification CLO\u00c9 en 5 langues \u00e9trang\u00e8res\u00a0<\/p>\n","protected":false},"author":1,"featured_media":16683,"comment_status":"closed","ping_status":"open","sticky":false,"template":"","format":"standard","meta":{"footnotes":""},"categories":[80,176,432],"tags":[350,430,211,347,202,370],"class_list":["post-16620","post","type-post","status-publish","format-standard","has-post-thumbnail","hentry","category-actualites","category-information-documentation","category-langues","tag-action-et-jeux-de-role","tag-formation-professionnelle","tag-gestion-du-stress","tag-langues","tag-perfectionnement","tag-remise-a-niveau"],"_links":{"self":[{"href":"https:\/\/www.leslanguessansstress.fr\/index.php\/wp-json\/wp\/v2\/posts\/16620","targetHints":{"allow":["GET"]}}],"collection":[{"href":"https:\/\/www.leslanguessansstress.fr\/index.php\/wp-json\/wp\/v2\/posts"}],"about":[{"href":"https:\/\/www.leslanguessansstress.fr\/index.php\/wp-json\/wp\/v2\/types\/post"}],"author":[{"embeddable":true,"href":"https:\/\/www.leslanguessansstress.fr\/index.php\/wp-json\/wp\/v2\/users\/1"}],"replies":[{"embeddable":true,"href":"https:\/\/www.leslanguessansstress.fr\/index.php\/wp-json\/wp\/v2\/comments?post=16620"}],"version-history":[{"count":8,"href":"https:\/\/www.leslanguessansstress.fr\/index.php\/wp-json\/wp\/v2\/posts\/16620\/revisions"}],"predecessor-version":[{"id":16712,"href":"https:\/\/www.leslanguessansstress.fr\/index.php\/wp-json\/wp\/v2\/posts\/16620\/revisions\/16712"}],"wp:featuredmedia":[{"embeddable":true,"href":"https:\/\/www.leslanguessansstress.fr\/index.php\/wp-json\/wp\/v2\/media\/16683"}],"wp:attachment":[{"href":"https:\/\/www.leslanguessansstress.fr\/index.php\/wp-json\/wp\/v2\/media?parent=16620"}],"wp:term":[{"taxonomy":"category","embeddable":true,"href":"https:\/\/www.leslanguessansstress.fr\/index.php\/wp-json\/wp\/v2\/categories?post=16620"},{"taxonomy":"post_tag","embeddable":true,"href":"https:\/\/www.leslanguessansstress.fr\/index.php\/wp-json\/wp\/v2\/tags?post=16620"}],"curies":[{"name":"wp","href":"https:\/\/api.w.org\/{rel}","templated":true}]}}