{"id":16600,"date":"2024-02-06T12:32:52","date_gmt":"2024-02-06T11:32:52","guid":{"rendered":"https:\/\/www.leslanguessansstress.fr\/?p=16600"},"modified":"2025-12-20T14:56:09","modified_gmt":"2025-12-20T13:56:09","slug":"fle-formation-certifiante-cloe","status":"publish","type":"post","link":"https:\/\/www.leslanguessansstress.fr\/index.php\/2024\/02\/06\/fle-formation-certifiante-cloe\/","title":{"rendered":"FLE formation certifiante CLO\u00c9"},"content":{"rendered":"<h6 style=\"font-weight: 400;\"><span style=\"font-family: verdana, geneva, sans-serif; color: #000000;\">Programme plus lisible depuis un PC<\/span><\/h6>\n<header class=\"singleformation-section singleformation-header\">\n<h1><span style=\"color: #0000ff; font-family: verdana, geneva, sans-serif; font-size: 20px; font-weight: 400;\">FLE &#8211; Fran\u00e7ais Langue \u00c9trang\u00e8re sans stress, \u00e9ligible CPF<\/span><\/h1>\n<h1><span style=\"color: #ff6600; font-family: verdana, geneva, sans-serif; font-size: 20px; font-weight: 400;\">Conseils d&rsquo;apprentissage et pratique <\/span><\/h1>\n<\/header>\n<div class=\"singleformation-sidebar\">\n<div class=\"singleformation-registration-container\">\n<div class=\"singleformation-registration scrollbar-thin\" data-sticksy=\"\" data-sticksy-listen=\"true\" data-sticksy-topspacing=\"13\">\n<div class=\"singleformation-registration-bottom\"><\/div>\n<\/div>\n<\/div>\n<\/div>\n<div class=\"singleformation-section singleformation-presentation\">\n<p class=\"singleformation-lastupdate\"><span style=\"font-family: verdana, geneva, sans-serif;\">Suivez un parcours sur mesure qui r\u00e9pond \u00e0 vos besoins pr\u00e9cis en fran\u00e7ais avec atelier interactif et entretiens individualis\u00e9s pour aidant \u00e0 progresser et prendre de l&rsquo;assurance \u00e0 l&rsquo;\u00e9crit comme \u00e0 l&rsquo;oral dans vos activit\u00e9s socioprofessionnelles quotidiennes, selon le niveau d\u00e9tect\u00e9 \u00e0 l&rsquo;entr\u00e9e en formation.<\/span><\/p>\n<p class=\"singleformation-lastupdate\">\n<div class=\"singleformation-presentation-desc wig-content\">\n<p><span style=\"font-family: verdana, geneva, sans-serif;\">Atteignez vos objectifs et progressez \u00e0 votre rythme gr\u00e2ce \u00e0 une approche sur mesure, un accompagnement d\u00e9di\u00e9 et une programmation adapt\u00e9e \u00e0 votre agenda. Vous b\u00e9n\u00e9ficierez d\u2019une attention exclusive, de conseils adapt\u00e9s \u00e0 votre niveau et d\u2019un suivi personnalis\u00e9. N\u2019attendez plus, commencez d\u00e8s maintenant votre formation Fran\u00e7ais Langue \u00c9trang\u00e8re (FLE)\u2013 cours individuels.<\/span><\/p>\n<p><span style=\"font-family: verdana, geneva, sans-serif;\">Choisissez les CEL de CCI Campus Alsace pour vos formations en langues !<\/span><\/p>\n<\/div>\n<\/div>\n<div class=\"accordion singleformation-accordion\" role=\"tablist\" data-accordion=\"\" data-multi-expand=\"true\" data-allow-all-closed=\"true\" data-e=\"a2ksz5-e\">\n<div class=\"singleformation-section singleformation-goal\" data-accordion-item=\"\"><span id=\"data-goal\" class=\"anchor-target pageindex-target\" style=\"font-family: verdana, geneva, sans-serif;\" data-magellan-target=\"data-goal\"><\/span><\/p>\n<h1><span style=\"color: #0000ff; font-family: verdana, geneva, sans-serif; font-size: 20px; font-weight: 400;\">Objectifs de la formation FLE sans stress<\/span><\/h1>\n<div id=\"yv9afl-accordion\" class=\"singleformation-goal-tems row\" role=\"tabpanel\" data-tab-content=\"\" aria-labelledby=\"yv9afl-accordion-label\" aria-hidden=\"true\">\n<div class=\"columns large-12\">\n<div class=\"framebloc\">\n<div class=\"singleformation-goal-desc wig-content\">\n<p><span style=\"font-family: verdana, geneva, sans-serif; color: #000080;\">S\u2019initier ou se perfectionner en fran\u00e7ais selon niveau d\u00e9tect\u00e9 \u00a0<\/span><br \/>\n<span style=\"font-family: verdana, geneva, sans-serif; color: #000080;\">\u00c9changer dans des situations sociales et culturelles ou professionnelles <\/span><br \/>\n<span style=\"font-family: verdana, geneva, sans-serif; color: #000080;\">Lire et r\u00e9diger des documents \u00e9crits<\/span><br \/>\n<span style=\"font-family: verdana, geneva, sans-serif; color: #000080;\">Am\u00e9liorer la prononciation et la compr\u00e9hension orale<\/span><br \/>\n<span style=\"font-family: verdana, geneva, sans-serif; color: #000080;\">Se perfectionner dans un domaine sp\u00e9cifique, selon ses besoins<\/span><\/p>\n<\/div>\n<\/div>\n<\/div>\n<\/div>\n<\/div>\n<\/div>\n<div class=\"accordion singleformation-accordion\" role=\"tablist\" data-accordion=\"\" data-multi-expand=\"true\" data-allow-all-closed=\"true\" data-e=\"39ss32-e\">\n<div class=\"singleformation-section singleformation-highlights\" data-accordion-item=\"\">\n<h2 class=\"singleformation-highlights-title section-title with-strong\"><span style=\"font-family: verdana, geneva, sans-serif;\"><strong>Les points forts<\/strong> de la formation ?<\/span><\/h2>\n<div id=\"tpk1bm-accordion\" class=\"singleformation-highlights-tems row\" role=\"tabpanel\" data-tab-content=\"\" aria-labelledby=\"tpk1bm-accordion-label\" aria-hidden=\"true\">\n<div class=\"columns large-12\">\n<div class=\"framebloc\">\n<div class=\"row\">\n<div class=\"columns large-6\">\n<div class=\"singleformation-highlights-desc wig-content\">\n<ul>\n<li><span style=\"font-family: verdana, geneva, sans-serif;\">Cours sur mesure avec contenus adapt\u00e9s \u00e0 votre niveau et besoins sp\u00e9cifiques. \u00a0\u00a0<\/span><\/li>\n<li><span style=\"font-family: verdana, geneva, sans-serif;\">Mise en place d&rsquo;un calendrier d&rsquo;\u00e9tude et bilans ax\u00e9 sur votre pratique immersive du fran\u00e7ais.\u00a0<\/span><\/li>\n<li><span style=\"font-family: verdana, geneva, sans-serif;\">La dur\u00e9e et le rythme des cours assurent le maintien de votre motivation jusqu&rsquo;\u00e0 la fin du programme. \u00a0<\/span><\/li>\n<li><span style=\"font-family: verdana, geneva, sans-serif;\">Entrainement interactif \u00a0\u00e0 votre rythme.\u00a0<\/span><\/li>\n<li><span style=\"font-family: verdana, geneva, sans-serif;\">Activit\u00e9s ludiques immersives favorisant la prise de parole en public.<\/span><\/li>\n<li><span style=\"font-family: verdana, geneva, sans-serif;\">Dates des entretiens individualis\u00e9s avec formatrice selon vos disponibilit\u00e9s. \u00a0<\/span><\/li>\n<\/ul>\n<\/div>\n<\/div>\n<div class=\"columns large-6\">\n<div class=\"singleformation-highlights-desc_2 wig-content\">\n<ul>\n<li><\/li>\n<\/ul>\n<\/div>\n<\/div>\n<\/div>\n<\/div>\n<\/div>\n<\/div>\n<\/div>\n<\/div>\n<div class=\"accordion singleformation-accordion\" role=\"tablist\" data-accordion=\"\" data-multi-expand=\"true\" data-allow-all-closed=\"true\" data-e=\"gsywli-e\">\n<div class=\"singleformation-section singleformation-who\" data-accordion-item=\"\"><span id=\"data-public\" class=\"anchor-target pageindex-target\" style=\"font-family: verdana, geneva, sans-serif;\" data-magellan-target=\"data-public\"><\/span><\/p>\n<h2 class=\"singleformation-who-title section-title with-strong\"><span style=\"font-family: verdana, geneva, sans-serif;\"><strong>A qui s\u2019adresse<\/strong> la formation ?<\/span><\/h2>\n<div id=\"ubb0qt-accordion\" class=\"\" role=\"tabpanel\" data-tab-content=\"\" aria-labelledby=\"ubb0qt-accordion-label\" aria-hidden=\"true\">\n<ul class=\"singleformation-who-items row medium-up-2\">\n<li class=\"singleformation-who-item column -who-public\">\n<div class=\"framebloc\">\n<h3 class=\"singleformation-who-item-title\"><span style=\"font-family: verdana, geneva, sans-serif;\">Public<\/span><\/h3>\n<div class=\"singleformation-who-item-desc wig-content\">\n<ul>\n<li><span style=\"font-family: verdana, geneva, sans-serif;\">Toute personne d\u00e9sireuse d\u2019acqu\u00e9rir ou de d\u00e9velopper des comp\u00e9tences en langue fran\u00e7aise<\/span><\/li>\n<\/ul>\n<\/div>\n<\/div>\n<\/li>\n<li class=\"singleformation-who-item column -who-prerequisite\">\n<div class=\"framebloc\">\n<h3 class=\"singleformation-who-item-title\"><span style=\"font-family: verdana, geneva, sans-serif;\">Pr\u00e9-requis<\/span><\/h3>\n<div class=\"singleformation-who-item-desc wig-content\">\n<ul>\n<li><span style=\"font-family: verdana, geneva, sans-serif;\">R\u00e9aliser un test de positionnement<\/span><\/li>\n<\/ul>\n<\/div>\n<\/div>\n<\/li>\n<\/ul>\n<\/div>\n<\/div>\n<\/div>\n<div class=\"accordion singleformation-accordion\" role=\"tablist\" data-accordion=\"\" data-multi-expand=\"true\" data-allow-all-closed=\"true\" data-e=\"jvydrf-e\">\n<div class=\"singleformation-section singleformation-program\" data-accordion-item=\"\"><span id=\"data-program\" class=\"anchor-target pageindex-target\" style=\"font-family: verdana, geneva, sans-serif;\" data-magellan-target=\"data-program\"><\/span><\/p>\n<h2 class=\"singleformation-program-title section-title with-strong\"><span style=\"font-family: verdana, geneva, sans-serif;\"><strong>Programme<\/strong> de la formation<\/span><\/h2>\n<div id=\"26fk7i-accordion\" class=\"\" role=\"tabpanel\" data-tab-content=\"\" aria-labelledby=\"26fk7i-accordion-label\" aria-hidden=\"true\">\n<div class=\"singleformation-program-desc wig-content\">\n<h3 class=\"with-strong\"><span style=\"font-family: verdana, geneva, sans-serif;\"><strong>1. Aborder des interlocuteurs francophones<\/strong><\/span><\/h3>\n<ul>\n<li><span style=\"font-family: verdana, geneva, sans-serif;\">Saluer, se pr\u00e9senter et accueillir un visiteur<\/span><\/li>\n<li><span style=\"font-family: verdana, geneva, sans-serif;\">Ma\u00eetriser les degr\u00e9s de politesse<\/span><\/li>\n<li><span style=\"font-family: verdana, geneva, sans-serif;\">Pr\u00e9senter sa famille et\/ou ses coll\u00e8gues<\/span><\/li>\n<li><span style=\"font-family: verdana, geneva, sans-serif;\">Pr\u00e9senter son entreprise<\/span><\/li>\n<li><span style=\"font-family: verdana, geneva, sans-serif;\">Aborder les sp\u00e9cificit\u00e9s culturelles des pays francophones<\/span><\/li>\n<\/ul>\n<h3 class=\"with-strong\"><span style=\"font-family: verdana, geneva, sans-serif;\"><strong>2. Communiquer dans des situations de la vie courante et\/ou professionnelle<\/strong><\/span><\/h3>\n<ul>\n<li><span style=\"font-family: verdana, geneva, sans-serif;\">D\u00e9crire des activit\u00e9s<\/span><\/li>\n<li><span style=\"font-family: verdana, geneva, sans-serif;\">Donner et demander des informations<\/span><\/li>\n<li><span style=\"font-family: verdana, geneva, sans-serif;\">Communiquer par t\u00e9l\u00e9phone<\/span><\/li>\n<li><span style=\"font-family: verdana, geneva, sans-serif;\">S\u2019exprimer d\u2019un d\u00e9placement ou d\u2019un voyage<\/span><\/li>\n<li><span style=\"font-family: verdana, geneva, sans-serif;\">Parler de projets et de r\u00e9alisations<\/span><\/li>\n<\/ul>\n<h3 class=\"with-strong\"><span style=\"font-family: verdana, geneva, sans-serif;\"><strong>3. Participer \u00e0 une discussion ou une r\u00e9union<\/strong><\/span><\/h3>\n<ul>\n<li><span style=\"font-family: verdana, geneva, sans-serif;\">Exprimer ses id\u00e9es et opinions<\/span><\/li>\n<li><span style=\"font-family: verdana, geneva, sans-serif;\">Donner son avis<\/span><\/li>\n<li><span style=\"font-family: verdana, geneva, sans-serif;\">Apporter une pr\u00e9cision<\/span><\/li>\n<\/ul>\n<h3 class=\"with-strong\"><span style=\"font-family: verdana, geneva, sans-serif;\"><strong>4. \u00a0Communiquer dans des situations professionnelles sp\u00e9cifiques<\/strong><\/span><\/h3>\n<ul>\n<li><span style=\"font-family: verdana, geneva, sans-serif;\">Acqu\u00e9rir ou d\u00e9velopper le vocabulaire technique de son domaine<\/span><\/li>\n<li><span style=\"font-family: verdana, geneva, sans-serif;\">\u00c9changer dans des situations propres \u00e0 son m\u00e9tier<\/span><\/li>\n<li><span style=\"font-family: verdana, geneva, sans-serif;\">Lire et comprendre des documents professionnels<\/span><\/li>\n<\/ul>\n<h3 class=\"with-strong\"><span style=\"font-family: verdana, geneva, sans-serif;\"><strong>5. Communiquer \u00e0 l\u2019\u00e9crit<\/strong><\/span><\/h3>\n<ul>\n<li><span style=\"font-family: verdana, geneva, sans-serif;\">Formuler ses id\u00e9es \u00e0 l\u2019\u00e9crit<\/span><\/li>\n<li><span style=\"font-family: verdana, geneva, sans-serif;\">\u00c9crire un message<\/span><\/li>\n<li><span style=\"font-family: verdana, geneva, sans-serif;\">Comprendre un document \u00e9crit<\/span><\/li>\n<\/ul>\n<\/div>\n<\/div>\n<\/div>\n<\/div>\n<h1 style=\"font-weight: 400;\"><span style=\"font-family: verdana, geneva, sans-serif; color: #0000ff;\">Formation certifiante en fran\u00e7ais langue \u00e9trang\u00e8re (FLE) sans stress \u00e9ligible CPF<\/span><\/h1>\n<p><span style=\"font-family: verdana, geneva, sans-serif;\"><a href=\"https:\/\/www.leslanguessansstress.fr\/index.php\/2024\/09\/11\/certification-cloe-en-langues-sans-stress\/\" target=\"_blank\" rel=\"noopener\"><span style=\"color: #000080;\">INFO 2024-2026 certification CLO\u00c9<\/span><\/a><\/span><\/p>\n<h3><span style=\"font-family: verdana, geneva, sans-serif;\"><img loading=\"lazy\" decoding=\"async\" class=\"alignnone size-medium wp-image-14383 aligncenter\" src=\"https:\/\/www.leslanguessansstress.fr\/wp-content\/uploads\/2022\/10\/QUALIOPI-action-de-formation-renouvele\u0301-20221009-Les-langues-sans-stress--300x193.jpg\" alt=\"\" width=\"300\" height=\"193\" srcset=\"https:\/\/www.leslanguessansstress.fr\/wp-content\/uploads\/2022\/10\/QUALIOPI-action-de-formation-renouvele\u0301-20221009-Les-langues-sans-stress--300x193.jpg 300w, https:\/\/www.leslanguessansstress.fr\/wp-content\/uploads\/2022\/10\/QUALIOPI-action-de-formation-renouvele\u0301-20221009-Les-langues-sans-stress--1024x660.jpg 1024w, https:\/\/www.leslanguessansstress.fr\/wp-content\/uploads\/2022\/10\/QUALIOPI-action-de-formation-renouvele\u0301-20221009-Les-langues-sans-stress--768x495.jpg 768w, https:\/\/www.leslanguessansstress.fr\/wp-content\/uploads\/2022\/10\/QUALIOPI-action-de-formation-renouvele\u0301-20221009-Les-langues-sans-stress-.jpg 1504w\" sizes=\"auto, (max-width: 300px) 100vw, 300px\" \/><\/span><\/h3>\n<h2 style=\"font-weight: 400;\"><span style=\"color: #0000ff; font-family: verdana, geneva, sans-serif; font-size: 24px;\">Objectifs de certification CLO\u00c9 en FLE courant et professionnel<\/span><\/h2>\n<p><span style=\"font-family: verdana, geneva, sans-serif; color: #000080;\">Cette formation est conque pour d\u00e9velopper vos comp\u00e9tences linguistiques \u00e0 l&rsquo;oral et \u00e0 l&rsquo;\u00e9crit, et notamment :<\/span><br \/>\n<span style=\"font-family: verdana, geneva, sans-serif; color: #000080;\">\u00a0&#8211; Identifier et utiliser un vocabulaire adapt\u00e9 au contexte<\/span><br \/>\n<span style=\"font-family: verdana, geneva, sans-serif; color: #000080;\">\u00a0&#8211; Utiliser les principales structures grammaticales n\u00e9cessaires pour construire des phrases coh\u00e9rentes et de<\/span><br \/>\n<span style=\"font-family: verdana, geneva, sans-serif; color: #000080;\">complexit\u00e9 vari\u00e9e<\/span><br \/>\n<span style=\"font-family: verdana, geneva, sans-serif; color: #000080;\">\u00a0&#8211; Comprendre un court texte et en d\u00e9gager le sens global et des d\u00e9tails sp\u00e9cifiques<\/span><br \/>\n<span style=\"font-family: verdana, geneva, sans-serif; color: #000080;\">\u00a0&#8211; Comprendre un \u00e9nonc\u00e9, des instructions ou les questions d&rsquo;un interlocuteur<\/span><br \/>\n<span style=\"font-family: verdana, geneva, sans-serif; color: #000080;\">\u00a0&#8211; Communiquer en situation socioprofessionnelle, professionnelle ou sp\u00e9cifique \u00e0 son activit\u00e9 en employant les<\/span><br \/>\n<span style=\"font-family: verdana, geneva, sans-serif; color: #000080;\">expressions adapt\u00e9es<\/span><br \/>\n<span style=\"font-family: verdana, geneva, sans-serif; color: #000080;\">\u00a0&#8211; Tenir une discussion sur un sujet professionnel<\/span><br \/>\n<span style=\"font-family: verdana, geneva, sans-serif; color: #000080;\">\u00a0&#8211; Communiquer de fa\u00e7on naturelle et d\u00e9velopper l&rsquo;interaction orale<\/span><br \/>\n<span style=\"font-family: verdana, geneva, sans-serif; color: #000080;\">\u00a0&#8211; Se faire comprendre avec une prononciation claire <\/span><br \/>\n<span style=\"font-family: verdana, geneva, sans-serif; color: #000080;\">\u00a0&#8211; Interagir avec assurance dans la plupart des situations rencontr\u00e9es au quotidien, en entreprise et pendant les d\u00e9placements\u00a0<\/span><\/p>\n<h2 style=\"font-weight: 400; text-align: left;\"><span style=\"color: #0000ff; font-family: verdana, geneva, sans-serif; font-size: 24px;\">Contenu personnalisable du programme visant la certification en FLE courant et professionnel<\/span><\/h2>\n<p><span style=\"color: #000080; font-family: verdana, geneva, sans-serif;\">\u2022 \u00a0S&rsquo;immerger dans la langue pour mieux comprendre et reproduire les sons et intonations.\u00a0<\/span><br \/>\n<span style=\"color: #000080; font-family: verdana, geneva, sans-serif;\">\u2022 \u00a0Maitriser les bases de la langue \u00e9crite : vocabulaire, grammaire, conjugaison, syntaxe, expressions. <\/span><br \/>\n<span style=\"color: #000080; font-family: verdana, geneva, sans-serif;\">\u2022 \u00a0D\u00e9velopper ses capacit\u00e9s \u00e0 comprendre des textes courts simples \u00e0 complexes.\u00a0<\/span><br \/>\n<span style=\"color: #000080; font-family: verdana, geneva, sans-serif;\">\u2022 \u00a0S&rsquo;exprimer clairement \u00e0 l&rsquo;\u00e9crit en utilisant les structures de phrases selon son niveau d&rsquo;\u00e9tude. <\/span><br \/>\n<span style=\"color: #000080; font-family: verdana, geneva, sans-serif;\">\u2022 \u00a0Identifier des informations cl\u00e9s \u00e0 partir d\u2019enregistrements d\u2019\u00e9nonc\u00e9s et de dialogues. \u00a0<\/span><br \/>\n<span style=\"color: #000080; font-family: verdana, geneva, sans-serif;\">\u2022 \u00a0R\u00e9pondre sans h\u00e9sitation \u00e0 des questions pos\u00e9es \u00e0 l&rsquo;oral et en poser \u00e0 son interlocuteur. \u00a0<\/span><br \/>\n<span style=\"color: #000080; font-family: verdana, geneva, sans-serif;\">\u2022 \u00a0\u00c9changer des informations et entretenir un dialogue en situation professionnelle ou sp\u00e9cifique \u00e0 son m\u00e9tier. \u00a0<\/span><br \/>\n<span style=\"color: #000080; font-family: verdana, geneva, sans-serif;\">\u2022 \u00a0Discuter sur un sujet professionnel et tenir une conversation informelle.\u00a0<\/span><br \/>\n<span style=\"color: #000080; font-family: verdana, geneva, sans-serif;\">\u2022 \u00a0G\u00e9rer son stress avant la prise de parole en public ou lors d&rsquo;un entretien, d&rsquo;\u00e9changes t\u00e9l\u00e9phoniques et Visio. \u00a0<\/span><\/p>\n<p><span style=\"font-family: verdana, geneva, sans-serif; color: #000080;\"><span style=\"color: #000080;\">\u2022 <\/span><span style=\"color: #000080;\">\u00a0<\/span><span style=\"color: #000080;\">\u2022 \u00a0<\/span><span style=\"color: #000080;\">\u2022 \u00a0<\/span><span style=\"color: #000080;\">\u2022 \u00a0\u2022 \u00a0\u2022 \u00a0\u2022 \u00a0\u2022 \u00a0\u2022 \u00a0\u2022 \u00a0\u2022 \u00a0\u2022 \u00a0\u2022 \u00a0\u2022 \u00a0\u2022 \u00a0\u2022 \u00a0\u2022 \u00a0\u2022 \u00a0\u2022 \u00a0\u2022 \u00a0\u2022 \u00a0\u2022 \u00a0\u2022 \u00a0\u2022 \u00a0\u2022 \u00a0\u2022 \u00a0\u2022 \u00a0\u2022 \u00a0\u2022 \u2022 \u00a0\u2022 \u00a0\u2022 \u00a0\u2022 \u00a0\u2022 \u00a0\u2022 \u00a0\u2022 \u00a0\u2022 \u00a0\u2022 \u00a0\u2022 \u00a0\u2022 \u00a0\u2022 \u00a0\u2022 \u00a0\u2022\u00a0<\/span><\/span><br \/>\n<span style=\"color: #000080; font-family: verdana, geneva, sans-serif;\">\u2022<span style=\"color: #000080;\"> \u2022<\/span> \u2022<span style=\"color: #000080;\"> \u2022 MISE EN PRATIQUE ORALE SELON UN CONTEXTE SITUATIONNEL \u2022 \u2022 \u2022 \u2022 <\/span><\/span><\/p>\n<p><span style=\"color: #000080; font-family: verdana, geneva, sans-serif;\">\u2022<span style=\"color: #000080;\"> \u2022<\/span> \u00a0Faire connaissance avec ses coll\u00e8gues et maintenir des rapports conviviaux dans un langage informel. <\/span><br \/>\n<span style=\"color: #000080; font-family: verdana, geneva, sans-serif;\">\u2022<span style=\"color: #000080;\"> \u2022<\/span> \u00a0Se pr\u00e9senter, s&rsquo;adapter \u00e0 son nouvel environnement de travail et de vie (si d\u00e9localisation \u00e0 l&rsquo;\u00e9tranger). <\/span><br \/>\n<span style=\"color: #000080; font-family: verdana, geneva, sans-serif;\">\u2022 <span style=\"color: #000080;\"> \u2022 <\/span>\u00a0Accueillir un visiteur, le mettre \u00e0 l&rsquo;aise, lui pr\u00e9senter l&rsquo;entreprise, les produits et services, la hi\u00e9rarchie. <\/span><br \/>\n<span style=\"color: #000080; font-family: verdana, geneva, sans-serif;\">\u2022 <span style=\"color: #000080;\"> \u2022 <\/span>\u00a0Participer \u00e0 une r\u00e9union, faire une pr\u00e9sentation, n\u00e9gocier, pr\u00e9parer un salon et les d\u00e9placements. <\/span><br \/>\n<span style=\"color: #000080; font-family: verdana, geneva, sans-serif;\">\u2022 <span style=\"color: #000080;\"> \u2022 <\/span>\u00a0R\u00e9pondre \u00e0 une requ\u00eate, suivre un protocole et g\u00e9rer une situation difficile. \u00a0<\/span><br \/>\n<span style=\"font-family: verdana, geneva, sans-serif;\"><span style=\"color: #000080;\">\u2022<\/span><span style=\"color: #000080;\"> \u2022<\/span><span style=\"color: #000080;\"> \u00a0Maintenir le contact et <span style=\"caret-color: #000080;\">multiplier<\/span> les opportunit\u00e9s de rencontres et d&rsquo;affaires en langage formel. \u00a0 \u00a0<\/span><\/span><\/p>\n<p><span style=\"font-family: verdana, geneva, sans-serif;\"><img loading=\"lazy\" decoding=\"async\" class=\"size-medium wp-image-16601 aligncenter\" src=\"https:\/\/www.leslanguessansstress.fr\/wp-content\/uploads\/2024\/09\/CLOE-FLE-bandeau-1--300x79.jpg\" alt=\"\" width=\"300\" height=\"79\" srcset=\"https:\/\/www.leslanguessansstress.fr\/wp-content\/uploads\/2024\/09\/CLOE-FLE-bandeau-1--300x79.jpg 300w, https:\/\/www.leslanguessansstress.fr\/wp-content\/uploads\/2024\/09\/CLOE-FLE-bandeau-1--768x202.jpg 768w, https:\/\/www.leslanguessansstress.fr\/wp-content\/uploads\/2024\/09\/CLOE-FLE-bandeau-1-.jpg 1002w\" sizes=\"auto, (max-width: 300px) 100vw, 300px\" \/><\/span><\/p>\n<h3 style=\"font-weight: 400;\"><span style=\"color: #0000ff; font-family: verdana, geneva, sans-serif; font-size: 24px;\">R\u00e9sultats attendus au test de certification en FLE courant et professionnel<\/span><\/h3>\n<p><span style=\"font-family: verdana, geneva, sans-serif; color: #000080;\">Enregistrer une sensible progression entre l&rsquo;entr\u00e9e et la sortie de formation :<\/span><br \/>\n<span style=\"font-family: verdana, geneva, sans-serif; color: #000080;\">\u00a0&#8211; Mieux communiquer par \u00e9crit et avoir pris de l&rsquo;aisance \u00e0 l&rsquo;oral.\u00a0<\/span><br \/>\n<span style=\"font-family: verdana, geneva, sans-serif; color: #000080;\">\u00a0&#8211; Utiliser de nouvelles tournures et expressions adapt\u00e9es au contexte et \u00e0 l&rsquo;interlocuteur.<\/span><\/p>\n<p><span style=\"font-family: verdana, geneva, sans-serif;\"><strong><span style=\"color: #000080;\">Comp\u00e9tences attest\u00e9es :<\/span><\/strong><\/span><\/p>\n<p><span style=\"font-family: verdana, geneva, sans-serif; color: #000080;\">Analyser des \u00e9crits courts en identifiant les \u00e9l\u00e9ments langagiers cl\u00e9s et en tenant compte de leur exactitude afin d\u2019employer ces \u00e9l\u00e9ments dans des \u00e9crits courants et professionnels, et notamment en utilisant un vocabulaire courant ou professionnel adapt\u00e9 au contexte, en utilisant les principales structures grammaticales n\u00e9cessaires pour construire des phrases coh\u00e9rentes et de complexit\u00e9 vari\u00e9e, et en communiquant en situation courante ou professionnelle en employant les expressions adapt\u00e9es\u00a0\u00a0<\/span><\/p>\n<p><span style=\"font-family: verdana, geneva, sans-serif; color: #000080;\">Analyser des textes courts en identifiant les informations cl\u00e9s afin de les utiliser dans un contexte g\u00e9n\u00e9ral ou professionnel sp\u00e9cifique, et notamment en lisant un texte court et en en d\u00e9gageant le sens global et des d\u00e9tails sp\u00e9cifiques. en lisant un dialogue \u00e9crit ou un message et en en d\u00e9gageant le sens global et des d\u00e9tails sp\u00e9cifiques, et en lisant des instructions ou une s\u00e9rie d\u2019\u00e9v\u00e9nements et en en d\u00e9finissant l\u2019action \u00e0 prendre ou le r\u00e9sultat<\/span><\/p>\n<p><span style=\"font-family: verdana, geneva, sans-serif; color: #000080;\">Analyser des \u00e9nonc\u00e9s courts, des dialogues et des communications orales en identifiant les informations cl\u00e9s afin de les utiliser dans un contexte g\u00e9n\u00e9ral ou professionnel sp\u00e9cifique, et notamment en \u00e9coutant une annonce ou une information enregistr\u00e9e et en en d\u00e9gageant le sens global et des d\u00e9tails sp\u00e9cifiques, en \u00e9coutant un dialogue et en en d\u00e9gageant le sens global et des d\u00e9tails sp\u00e9cifiques, en \u00e9coutant une s\u00e9rie d\u2019instructions ou une pr\u00e9sentation et en d\u00e9finissant l\u2019action \u00e0 mener ou le r\u00e9sultat\u00a0 \u00a0\u00a0<\/span><\/p>\n<p><span style=\"font-family: verdana, geneva, sans-serif; color: #000080;\">Participer \u00e0 une communication orale avec un interlocuteur sur des sujets professionnels habituels ou sp\u00e9cifiques \u00e0 son m\u00e9tier, et notamment en comprenant un \u00e9nonc\u00e9, des instructions ou des questions d\u2019un interlocuteur, en employant un vocabulaire professionnel adapt\u00e9 \u00e0 la situation de communication, en faisant usage des principales structures grammaticales n\u00e9cessaires afin de construire des phrases coh\u00e9rentes et de complexit\u00e9 vari\u00e9e selon la situation, en communiquant de fa\u00e7on naturelle au sujet de son activit\u00e9, son exp\u00e9rience et ses projets afin de se faire comprendre avec une prononciation claire, en d\u00e9veloppant l\u2019interaction et le dialogue en situation professionnelle\u00a0<\/span><\/p>\n<p><span style=\"font-family: verdana, geneva, sans-serif;\"><img loading=\"lazy\" decoding=\"async\" class=\"alignnone size-medium wp-image-14157 aligncenter\" src=\"https:\/\/www.leslanguessansstress.fr\/wp-content\/uploads\/2022\/10\/Mon-compte-formation-CPF-les-langues-sans-stress-300x159.jpg\" alt=\"\" width=\"300\" height=\"159\" srcset=\"https:\/\/www.leslanguessansstress.fr\/wp-content\/uploads\/2022\/10\/Mon-compte-formation-CPF-les-langues-sans-stress-300x159.jpg 300w, https:\/\/www.leslanguessansstress.fr\/wp-content\/uploads\/2022\/10\/Mon-compte-formation-CPF-les-langues-sans-stress.jpg 646w\" sizes=\"auto, (max-width: 300px) 100vw, 300px\" \/><\/span><\/p>\n<h1 style=\"font-weight: 400;\"><span style=\"color: #0000ff; font-family: verdana, geneva, sans-serif; font-size: 24px;\">Activez votre budget CPF pour vous former et certifier vos comp\u00e9tences en fran\u00e7ais langue \u00e9trang\u00e8re FLE avec le test CLO\u00c9 \u00a0<\/span><\/h1>\n<p><span style=\"font-family: verdana, geneva, sans-serif; color: #000080;\">Veuillez vous connecter \u00e0 votre interface MON COMPTE FORMATION pour v\u00e9rifier votre \u00e9ligibilit\u00e9 \u00e0 la formation CPF et actualiser le montant de vos droits. <\/span><\/p>\n<p><span style=\"font-family: verdana, geneva, sans-serif; color: #000080;\">A r\u00e9ception de votre demande d\u00e9taill\u00e9e, nous prendrons en compte votre niveau d&rsquo;entr\u00e9e en formation et vos objectifs pour personnaliser un programme \u00e0 votre profil d&rsquo;apprenant selon votre contexte professionnel et vos besoins pour atteindre votre objectifs pendant la session ouverte sur la plateforme du CPF. <\/span><\/p>\n<p><span style=\"font-family: verdana, geneva, sans-serif; color: #000080;\">Le financement CPF oblige \u00e0 suivre trois modalit\u00e9s :<\/span><\/p>\n<p><span style=\"font-family: verdana, geneva, sans-serif; color: #000080;\">1) Justifier un niveau A1 tr\u00e8s basique en communication \u00e9crite et orale pour int\u00e9grer la formation CPF (pr\u00e9requis non exig\u00e9 par la certification CLO\u00c9. Le candidat peut tout \u00e0 fait suivre le module A1 avant son inscription sur MON COMPTE FORMATION).\u00a0<\/span><\/p>\n<p><span style=\"font-family: verdana, geneva, sans-serif; color: #000080;\">2) Valider l&rsquo;\u00e9lude de la langue courante dans un contexte standard professionnel niveau Seuil A2 ou plus.<\/span><\/p>\n<p><span style=\"font-family: verdana, geneva, sans-serif; color: #000080;\">3) Certifier le niveau des comp\u00e9tences acquises pendant cet apprentissage en passant le test CLO\u00c9 \u00e9crit puis oral pendant la session de formation pour atteindre l&rsquo;objectif fix\u00e9 en d\u00e9but de formation ou le d\u00e9passer.<\/span><\/p>\n<p><span style=\"font-family: verdana, geneva, sans-serif; color: #000080;\">Un test de positionnement suivi le cas \u00e9ch\u00e9ant d&rsquo;un programme d&rsquo;acquisition des bases niveau A1 sont pr\u00e9sent\u00e9s au candidat. Les dates des s\u00e9ances pr\u00e9sentielles doivent \u00eatre discut\u00e9es en amont puis valid\u00e9es sous 4 jours pour \u00eatre mises au calendrier.<\/span><\/p>\n<p><span style=\"font-family: verdana, geneva, sans-serif; color: #000080;\">Information compl\u00e8te France Comp\u00e9tences sur le <a href=\"https:\/\/www.francecompetences.fr\/recherche\/rs\/6438\/\" target=\"_blank\" rel=\"noopener\">test CLO\u00c9 Fran\u00e7ais Langue Etrang\u00e8re 2023-2026<\/a>.<\/span><\/p>\n","protected":false},"excerpt":{"rendered":"<p>Programme plus lisible depuis un PC FLE &#8211; Fran\u00e7ais Langue \u00c9trang\u00e8re sans stress, \u00e9ligible CPF<\/p>\n","protected":false},"author":1,"featured_media":16601,"comment_status":"closed","ping_status":"open","sticky":false,"template":"","format":"standard","meta":{"footnotes":""},"categories":[80,348,227,176,432,371],"tags":[575,574,670,430,526,626],"class_list":["post-16600","post","type-post","status-publish","format-standard","has-post-thumbnail","hentry","category-actualites","category-cpf-certificats","category-francais-fle","category-information-documentation","category-langues","category-programme","tag-certification","tag-cpf","tag-fle-des-affaires","tag-formation-professionnelle","tag-modalites","tag-test-cloe"],"_links":{"self":[{"href":"https:\/\/www.leslanguessansstress.fr\/index.php\/wp-json\/wp\/v2\/posts\/16600","targetHints":{"allow":["GET"]}}],"collection":[{"href":"https:\/\/www.leslanguessansstress.fr\/index.php\/wp-json\/wp\/v2\/posts"}],"about":[{"href":"https:\/\/www.leslanguessansstress.fr\/index.php\/wp-json\/wp\/v2\/types\/post"}],"author":[{"embeddable":true,"href":"https:\/\/www.leslanguessansstress.fr\/index.php\/wp-json\/wp\/v2\/users\/1"}],"replies":[{"embeddable":true,"href":"https:\/\/www.leslanguessansstress.fr\/index.php\/wp-json\/wp\/v2\/comments?post=16600"}],"version-history":[{"count":6,"href":"https:\/\/www.leslanguessansstress.fr\/index.php\/wp-json\/wp\/v2\/posts\/16600\/revisions"}],"predecessor-version":[{"id":16956,"href":"https:\/\/www.leslanguessansstress.fr\/index.php\/wp-json\/wp\/v2\/posts\/16600\/revisions\/16956"}],"wp:featuredmedia":[{"embeddable":true,"href":"https:\/\/www.leslanguessansstress.fr\/index.php\/wp-json\/wp\/v2\/media\/16601"}],"wp:attachment":[{"href":"https:\/\/www.leslanguessansstress.fr\/index.php\/wp-json\/wp\/v2\/media?parent=16600"}],"wp:term":[{"taxonomy":"category","embeddable":true,"href":"https:\/\/www.leslanguessansstress.fr\/index.php\/wp-json\/wp\/v2\/categories?post=16600"},{"taxonomy":"post_tag","embeddable":true,"href":"https:\/\/www.leslanguessansstress.fr\/index.php\/wp-json\/wp\/v2\/tags?post=16600"}],"curies":[{"name":"wp","href":"https:\/\/api.w.org\/{rel}","templated":true}]}}