{"id":16584,"date":"2025-02-04T15:16:50","date_gmt":"2025-02-04T14:16:50","guid":{"rendered":"https:\/\/www.leslanguessansstress.fr\/?p=16584"},"modified":"2025-02-06T13:53:35","modified_gmt":"2025-02-06T12:53:35","slug":"italien-formation-certifiante-cloe","status":"publish","type":"post","link":"https:\/\/www.leslanguessansstress.fr\/index.php\/2025\/02\/04\/italien-formation-certifiante-cloe\/","title":{"rendered":"Italien formation certifiante CLO\u00c9"},"content":{"rendered":"<h6 style=\"font-weight: 400;\"><span style=\"font-family: verdana, geneva, sans-serif; color: #000000;\">V-01Sept 2024<\/span><\/h6>\n<h1 style=\"font-weight: 400;\"><span style=\"font-family: verdana, geneva, sans-serif; color: #008000;\">Formation certifiante en italien sans stress \u00e9ligible CPF<\/span><\/h1>\n<p><a href=\"https:\/\/www.leslanguessansstress.fr\/index.php\/2024\/09\/11\/certification-cloe-en-langues-sans-stress\/\" target=\"_blank\" rel=\"noopener\"><span style=\"font-family: verdana, geneva, sans-serif; color: #000080;\">INFO 2024-2026 certification CLO\u00c9<\/span><\/a><\/p>\n<h3><img loading=\"lazy\" decoding=\"async\" class=\"alignnone size-medium wp-image-14383 aligncenter\" src=\"https:\/\/www.leslanguessansstress.fr\/wp-content\/uploads\/2022\/10\/QUALIOPI-action-de-formation-renouvele\u0301-20221009-Les-langues-sans-stress--300x193.jpg\" alt=\"\" width=\"300\" height=\"193\" srcset=\"https:\/\/www.leslanguessansstress.fr\/wp-content\/uploads\/2022\/10\/QUALIOPI-action-de-formation-renouvele\u0301-20221009-Les-langues-sans-stress--300x193.jpg 300w, https:\/\/www.leslanguessansstress.fr\/wp-content\/uploads\/2022\/10\/QUALIOPI-action-de-formation-renouvele\u0301-20221009-Les-langues-sans-stress--1024x660.jpg 1024w, https:\/\/www.leslanguessansstress.fr\/wp-content\/uploads\/2022\/10\/QUALIOPI-action-de-formation-renouvele\u0301-20221009-Les-langues-sans-stress--768x495.jpg 768w, https:\/\/www.leslanguessansstress.fr\/wp-content\/uploads\/2022\/10\/QUALIOPI-action-de-formation-renouvele\u0301-20221009-Les-langues-sans-stress-.jpg 1504w\" sizes=\"auto, (max-width: 300px) 100vw, 300px\" \/><\/h3>\n<h2 style=\"font-weight: 400;\"><span style=\"color: #008000; font-family: verdana, geneva, sans-serif; font-size: 20px;\">Objectifs de certification CLO\u00c9 en italien courant et professionnel<\/span><\/h2>\n<p><span style=\"font-family: verdana, geneva, sans-serif; color: #000080;\">Cette formation est conque pour d\u00e9velopper vos comp\u00e9tences linguistiques \u00e0 l&rsquo;oral et \u00e0 l&rsquo;\u00e9crit, et notamment :<\/span><br \/>\n<span style=\"font-family: verdana, geneva, sans-serif; color: #000080;\">\u00a0&#8211; Identifier et utiliser un vocabulaire adapt\u00e9 au contexte<\/span><br \/>\n<span style=\"font-family: verdana, geneva, sans-serif; color: #000080;\">\u00a0&#8211; Utiliser les principales structures grammaticales n\u00e9cessaires pour construire des phrases coh\u00e9rentes et de<\/span><br \/>\n<span style=\"font-family: verdana, geneva, sans-serif; color: #000080;\">complexit\u00e9 vari\u00e9e<\/span><br \/>\n<span style=\"font-family: verdana, geneva, sans-serif; color: #000080;\">\u00a0&#8211; Comprendre un court texte et en d\u00e9gager le sens global et des d\u00e9tails sp\u00e9cifiques<\/span><br \/>\n<span style=\"font-family: verdana, geneva, sans-serif; color: #000080;\">\u00a0&#8211; Comprendre un \u00e9nonc\u00e9, des instructions ou les questions d&rsquo;un interlocuteur<\/span><br \/>\n<span style=\"font-family: verdana, geneva, sans-serif; color: #000080;\">\u00a0&#8211; Communiquer en situation socioprofessionnelle, professionnelle ou sp\u00e9cifique \u00e0 son activit\u00e9 en employant les<\/span><br \/>\n<span style=\"font-family: verdana, geneva, sans-serif; color: #000080;\">expressions adapt\u00e9es<\/span><br \/>\n<span style=\"font-family: verdana, geneva, sans-serif; color: #000080;\">\u00a0&#8211; Tenir une discussion sur un sujet professionnel<\/span><br \/>\n<span style=\"font-family: verdana, geneva, sans-serif; color: #000080;\">\u00a0&#8211; Communiquer de fa\u00e7on naturelle et d\u00e9velopper l&rsquo;interaction orale<\/span><br \/>\n<span style=\"font-family: verdana, geneva, sans-serif; color: #000080;\">\u00a0&#8211; Se faire comprendre avec une prononciation claire <\/span><br \/>\n<span style=\"font-family: verdana, geneva, sans-serif; color: #000080;\">\u00a0&#8211; Interagir avec assurance dans la plupart des situations rencontr\u00e9es au quotidien, en entreprise et pendant les d\u00e9placements\u00a0<\/span><\/p>\n<h2 style=\"font-weight: 400;\"><span style=\"color: #008000; font-family: verdana, geneva, sans-serif; font-size: 24px;\">Contenu personnalisable du programme visant la certification en italien courant et professionnel<\/span><\/h2>\n<p><span style=\"color: #000080; font-family: verdana, geneva, sans-serif;\">\u2022 \u00a0Approfondir ses connaissances de la langue \u00e9crite, notamment vocabulaire, grammaire, syntaxe, et expressions. \u00a0<\/span><br \/>\n<span style=\"color: #000080; font-family: verdana, geneva, sans-serif;\">\u2022 \u00a0D\u00e9velopper ses capacit\u00e9s \u00e0 comprendre des textes courts simples \u00e0 complexes (selon niveau et objectifs du candidat). \u00a0<\/span><br \/>\n<span style=\"color: #000080; font-family: verdana, geneva, sans-serif;\">\u2022 \u00a0Identifier des informations cl\u00e9s \u00e0 partir d\u2019enregistrements d\u2019\u00e9nonc\u00e9s et de dialogues. \u00a0<\/span><br \/>\n<span style=\"color: #000080; font-family: verdana, geneva, sans-serif;\">\u2022 \u00a0R\u00e9pondre sans h\u00e9sitation \u00e0 des questions pos\u00e9es \u00e0 l&rsquo;oral et en poser \u00e0 son interlocuteur. \u00a0<\/span><br \/>\n<span style=\"color: #000080; font-family: verdana, geneva, sans-serif;\">\u2022 \u00a0\u00c9changer des informations et entretenir un dialogue en situation professionnelle ou sp\u00e9cifique \u00e0 son m\u00e9tier. \u00a0<\/span><br \/>\n<span style=\"color: #000080; font-family: verdana, geneva, sans-serif;\">\u2022 \u00a0Discuter sur un sujet professionnel et tenir une conversation informelle.\u00a0<\/span><br \/>\n<span style=\"color: #000080; font-family: verdana, geneva, sans-serif;\">\u2022 \u00a0G\u00e9rer son stress avant la prise de parole en public ou lors d&rsquo;un entretien, d&rsquo;\u00e9changes t\u00e9l\u00e9phoniques et Visio. \u00a0<\/span><\/p>\n<p><span style=\"font-family: 'arial black', sans-serif; color: #000080;\"><span style=\"color: #000080; font-family: verdana, geneva, sans-serif;\">\u2022 <\/span><span style=\"color: #000080; font-family: verdana, geneva, sans-serif;\">\u00a0<\/span><span style=\"color: #000080; font-family: verdana, geneva, sans-serif;\">\u2022 \u00a0<\/span><span style=\"color: #000080; font-family: verdana, geneva, sans-serif;\">\u2022 \u00a0<\/span><span style=\"color: #000080; font-family: verdana, geneva, sans-serif;\">\u2022 \u00a0\u2022 \u00a0\u2022 \u00a0\u2022 \u00a0\u2022 \u00a0\u2022 \u00a0\u2022 \u00a0\u2022 \u00a0\u2022 \u00a0\u2022 \u00a0\u2022 \u00a0\u2022 \u00a0\u2022 \u00a0\u2022 \u00a0\u2022 \u00a0\u2022 \u00a0\u2022 \u00a0\u2022 \u00a0\u2022 \u00a0\u2022 \u00a0\u2022 \u00a0\u2022 \u00a0\u2022 \u00a0\u2022 \u00a0\u2022 \u00a0\u2022 \u2022 \u00a0\u2022 \u00a0\u2022 \u00a0\u2022 \u00a0\u2022 \u00a0\u2022 \u00a0\u2022 \u00a0\u2022 \u00a0\u2022 \u00a0\u2022 \u00a0\u2022 \u00a0\u2022 \u00a0\u2022 \u00a0\u2022\u00a0<\/span><\/span><br \/>\n<span style=\"color: #000080; font-family: verdana, geneva, sans-serif;\">\u2022<span style=\"font-family: 'arial black', sans-serif; color: #000080;\"> \u2022<\/span> \u2022<span style=\"font-family: 'arial black', sans-serif; color: #000080;\"> \u2022 MISE EN PRATIQUE ORALE EN CONTEXTE SITUATIONNEL \u2022 \u2022 \u2022 \u2022 <\/span><\/span><br \/>\n<span style=\"color: #000080; font-family: verdana, geneva, sans-serif;\"> \u2022<span style=\"font-family: 'arial black', sans-serif; color: #000080;\"> \u2022<\/span> \u00a0Faire connaissance avec ses coll\u00e8gues et maintenir des rapports conviviaux dans un langage informel. <\/span><br \/>\n<span style=\"color: #000080; font-family: verdana, geneva, sans-serif;\">\u2022<span style=\"font-family: 'arial black', sans-serif; color: #000080;\"> \u2022<\/span> \u00a0Se pr\u00e9senter, s&rsquo;adapter \u00e0 son nouvel environnement de travail et de vie (si d\u00e9localisation \u00e0 l&rsquo;\u00e9tranger). <\/span><br \/>\n<span style=\"color: #000080; font-family: verdana, geneva, sans-serif;\">\u2022 <span style=\"font-family: 'arial black', sans-serif; color: #000080;\"> \u2022 <\/span>\u00a0Accueillir un visiteur, le mettre \u00e0 l&rsquo;aise, lui pr\u00e9senter l&rsquo;entreprise, les produits et services, la hi\u00e9rarchie. <\/span><br \/>\n<span style=\"color: #000080; font-family: verdana, geneva, sans-serif;\">\u2022 <span style=\"font-family: 'arial black', sans-serif; color: #000080;\"> \u2022 <\/span>\u00a0Participer \u00e0 une r\u00e9union, faire une pr\u00e9sentation, n\u00e9gocier, pr\u00e9parer un salon et les d\u00e9placements. <\/span><br \/>\n<span style=\"color: #000080; font-family: verdana, geneva, sans-serif;\">\u2022 <span style=\"font-family: 'arial black', sans-serif; color: #000080;\"> \u2022 <\/span>\u00a0R\u00e9pondre \u00e0 une requ\u00eate, suivre un protocole et g\u00e9rer une situation difficile. \u00a0<\/span><br \/>\n<span style=\"color: #000080; font-family: verdana, geneva, sans-serif;\">\u2022<\/span><span style=\"font-family: 'arial black', sans-serif; color: #000080;\"> \u2022<\/span><span style=\"color: #000080; font-family: verdana, geneva, sans-serif;\"> \u00a0Maintenir le contact et <span style=\"caret-color: #000080;\">multiplier<\/span> les opportunit\u00e9s de rencontres et d&rsquo;affaires en langage formel. \u00a0 \u00a0<\/span><\/p>\n<p><img loading=\"lazy\" decoding=\"async\" class=\"alignnone size-medium wp-image-16591 aligncenter\" src=\"https:\/\/www.leslanguessansstress.fr\/wp-content\/uploads\/2024\/09\/CLOE-italien-bandeau1-300x83.jpg\" alt=\"\" width=\"300\" height=\"83\" srcset=\"https:\/\/www.leslanguessansstress.fr\/wp-content\/uploads\/2024\/09\/CLOE-italien-bandeau1-300x83.jpg 300w, https:\/\/www.leslanguessansstress.fr\/wp-content\/uploads\/2024\/09\/CLOE-italien-bandeau1-768x212.jpg 768w, https:\/\/www.leslanguessansstress.fr\/wp-content\/uploads\/2024\/09\/CLOE-italien-bandeau1.jpg 1000w\" sizes=\"auto, (max-width: 300px) 100vw, 300px\" \/><\/p>\n<h3 style=\"font-weight: 400;\"><span style=\"color: #008000; font-family: verdana, geneva, sans-serif; font-size: 24px;\">R\u00e9sultats attendus au test de certification en italien courant et professionnel<\/span><\/h3>\n<p><span style=\"font-family: verdana, geneva, sans-serif; color: #000080;\">Enregistrer une sensible progression entre l&rsquo;entr\u00e9e et la sortie de formation :<\/span><br \/>\n<span style=\"font-family: verdana, geneva, sans-serif; color: #000080;\">\u00a0&#8211; Mieux communiquer par \u00e9crit et avoir pris de l&rsquo;aisance \u00e0 l&rsquo;oral.\u00a0<\/span><br \/>\n<span style=\"font-family: verdana, geneva, sans-serif; color: #000080;\">\u00a0&#8211; Utiliser de nouvelles tournures et expressions adapt\u00e9es au contexte et \u00e0 l&rsquo;interlocuteur.<\/span><\/p>\n<p><strong><span style=\"font-family: verdana, geneva, sans-serif; color: #000080;\">Comp\u00e9tences attest\u00e9es :<\/span><\/strong><\/p>\n<p><span style=\"font-family: verdana, geneva, sans-serif; color: #000080;\">Analyser des \u00e9crits courts en identifiant les \u00e9l\u00e9ments langagiers cl\u00e9s et en tenant compte de leur exactitude afin d\u2019employer ces \u00e9l\u00e9ments dans des \u00e9crits courants et professionnels, et notamment en utilisant un vocabulaire courant ou professionnel adapt\u00e9 au contexte, en utilisant les principales structures grammaticales n\u00e9cessaires pour construire des phrases coh\u00e9rentes et de complexit\u00e9 vari\u00e9e, et en communiquant en situation courante ou professionnelle en employant les expressions adapt\u00e9es\u00a0\u00a0<\/span><\/p>\n<p><span style=\"font-family: verdana, geneva, sans-serif; color: #000080;\">Analyser des textes courts en identifiant les informations cl\u00e9s afin de les utiliser dans un contexte g\u00e9n\u00e9ral ou professionnel sp\u00e9cifique, et notamment en lisant un texte court et en en d\u00e9gageant le sens global et des d\u00e9tails sp\u00e9cifiques. en lisant un dialogue \u00e9crit ou un message et en en d\u00e9gageant le sens global et des d\u00e9tails sp\u00e9cifiques, et en lisant des instructions ou une s\u00e9rie d\u2019\u00e9v\u00e9nements et en en d\u00e9finissant l\u2019action \u00e0 prendre ou le r\u00e9sultat<\/span><\/p>\n<p><span style=\"font-family: verdana, geneva, sans-serif; color: #000080;\">Analyser des \u00e9nonc\u00e9s courts, des dialogues et des communications orales en identifiant les informations cl\u00e9s afin de les utiliser dans un contexte g\u00e9n\u00e9ral ou professionnel sp\u00e9cifique, et notamment en \u00e9coutant une annonce ou une information enregistr\u00e9e et en en d\u00e9gageant le sens global et des d\u00e9tails sp\u00e9cifiques, en \u00e9coutant un dialogue et en en d\u00e9gageant le sens global et des d\u00e9tails sp\u00e9cifiques, en \u00e9coutant une s\u00e9rie d\u2019instructions ou une pr\u00e9sentation et en d\u00e9finissant l\u2019action \u00e0 mener ou le r\u00e9sultat\u00a0 \u00a0\u00a0<\/span><\/p>\n<p><span style=\"font-family: verdana, geneva, sans-serif; color: #000080;\">Participer \u00e0 une communication orale avec un interlocuteur sur des sujets professionnels habituels ou sp\u00e9cifiques \u00e0 son m\u00e9tier, et notamment en comprenant un \u00e9nonc\u00e9, des instructions ou des questions d\u2019un interlocuteur, en employant un vocabulaire professionnel adapt\u00e9 \u00e0 la situation de communication, en faisant usage des principales structures grammaticales n\u00e9cessaires afin de construire des phrases coh\u00e9rentes et de complexit\u00e9 vari\u00e9e selon la situation, en communiquant de fa\u00e7on naturelle au sujet de son activit\u00e9, son exp\u00e9rience et ses projets afin de se faire comprendre avec une prononciation claire, en d\u00e9veloppant l\u2019interaction et le dialogue en situation professionnelle\u00a0<\/span><\/p>\n<p><img loading=\"lazy\" decoding=\"async\" class=\"alignnone size-medium wp-image-14157 aligncenter\" src=\"https:\/\/www.leslanguessansstress.fr\/wp-content\/uploads\/2022\/10\/Mon-compte-formation-CPF-les-langues-sans-stress-300x159.jpg\" alt=\"\" width=\"300\" height=\"159\" srcset=\"https:\/\/www.leslanguessansstress.fr\/wp-content\/uploads\/2022\/10\/Mon-compte-formation-CPF-les-langues-sans-stress-300x159.jpg 300w, https:\/\/www.leslanguessansstress.fr\/wp-content\/uploads\/2022\/10\/Mon-compte-formation-CPF-les-langues-sans-stress.jpg 646w\" sizes=\"auto, (max-width: 300px) 100vw, 300px\" \/><\/p>\n<h1 style=\"font-weight: 400;\"><span style=\"color: #008000; font-family: verdana, geneva, sans-serif; font-size: 24px;\">Activez votre budget CPF pour vous former \u00e0 l&rsquo;italien et certifier vos nouveaux acquis avec le test CLO\u00c9 d\u00e8s le niveau A2 d\u00e9butant<\/span><\/h1>\n<p><span style=\"font-family: verdana, geneva, sans-serif; color: #000080;\">Veuillez vous connecter \u00e0 votre interface MON COMPTE FORMATION pour v\u00e9rifier votre \u00e9ligibilit\u00e9 \u00e0 la formation CPF et actualiser le montant de vos droits. <\/span><\/p>\n<p><span style=\"font-family: verdana, geneva, sans-serif; color: #000080;\">A r\u00e9ception de votre demande d\u00e9taill\u00e9e, nous prendrons en compte votre niveau d&rsquo;entr\u00e9e en formation et vos objectifs pour personnaliser un programme \u00e0 votre profil d&rsquo;apprenant selon votre contexte professionnel.\u00a0<\/span><\/p>\n","protected":false},"excerpt":{"rendered":"<p>V-01Sept 2024 Formation certifiante en italien sans stress \u00e9ligible CPF INFO 2024-2026 certification CLO\u00c9 Objectifs<\/p>\n","protected":false},"author":1,"featured_media":16591,"comment_status":"closed","ping_status":"open","sticky":false,"template":"","format":"standard","meta":{"footnotes":""},"categories":[80],"tags":[575,574,430,668,526,626],"class_list":["post-16584","post","type-post","status-publish","format-standard","has-post-thumbnail","hentry","category-actualites","tag-certification","tag-cpf","tag-formation-professionnelle","tag-italien-des-affaires","tag-modalites","tag-test-cloe"],"_links":{"self":[{"href":"https:\/\/www.leslanguessansstress.fr\/index.php\/wp-json\/wp\/v2\/posts\/16584","targetHints":{"allow":["GET"]}}],"collection":[{"href":"https:\/\/www.leslanguessansstress.fr\/index.php\/wp-json\/wp\/v2\/posts"}],"about":[{"href":"https:\/\/www.leslanguessansstress.fr\/index.php\/wp-json\/wp\/v2\/types\/post"}],"author":[{"embeddable":true,"href":"https:\/\/www.leslanguessansstress.fr\/index.php\/wp-json\/wp\/v2\/users\/1"}],"replies":[{"embeddable":true,"href":"https:\/\/www.leslanguessansstress.fr\/index.php\/wp-json\/wp\/v2\/comments?post=16584"}],"version-history":[{"count":5,"href":"https:\/\/www.leslanguessansstress.fr\/index.php\/wp-json\/wp\/v2\/posts\/16584\/revisions"}],"predecessor-version":[{"id":17591,"href":"https:\/\/www.leslanguessansstress.fr\/index.php\/wp-json\/wp\/v2\/posts\/16584\/revisions\/17591"}],"wp:featuredmedia":[{"embeddable":true,"href":"https:\/\/www.leslanguessansstress.fr\/index.php\/wp-json\/wp\/v2\/media\/16591"}],"wp:attachment":[{"href":"https:\/\/www.leslanguessansstress.fr\/index.php\/wp-json\/wp\/v2\/media?parent=16584"}],"wp:term":[{"taxonomy":"category","embeddable":true,"href":"https:\/\/www.leslanguessansstress.fr\/index.php\/wp-json\/wp\/v2\/categories?post=16584"},{"taxonomy":"post_tag","embeddable":true,"href":"https:\/\/www.leslanguessansstress.fr\/index.php\/wp-json\/wp\/v2\/tags?post=16584"}],"curies":[{"name":"wp","href":"https:\/\/api.w.org\/{rel}","templated":true}]}}