{"id":16521,"date":"2025-01-26T15:11:01","date_gmt":"2025-01-26T14:11:01","guid":{"rendered":"https:\/\/www.leslanguessansstress.fr\/?p=16521"},"modified":"2025-01-27T17:45:38","modified_gmt":"2025-01-27T16:45:38","slug":"bilingue-anglais-espagnol-du-debutant-a1-a2","status":"publish","type":"post","link":"https:\/\/www.leslanguessansstress.fr\/index.php\/2025\/01\/26\/bilingue-anglais-espagnol-du-debutant-a1-a2\/","title":{"rendered":"Bilingue anglais espagnol du d\u00e9butant A1-A2-B1"},"content":{"rendered":"<div>\n<p><span style=\"color: #000080; font-family: verdana, geneva, sans-serif;\">Module ESADB-BZ-A2 \u00a0R\u00e9f FQ-BIGBESADB<\/span><\/p>\n<h1 style=\"font-weight: 400;\"><span style=\"font-family: verdana, geneva, sans-serif; color: #ff0000; font-size: 28px;\">Renforcement en anglais et initiation \u00e0 l&rsquo;espagnol pour la communication en entreprise \u00a0<\/span><\/h1>\n<p><span style=\"color: #000080; font-family: verdana, geneva, sans-serif;\">Module ludique de communication courante en anglais et espagnol accessible \u00e0 tout public.<\/span><br \/>\n<span style=\"color: #000080; font-family: verdana, geneva, sans-serif;\">Etude de cas et situations dans un cadre professionnel standard aux \u00e9changes quotidiens.<\/span><br \/>\n<span style=\"color: #000080; font-family: verdana, geneva, sans-serif;\">Ce module rentre dans n&rsquo;importe quel programme choisi standard ou personnalis\u00e9.\u00a0<\/span><\/p>\n<p>&nbsp;<\/p>\n<h2><strong><span style=\"color: #ff0000; font-family: verdana, geneva, sans-serif;\"><span style=\"font-size: 20px;\">Programme bilingue en langues sans stress <\/span><span style=\"caret-color: #ff0000; font-size: 20px;\">certifiante<\/span><span style=\"font-size: 20px;\"> au niveau Seuil<\/span><\/span><\/strong><\/h2>\n<p><span style=\"color: #000080; font-family: verdana, geneva, sans-serif;\"><strong>Objectif principal<\/strong> : fluidifier la communication orale et renforcer l&rsquo;\u00e9crit en anglais et en espagnol.<\/span><\/p>\n<p><span style=\"color: #000080; font-family: verdana, geneva, sans-serif;\"><strong>Pr\u00e9requis<\/strong> : avoir des bases suffisantes en anglais courant (niveau d\u00e9butant \u00e9l\u00e9mentaire A1\/A2) pour comprendre les situations et les explications simples et courtes. <\/span><br \/>\n<span style=\"color: #000080; font-family: verdana, geneva, sans-serif;\">Accepter de traduire de l&rsquo;anglais vers l&rsquo;espagnol et d&rsquo;utiliser le fran\u00e7ais qu&rsquo;en cas de blocage exceptionnel. <\/span><br \/>\n<span style=\"color: #000080; font-family: verdana, geneva, sans-serif;\">Si vous exigez de parler et traduire en fran\u00e7ais votre formation sera r\u00e9adapt\u00e9e pour un parcours standard fran\u00e7ais-espagnol. Cette d\u00e9marche peut engendrer des co\u00fbts suppl\u00e9mentaires.\u00a0<\/span><\/p>\n<p><span style=\"color: #000080;\"><img loading=\"lazy\" decoding=\"async\" class=\"alignnone size-full wp-image-3197 aligncenter\" src=\"https:\/\/www.leslanguessansstress.fr\/wp-content\/uploads\/2018\/10\/image-SP-GB-bilngual-hands-e1614711224380.png\" alt=\"\" width=\"170\" height=\"178\" \/><\/span><\/p>\n<h1 style=\"font-weight: 400;\"><span style=\"font-family: verdana, geneva, sans-serif; color: #ff0000; font-size: 28px;\">Formation professionnelle en espagnol accessible au d\u00e9butant et \u00e9ligible CPF*<\/span><\/h1>\n<p><span style=\"font-family: verdana, geneva, sans-serif; color: #000080;\"><strong>1)<\/strong> Vous avez quelques bases \u00e0 rafra\u00eechir en <strong><span style=\"color: #3366ff;\">anglais scolaire<\/span><\/strong> ou des expressions \u00e0 apprendre pour mieux vous entretenir en anglais, ou vous savez d\u00e9j\u00e0 l&rsquo;anglais : <strong><span style=\"color: #3366ff;\">c&rsquo;est parfait. <\/span><\/strong><\/span><br \/>\n<span style=\"font-family: verdana, geneva, sans-serif; color: #000080;\"><strong>2)<\/strong> Vous souhaitez pouvoir <strong><span style=\"color: #ff0000;\">communiquer de mani\u00e8re professionnelle<\/span><\/strong> en <strong><span style=\"color: #ff0000;\">espagnol du quotidien<\/span><\/strong> pour des \u00e9changes simples en entreprise entre coll\u00e8gues, avec la hi\u00e9rarchie et faire connaissance avec vos clients ou fournisseurs dans leur langue.<\/span><br \/>\n<span style=\"font-size: 16px;\"><span style=\"font-family: verdana, geneva, sans-serif; color: #000080;\"><span style=\"font-family: 'arial black', sans-serif;\">=&gt;<\/span><\/span><span style=\"font-family: verdana, geneva, sans-serif; color: #000080;\"> Ce Programme bilingue est con\u00e7u pour vous!<\/span><\/span><\/p>\n<p><span style=\"font-family: verdana, geneva, sans-serif; color: #ff0000; font-size: 24px;\">Ma\u00eetrisez l&rsquo;anglais et l&rsquo;espagnol gr\u00e2ce \u00e0 une pratique ludique ax\u00e9e sur vos besoins en double immersion !<\/span><\/p>\n<p><span style=\"font-family: verdana, geneva, sans-serif; color: #000080;\">Ce programme bilingue est simple et ludique. Il permet d&rsquo;<span style=\"text-decoration: underline;\">apprendre et r\u00e9viser sans efforts ni listes de vocabulaire<\/span><\/span><br \/>\n<span style=\"font-family: verdana, geneva, sans-serif; color: #000080;\">Vous apprenez des phrases, des mots, des expressions professionnelles et la grammaire pour construire les phrases par mim\u00e9tisme et r\u00e9p\u00e9tition selon vos besoins individuels. <\/span><\/p>\n<p><span style=\"font-family: verdana, geneva, sans-serif; color: #000080;\"><strong>3)<\/strong> Vous mettez en pratique vos connaissances \u00e0 l&rsquo;oral avec la formatrice en face-\u00e0-face ou pendant les ateliers de conversations et activit\u00e9s ludiques, selon les modalit\u00e9s choisies de votre parcours personnalis\u00e9.<\/span><\/p>\n<h2 style=\"font-weight: 400;\"><span style=\"font-family: verdana, geneva, sans-serif; color: #ff0000; font-size: 24px;\">Initiation \u00e0 l&rsquo;immersion double en anglais sans stress et espagnol courant\u00a0<\/span><\/h2>\n<p><span style=\"font-family: verdana, geneva, sans-serif; color: #000080;\">Chapitre 00 Se pr\u00e9senter<\/span><br \/>\n<span style=\"font-family: verdana, geneva, sans-serif; color: #000080;\">Chapitre 01 Comprendre un horaire et donner l&rsquo;heure<\/span><br \/>\n<span style=\"font-family: verdana, geneva, sans-serif; color: #000080;\">Chapitre 02 Pr\u00e9senter une personne<\/span><br \/>\n<span style=\"font-family: verdana, geneva, sans-serif; color: #000080;\">Chapitre 03 De l&rsquo;anglais \u00e0 l&rsquo;espagnol en contexte<\/span><br \/>\n<span style=\"font-family: verdana, geneva, sans-serif; color: #000080;\">Chapitre 04 Se pr\u00e9senter dans un cadre professionnel<\/span><br \/>\n<span style=\"font-family: verdana, geneva, sans-serif; color: #000080;\">Chapitre 05 Pr\u00e9senter quelqu&rsquo;un d&rsquo;autre dans un cadre professionnel<\/span><br \/>\n<span style=\"font-family: verdana, geneva, sans-serif; color: #000080;\">Chapitre 06 Parler de son travail<\/span><br \/>\n<span style=\"font-family: verdana, geneva, sans-serif; color: #000080;\">Chapitre 07 Exprimer ses opinions et ses pr\u00e9occupations au travail<\/span><br \/>\n<span style=\"font-family: verdana, geneva, sans-serif; color: #000080;\">Chapitre 08 Discuter de son travail avec ses coll\u00e8gues<\/span><br \/>\n<span style=\"font-family: verdana, geneva, sans-serif; color: #000080;\">Chapitre 09 Se plaindre au travail\u00a0<\/span><br \/>\n<span style=\"font-family: verdana, geneva, sans-serif; color: #000080;\">Chapitre 10 Mentionner quitter le bureau plus t\u00f4t<\/span><br \/>\n<span style=\"font-family: verdana, geneva, sans-serif; color: #000080;\">Chapitre 11 Organiser une r\u00e9union<\/span><br \/>\n<span style=\"font-family: verdana, geneva, sans-serif; color: #000080;\">Chapitre 12 Voyager pour affaires dans un pays hispanophone<\/span><br \/>\n<span style=\"font-family: verdana, geneva, sans-serif; color: #000080;\">Chapitre 13 Obtenir des indications<\/span><br \/>\n<span style=\"font-family: verdana, geneva, sans-serif; color: #000080;\">Chapitre 14 D\u00e9jeuner avec un coll\u00e8gue hispanophone<\/span><br \/>\n<span style=\"font-family: verdana, geneva, sans-serif; color: #000080;\">Chapitre 15 Demander des informations sur le r\u00e8glement int\u00e9rieur<\/span><br \/>\n<span style=\"font-family: verdana, geneva, sans-serif; color: #000080;\">Chapitre 16 Demander de l&rsquo;aide \u00e0 un coll\u00e8gue<\/span><br \/>\n<span style=\"font-family: verdana, geneva, sans-serif; color: #000080;\">Chapitre 17 Passer un appel professionnel<\/span><br \/>\n<span style=\"font-family: verdana, geneva, sans-serif; color: #000080;\">Chapitre 18 S&rsquo;excuser dans un contexte professionnel<\/span><br \/>\n<span style=\"font-family: verdana, geneva, sans-serif; color: #000080;\">Chapitre 19 Transmettre un message t\u00e9l\u00e9phonique\u00a0<\/span><br \/>\n<span style=\"font-family: verdana, geneva, sans-serif; color: #000080;\">Chapitre 20 Demander des cong\u00e9s au travail<\/span><br \/>\n<span style=\"font-family: verdana, geneva, sans-serif; color: #000080;\">Chapitre 21 Faire des suggestions\u00a0<\/span><br \/>\n<span style=\"font-family: verdana, geneva, sans-serif; color: #000080;\">Chapitre 22 Pr\u00e9senter un nouveau produit<\/span><br \/>\n<span style=\"font-family: verdana, geneva, sans-serif; color: #000080;\">Chapitre 23 Assister \u00e0 un entretien d&#8217;embauche<\/span><br \/>\n<span style=\"font-family: verdana, geneva, sans-serif; color: #000080;\">Chapitre 24 Donner son avis<\/span><\/p>\n<p><img loading=\"lazy\" decoding=\"async\" class=\"size-medium wp-image-14383 aligncenter\" src=\"https:\/\/www.leslanguessansstress.fr\/wp-content\/uploads\/2022\/10\/QUALIOPI-action-de-formation-renouvele\u0301-20221009-Les-langues-sans-stress--300x193.jpg\" alt=\"\" width=\"300\" height=\"193\" srcset=\"https:\/\/www.leslanguessansstress.fr\/wp-content\/uploads\/2022\/10\/QUALIOPI-action-de-formation-renouvele\u0301-20221009-Les-langues-sans-stress--300x193.jpg 300w, https:\/\/www.leslanguessansstress.fr\/wp-content\/uploads\/2022\/10\/QUALIOPI-action-de-formation-renouvele\u0301-20221009-Les-langues-sans-stress--1024x660.jpg 1024w, https:\/\/www.leslanguessansstress.fr\/wp-content\/uploads\/2022\/10\/QUALIOPI-action-de-formation-renouvele\u0301-20221009-Les-langues-sans-stress--768x495.jpg 768w, https:\/\/www.leslanguessansstress.fr\/wp-content\/uploads\/2022\/10\/QUALIOPI-action-de-formation-renouvele\u0301-20221009-Les-langues-sans-stress-.jpg 1504w\" sizes=\"auto, (max-width: 300px) 100vw, 300px\" \/><\/p>\n<h2 style=\"font-weight: 400;\"><span style=\"font-family: verdana, geneva, sans-serif; color: #ff0000; font-size: 24px;\">Th\u00e8mes professionnels pour le d\u00e9butant en espagnol sans stress<\/span><\/h2>\n<p><span style=\"font-family: verdana, geneva, sans-serif; color: #000080;\">Chapitre 00 Introduction cours bilingue anglais espagnol d\u00e9butant A1-A2<\/span><br \/>\n<span style=\"font-family: verdana, geneva, sans-serif; color: #000080;\">Chapitre 01 R\u00e9vision \u00e9l\u00e9mentaire en anglais et premi\u00e8res notions d&rsquo;espagnol<\/span><br \/>\n<span style=\"font-family: verdana, geneva, sans-serif; color: #000080;\">Chapitre 02 Introduction prononciation et accentuation des mots<\/span><br \/>\n<span style=\"font-family: verdana, geneva, sans-serif; color: #000080;\">Chapitre 03 De l&rsquo;anglais \u00e0 l&rsquo;espagnol en contexte<\/span><br \/>\n<span style=\"font-family: verdana, geneva, sans-serif; color: #000080;\">Chapitre 04 Se pr\u00e9senter dans un cadre professionnel<\/span><br \/>\n<span style=\"font-family: verdana, geneva, sans-serif; color: #000080;\">Chapitre 05 Pr\u00e9senter quelqu&rsquo;un d&rsquo;autre dans un cadre professionnel<\/span><br \/>\n<span style=\"font-family: verdana, geneva, sans-serif; color: #000080;\">Chapitre 06 Parler de son travail<\/span><br \/>\n<span style=\"font-family: verdana, geneva, sans-serif; color: #000080;\">Chapitre 07 Exprimer ses opinions et ses pr\u00e9occupations au travail<\/span><br \/>\n<span style=\"font-family: verdana, geneva, sans-serif; color: #000080;\">Chapitre 08 Discuter de son travail avec ses coll\u00e8gues<\/span><br \/>\n<span style=\"font-family: verdana, geneva, sans-serif; color: #000080;\">Chapitre 09 Se plaindre au travail\u00a0<\/span><br \/>\n<span style=\"font-family: verdana, geneva, sans-serif; color: #000080;\">Chapitre 10 Mentionner quitter le bureau plus t\u00f4t<\/span><br \/>\n<span style=\"font-family: verdana, geneva, sans-serif; color: #000080;\">Chapitre 11 Organiser une r\u00e9union<\/span><br \/>\n<span style=\"font-family: verdana, geneva, sans-serif; color: #000080;\">Chapitre 12 Voyager pour affaires dans un pays hispanophone<\/span><br \/>\n<span style=\"font-family: verdana, geneva, sans-serif; color: #000080;\">Chapitre 13 Obtenir des indications<\/span><br \/>\n<span style=\"font-family: verdana, geneva, sans-serif; color: #000080;\">Chapitre 14 D\u00e9jeuner avec un coll\u00e8gue hispanophone<\/span><br \/>\n<span style=\"font-family: verdana, geneva, sans-serif; color: #000080;\">Chapitre 15 Demander des informations sur le r\u00e8glement int\u00e9rieur<\/span><br \/>\n<span style=\"font-family: verdana, geneva, sans-serif; color: #000080;\">Chapitre 16 Demander de l&rsquo;aide \u00e0 un coll\u00e8gue<\/span><br \/>\n<span style=\"font-family: verdana, geneva, sans-serif; color: #000080;\">Chapitre 17 Passer un appel professionnel<\/span><br \/>\n<span style=\"font-family: verdana, geneva, sans-serif; color: #000080;\">Chapitre 18 S&rsquo;excuser dans un contexte professionnel<\/span><br \/>\n<span style=\"font-family: verdana, geneva, sans-serif; color: #000080;\">Chapitre 19 Transmettre un message t\u00e9l\u00e9phonique\u00a0<\/span><br \/>\n<span style=\"font-family: verdana, geneva, sans-serif; color: #000080;\">Chapitre 20 Demander des cong\u00e9s au travail<\/span><br \/>\n<span style=\"font-family: verdana, geneva, sans-serif; color: #000080;\">Chapitre 21 Faire des suggestions\u00a0<\/span><br \/>\n<span style=\"font-family: verdana, geneva, sans-serif; color: #000080;\">Chapitre 22 Pr\u00e9senter un nouveau produit<\/span><br \/>\n<span style=\"font-family: verdana, geneva, sans-serif; color: #000080;\">Chapitre 23 Assister \u00e0 un entretien d&#8217;embauche<\/span><br \/>\n<span style=\"font-family: verdana, geneva, sans-serif; color: #000080;\">Chapitre 24 Donner son avis<\/span><br \/>\n<span style=\"font-family: verdana, geneva, sans-serif; color: #000080;\">Chapitre 25 Comprendre une publicit\u00e9<\/span><br \/>\n<span style=\"font-family: verdana, geneva, sans-serif; color: #000080;\">Chapitre 26 Laisser un message t\u00e9l\u00e9phonique<\/span><br \/>\n<span style=\"font-family: verdana, geneva, sans-serif; color: #000080;\">Chapitre 27 Donner et recevoir des instructions\u00a0<\/span><br \/>\n<span style=\"font-family: verdana, geneva, sans-serif; color: #000080;\">Chapitre 28 Faire une pr\u00e9sentation commerciale \u00a0<\/span><br \/>\n<span style=\"font-family: verdana, geneva, sans-serif; color: #000080;\">Chapitre 29 D\u00e9velopper le lexique des expressions professionnelles<\/span><br \/>\n<span style=\"font-family: verdana, geneva, sans-serif; color: #000080;\">Chapitre 30 R\u00e9visions et pr\u00e9paration au TEST de certification selon option choisie.<\/span><\/p>\n<\/div>\n<div>\n<h1 style=\"font-weight: 400;\"><span style=\"font-family: verdana, geneva, sans-serif; color: #ff0000; font-size: 24px;\">Grammaire espagnole en contexte professionnel pour le d\u00e9butant\u00a0<\/span><\/h1>\n<div>\n<p><span style=\"font-family: verdana, geneva, sans-serif; color: #000080;\">Les structures et la construction de la phrase espagnole sont pr\u00e9sent\u00e9es au fur et \u00e0 mesure des le\u00e7ons et travaill\u00e9es selon les besoins d\u00e9cel\u00e9s par le diagnostic initial et pendant la mise en pratique des acquis avec la formatrice en pr\u00e9sentiel. Exemples sur une base bilingue anglais-espagnol avec explications en fran\u00e7ais si n\u00e9cessaire. <\/span><\/p>\n<\/div>\n<p>&nbsp;<\/p>\n<p><img loading=\"lazy\" decoding=\"async\" class=\"alignnone size-medium wp-image-14157 aligncenter\" src=\"https:\/\/www.leslanguessansstress.fr\/wp-content\/uploads\/2022\/10\/Mon-compte-formation-CPF-les-langues-sans-stress-300x159.jpg\" alt=\"\" width=\"300\" height=\"159\" srcset=\"https:\/\/www.leslanguessansstress.fr\/wp-content\/uploads\/2022\/10\/Mon-compte-formation-CPF-les-langues-sans-stress-300x159.jpg 300w, https:\/\/www.leslanguessansstress.fr\/wp-content\/uploads\/2022\/10\/Mon-compte-formation-CPF-les-langues-sans-stress.jpg 646w\" sizes=\"auto, (max-width: 300px) 100vw, 300px\" \/><\/p>\n<h2 style=\"font-weight: 400;\"><span style=\"font-family: verdana, geneva, sans-serif; color: #ff0000; font-size: 28px;\">Programme d&rsquo;espagnol professionnel \u00e9ligible CPF\u00a0<\/span><\/h2>\n<p><span style=\"font-family: verdana, geneva, sans-serif; color: #000080;\">Pour b\u00e9n\u00e9ficier du financement CPF partiel ou entier de votre formation, vous devez accepter de pr\u00e9parer et de passer le test de certification niveau seuil A2 ou plus au 2\/3 de la formation, niveau d&rsquo;entr\u00e9e pr\u00e9requis A1 &#8211; modalit\u00e9 obligatoire MON COMPTE FORMATION &#8211; puis d&rsquo;am\u00e9liorer vos connaissances en mettant en place l&rsquo;autocorrection selon besoins d\u00e9cel\u00e9s par la formatrice et les r\u00e9sultats du test.<\/span><\/p>\n<h3 style=\"font-weight: 400;\"><strong><span style=\"font-size: 16px; color: #000080;\"><span style=\"font-family: verdana, geneva, sans-serif;\">Pas de CPF?\u00a0<\/span><\/span><\/strong><br \/>\n<strong><span style=\"font-family: verdana, geneva, sans-serif; color: #000080; font-size: 16px;\">Il existe d&rsquo;autres moyens de financer votre formation. <\/span><\/strong><\/h3>\n<p><span style=\"font-family: verdana, geneva, sans-serif; color: #000080;\">Vous n&rsquo;avez pas acc\u00e8s au financement CPF ou tr\u00e8s peu de budget \u00e9pargn\u00e9 ?<\/span><br \/>\n<span style=\"font-family: verdana, geneva, sans-serif; color: #000080;\">Contactez-nous avec un maximum d&rsquo;\u00e9l\u00e9ments pour trouver la solution \u00e0 votre situation individuelle et faire de votre projet une r\u00e9alit\u00e9.<\/span><\/p>\n<p><img loading=\"lazy\" decoding=\"async\" class=\"alignnone size-medium wp-image-16444 aligncenter\" src=\"https:\/\/www.leslanguessansstress.fr\/wp-content\/uploads\/2024\/08\/20240828-charte-de-deontologie-Qualiopi--300x271.jpg\" alt=\"\" width=\"300\" height=\"271\" srcset=\"https:\/\/www.leslanguessansstress.fr\/wp-content\/uploads\/2024\/08\/20240828-charte-de-deontologie-Qualiopi--300x271.jpg 300w, https:\/\/www.leslanguessansstress.fr\/wp-content\/uploads\/2024\/08\/20240828-charte-de-deontologie-Qualiopi-.jpg 370w\" sizes=\"auto, (max-width: 300px) 100vw, 300px\" \/><\/p>\n<\/div>\n","protected":false},"excerpt":{"rendered":"<p>Module ESADB-BZ-A2 \u00a0R\u00e9f FQ-BIGBESADB Renforcement en anglais et initiation \u00e0 l&rsquo;espagnol pour la communication en<\/p>\n","protected":false},"author":1,"featured_media":10789,"comment_status":"closed","ping_status":"open","sticky":false,"template":"","format":"standard","meta":{"footnotes":""},"categories":[80,127,153,148,432,371],"tags":[663,594,575,574,724,430,386,470,460,370],"class_list":["post-16521","post","type-post","status-publish","format-standard","has-post-thumbnail","hentry","category-actualites","category-anglais","category-bilingue","category-espagnol","category-langues","category-programme","tag-anglais-espagnol","tag-bilingue","tag-certification","tag-cpf","tag-double-immersion-ludique","tag-formation-professionnelle","tag-initiation","tag-langue-courante-du-quotidien","tag-programme","tag-remise-a-niveau"],"_links":{"self":[{"href":"https:\/\/www.leslanguessansstress.fr\/index.php\/wp-json\/wp\/v2\/posts\/16521","targetHints":{"allow":["GET"]}}],"collection":[{"href":"https:\/\/www.leslanguessansstress.fr\/index.php\/wp-json\/wp\/v2\/posts"}],"about":[{"href":"https:\/\/www.leslanguessansstress.fr\/index.php\/wp-json\/wp\/v2\/types\/post"}],"author":[{"embeddable":true,"href":"https:\/\/www.leslanguessansstress.fr\/index.php\/wp-json\/wp\/v2\/users\/1"}],"replies":[{"embeddable":true,"href":"https:\/\/www.leslanguessansstress.fr\/index.php\/wp-json\/wp\/v2\/comments?post=16521"}],"version-history":[{"count":7,"href":"https:\/\/www.leslanguessansstress.fr\/index.php\/wp-json\/wp\/v2\/posts\/16521\/revisions"}],"predecessor-version":[{"id":17428,"href":"https:\/\/www.leslanguessansstress.fr\/index.php\/wp-json\/wp\/v2\/posts\/16521\/revisions\/17428"}],"wp:featuredmedia":[{"embeddable":true,"href":"https:\/\/www.leslanguessansstress.fr\/index.php\/wp-json\/wp\/v2\/media\/10789"}],"wp:attachment":[{"href":"https:\/\/www.leslanguessansstress.fr\/index.php\/wp-json\/wp\/v2\/media?parent=16521"}],"wp:term":[{"taxonomy":"category","embeddable":true,"href":"https:\/\/www.leslanguessansstress.fr\/index.php\/wp-json\/wp\/v2\/categories?post=16521"},{"taxonomy":"post_tag","embeddable":true,"href":"https:\/\/www.leslanguessansstress.fr\/index.php\/wp-json\/wp\/v2\/tags?post=16521"}],"curies":[{"name":"wp","href":"https:\/\/api.w.org\/{rel}","templated":true}]}}