{"id":16498,"date":"2024-09-02T20:06:28","date_gmt":"2024-09-02T18:06:28","guid":{"rendered":"https:\/\/www.leslanguessansstress.fr\/?p=16498"},"modified":"2024-09-12T14:38:15","modified_gmt":"2024-09-12T12:38:15","slug":"preparation-au-certificat-cloe-f-l-e","status":"publish","type":"post","link":"https:\/\/www.leslanguessansstress.fr\/index.php\/2024\/09\/02\/preparation-au-certificat-cloe-f-l-e\/","title":{"rendered":"Pr\u00e9paration au certificat CLO\u00c9 F.L.E.  ="},"content":{"rendered":"<h2 style=\"font-weight: 400;\"><span style=\"font-family: verdana, geneva, sans-serif; color: #0000ff; font-size: 24px;\">Formation visant la certification CLO\u00c9 en Fran\u00e7ais Langue Etrang\u00e8re (FLE) \u00e9ligible au financement CPF sans stress<\/span><\/h2>\n<h1 style=\"font-weight: 400;\"><span style=\"font-family: verdana, geneva, sans-serif; color: #000080; font-size: 20px;\"><span style=\"color: #0000ff;\">\u2665 <\/span>Compr\u00e9hension et expression orales en <span style=\"color: #0000ff;\">FLE sous hypnose<\/span> pour qui le souhaite.\u00a0<\/span><\/h1>\n<p><span style=\"color: #000080;\"><strong><span style=\"font-family: verdana, geneva, sans-serif;\">BESOINS DU STAGIAIRE\u00a0<\/span><\/strong><\/span><\/p>\n<ol>\n<li><span style=\"color: #000080; font-family: verdana, geneva, sans-serif;\"><span style=\"caret-color: #000080;\">Initiation\/remise \u00e0 niveau, renforcement en communication\u00a0<\/span><\/span><\/li>\n<li><span style=\"color: #000080; font-family: verdana, geneva, sans-serif;\">Perfectionnement et \u00e9largissement des comp\u00e9tences \u00a0<\/span><\/li>\n<li><span style=\"color: #000080; font-family: verdana, geneva, sans-serif;\">Pr\u00e9paration au format des questions du test de Certification\u00a0<\/span><\/li>\n<\/ol>\n<div class=\"elementor-element elementor-element-a25ddbd elementor-widget elementor-widget-heading\" data-id=\"a25ddbd\" data-element_type=\"widget\" data-widget_type=\"heading.default\">\n<div class=\"elementor-widget-container\">\n<div class=\"elementor-element elementor-element-aa85299 elementor-icon-list--layout-traditional elementor-list-item-link-full_width elementor-widget elementor-widget-icon-list\" data-id=\"aa85299\" data-element_type=\"widget\" data-widget_type=\"icon-list.default\">\n<div class=\"elementor-widget-container\">\n<h2 style=\"font-weight: 400;\"><span style=\"font-family: verdana, geneva, sans-serif; color: #0000ff;\">Objectifs et contexte de la certification CLO\u00c9 FLE sans stress finan\u00e7able par le CPF<\/span><\/h2>\n<\/div>\n<\/div>\n<div class=\"elementor-element elementor-element-89780d9 elementor-widget elementor-widget-text-editor\" data-id=\"89780d9\" data-element_type=\"widget\" data-widget_type=\"text-editor.default\">\n<div class=\"elementor-widget-container\">\n<div class=\"panel panel-default\">\n<div id=\"collapseTwo\" class=\"panel-collapse collapse show\" role=\"tabpanel\" aria-labelledby=\"headingTwo\">\n<div class=\"panel-body\">\n<p class=\"title\"><span style=\"color: #000080; font-family: verdana, geneva, sans-serif; font-size: 16px;\"> &#8211; Identifier et utiliser un vocabulaire adapt\u00e9 au contexte<\/span><br \/>\n<span style=\"color: #000080; font-family: verdana, geneva, sans-serif; font-size: 16px;\">&#8211; Utiliser les principales structures grammaticales n\u00e9cessaires pour construire des phrases coh\u00e9rentes et de complexit\u00e9 vari\u00e9e <\/span><span style=\"color: #000080; font-family: verdana, geneva, sans-serif; font-size: 16px;\">&#8211; Comprendre un court texte et en d\u00e9gager le sens global et des d\u00e9tails sp\u00e9cifiques <\/span><span style=\"color: #000080; font-family: verdana, geneva, sans-serif; font-size: 16px;\">&#8211; Comprendre un \u00e9nonc\u00e9, des instructions ou les questions d\u2019un interlocuteur <\/span><br \/>\n<span style=\"color: #000080; font-family: verdana, geneva, sans-serif; font-size: 16px;\"> &#8211; Communiquer en situation socioprofessionnelle, professionnelle ou sp\u00e9cifique \u00e0 son activit\u00e9 en employant les expressions adapt\u00e9es <\/span><br \/>\n<span style=\"color: #000080; font-family: verdana, geneva, sans-serif; font-size: 16px;\"> &#8211; Tenir une discussion sur un sujet professionnel <\/span><br \/>\n<span style=\"color: #000080; font-family: verdana, geneva, sans-serif; font-size: 16px;\"> &#8211; Communiquer de fa\u00e7on naturelle et d\u00e9velopper l\u2019interaction orale <\/span><span style=\"color: #000080; font-family: verdana, geneva, sans-serif; font-size: 16px;\"> &#8211; Se faire comprendre avec une prononciation claire <\/span> <span style=\"color: #000080; font-family: verdana, geneva, sans-serif; font-size: 16px;\">&#8211; \u00c9valuer et certifier le niveau de ma\u00eetrise de la langue \u00e9crite et d&rsquo;interaction orale en situations de communication professionnelles, socioprofessionnelles ou sp\u00e9cifiques \u00e0 un domaine d\u2019activit\u00e9. <\/span><\/p>\n<h2 style=\"font-weight: 400;\"><span style=\"font-family: verdana, geneva, sans-serif; color: #0000ff;\">Contenu personnalisable de la pr\u00e9paration au test de certification CLO\u00c9 FLE<\/span><\/h2>\n<p class=\"title\"><span style=\"color: #000080; font-family: verdana, geneva, sans-serif; font-size: 16px;\">Le contenu de la formation est en ad\u00e9quation avec le titre et les objectifs de la formation. Il permet de d\u00e9velopper l\u2019ensemble des comp\u00e9tences orales et \u00e9crites \u00e9valu\u00e9es par la Certification CLOE et valider un niveau A2 ou sup\u00e9rieur, selon l\u2019objectif de la formation. Nous proposons plusieurs programmes \u00e0 d\u00e9couvrir au fil des pages sur notre site internet ou sur simple demande.<\/span><\/p>\n<p class=\"title\"><span style=\"color: #000080; font-family: verdana, geneva, sans-serif; font-size: 16px;\">Le candidat est invit\u00e9 \u00e0 nous pr\u00e9senter son projet afin de recevoir un programme personnalis\u00e9 \u00e0 son niveau, besoins d\u00e9cel\u00e9s et objectifs de certification.<\/span><\/p>\n<p><span style=\"font-family: verdana, geneva, sans-serif; color: #000080;\">Les th\u00e8mes pr\u00e9sent\u00e9s sont variables et de difficult\u00e9 croissante entre les niveaux A1 et C2.<\/span><br \/>\n<span style=\"font-family: verdana, geneva, sans-serif; color: #000080;\">Accompagnement personnalis\u00e9 avec des ressources sp\u00e9cifiques \u00e0 la gestion du stress et prise de confiance, l\u00e2cher-prise pour sortir de sa zone de confort pendant l\u2019apprentissage d\u2019une langue, se concentrer, prendre de l\u2019assurance lors des prises de parole\u2026<\/span><br \/>\n<span style=\"font-family: verdana, geneva, sans-serif; color: #000080;\">D\u00e9veloppement de la grammaire adapt\u00e9e \u00e0 vos besoins et travaill\u00e9e en contexte.<\/span><br \/>\n<span style=\"font-family: verdana, geneva, sans-serif; color: #000080;\">Extension du lexique courant et professionnel des \u00e9changes intra et extra entreprises.<\/span><br \/>\n<span style=\"font-family: verdana, geneva, sans-serif; color: #000080;\">PRATIQUE ORALE des dialogues immersifs en contexte :<\/span><\/p>\n<p><span style=\"font-family: verdana, geneva, sans-serif; color: #000080;\">&#8211; Se pr\u00e9senter, rechercher un emploi, CV, entretien, pr\u00e9sentation.<\/span><br \/>\n<span style=\"font-family: verdana, geneva, sans-serif; color: #000080;\">&#8211; L&rsquo;accueil d\u2019un visiteur, visites de l\u2019entreprise et pr\u00e9sentations diverses.<\/span><br \/>\n<span style=\"font-family: verdana, geneva, sans-serif; color: #000080;\">&#8211; L&rsquo;entreprise : environnement, pass\u00e9, projets, produits et services.<\/span><br \/>\n<span style=\"font-family: verdana, geneva, sans-serif; color: #000080;\">&#8211; La communication \u00e9crite et orale en entreprise.<\/span><br \/>\n<span style=\"font-family: verdana, geneva, sans-serif; color: #000080;\">&#8211; Les \u00e9changes t\u00e9l\u00e9phoniques et l\u2019interaction en Visio.<\/span><br \/>\n<span style=\"font-family: verdana, geneva, sans-serif; color: #000080;\">&#8211; Produire des documents administratifs et emails courts.<\/span><br \/>\n<span style=\"font-family: verdana, geneva, sans-serif; color: #000080;\">&#8211; Faire une pr\u00e9sentation et participer activement en r\u00e9union.<\/span><br \/>\n<span style=\"font-family: verdana, geneva, sans-serif; color: #000080;\">&#8211; N\u00e9gocier et s&rsquo;investir dans des \u00e9changes commerciaux.<\/span><br \/>\n<span style=\"font-family: verdana, geneva, sans-serif; color: #000080;\">&#8211; Se pr\u00e9parer aux d\u00e9placements et rencontres \u00e0 l&rsquo;\u00e9tranger.<\/span><br \/>\n<span style=\"font-family: verdana, geneva, sans-serif; color: #000080;\">&#8211; G\u00e9rer une situation difficile, proposer des solutions.<\/span><br \/>\n<span style=\"font-family: verdana, geneva, sans-serif; color: #000080;\">&#8211; Quelques th\u00e8mes libres selon vos besoins individuels.<\/span><\/p>\n<div class=\"txt\">\n<p><span style=\"color: #0000ff;\"><strong><span style=\"font-family: verdana, geneva, sans-serif;\">PR\u00c9 REQUIS A1 COURANT ET PROFESSIONNEL (FAUX D\u00c9BUTANT)<\/span><\/strong><\/span><\/p>\n<p><span style=\"color: #000080; font-family: verdana, geneva, sans-serif;\">A1 faux d\u00e9butant avec quelques connaissances de la grammaire et du vocabulaire de base. <\/span><br \/>\n<span style=\"color: #000080; font-family: verdana, geneva, sans-serif;\">Si votre niveau est vrai d\u00e9butant (A0-A1) sans aucune connaissance, nous vous proposons un module double d&rsquo;initiation + d\u00e9butant pour atteindre le niveau SEUIL A2.<\/span><br \/>\n<span style=\"color: #000080; font-family: verdana, geneva, sans-serif;\">Votre parcours sera nettement plus dense ou plus long : p<\/span><span style=\"color: #000080; font-family: verdana, geneva, sans-serif;\">ensez \u00e0 pr\u00e9voir le temps n\u00e9cessaire \u00e0 apprendre les bases, c&rsquo;est une \u00e9tape importante dans la construction des phrases n\u00e9cessaires \u00e0 la communication courante au quotidien.<\/span><\/p>\n<p><span style=\"color: #0000ff;\"><strong><span style=\"font-family: verdana, geneva, sans-serif;\">VOIE D&rsquo;ACC\u00c8S \u00c0 LA CERTIFICATION FLE COURANT ET PROFESSIONNEL\u00a0<\/span><\/strong><\/span><\/p>\n<p><span style=\"font-family: verdana, geneva, sans-serif; color: #000080;\">Le candidat au test Clo\u00e9 doit avoir suivi un parcours de formation orient\u00e9 test de certification dans la langue cible. <\/span><br \/>\n<span style=\"font-family: verdana, geneva, sans-serif; color: #000080;\">Le parcours pr\u00e9sente des cours orient\u00e9s communication \u00e9crite et orale, ainsi qu&rsquo;un entrainement \u00e0 l&rsquo;interaction face-\u00e0-face.<\/span><\/p>\n<h3><a href=\"https:\/\/www.francecompetences.fr\/recherche\/rs\/6438\/\" target=\"_blank\" rel=\"noopener\"><span style=\"font-family: verdana, geneva, sans-serif; color: #333399;\">L&rsquo;essentiel de la certification Clo\u00e9 FLE sur France Comp\u00e9tences<\/span><\/a><\/h3>\n<p><span style=\"font-family: verdana, geneva, sans-serif; color: #000080;\">Code(s) NSF 136 : Code(s) NSF 136 : Langues vivantes, civilisations \u00e9trang\u00e8res et r\u00e9gionales<br \/>\nFormacode 15235 : Fran\u00e7ais langue \u00e9trang\u00e8re<br \/>\nDate d\u2019\u00e9ch\u00e9ance de l\u2019enregistrement : 15-11-2026<br \/>\n<\/span><\/p>\n<p><strong><span style=\"font-family: verdana, geneva, sans-serif; color: #000080;\">DUR\u00c9E <\/span><\/strong><\/p>\n<div class=\"csh-article-content-header\" role=\"heading\">\n<h2 style=\"font-weight: 400;\"><span style=\"font-family: verdana, geneva, sans-serif; color: #0000ff; font-size: 24px;\">Combien de temps faut-il g\u00e9n\u00e9ralement pour se pr\u00e9parer \u00e0 l&rsquo;examen CLOE FLE ?<\/span><\/h2>\n<p class=\"csh-font-sans-bold\"><span style=\"color: #000080; font-family: verdana, geneva, sans-serif; font-size: 16px;\">Nous personnalisons votre parcours pour qu&rsquo;il corresponde \u00e0 vos besoins diagnostiqu\u00e9s en d\u00e9but de formation et \u00e0 vos contraintes personnelles \u00e0 nous transmettre au plus t\u00f4t dans cette d\u00e9marche d&rsquo;adaptation individuelle du programme en dur\u00e9e, ressources et niveaux.<\/span><\/p>\n<\/div>\n<div class=\"csh-article-content-text csh-article-content-text-large\" role=\"article\"><span style=\"color: #000080; font-family: verdana, geneva, sans-serif;\">Les dur\u00e9es de formation peuvent varier en fonction de votre niveau initial et votre objectif, mais surtout de votre assiduit\u00e9 \u00e0 apprendre et r\u00e9viser entre les entretiens ou ateliers pr\u00e9sentiels.<\/span><\/div>\n<div class=\"csh-article-content-text csh-article-content-text-large\" role=\"article\"><span style=\"color: #000080; font-family: verdana, geneva, sans-serif;\"><span class=\"csh-markdown csh-markdown-bold csh-font-sans-medium\">Nous pr\u00e9conisons un accompagnement pr\u00e9sentiel d&rsquo;une dur\u00e9e minimale de \u00a0: <\/span><\/span><\/div>\n<ol>\n<li class=\"csh-article-content-text csh-article-content-text-large\" role=\"article\"><span style=\"color: #000080; font-family: verdana, geneva, sans-serif;\"><span class=\"csh-markdown csh-markdown-bold csh-font-sans-medium\">10 heures de formation individuelle<\/span> pour perfectionner ou renforcer vos connaissances d\u00e8s le niveau A2\/B1 et sup\u00e9rieur,<\/span><\/li>\n<li class=\"csh-article-content-text csh-article-content-text-large\" role=\"article\"><span style=\"color: #000080; font-family: verdana, geneva, sans-serif;\">30 heures pour consolider ou d\u00e9velopper des acquis niveau A2 et sup\u00e9rieur,<\/span><\/li>\n<li class=\"csh-article-content-text csh-article-content-text-large\" role=\"article\"><span style=\"color: #000080; font-family: verdana, geneva, sans-serif;\">45 \u00e0 50 heures pour des formations de sp\u00e9cialisation m\u00e9tier ou d&rsquo;initiation \u00e0 la langue. <\/span><\/li>\n<\/ol>\n<div class=\"csh-article-content-text csh-article-content-text-large\" role=\"article\"><span style=\"color: #000080; font-family: verdana, geneva, sans-serif;\">Pour progresser dans les niveaux CECRL et atteindre un niveau de ma\u00eetrise sup\u00e9rieur, alors des parcours de 30 \u00e0 55 heures sont individuelles et en atelier d&rsquo;oral sont pr\u00e9f\u00e9rables. <\/span><\/div>\n<div class=\"csh-article-content-text csh-article-content-text-large\" role=\"article\"><span style=\"color: #000080; font-family: verdana, geneva, sans-serif;\">Rajoutez \u00e0 cela vos heures de r\u00e9vision autonome entre les entretiens et cours pr\u00e9sentiels.\u00a0<\/span><\/div>\n<h3><span style=\"color: #0000ff;\"><strong><span style=\"font-family: verdana, geneva, sans-serif;\">R\u00c9SULTATS ATTENDUS AU TEST CLO\u00c9 EN FRAN\u00c7AIS LANGUE \u00c9TRANG\u00c8RE<\/span><\/strong><\/span><\/h3>\n<\/div>\n<h5 class=\"title\"><span style=\"font-family: verdana, geneva, sans-serif; color: #000080; font-size: 16px;\">Comp\u00e9tences attest\u00e9es :<\/span><\/h5>\n<div class=\"txt\">\n<p><span style=\"font-family: verdana, geneva, sans-serif; color: #000080;\">Analyser des \u00e9crits courts en identifiant les \u00e9l\u00e9ments langagiers cl\u00e9s et en tenant compte de leur exactitude afin d\u2019employer ces \u00e9l\u00e9ments dans des \u00e9crits courants et professionnels, et notamment en utilisant un vocabulaire courant ou professionnel adapt\u00e9 au contexte, en utilisant les principales structures grammaticales n\u00e9cessaires pour construire des phrases coh\u00e9rentes et de complexit\u00e9 vari\u00e9e, et en communiquant en situation courante ou professionnelle en employant les expressions adapt\u00e9es\u00a0\u00a0<\/span><\/p>\n<p><span style=\"font-family: verdana, geneva, sans-serif; color: #000080;\">Analyser des textes courts en identifiant les informations cl\u00e9s afin de les utiliser dans un contexte g\u00e9n\u00e9ral ou professionnel sp\u00e9cifique, et notamment en lisant un texte court et en en d\u00e9gageant le sens global et des d\u00e9tails sp\u00e9cifiques. en lisant un dialogue \u00e9crit ou un message et en en d\u00e9gageant le sens global et des d\u00e9tails sp\u00e9cifiques, et en lisant des instructions ou une s\u00e9rie d\u2019\u00e9v\u00e9nements et en en d\u00e9finissant l\u2019action \u00e0 prendre ou le r\u00e9sultat<\/span><\/p>\n<p><span style=\"font-family: verdana, geneva, sans-serif; color: #000080;\">Analyser des \u00e9nonc\u00e9s courts, des dialogues et des communications orales en identifiant les informations cl\u00e9s afin de les utiliser dans un contexte g\u00e9n\u00e9ral ou professionnel sp\u00e9cifique, et notamment en \u00e9coutant une annonce ou une information enregistr\u00e9e et en en d\u00e9gageant le sens global et des d\u00e9tails sp\u00e9cifiques, en \u00e9coutant un dialogue et en en d\u00e9gageant le sens global et des d\u00e9tails sp\u00e9cifiques, en \u00e9coutant une s\u00e9rie d\u2019instructions ou une pr\u00e9sentation et en d\u00e9finissant l\u2019action \u00e0 mener ou le r\u00e9sultat\u00a0 \u00a0\u00a0<\/span><\/p>\n<p><span style=\"font-family: verdana, geneva, sans-serif; color: #000080;\">Participer \u00e0 une communication orale avec un interlocuteur sur des sujets professionnels habituels ou sp\u00e9cifiques \u00e0 son m\u00e9tier, et notamment en comprenant un \u00e9nonc\u00e9, des instructions ou des questions d\u2019un interlocuteur, en employant un vocabulaire professionnel adapt\u00e9 \u00e0 la situation de communication, en faisant usage des principales structures grammaticales n\u00e9cessaires afin de construire des phrases coh\u00e9rentes et de complexit\u00e9 vari\u00e9e selon la situation, en communiquant de fa\u00e7on naturelle au sujet de son activit\u00e9, son exp\u00e9rience et ses projets afin de se faire comprendre avec une prononciation claire, en d\u00e9veloppant l\u2019interaction et le dialogue en situation professionnelle\u00a0<\/span><\/p>\n<\/div>\n<h5 class=\"title\"><span style=\"font-family: verdana, geneva, sans-serif; color: #000080; font-size: 16px;\">Modalit\u00e9s d&rsquo;\u00e9valuation :<\/span><\/h5>\n<div class=\"txt\">\n<p><span style=\"font-family: verdana, geneva, sans-serif; color: #000080;\"> \u00a0Partie 1 &#8211; Test en ligne, mise en situations (1 heure)\u00a0 \u00a0 \u00a0 <\/span><br \/>\n<span style=\"font-family: verdana, geneva, sans-serif; color: #000080;\">\u00a0Partie 2 &#8211; Interaction en Visio avec un interlocuteur (10-15 minutes)<\/span><\/p>\n<\/div>\n<\/div>\n<\/div>\n<\/div>\n<div class=\"panel panel-default\">\n<div id=\"headingThree\" class=\"panel-heading\" role=\"tab\">\n<h4 class=\"panel-title\"><span style=\"font-family: verdana, geneva, sans-serif; color: #0000ff;\">\u00a0VALIDATION DE LA CERTIFICATION OU DE L\u2019HABILITATION EN FLE<\/span><\/h4>\n<\/div>\n<div id=\"collapseThree\" class=\"panel-collapse collapse show\" role=\"tabpanel\" aria-labelledby=\"headingThree\">\n<div class=\"panel-body\">\n<p><span style=\"font-family: verdana, geneva, sans-serif; color: #000080;\">Les r\u00e9sultats du Certificat CLOE sont d\u00e9clin\u00e9s en sous-niveaux CECRL et de fa\u00e7on d\u00e9taill\u00e9e par comp\u00e9tence : <\/span><br \/>\n<span style=\"font-family: verdana, geneva, sans-serif; color: #000080;\">Utilisateur El\u00e9mentaire A2 : Semi-autonomie professionnelle en situations simples <\/span><br \/>\n<span style=\"font-family: verdana, geneva, sans-serif; color: #000080;\">Utilisateur Ind\u00e9pendant B1 : Autonomie professionnelle en situations habituelles <\/span><br \/>\n<span style=\"font-family: verdana, geneva, sans-serif; color: #000080;\">Utilisateur Ind\u00e9pendant B2 : Autonomie professionnelle en situations complexes<\/span><br \/>\n<span style=\"font-family: verdana, geneva, sans-serif; color: #000080;\">Utilisateur Exp\u00e9riment\u00e9 C1 et C2 : Ma\u00eetrise de la communication professionnelle<\/span><\/p>\n<p><img loading=\"lazy\" decoding=\"async\" class=\"alignnone wp-image-15368 aligncenter\" src=\"https:\/\/www.leslanguessansstress.fr\/wp-content\/uploads\/2023\/05\/Cloe-287x300-1.png\" alt=\"\" width=\"198\" height=\"207\" \/><\/p>\n<h2 style=\"font-weight: 400;\"><span style=\"font-family: verdana, geneva, sans-serif; color: #0000ff; font-size: 24px;\">Le Certificat CLOE FLE est obtenu quand l\u2019objectif professionnel identifi\u00e9 \u00e0 l\u2019inscription est atteint au au niveau A2 ou plus.<\/span><\/h2>\n<p><span style=\"font-family: verdana, geneva, sans-serif; color: #000080;\">A d\u00e9faut d\u2019obtenir le niveau seuil A2 requis pour l\u2019utilisation de la langue cible dans son activit\u00e9 professionnelle le candidat re\u00e7oit une attestation de r\u00e9sultat. \u00a0<\/span><\/p>\n<p><strong><span style=\"font-family: verdana, geneva, sans-serif; color: #000080; font-size: 16px;\">La dur\u00e9e de validit\u00e9 en ann\u00e9es :<\/span><\/strong><br \/>\n<span style=\"font-family: verdana, geneva, sans-serif; color: #000080; font-size: 16px;\">Certificat valable \u00e0 vie<\/span><br \/>\n<span style=\"font-family: verdana, geneva, sans-serif; color: #000080; font-size: 16px;\">Possibilit\u00e9 de validation partielle : <\/span><span style=\"font-family: verdana, geneva, sans-serif; color: #000080; font-size: 16px;\">Non. <\/span><br \/>\n<span style=\"font-family: verdana, geneva, sans-serif; color: #000080; font-size: 16px;\"><strong>\u2192<\/strong> Le candidat doit finir la partie 1 \u00e9crite pour d\u00e9clencher l&rsquo;acc\u00e8s au calendrier des dates d&rsquo;entretien face-\u00e0-face et participer \u00e0 la partie 2 orale en Visio. Le candidat peut choisir le secteur professionnel qui lui convient pour l&rsquo;entretien interactif en Visio.\u00a0<\/span><\/p>\n<\/div>\n<\/div>\n<\/div>\n<p><strong><span style=\"font-family: verdana, geneva, sans-serif; color: #000080;\">PUBLIC<\/span><\/strong><br \/>\n<span style=\"font-family: verdana, geneva, sans-serif; color: #000080;\">Tout public.<\/span><\/p>\n<p><span style=\"font-family: verdana, geneva, sans-serif; color: #000080;\">Cette solution, structur\u00e9e autour d\u2019une certification adaptative\u00a0comprenant une \u00e9valuation en ligne des connaissances \u00e9crites et orales de la langue et un entretien oral, permet de r\u00e9pondre \u00e0 une demande croissante des salari\u00e9s d\u2019une solution professionnelle certifiante qui est rapide et pr\u00e9cise.<\/span><\/p>\n<h1 style=\"font-weight: 400;\"><span style=\"font-family: verdana, geneva, sans-serif; color: #0000ff; font-size: 24px;\">Montez en comp\u00e9tences en fran\u00e7ais FLE avec l&rsquo;accompagnement bienveillant des langues sans stress<\/span><\/h1>\n<p><span style=\"font-family: verdana, geneva, sans-serif; color: #000080;\">La pr\u00e9paration de 4 semaines au format des questions du test CLO\u00c9 est comprise dans le contenu des ressources de cette formation et son acc\u00e8s ouvert 1 mois avant la date souhait\u00e9e du passage du test \u00e9crit. <\/span><\/p>\n<p><span style=\"font-family: verdana, geneva, sans-serif; color: #000080;\">Une pr\u00e9paration \u00e0 la prise de parole en public et aux entretien d&#8217;embauche ou d&rsquo;\u00e9valuation est mise en place selon un calendrier d&rsquo;\u00e9tude des le\u00e7ons. <\/span><\/p>\n<p><span style=\"font-family: verdana, geneva, sans-serif; color: #000080;\">Des ateliers de mise en pratique des acquis \u00e0 l&rsquo;oral avec correction bienveillante et explicative permet de d\u00e9velopper les comp\u00e9tences d&rsquo; compr\u00e9hension et d&rsquo;expression par situation v\u00e9cue.<\/span><\/p>\n<h2 style=\"font-weight: 400;\"><span style=\"color: #0000ff;\"><span style=\"font-family: verdana, geneva, sans-serif; font-size: 24px;\">Programme <\/span><span style=\"font-family: verdana, geneva, sans-serif; font-size: 24px;\">personnalisable\u00a0<\/span><span style=\"font-family: verdana, geneva, sans-serif; font-size: 24px;\">de communication sans stress en FLE pr\u00e9parant au test Clo\u00e9 d\u00e8s le niveau A2 vers C1\/C2\u00a0<\/span><\/span><\/h2>\n<p><span style=\"text-decoration: underline;\"><span style=\"font-family: verdana, geneva, sans-serif; color: #000080; font-size: 20px; text-decoration: underline;\">Votre pr\u00e9paration est la cl\u00e9 de votre succ\u00e8s<\/span><\/span><span style=\"font-family: verdana, geneva, sans-serif; color: #000080; font-size: 20px;\">. \u00a0<\/span><\/p>\n<p><span style=\"font-family: verdana, geneva, sans-serif; color: #000080;\">Conna\u00eetre le format des questions, les modalit\u00e9s d&rsquo;inscription et de passage du test et important. \u00a0<\/span><\/p>\n<p><span style=\"font-family: verdana, geneva, sans-serif; color: #000080;\">Vous prenez conscience de vos besoins en rapport avec vos objectifs et du temps qu&rsquo;il peut falloir pour atteindre ce niveau de maitrise en communication courante et en langue professionnelle.\u00a0<\/span><\/p>\n<p><span style=\"font-family: verdana, geneva, sans-serif; color: #000080;\">Entrainez-vous autant \u00e0 la communication \u00e9crite qu&rsquo;orale sur des supports choisis et mettez en pratique les nouvelles connaissances aussi souvent que possible avec votre formatrice d\u00e9di\u00e9e. <\/span><\/p>\n<p><span style=\"font-family: verdana, geneva, sans-serif; color: #000080;\">N&rsquo;oubliez pas d&rsquo;apprendre les bases ou de vous remettre \u00e0 niveau si vos connaissances actuelles ne permettent pas de tenir une conversation courante et de vous sentir \u00e0 l&rsquo;aise en entreprise dans la langue de votre choix.<\/span><\/p>\n<p><span style=\"font-family: verdana, geneva, sans-serif; color: #000080;\">Toutes nos formations vous pr\u00e9parent avant tout \u00e0 vous exprimer clairement, comprendre et \u00eatre imm\u00e9diatement compris selon la situation et votre interlocuteur autant \u00e0 l&rsquo;\u00e9crit qu&rsquo;\u00e0 l&rsquo;oral.<\/span><\/p>\n<p><span style=\"font-family: verdana, geneva, sans-serif; color: #000080;\">Nos programmes sont g\u00e9n\u00e9raux avec des modules courts cibl\u00e9s activit\u00e9 ou contexte, selon le besoin de nos stagiaires et candidats \u00e0 la certification.\u00a0<\/span><\/p>\n<p><span style=\"font-family: verdana, geneva, sans-serif; color: #000080;\"><strong>Programmes complets g\u00e9n\u00e9raux<\/strong> : communication en entreprise &#8211; communication au bureau. C&rsquo;est la base de la pr\u00e9paration du test \u00e9crit qui doit \u00eatre ma\u00eetris\u00e9e au niveau Seuil A2 ou plus.<\/span><\/p>\n<p><span style=\"font-family: verdana, geneva, sans-serif; color: #000080;\">Modules par m\u00e9tier: communication secteur tourisme (accueil, h\u00f4tellerie, restaurant et voyages).<\/span><\/p>\n<p><span style=\"font-family: verdana, geneva, sans-serif; color: #000080;\"> Ces modules de communication cibl\u00e9e vous permettent de travailler dans la langue de votre choix pendant vos fonctions et de vous sentir \u00e0 l&rsquo;aise pendant l&rsquo;entretien de la partie orale du test CLO\u00c9. \u00a0<\/span><\/p>\n<p><span style=\"font-family: verdana, geneva, sans-serif; color: #000080;\"><span style=\"color: #0000ff;\"><strong>FLE M\u00c9TIER <\/strong><\/span>: communication en entreprise et secteur du tourisme\u00a0<\/span><\/p>\n<h3 style=\"font-weight: 400;\"><span style=\"font-family: verdana, geneva, sans-serif; color: #0000ff; font-size: 24px;\">Utilisation de la langue fran\u00e7aise \u00e9crite et compr\u00e9hension orale (FLE)<\/span><\/h3>\n<p><span style=\"color: #000080; font-family: verdana, geneva, sans-serif;\"> &#8211; Utiliser un vocabulaire professionnel adapt\u00e9 au contexte<br \/>\n<\/span><span style=\"color: #000080; font-family: verdana, geneva, sans-serif;\"> &#8211; Utiliser les principales structures grammaticales n\u00e9cessaires pour construire des phrases coh\u00e9rentes et de complexit\u00e9 vari\u00e9e<br \/>\n<\/span><span style=\"color: #000080; font-family: verdana, geneva, sans-serif;\"> &#8211; Comprendre un court texte et en d\u00e9gager le sens global et des d\u00e9tails sp\u00e9cifiques<br \/>\n<\/span><span style=\"color: #000080; font-family: verdana, geneva, sans-serif;\"> &#8211; Comprendre un \u00e9nonc\u00e9, des instructions, ou les questions d&rsquo;un interlocuteur<br \/>\n<\/span><span style=\"color: #000080; font-family: verdana, geneva, sans-serif;\"> &#8211; Communiquer en situation socioprofessionnelle, professionnelle ou sp\u00e9cifique \u00e0 son activit\u00e9 en employant des expressions adapt\u00e9es<\/span><\/p>\n<\/div>\n<\/div>\n<\/div>\n<\/div>\n<div class=\"elementor-element elementor-element-c5f1300 elementor-icon-list--layout-traditional elementor-list-item-link-full_width elementor-widget elementor-widget-icon-list\" data-id=\"c5f1300\" data-element_type=\"widget\" data-widget_type=\"icon-list.default\">\n<div class=\"elementor-widget-container\">\n<h3 style=\"font-weight: 400;\"><span style=\"font-family: verdana, geneva, sans-serif; color: #0000ff; font-size: 24px;\">Expression orale en fran\u00e7ais sans stress (FLE)<\/span><\/h3>\n<div class=\"elementor-element elementor-element-b41576c elementor-icon-list--layout-traditional elementor-list-item-link-full_width elementor-widget elementor-widget-icon-list\" data-id=\"b41576c\" data-element_type=\"widget\" data-widget_type=\"icon-list.default\">\n<div class=\"elementor-widget-container\">\n<p><span style=\"font-family: verdana, geneva, sans-serif; color: #000080;\"><i class=\"fas fa-check\" aria-hidden=\"true\"><\/i><span class=\"elementor-icon-list-text\">\u00a0&#8211; Employer un vocabulaire professionnel adapt\u00e9 \u00e0 la situation de communication<\/span><\/span><br \/>\n<span style=\"font-family: verdana, geneva, sans-serif; color: #000080;\"><span class=\"elementor-icon-list-text\">\u00a0&#8211; Communiquer en situation socioprofessionnelle, professionnelle ou sp\u00e9cifique \u00e0 son activit\u00e9 en employant des expressions adapt\u00e9es<\/span><\/span><br \/>\n<span style=\"font-family: verdana, geneva, sans-serif; color: #000080;\"><span class=\"elementor-icon-list-text\">\u00a0&#8211; Communiquer de fa\u00e7on naturelle et d\u00e9velopper l&rsquo;interaction orale<\/span><\/span><br \/>\n<span style=\"font-family: verdana, geneva, sans-serif; color: #000080;\"><span class=\"elementor-icon-list-text\">\u00a0&#8211; Tenir une discussion sur un sujet professionnel<\/span><\/span><br \/>\n<span style=\"font-family: verdana, geneva, sans-serif; color: #000080;\"><span class=\"elementor-icon-list-text\">\u00a0&#8211; Se faire comprendre avec une prononciation claire<\/span><\/span><\/p>\n<\/div>\n<\/div>\n<\/div>\n<\/div>\n<h4><span style=\"font-family: verdana, geneva, sans-serif; color: #0000ff;\"><strong>CONTENU PROGRAMME DE FLE VERS LA CERTIFICATION CLO\u00c9<\/strong><\/span><\/h4>\n<h4><span style=\"font-family: verdana, geneva, sans-serif; color: #000080;\">\u2013\u2013 <strong>Th\u00e8mes de communication \u2013\u2013<\/strong><\/span><\/h4>\n<p><span style=\"font-family: verdana, geneva, sans-serif; color: #000080;\">\u00a0&#8211; Th\u00e8mes de base pour tenir une conversation en langue g\u00e9n\u00e9rale.<\/span><\/p>\n<p><span style=\"font-family: verdana, geneva, sans-serif; color: #000080;\">\u00a0&#8211; Th\u00e8mes et lexique adapt\u00e9s \u00e0 l\u2019entreprise pour une utilisation imm\u00e9diate au poste de travail \u00e0 d\u00e9velopper selon les r\u00e9sultats du test et apr\u00e8s entretien avec le stagiaire pour connaitre ses besoins, et objectifs r\u00e9els et atteignables pendant la dur\u00e9e de la formation en tenant compte de ses contraintes personnelles et professionnelles. <\/span><\/p>\n<h4><span style=\"font-family: verdana, geneva, sans-serif; color: #000080;\">\u2013\u2013 <strong>Comp\u00e9tences langagi\u00e8res <\/strong>\u2013\u2013<\/span><\/h4>\n<p><span style=\"font-family: verdana, geneva, sans-serif; color: #000080;\">Communiquer dans la majorit\u00e9 des situations pr\u00e9visibles que l\u2019on peut rencontrer au cours d\u2019un voyage, pendant ses fonctions et lors de rencontres professionnelles ou d\u2019activit\u00e9s \u00e0 caract\u00e8re social et en entreprise selon son niveau d\u2019entr\u00e9e, ses objectifs et le temps d\u2019\u00e9tude allou\u00e9 pour les atteindre :<\/span><\/p>\n<p><span style=\"font-family: verdana, geneva, sans-serif; color: #000080;\"><span style=\"text-decoration: underline;\"><span style=\"font-size: 20px;\">Adapter son langage \u00e0 la situation et \u00e0 l\u2019interlocuteur<\/span> <\/span>: <\/span><\/p>\n<p><span style=\"font-family: verdana, geneva, sans-serif; color: #000080;\">Saluer et tenir une conversation sur des th\u00e8mes g\u00e9n\u00e9raux et \u00e0 vis\u00e9e sociale, commerciale ou financi\u00e8re. <\/span><br \/>\n<span style=\"font-family: verdana, geneva, sans-serif; color: #000080;\">N\u00e9gocier, faire une pr\u00e9sentation, d\u00e9velopper un produit, discuter qualit\u00e9, pr\u00e9parer une pr\u00e9sentation, participer \u00e0 une r\u00e9union, mettre en valeur des r\u00e9alisations, discuter de probl\u00e8mes, \u00e9crire et comprendre des documents \u00e0 caract\u00e8re professionnel, utiliser un style de r\u00e9daction appropri\u00e9 dans tous types de documents \u00e9crits, etc. <\/span><\/p>\n<h2><span style=\"font-family: verdana, geneva, sans-serif; color: #0000ff;\">Vous avez d&rsquo;autres questions sur cette pr\u00e9paration en FLE et le certificat CLO\u00c9 finan\u00e7able par le CPF? <\/span><\/h2>\n<p><span style=\"font-family: verdana, geneva, sans-serif; color: #000080;\">Veuillez nous contacter ou visitez le <a href=\"https:\/\/aidecloe.crisp.help\/fr\/article\/combien-de-temps-faut-il-generalement-pour-se-preparer-a-lexamen-cloe-6pbp81\/\" target=\"_blank\" rel=\"noopener\">Centre d&rsquo;aide CLO\u00c9 &#8211; CCI\u00a0<\/a><\/span><\/p>\n","protected":false},"excerpt":{"rendered":"<p>Formation visant la certification CLO\u00c9 en Fran\u00e7ais Langue Etrang\u00e8re (FLE) \u00e9ligible au financement CPF sans<\/p>\n","protected":false},"author":1,"featured_media":15368,"comment_status":"closed","ping_status":"open","sticky":false,"template":"","format":"standard","meta":{"footnotes":""},"categories":[80,546,348,227,176,432,371],"tags":[574,166,430,167,595],"class_list":["post-16498","post","type-post","status-publish","format-standard","has-post-thumbnail","hentry","category-actualites","category-adultes","category-cpf-certificats","category-francais-fle","category-information-documentation","category-langues","category-programme","tag-cpf","tag-fle","tag-formation-professionnelle","tag-francais","tag-test-de-certification"],"_links":{"self":[{"href":"https:\/\/www.leslanguessansstress.fr\/index.php\/wp-json\/wp\/v2\/posts\/16498","targetHints":{"allow":["GET"]}}],"collection":[{"href":"https:\/\/www.leslanguessansstress.fr\/index.php\/wp-json\/wp\/v2\/posts"}],"about":[{"href":"https:\/\/www.leslanguessansstress.fr\/index.php\/wp-json\/wp\/v2\/types\/post"}],"author":[{"embeddable":true,"href":"https:\/\/www.leslanguessansstress.fr\/index.php\/wp-json\/wp\/v2\/users\/1"}],"replies":[{"embeddable":true,"href":"https:\/\/www.leslanguessansstress.fr\/index.php\/wp-json\/wp\/v2\/comments?post=16498"}],"version-history":[{"count":6,"href":"https:\/\/www.leslanguessansstress.fr\/index.php\/wp-json\/wp\/v2\/posts\/16498\/revisions"}],"predecessor-version":[{"id":16581,"href":"https:\/\/www.leslanguessansstress.fr\/index.php\/wp-json\/wp\/v2\/posts\/16498\/revisions\/16581"}],"wp:featuredmedia":[{"embeddable":true,"href":"https:\/\/www.leslanguessansstress.fr\/index.php\/wp-json\/wp\/v2\/media\/15368"}],"wp:attachment":[{"href":"https:\/\/www.leslanguessansstress.fr\/index.php\/wp-json\/wp\/v2\/media?parent=16498"}],"wp:term":[{"taxonomy":"category","embeddable":true,"href":"https:\/\/www.leslanguessansstress.fr\/index.php\/wp-json\/wp\/v2\/categories?post=16498"},{"taxonomy":"post_tag","embeddable":true,"href":"https:\/\/www.leslanguessansstress.fr\/index.php\/wp-json\/wp\/v2\/tags?post=16498"}],"curies":[{"name":"wp","href":"https:\/\/api.w.org\/{rel}","templated":true}]}}