{"id":16456,"date":"2025-06-07T08:07:54","date_gmt":"2025-06-07T06:07:54","guid":{"rendered":"https:\/\/www.leslanguessansstress.fr\/?p=16456"},"modified":"2025-06-20T16:13:18","modified_gmt":"2025-06-20T14:13:18","slug":"preparation-au-certificat-cloe-anglais","status":"publish","type":"post","link":"https:\/\/www.leslanguessansstress.fr\/index.php\/2025\/06\/07\/preparation-au-certificat-cloe-anglais\/","title":{"rendered":"Certificat CLO\u00c9 anglais"},"content":{"rendered":"<h2 style=\"font-weight: 400;\"><span style=\"font-family: verdana, geneva, sans-serif; color: #0000ff; font-size: 24px;\"><span style=\"color: #3366ff;\">Formation visant la certification CLO\u00c9 en anglais sans stress \u00e9ligible au financement CPF<\/span> <\/span><\/h2>\n<h1 style=\"font-weight: 400;\"><span style=\"font-family: verdana, geneva, sans-serif; color: #000080; font-size: 20px;\"><span style=\"color: #3366ff;\">\u2665<\/span> Compr\u00e9hension et expression orales en <span style=\"color: #3366ff;\">anglais sous hypnose<\/span> pour qui le souhaite.\u00a0<\/span><\/h1>\n<p><span style=\"color: #000080;\"><span style=\"font-family: verdana, geneva, sans-serif;\">BESOINS DU STAGIAIRE <\/span><\/span><br \/>\n<span style=\"color: #000080; font-family: verdana, geneva, sans-serif;\"><span style=\"caret-color: #000080;\">Remise \u00e0 niveau, renforcement en communication <\/span><\/span><br \/>\n<span style=\"color: #000080; font-family: verdana, geneva, sans-serif;\">Perfectionnement et \u00e9largissement des comp\u00e9tences <\/span><br \/>\n<span style=\"color: #000080; font-family: verdana, geneva, sans-serif;\">Pr\u00e9paration au format des questions du test de Certification<br \/>\nPrise d&rsquo;assurance \u00e0 l&rsquo;oral<\/span><\/p>\n<p style=\"text-align: center;\">\u00a0<img loading=\"lazy\" decoding=\"async\" class=\"alignnone size-medium wp-image-17666\" src=\"https:\/\/www.leslanguessansstress.fr\/wp-content\/uploads\/2025\/02\/Communiquer-au-quotidien-300x226.jpg\" alt=\"\" width=\"300\" height=\"226\" srcset=\"https:\/\/www.leslanguessansstress.fr\/wp-content\/uploads\/2025\/02\/Communiquer-au-quotidien-300x226.jpg 300w, https:\/\/www.leslanguessansstress.fr\/wp-content\/uploads\/2025\/02\/Communiquer-au-quotidien-1024x771.jpg 1024w, https:\/\/www.leslanguessansstress.fr\/wp-content\/uploads\/2025\/02\/Communiquer-au-quotidien-768x578.jpg 768w, https:\/\/www.leslanguessansstress.fr\/wp-content\/uploads\/2025\/02\/Communiquer-au-quotidien-1536x1157.jpg 1536w, https:\/\/www.leslanguessansstress.fr\/wp-content\/uploads\/2025\/02\/Communiquer-au-quotidien-2048x1542.jpg 2048w, https:\/\/www.leslanguessansstress.fr\/wp-content\/uploads\/2025\/02\/Communiquer-au-quotidien-720x540.jpg 720w\" sizes=\"auto, (max-width: 300px) 100vw, 300px\" \/><\/p>\n<div class=\"elementor-element elementor-element-a25ddbd elementor-widget elementor-widget-heading\" data-id=\"a25ddbd\" data-element_type=\"widget\" data-widget_type=\"heading.default\">\n<div class=\"elementor-widget-container\">\n<div class=\"elementor-element elementor-element-aa85299 elementor-icon-list--layout-traditional elementor-list-item-link-full_width elementor-widget elementor-widget-icon-list\" data-id=\"aa85299\" data-element_type=\"widget\" data-widget_type=\"icon-list.default\">\n<div class=\"elementor-widget-container\">\n<h2 style=\"font-weight: 400;\"><span style=\"font-family: verdana, geneva, sans-serif; color: #3366ff;\">Objectifs et contexte de la certification CLO\u00c9 finan\u00e7able par le CPF :\u00a0 \u00a0<\/span><\/h2>\n<\/div>\n<\/div>\n<div class=\"elementor-element elementor-element-89780d9 elementor-widget elementor-widget-text-editor\" data-id=\"89780d9\" data-element_type=\"widget\" data-widget_type=\"text-editor.default\">\n<div class=\"elementor-widget-container\">\n<div class=\"panel panel-default\">\n<div id=\"collapseTwo\" class=\"panel-collapse collapse show\" role=\"tabpanel\" aria-labelledby=\"headingTwo\">\n<div class=\"panel-body\">\n<p class=\"title\"><span style=\"color: #000080; font-family: verdana, geneva, sans-serif; font-size: 16px;\">&#8211; \u00c9valuer et certifier le niveau de ma\u00eetrise de la langue \u00e9crite et d&rsquo;interaction orale en situations de communication professionnelles, socioprofessionnelles ou sp\u00e9cifiques \u00e0 un domaine d\u2019activit\u00e9.<br \/>\n<\/span><span style=\"color: #000080; font-family: verdana, geneva, sans-serif;\">&#8211; Valoriser les comp\u00e9tences acquises lors d&rsquo;un entretien professionnel <\/span><span style=\"color: #000080; font-family: verdana, geneva, sans-serif;\"><br \/>\n&#8211; Connaitre son niveau d&rsquo;entr\u00e9e pour renforcer les points faibles<br \/>\n<\/span><span style=\"color: #000080; font-family: verdana, geneva, sans-serif;\">&#8211; D\u00e9velopper les notions grammaticale et la syntaxe de la phrase simple \u00e0 complexe selon son niveau<br \/>\n<\/span><span style=\"color: #000080; font-family: verdana, geneva, sans-serif;\">&#8211; Enrichir son lexique courant et professionnel selon ses besoins et le niveau de langue souhait\u00e9e<br \/>\n<\/span><span style=\"color: #000080; font-family: verdana, geneva, sans-serif;\">&#8211; Apprendre \u00e0 g\u00e9rer son stress avant une prise de parole<br \/>\n<\/span><span style=\"color: #000080; font-family: verdana, geneva, sans-serif;\">&#8211; Ecrire des messages efficaces et concis en langue professionnelle adapt\u00e9e \u00e0 l&rsquo;interlocuteur<br \/>\n&#8211; <\/span><span style=\"color: #000080; font-family: verdana, geneva, sans-serif;\">Prendre confiance pendant la pr\u00e9paration d&rsquo;un voyage et des d\u00e9placements \u00e0 l&rsquo;\u00e9tranger<br \/>\n&#8211; <\/span><span style=\"color: #000080; font-family: verdana, geneva, sans-serif;\">Communiquer avec aisance dans la plupart des situations du quotidien dans un contexte socioprofessionnel standard<br \/>\n<\/span><span style=\"color: #000080; font-family: verdana, geneva, sans-serif;\"><strong>La Certification CLOE<\/strong> (choix entre 5 langues et des cours bilingues anglais+LV2)\u00a0 permet d\u2019\u00e9valuer et de certifier les comp\u00e9tences g\u00e9n\u00e9rales et professionnelles en du niveau A1 au niveau C2 du Cadre europ\u00e9en commun de r\u00e9f\u00e9rence pour les langues (CECRL)\u00a0\u00a0<\/span><\/p>\n<div class=\"txt\">\n<p><span style=\"color: #3366ff; font-family: verdana, geneva, sans-serif;\">PR\u00c9 REQUIS A1 COURANT ET PROFESSIONNEL (FAUX D\u00c9BUTANT)<\/span><br \/>\n<span style=\"color: #000080; font-family: verdana, geneva, sans-serif;\">A1 faux d\u00e9butant avec quelques connaissances de la grammaire et du vocabulaire de base. <\/span><br \/>\n<span style=\"color: #000080; font-family: verdana, geneva, sans-serif;\">Si votre niveau est vrai d\u00e9butant (A0-A1) sans aucune connaissance, nous vous proposons un module double d&rsquo;initiation A1 + d\u00e9butant pour atteindre le niveau SEUIL A2 (seulement exig\u00e9 par le financement CPF).<\/span><br \/>\n<span style=\"color: #000080; font-family: verdana, geneva, sans-serif;\">Votre parcours sera nettement plus dense ou plus long : p<\/span><span style=\"color: #000080; font-family: verdana, geneva, sans-serif;\">ensez \u00e0 pr\u00e9voir le temps n\u00e9cessaire \u00e0 apprendre les bases, c&rsquo;est une \u00e9tape importante dans la construction des phrases n\u00e9cessaires \u00e0 la communication courante au quotidien.<\/span><\/p>\n<p><span style=\"font-family: verdana, geneva, sans-serif; color: #3366ff;\">VOIE D&rsquo;ACC\u00c8S \u00c0 LA CERTIFICATION ANGLAIS COURANT ET PROFESSIONNEL <\/span><br \/>\n<span style=\"font-family: verdana, geneva, sans-serif; color: #000080;\">Le candidat au test Clo\u00e9 doit avoir suivi un parcours de formation orient\u00e9 test de certification dans la langue cible niveau A2. <\/span><br \/>\n<span style=\"font-family: verdana, geneva, sans-serif; color: #000080;\">Le parcours pr\u00e9sente des cours orient\u00e9s communication \u00e9crite et orale, ainsi qu&rsquo;un entrainement \u00e0 l&rsquo;interaction face-\u00e0-face.<\/span><\/p>\n<h3><img loading=\"lazy\" decoding=\"async\" class=\"alignnone size-medium wp-image-16457\" src=\"https:\/\/www.leslanguessansstress.fr\/wp-content\/uploads\/2024\/08\/20240829-CLOE-ANGLAIS--300x69.jpg\" alt=\"\" width=\"300\" height=\"69\" srcset=\"https:\/\/www.leslanguessansstress.fr\/wp-content\/uploads\/2024\/08\/20240829-CLOE-ANGLAIS--300x69.jpg 300w, https:\/\/www.leslanguessansstress.fr\/wp-content\/uploads\/2024\/08\/20240829-CLOE-ANGLAIS-.jpg 710w\" sizes=\"auto, (max-width: 300px) 100vw, 300px\" \/><\/h3>\n<h2 style=\"font-weight: 400;\"><span style=\"font-size: 16px;\"><a href=\"https:\/\/www.francecompetences.fr\/recherche\/rs\/6435\/\" target=\"_blank\" rel=\"noopener\"><span style=\"font-family: verdana, geneva, sans-serif; color: #0000ff;\"><span style=\"color: #3366ff;\">Information FRANCE COMP\u00c9TENCES &#8211; Test CLO\u00c9 anglais RS 6433 validit\u00e9 juqu&rsquo;\u00e0 15-11-2026<\/span><\/span><\/a><\/span><\/h2>\n<p><strong><span style=\"font-family: verdana, geneva, sans-serif; color: #000080;\">DUR\u00c9E <\/span><\/strong><\/p>\n<div class=\"csh-article-content-header\" role=\"heading\">\n<h2 style=\"font-weight: 400;\"><span style=\"font-family: verdana, geneva, sans-serif; color: #0000ff; font-size: 24px;\"><span style=\"color: #3366ff;\">Combien de temps faut-il g\u00e9n\u00e9ralement pour se pr\u00e9parer \u00e0 l&rsquo;examen CLOE ANGLAIS ?<\/span><\/span><\/h2>\n<p class=\"csh-font-sans-bold\"><span style=\"color: #000080; font-family: verdana, geneva, sans-serif; font-size: 16px;\">Nous personnalisons votre parcours pour qu&rsquo;il corresponde \u00e0 vos besoins diagnostiqu\u00e9s en d\u00e9but de formation et \u00e0 vos contraintes personnelles \u00e0 nous transmettre au plus t\u00f4t dans cette d\u00e9marche d&rsquo;adaptation individuelle du programme en dur\u00e9e, ressources et niveaux.<br \/>\n<\/span><span style=\"color: #000080; font-family: verdana, geneva, sans-serif;\">Les dur\u00e9es de formation peuvent varier en fonction de votre niveau initial et votre objectif.<br \/>\n<\/span><span style=\"color: #000080; font-family: verdana, geneva, sans-serif;\"><span class=\"csh-markdown csh-markdown-bold csh-font-sans-medium\">Nous pr\u00e9conisons une dur\u00e9e minimale de\u00a0<\/span><\/span><span style=\"color: #000080; font-family: verdana, geneva, sans-serif;\"><span class=\"csh-markdown csh-markdown-bold csh-font-sans-medium\">10 heures de formation individuelle<\/span> pour perfectionner \u00e0 50 heures pour renforcer vos connaissances au niveau A2 ou pour passer un niveau complet vers B1, B2, C1 \u00e0 C2. Tout d\u00e9pend de votre profil individuel d&rsquo;apprenant et du temps que vous \u00eates pr\u00eat \u00e0 \u00e9tudier chaque jour, chaque semaine pour atteindre vos objectifs de maitrise entre d\u00e9butant et autonome.<\/span><\/p>\n<\/div>\n<p><span style=\"color: #3366ff;\"><span style=\"font-family: verdana, geneva, sans-serif;\">R\u00c9SULTATS ATTENDUS EN ANGLAIS<\/span><\/span><\/p>\n<\/div>\n<h5 class=\"title\"><span style=\"font-family: verdana, geneva, sans-serif; color: #000080; font-size: 16px;\">Comp\u00e9tences attest\u00e9es :<\/span><\/h5>\n<div class=\"txt\">\n<p><span style=\"font-family: verdana, geneva, sans-serif; color: #000080;\">Analyser des \u00e9crits courts en identifiant les \u00e9l\u00e9ments langagiers cl\u00e9s et en tenant compte de leur exactitude afin d\u2019employer ces \u00e9l\u00e9ments dans des \u00e9crits courants et professionnels, et notamment en utilisant un vocabulaire courant ou professionnel adapt\u00e9 au contexte, en utilisant les principales structures grammaticales n\u00e9cessaires pour construire des phrases coh\u00e9rentes et de complexit\u00e9 vari\u00e9e, et en communiquant en situation courante ou professionnelle en employant les expressions adapt\u00e9es\u00a0\u00a0<\/span><\/p>\n<p><span style=\"font-family: verdana, geneva, sans-serif; color: #000080;\">Analyser des textes courts en identifiant les informations cl\u00e9s afin de les utiliser dans un contexte g\u00e9n\u00e9ral ou professionnel sp\u00e9cifique, et notamment en lisant un texte court et en en d\u00e9gageant le sens global et des d\u00e9tails sp\u00e9cifiques. en lisant un dialogue \u00e9crit ou un message et en en d\u00e9gageant le sens global et des d\u00e9tails sp\u00e9cifiques, et en lisant des instructions ou une s\u00e9rie d\u2019\u00e9v\u00e9nements et en en d\u00e9finissant l\u2019action \u00e0 prendre ou le r\u00e9sultat<\/span><\/p>\n<p><span style=\"font-family: verdana, geneva, sans-serif; color: #000080;\">Analyser des \u00e9nonc\u00e9s courts, des dialogues et des communications orales en identifiant les informations cl\u00e9s afin de les utiliser dans un contexte g\u00e9n\u00e9ral ou professionnel sp\u00e9cifique, et notamment en \u00e9coutant une annonce ou une information enregistr\u00e9e et en en d\u00e9gageant le sens global et des d\u00e9tails sp\u00e9cifiques, en \u00e9coutant un dialogue et en en d\u00e9gageant le sens global et des d\u00e9tails sp\u00e9cifiques, en \u00e9coutant une s\u00e9rie d\u2019instructions ou une pr\u00e9sentation et en d\u00e9finissant l\u2019action \u00e0 mener ou le r\u00e9sultat\u00a0 \u00a0\u00a0<\/span><\/p>\n<p><span style=\"font-family: verdana, geneva, sans-serif; color: #000080;\">Participer \u00e0 une communication orale avec un interlocuteur sur des sujets professionnels habituels ou sp\u00e9cifiques \u00e0 son m\u00e9tier, et notamment en comprenant un \u00e9nonc\u00e9, des instructions ou des questions d\u2019un interlocuteur, en employant un vocabulaire professionnel adapt\u00e9 \u00e0 la situation de communication, en faisant usage des principales structures grammaticales n\u00e9cessaires afin de construire des phrases coh\u00e9rentes et de complexit\u00e9 vari\u00e9e selon la situation, en communiquant de fa\u00e7on naturelle au sujet de son activit\u00e9, son exp\u00e9rience et ses projets afin de se faire comprendre avec une prononciation claire, en d\u00e9veloppant l\u2019interaction et le dialogue en situation professionnelle\u00a0<\/span><\/p>\n<\/div>\n<h5 class=\"title\"><span style=\"font-family: verdana, geneva, sans-serif; color: #000080; font-size: 16px;\">Modalit\u00e9s d&rsquo;\u00e9valuation :<\/span><\/h5>\n<div class=\"txt\">\n<p><span style=\"font-family: verdana, geneva, sans-serif; color: #000080;\"> \u00a0Partie 1 &#8211; Test en ligne, mise en situations (1 heure)\u00a0 \u00a0 \u00a0 <\/span><br \/>\n<span style=\"font-family: verdana, geneva, sans-serif; color: #000080;\">\u00a0Partie 2 &#8211; Interaction en Visio avec un interlocuteur (10-15 minutes)<\/span><\/p>\n<\/div>\n<\/div>\n<\/div>\n<\/div>\n<div class=\"panel panel-default\">\n<div id=\"headingThree\" class=\"panel-heading\" role=\"tab\">\n<h3 style=\"font-weight: 400;\"><span style=\"font-family: verdana, geneva, sans-serif; color: #0000ff; font-size: 16px;\"><span style=\"color: #3366ff;\">VALIDATION DE LA CERTIFICATION CLO\u00c9 EN ANGLAIS \u00a0<\/span><\/span><\/h3>\n<p class=\"panel-title\"><span style=\"color: #000080; font-family: verdana, geneva, sans-serif;\">Les r\u00e9sultats du Certificat CLOE sont d\u00e9clin\u00e9s en sous-niveaux CECRL et de fa\u00e7on d\u00e9taill\u00e9e par comp\u00e9tence :<br \/>\n<\/span><span style=\"color: #000080; font-family: verdana, geneva, sans-serif;\">Utilisateur El\u00e9mentaire A2 : Semi-autonomie professionnelle en situations simples<br \/>\n<\/span><span style=\"color: #000080; font-family: verdana, geneva, sans-serif;\">Utilisateur Ind\u00e9pendant B1 : Autonomie professionnelle en situations habituelles<br \/>\n<\/span><span style=\"color: #000080; font-family: verdana, geneva, sans-serif;\">Utilisateur Ind\u00e9pendant B2 : Autonomie professionnelle en situations complexes<br \/>\n<\/span><span style=\"color: #000080; font-family: verdana, geneva, sans-serif;\">Utilisateur Exp\u00e9riment\u00e9 C1 et C2 : Ma\u00eetrise de la communication professionnelle <\/span><\/p>\n<\/div>\n<div id=\"collapseThree\" class=\"panel-collapse collapse show\" role=\"tabpanel\" aria-labelledby=\"headingThree\">\n<div class=\"panel-body\">\n<p><span style=\"font-family: verdana, geneva, sans-serif; color: #3366ff; font-size: 20px;\">Le Certificat CLOE est obtenu quand l\u2019objectif professionnel identifi\u00e9 \u00e0 l\u2019inscription est atteint. <\/span><br \/>\n<span style=\"font-family: verdana, geneva, sans-serif; color: #000080;\">A d\u00e9faut d\u2019obtenir le niveau seuil requis pour l\u2019utilisation de la langue cible dans son activit\u00e9 professionnelle le candidat re\u00e7oit une attestation de r\u00e9sultat. \u00a0<\/span><\/p>\n<p><strong><span style=\"font-family: verdana, geneva, sans-serif; color: #000080; font-size: 16px;\">La dur\u00e9e de validit\u00e9 en ann\u00e9es :<\/span><\/strong><br \/>\n<span style=\"font-family: verdana, geneva, sans-serif; color: #000080; font-size: 16px;\">Certificat valable \u00e0 vie<\/span><br \/>\n<span style=\"font-family: verdana, geneva, sans-serif; color: #000080; font-size: 16px;\">Possibilit\u00e9 de validation partielle : <\/span><span style=\"font-family: verdana, geneva, sans-serif; color: #000080; font-size: 16px;\">Non. <\/span><br \/>\n<span style=\"font-family: verdana, geneva, sans-serif; color: #000080; font-size: 16px;\"><strong>\u2192<\/strong> Le candidat doit finir la partie 1 \u00e9crite pour d\u00e9clencher l&rsquo;acc\u00e8s au calendrier des dates\/horaires d&rsquo;entretien face-\u00e0-face et participer \u00e0 la partie 2 orale en Visio \u00e0 disposition pour un RDV de 15 minutes.<\/span><\/p>\n<\/div>\n<\/div>\n<\/div>\n<p><strong><span style=\"font-family: verdana, geneva, sans-serif; color: #000080;\">PUBLIC<\/span><\/strong><br \/>\n<span style=\"font-family: verdana, geneva, sans-serif; color: #000080;\">Tout public.<\/span><\/p>\n<p><img loading=\"lazy\" decoding=\"async\" class=\"alignnone size-medium wp-image-14075 aligncenter\" src=\"https:\/\/www.leslanguessansstress.fr\/wp-content\/uploads\/2022\/09\/Anglais-des-affaires-tous-niveaux-300x202.jpg\" alt=\"\" width=\"300\" height=\"202\" srcset=\"https:\/\/www.leslanguessansstress.fr\/wp-content\/uploads\/2022\/09\/Anglais-des-affaires-tous-niveaux-300x202.jpg 300w, https:\/\/www.leslanguessansstress.fr\/wp-content\/uploads\/2022\/09\/Anglais-des-affaires-tous-niveaux.jpg 664w\" sizes=\"auto, (max-width: 300px) 100vw, 300px\" \/><\/p>\n<h2 style=\"font-weight: 400;\"><span style=\"font-family: verdana, geneva, sans-serif; color: #3366ff; font-size: 24px;\">Programme <\/span><span style=\"font-family: verdana, geneva, sans-serif; color: #3366ff; font-size: 24px;\">personnalisable\u00a0<\/span><span style=\"font-family: verdana, geneva, sans-serif; color: #3366ff; font-size: 24px;\">de communication sans stress en anglais pr\u00e9parant au test Clo\u00e9 d\u00e8s le niveau A2 vers C1\/C2\u00a0<\/span><\/h2>\n<p><span style=\"text-decoration: underline;\"><span style=\"font-family: verdana, geneva, sans-serif; color: #000080; font-size: 20px; text-decoration: underline;\">Votre pr\u00e9paration est la cl\u00e9 de votre succ\u00e8s<\/span><\/span><span style=\"font-family: verdana, geneva, sans-serif; color: #000080; font-size: 20px;\">. \u00a0<\/span><\/p>\n<p><span style=\"font-family: verdana, geneva, sans-serif; color: #000080;\">Conna\u00eetre le format des questions, les modalit\u00e9s d&rsquo;inscription et de passage du test et important. \u00a0Vous prenez conscience de vos besoins en rapport avec vos objectifs et du temps qu&rsquo;il peut falloir pour atteindre ce niveau de communication courante ou de ma\u00eetrise en langue professionnelle. <\/span><br \/>\n<span style=\"font-family: verdana, geneva, sans-serif; color: #000080;\">Entrainez-vous autant \u00e0 la communication \u00e9crite qu&rsquo;orale sur des supports choisis et mettez en pratique les nouvelles connaissances aussi souvent que possible avec votre formatrice d\u00e9di\u00e9e en centre et par Visio si vous \u00eates en d\u00e9placement.<\/span><br \/>\n<span style=\"font-family: verdana, geneva, sans-serif; color: #000080;\">N&rsquo;oubliez pas d&rsquo;apprendre les bases ou de vous remettre \u00e0 niveau si vos connaissances actuelles ne permettent pas de tenir une conversation courante et de vous sentir \u00e0 l&rsquo;aise en entreprise dans la langue de votre choix.<\/span><br \/>\n<span style=\"font-family: verdana, geneva, sans-serif; color: #000080;\">Toutes nos formations vous pr\u00e9parent avant tout \u00e0 vous exprimer clairement, comprendre et \u00eatre imm\u00e9diatement compris selon la situation et votre interlocuteur autant \u00e0 l&rsquo;\u00e9crit qu&rsquo;\u00e0 l&rsquo;oral.<\/span><br \/>\n<span style=\"font-family: verdana, geneva, sans-serif; color: #000080;\">Nos programmes sont g\u00e9n\u00e9raux avec des modules courts cibl\u00e9s activit\u00e9 ou contexte, selon le besoin de nos stagiaires et candidats \u00e0 la certification. Parlez-nous de votre projet, nous personnaliserons votre programme \u00e0 vos besoins et objectifs de communication.<\/span><br \/>\n<span style=\"font-family: verdana, geneva, sans-serif; color: #000080;\"><strong>Programmes complets g\u00e9n\u00e9raux<\/strong> : communication courante en entreprise ou \u00e9changes courants au bureau. C&rsquo;est la base de la pr\u00e9paration du test \u00e9crit qui doit \u00eatre ma\u00eetris\u00e9e au niveau Seul A2 ou plus.<\/span><br \/>\n<span style=\"font-family: verdana, geneva, sans-serif; color: #000080;\">Modules longs par m\u00e9tier: communication secteur tourisme (accueil, h\u00f4tellerie, restaurant et voyages), \u00e9lectricien, m\u00e9canicien, Air Force, Assistante petite enfance, g\u00e9nie civil, etc. Ces modules de communication cibl\u00e9e vous permettent de travailler dans la langue de votre choix pendant vos fonctions et de vous sentir \u00e0 l&rsquo;aise pendant l&rsquo;entretien de la partie 2 orale du test CLO\u00c9. \u00a0Vous devrez n\u00e9anmoins connaitre le programme en langue g\u00e9n\u00e9rale pour r\u00e9pondre facilement aux questions de la partie 1 \u00e9crite.<\/span><\/p>\n<h2 style=\"font-weight: 400;\"><span style=\"font-family: verdana, geneva, sans-serif; color: #3366ff; font-size: 20px;\">Modules de perfectionnement selon besoins pour \u00eatre plus \u00e0 l&rsquo;aise au moment de passer le test et selon vos entretiens professionnels<\/span><\/h2>\n<p><span style=\"font-family: verdana, geneva, sans-serif;\">L&rsquo;anglais selon votre m\u00e9tier : Nous consulter ou vous r\u00e9f\u00e9rer \u00e0 l&rsquo;article ANGLAIS. <\/span><br \/>\n<span style=\"font-family: verdana, geneva, sans-serif;\">C<span style=\"color: #000080;\">ommuniquer au t\u00e9l\u00e9phone &#8211; au bureau &#8211; les affaires &#8211; lire la presse &#8211; prendre contact &#8211; l&rsquo;entretien &#8211; tourisme &#8211; pr\u00e9paration au format des questions du test<\/span><\/span><\/p>\n<h3 style=\"font-weight: 400;\"><span style=\"font-family: verdana, geneva, sans-serif; color: #0000ff; font-size: 24px;\">Utilisation de la langue anglaise \u00e9crite et compr\u00e9hension orale<\/span><\/h3>\n<p><span style=\"color: #000080; font-family: verdana, geneva, sans-serif;\"> &#8211; Utiliser un vocabulaire professionnel adapt\u00e9 au contexte<br \/>\n<\/span><span style=\"color: #000080; font-family: verdana, geneva, sans-serif;\"> &#8211; Utiliser les principales structures grammaticales n\u00e9cessaires pour construire des phrases coh\u00e9rentes et de complexit\u00e9 vari\u00e9e<br \/>\n<\/span><span style=\"color: #000080; font-family: verdana, geneva, sans-serif;\"> &#8211; Comprendre un court texte et en d\u00e9gager le sens global et des d\u00e9tails sp\u00e9cifiques<br \/>\n<\/span><span style=\"color: #000080; font-family: verdana, geneva, sans-serif;\"> &#8211; Comprendre un \u00e9nonc\u00e9, des instructions, ou les questions d&rsquo;un interlocuteur<br \/>\n<\/span><span style=\"color: #000080; font-family: verdana, geneva, sans-serif;\"> &#8211; Communiquer en situation socioprofessionnelle, professionnelle ou sp\u00e9cifique \u00e0 son activit\u00e9 en employant des expressions adapt\u00e9es<\/span><\/p>\n<\/div>\n<\/div>\n<\/div>\n<\/div>\n<div class=\"elementor-element elementor-element-c5f1300 elementor-icon-list--layout-traditional elementor-list-item-link-full_width elementor-widget elementor-widget-icon-list\" data-id=\"c5f1300\" data-element_type=\"widget\" data-widget_type=\"icon-list.default\">\n<div class=\"elementor-widget-container\">\n<h3 style=\"font-weight: 400;\"><span style=\"font-family: verdana, geneva, sans-serif; color: #0000ff; font-size: 24px;\">Expression orale en anglais sans stress<\/span><\/h3>\n<div class=\"elementor-element elementor-element-b41576c elementor-icon-list--layout-traditional elementor-list-item-link-full_width elementor-widget elementor-widget-icon-list\" data-id=\"b41576c\" data-element_type=\"widget\" data-widget_type=\"icon-list.default\">\n<div class=\"elementor-widget-container\">\n<p><span style=\"font-family: verdana, geneva, sans-serif; color: #000080;\"><i class=\"fas fa-check\" aria-hidden=\"true\"><\/i><span class=\"elementor-icon-list-text\">\u00a0&#8211; Employer un vocabulaire professionnel adapt\u00e9 \u00e0 la situation de communication<\/span><\/span><br \/>\n<span style=\"font-family: verdana, geneva, sans-serif; color: #000080;\"><span class=\"elementor-icon-list-text\">\u00a0&#8211; Communiquer en situation socioprofessionnelle, professionnelle ou sp\u00e9cifique \u00e0 son activit\u00e9 en employant des expressions adapt\u00e9es<\/span><\/span><br \/>\n<span style=\"font-family: verdana, geneva, sans-serif; color: #000080;\"><span class=\"elementor-icon-list-text\">\u00a0&#8211; Communiquer de fa\u00e7on naturelle et d\u00e9velopper l&rsquo;interaction orale<\/span><\/span><br \/>\n<span style=\"font-family: verdana, geneva, sans-serif; color: #000080;\"><span class=\"elementor-icon-list-text\">\u00a0&#8211; Tenir une discussion sur un sujet professionnel<\/span><\/span><br \/>\n<span style=\"font-family: verdana, geneva, sans-serif; color: #000080;\"><span class=\"elementor-icon-list-text\">\u00a0&#8211; Se faire comprendre avec une prononciation claire<\/span><\/span><\/p>\n<h3 style=\"font-weight: 400;\"><span style=\"font-family: verdana, geneva, sans-serif; color: #0000ff; font-size: 24px;\">Ce que vous apporte le programme d&rsquo;anglais de certification CLO\u00c9 <\/span><\/h3>\n<\/div>\n<\/div>\n<\/div>\n<\/div>\n<p><span style=\"font-family: verdana, geneva, sans-serif; color: #000080;\">\u2013\u2013 <strong>Th\u00e8mes de communication \u2013\u2013<\/strong><\/span><br \/>\n<span style=\"font-family: verdana, geneva, sans-serif; color: #000080;\"> &#8211; Th\u00e8mes de base pour tenir une conversation en langue g\u00e9n\u00e9rale.<\/span><br \/>\n<span style=\"font-family: verdana, geneva, sans-serif; color: #000080;\"> &#8211; Th\u00e8mes et lexique adapt\u00e9s \u00e0 l\u2019entreprise pour une utilisation imm\u00e9diate au poste de travail \u00e0 d\u00e9velopper selon les r\u00e9sultats du test et apr\u00e8s entretien avec le stagiaire pour connaitre ses besoins, et objectifs r\u00e9els et atteignables pendant la dur\u00e9e de la formation en tenant compte de ses contraintes personnelles et professionnelles. <\/span><br \/>\n<span style=\"font-family: verdana, geneva, sans-serif; color: #000080;\">\u2013\u2013 <strong>Comp\u00e9tences langagi\u00e8res <\/strong>\u2013\u2013<\/span><br \/>\n<span style=\"font-family: verdana, geneva, sans-serif; color: #000080;\">Communiquer dans la majorit\u00e9 des situations pr\u00e9visibles que l\u2019on peut rencontrer au cours d\u2019un voyage, pendant ses fonctions et lors de rencontres professionnelles ou d\u2019activit\u00e9s \u00e0 caract\u00e8re social et en entreprise selon son niveau d\u2019entr\u00e9e, ses objectifs et le temps d\u2019\u00e9tude allou\u00e9 pour les atteindre :<\/span><br \/>\n<span style=\"font-family: verdana, geneva, sans-serif; color: #000080;\"><span style=\"text-decoration: underline;\"><span style=\"font-size: 20px;\">Adapter son langage \u00e0 la situation et \u00e0 l\u2019interlocuteur<\/span> <\/span>: <\/span><br \/>\n<span style=\"font-family: verdana, geneva, sans-serif; color: #000080;\">Saluer et tenir une conversation sur des th\u00e8mes g\u00e9n\u00e9raux et \u00e0 vis\u00e9e sociale, commerciale ou financi\u00e8re. <\/span><br \/>\n<span style=\"font-family: verdana, geneva, sans-serif; color: #000080;\">N\u00e9gocier, faire une pr\u00e9sentation, d\u00e9velopper un produit, discuter qualit\u00e9, pr\u00e9parer une pr\u00e9sentation, participer \u00e0 une r\u00e9union, mettre en valeur des r\u00e9alisations, discuter de probl\u00e8mes, \u00e9crire et comprendre des documents \u00e0 caract\u00e8re professionnel, utiliser un style de r\u00e9daction appropri\u00e9 dans tous types de documents \u00e9crits, etc.<\/span><\/p>\n<p>&nbsp;<\/p>\n<h3 style=\"font-weight: 400;\"><span style=\"font-family: verdana, geneva, sans-serif; color: #0000ff; font-size: 24px;\">Activez votre budget CPF et certifiez vos comp\u00e9tences en anglais avec CLO\u00c9 \u00a0<\/span><\/h3>\n<p><span style=\"font-family: verdana, geneva, sans-serif; color: #000080;\">Veuillez nous contacter ou cliquer sur le lien direct <a href=\"https:\/\/aidecloe.crisp.help\/fr\/article\/combien-de-temps-faut-il-generalement-pour-se-preparer-a-lexamen-cloe-6pbp81\/\" target=\"_blank\" rel=\"noopener\">Centre d&rsquo;aide CLO\u00c9 &#8211; CCI\u00a0<\/a>\u00a0<\/span><\/p>\n","protected":false},"excerpt":{"rendered":"<p>Formation visant la certification CLO\u00c9 en anglais sans stress \u00e9ligible au financement CPF \u2665 Compr\u00e9hension<\/p>\n","protected":false},"author":1,"featured_media":16457,"comment_status":"closed","ping_status":"open","sticky":false,"template":"","format":"standard","meta":{"footnotes":""},"categories":[80,127,348,371],"tags":[598,748,289,749,613,750,719,717],"class_list":["post-16456","post","type-post","status-publish","format-standard","has-post-thumbnail","hentry","category-actualites","category-anglais","category-cpf-certificats","category-programme","tag-certificati-cloe","tag-langue-courante","tag-langues-faciles-sous-hypnose","tag-milieu-professionnel","tag-preparation-test","tag-preparation-test-niveaux-a1-a-c2","tag-preparation-test-oral","tag-renforcement-et-developpement"],"_links":{"self":[{"href":"https:\/\/www.leslanguessansstress.fr\/index.php\/wp-json\/wp\/v2\/posts\/16456","targetHints":{"allow":["GET"]}}],"collection":[{"href":"https:\/\/www.leslanguessansstress.fr\/index.php\/wp-json\/wp\/v2\/posts"}],"about":[{"href":"https:\/\/www.leslanguessansstress.fr\/index.php\/wp-json\/wp\/v2\/types\/post"}],"author":[{"embeddable":true,"href":"https:\/\/www.leslanguessansstress.fr\/index.php\/wp-json\/wp\/v2\/users\/1"}],"replies":[{"embeddable":true,"href":"https:\/\/www.leslanguessansstress.fr\/index.php\/wp-json\/wp\/v2\/comments?post=16456"}],"version-history":[{"count":10,"href":"https:\/\/www.leslanguessansstress.fr\/index.php\/wp-json\/wp\/v2\/posts\/16456\/revisions"}],"predecessor-version":[{"id":18039,"href":"https:\/\/www.leslanguessansstress.fr\/index.php\/wp-json\/wp\/v2\/posts\/16456\/revisions\/18039"}],"wp:featuredmedia":[{"embeddable":true,"href":"https:\/\/www.leslanguessansstress.fr\/index.php\/wp-json\/wp\/v2\/media\/16457"}],"wp:attachment":[{"href":"https:\/\/www.leslanguessansstress.fr\/index.php\/wp-json\/wp\/v2\/media?parent=16456"}],"wp:term":[{"taxonomy":"category","embeddable":true,"href":"https:\/\/www.leslanguessansstress.fr\/index.php\/wp-json\/wp\/v2\/categories?post=16456"},{"taxonomy":"post_tag","embeddable":true,"href":"https:\/\/www.leslanguessansstress.fr\/index.php\/wp-json\/wp\/v2\/tags?post=16456"}],"curies":[{"name":"wp","href":"https:\/\/api.w.org\/{rel}","templated":true}]}}