{"id":16425,"date":"2024-08-27T19:48:07","date_gmt":"2024-08-27T17:48:07","guid":{"rendered":"https:\/\/www.leslanguessansstress.fr\/?p=16425"},"modified":"2024-08-27T19:48:07","modified_gmt":"2024-08-27T17:48:07","slug":"organigramme","status":"publish","type":"post","link":"https:\/\/www.leslanguessansstress.fr\/index.php\/2024\/08\/27\/organigramme\/","title":{"rendered":"Organigramme"},"content":{"rendered":"<h1><span style=\"font-family: verdana, geneva, sans-serif; color: #ff6600; font-size: 24px;\">Mieux comprendre notre structure et connaitre l&rsquo;organigramme, c&rsquo;est mieux vivre les langues sans stress!<\/span><\/h1>\n<p><span style=\"font-family: verdana, geneva, sans-serif; color: #000080;\">Voici l&rsquo;organigramme de notre OF (organisme de formation en 5 langues courantes et professionnelles).<\/span><\/p>\n<p><span style=\"font-family: verdana, geneva, sans-serif; color: #000080;\">Pour toute information, n&rsquo;h\u00e9sitez pas \u00e0 nous contacter depuis la page CONTACT d&rsquo;apr\u00e8s les informations contenues ci-dessous et vos besoins. <\/span><\/p>\n<p><span style=\"font-family: verdana, geneva, sans-serif; color: #000080;\">Nous vous r\u00e9pondrons dans les meilleurs d\u00e9lais. <\/span><\/p>\n<p><span style=\"font-family: verdana, geneva, sans-serif; color: #000080;\">Votre contact principal : Val\u00e9rie NEYRET-Vachey \u00e0 contactpro@leslanguessansstress.fr (tout entretien t\u00e9l\u00e9phonique devra \u00eatre suivi d&rsquo;un \u00e9change par email pour valider les informations).<\/span><\/p>\n<p><img loading=\"lazy\" decoding=\"async\" class=\"wp-image-16426 aligncenter\" src=\"https:\/\/www.leslanguessansstress.fr\/wp-content\/uploads\/2024\/08\/Organigramme-LES-LANGUES-SANS-STRESS-300x212.jpeg\" alt=\"\" width=\"983\" height=\"694\" srcset=\"https:\/\/www.leslanguessansstress.fr\/wp-content\/uploads\/2024\/08\/Organigramme-LES-LANGUES-SANS-STRESS-300x212.jpeg 300w, https:\/\/www.leslanguessansstress.fr\/wp-content\/uploads\/2024\/08\/Organigramme-LES-LANGUES-SANS-STRESS-1024x724.jpeg 1024w, https:\/\/www.leslanguessansstress.fr\/wp-content\/uploads\/2024\/08\/Organigramme-LES-LANGUES-SANS-STRESS-768x543.jpeg 768w, https:\/\/www.leslanguessansstress.fr\/wp-content\/uploads\/2024\/08\/Organigramme-LES-LANGUES-SANS-STRESS-2048x1449.jpeg 2048w\" sizes=\"auto, (max-width: 983px) 100vw, 983px\" \/><\/p>\n<p>&nbsp;<\/p>\n","protected":false},"excerpt":{"rendered":"<p>Mieux comprendre notre structure et connaitre l&rsquo;organigramme, c&rsquo;est mieux vivre les langues sans stress! Voici<\/p>\n","protected":false},"author":1,"featured_media":10721,"comment_status":"closed","ping_status":"open","sticky":false,"template":"","format":"standard","meta":{"footnotes":""},"categories":[80,348,176,432],"tags":[575,574,430,347,526],"class_list":["post-16425","post","type-post","status-publish","format-standard","has-post-thumbnail","hentry","category-actualites","category-cpf-certificats","category-information-documentation","category-langues","tag-certification","tag-cpf","tag-formation-professionnelle","tag-langues","tag-modalites"],"_links":{"self":[{"href":"https:\/\/www.leslanguessansstress.fr\/index.php\/wp-json\/wp\/v2\/posts\/16425","targetHints":{"allow":["GET"]}}],"collection":[{"href":"https:\/\/www.leslanguessansstress.fr\/index.php\/wp-json\/wp\/v2\/posts"}],"about":[{"href":"https:\/\/www.leslanguessansstress.fr\/index.php\/wp-json\/wp\/v2\/types\/post"}],"author":[{"embeddable":true,"href":"https:\/\/www.leslanguessansstress.fr\/index.php\/wp-json\/wp\/v2\/users\/1"}],"replies":[{"embeddable":true,"href":"https:\/\/www.leslanguessansstress.fr\/index.php\/wp-json\/wp\/v2\/comments?post=16425"}],"version-history":[{"count":2,"href":"https:\/\/www.leslanguessansstress.fr\/index.php\/wp-json\/wp\/v2\/posts\/16425\/revisions"}],"predecessor-version":[{"id":16534,"href":"https:\/\/www.leslanguessansstress.fr\/index.php\/wp-json\/wp\/v2\/posts\/16425\/revisions\/16534"}],"wp:featuredmedia":[{"embeddable":true,"href":"https:\/\/www.leslanguessansstress.fr\/index.php\/wp-json\/wp\/v2\/media\/10721"}],"wp:attachment":[{"href":"https:\/\/www.leslanguessansstress.fr\/index.php\/wp-json\/wp\/v2\/media?parent=16425"}],"wp:term":[{"taxonomy":"category","embeddable":true,"href":"https:\/\/www.leslanguessansstress.fr\/index.php\/wp-json\/wp\/v2\/categories?post=16425"},{"taxonomy":"post_tag","embeddable":true,"href":"https:\/\/www.leslanguessansstress.fr\/index.php\/wp-json\/wp\/v2\/tags?post=16425"}],"curies":[{"name":"wp","href":"https:\/\/api.w.org\/{rel}","templated":true}]}}