{"id":16377,"date":"2024-08-04T12:11:50","date_gmt":"2024-08-04T10:11:50","guid":{"rendered":"https:\/\/www.leslanguessansstress.fr\/?p=16377"},"modified":"2024-08-17T13:39:23","modified_gmt":"2024-08-17T11:39:23","slug":"modalites-de-suivi-pendant-la-formation-cpf-vers-la-certification-2024-2025","status":"publish","type":"post","link":"https:\/\/www.leslanguessansstress.fr\/index.php\/2024\/08\/04\/modalites-de-suivi-pendant-la-formation-cpf-vers-la-certification-2024-2025\/","title":{"rendered":"Modalit\u00e9s de suivi pendant la formation-CPF vers la certification 2024-2025"},"content":{"rendered":"<h1><img loading=\"lazy\" decoding=\"async\" class=\"alignnone size-medium wp-image-12984 aligncenter\" src=\"https:\/\/www.leslanguessansstress.fr\/wp-content\/uploads\/2021\/02\/Macaron-Charte-de-deontologie-CPF-1-300x290.png\" alt=\"\" width=\"300\" height=\"290\" srcset=\"https:\/\/www.leslanguessansstress.fr\/wp-content\/uploads\/2021\/02\/Macaron-Charte-de-deontologie-CPF-1-300x290.png 300w, https:\/\/www.leslanguessansstress.fr\/wp-content\/uploads\/2021\/02\/Macaron-Charte-de-deontologie-CPF-1-1024x988.png 1024w, https:\/\/www.leslanguessansstress.fr\/wp-content\/uploads\/2021\/02\/Macaron-Charte-de-deontologie-CPF-1-768x741.png 768w, https:\/\/www.leslanguessansstress.fr\/wp-content\/uploads\/2021\/02\/Macaron-Charte-de-deontologie-CPF-1-1536x1482.png 1536w, https:\/\/www.leslanguessansstress.fr\/wp-content\/uploads\/2021\/02\/Macaron-Charte-de-deontologie-CPF-1.png 1605w\" sizes=\"auto, (max-width: 300px) 100vw, 300px\" \/><\/h1>\n<h1><span style=\"font-family: helvetica, arial, sans-serif; color: #000080; font-size: 24px;\">Les droits et devoirs des utilisateurs du CPF \u00e9voluent en 2024<\/span><\/h1>\n<p><span style=\"font-family: verdana, geneva, sans-serif; color: #000080;\">Parce qu&rsquo;il faut \u00eatre deux pour r\u00e9ussir une formation, voici quelques rappels int\u00e9ressants :<\/span><\/p>\n<p><span style=\"font-family: verdana, geneva, sans-serif; color: #000080;\">Lorsque vous d\u00e9cidez de profiter du budget CPF pour suivre une formation en langues, quelques obligations sont \u00e0 respecter dans le processus de suivi de la formation et de votre certification. <\/span><\/p>\n<p><span style=\"font-family: verdana, geneva, sans-serif; color: #000080;\">Vous devez respecter les modalit\u00e9s d\u00e9crites sur la plateforme MON COMPTE FORMATION \u00e0 lire absolument avant toute inscription avec ce financement.<\/span><\/p>\n<p><span style=\"font-family: verdana, geneva, sans-serif; color: #000080;\">Vous pouvez choisir votre formation, la langue d&rsquo;\u00e9tude, la dur\u00e9e, la fr\u00e9quence des entretiens avec un accompagnement individuel ou individualis\u00e9 en petit groupe, etc. <\/span><\/p>\n<p><span style=\"font-family: verdana, geneva, sans-serif; color: #000080;\">Vous devez suivre un programme orient\u00e9 communication courante en milieu professionnel.<\/span><\/p>\n<p><span style=\"font-family: verdana, geneva, sans-serif; color: #000080;\">Votre \u00e9tude doit commencer au plus bas au niveau A1\/A1+ pour certifier vos prochains acquis au niveau A2 SEUIL ou plus dans le temps imparti que vous aurez choisi. <\/span><\/p>\n<p><strong><span style=\"font-family: verdana, geneva, sans-serif; color: #000080;\">RENFORCEMENT<\/span><\/strong><br \/>\n<span style=\"font-family: verdana, geneva, sans-serif; color: #000080;\">Vous devez suivre au minimum 10 heures* de cours pr\u00e9sentiels ou en Visio pour consolider vos bases et vous pr\u00e9parer correctement au format des questions du test choisi au niveau seuil A2 ou plus.<\/span><\/p>\n<p><strong><span style=\"font-family: verdana, geneva, sans-serif; color: #000080;\">PERFECTIONNEMENT <\/span><\/strong><br \/>\n<span style=\"font-family: verdana, geneva, sans-serif; color: #000080;\">Pour d\u00e9velopper vos acquis et enrichir vos connaissances votre \u00e9tude devra \u00eatre d&rsquo;au moins 30 heures*. <\/span><\/p>\n<p><strong><span style=\"font-family: verdana, geneva, sans-serif; color: #000080;\">CONSOLIDATION<\/span><\/strong><br \/>\n<span style=\"font-family: verdana, geneva, sans-serif; color: #000080;\">Si vous \u00eates faux d\u00e9butant de niveau A1 pour atteindre le niveau A2 il faudra compter 50 \u00e0 60 heures* d&rsquo;\u00e9tude en programme intensif ou extensif pr\u00e9sentiel. <\/span><\/p>\n<p><em><span style=\"font-family: arial, helvetica, sans-serif; color: #000080; font-size: 14px;\">\u00a0* Ces dur\u00e9es sont approximatives, adaptables \u00e0 votre situation et ne prennent pas en compte votre \u00e9tude dans un manuel ou le temps pass\u00e9 en e-learning.<\/span><\/em><\/p>\n<p><strong><span style=\"font-family: verdana, geneva, sans-serif; color: #000080;\">BUDGET &#8211; HANDICAP &#8211; NIVEAU &#8211; DUR\u00c9E<\/span><\/strong><br \/>\n<span style=\"font-family: verdana, geneva, sans-serif; color: #000080;\">Tous nos parcours sont adaptables \u00e0 votre profil d&rsquo;apprenant et \u00e0 vos contraintes de budget ou d&rsquo;agenda. <\/span><br \/>\n<span style=\"font-family: verdana, geneva, sans-serif; color: #000080;\">Exprimez-nous votre situation en amont de la formation et pendant votre parcours s&rsquo;il y a un changement qu&rsquo;il soit mineur ou majeur. <\/span><\/p>\n<p><span style=\"font-family: verdana, geneva, sans-serif; color: #000080;\">Lorsque ces conditions sont respect\u00e9es, votre formation et notre accompagnement seront au top vers votre r\u00e9ussite!<\/span><\/p>\n<h1><\/h1>\n<h2><span style=\"font-family: verdana, geneva, sans-serif; color: #000080;\">Le taux de compl\u00e9tude<\/span><\/h2>\n<p><span style=\"font-family: verdana, geneva, sans-serif; font-size: 16px;\"><span style=\"color: #000080;\">Le taux de compl\u00e9tude repr\u00e9sente la proportion de candidats ayant poursuivi le processus de<\/span> <span style=\"color: #000080;\">certification jusqu&rsquo;\u00e0 son terme depuis le d\u00e9but de la formation.<\/span><\/span><\/p>\n<p><span style=\"font-family: verdana, geneva, sans-serif; font-size: 16px;\"><span style=\"color: #000080;\">Nous vous pr\u00e9parons quelques bilans des acquis tout au long de votre parcours et des questionnaires de satisfaction** sur les cours et l&rsquo;accompagnement afin de rester vous et nous bien connect\u00e9s au m\u00eame projet de r\u00e9ussite d&rsquo;une part et pour maintenir la documentation l\u00e9gale exig\u00e9e par Qualiopi et le CPF, votre financeur d&rsquo;autre part.<\/span><\/span><\/p>\n<p><span style=\"font-family: verdana, geneva, sans-serif; color: #000080;\">Le taux de compl\u00e9tude est calcul\u00e9 \u00e0 partir du nombre de certifications CLOE, TOEIC, LE ROBERT termin\u00e9es sur <\/span><span style=\"font-family: verdana, geneva, sans-serif; color: #000080;\">le nombre total d&rsquo;inscrits sur une p\u00e9riode donn\u00e9e. C&rsquo;est-\u00e0-dire qu&rsquo;on rep\u00e8re les candidats qui \u00e9tudient avec difficult\u00e9 ou peu, ceux qui n&rsquo;\u00e9tudient pas ou refusent de suivre un programme professionnel (obligatoire si le CPF est activ\u00e9), ou qui ne donnent plus de nouvelles, hors maladie et accident, \u00e9videmment.<\/span><\/p>\n<p><span style=\"font-family: verdana, geneva, sans-serif; color: #000080;\">En fonction du taux de compl\u00e9tude atteint par le centre de formation partenaire-CPF, un plan d&rsquo;action sera alors mis en place. <\/span><\/p>\n<p><strong><span style=\"font-family: verdana, geneva, sans-serif; color: #000080;\">Abandon&#8230;<\/span><\/strong><\/p>\n<p><span style=\"font-family: verdana, geneva, sans-serif; color: #000080;\">Afin d&rsquo;\u00e9viter la procrastination et le non-respect de la m\u00e9thode propos\u00e9e par votre centre de formation qui peuvent mener \u00e0 des abandons, nous nous sommes engag\u00e9s dans un processus-qualit\u00e9 de suivi individualis\u00e9 et d&rsquo;accompagnement personnalis\u00e9 pour chacun de nos candidats \u00e0 la certification. Tout au long de votre parcours vous pourrez \u00e9changer sur vos blocages et difficult\u00e9s rencontr\u00e9es avec votre formatrice. Vous recevrez des conseils et des astuces pour am\u00e9liorer votre calendrier d&rsquo;\u00e9tude autonome et d&rsquo;entretiens en pr\u00e9sentiel. <\/span><\/p>\n<p><span style=\"font-family: verdana, geneva, sans-serif; color: #000080;\">Votre formatrice en langues est aussi hypnoth\u00e9rapeute, n&rsquo;h\u00e9sitez pas \u00e0 \u00e9voquer des probl\u00e8mes ou peurs tels que passer un test oral, prendre la parole en public, sortir de sa zone de confort pour apprendre autrement, etc.<\/span><\/p>\n<p><span style=\"font-family: verdana, geneva, sans-serif; color: #000080;\">Vous \u00eates vivement invit\u00e9 \u00e0 participer aux ateliers d&rsquo;\u00e9changes en petit groupe m\u00eame lorsque vous suivez une formation individuelle.<\/span><\/p>\n<h2><span style=\"font-family: verdana, geneva, sans-serif; color: #000080; font-size: 20px;\"> Nous vous souhaitons une excellente \u00e9tude et beaucoup de plaisir \u00e0 parler les langues sans stress.<\/span><\/h2>\n<p><span style=\"font-family: verdana, geneva, sans-serif; color: #000080;\">\u00a0** Lorsque nous ne renvoyez pas imm\u00e9diatement le formulaire de satisfaction, nous vous en demandons la raison par email en joignant les formulaires &lsquo;axe d&rsquo;am\u00e9lioration&rsquo; et &lsquo;r\u00e9clamation&rsquo; pour que vous puissiez vous exprimer librement &#8211; nous vous tiendrons au courant des suites donn\u00e9es \u00e0 l&rsquo;un ou l&rsquo;autre de ces formulaires dans le cadre de l&rsquo;am\u00e9lioration continue. Lorsque nous n&rsquo;avons pas d&rsquo;information, les adaptations propos\u00e9es ou effectu\u00e9es apr\u00e8s le d\u00e9but de la formation sont automatiquement annul\u00e9es dans l&rsquo;attente de vos informations pour comprendre la situation et vous proposez toujours le meilleur accompagnement vers votre certification selon les modalit\u00e9s de notre OF et du CPF.<\/span><\/p>\n","protected":false},"excerpt":{"rendered":"<p>Les droits et devoirs des utilisateurs du CPF \u00e9voluent en 2024 Parce qu&rsquo;il faut \u00eatre<\/p>\n","protected":false},"author":1,"featured_media":8191,"comment_status":"closed","ping_status":"open","sticky":false,"template":"","format":"standard","meta":{"footnotes":""},"categories":[80,348,176,432],"tags":[575,574,526,449],"class_list":["post-16377","post","type-post","status-publish","format-standard","has-post-thumbnail","hentry","category-actualites","category-cpf-certificats","category-information-documentation","category-langues","tag-certification","tag-cpf","tag-modalites","tag-test"],"_links":{"self":[{"href":"https:\/\/www.leslanguessansstress.fr\/index.php\/wp-json\/wp\/v2\/posts\/16377","targetHints":{"allow":["GET"]}}],"collection":[{"href":"https:\/\/www.leslanguessansstress.fr\/index.php\/wp-json\/wp\/v2\/posts"}],"about":[{"href":"https:\/\/www.leslanguessansstress.fr\/index.php\/wp-json\/wp\/v2\/types\/post"}],"author":[{"embeddable":true,"href":"https:\/\/www.leslanguessansstress.fr\/index.php\/wp-json\/wp\/v2\/users\/1"}],"replies":[{"embeddable":true,"href":"https:\/\/www.leslanguessansstress.fr\/index.php\/wp-json\/wp\/v2\/comments?post=16377"}],"version-history":[{"count":7,"href":"https:\/\/www.leslanguessansstress.fr\/index.php\/wp-json\/wp\/v2\/posts\/16377\/revisions"}],"predecessor-version":[{"id":16398,"href":"https:\/\/www.leslanguessansstress.fr\/index.php\/wp-json\/wp\/v2\/posts\/16377\/revisions\/16398"}],"wp:featuredmedia":[{"embeddable":true,"href":"https:\/\/www.leslanguessansstress.fr\/index.php\/wp-json\/wp\/v2\/media\/8191"}],"wp:attachment":[{"href":"https:\/\/www.leslanguessansstress.fr\/index.php\/wp-json\/wp\/v2\/media?parent=16377"}],"wp:term":[{"taxonomy":"category","embeddable":true,"href":"https:\/\/www.leslanguessansstress.fr\/index.php\/wp-json\/wp\/v2\/categories?post=16377"},{"taxonomy":"post_tag","embeddable":true,"href":"https:\/\/www.leslanguessansstress.fr\/index.php\/wp-json\/wp\/v2\/tags?post=16377"}],"curies":[{"name":"wp","href":"https:\/\/api.w.org\/{rel}","templated":true}]}}