{"id":16148,"date":"2024-06-21T18:23:07","date_gmt":"2024-06-21T16:23:07","guid":{"rendered":"https:\/\/www.leslanguessansstress.fr\/?p=16148"},"modified":"2024-07-19T18:00:09","modified_gmt":"2024-07-19T16:00:09","slug":"langues-sans-stress-professionnelles","status":"publish","type":"post","link":"https:\/\/www.leslanguessansstress.fr\/index.php\/2024\/06\/21\/langues-sans-stress-professionnelles\/","title":{"rendered":"5 Langues sans stress professionnelles"},"content":{"rendered":"<p style=\"font-weight: 400;\"><span style=\"font-family: verdana, geneva, sans-serif; color: #000080;\">Cette page vous informe sur les formations en 5 langues courantes et professionnelles que notre centre de formation propose quel que soit votre financement (particulier, entreprise, OPCO, Viv\u00e9a, CPF,* etc.).<\/span><\/p>\n<p style=\"font-weight: 400; text-align: center;\"><img loading=\"lazy\" decoding=\"async\" class=\"_1286nb17 alignnone\" src=\"https:\/\/img.freepik.com\/free-vector\/young-people-talking-different-languages-set_23-2148371525.jpg\" alt=\"preview\" width=\"390\" height=\"260\" data-nimg=\"fill\" \/><\/p>\n<h2 style=\"font-weight: 400;\"><span style=\"font-family: verdana, geneva, sans-serif; color: #ff6600; font-size: 28px;\">Formation 1 \u00e0 5 langues professionnelles \u00e9ligible \u00e0 divers financements<\/span><\/h2>\n<p><span style=\"font-family: verdana, geneva, sans-serif; color: #000080;\">1-Public<\/span><br \/>\n<span style=\"font-family: verdana, geneva, sans-serif; color: #000080;\">2-Pr\u00e9-requis<\/span><br \/>\n<span style=\"font-family: verdana, geneva, sans-serif; color: #000080;\">3-Objectifs de la formation<\/span><br \/>\n<span style=\"font-family: verdana, geneva, sans-serif; color: #000080;\">4-Organisation de la formation (contenu)<\/span><br \/>\n<span style=\"font-family: verdana, geneva, sans-serif; color: #000080;\">5-Accompagnement en formation<\/span><br \/>\n<span style=\"font-family: verdana, geneva, sans-serif; color: #000080;\">6-Validation de la formation<\/span><br \/>\n<span style=\"font-family: verdana, geneva, sans-serif; color: #000080;\">7-Intervenants<\/span><br \/>\n<span style=\"font-family: verdana, geneva, sans-serif; color: #000080;\">8-Lieu<\/span><br \/>\n<span style=\"font-family: verdana, geneva, sans-serif; color: #000080;\">9- Modalit\u00e9 de s\u00e9lection<\/span><br \/>\n<span style=\"font-family: verdana, geneva, sans-serif; color: #000080;\">10-Tarif<\/span><\/p>\n<p><img loading=\"lazy\" decoding=\"async\" class=\"alignnone size-medium wp-image-14383 aligncenter\" src=\"https:\/\/www.leslanguessansstress.fr\/wp-content\/uploads\/2022\/10\/QUALIOPI-action-de-formation-renouvele\u0301-20221009-Les-langues-sans-stress--300x193.jpg\" alt=\"\" width=\"300\" height=\"193\" srcset=\"https:\/\/www.leslanguessansstress.fr\/wp-content\/uploads\/2022\/10\/QUALIOPI-action-de-formation-renouvele\u0301-20221009-Les-langues-sans-stress--300x193.jpg 300w, https:\/\/www.leslanguessansstress.fr\/wp-content\/uploads\/2022\/10\/QUALIOPI-action-de-formation-renouvele\u0301-20221009-Les-langues-sans-stress--1024x660.jpg 1024w, https:\/\/www.leslanguessansstress.fr\/wp-content\/uploads\/2022\/10\/QUALIOPI-action-de-formation-renouvele\u0301-20221009-Les-langues-sans-stress--768x495.jpg 768w, https:\/\/www.leslanguessansstress.fr\/wp-content\/uploads\/2022\/10\/QUALIOPI-action-de-formation-renouvele\u0301-20221009-Les-langues-sans-stress-.jpg 1504w\" sizes=\"auto, (max-width: 300px) 100vw, 300px\" \/><\/p>\n<p><strong><span style=\"font-family: verdana, geneva, sans-serif; color: #000080;\">PUBLIC<\/span><\/strong><\/p>\n<p><span style=\"font-family: verdana, geneva, sans-serif; color: #000080;\">Tous.<\/span><\/p>\n<p><span style=\"font-family: verdana, geneva, sans-serif; color: #000080;\">Nos cours de langue des affaires et des comp\u00e9tences commerciales se d\u00e9clinent en plusieurs niveaux pour que vous, professionnel, puissiez apprendre selon votre profil et vos besoins, sans perdre de temps.<\/span><\/p>\n<p><span style=\"font-family: verdana, geneva, sans-serif; color: #000080;\">Le centre les langues sans stress vous offre des cours ax\u00e9s Business pratique dont vous avez besoin pour combler le foss\u00e9 entre la salle de classe et le monde du travail. <\/span><\/p>\n<p><span style=\"font-family: verdana, geneva, sans-serif; color: #000080;\">Nous vous aidons \u00e0 faire des progr\u00e8s mesurables dans l&rsquo;apprentissage de la langue de votre choix tout en contribuant \u00e0 vous rendre plus apte \u00e0 l&#8217;emploi ou \u00e0 mieux vous sentir pendant vos fonctions et voyages d&rsquo;affaires.<\/span><\/p>\n<p><span style=\"font-family: verdana, geneva, sans-serif; color: #000080;\">Nos programmes ne pr\u00e9supposent aucune connaissance du monde du travail. Ils sont con\u00e7us pour les \u00e9tudiants sans exp\u00e9rience professionnelle et les professionnels en poste ou souhaitant am\u00e9liorer leur mobilit\u00e9. <\/span><\/p>\n<h1 style=\"font-weight: 400;\"><span style=\"font-family: verdana, geneva, sans-serif; color: #000080;\">5 langues sans stress courantes en contexte professionnel : anglais, allemand, espagnol, italien, FLE<\/span><\/h1>\n<p><img loading=\"lazy\" decoding=\"async\" class=\"alignnone wp-image-14125 aligncenter\" src=\"https:\/\/www.leslanguessansstress.fr\/wp-content\/uploads\/2022\/10\/programme-adapte-a-5-langues-sans-stress-CPF-300x35.jpg\" alt=\"\" width=\"403\" height=\"47\" srcset=\"https:\/\/www.leslanguessansstress.fr\/wp-content\/uploads\/2022\/10\/programme-adapte-a-5-langues-sans-stress-CPF-300x35.jpg 300w, https:\/\/www.leslanguessansstress.fr\/wp-content\/uploads\/2022\/10\/programme-adapte-a-5-langues-sans-stress-CPF.jpg 702w\" sizes=\"auto, (max-width: 403px) 100vw, 403px\" \/><\/p>\n<h2 style=\"font-weight: 400;\"><span style=\"font-family: verdana, geneva, sans-serif; color: #000080; font-size: 28px;\">Restez motiv\u00e9 et fier de vos progr\u00e8s en langues sans stress<\/span><\/h2>\n<p><span style=\"font-family: verdana, geneva, sans-serif; color: #000080;\">Chaque niveau est r\u00e9dig\u00e9 selon l&rsquo;\u00e9chelle du CECRL et des objectifs d&rsquo;apprentissage de la langue professionnelle afin de vous aider \u00e0 \u00e9valuer vos progr\u00e8s.\u00a0<\/span><\/p>\n<p><strong><span style=\"font-family: verdana, geneva, sans-serif; color: #000080;\">PR\u00c9-REQUIS<\/span><\/strong><br \/>\n<span style=\"font-family: verdana, geneva, sans-serif; color: #000080;\">Aucun.<\/span><br \/>\n<span style=\"font-family: verdana, geneva, sans-serif; color: #000080;\"><strong>\u2192<\/strong> Un test de positionnement d\u00e9termine le niveau d&rsquo;entr\u00e9e dans le programme. <\/span><br \/>\n<span style=\"font-family: verdana, geneva, sans-serif; color: #000080;\">Si vous \u00eates vrai d\u00e9butant, vous entamez un module d&rsquo;initiation aux bases essentielles (grammaire, conjugaison, lexique et syntaxe) pour acc\u00e9der au programme choisi et \u00e0 la pr\u00e9paration au test de certification.<\/span><br \/>\n<span style=\"color: #000080; font-family: verdana, geneva, sans-serif;\"><strong>\u2192<\/strong> Utiliser un navigateur Internet, les fonctions de base d&rsquo;un clavier pour r\u00e9pondre aux questions lors du passage du test de certification en ligne. <\/span><\/p>\n<p><span style=\"color: #000080; font-family: verdana, geneva, sans-serif;\">Le cas \u00e9ch\u00e9ant, veuillez signaler votre situation de handicap pour la validation de votre entr\u00e9e en formation et une adaptation \u00e0 vos besoins dans la mesure du possible.<\/span><\/p>\n<p><span style=\"font-weight: bold; color: #000080; font-family: verdana, geneva, sans-serif;\"><span style=\"font-weight: 400;\"><strong>8 NIVEAUX<\/strong> \u00a0<\/span><\/span><br \/>\n<span style=\"color: #000080; font-family: verdana, geneva, sans-serif;\"><span style=\"font-weight: 400;\">A1 , A2 , A2+ , B1 , B1+ , B2 , C1 , C1+<\/span><\/span><br \/>\n<span style=\"color: #000080; font-family: verdana, geneva, sans-serif;\">\u2192 Chaque niveau requiert entre 60 et 90 heures d&rsquo;\u00e9tude autonome. <\/span><br \/>\n<span style=\"color: #000080; font-family: verdana, geneva, sans-serif;\">\u2192 Le nombre et la <\/span><span style=\"color: #000080; font-family: verdana, geneva, sans-serif;\"><span style=\"caret-color: #000080;\">fr\u00e9quence des accompagnements par la formatrice sont ajust\u00e9 \u00e0 votre besoin ou \u00e0 votre budget.<\/span><\/span><\/p>\n<p><img loading=\"lazy\" decoding=\"async\" class=\"wp-image-13150 aligncenter\" src=\"https:\/\/www.leslanguessansstress.fr\/wp-content\/uploads\/2022\/01\/CPF-Niveaux-dacquisition-des-langues-sans-stress-selon-le-CECRL-300x158.png\" alt=\"\" width=\"442\" height=\"233\" srcset=\"https:\/\/www.leslanguessansstress.fr\/wp-content\/uploads\/2022\/01\/CPF-Niveaux-dacquisition-des-langues-sans-stress-selon-le-CECRL-300x158.png 300w, https:\/\/www.leslanguessansstress.fr\/wp-content\/uploads\/2022\/01\/CPF-Niveaux-dacquisition-des-langues-sans-stress-selon-le-CECRL-1024x538.png 1024w, https:\/\/www.leslanguessansstress.fr\/wp-content\/uploads\/2022\/01\/CPF-Niveaux-dacquisition-des-langues-sans-stress-selon-le-CECRL-768x404.png 768w, https:\/\/www.leslanguessansstress.fr\/wp-content\/uploads\/2022\/01\/CPF-Niveaux-dacquisition-des-langues-sans-stress-selon-le-CECRL-1536x807.png 1536w, https:\/\/www.leslanguessansstress.fr\/wp-content\/uploads\/2022\/01\/CPF-Niveaux-dacquisition-des-langues-sans-stress-selon-le-CECRL-2048x1077.png 2048w\" sizes=\"auto, (max-width: 442px) 100vw, 442px\" \/><\/p>\n<p style=\"font-weight: 400;\"><span style=\"font-family: verdana, geneva, sans-serif; color: #000080;\"><strong>OBJECTIFS DE LA FORMATION<\/strong><\/span><\/p>\n<p><span style=\"font-family: verdana, geneva, sans-serif; color: #000080;\">\u00catre capable de\u00a0:<\/span><\/p>\n<p><span style=\"font-family: verdana, geneva, sans-serif; color: #000080;\">\u00a0&#8211; Communiquer efficacement \u00e0 l\u2019oral et \u00e0 l\u2019\u00e9crit et interagir avec confiance <\/span><br \/>\n<span style=\"font-family: verdana, geneva, sans-serif; color: #000080;\">\u00a0&#8211; Comprendre et d\u00e9gager le sens global et des d\u00e9tails sp\u00e9cifiques d\u2019un texte ou d\u2019un \u00e9nonc\u00e9<\/span><br \/>\n<span style=\"font-family: verdana, geneva, sans-serif; color: #000080;\">\u00a0&#8211; Comprendre et mettre en action des instructions ou suivre un protocole<\/span><br \/>\n<span style=\"font-family: verdana, geneva, sans-serif; color: #000080;\">\u00a0&#8211; Identifier et utiliser un vocabulaire courant ou professionnel adapte\u0301 au contexte<\/span><br \/>\n<span style=\"font-family: verdana, geneva, sans-serif; color: #000080;\">\u00a0&#8211; Identifier et utiliser des expressions de la vie courante et du milieu professionnel<\/span><br \/>\n<span style=\"font-family: verdana, geneva, sans-serif; color: #000080;\">\u00a0&#8211; Participer a\u0300 une communication orale avec un interlocuteur sur des sujets personnels et professionnels<\/span><br \/>\n<span style=\"font-family: verdana, geneva, sans-serif; color: #000080;\">\u00a0&#8211; Comprendre et r\u00e9pondre aux questions d\u2019un interlocuteur selon son propre niveau de maitrise de la langue<\/span><br \/>\n<span style=\"font-family: verdana, geneva, sans-serif; color: #000080;\">\u00a0&#8211; Partager des informations et participer activement \u00e0 une conversation ou r\u00e9union<\/span><br \/>\n<span style=\"font-family: verdana, geneva, sans-serif; color: #000080;\">\u00a0&#8211; Comprendre et \u00eatre compris pendant un voyage dans la plupart des situations courantes et \u00e0 caract\u00e8re professionnel.\u00a0<\/span><\/p>\n<p style=\"font-weight: 400;\"><span style=\"font-family: verdana, geneva, sans-serif; color: #000080;\"><strong>LANGUE D&rsquo;\u00c9TUDE :\u00a0<\/strong>Anglais, allemand, espagnol, italien, fran\u00e7ais \u00a0<\/span><\/p>\n<p style=\"font-weight: 400;\">\n<p><img loading=\"lazy\" decoding=\"async\" class=\"alignnone size-medium wp-image-9211 aligncenter\" src=\"https:\/\/www.leslanguessansstress.fr\/wp-content\/uploads\/2020\/05\/image-BILINGUE-6-LANGUES-drapeaux-300x43.png\" alt=\"\" width=\"300\" height=\"43\" srcset=\"https:\/\/www.leslanguessansstress.fr\/wp-content\/uploads\/2020\/05\/image-BILINGUE-6-LANGUES-drapeaux-300x43.png 300w, https:\/\/www.leslanguessansstress.fr\/wp-content\/uploads\/2020\/05\/image-BILINGUE-6-LANGUES-drapeaux-768x111.png 768w, https:\/\/www.leslanguessansstress.fr\/wp-content\/uploads\/2020\/05\/image-BILINGUE-6-LANGUES-drapeaux.png 806w\" sizes=\"auto, (max-width: 300px) 100vw, 300px\" \/><\/p>\n<h2 style=\"font-weight: 400;\"><span style=\"font-family: verdana, geneva, sans-serif; color: #000080; font-size: 16px;\"><strong>\u00c9TUDE BILINGUE SANS STRESS<\/strong> : anglais (renforcement) + allemand, espagnol, italien ou fran\u00e7ais au choix \u00a0<\/span><\/h2>\n<p><span style=\"font-family: verdana, geneva, sans-serif; color: #000080;\">Johan Wolgang Goethe dit : \u00ab\u00a0Les langues, \u00e7a ne fonctionne pas comme les vases communicants. Les langues ne sont jamais en concurence. Plus on en apprend et plus cela facilite l&rsquo;apprentissage de nouvelles langues. Il y a un effet cumulatif. L&rsquo;apprentissage d&rsquo;une langue ne nuit pas \u00e0 l&rsquo;apprentissage d&rsquo;une autre langue; c&rsquo;est tout le contraire\u00a0\u00bb. <\/span><\/p>\n<p><span style=\"font-family: verdana, geneva, sans-serif; color: #000080;\">Nous vous proposons des formations bilingues, trilingues et jusqu&rsquo;\u00e0 5 langues pour devenir polyglotte en anglais, allemand, espagnol, fran\u00e7ais et italien. <\/span><\/p>\n<p><span style=\"font-family: verdana, geneva, sans-serif; color: #000080;\">La majorit\u00e9 de nos formations professionnelles sont en anglais + LV2 au choix. Nous adaptons n\u00e9anmoins nos ressources pour varier la langue base selon votre besoin.<\/span><\/p>\n<h1 style=\"font-weight: 400;\"><span style=\"font-family: verdana, geneva, sans-serif; color: #ff6600; font-size: 28px;\">Formation professionnelle en 5 langues sans stress pour l&rsquo;accueil\u00a0<\/span><\/h1>\n<p><strong><span style=\"font-family: verdana, geneva, sans-serif; color: #000080;\">Standard t\u00e9l\u00e9phonique et <\/span><span style=\"font-family: verdana, geneva, sans-serif; color: #000080;\">accueil en entreprise \u00a0<\/span><\/strong><br \/>\n<span><strong><span style=\"color: #000080; font-family: verdana, geneva, sans-serif;\"><span style=\"caret-color: #000080;\">Accueil<\/span> et accompagnement en milieu tourisme\u00a0<\/span><\/strong><\/span><\/p>\n<p><span style=\"font-family: verdana, geneva, sans-serif; color: #000080;\">Les cours sont en 5 langues \u00e9ligibles au CPF car la formatrice est polyglotte et certifi\u00e9e, profitez-en!<\/span><\/p>\n<p>&nbsp;<\/p>\n<p><span style=\"font-family: verdana, geneva, sans-serif; color: #000080;\"><strong>ORGANISATION DE LA FORMATION<\/strong> (contenu)\u00a0<\/span><\/p>\n<p style=\"font-weight: 400;\"><span style=\"font-family: verdana, geneva, sans-serif; color: #000080;\">Le dispositif de formation propos\u00e9 est modulaire et multimodale produit <\/span><span style=\"font-family: verdana, geneva, sans-serif; color: #000080;\">\u00e0 partir du r\u00e9f\u00e9rentiel d\u2019activit\u00e9s linguistiques dans un contexte professionnel et du r\u00e9f\u00e9rentiel de certification. Chaque acquisition est transversale :<\/span><\/p>\n<ul>\n<li><span style=\"font-family: verdana, geneva, sans-serif; color: #000080;\">Acqu\u00e9rir et d\u00e9velopper progressivement les structures (S) des phrases et le vocabulaire permettant la communication professionnelle et l&rsquo;interaction instinctive au quotidien selon votre niveau individuel de ma\u00eetrise de l&rsquo;anglais :<\/span>\n<ul>\n<li style=\"font-weight: 400;\"><span style=\"font-family: verdana, geneva, sans-serif; color: #000080;\"><strong>S 1<\/strong> \u2013 Exercices de grammaire, conjugaison et orthographe, syntaxe par niveau A1\/A2. B1\/B2. C1\/C2<\/span><\/li>\n<li style=\"font-weight: 400;\"><span style=\"font-family: verdana, geneva, sans-serif; color: #000080;\"><strong>S 2<\/strong> \u2013 Apprentissage du lexique courant et professionnel th\u00e9matique (d\u00e9velopp\u00e9 ci-dessous). \u00a0<\/span><\/li>\n<li style=\"font-weight: 400;\"><span style=\"font-family: verdana, geneva, sans-serif; color: #000080;\"><strong>S 3<\/strong> \u2013 Entrainement oral et \u00e9crit par petits blocs th\u00e9matiques. \u00a0\u00a0<\/span><\/li>\n<li style=\"font-weight: 400;\"><span style=\"font-family: verdana, geneva, sans-serif; color: #000080;\"><strong>S 4<\/strong> \u2013 Mise en pratique orale en situation contextuelle et immersion progressive.<\/span><\/li>\n<li><strong style=\"color: #000080; font-family: verdana, geneva, sans-serif; font-weight: 400;\">S 5<\/strong><span style=\"color: #000080; font-family: verdana, geneva, sans-serif;\"> \u2013 <span style=\"caret-color: #000080;\">Diagnostic<\/span> de progression dans le programme pendant une activit\u00e9 ludique ou une conversation, un QCM&#8230;<\/span><\/li>\n<\/ul>\n<\/li>\n<\/ul>\n<ul>\n<li style=\"font-weight: 400;\"><span style=\"font-family: verdana, geneva, sans-serif; color: #000080;\">Utiliser les structures dans un contexte th\u00e9matique de communication courante et d&rsquo;\u00e9changes professionnels selon le niveau individuel d&rsquo;acquisition. <span style=\"color: #000080; font-size: 16px; font-family: verdana, geneva, sans-serif;\">ADAPTATION au niveau personnalis\u00e9e : initiation, remise \u00e0 niveau et perfectionnement selon besoins d\u00e9tect\u00e9s<\/span> :<\/span><\/li>\n<\/ul>\n<h2 style=\"font-weight: 400;\"><span style=\"font-family: verdana, geneva, sans-serif; color: #ff6600; font-size: 28px;\">Apprenez \u00e0 vous exprimer avec aplomb pendant nos ateliers aux situations ludiques en 5 langues courantes et professionnelles\u00a0<\/span><\/h2>\n<ol>\n<li style=\"font-weight: 400;\"><span style=\"font-family: verdana, geneva, sans-serif; color: #000080;\">Saluer, se pr\u00e9senter, montrer de l\u2019int\u00e9r\u00eat \u00e0 ce qui se dit ou se d\u00e9roule (situation socioprofessionnelle ou professionnelle)<\/span><\/li>\n<li style=\"font-weight: 400;\"><span style=\"font-family: verdana, geneva, sans-serif; color: #000080;\">R\u00e9pondre et poser des questions sur une offre, pendant une r\u00e9union ou un \u00e9change t\u00e9l\u00e9phonique<\/span><\/li>\n<li style=\"font-weight: 400;\"><span style=\"font-family: verdana, geneva, sans-serif; color: #000080;\">Accepter\/refuser une invitation, un pr\u00e9sent, une offre et exprimer un remerciement\u00a0<\/span><\/li>\n<li style=\"font-weight: 400;\"><span style=\"font-family: verdana, geneva, sans-serif; color: #000080;\">Pr\u00e9senter des produits ou services, un catalogue, prendre l&rsquo;avis de l&rsquo;interlocuteur \u00a0<\/span><\/li>\n<li style=\"font-weight: 400;\"><span style=\"font-family: verdana, geneva, sans-serif; color: #000080;\">Comprendre le sujet d\u2019une conversation \u00e0 r\u00e9sumer la discussion avec pr\u00e9cision (selon son niveau de compr\u00e9hension)\u00a0<\/span><\/li>\n<li style=\"font-weight: 400;\"><span style=\"font-family: verdana, geneva, sans-serif; color: #000080;\">Prendre part a\u0300 une conversation formelle ou informelle et interagir ponctuellement<\/span><\/li>\n<li style=\"font-weight: 400;\"><span style=\"font-family: verdana, geneva, sans-serif; color: #000080;\">D\u00e9crire et commenter ou d\u00e9battre d&rsquo;une image, un tableau, une vid\u00e9o ou un document a\u0300 l\u2019oral \u00a0<\/span><\/li>\n<li style=\"font-weight: 400;\"><span style=\"font-family: verdana, geneva, sans-serif; color: #000080;\">Discuter avec nuance et pr\u00e9cision sur des sujets simples \u00e0 complexes \u00e0 l&rsquo;\u00e9crit et \u00e0 l&rsquo;oral\u00a0<\/span><\/li>\n<li style=\"font-weight: 400;\"><span style=\"font-family: verdana, geneva, sans-serif; color: #000080;\">Acqu\u00e9rir des expressions idiomatiques et termes sp\u00e9cifiques \u00e0 la langue courante et professionnelle<\/span><\/li>\n<li style=\"font-weight: 400;\"><span style=\"font-family: verdana, geneva, sans-serif; color: #000080;\">Faire une pr\u00e9sentation, un discours, une intervention dans le cadre professionnel<\/span><\/li>\n<\/ol>\n<p>&nbsp;<\/p>\n<h2 style=\"font-weight: 400;\"><span style=\"font-family: verdana, geneva, sans-serif; color: #ff6600; font-size: 28px;\">Entrainez-vous \u00e0 comprendre les documents \u00e9crits et audibles en langues sans stress<\/span><\/h2>\n<ul>\n<li style=\"font-weight: 400;\"><span style=\"font-family: verdana, geneva, sans-serif; color: #000080;\">Adapter son \u00e9coute aux des dialogues entre locuteurs natifs et \u00e9trangers (divers accents, registres et de\u0301bits)<\/span><\/li>\n<li style=\"font-weight: 400;\"><span style=\"font-family: verdana, geneva, sans-serif; color: #000080;\">Suivre et d\u00e9crire une conversation depuis un extrait de film, s\u00e9rie, e\u0301mission TV<\/span><\/li>\n<li style=\"font-weight: 400;\"><span style=\"font-family: verdana, geneva, sans-serif; color: #000080;\">Lire et reformuler des textes simples \u00e0 complexes<\/span><\/li>\n<\/ul>\n<p>&nbsp;<\/p>\n<h2 style=\"font-weight: 400;\"><span style=\"font-family: verdana, geneva, sans-serif; font-size: 28px; color: #ff6600;\">Ma\u00eetrisez la grammaire et fluidifiez votre expression en prenant du plaisir!<\/span><\/h2>\n<ul>\n<li><span style=\"font-family: verdana, geneva, sans-serif; color: #000080;\">Acquisition des bases de la grammaire ou renforcement des faiblesses d\u00e9cel\u00e9es lors du test d\u2019entr\u00e9e.<\/span><\/li>\n<li><span style=\"font-family: verdana, geneva, sans-serif; color: #000080;\">La prononciation, la rythmique de la phrase et les mots qui la composent .<\/span><\/li>\n<li><span style=\"color: #000080; font-family: verdana, geneva, sans-serif;\">Rappel et d\u00e9veloppement d\u00e8s le niveau A2 : Les pr\u00e9positions de temps, mots interrogatifs, questions ouvertes\/ferm\u00e9es, les \u00ab\u00a0tags\u00a0\u00bb,\u00a0 questions indirectes, \u00a0demandes polies. et les questions avec un choix. Les affirmations, questions de d\u00e9duction, sur le sens d\u2019une phrase, sur la suite \u00e0 donner, sur un document visuel&#8230; Les pr\u00e9positions. La dur\u00e9e, la fr\u00e9quence, la quantit\u00e9. Les cat\u00e9gories grammaticales (nom, verbe, pr\u00e9po, adj, adv, conjonction, pronom). Les noms d\u00e9nombrables\/ind\u00e9nombrables, \u2018some, any, no\u2019, les quantifieurs \u2018some, a lot, much, many\u2019. Les pr\u00e9positions de temps, lieu et de mouvement. Les verbes \u00e0 particules \u2018phrasal verbs\u2019. Les adjectifs et pronoms possessifs, les comparaisons. Les auxiliaires modaux \u2018can, could, must, will, should\u2019. Le conditionnel. Les pronoms relatifs. Verbe g\u00e9rondif ou infinitif, Le passif. Les fa\u00e7ons de dire \u2018faire faire quelquechose\u2019, choisir entre &lsquo;make or do&rsquo;. Les suffixes. Les mots compos\u00e9s avec \u2018some, any, no\u2019. Les adjectifs et les verbes \u00e0 pr\u00e9position. Choisir \u2018Used to\u2019 ou \u2018be used to\u2019. Les mots de liaison. Les temps et les auxiliaires. Les mots associ\u00e9s aux temps. Le cas de \u2018always\u2019. Choisir entre deux temps. Les temps du futur. Le discours indirect \u2013 concordance des temps, choisir &lsquo;Say or tell&rsquo;. \u00a0Les mots de liaison : marquer le contraste et d\u00e9velopper un argument, \u00a0indiquer le r\u00e9sultat, la cause, le but. Les autres utilisations des auxiliaires : remplacer le verbe, mettre un tag, montrer une insistance, exprimer un accord affirmatif ou n\u00e9gatif,&#8230;<\/span>\n<p style=\"font-weight: 400;\"><span style=\"color: #000080; font-family: verdana, geneva, sans-serif;\">TRUCS er CONSEILS pour r\u00e9ussir son test (si vous \u00eates inscrit pour une certification, voir modalit\u00e9s sp\u00e9cifiques)\u00a0<\/span><\/p>\n<\/li>\n<\/ul>\n<h2 style=\"font-weight: 400;\"><span style=\"font-family: verdana, geneva, sans-serif; color: #ff6600; font-size: 28px;\">Enrichissez votre vocabulaire courant et professionnel en 5 langues sans stress<\/span><\/h2>\n<ul>\n<li><span style=\"font-family: verdana, geneva, sans-serif; color: #000080;\">Mots les plus usit\u00e9s toutes situations et contextes confondus, expressions \u00a0courantes et idiomatiques, la langue formelle ou informelle. Les familles de mots, les contraires, les synonymes, les expressions courantes, les verbes, la ponctuation,..<\/span><\/li>\n<li style=\"font-weight: 400;\"><span style=\"font-family: verdana, geneva, sans-serif; color: #000080;\">Situations de la vie courante : relations sociales au travail, sant\u00e9, voyages, loisirs, cuisine, nature, famille et \u00e9tudes, actualit\u00e9s, etc.<\/span><\/li>\n<li style=\"font-weight: 400;\"><span style=\"font-family: verdana, geneva, sans-serif; color: #000080;\">Situations de la vie professionnelle : saluer et pr\u00e9senter sa hi\u00e9rarchie, l\u2019entreprise, accueillir des visiteurs, parler des succ\u00e8s et projets de son entreprise et ceux qui sont en cours, prendre\/annuler un rendez-vous, animer une r\u00e9union, pr\u00e9parer un entretien ou une n\u00e9gociation, le suivi des dossiers, donner la raison d\u2019une d\u00e9cision, etc.<\/span><\/li>\n<\/ul>\n<p>&nbsp;<\/p>\n<h2 style=\"font-weight: 400;\"><span style=\"font-family: verdana, geneva, sans-serif; color: #ff6600; font-size: 28px;\">Parlez les langues sans stress en entreprise<\/span><\/h2>\n<p><span style=\"color: #000080; font-family: verdana, geneva, sans-serif;\">Accueillir un visiteur ; Se pr\u00e9senter, parler de son activit\u00e9 ; pr\u00e9senter ses coll\u00e8gues, sa hi\u00e9rarchie ;<\/span><br \/>\n<span style=\"color: #000080; font-family: verdana, geneva, sans-serif;\">Pr\u00e9senter bri\u00e8vement l\u2019activit\u00e9 de l\u2019entreprise et ses produits ou services<\/span><br \/>\n<span style=\"color: #000080; font-family: verdana, geneva, sans-serif;\">Faire une pr\u00e9sentation ; Animer ou participer \u00e0 une r\u00e9union ; N\u00e9gocier ;<\/span><br \/>\n<span style=\"color: #000080; font-family: verdana, geneva, sans-serif;\">Correspondre par email ; G\u00e9rer une situation ; Conduire un entretien ;<\/span><br \/>\n<span style=\"color: #000080; font-family: verdana, geneva, sans-serif;\">Prendre part activement aux diverses activit\u00e9s et interactions habituelles rencontr\u00e9es en entreprise.\u00a0<\/span><\/p>\n<h2 style=\"font-weight: 400;\"><span style=\"font-family: verdana, geneva, sans-serif; color: #ff6600; font-size: 28px;\">Prenez confiance au t\u00e9l\u00e9phone en 5 langues professionnelles sans stress<\/span><\/h2>\n<p><span style=\"color: #000080; font-family: verdana, geneva, sans-serif;\">Prendre et passer un appel, mettre en attente ; <\/span><br \/>\n<span style=\"color: #000080; font-family: verdana, geneva, sans-serif;\">Entrer une date dans son agenda ; <\/span><br \/>\n<span style=\"color: #000080; font-family: verdana, geneva, sans-serif;\">\u00c9peler un nom, une adresse postale, un email ou num\u00e9ro de t\u00e9l\u00e9phone ; <\/span><br \/>\n<span style=\"color: #000080; font-family: verdana, geneva, sans-serif;\">Donner une information par t\u00e9l\u00e9phone et saisir le sens g\u00e9n\u00e9ral d\u2019un appel.<\/span><\/p>\n<p><span style=\"color: #000080; font-family: verdana, geneva, sans-serif;\">Entra\u00eenez-vous \u00e0 illustrer des sujets du quotidien et badinez autour de la machine \u00e0 caf\u00e9 pour renforcer les liens professionnels.<\/span><\/p>\n<h2 style=\"font-weight: 400;\"><span style=\"font-family: verdana, geneva, sans-serif; color: #ff6600; font-size: 28px;\">Badinez sur des sujets du quotidien autour de la machine \u00e0 caf\u00e9 pour renforcer les liens professionnels\u00a0<\/span><\/h2>\n<p><span style=\"color: #000080; font-family: verdana, geneva, sans-serif;\">Poser et r\u00e9pondre \u00e0 des questions simples \u00e0 complexes; <\/span><br \/>\n<span style=\"font-family: verdana, geneva, sans-serif;\"><span style=\"color: #000080;\">Raconter un \u00e9v\u00e9nement pass\u00e9 ; <\/span><span style=\"color: #000080;\">Faire des projets ; Formuler des souhaits et des espoirs ;<\/span><\/span><br \/>\n<span style=\"color: #000080; font-family: verdana, geneva, sans-serif;\">Donner des indications, prendre des informations ; Faire confirmer une information ;<\/span><br \/>\n<span style=\"color: #000080; font-family: verdana, geneva, sans-serif;\">Montrer de l\u2019int\u00e9r\u00eat, faire r\u00e9p\u00e9ter, d\u00e9crire ; Demander des d\u00e9tails, en donner ;\u00a0<\/span><br \/>\n<span style=\"color: #000080; font-family: verdana, geneva, sans-serif;\">Parler de ses \u00e9tudes, d\u2019activit\u00e9s et des centres d\u2019int\u00e9r\u00eat, des proches, du climat, de la sant\u00e9, de l\u2019alimentation, la maison, les pays\u2026<\/span><\/p>\n<p><span style=\"color: #000080; font-family: verdana, geneva, sans-serif;\"><strong>Vocabulaire<\/strong><\/span><br \/>\n<span style=\"color: #000080; font-family: verdana, geneva, sans-serif;\">\u00a0Pr\u00e9sentation du vocabulaire g\u00e9n\u00e9ral et professionnel de base selon le contexte th\u00e9matique ci-dessus.<\/span><br \/>\n<span style=\"color: #000080; font-family: verdana, geneva, sans-serif;\">\u00a0&#8211; Orthographe des mots selon certaines r\u00e8gles <\/span><br \/>\n<span style=\"color: #000080; font-family: verdana, geneva, sans-serif;\">\u00a0&#8211; Traductions difficiles et faux amis <\/span><br \/>\n<span style=\"color: #000080; font-family: verdana, geneva, sans-serif;\">\u00a0&#8211; Lexique cibl\u00e9 et expressions particuli\u00e8res\u00a0<\/span><\/p>\n<p><span style=\"font-family: verdana, geneva, sans-serif; font-size: 16px;\"><span style=\"color: #000080;\"><strong>Expression \u00e9crite et orale<\/strong><\/span> <\/span><br \/>\n<span style=\"font-family: verdana, geneva, sans-serif; font-size: 16px;\"><span style=\"color: #000080;\">Recomposition de phrases d&rsquo;apr\u00e8s model<\/span><\/span><br \/>\n<span style=\"font-family: verdana, geneva, sans-serif; font-size: 16px;\"><span style=\"color: #000080;\">Entrainement \u00e0 la lecture \u00e0 voix haute <\/span><\/span><br \/>\n<span style=\"font-family: verdana, geneva, sans-serif; font-size: 16px;\"><span style=\"color: #000080;\">Am\u00e9lioration de la prononciation<\/span><\/span><\/p>\n<p><span style=\"color: #000080; font-family: verdana, geneva, sans-serif;\"><strong>GRAMMAIRE\u00a0<\/strong><\/span><br \/>\n<span style=\"color: #000080; font-family: verdana, geneva, sans-serif;\">La prononciation et les liaisons entre des mots, le rythme de la phrase ; <\/span><br \/>\n<span style=\"color: #000080; font-family: verdana, geneva, sans-serif;\">Le nom, les pronoms, les articles ; <\/span><br \/>\n<span style=\"color: #000080; font-family: verdana, geneva, sans-serif;\">Les accords et exceptions ; les conjugaisons ;<\/span><br \/>\n<span style=\"color: #000080; font-family: verdana, geneva, sans-serif;\"> Les nombres, l\u2019heure et la date ; <\/span><br \/>\n<span style=\"color: #000080; font-family: verdana, geneva, sans-serif;\">Les structures de base de la phrase simple ; <\/span><br \/>\n<span style=\"color: #000080; font-family: verdana, geneva, sans-serif;\">La question, la n\u00e9gation, l\u2019exclamation ;<\/span><br \/>\n<span style=\"color: #000080; font-family: verdana, geneva, sans-serif;\">Les verbes : les temps de base et concordances ;<\/span><br \/>\n<span style=\"font-family: verdana, geneva, sans-serif;\"><span style=\"color: #000080;\">L&rsquo;imp\u00e9ratif ; <\/span><span style=\"color: #000080;\">Les formules de politesse ; <\/span><\/span><br \/>\n<span style=\"color: #000080; font-family: verdana, geneva, sans-serif;\">Le conditionnel, le subjonctif, leurs pass\u00e9s, le <span style=\"font-size: 16px;\"><span style=\"color: #000080;\">plus-que-parfait<\/span><\/span>\u00a0;<\/span><br \/>\n<span style=\"color: #000080; font-family: verdana, geneva, sans-serif;\">La comparaison, le superlatif, les exceptions ;<\/span><br \/>\n<span style=\"color: #000080; font-family: verdana, geneva, sans-serif;\">Les adverbes et pr\u00e9positions ; Les conjonctions ;<\/span><br \/>\n<span style=\"color: #000080; font-family: verdana, geneva, sans-serif;\">La voix active et la voix passive, le discours rapport\u00e9 ;<\/span><br \/>\n<span style=\"color: #000080; font-family: verdana, geneva, sans-serif;\">Les propositions, les expressions verbales et pr\u00e9positionnelles ;<\/span><br \/>\n<span style=\"color: #000080; font-family: verdana, geneva, sans-serif;\">Les f<span style=\"font-size: 16px;\"><span style=\"color: #000080;\">ormes directe et indirecte ; L<\/span><\/span>a phrase complexe&#8230; <\/span><br \/>\n<span style=\"color: #000080; font-family: verdana, geneva, sans-serif;\">\u2192 <span style=\"text-decoration: underline;\">Adaptation selon les particularit\u00e9s de chaque langue<\/span><\/span><\/p>\n<p><span style=\"font-family: verdana, geneva, sans-serif;\"><strong><span style=\"color: #000080;\">R\u00c9SULTATS<\/span><\/strong><\/span><br \/>\n<span style=\"font-family: verdana, geneva, sans-serif; color: #000080;\">1 &#8211; Valider la progression d&rsquo;au moins 1\/2 de niveau entre celui d\u00e9tect\u00e9 en d\u00e9but de programme et celui atteint en fin de formation. <\/span><br \/>\n<span style=\"font-family: verdana, geneva, sans-serif; color: #000080;\">2 &#8211; Attester les acquis quel que soit la ma\u00eetrise de la langue, d\u00e8s le niveau d\u00e9butant.<\/span><br \/>\n<span style=\"font-family: verdana, geneva, sans-serif; color: #000080;\">3 &#8211; Certifier les connaissances en langue professionnelle d\u00e8s le niveau pr\u00e9 interm\u00e9diaire (si contrat de certification).<\/span><\/p>\n<h2 style=\"font-weight: 400;\"><span style=\"font-family: verdana, geneva, sans-serif; color: #ff6600; font-size: 28px;\">5 langues sans stress certifi\u00e9es avec les tests Le Robert, CLO\u00c9, TOEIC <\/span><\/h2>\n<h2 style=\"font-weight: 400;\"><span style=\"font-size: 20px;\"><span style=\"font-family: verdana, geneva, sans-serif; color: #000080;\">Tous nos programmes en langue professionnelle sont certifiants (selon contrat)<\/span><span style=\"font-family: verdana, geneva, sans-serif; color: #000080;\">\u00a0:<\/span><\/span><br \/>\n<span style=\"font-family: verdana, geneva, sans-serif; color: #000080; font-size: 20px;\">Test <a href=\"https:\/\/www.leslanguessansstress.fr\/index.php\/2023\/08\/21\/francais-certification-le-robert-2023-6\/\"><strong>LE ROBERT<\/strong><\/a> pour les \u00e9crits en fran\u00e7ais<\/span><br \/>\n<span style=\"font-family: verdana, geneva, sans-serif; color: #000080; font-size: 20px;\">Test <a href=\"https:\/\/www.leslanguessansstress.fr\/index.php\/2023\/05\/21\/anglais-general-et-professionnel-preparation-toeic\/\"><strong>TOEIC<\/strong><\/a> en anglais<\/span><br \/>\n<span style=\"font-family: verdana, geneva, sans-serif; color: #000080;\"><span style=\"font-size: 20px;\">Test <a href=\"https:\/\/www.leslanguessansstress.fr\/wp-admin\/post.php?post=14560&amp;action=edit\" target=\"_blank\" rel=\"noopener\"><strong>CLO\u00c9<\/strong><\/a> anglais, allemand, espagnol, italien, F.L.E.<\/span> \u00a0<\/span><\/h2>\n<p><span style=\"text-decoration: underline;\"><span style=\"font-family: verdana, geneva, sans-serif; color: #000080; text-decoration: underline;\">ATTESTATION LANGUE COURANTE ET PROFESSIONNELLE EN MILIEU PROFESSIONNEL\u00a0<\/span><\/span><br \/>\n<span style=\"font-family: verdana, geneva, sans-serif; color: #000080;\">Test <strong>BRIGHT<\/strong> anglais, allemand, espagnol, italien, F.L.E.\u00a0<\/span><\/p>\n<p><img loading=\"lazy\" decoding=\"async\" class=\"alignnone size-medium wp-image-12257 aligncenter\" src=\"https:\/\/www.leslanguessansstress.fr\/wp-content\/uploads\/2021\/03\/Gestion-du-stress-special-milieu-professionnel-avec-les-langues-sans-stress-73110-LaRochette-300x168.png\" alt=\"\" width=\"300\" height=\"168\" srcset=\"https:\/\/www.leslanguessansstress.fr\/wp-content\/uploads\/2021\/03\/Gestion-du-stress-special-milieu-professionnel-avec-les-langues-sans-stress-73110-LaRochette-300x168.png 300w, https:\/\/www.leslanguessansstress.fr\/wp-content\/uploads\/2021\/03\/Gestion-du-stress-special-milieu-professionnel-avec-les-langues-sans-stress-73110-LaRochette-1024x572.png 1024w, https:\/\/www.leslanguessansstress.fr\/wp-content\/uploads\/2021\/03\/Gestion-du-stress-special-milieu-professionnel-avec-les-langues-sans-stress-73110-LaRochette-768x429.png 768w, https:\/\/www.leslanguessansstress.fr\/wp-content\/uploads\/2021\/03\/Gestion-du-stress-special-milieu-professionnel-avec-les-langues-sans-stress-73110-LaRochette-888x500.png 888w, https:\/\/www.leslanguessansstress.fr\/wp-content\/uploads\/2021\/03\/Gestion-du-stress-special-milieu-professionnel-avec-les-langues-sans-stress-73110-LaRochette-800x450.png 800w, https:\/\/www.leslanguessansstress.fr\/wp-content\/uploads\/2021\/03\/Gestion-du-stress-special-milieu-professionnel-avec-les-langues-sans-stress-73110-LaRochette.png 1047w\" sizes=\"auto, (max-width: 300px) 100vw, 300px\" \/><\/p>\n<h2 style=\"font-weight: 400;\"><span style=\"font-family: verdana, geneva, sans-serif; color: #ff6600;\"><span style=\"font-size: 28px;\">Techniques de relaxation et hypnose pour apprendre une langue sans stress\u00a0<\/span><\/span><\/h2>\n<p><span style=\"color: #000080;\"><strong><span style=\"font-family: verdana, geneva, sans-serif;\">PR\u00c9PARATION MENTALE <\/span><\/strong><\/span><\/p>\n<ul>\n<li><span style=\"font-family: verdana, geneva, sans-serif; color: #000080;\"><strong>Auto-\u00e9valuation de votre niveau et de vos besoins : <\/strong>deux questionnaires tr\u00e8s personnels vous aident \u00e0 vous situer imm\u00e9diatement en communication et \u00e0 reconna\u00eetre votre profil d&rsquo;apprenant puis vos besoins r\u00e9els pour atteindre des objectifs qui peuvent avoir chang\u00e9s en remplissant ces deux questionnaires!<\/span><\/li>\n<li><span style=\"font-family: verdana, geneva, sans-serif; color: #000080;\"> La pr\u00e9paration mentale aide \u00e0 reconna\u00eetre sa fa\u00e7on d&rsquo;\u00eatre et donc d&rsquo;apprendre efficacement. Mettre en place des ressources personnelles pour se d\u00e9barrasser des tracas du quotidien ou d&rsquo;un stress, lib\u00e8re l&rsquo;esprit et concentre l&rsquo;\u00e9nergie n\u00e9cessaire \u00e0 l&rsquo;apprentissage de la langue \u00e9trang\u00e8re. <\/span><\/li>\n<li><span style=\"font-family: verdana, geneva, sans-serif; color: #000080;\">L&rsquo;hypnose de relaxation aide \u00e0 se concentrer, m\u00e9moriser, se motiver, prendre la parole en public, retrouver ses mots lors d&rsquo;un entretien, am\u00e9liorer sa confiance en soi, fluidifier son discours, abaisser le stress avant une rencontre ou un test, etc. <span style=\"text-decoration: underline;\">Pendant la s\u00e9ance, le stagiaire reste \u00e9veill\u00e9 et tr\u00e8s \u00e0 l&rsquo;\u00e9coute pour retenir les informations et bient\u00f4t appliquer les nouveaux moyens mis en place<\/span>.\u00a0<\/span><\/li>\n<li><span style=\"font-family: verdana, geneva, sans-serif; color: #000080;\">Certaines le\u00e7ons contiennent des <span style=\"text-decoration: underline;\">dialogues du quotidien pr\u00e9sent\u00e9s sous hypnose de relaxation<\/span> pour d\u00e9velopper l&rsquo;oreille et am\u00e9liorer l&rsquo;expression orale plus rapidement. Certaines s\u00e9ances de pr\u00e9paration mentale se d\u00e9roulent enti\u00e8rement dans la langue cible (selon niveau du stagiaire)\u00a0<\/span><\/li>\n<li><span style=\"text-decoration: underline;\"><span style=\"font-family: verdana, geneva, sans-serif; color: #000080; text-decoration: underline;\">Formatrice-hypnoth\u00e9rapeute d\u00e9di\u00e9e, \u00e0 votre \u00e9coute pour personnaliser votre parcours<\/span><\/span><\/li>\n<\/ul>\n<p><img loading=\"lazy\" decoding=\"async\" class=\" wp-image-14742 aligncenter\" src=\"https:\/\/www.leslanguessansstress.fr\/wp-content\/uploads\/2023\/05\/entrainement-en-langues-sans-stress-a-La-Rochette-300x266.jpg\" alt=\"\" width=\"200\" height=\"177\" srcset=\"https:\/\/www.leslanguessansstress.fr\/wp-content\/uploads\/2023\/05\/entrainement-en-langues-sans-stress-a-La-Rochette-300x266.jpg 300w, https:\/\/www.leslanguessansstress.fr\/wp-content\/uploads\/2023\/05\/entrainement-en-langues-sans-stress-a-La-Rochette.jpg 674w\" sizes=\"auto, (max-width: 200px) 100vw, 200px\" \/><\/p>\n<p><span style=\"font-family: verdana, geneva, sans-serif; color: #000080;\"><strong>ATELIER DE PRATIQUE ORALE THEMATIQUE<\/strong><\/span><\/p>\n<ul>\n<li style=\"font-weight: 400;\"><span style=\"font-family: verdana, geneva, sans-serif; color: #000080;\">S&rsquo;inspirer d\u2019un th\u00e8me ou d\u2019articles\/films comme base de discussion ou mise en sc\u00e8ne th\u00e9matique<\/span><\/li>\n<li style=\"font-weight: 400;\"><span style=\"font-family: verdana, geneva, sans-serif; color: #000080;\">Mettre en pratique et \u00e9largir le lexique du quotidien, professionnel ou sp\u00e9cifique<\/span><\/li>\n<li style=\"font-weight: 400;\"><span style=\"font-family: verdana, geneva, sans-serif; color: #000080;\">Conjuguer et choisir les concordances de temps instinctivement\u00a0<\/span><\/li>\n<li style=\"font-weight: 400;\"><span style=\"font-family: verdana, geneva, sans-serif; color: #000080;\">Structurer la phrase et son discours selon l\u2019interlocuteur et la situation<\/span><\/li>\n<li style=\"font-weight: 400;\"><span style=\"font-family: verdana, geneva, sans-serif; color: #000080;\">Interagir volontairement avec les participants et l&rsquo;intervenante\u00a0<\/span><\/li>\n<li style=\"font-weight: 400;\"><span style=\"font-family: verdana, geneva, sans-serif; color: #000080;\">Echanger sur des the\u0300mes lie\u0301s a\u0300 votre activite\u0301, vos expe\u0301riences et \u00a0projets<\/span><\/li>\n<li><span style=\"font-family: verdana, geneva, sans-serif; color: #000080;\">Table ronde pour \u00e9changer des informations, trucs et questions dans la langue cible\u00a0<\/span><\/li>\n<\/ul>\n<p>&nbsp;<\/p>\n<p><span style=\"font-family: verdana, geneva, sans-serif; color: #000080;\"><strong>ACCOMPAGNEMENT<\/strong><\/span><\/p>\n<ul>\n<li style=\"font-weight: 400;\"><span style=\"font-family: verdana, geneva, sans-serif; color: #000080;\">Intervenante multilingue exp\u00e9riment\u00e9e \u00e0 votre \u00e9coute\u00a0<\/span><\/li>\n<li style=\"font-weight: 400;\"><span style=\"font-family: verdana, geneva, sans-serif; color: #000080;\">Auto\u00e9valuation du niveau de maitrise et des objectifs \u00e0 atteindre<\/span><\/li>\n<li style=\"font-weight: 400;\"><span style=\"font-family: verdana, geneva, sans-serif; color: #000080;\">Suivi p\u00e9dagogique et entretiens avec l\u2019intervenante<\/span><\/li>\n<li style=\"font-weight: 400;\"><span style=\"font-family: verdana, geneva, sans-serif; color: #000080;\">Pr\u00e9paration mentale et\/ou hypnose de relaxation en fonction des besoins d\u00e9cel\u00e9s\u00a0<\/span><\/li>\n<li style=\"font-weight: 400;\"><span style=\"font-family: verdana, geneva, sans-serif; color: #000080;\">Mise en place des plannings d\u2019\u00e9tude autonome et de pratique orale accompagn\u00e9e\u00a0<\/span><\/li>\n<li style=\"font-weight: 400;\"><span style=\"font-family: verdana, geneva, sans-serif; color: #000080;\">Pr\u00e9paration et pr\u00e9sentation au test de certification CLO\u00c9\u00a0<\/span><\/li>\n<\/ul>\n<p><img loading=\"lazy\" decoding=\"async\" class=\" wp-image-13854 aligncenter\" src=\"https:\/\/www.leslanguessansstress.fr\/wp-content\/uploads\/2022\/08\/Valerie-Neyret-Vachey-formatrice-20220826-282x300.jpg\" alt=\"\" width=\"172\" height=\"183\" srcset=\"https:\/\/www.leslanguessansstress.fr\/wp-content\/uploads\/2022\/08\/Valerie-Neyret-Vachey-formatrice-20220826-282x300.jpg 282w, https:\/\/www.leslanguessansstress.fr\/wp-content\/uploads\/2022\/08\/Valerie-Neyret-Vachey-formatrice-20220826-768x818.jpg 768w, https:\/\/www.leslanguessansstress.fr\/wp-content\/uploads\/2022\/08\/Valerie-Neyret-Vachey-formatrice-20220826.jpg 914w\" sizes=\"auto, (max-width: 172px) 100vw, 172px\" \/><\/p>\n<p style=\"font-weight: 400;\"><span style=\"color: #000080; font-family: verdana, geneva, sans-serif;\"><strong>ME\u0301THODES PE\u0301DAGOGIQUES \u00a0<\/strong><\/span><\/p>\n<ul>\n<li><strong><span style=\"color: #000080; font-family: verdana, geneva, sans-serif;\">Pr\u00e9paration mentale <\/span><\/strong><span style=\"color: #000080; font-family: verdana, geneva, sans-serif;\">: atelier d&rsquo;\u00e9coute et r\u00e9flexion sur son profil d&rsquo;apprenant <\/span><span style=\"color: #000080; font-family: verdana, geneva, sans-serif;\">avec s\u00e9ances d&rsquo;hypnose de relaxation pour mieux <\/span><span style=\"color: #000080; font-family: verdana, geneva, sans-serif;\"><span style=\"caret-color: #000080;\">\u00e9couter<\/span> et se concentrer sur le cours ou le dialogue immersif, aider \u00e0 m\u00e9moriser la le\u00e7on et prendre la parole en public, \u00e9viter la procrastination et le stress avant un test, etc.<\/span><\/li>\n<li><strong><span style=\"color: #000080; font-family: verdana, geneva, sans-serif;\">Me\u0301thode interrogative<\/span><\/strong><span style=\"color: #000080; font-family: verdana, geneva, sans-serif;\"> : la formatrice axe son accompagnement et soutien sur la progression du stagiaire en lui posant des questions pour qu\u2019il livre ses connaissances.\u00a0<\/span><\/li>\n<li><span style=\"color: #000080; font-family: verdana, geneva, sans-serif;\"><strong>Me\u0301thode affirmative<\/strong> : la formatrice explique le contenu en insistant sur les points importants, pour transmettre des notions importantes ou indispensables &#8211; cette partie est principalement propos\u00e9e \u00e0 partir des ressources e-learning ou du manuel et du.visionnage de s\u00e9quences vid\u00e9o, \u00e9coute d&rsquo;audio, lecture de documents.<\/span><\/li>\n<li><span style=\"color: #000080; font-family: verdana, geneva, sans-serif;\"><strong>Me\u0301thode de\u0301monstrative<\/strong> : apport the\u0301orique et mise en pratique \/ simulations de situations professionnelles et quotidiennes, jeux de ro\u0302le, interactivite\u0301 sur place pendant les ateliers de mise en pratique \u00e0 l\u2019oral en centre. Exercices en temps limit\u00e9 pour acqu\u00e9rir un rythme de plus en plus rapide de communication instinctive. Entra\u00eenement sur supports et contenus de diff\u00e9rentes natures (PDF, audio, vid\u00e9o, e-learning, manuel de langue, QCM&#8230;) <\/span><\/li>\n<li><span style=\"color: #993366;\"><a style=\"color: #993366;\" href=\"https:\/\/www.leslanguessansstress.fr\/index.php\/2023\/04\/09\/apprendre-efficacement\/\" target=\"_blank\" rel=\"noopener\"><span style=\"font-family: verdana, geneva, sans-serif;\">Comment apprendre efficacement une langue sans stress<\/span><\/a><\/span><\/li>\n<\/ul>\n<p>&nbsp;<\/p>\n<p style=\"font-weight: 400;\"><span style=\"color: #000080; font-family: verdana, geneva, sans-serif;\"><strong>MOYENS PE\u0301DAGOGIQUES \u00a0<\/strong><\/span><\/p>\n<ul>\n<li><span style=\"color: #000080; font-family: verdana, geneva, sans-serif;\">Acce\u0300s e-learning ou manuel de langues \u00a0<\/span><\/li>\n<li><span style=\"color: #000080; font-family: verdana, geneva, sans-serif;\">Visionnage et se\u0301quences vide\u0301o \u00a0<\/span><\/li>\n<li><span style=\"color: #000080; font-family: verdana, geneva, sans-serif;\">Ecoute de pistes audio entre natifs et podcasts\u00a0<\/span><\/li>\n<li><span style=\"color: #000080; font-family: verdana, geneva, sans-serif;\">Tableaux blancs, \u00e9cran interactif, jeux de table (grammaire, structures et lexique)<\/span><\/li>\n<li><span style=\"color: #000080; font-family: verdana, geneva, sans-serif;\">Divers documents remis au stagiaire pour son \u00e9tude et son entrainement \u00a0<\/span><\/li>\n<li><span style=\"color: #000080; font-family: verdana, geneva, sans-serif;\">Livret de suivi pe\u0301dagogique, d\u2019e\u0301valuation et des compe\u0301tences \u00a0<\/span><\/li>\n<\/ul>\n<p><span style=\"color: #000080; font-family: verdana, geneva, sans-serif;\"><strong>\u00a0<\/strong><\/span><\/p>\n<p style=\"font-weight: 400;\"><span style=\"color: #000080; font-family: verdana, geneva, sans-serif;\"><strong>MODALITE\u0301S D\u2019E\u0301VALUATION<\/strong><\/span><\/p>\n<ul>\n<li><span style=\"color: #000080; font-family: verdana, geneva, sans-serif;\"><strong>Avant la formation<\/strong> : diagnostic avec auto-\u00e9valuation du niveau des connaissances, des besoins selon objectifs fix\u00e9s<\/span><\/li>\n<li><span style=\"color: #000080; font-family: verdana, geneva, sans-serif;\"><strong>Pendant la formation<\/strong> : test de positionnement &amp; QCM, mini tests de progression, quizz, mises en situation, pre\u0301paration a\u0300 la certification<\/span><\/li>\n<li><span style=\"color: #000080; font-family: verdana, geneva, sans-serif;\"><strong>Apre\u0300s la formation<\/strong> : Evaluation des compe\u0301tences cible\u0301es \u00a0(certification si contrat, voir modalit\u00e9s CLO\u00c9 TOEIC LE ROBERT)<\/span><br \/>\n<span style=\"color: #000080; font-family: verdana, geneva, sans-serif;\">Evaluation \u00e0 chaud de la satisfaction du stagiaire<\/span><br \/>\n<span style=\"color: #000080; font-family: verdana, geneva, sans-serif;\">\u00c9valuation \u00e0 froid du stagiaire (apr\u00e8s quelques mois)<\/span><\/li>\n<\/ul>\n<p><span style=\"font-family: verdana, geneva, sans-serif;\"><span style=\"color: #000080;\">\u00a0<\/span><\/span><\/p>\n<p style=\"font-weight: 400;\"><span style=\"color: #000080; font-family: verdana, geneva, sans-serif;\"><strong>COMPE\u0301TENCES VISE\u0301ES<\/strong><\/span><\/p>\n<ul>\n<li style=\"font-weight: 400;\"><span style=\"font-family: verdana, geneva, sans-serif; color: #000080;\">Am\u00e9liorer votre niveau de communication entre le d\u00e9but et la fin de votre programme\u00a0<\/span><\/li>\n<li style=\"font-weight: 400;\"><span style=\"color: #000080; font-family: verdana, geneva, sans-serif;\">D\u00e9velopper votre aisance a\u0300 l\u2019oral et une meilleure compre\u0301hension en langue <\/span><span style=\"color: #000080; font-family: verdana, geneva, sans-serif;\">du quotidien et professionnelle\u00a0<\/span><\/li>\n<li style=\"font-weight: 400;\"><span style=\"font-family: verdana, geneva, sans-serif; color: #000080;\">Pouvoir vous exprimer et vous faire comprendre lors d&rsquo;une prise de parole sur des sujets habituels\u00a0<\/span><\/li>\n<li><span style=\"color: #000080; font-family: verdana, geneva, sans-serif;\">R\u00e9diger des textes structur\u00e9s adapt\u00e9s au contexte professionnel et \u00e0 votre interlocuteur<\/span><\/li>\n<li><span style=\"color: #000080; font-family: verdana, geneva, sans-serif;\">Comprendre des e\u0301crits professionnels et en de\u0301gager le sens global \u00a0<\/span><\/li>\n<li style=\"font-weight: 400;\"><span style=\"font-family: verdana, geneva, sans-serif; color: #000080;\">Comprendre votre interlocuteur selon votre niveau d&rsquo;acquisition de la langue<\/span><\/li>\n<li style=\"font-weight: 400;\"><span style=\"font-family: verdana, geneva, sans-serif; color: #000080;\">Interagir avec spontan\u00e9it\u00e9 et pr\u00e9cision sans traduire depuis ou vers le fran\u00e7ais<\/span><\/li>\n<li style=\"font-weight: 400;\"><span style=\"font-family: verdana, geneva, sans-serif; color: #000080;\">Approfondir vos connaissances en vocabulaire, grammaire et syntaxe<\/span><\/li>\n<li style=\"font-weight: 400;\"><span style=\"font-family: verdana, geneva, sans-serif; color: #000080;\">Gagner en aisance au t\u00e9l\u00e9phone, en face-\u00e0-face et en Visio<\/span><\/li>\n<li style=\"font-weight: 400;\"><span style=\"font-family: verdana, geneva, sans-serif; color: #000080;\">Prendre confiance pendant vos d\u00e9placements \u00e0 l&rsquo;\u00e9tranger<\/span><\/li>\n<li style=\"font-weight: 400;\"><span style=\"font-family: verdana, geneva, sans-serif; color: #000080;\">Interagir avec efficacit\u00e9 selon votre interlocuteur et la situation<\/span><\/li>\n<li style=\"font-weight: 400;\"><span style=\"font-family: verdana, geneva, sans-serif; color: #000080;\">Vous pr\u00e9parer \u00e0 la certification Clo\u00e9 pour passer le test dans les meilleures conditions <\/span><\/li>\n<\/ul>\n<p>&nbsp;<\/p>\n<p style=\"font-weight: 400;\"><span style=\"color: #000080; font-family: verdana, geneva, sans-serif;\"><strong>PERSPECTIVE PROFESSIONNELLE \u00a0<\/strong><\/span><\/p>\n<ul>\n<li><span style=\"color: #000080; font-family: verdana, geneva, sans-serif;\">Ouverture professionnelle vers des postes et secteurs ou m\u00e9tiers n\u00e9cessitant des connaissances en langues \u00e9trang\u00e8res et une aisance \u00e0 l\u2019oral.<\/span><\/li>\n<li><span style=\"color: #000080; font-family: verdana, geneva, sans-serif;\">Poursuivre la formation linguistique \u00e0 un niveau sup\u00e9rieur\u00a0<\/span><\/li>\n<li><span style=\"color: #000080; font-family: verdana, geneva, sans-serif;\">Comprendre les <a href=\"https:\/\/www.leslanguessansstress.fr\/index.php\/2023\/05\/21\/niveaux-cecrl\/\" target=\"_blank\" rel=\"noopener\">niveaux du CECRL<\/a> pour se situer avant, pendant et apr\u00e8s la formation\u00a0<\/span><\/li>\n<\/ul>\n<p style=\"font-weight: 400;\"><span style=\"color: #000080; font-family: verdana, geneva, sans-serif;\"><strong>\u00a0<\/strong><\/span><\/p>\n<p style=\"font-weight: 400;\"><span style=\"color: #000080; font-family: verdana, geneva, sans-serif;\"><strong>LES ATOUTS DE CETTE FORMATION \u00a0<\/strong><\/span><\/p>\n<p style=\"font-weight: 400;\"><span style=\"color: #000080; font-family: verdana, geneva, sans-serif;\">Cette formation alterne apports th\u00e9oriques et les exercices de mise en application des acquis avec entrainement illimit\u00e9 e-learning pour construire des phrases correctes, choisir le vocabulaire selon la situation, prendre confiance en ses comp\u00e9tences face \u00e0 ses interlocuteurs professionnels. L\u2019intervenante vous soutient dans vos prises de parole, corrige et explique les erreurs le cas \u00e9ch\u00e9ant, propose de nouveaux exercices d\u2019entrainement. Votre p<\/span><span style=\"font-family: verdana, geneva, sans-serif; color: #000080;\">arcours est personnalisable avec <strong>pr\u00e9par<span style=\"font-family: verdana, geneva, sans-serif;\">ation mentale pour d\u00e9clencher de bons r\u00e9flexes<\/span><\/strong> d&rsquo;\u00e9tude et h<\/span><span style=\"font-family: verdana, geneva, sans-serif; color: #000080;\">ypnose de relaxation d&rsquo;aide \u00e0 la compr\u00e9hension des dialogues entre natifs et d\u2019expression instinctive. <\/span><span style=\"font-family: verdana, geneva, sans-serif; color: #000080;\">Soutien d&rsquo;une coach motivante et toujours de bonne humeur.<\/span><\/p>\n<p>&nbsp;<\/p>\n<p><span style=\"font-family: verdana, geneva, sans-serif; color: #000080;\"><strong>ORGANISATION DE L\u2019ACTION \u00a0\u00a0<\/strong><\/span><\/p>\n<ul>\n<li style=\"font-weight: 400;\"><span style=\"font-family: verdana, geneva, sans-serif; color: #000080;\"><strong>Dur\u00e9e<\/strong> : 1 semaine \u00e0 12 mois adaptation \u00e0 vos besoins pour atteindre l\u2019objectif vis\u00e9.<\/span><\/li>\n<li style=\"font-weight: 400;\"><span style=\"font-family: verdana, geneva, sans-serif; color: #000080;\"><strong>Date et horaires<\/strong> : sur mesure (+ atelier mixte selon planning du centre)<\/span><\/li>\n<li><span style=\"font-family: verdana, geneva, sans-serif; color: #000080;\"><strong>Lieu<\/strong> : en centre ou \u00e0 distance ou mixte \u00a0pre\u0301sentiel et en ligne <\/span><\/li>\n<li><span style=\"font-family: verdana, geneva, sans-serif; color: #000080;\"><strong>Situation de handicap<\/strong> : <span style=\"color: #993366;\"><a style=\"color: #993366;\" href=\"https:\/\/www.leslanguessansstress.fr\/index.php\/2023\/05\/08\/accessibilite-handicap\/\" target=\"_blank\" rel=\"noopener\">information et contact r\u00e9f\u00e9rente<\/a><\/span> \u00a0<\/span><\/li>\n<\/ul>\n<p>&nbsp;<\/p>\n<p><span style=\"font-family: verdana, geneva, sans-serif; color: #000080;\"><strong>MODALITE D&rsquo;ENSEIGNEMENT<\/strong><\/span><\/p>\n<ul>\n<li style=\"font-weight: 400;\"><span style=\"font-family: verdana, geneva, sans-serif; color: #000080;\">Mixte (pr\u00e9sentielle et \u00e0 distance)<\/span><\/li>\n<li style=\"font-weight: 400;\"><span style=\"font-family: verdana, geneva, sans-serif; color: #000080;\">\u00c0 distance (100% e-learning)\u00a0<\/span><\/li>\n<\/ul>\n<p>&nbsp;<\/p>\n<p><span style=\"color: #000080;\"><strong><span style=\"font-family: verdana, geneva, sans-serif;\">PR\u00c9REQUIS<\/span><\/strong><\/span><\/p>\n<ul>\n<li><span style=\"color: #000080; font-family: verdana, geneva, sans-serif;\"><span style=\"text-decoration: underline;\">Cours<\/span> : disposer d&rsquo;un ordinateur ou d&rsquo;un Smartphone ou d&rsquo;une tablette avec connexion Internet. Ne pas \u00eatre en situation d&rsquo;analphab\u00e9tisme.*<\/span><\/li>\n<li><span style=\"color: #000080; font-family: verdana, geneva, sans-serif;\"><span style=\"text-decoration: underline;\">Test de certification<\/span> : disposer d&rsquo;un ordinateur avec une bonne connexion Internet. Avoir suivi la formation pour comprendre les informations et les questions orales et \u00e9crites du test.<\/span><\/li>\n<\/ul>\n<p>&nbsp;<\/p>\n<p style=\"font-weight: 400;\"><span style=\"color: #000080; font-family: verdana, geneva, sans-serif;\"><strong>MODES DE FINANCEMENT \u00a0<\/strong><\/span><\/p>\n<ul>\n<li><span style=\"color: #000080; font-family: verdana, geneva, sans-serif;\">CPF*, entreprise, OPCO, Po\u0302le Emploi, Viv\u00e9a, Fifph\u2026<\/span><\/li>\n<li><span style=\"color: #000080; font-family: verdana, geneva, sans-serif;\">Aux frais des particuliers =&gt; adh\u00e9sion \u00e0 l\u2019association <\/span>\n<ul>\n<li><span style=\"color: #000080; font-family: verdana, geneva, sans-serif;\">L&rsquo;activation du budget CPF* exige de suivre des modalit\u00e9s tr\u00e8s strictes veuillez lire enti\u00e8rement les pages MON COMPTE FORMATION pour bien comprendre les obligations de pr\u00e9paration et de passation d&rsquo;un test de Certification dans un contexte tr\u00e8s surveill\u00e9 aux niveaux A2 SEUIL ou plus, selon votre propre niveau. <\/span><\/li>\n<li><span style=\"color: #000080; font-family: verdana, geneva, sans-serif;\">Le niveau 0-A1 n&rsquo;est pas compatible. Si votre maitrise est tr\u00e8s basique vous devrez apprendre d&rsquo;abord les bases de la langue courante ET professionnelle pour atteindre le niveau Seuil. Nous avons des modules \u00ab\u00a0vrai d\u00e9butant\u00a0\u00bb et vous serez accompagn\u00e9 par la m\u00eame formatrice tout au long de votre parcours pr\u00e9-CPF et CPF le cas \u00e9ch\u00e9ant.\u00a0<\/span><\/li>\n<\/ul>\n<\/li>\n<\/ul>\n<p style=\"text-align: center;\"><img loading=\"lazy\" decoding=\"async\" class=\"alignnone size-medium wp-image-14157\" src=\"https:\/\/www.leslanguessansstress.fr\/wp-content\/uploads\/2022\/10\/Mon-compte-formation-CPF-les-langues-sans-stress-300x159.jpg\" alt=\"\" width=\"300\" height=\"159\" srcset=\"https:\/\/www.leslanguessansstress.fr\/wp-content\/uploads\/2022\/10\/Mon-compte-formation-CPF-les-langues-sans-stress-300x159.jpg 300w, https:\/\/www.leslanguessansstress.fr\/wp-content\/uploads\/2022\/10\/Mon-compte-formation-CPF-les-langues-sans-stress.jpg 646w\" sizes=\"auto, (max-width: 300px) 100vw, 300px\" \/><\/p>\n<p><span style=\"font-family: verdana, geneva, sans-serif; color: #000080;\"><strong>PRIX<\/strong><\/span><br \/>\n<span style=\"color: #000080; font-family: verdana, geneva, sans-serif;\"><span style=\"caret-color: #000080;\">Nous personnalisons chaque programme aux besoins et profil de l&rsquo;apprenant pour une meilleure exp\u00e9rience immersive simple ou bilingue en langues professionnelesl.\u00a0<\/span><\/span><\/p>\n<p><span style=\"font-family: verdana, geneva, sans-serif; color: #000080;\"><strong>Tarif adapt\u00e9 aux modalit\u00e9s choisies<\/strong> : dur\u00e9e d&rsquo;\u00e9tude autonome, ressources et fr\u00e9quence de l&rsquo;accompagnement. <\/span><br \/>\n<span style=\"font-family: verdana, geneva, sans-serif; color: #000080;\">Plusieurs financements accept\u00e9s dont l\u2019apport personnel, de l\u2019entreprise, OPCO, VIVEA, <span style=\"color: #993366;\"><a style=\"color: #993366;\" href=\"https:\/\/www.leslanguessansstress.fr\/index.php\/2023\/05\/09\/financements-cpf\/\">CPF* (*selon conditions et modalit\u00e9s sp\u00e9cifiques \u00e0 respecter)<\/a><\/span>.\u00a0<\/span><\/p>\n","protected":false},"excerpt":{"rendered":"<p>Cette page vous informe sur les formations en 5 langues courantes et professionnelles que notre<\/p>\n","protected":false},"author":1,"featured_media":10811,"comment_status":"closed","ping_status":"open","sticky":false,"template":"","format":"standard","meta":{"footnotes":""},"categories":[80],"tags":[],"class_list":["post-16148","post","type-post","status-publish","format-standard","has-post-thumbnail","hentry","category-actualites"],"_links":{"self":[{"href":"https:\/\/www.leslanguessansstress.fr\/index.php\/wp-json\/wp\/v2\/posts\/16148","targetHints":{"allow":["GET"]}}],"collection":[{"href":"https:\/\/www.leslanguessansstress.fr\/index.php\/wp-json\/wp\/v2\/posts"}],"about":[{"href":"https:\/\/www.leslanguessansstress.fr\/index.php\/wp-json\/wp\/v2\/types\/post"}],"author":[{"embeddable":true,"href":"https:\/\/www.leslanguessansstress.fr\/index.php\/wp-json\/wp\/v2\/users\/1"}],"replies":[{"embeddable":true,"href":"https:\/\/www.leslanguessansstress.fr\/index.php\/wp-json\/wp\/v2\/comments?post=16148"}],"version-history":[{"count":8,"href":"https:\/\/www.leslanguessansstress.fr\/index.php\/wp-json\/wp\/v2\/posts\/16148\/revisions"}],"predecessor-version":[{"id":16301,"href":"https:\/\/www.leslanguessansstress.fr\/index.php\/wp-json\/wp\/v2\/posts\/16148\/revisions\/16301"}],"wp:featuredmedia":[{"embeddable":true,"href":"https:\/\/www.leslanguessansstress.fr\/index.php\/wp-json\/wp\/v2\/media\/10811"}],"wp:attachment":[{"href":"https:\/\/www.leslanguessansstress.fr\/index.php\/wp-json\/wp\/v2\/media?parent=16148"}],"wp:term":[{"taxonomy":"category","embeddable":true,"href":"https:\/\/www.leslanguessansstress.fr\/index.php\/wp-json\/wp\/v2\/categories?post=16148"},{"taxonomy":"post_tag","embeddable":true,"href":"https:\/\/www.leslanguessansstress.fr\/index.php\/wp-json\/wp\/v2\/tags?post=16148"}],"curies":[{"name":"wp","href":"https:\/\/api.w.org\/{rel}","templated":true}]}}