{"id":15832,"date":"2024-02-20T15:32:51","date_gmt":"2024-02-20T14:32:51","guid":{"rendered":"https:\/\/www.leslanguessansstress.fr\/?p=15832"},"modified":"2024-02-20T15:46:04","modified_gmt":"2024-02-20T14:46:04","slug":"entretiens-et-supervision-pre-test-qm","status":"publish","type":"post","link":"https:\/\/www.leslanguessansstress.fr\/index.php\/2024\/02\/20\/entretiens-et-supervision-pre-test-qm\/","title":{"rendered":"Entretiens et supervision  pr\u00e9-test (QM)"},"content":{"rendered":"<h1><img loading=\"lazy\" decoding=\"async\" class=\"alignnone size-medium wp-image-14158 aligncenter\" src=\"https:\/\/www.leslanguessansstress.fr\/wp-content\/uploads\/2022\/10\/mon-compte-formation-audite-par-lApave-qualiopi-2022--300x68.jpg\" alt=\"\" width=\"300\" height=\"68\" srcset=\"https:\/\/www.leslanguessansstress.fr\/wp-content\/uploads\/2022\/10\/mon-compte-formation-audite-par-lApave-qualiopi-2022--300x68.jpg 300w, https:\/\/www.leslanguessansstress.fr\/wp-content\/uploads\/2022\/10\/mon-compte-formation-audite-par-lApave-qualiopi-2022--1024x234.jpg 1024w, https:\/\/www.leslanguessansstress.fr\/wp-content\/uploads\/2022\/10\/mon-compte-formation-audite-par-lApave-qualiopi-2022--768x175.jpg 768w, https:\/\/www.leslanguessansstress.fr\/wp-content\/uploads\/2022\/10\/mon-compte-formation-audite-par-lApave-qualiopi-2022-.jpg 1508w\" sizes=\"auto, (max-width: 300px) 100vw, 300px\" \/><\/h1>\n<h1><span style=\"color: #ff6600; font-family: verdana, geneva, sans-serif;\">Pr\u00e9paration aux entretiens et communication \u00e9crite\u00a0<\/span><\/h1>\n<p><span style=\"color: #000080; font-family: verdana, geneva, sans-serif;\">Se pr\u00e9parer \u00e0 un certificat peut \u00eatre source de stress et faire perdre ses moyens au meilleur stagiaire!<\/span><\/p>\n<p><span style=\"color: #000080; font-family: verdana, geneva, sans-serif;\">Toute personne qui apprend, renforce ou perfectionne et enrichi sa communication en langues \u00e9trang\u00e8res et en fran\u00e7ais peut se trouver dans cette situation tr\u00e8s inconfortable et d\u00e9motivante. <\/span><\/p>\n<p><span style=\"color: #000080; font-family: verdana, geneva, sans-serif;\">Nous avons mis en place un calendrier standard d&rsquo;\u00e9tude et de pratique pour rapidement valider que la progression est normale ou plus rapide parce que vous en avez les capacit\u00e9s. <\/span><\/p>\n<p><span style=\"color: #000080; font-family: verdana, geneva, sans-serif;\">Si cette progression au contraire s&rsquo;av\u00e8re ralentie, nous mettrons ensemble d&rsquo;autres moyens en place pour vous accompagner autrement et vous redonner l&rsquo;envie d&rsquo;avancer vaillamment dans le programme choisi m\u00e9ticuleusement en amont de votre formation.<\/span><\/p>\n<p><img loading=\"lazy\" decoding=\"async\" class=\"alignnone size-medium wp-image-15551 aligncenter\" src=\"https:\/\/www.leslanguessansstress.fr\/wp-content\/uploads\/2023\/12\/Preparation-aux-entretiens-CPF--300x200.jpeg\" alt=\"\" width=\"300\" height=\"200\" srcset=\"https:\/\/www.leslanguessansstress.fr\/wp-content\/uploads\/2023\/12\/Preparation-aux-entretiens-CPF--300x200.jpeg 300w, https:\/\/www.leslanguessansstress.fr\/wp-content\/uploads\/2023\/12\/Preparation-aux-entretiens-CPF--1024x682.jpeg 1024w, https:\/\/www.leslanguessansstress.fr\/wp-content\/uploads\/2023\/12\/Preparation-aux-entretiens-CPF--768x512.jpeg 768w, https:\/\/www.leslanguessansstress.fr\/wp-content\/uploads\/2023\/12\/Preparation-aux-entretiens-CPF-.jpeg 1280w\" sizes=\"auto, (max-width: 300px) 100vw, 300px\" \/><\/p>\n<p><span style=\"color: #000080; font-family: verdana, geneva, sans-serif;\"><span style=\"color: #ff6600; font-size: 20px;\">Tout au long de votre formation, vous b\u00e9n\u00e9ficierez de cours suivis d&rsquo;entra\u00eenements tutor\u00e9s par votre formatrice et d&rsquo;\u00e9changes synchrones pour pratiquer et valider votre progression dans le programme choisi. <\/span><\/span><\/p>\n<p><span style=\"color: #000080; font-family: verdana, geneva, sans-serif;\">Ces \u00e9changes sont de dur\u00e9e adapt\u00e9e \u00e0 vos besoins pr\u00e9alablement d\u00e9cel\u00e9s par les r\u00e9sultats des questionnaires d&rsquo;auto\u00e9valuation et test de positionnement si vous n&rsquo;\u00eates pas vrai d\u00e9butant dans la langue d&rsquo;\u00e9tude. <\/span><\/p>\n<p><span style=\"color: #000080; font-family: verdana, geneva, sans-serif;\">Votre formatrice vous sugg\u00e8re de favoriser l&rsquo;expression \u00e9crite apr\u00e8s avoir pris connaissance des r\u00e8gles de grammaire et de vous \u00eatre entrain\u00e9 \u00e0 former des phrases suivant un sch\u00e9ma. Lorsque la le\u00e7on est sue, \u00e9crire quelques phrases prend cinq minutes. <\/span><\/p>\n<p><span style=\"color: #000080; font-family: verdana, geneva, sans-serif;\">Toutefois, pensez \u00e0 vous relire avant de les envoyer par email synchrone ou asynchrone si votre agenda ne permet pas les rencontres aux dates propos\u00e9es.<\/span><\/p>\n<p><span style=\"color: #000080; font-family: verdana, geneva, sans-serif;\">Ainsi vous validez votre compr\u00e9hension de la grammaire et de son utilisation dans votre \u00e9changes individualis\u00e9s. <\/span><\/p>\n<p><span style=\"color: #000080; font-family: verdana, geneva, sans-serif;\">Ceux-ci doivent avoir lieu au moins une fois par mois si votre parcours est long et chaque semaine s&rsquo;il est tr\u00e8s court. <\/span><\/p>\n<p><span style=\"color: #000080; font-family: verdana, geneva, sans-serif;\">Une fois cet entrainement valid\u00e9 et peut-\u00eatre un retour d&rsquo;information avec de nouveaux exercices propos\u00e9s par votre formatrice, vous pourrez utiliser le vocabulaire et les notions de grammaire dans des phrases et questions sur l&rsquo;un des derniers sujets abord\u00e9s pendant les cours ou le dernier essai \u00e9crit valid\u00e9. <\/span><\/p>\n<p><span style=\"color: #000080; font-family: verdana, geneva, sans-serif;\">Sa longueur est proportionnelle \u00e0 votre besoin d&rsquo;expression et au niveau de vos acquis qui vont croissant.<\/span><\/p>\n<p><span style=\"color: #000080; font-family: verdana, geneva, sans-serif;\">Les \u00e9changes \u00e9crits et oraux peuvent se suivre de tr\u00e8s pr\u00e8s : sur une heure, vous passez un quart d&rsquo;heure \u00e0 proposer des phrases et questions \u00e0 votre formatrice qui r\u00e9pond instantan\u00e9ment avant de passer \u00e0 la partie orale.<\/span><\/p>\n<p>&nbsp;<\/p>\n<p><img loading=\"lazy\" decoding=\"async\" class=\"alignnone size-medium wp-image-15515 aligncenter\" src=\"https:\/\/www.leslanguessansstress.fr\/wp-content\/uploads\/2023\/12\/Preparation-a-lentretien-prise-de-parole-en-public--300x200.jpg\" alt=\"\" width=\"300\" height=\"200\" srcset=\"https:\/\/www.leslanguessansstress.fr\/wp-content\/uploads\/2023\/12\/Preparation-a-lentretien-prise-de-parole-en-public--300x200.jpg 300w, https:\/\/www.leslanguessansstress.fr\/wp-content\/uploads\/2023\/12\/Preparation-a-lentretien-prise-de-parole-en-public--1024x683.jpg 1024w, https:\/\/www.leslanguessansstress.fr\/wp-content\/uploads\/2023\/12\/Preparation-a-lentretien-prise-de-parole-en-public--768x512.jpg 768w, https:\/\/www.leslanguessansstress.fr\/wp-content\/uploads\/2023\/12\/Preparation-a-lentretien-prise-de-parole-en-public--1536x1024.jpg 1536w, https:\/\/www.leslanguessansstress.fr\/wp-content\/uploads\/2023\/12\/Preparation-a-lentretien-prise-de-parole-en-public-.jpg 1920w\" sizes=\"auto, (max-width: 300px) 100vw, 300px\" \/><\/p>\n<h2><span style=\"color: #ff6600; font-family: verdana, geneva, sans-serif;\">Entretiens et entrainements \u00e0 prendre la parole\u00a0<\/span><\/h2>\n<p><span style=\"color: #000080; font-family: verdana, geneva, sans-serif;\">Tout au long de votre formation, vous b\u00e9n\u00e9ficierez de cours suivis d&rsquo;entra\u00eenements tutor\u00e9s par votre formatrice et d&rsquo;\u00e9changes synchrones pour pratiquer et valider votre progression dans le programme choisi. Ces \u00e9changes sont de dur\u00e9e adapt\u00e9e \u00e0 vos besoins \u00a0d\u00e9cel\u00e9s lors de l&rsquo;auto\u00e9valuation de niveau, besoins et objectifs que vous avez rempli au moment de nous contacter dans le cadre d&rsquo;une pr\u00e9paration de test de certification ou formation professionnelle ax\u00e9e sur un niveau de comp\u00e9tences \u00e0 atteindre.<\/span><\/p>\n<p><span style=\"color: #000080; font-family: verdana, geneva, sans-serif;\">5 \u00e9changes synchrones pour pratiquer votre expression \u00e9crite, <\/span><\/p>\n<p><span style=\"color: #000080; font-family: verdana, geneva, sans-serif;\">5 \u00e9changes synchrones pour pratiquer votre expression orale, <\/span><\/p>\n<p><span style=\"color: #000080; font-family: verdana, geneva, sans-serif;\">5 supervisions avec votre formatrice pour les entretiens professionnels avant la fin de votre formation.<\/span><\/p>\n<p>&nbsp;<\/p>\n<p><span style=\"color: #000080; font-family: verdana, geneva, sans-serif;\"><img loading=\"lazy\" decoding=\"async\" class=\"alignnone wp-image-15368\" src=\"https:\/\/www.leslanguessansstress.fr\/wp-content\/uploads\/2023\/05\/Cloe-287x300-1.png\" alt=\"\" width=\"127\" height=\"132\" \/><img loading=\"lazy\" decoding=\"async\" class=\"alignnone wp-image-13578\" src=\"https:\/\/www.leslanguessansstress.fr\/wp-content\/uploads\/2022\/05\/TESTS-CLOE\u0301-anglais-allemand-espangol-italienn-et-franc\u0327ais-aux-langues-sans-stress.png\" alt=\"\" width=\"239\" height=\"134\" \/> <img loading=\"lazy\" decoding=\"async\" class=\"alignnone wp-image-12141\" src=\"https:\/\/www.leslanguessansstress.fr\/wp-content\/uploads\/2021\/03\/Francais-perfectionner-ses-connaissances-et-preparer-le-Certificat-Le-Robert-avec-coaching-ludique-Les-langues-sans-stress.png-287x300.png\" alt=\"\" width=\"129\" height=\"135\" srcset=\"https:\/\/www.leslanguessansstress.fr\/wp-content\/uploads\/2021\/03\/Francais-perfectionner-ses-connaissances-et-preparer-le-Certificat-Le-Robert-avec-coaching-ludique-Les-langues-sans-stress.png-287x300.png 287w, https:\/\/www.leslanguessansstress.fr\/wp-content\/uploads\/2021\/03\/Francais-perfectionner-ses-connaissances-et-preparer-le-Certificat-Le-Robert-avec-coaching-ludique-Les-langues-sans-stress.png.png 304w\" sizes=\"auto, (max-width: 129px) 100vw, 129px\" \/> <img loading=\"lazy\" decoding=\"async\" class=\"alignnone wp-image-13149\" src=\"https:\/\/www.leslanguessansstress.fr\/wp-content\/uploads\/2022\/01\/Les-langues-sans-stress-73110-preparent-au-TOEIC-listening-reading-CPF-300x129.jpg\" alt=\"\" width=\"302\" height=\"130\" srcset=\"https:\/\/www.leslanguessansstress.fr\/wp-content\/uploads\/2022\/01\/Les-langues-sans-stress-73110-preparent-au-TOEIC-listening-reading-CPF-300x129.jpg 300w, https:\/\/www.leslanguessansstress.fr\/wp-content\/uploads\/2022\/01\/Les-langues-sans-stress-73110-preparent-au-TOEIC-listening-reading-CPF.jpg 700w\" sizes=\"auto, (max-width: 302px) 100vw, 302px\" \/><\/span><\/p>\n<p>&nbsp;<\/p>\n<h2><span style=\"color: #ff6600; font-family: verdana, geneva, sans-serif;\">Supervision de votre progression orale et \u00e9crite<\/span><\/h2>\n<p><span style=\"color: #000080; font-family: verdana, geneva, sans-serif;\">Les supervisions servent \u00e0 mettre en place de bonnes pratiques et garder un esprit serein avant de passer le test de certification (option obligatoire dans le financement CPF et choisi par certains \u00e9tudiants et stagiaires professionnels).<\/span><\/p>\n<div>\n<p><span style=\"color: #000080; font-family: verdana, geneva, sans-serif;\">Le test est organis\u00e9 sur une base de connaissances \u00e9crite et orale.<\/span><\/p>\n<p><span style=\"color: #000080; font-family: verdana, geneva, sans-serif;\">Le test CLO\u00c9 est en deux parties car il pr\u00e9pare aussi \u00e0 l&rsquo;interaction orale avec un interlocuteur en Visio.<\/span><br \/>\n<span style=\"color: #000080; font-family: verdana, geneva, sans-serif;\">Tout d&rsquo;abord, il y a un test de compr\u00e9hension \u00e9crite et orale en ligne qui dure environ 50 minutes. <\/span><\/p>\n<p><span style=\"color: #000080; font-family: verdana, geneva, sans-serif;\">Il y a 50 questions au total sur la langue de tous les jours et la langue dite professionnelle. <\/span><\/p>\n<p><span style=\"color: #000080; font-family: verdana, geneva, sans-serif;\">Les questions sont adapt\u00e9es au niveau du stagiaire et mesurent cinq comp\u00e9tences principales :<\/span><br \/>\n<span style=\"color: #000080; font-family: verdana, geneva, sans-serif;\">10 questions sur le vocabulaire<\/span><br \/>\n<span style=\"color: #000080; font-family: verdana, geneva, sans-serif;\">10 questions sur la grammaire et la syntaxe<\/span><br \/>\n<span style=\"color: #000080; font-family: verdana, geneva, sans-serif;\">10 questions sur les expressions<\/span><br \/>\n<span style=\"color: #000080; font-family: verdana, geneva, sans-serif;\">10 questions sur la compr\u00e9hension \u00e9crite<\/span><br \/>\n<span style=\"color: #000080; font-family: verdana, geneva, sans-serif;\">10 questions sur la compr\u00e9hension orale<\/span><\/p>\n<p><span style=\"color: #000080; font-family: verdana, geneva, sans-serif;\">Un module de cours ax\u00e9 pr\u00e9paration Test de Certification vous permet de vous entra\u00eener \u00e0 tous les types de questions que vous pouvez vous attendre \u00e0 trouver dans l&rsquo;\u00e9preuve \u00e9crite. <\/span><\/p>\n<h2><span style=\"color: #ff6600; font-family: verdana, geneva, sans-serif;\">Entrainement oral et \u00e9crit tutor\u00e9 par votre formatrice d\u00e9di\u00e9e<\/span><\/h2>\n<p><span style=\"color: #000080; font-family: verdana, geneva, sans-serif;\">Pendant ce module pr\u00e9-test, votre formatrice reste \u00e0 vos c\u00f4t\u00e9s pour vous apporter l&rsquo;aide n\u00e9cessaire.<\/span><\/p>\n<p><span style=\"color: #000080; font-family: verdana, geneva, sans-serif;\">Vous passez ensuite un test d&rsquo;expression orale avec l&rsquo;examinateur CLOE. <\/span><\/p>\n<p><span style=\"color: #000080; font-family: verdana, geneva, sans-serif;\">Il est divis\u00e9 en trois parties et dure environ 15 minutes. <\/span><\/p>\n<p><span style=\"color: #000080; font-family: verdana, geneva, sans-serif;\">Il porte sur la langue de tous les jours et la langue dite professionnelle. <\/span><\/p>\n<p><span style=\"color: #000080; font-family: verdana, geneva, sans-serif;\">Le test d&rsquo;expression orale comprend :<\/span><br \/>\n<span style=\"color: #000080; font-family: verdana, geneva, sans-serif;\">\u00a0&#8211; des questions pr\u00e9liminaires \u00e0 toutes les conversations<\/span><br \/>\n<span style=\"color: #000080; font-family: verdana, geneva, sans-serif;\">\u00a0&#8211; un jeu de r\u00f4le<\/span><br \/>\n<span style=\"color: #000080; font-family: verdana, geneva, sans-serif;\">\u00a0&#8211;\u00a0<\/span><span style=\"color: #000080; font-family: verdana, geneva, sans-serif;\">une discussion<\/span><\/p>\n<p><img loading=\"lazy\" decoding=\"async\" class=\"alignnone size-full wp-image-13534 aligncenter\" src=\"https:\/\/www.leslanguessansstress.fr\/wp-content\/uploads\/2022\/04\/calendrier.jpeg\" alt=\"\" width=\"272\" height=\"170\" \/><\/p>\n<\/div>\n<h2><span style=\"color: #ff6600; font-family: verdana, geneva, sans-serif;\">Calendrier d&rsquo;\u00e9tude et de mise en pratique orale et \u00e9crite\u00a0<\/span><\/h2>\n<p><span style=\"color: #000080; font-family: verdana, geneva, sans-serif;\">Nous vous pr\u00e9sentons automatiquement un calendrier : <\/span><\/p>\n<p><span style=\"color: #000080; font-family: verdana, geneva, sans-serif;\"> 1 &#8211; d&rsquo;\u00e9tude autonome<br \/>\n&#8211; niveau A &#8211; des notions essentielles \u00e0 valider le niveau Seuil et plus pour le stagiaire &lsquo;d\u00e9butant&rsquo;,<\/span><br \/>\n<span style=\"color: #000080; font-family: verdana, geneva, sans-serif;\">\u00a0 \u00a0 \u00a0 \u00a0&#8211; niveau B &#8211; selon niveau et objectifs \u00e0 atteindre par le stagiaire &lsquo;interm\u00e9diaire&rsquo; ou &lsquo;autonome&rsquo;,<\/span><br \/>\n<span style=\"color: #000080; font-family: verdana, geneva, sans-serif;\">2 &#8211; de votre entrainement oral et \u00e9crit tutor\u00e9<\/span><span style=\"color: #000080; font-family: verdana, geneva, sans-serif;\"> imm\u00e9diatement corrig\u00e9 expliqu\u00e9 et phrases valid\u00e9es,<\/span><br \/>\n<span style=\"color: #000080; font-family: verdana, geneva, sans-serif;\">3 &#8211; de votre mise en pratique des phrases valid\u00e9es et \u00e9changes de questions \u00e0 l&rsquo;oral,<\/span><br \/>\n<span style=\"color: #000080; font-family: verdana, geneva, sans-serif;\">4 &#8211; d&rsquo;entretiens ax\u00e9s sur votre mobilit\u00e9 professionnelle individuelle en fin de parcours. <\/span><\/p>\n<p><span style=\"color: #000080; font-family: verdana, geneva, sans-serif;\">Vous le constatez, la prise en charge de votre accompagnement et validation de votre progression nous tient \u00e0 coeur.<\/span><\/p>\n<h2><span style=\"color: #ff6600; font-family: verdana, geneva, sans-serif;\">Agenda individuel des dates d&rsquo;entretiens professionnels <\/span><\/h2>\n<p><span style=\"color: #000080; font-family: verdana, geneva, sans-serif;\">Une fois toutes ces dates d&rsquo;\u00e9tude et d&rsquo;\u00e9changes valid\u00e9es, vous pouvez demander une personnalisation des dates d&rsquo;\u00e9changes individuels pour une pratique au plus pr\u00e8s de vos besoins et de votre agenda personnel ou professionnel en fonction du contrat initial. <\/span><\/p>\n<p><span style=\"color: #000080; font-family: verdana, geneva, sans-serif;\">Cependant, quelques dates doivent \u00eatre pos\u00e9es sur des ateliers mixtes pour formaliser votre adaptation aux \u00e9changes en contexte selon des situations diverses du quotidien et en milieu professionnel standard.<\/span><\/p>\n<h2><span style=\"color: #ff6600; font-family: verdana, geneva, sans-serif;\">Se pr\u00e9parer \u00e0 l&rsquo;interaction orale avec un interlocuteur pendant le test Clo\u00e9<\/span><\/h2>\n<p><span style=\"color: #000080; font-family: verdana, geneva, sans-serif;\">Le test est organis\u00e9 sur une base de connaissances \u00e9crite et orale.<\/span><\/p>\n<p><span style=\"color: #000080; font-family: verdana, geneva, sans-serif;\">Le test CLO\u00c9 est en deux parties car il pr\u00e9pare aussi \u00e0 l&rsquo;interaction orale avec un interlocuteur en Visio.<\/span><br \/>\n<span style=\"color: #000080; font-family: verdana, geneva, sans-serif;\">Tout d&rsquo;abord, il y a un test de compr\u00e9hension \u00e9crite et orale en ligne qui dure environ 50 minutes. <\/span><\/p>\n<p><span style=\"color: #000080; font-family: verdana, geneva, sans-serif;\">Il y a 50 questions au total sur la langue de tous les jours et la langue dite professionnelle. <\/span><\/p>\n<p><span style=\"color: #000080; font-family: verdana, geneva, sans-serif;\">Les questions sont adapt\u00e9es au niveau du stagiaire et mesurent cinq comp\u00e9tences principales :<\/span><br \/>\n<span style=\"color: #000080; font-family: verdana, geneva, sans-serif;\">10 questions sur le vocabulaire<\/span><br \/>\n<span style=\"color: #000080; font-family: verdana, geneva, sans-serif;\">10 questions sur la grammaire et la syntaxe<\/span><br \/>\n<span style=\"color: #000080; font-family: verdana, geneva, sans-serif;\">10 questions sur les expressions<\/span><br \/>\n<span style=\"color: #000080; font-family: verdana, geneva, sans-serif;\">10 questions sur la compr\u00e9hension \u00e9crite.<\/span><\/p>\n<p><img loading=\"lazy\" decoding=\"async\" class=\"alignnone size-medium wp-image-14023 aligncenter\" src=\"https:\/\/www.leslanguessansstress.fr\/wp-content\/uploads\/2022\/09\/Qualiopi-pour-tous-les-stagiaires-et-adhe\u0301rents-les-langues-sans-stress-300x177.jpg\" alt=\"\" width=\"300\" height=\"177\" srcset=\"https:\/\/www.leslanguessansstress.fr\/wp-content\/uploads\/2022\/09\/Qualiopi-pour-tous-les-stagiaires-et-adhe\u0301rents-les-langues-sans-stress-300x177.jpg 300w, https:\/\/www.leslanguessansstress.fr\/wp-content\/uploads\/2022\/09\/Qualiopi-pour-tous-les-stagiaires-et-adhe\u0301rents-les-langues-sans-stress-768x453.jpg 768w, https:\/\/www.leslanguessansstress.fr\/wp-content\/uploads\/2022\/09\/Qualiopi-pour-tous-les-stagiaires-et-adhe\u0301rents-les-langues-sans-stress.jpg 858w\" sizes=\"auto, (max-width: 300px) 100vw, 300px\" \/><\/p>\n<p><span style=\"color: #000080; font-family: verdana, geneva, sans-serif;\">Nous r\u00e9pondons \u00e0 toutes vos questions avant, pendant et apr\u00e8s formation : n&rsquo;h\u00e9sitez pas \u00e0 nous contacter<\/span><\/p>\n","protected":false},"excerpt":{"rendered":"<p>Pr\u00e9paration aux entretiens et communication \u00e9crite\u00a0 Se pr\u00e9parer \u00e0 un certificat peut \u00eatre source de<\/p>\n","protected":false},"author":1,"featured_media":13534,"comment_status":"closed","ping_status":"open","sticky":false,"template":"","format":"standard","meta":{"footnotes":""},"categories":[80,348,176,432],"tags":[624,623,347,526],"class_list":["post-15832","post","type-post","status-publish","format-standard","has-post-thumbnail","hentry","category-actualites","category-cpf-certificats","category-information-documentation","category-langues","tag-calendrier","tag-entretiens","tag-langues","tag-modalites"],"_links":{"self":[{"href":"https:\/\/www.leslanguessansstress.fr\/index.php\/wp-json\/wp\/v2\/posts\/15832","targetHints":{"allow":["GET"]}}],"collection":[{"href":"https:\/\/www.leslanguessansstress.fr\/index.php\/wp-json\/wp\/v2\/posts"}],"about":[{"href":"https:\/\/www.leslanguessansstress.fr\/index.php\/wp-json\/wp\/v2\/types\/post"}],"author":[{"embeddable":true,"href":"https:\/\/www.leslanguessansstress.fr\/index.php\/wp-json\/wp\/v2\/users\/1"}],"replies":[{"embeddable":true,"href":"https:\/\/www.leslanguessansstress.fr\/index.php\/wp-json\/wp\/v2\/comments?post=15832"}],"version-history":[{"count":3,"href":"https:\/\/www.leslanguessansstress.fr\/index.php\/wp-json\/wp\/v2\/posts\/15832\/revisions"}],"predecessor-version":[{"id":15834,"href":"https:\/\/www.leslanguessansstress.fr\/index.php\/wp-json\/wp\/v2\/posts\/15832\/revisions\/15834"}],"wp:featuredmedia":[{"embeddable":true,"href":"https:\/\/www.leslanguessansstress.fr\/index.php\/wp-json\/wp\/v2\/media\/13534"}],"wp:attachment":[{"href":"https:\/\/www.leslanguessansstress.fr\/index.php\/wp-json\/wp\/v2\/media?parent=15832"}],"wp:term":[{"taxonomy":"category","embeddable":true,"href":"https:\/\/www.leslanguessansstress.fr\/index.php\/wp-json\/wp\/v2\/categories?post=15832"},{"taxonomy":"post_tag","embeddable":true,"href":"https:\/\/www.leslanguessansstress.fr\/index.php\/wp-json\/wp\/v2\/tags?post=15832"}],"curies":[{"name":"wp","href":"https:\/\/api.w.org\/{rel}","templated":true}]}}