{"id":15746,"date":"2024-01-19T17:21:42","date_gmt":"2024-01-19T16:21:42","guid":{"rendered":"https:\/\/www.leslanguessansstress.fr\/?p=15746"},"modified":"2024-01-23T12:56:56","modified_gmt":"2024-01-23T11:56:56","slug":"francais-fle-initiation-pq-flea1-a2","status":"publish","type":"post","link":"https:\/\/www.leslanguessansstress.fr\/index.php\/2024\/01\/19\/francais-fle-initiation-pq-flea1-a2\/","title":{"rendered":"Fran\u00e7ais FLE initiation PQ  FLEA1\/A2"},"content":{"rendered":"<p><span style=\"font-family: verdana, geneva, sans-serif; color: #000080;\">Programme de fran\u00e7ais FLE initiation PQ FLEA1\/A2 2024 faisant suite \u00e0 l&rsquo;initiation \u00ab\u00a0d\u00e9brouille\u00a0\u00bb A0-A1 des premiers pas en fran\u00e7ais FLE <\/span><\/p>\n<ul>\n<li><span style=\"font-family: verdana, geneva, sans-serif; color: #000080;\">Prochaine session avec financement CPF: 15 f\u00e9vrier au 21 juin 2024 &lsquo;plusieurs entr\u00e9es possibles toute l&rsquo;ann\u00e9e)<\/span><\/li>\n<li><span style=\"font-family: verdana, geneva, sans-serif; color: #000080;\">Effectif : 1 \u00e0 4 participants (33 heures) ou 5 \u00e0 8 participants (45 heures)<\/span><\/li>\n<\/ul>\n<p>&nbsp;<\/p>\n<h1><span style=\"font-family: verdana, geneva, sans-serif; color: #0000ff;\">Initiation au fran\u00e7ais courant pour mieux communiquer \u00e0 l&rsquo;oral au quotidien &#8211; \u00e9ligible CPF<\/span><\/h1>\n<p><span style=\"font-size: 20px; font-family: verdana, geneva, sans-serif;\"><strong><span style=\"color: #000080;\">OBJECTIFS A1\/A2<\/span><\/strong><\/span><\/p>\n<p><span style=\"font-family: verdana, geneva, sans-serif; color: #000080;\">Atteindre un niveau de comp\u00e9tences en fran\u00e7ais suffisant pour pouvoir communiquer dans des situations simples rencontr\u00e9es au quotidien.<\/span><br \/>\n<span style=\"font-family: verdana, geneva, sans-serif; color: #000080;\"> &#8211; Aborder le vocabulaire th\u00e9matique pour une meilleure insertion dans la vie de tous les jours et pendant ses fonctions.<\/span><br \/>\n<span style=\"font-family: verdana, geneva, sans-serif; color: #000080;\">&#8211; Am\u00e9liorer l&rsquo;expression \u00e9crite et la lecture de petits documents socioprofessionnels du quotidien.<\/span><br \/>\n<span style=\"font-family: verdana, geneva, sans-serif; color: #000080;\"> &#8211; D\u00e9velopper la compr\u00e9hension et la fluidit\u00e9 de l&rsquo;expression orale pour participer \u00e0 des conversations et r\u00e9unions.<\/span><br \/>\n<span style=\"font-family: verdana, geneva, sans-serif; color: #000080;\"> &#8211; Communiquer des informations simples et en demander par t\u00e9l\u00e9phone.\u00a0<\/span><br \/>\n<span style=\"font-family: verdana, geneva, sans-serif; color: #000080;\">OPTION CERTIFICAT FLE EN MILIEU PROFESSIONNEL :\u00a0<\/span><br \/>\n<span style=\"font-family: verdana, geneva, sans-serif; color: #000080;\">&#8211; Se pr\u00e9parer au format des questions du test de certification CLO\u00c9 FLE pour atteindre le niveau Seuil A2. \u00a0\u00a0<\/span><\/p>\n<p><img loading=\"lazy\" decoding=\"async\" class=\"alignnone size-medium wp-image-15671 aligncenter\" src=\"https:\/\/www.leslanguessansstress.fr\/wp-content\/uploads\/2023\/12\/francais-programme-sans-stress-300x204.jpg\" alt=\"\" width=\"300\" height=\"204\" srcset=\"https:\/\/www.leslanguessansstress.fr\/wp-content\/uploads\/2023\/12\/francais-programme-sans-stress-300x204.jpg 300w, https:\/\/www.leslanguessansstress.fr\/wp-content\/uploads\/2023\/12\/francais-programme-sans-stress.jpg 514w\" sizes=\"auto, (max-width: 300px) 100vw, 300px\" \/><\/p>\n<p><span style=\"font-size: 20px; font-family: verdana, geneva, sans-serif;\"><strong><span style=\"color: #000080;\">CONTENU A1\/A2<\/span><\/strong><\/span><\/p>\n<p><span style=\"color: #000080; font-family: verdana, geneva, sans-serif;\">Test de positionnement pour le faux d\u00e9butant<\/span><br \/>\n<span style=\"color: #000080; font-family: verdana, geneva, sans-serif;\">Consolider les notions apprises du niveau A1 (ou les acqu\u00e9rir en ajoutant 15 heures <\/span><span style=\"color: #000080; font-family: verdana, geneva, sans-serif;\">des mots et phrases de base du module A0\/-A1 D\u00c9BROUILLE). \u00a0<\/span><br \/>\n<span style=\"color: #000080; font-family: verdana, geneva, sans-serif;\">Approche th\u00e9matique du vocabulaire, des r\u00e8gles de grammaire, conjugaison, orthographe du fran\u00e7ais courant. \u00a0<\/span><br \/>\n<span style=\"color: #000080; font-family: verdana, geneva, sans-serif;\">Travail intensif de la phon\u00e9tique. <\/span><\/p>\n<p><span style=\"color: #0000ff; font-family: verdana, geneva, sans-serif;\">VOCABULAIRE EN CONTEXTE<\/span><\/p>\n<p><span style=\"color: #000080; font-family: verdana, geneva, sans-serif;\"><span style=\"text-decoration: underline;\">Th\u00e8mes<\/span> : la personne (famille, sant\u00e9 et description physique), l&rsquo;habitat et les objects du quotidien, la ville et les commerces, les achats et produits divers, l&rsquo;alimentation&#8230;<\/span><\/p>\n<p><span style=\"font-family: verdana, geneva, sans-serif; color: #000080;\">Enrichir le vocabulaire et d\u00e9velopper des situations habituelles de communication courante Entrainement et mise en pratique pour sociabiliser, nouer des contacts \u00a0et voyager , organiser une sortie ou remplir des documents administratifs simples<\/span><br \/>\n<span style=\"font-family: verdana, geneva, sans-serif; color: #000080;\">Revoir les lettres de l&rsquo;alphabet, la prononciation des syllabes simples et quelques liaisons communes.<\/span><\/p>\n<p><span style=\"font-family: verdana, geneva, sans-serif; color: #000080;\">Epeler son nom, son adresse.\u00a0<\/span><br \/>\n<span style=\"font-family: verdana, geneva, sans-serif; color: #000080;\">Saluer, se pr\u00e9senter, remplir une fiche de renseignements. <\/span><br \/>\n<span style=\"font-family: verdana, geneva, sans-serif; color: #000080;\">Prendre de courtes nouvelles et en donner.<\/span><br \/>\n<span style=\"font-family: verdana, geneva, sans-serif; color: #000080;\">Accueillir cordialement un visiteur et prendre des renseignements d&rsquo;\u00e9tat civil.<\/span><br \/>\n<span style=\"font-family: verdana, geneva, sans-serif; color: #000080;\">Donner son lieu d&rsquo;habitation actuel, son \u00e2ge et dire d&rsquo;o\u00f9 on vient &#8211; demander la m\u00eame chose \u00e0 un visiteur.<\/span><br \/>\n<span style=\"font-family: verdana, geneva, sans-serif; color: #000080;\">Pr\u00e9senter quelqu&rsquo;un ou quelque chose, un produit, un service, l&rsquo;entreprise. <\/span><br \/>\n<span style=\"font-family: verdana, geneva, sans-serif; color: #000080;\">Demander quelqu&rsquo;un au t\u00e9l\u00e9phone, prendre et donner un num\u00e9ro de t\u00e9l\u00e9phone.<\/span><br \/>\n<span style=\"font-family: verdana, geneva, sans-serif; color: #000080;\">Exprimer la quantit\u00e9 et indiquer une dur\u00e9e.<br \/>\nDonner un ordre de grandeur, comparer.<\/span><br \/>\n<span style=\"font-family: verdana, geneva, sans-serif; color: #000080;\">Les chiffres : demander et donner un prix, faire un petit calcul, donner l&rsquo;heure; prendre un num\u00e9ro de t\u00e9l\u00e9phone.<\/span><br \/>\n<span style=\"font-family: verdana, geneva, sans-serif; color: #000080;\">Parler du moment pr\u00e9sent et de ce qui est \u00e0 c\u00f4t\u00e9.<\/span><br \/>\n<span style=\"font-family: verdana, geneva, sans-serif; color: #000080;\">Demander\/donner des informations pratiques en voyage.<\/span><br \/>\n<span style=\"font-family: verdana, geneva, sans-serif; color: #000080;\">Remplir une fiche de r\u00e9parations d&rsquo;automobile.<\/span><br \/>\n<span style=\"font-family: verdana, geneva, sans-serif; color: #000080;\">Exprimer un sentiment, nuancer des propos.<\/span><br \/>\n<span style=\"font-family: verdana, geneva, sans-serif; color: #000080;\">Donner son avis et donner des conseils simples.<\/span><br \/>\n<span style=\"font-family: verdana, geneva, sans-serif; color: #000080;\">Exprimer son accord\/d\u00e9saccord, des regrets, remercier.<\/span><br \/>\n<span style=\"font-family: verdana, geneva, sans-serif; color: #000080;\">Parler de soi et de sa famille, des liens de parent\u00e9.<\/span><br \/>\n<span style=\"font-family: verdana, geneva, sans-serif; color: #000080;\">Situer dans l&rsquo;espace et dans le temps<\/span><br \/>\n<span style=\"font-family: verdana, geneva, sans-serif; color: #000080;\">Donner\/demander des explications simples.<\/span><br \/>\n<span style=\"font-family: verdana, geneva, sans-serif; color: #000080;\">Exprimer des rapports de temps entre deux faits.<\/span><br \/>\n<span style=\"font-family: verdana, geneva, sans-serif; color: #000080;\">&#8230;\u00a0<\/span><\/p>\n<p><span style=\"color: #0000ff; font-family: verdana, geneva, sans-serif;\">LE MONDE PROFESSIONNEL (pour le candidat professionnel ou demandeur d&#8217;emploi ou pr\u00e9parant le certificat A2\/CPF)<\/span><\/p>\n<p><span style=\"color: #000080; font-family: verdana, geneva, sans-serif;\">Saluer et se pr\u00e9senter. <\/span><br \/>\n<span style=\"color: #000080; font-family: verdana, geneva, sans-serif;\">Accueillir, pr\u00e9senter son entreprise et des coll\u00e8gues, l&rsquo;organigramme.<br \/>\nParler de son travail et donner des explications sur ses fonctions.\u00a0<\/span><br \/>\n<span style=\"color: #000080; font-family: verdana, geneva, sans-serif;\">Faire une visite de l&rsquo;entreprise.\u00a0<\/span><br \/>\n<span style=\"color: #000080; font-family: verdana, geneva, sans-serif;\">Pr\u00e9senter des produits ou services, donner des informations simples.\u00a0<\/span><br \/>\n<span style=\"color: #000080; font-family: verdana, geneva, sans-serif;\">Ecrire une petite lettre concise.\u00a0<\/span><br \/>\n<span style=\"color: #000080; font-family: verdana, geneva, sans-serif;\">Communiquer par t\u00e9l\u00e9phone et noter une courte information.<br \/>\nPrendre ou passer des appels t\u00e9l\u00e9phoniques professionnels simples et courts. <\/span><br \/>\n<span style=\"color: #000080; font-family: verdana, geneva, sans-serif;\">Prendre un message simple et court. <\/span><br \/>\n<span style=\"color: #000080; font-family: verdana, geneva, sans-serif;\">Parler de son agenda et noter un rendez-vous.\u00a0<\/span><br \/>\n<span style=\"color: #000080; font-family: verdana, geneva, sans-serif;\">Etablir un planning d&rsquo;activit\u00e9s.\u00a0<\/span><br \/>\n<span style=\"color: #000080; font-family: verdana, geneva, sans-serif;\">Raconter une journ\u00e9e de travail.<br \/>\nD\u00e9crire un \u00e9v\u00e9nement pass\u00e9.<\/span><br \/>\n<span style=\"color: #000080; font-family: verdana, geneva, sans-serif;\">Faire des projets et r\u00e9pondre \u00e0 des questions sur ces projets.\u00a0<\/span><br \/>\n<span style=\"color: #000080; font-family: verdana, geneva, sans-serif;\">Faire une petite pr\u00e9sentation.\u00a0<\/span><br \/>\n<span style=\"color: #000080; font-family: verdana, geneva, sans-serif;\">Participer \u00e0 une r\u00e9union. <\/span><br \/>\n<span style=\"color: #000080; font-family: verdana, geneva, sans-serif;\">Exprimer un avis, une opinion en r\u00e9union.<br \/>\nLe langage formel.\u00a0<\/span><br \/>\n<span style=\"color: #000080; font-family: verdana, geneva, sans-serif;\">Interagir selon ses fonctions en vente, commerce et logistique ou production, etc. <\/span><br \/>\n<span style=\"color: #000080; font-family: verdana, geneva, sans-serif;\">Travailler les \u00e9crits simples des \u00e9changes quotidien et dans un contexte professionnel. <\/span><br \/>\n<span style=\"color: #000080; font-family: verdana, geneva, sans-serif;\">Pr\u00e9parer son CV et s&rsquo;entrainer \u00e0 l&rsquo;entretien d&#8217;embauche, se pr\u00e9parer<\/span><span style=\"color: #000080; font-family: verdana, geneva, sans-serif;\"> \u00e0 poser des questions.<\/span><\/p>\n<p><span style=\"color: #000080; font-family: verdana, geneva, sans-serif;\"><br \/>\n<\/span><span style=\"color: #0000ff; font-family: verdana, geneva, sans-serif;\">GRAMMAIRE EN CONTEXTE niveau A1\/A2<\/span><\/p>\n<p><span style=\"color: #000080; font-family: verdana, geneva, sans-serif;\">Les conjugaisons des verbes : \u00eatre et avoir, s&rsquo;appeler, faire, vouloir, recevoir, sortir, partir, devoir, pouvoir, \u00e9crire, prendre, savoir, voir&#8230; aux<\/span><span style=\"color: #000080; font-family: verdana, geneva, sans-serif;\">\u00a0temps simples : pr\u00e9sent simple, futur proche, pass\u00e9 compos\u00e9, pass\u00e9 simple et imparfait.<\/span><\/p>\n<p><span style=\"color: #000080; font-family: verdana, geneva, sans-serif;\">Faire + verbe infinitif <\/span><br \/>\n<span style=\"color: #000080; font-family: verdana, geneva, sans-serif;\">La phrase affirmative, n\u00e9gative, interrogative\u00a0<\/span><br \/>\n<span style=\"color: #000080; font-family: verdana, geneva, sans-serif;\">Les questions simples, affirmatives et n\u00e9gatives. <\/span><br \/>\n<span style=\"color: #000080; font-family: verdana, geneva, sans-serif;\">Le genre des noms et des adjectifs, le pluriel en -S, en -X<\/span><br \/>\n<span style=\"color: #000080; font-family: verdana, geneva, sans-serif;\">Les pronoms sujets et les <\/span><span style=\"color: #000080; font-family: verdana, geneva, sans-serif;\">compl\u00e9ments directs et indirects<\/span><br \/>\n<span style=\"color: #000080; font-family: verdana, geneva, sans-serif;\">Les possessifs, les d\u00e9monstratifs<\/span><br \/>\n<span style=\"color: #000080; font-family: verdana, geneva, sans-serif;\">Distinguer il a, elle a, il y a <\/span><br \/>\n<span style=\"color: #000080; font-family: verdana, geneva, sans-serif;\">Les articles d\u00e9finis et ind\u00e9finis <\/span><br \/>\n<span style=\"color: #000080; font-family: verdana, geneva, sans-serif;\">Utiliser beaucoup de, plus de, moins de <\/span><br \/>\n<span style=\"color: #000080; font-family: verdana, geneva, sans-serif;\">Les adjectifs num\u00e9raux ordinaux <\/span><br \/>\n<span style=\"color: #000080; font-family: verdana, geneva, sans-serif;\">L&rsquo;infinitif des verbes en -ER <\/span><br \/>\n<span style=\"color: #000080; font-family: verdana, geneva, sans-serif;\">L&rsquo;imp\u00e9ratif et sa forme n\u00e9gative <\/span><br \/>\n<span style=\"color: #000080; font-family: verdana, geneva, sans-serif;\">Les interrogatifs : qui, que (qu&rsquo;), quoi, <\/span><span style=\"color: #000080; font-family: verdana, geneva, sans-serif;\">quel,\u00a0<\/span><br \/>\n<span style=\"color: #000080; font-family: verdana, geneva, sans-serif;\">Les pronoms toniques : moi, toi, elle, lui&#8230; <\/span><br \/>\n<span style=\"color: #000080; font-family: verdana, geneva, sans-serif;\">L&rsquo;interrogation avec \u00ab\u00a0est-ce que&#8230;?\u00a0\u00bb <\/span><br \/>\n<span style=\"color: #000080; font-family: verdana, geneva, sans-serif;\">Le compl\u00e9ment du nom avec &lsquo;de, du, des&rsquo; <\/span><br \/>\n<span style=\"color: #000080; font-family: verdana, geneva, sans-serif;\">Les expressions : c&rsquo;est&#8230; qui&#8230; \/ C&rsquo;est&#8230; que&#8230; <\/span><br \/>\n<span style=\"color: #000080; font-family: verdana, geneva, sans-serif;\">Le comparatif d&rsquo;\u00e9galit\u00e9, sup\u00e9riorit\u00e9 et d&rsquo;inf\u00e9riorit\u00e9 <\/span><br \/>\n<span style=\"color: #000080; font-family: verdana, geneva, sans-serif;\">Les pronoms Y et EN<\/span><br \/>\n<span style=\"color: #000080; font-family: verdana, geneva, sans-serif;\">Les conjonctions Quand, parce que <\/span><br \/>\n<span style=\"color: #000080; font-family: verdana, geneva, sans-serif;\">Les adverbes de temps <\/span><br \/>\n<span style=\"color: #000080; font-family: verdana, geneva, sans-serif;\">Les articles ind\u00e9finis et partitifs \u00e0 la forme n\u00e9gative<\/span><br \/>\n<span style=\"color: #000080; font-family: verdana, geneva, sans-serif;\">Distinguer \u00e0 \u00a0&#8211; au &#8211; aux <\/span><br \/>\n<span style=\"color: #000080; font-family: verdana, geneva, sans-serif;\">Les quantitatifs <\/span><br \/>\n<span style=\"color: #000080; font-family: verdana, geneva, sans-serif;\">D&rsquo;abord, ensuite, puis, enfin&#8230; <\/span><br \/>\n<span style=\"color: #000080; font-family: verdana, geneva, sans-serif;\">Tout &#8211; rien <\/span><\/p>\n<p><span style=\"color: #0000ff; font-family: verdana, geneva, sans-serif;\">EN ATELIER SUR PLACE <\/span><\/p>\n<p><span style=\"color: #000080; font-family: verdana, geneva, sans-serif;\">Validation des le\u00e7ons par des exercices d\u2019application en contexte de vie courante ou professionnelle. <\/span><br \/>\n<span style=\"color: #000080; font-family: verdana, geneva, sans-serif;\">Construction des phrases et am\u00e9lioration de la syntaxe \u00e9crite et orale.<\/span><br \/>\n<span style=\"color: #000080; font-family: verdana, geneva, sans-serif;\">Expression orale par situation du quotidien et en milieu professionnel. <\/span><br \/>\n<span style=\"color: #000080; font-family: verdana, geneva, sans-serif;\">Travail intensif de compr\u00e9hension orale avec lecture de documents courts et simples. <\/span><br \/>\n<span style=\"color: #000080; font-family: verdana, geneva, sans-serif;\">Expression \u00e9crite d\u2019emails courts et formulaires simples. <\/span><br \/>\n<span style=\"color: #000080; font-family: verdana, geneva, sans-serif;\">Mini tests de validation des modules th\u00e9matiques \u00e9tudi\u00e9s. <\/span><br \/>\n<span style=\"color: #000080; font-family: verdana, geneva, sans-serif;\">Dict\u00e9es ludiques avec apprentissage de l\u2019autocorrection. <\/span><\/p>\n<p><span style=\"color: #0000ff; font-family: verdana, geneva, sans-serif;\">OPTION PR\u00c9PARATION CERTIFICAT FLE : voir plus bas<\/span><br \/>\n<span style=\"color: #000080; font-family: verdana, geneva, sans-serif;\">\u00c9largissement du lexique professionnel et des expressions rencontr\u00e9es en entreprise. <\/span><br \/>\n<span style=\"color: #000080; font-family: verdana, geneva, sans-serif;\">4 semaines de pr\u00e9paration au format des questions du test CLO\u00c9 FLE<\/span><\/p>\n<p>&nbsp;<\/p>\n<p><span style=\"color: #0000ff; font-family: verdana, geneva, sans-serif;\">DEVOIRS ET R\u00c9VISIONS AUTONOMES AVANT ATELIER JEUX DE MISE EN PRATIQUE<\/span><br \/>\n<span style=\"color: #000080; font-family: verdana, geneva, sans-serif;\">Renforcer les notions de base en grammaire, orthographe et conjugaison.<\/span><br \/>\n<span style=\"color: #000080; font-family: verdana, geneva, sans-serif;\">S&rsquo;entrainer \u00e0 lire \u00e0 voix haute en modulant sa voix selon l&rsquo;information, le contexte et le type de phrase.<\/span><br \/>\n<span style=\"color: #000080; font-family: verdana, geneva, sans-serif;\">S&rsquo;exercer \u00e0 articuler pour gagner en vitesse et fluidit\u00e9 \u00e0 l&rsquo;oral.<\/span><br \/>\n<span style=\"color: #000080; font-family: verdana, geneva, sans-serif;\">Ecouter des dialogues et annonces ou textes publicitaires pour d\u00e9velopper la compr\u00e9hension orale.<\/span><br \/>\n<span style=\"color: #000080; font-family: verdana, geneva, sans-serif;\">Interagir selon son niveau d\u2019\u00e9tude du fran\u00e7ais<\/span><\/p>\n<p><span style=\"color: #0000ff; font-family: verdana, geneva, sans-serif;\"><span style=\"caret-color: #000080;\">\u00a0<\/span><\/span><br \/>\n<span style=\"color: #0000ff; font-family: verdana, geneva, sans-serif;\">POINTS FORTS<\/span><br \/>\n<span style=\"color: #000080; font-family: verdana, geneva, sans-serif;\">\u00c9coute des dialogues aux phrases et expressions faciles \u00e0 r\u00e9utiliser. <\/span><br \/>\n<span style=\"color: #000080; font-family: verdana, geneva, sans-serif;\">Entrainement \u00e0 l&rsquo;expression \u00e9crite par petites phrases avec validation ou correction par email asynchrone de la formatrice. <\/span><br \/>\n<span style=\"color: #000080; font-family: verdana, geneva, sans-serif;\">Mises en situation par contexte avec entrainements de prononciation et compr\u00e9hension des mots et phrases \u00e9cout\u00e9s. <\/span><br \/>\n<span style=\"color: #000080; font-family: verdana, geneva, sans-serif;\">RDV individuels \u00e0 poser selon votre agenda avec formatrice dynamique qui corrige les fautes avec bienveillance et les explique avec patience.<\/span><br \/>\n<span style=\"color: #000080; font-family: verdana, geneva, sans-serif;\">Entra\u00eenements avec correction bienveillante et explicative des erreurs par formatrice hypnoth\u00e9rapeute (option).<\/span><\/p>\n<p>&nbsp;<\/p>\n<p><span style=\"color: #0000ff; font-family: verdana, geneva, sans-serif;\">MAT\u00c9RIEL NON COMPRIS DANS LA FORMATION<\/span><br \/>\n<span style=\"color: #000080; font-family: verdana, geneva, sans-serif;\">Le manuel ou acc\u00e8s individuel \u00e0 la plateforme <\/span><br \/>\n<span style=\"color: #000080; font-family: verdana, geneva, sans-serif;\">Le stagiaire aura besoin d\u2019un cahier et de stylos de diff\u00e9rentes couleurs pour : <\/span><br \/>\n<span style=\"color: #000080; font-family: verdana, geneva, sans-serif;\">Prendre des notes et faire des sch\u00e9mas visuels illustrant des notions de grammaire.<\/span><br \/>\n<span style=\"color: #000080; font-family: verdana, geneva, sans-serif;\">\u00c9crire ses propres phrases au fur et \u00e0 mesure de sa progression dans le pro-gramme.<\/span><br \/>\n<span style=\"color: #000080; font-family: verdana, geneva, sans-serif;\">S\u2019entrainer selon les difficult\u00e9s rencontr\u00e9es en grammaire, orthographe, syntaxe.<\/span><\/p>\n<p>&nbsp;<\/p>\n<p>&nbsp;<\/p>\n<p><span style=\"font-family: verdana, geneva, sans-serif;\"><img loading=\"lazy\" decoding=\"async\" class=\"alignnone wp-image-11670 aligncenter\" src=\"https:\/\/www.leslanguessansstress.fr\/wp-content\/uploads\/2017\/02\/cropped-cropped-logo-2-300x237.png\" alt=\"\" width=\"192\" height=\"152\" srcset=\"https:\/\/www.leslanguessansstress.fr\/wp-content\/uploads\/2017\/02\/cropped-cropped-logo-2-300x237.png 300w, https:\/\/www.leslanguessansstress.fr\/wp-content\/uploads\/2017\/02\/cropped-cropped-logo-2.png 334w\" sizes=\"auto, (max-width: 192px) 100vw, 192px\" \/><\/span><\/p>\n<h2><span style=\"font-family: verdana, geneva, sans-serif;\"><strong><span style=\"color: #0000ff;\">FLE de tous les jours pour le vrai d\u00e9butant en fran\u00e7ais<\/span><\/strong><\/span><\/h2>\n<p style=\"font-weight: 400;\"><span style=\"font-family: verdana, geneva, sans-serif;\"><span style=\"color: #000080;\">Programme d&rsquo;initiation (15 heures) pour se d\u00e9brouiller tr\u00e8s rapidement en fran\u00e7ais et communiquer avec des francophones au quotidien (chiffres, petits d\u00e9placements, r\u00e9servation, transport, achats simples, nourriture et sant\u00e9, faire connaissance&#8230;)\u00a0\u00a0<\/span><\/span><\/p>\n<p><span style=\"font-family: verdana, geneva, sans-serif;\"><img loading=\"lazy\" decoding=\"async\" class=\"wp-image-12105 aligncenter\" src=\"https:\/\/www.leslanguessansstress.fr\/wp-content\/uploads\/2021\/03\/FLE_professionnel-291x300.png\" alt=\"\" width=\"176\" height=\"181\" srcset=\"https:\/\/www.leslanguessansstress.fr\/wp-content\/uploads\/2021\/03\/FLE_professionnel-291x300.png 291w, https:\/\/www.leslanguessansstress.fr\/wp-content\/uploads\/2021\/03\/FLE_professionnel.png 461w\" sizes=\"auto, (max-width: 176px) 100vw, 176px\" \/><\/span><\/p>\n<p><span style=\"font-family: verdana, geneva, sans-serif; color: #000080;\"><strong>POINTS FORTS<\/strong><\/span><\/p>\n<ul>\n<li><span style=\"font-family: verdana, geneva, sans-serif; color: #000080;\">Parcours mixte sur place et e-learning <span style=\"color: #0000ff;\">F.L.E. sans stress<\/span>.<\/span><\/li>\n<li><span style=\"font-family: verdana, geneva, sans-serif; color: #000080;\"> Une \u00e9tude \u00e0 votre rythme avec activit\u00e9s ludiques et mise en pratique des dialogues.\u00a0<\/span><\/li>\n<li><span style=\"font-family: verdana, geneva, sans-serif; color: #000080;\">Alternance entre situations rencontr\u00e9es au quotidien et celles de l&rsquo;entreprise.\u00a0<\/span><\/li>\n<li><span style=\"font-family: verdana, geneva, sans-serif; color: #000080;\">Formatrice dynamique \u00e0 votre \u00e9coute proposant des s\u00e9ances d&rsquo;oral sur place ou en Visio. <\/span><\/li>\n<li><span style=\"font-family: verdana, geneva, sans-serif; color: #000080;\">Soutien individualis\u00e9.<\/span><\/li>\n<\/ul>\n<p><span style=\"font-family: verdana, geneva, sans-serif;\"><img loading=\"lazy\" decoding=\"async\" class=\"alignnone size-medium wp-image-13865 aligncenter\" src=\"https:\/\/www.leslanguessansstress.fr\/wp-content\/uploads\/2022\/08\/Resultats-attendus--300x102.jpg\" alt=\"\" width=\"300\" height=\"102\" srcset=\"https:\/\/www.leslanguessansstress.fr\/wp-content\/uploads\/2022\/08\/Resultats-attendus--300x102.jpg 300w, https:\/\/www.leslanguessansstress.fr\/wp-content\/uploads\/2022\/08\/Resultats-attendus--1024x350.jpg 1024w, https:\/\/www.leslanguessansstress.fr\/wp-content\/uploads\/2022\/08\/Resultats-attendus--768x262.jpg 768w, https:\/\/www.leslanguessansstress.fr\/wp-content\/uploads\/2022\/08\/Resultats-attendus-.jpg 1072w\" sizes=\"auto, (max-width: 300px) 100vw, 300px\" \/><\/span><\/p>\n<p><span style=\"font-family: verdana, geneva, sans-serif; color: #000080;\"><strong>R\u00c9SULTATS<\/strong><\/span><\/p>\n<ol>\n<li><span style=\"font-family: verdana, geneva, sans-serif; color: #000080;\">Am\u00e9lioration de la compr\u00e9hension \u00e9crite et orale de <span style=\"color: #0000ff;\">F.L.E.<\/span><span style=\"color: #ff0000;\">\u00a0<span style=\"color: #0000ff;\">sans stress<\/span><span style=\"color: #0000ff;\">.<\/span><\/span><\/span><\/li>\n<li><span style=\"font-family: verdana, geneva, sans-serif; color: #000080;\">Plus de fluidit\u00e9 lors des prises de parole.\u00a0<\/span><\/li>\n<li><span style=\"font-family: verdana, geneva, sans-serif; color: #000080;\">Une meilleure prononciation et la <span style=\"color: #0000ff;\">formation instinctive des phrases fran\u00e7aises.\u00a0<\/span><\/span><\/li>\n<li><span style=\"font-family: verdana, geneva, sans-serif; color: #000080;\">Une diminution du stress lors des interactions au quotidien, pendant les voyages et rencontres professionnelles.<\/span><\/li>\n<li><span style=\"font-family: verdana, geneva, sans-serif; color: #000080;\">Attester du niveau atteint et des 5 comp\u00e9tences acquises en passant le test de <span style=\"color: #ff0000;\"><span style=\"color: #0000ff;\">certification CLO\u00c9 F.L.E.<\/span>\u00a0<\/span>en fin de parcours.<\/span><\/li>\n<\/ol>\n<p>&nbsp;<\/p>\n<p><span style=\"font-family: verdana, geneva, sans-serif; color: #000080;\"><strong>M\u00c9THODE P\u00c9DAGOGIQUE\u00a0<\/strong><\/span><\/p>\n<p><span style=\"font-family: verdana, geneva, sans-serif; color: #000080;\">Le stagiaire \u00e9tudie \u00e0 son rythme avec r\u00e9vision illimit\u00e9e sur plateforme e-learning partenaire ou dans cours version papier + audio en <span style=\"color: #0000ff;\"><strong>F.L.E.<\/strong><strong> sans stress<\/strong><\/span> avec production tutor\u00e9e des phrases \u00e9crites selon notions grammaticales apprises et \u00e9coute r\u00e9p\u00e9titive des dialogues entre natifs* suivi d&rsquo;une pratique ludique des le\u00e7ons \u00e0 voix haute pour favoriser l&rsquo;immersion, d\u00e9clencher le discours instinctif et la compr\u00e9hension naturelle selon le niveau individuel du stagiaire pratiquant la m\u00e9thode. L&rsquo;intervention de la formatrice est bienveillante avec l&rsquo;objectif d&rsquo;amener progressivement le stagiaire \u00e0 comprendre ses erreurs de prononciation et construction des phrases pour arriver bient\u00f4t \u00e0 s&rsquo;autocorriger et <span style=\"color: #0000ff;\">se sentir plus \u00e0 l&rsquo;aise pendant les interactions en fran\u00e7ais F.L.E.<\/span><\/span><\/p>\n<p><span style=\"color: #000080; font-family: verdana, geneva, sans-serif;\">Cher stagiaire, notre m\u00e9thode active est ax\u00e9e sur votre <span style=\"color: #ff0000;\"><span style=\"color: #0000ff;\">progression immersive en <\/span><span style=\"color: #000080;\"><span style=\"color: #0000ff;\">F.L.E.<\/span><\/span>\u00a0<\/span>: la formatrice vous \u00e9coute parler en <span style=\"color: #0000ff;\">fran\u00e7ais langue \u00e9trang\u00e8re<\/span> selon votre niveau individuel de progression en utilisant vos derniers acquis. Elle corrige les fautes de mani\u00e8re explicative et avec patience lorsqu&rsquo;elles sont r\u00e9currentes. <span style=\"text-decoration: underline;\">Elle ne parle pas \u00e0 votre place, elle ne \u00ab\u00a0fait pas la conversation\u00a0\u00bb \u00e0 votre place, elle ne traduit pas<\/span>. Vous devez apprendre les le\u00e7ons (grammaire, vocabulaire, dialogues) et les mentionner \u00e0 la formatrice par email avant toute s\u00e9ance face-\u00e0-face de mise en pratique \u00e0 l&rsquo;oral pour d\u00e9clencher le suivi p\u00e9dagogique avec soutien individualis\u00e9. Vous pouvez aussi la contacter d\u00e8s que vous rencontrez des difficult\u00e9s de compr\u00e9hension ou d&rsquo;assimilation des le\u00e7ons pour un accompagnement personnalis\u00e9.<\/span><\/p>\n<p><span style=\"font-family: verdana, geneva, sans-serif; color: #000080;\">\u00a0* <a href=\"https:\/\/www.leslanguessansstress.fr\/index.php\/2023\/04\/01\/langues-sans-stress-sous-hypnose\/\" target=\"_blank\" rel=\"noopener\">Parcours e-learning avec \u00e9coute sous hypnose de relaxation<\/a> sur place selon l&rsquo;\u00e9tat de fatigue ou de nervosit\u00e9 ressenti (option hors forfait pour l&rsquo;\u00e9tude individuelle) <\/span><\/p>\n<p><span style=\"font-family: verdana, geneva, sans-serif;\"><img loading=\"lazy\" decoding=\"async\" class=\"alignnone size-medium wp-image-11172 aligncenter\" src=\"https:\/\/www.leslanguessansstress.fr\/wp-content\/uploads\/2020\/12\/bd-methode-simple-et-ludique-pour-devenir-bilingue-sans-stress-et-rapidement-formation-CPF-cours-sous-hypnose-et-coaching-e1614706076623-300x166.png\" alt=\"\" width=\"300\" height=\"166\" srcset=\"https:\/\/www.leslanguessansstress.fr\/wp-content\/uploads\/2020\/12\/bd-methode-simple-et-ludique-pour-devenir-bilingue-sans-stress-et-rapidement-formation-CPF-cours-sous-hypnose-et-coaching-e1614706076623-300x166.png 300w, https:\/\/www.leslanguessansstress.fr\/wp-content\/uploads\/2020\/12\/bd-methode-simple-et-ludique-pour-devenir-bilingue-sans-stress-et-rapidement-formation-CPF-cours-sous-hypnose-et-coaching-e1614706076623-768x425.png 768w, https:\/\/www.leslanguessansstress.fr\/wp-content\/uploads\/2020\/12\/bd-methode-simple-et-ludique-pour-devenir-bilingue-sans-stress-et-rapidement-formation-CPF-cours-sous-hypnose-et-coaching-e1614706076623.png 917w\" sizes=\"auto, (max-width: 300px) 100vw, 300px\" \/><\/span><\/p>\n<p><span style=\"font-family: verdana, geneva, sans-serif; color: #000080;\"><strong>MODALIT\u00c9S P\u00c9DAGOGIQUES<\/strong><\/span><\/p>\n<ol>\n<li><span style=\"color: #000080; font-family: verdana, geneva, sans-serif;\">Analyse des besoins avant de commencer la <span style=\"color: #0000ff;\">formation en F.L.E..\u00a0<\/span><\/span><\/li>\n<li><span style=\"color: #000080; font-family: verdana, geneva, sans-serif;\">Formation avec pratique \u00e9crite et orale en ligne, guid\u00e9e par un <span style=\"color: #ff0000;\"><span style=\"color: #0000ff;\">parcours de F.L.E.<\/span>\u00a0<\/span>avec choix du niveau et des th\u00e8mes adapt\u00e9s au stagiaire.<\/span><\/li>\n<li><span style=\"color: #000080; font-family: verdana, geneva, sans-serif;\">Cours tutor\u00e9 par la formatrice qui corrige la production \u00e9crite re\u00e7ue avec bienveillance tout au long du parcours.\u00a0<\/span><\/li>\n<li><span style=\"color: #000080; font-family: verdana, geneva, sans-serif;\">Apprentissage individualis\u00e9 autonome dans un manuel ou \u00e0 distance sur la base d&rsquo;un diagnostic.\u00a0<\/span><\/li>\n<li><span style=\"color: #000080; font-family: verdana, geneva, sans-serif;\">Nombreuses formes d&rsquo;apprentissage : QCM, \u00c0 vos mots\/images audio, Transformation, Deux par deux, Dict\u00e9e de mots, Phrases \u00e0 trous, Reformulation, etc. <\/span><\/li>\n<li><span style=\"color: #000080; font-family: verdana, geneva, sans-serif;\">Atelier pr\u00e9sentiel de mise en pratique orale des acquis deux par deux et en s\u00e9ance individuelle avec le soutien de la formatrice. <\/span><\/li>\n<li><span style=\"color: #000080; font-family: verdana, geneva, sans-serif;\">\u00a0Soutien bienveillant et p\u00e9dagogique individualis\u00e9 par une formatrice de bonne humeur et dynamique, toujours \u00e0 votre \u00e9coute : elle r\u00e9pond \u00e0 vos sollicitations par email.<\/span><\/li>\n<li><span style=\"color: #000080; font-family: verdana, geneva, sans-serif;\">Le stagiaire peut proposer par email des dates de RDV en amont de la formation pour validation des s\u00e9ances individualis\u00e9es par l&rsquo;organisme de formation. Sans ces informations re\u00e7ues en d\u00e9but de parcours, le stagiaire sera invit\u00e9 \u00e0 participer aux ateliers pr\u00e9\u00e9tablis.\u00a0<\/span><\/li>\n<li><span style=\"color: #000080; font-family: verdana, geneva, sans-serif;\">\u00c9valuation finale r\u00e9alis\u00e9e \u00e0 la fin de chaque module avec aper\u00e7u de la progression par comp\u00e9tences.\u00a0<\/span><\/li>\n<li><span style=\"color: #000080; font-family: verdana, geneva, sans-serif;\">Pr\u00e9paration au format des questions du test de certification (forfait 4 semaines).<\/span><\/li>\n<li><span style=\"color: #000080; font-family: verdana, geneva, sans-serif;\">Passage de la <span style=\"color: #ff0000;\"><span style=\"color: #0000ff;\">Certification CLO\u00c9 F.L.E.<\/span>\u00a0<\/span>\u00e0 l&rsquo;issue de la formation.<\/span><\/li>\n<\/ol>\n<p>&nbsp;<\/p>\n<p><span style=\"font-family: verdana, geneva, sans-serif; color: #000080;\">&#8211; <span style=\"color: #0000ff;\"><strong>DIALOGUES EN F.L.E. ENTRE NATIFS <\/strong><\/span>sous hypnose qui aide \u00e0 abaisser le niveau de stress ou de fatigue, facilite la concentration sur le cours, la compr\u00e9hension naturelle des dialogues et contribue \u00e0 fluidifier l&rsquo;expression sans stress ni autre effort lors des r\u00e9p\u00e9titions \u00e0 voix haute jusqu&rsquo;\u00e0 satisfaction apr\u00e8s chaque \u00e9coute sous hypnose de relaxation.\u00a0<\/span><\/p>\n<p>&nbsp;<\/p>\n<p><span style=\"font-family: verdana, geneva, sans-serif; color: #000080;\"><strong>RESSOURCES\u00a0<\/strong><\/span><\/p>\n<ul>\n<li><span style=\"color: #000080; font-family: verdana, geneva, sans-serif;\"><strong>\u00c9TUDE<\/strong> = Acc\u00e8s illimit\u00e9 \u00e0 notre plateforme e-learning avec adaptation du niveau d&rsquo;entr\u00e9e au profil du stagiaire apr\u00e8s le diagnostic en ligne. (non adapt\u00e9 au vrai d\u00e9butant sans connaissances pr\u00e9alable du fran\u00e7ais).\u00a0<\/span><br \/>\n<span style=\"color: #000080; font-family: verdana, geneva, sans-serif;\">Connexion 24H\/24, tous les jours de la semaine, weekends et jours f\u00e9ri\u00e9s compris. Le manuel est propos\u00e9 aux personnes qui pr\u00e9f\u00e8rent ce moyen d&rsquo;\u00e9tude.\u00a0<\/span><\/li>\n<li><span style=\"color: #000080; font-family: verdana, geneva, sans-serif;\"><strong>TESTS<\/strong> = les tests de diagnostic d&rsquo;entr\u00e9e et le certificat final sont ouverts sur des plateformes externes. Vous recevez un lien par email avec des codes secrets personnels \u00e0 utiliser une seule fois, non transmissibles. Les tests de progression interm\u00e9diaire sont inclus dans l&rsquo;acc\u00e8s \u00e0 la plateforme d&rsquo;\u00e9tude autonome.<\/span><\/li>\n<\/ul>\n<p>&nbsp;<\/p>\n<p><span style=\"font-family: verdana, geneva, sans-serif; color: #000080;\"><strong>MODALIT\u00c9S D&rsquo;\u00c9VALUATION\u00a0<\/strong><\/span><\/p>\n<ul>\n<li><span style=\"font-family: verdana, geneva, sans-serif; color: #000080;\">D\u00e8s la premi\u00e8re connexion, un <span style=\"color: #ff0000;\"><span style=\"color: #0000ff;\">diagnostic en F.L.E.<\/span>\u00a0<\/span>selon les niveaux du CECRL.<\/span><\/li>\n<li><span style=\"font-family: verdana, geneva, sans-serif; color: #000080;\">Un niveau de parcours est alors attribu\u00e9 au stagiaire, avec un objectif \u00e0 atteindre (terminer le niveau).<\/span><\/li>\n<li><span style=\"font-family: verdana, geneva, sans-serif; color: #000080;\">Le niveau de parcours est compos\u00e9 de plusieurs s\u00e9quences qui comportent chacune diff\u00e9rents th\u00e8mes.<\/span><\/li>\n<li><span style=\"font-family: verdana, geneva, sans-serif; color: #000080;\">Le stagiaire avance dans son parcours et suit sa progression\u00a0: chaque th\u00e8me comprend un cours\u00a0de grammaire compl\u00e9t\u00e9 par une s\u00e9rie d&rsquo;exercices, des mots et expressions \u00e0 conna\u00eetre et un dialogue th\u00e9matique \u00e0 \u00e9couter sous hypnose plusieurs fois pour valider l\u2019\u00e9tude autonome selon nos modalit\u00e9s de progression. Un demi niveau et des exercices peuvent \u00eatre attribu\u00e9s en fonction des zones de fragilit\u00e9 d\u00e9tect\u00e9es lors du diagnostic ou apr\u00e8s le passage d\u2019un test interm\u00e9diaire.<\/span><\/li>\n<li><span style=\"font-family: verdana, geneva, sans-serif; color: #000080;\">En fin d&rsquo;apprentissage une \u00e9valuation finale est d\u00e9clench\u00e9e.<\/span><\/li>\n<li><span style=\"font-family: verdana, geneva, sans-serif; color: #000080;\">Le stagiaire doit passer la <span style=\"color: #ff0000;\"><span style=\"color: #0000ff;\">Certification CLO\u00c9 F.L.E.<\/span> <\/span>afin de certifier ses comp\u00e9tences.<\/span><\/li>\n<\/ul>\n<p><span style=\"font-family: verdana, geneva, sans-serif; color: #000080;\"><strong>\u00a0<\/strong><\/span><\/p>\n<p><span style=\"font-family: verdana, geneva, sans-serif; color: #000080;\"><strong>FR\u00c9QUENCE D&rsquo;\u00c9TUDE\u00a0<\/strong><\/span><\/p>\n<ul>\n<li><span style=\"font-family: verdana, geneva, sans-serif; color: #000080;\">Un peu chaque jour \u00e0 raison de 20 \u00e0 45 minutes \u00e0 1 heure plusieurs fois par semaine si possible : plus les s\u00e9ances sont rapproch\u00e9es, plus souvent vous <span style=\"color: #ff0000;\"><span style=\"color: #0000ff;\">entrez en contact avec le fran\u00e7ais \/ F.L.E.<\/span><\/span> et mettez en pratique les r\u00e8gles avec facilit\u00e9 et confiance. <\/span><\/li>\n<li><span style=\"font-family: verdana, geneva, sans-serif; color: #000080;\">En centre, les s\u00e9ances pr\u00e9sentielles hebdomadaires ou bimensuelles avec formatrice durent de 45 min. \u00e0 90 min. selon les ateliers de pratique orale et \u00e9crite. <\/span><\/li>\n<li><span style=\"font-family: verdana, geneva, sans-serif; color: #000080;\"><span style=\"text-decoration: underline;\">RDV individuels \u00e0 poser en amont de la formation avec l&rsquo;intervenante<\/span>.\u00a0<\/span><\/li>\n<li><span style=\"font-family: verdana, geneva, sans-serif; color: #000080;\">Nous conseillons une immersion semi intensive pendant au moins 3 mois pour assimiler le programme et \u00eatre capable de communiquer \u00e0 l\u2019instinct \u2013 sans traduire*\u00a0<\/span><\/li>\n<\/ul>\n<p>&nbsp;<\/p>\n<p><span style=\"font-family: verdana, geneva, sans-serif; color: #000080;\"><strong>TYPE DE PARCOURS\u00a0<\/strong><\/span><\/p>\n<p><span style=\"font-family: verdana, geneva, sans-serif; color: #000080;\">Individualis\u00e9 et personnalis\u00e9, sur place avec formatrice et \u00e0 distance (e-learning) <\/span><br \/>\n<span style=\"font-family: verdana, geneva, sans-serif; color: #000080;\">Le mat\u00e9riel d&rsquo;\u00e9tude individualis\u00e9 n&rsquo;est pas inclus dans les frais sauf mention sp\u00e9cifique. <\/span><br \/>\n<span style=\"font-family: verdana, geneva, sans-serif; color: #000080;\">Le stagiaire aura aussi besoin d&rsquo;un cahier et de stylos de couleur pour prendre des notes et faire des phrases d&rsquo;entrainement selon les le\u00e7ons \u00e9tudi\u00e9es. <\/span><\/p>\n<p>&nbsp;<\/p>\n<p><span style=\"color: #000080; font-family: verdana, geneva, sans-serif;\"><strong>ACCESSIBILIT\u00c9 HANDICAP<\/strong><\/span><\/p>\n<p><span style=\"font-family: verdana, geneva, sans-serif; color: #000080;\">Cours \u00e9crits et dialogues en audio, images de r\u00e9vision avec son, le tout propos\u00e9 sur une plateforme <strong>e-learning<\/strong> avec s\u00e9ances d\u2019hypnose n\u00e9cessitant un son de qualit\u00e9. Veuillez v\u00e9rifier la compatibilit\u00e9 de votre mat\u00e9riel personnel selon votre handicap. Notre r\u00e9f\u00e9rente Handicap se tient \u00e0 votre disposition pour toute information et possibilit\u00e9 d&rsquo;adaptation : <a href=\"https:\/\/www.leslanguessansstress.fr\/index.php\/nous-contacter\/\" target=\"_blank\" rel=\"noopener\">nous contacter<\/a><\/span><\/p>\n<p><span style=\"font-family: verdana, geneva, sans-serif;\"><img loading=\"lazy\" decoding=\"async\" class=\"alignnone size-full wp-image-13534 aligncenter\" src=\"https:\/\/www.leslanguessansstress.fr\/wp-content\/uploads\/2022\/04\/calendrier.jpeg\" alt=\"\" width=\"272\" height=\"170\" \/><\/span><\/p>\n<p><span style=\"color: #000080; font-family: verdana, geneva, sans-serif;\"><strong>DATES<\/strong><\/span><\/p>\n<ol>\n<li><span style=\"color: #000080; font-family: verdana, geneva, sans-serif;\">Sur mesure <\/span><\/li>\n<li><span style=\"color: #000080; font-family: verdana, geneva, sans-serif;\">Selon calendrier en micro groupe : d\u00e9but f\u00e9vrier 2024<\/span><\/li>\n<\/ol>\n<p>&nbsp;<\/p>\n<p><span style=\"color: #000080; font-family: verdana, geneva, sans-serif;\"><strong>DUR\u00c9E<\/strong><\/span><\/p>\n<p><span style=\"color: #000080; font-family: verdana, geneva, sans-serif;\">\u00a033 \u00e0 45 heures r\u00e9parties sur 3 \u00e0 5 mois selon effectif du cours et <\/span><span style=\"color: #000080; font-family: verdana, geneva, sans-serif;\">adaptation du nombre d\u2019heures d\u2019\u00e9tude, le cas \u00e9ch\u00e9ant*<\/span><\/p>\n<p><span style=\"color: #000080; font-family: verdana, geneva, sans-serif;\"><strong>LIEU<\/strong><\/span><\/p>\n<p><span style=\"color: #000080; font-family: verdana, geneva, sans-serif;\">En centre ou en Visio avec \u00e9tude tutor\u00e9e dans manuel ou e-learning, o\u00f9 bon vous semble pour apprendre avec efficacit\u00e9 dans un endroit calme<\/span><\/p>\n<p>&nbsp;<\/p>\n<p><span style=\"color: #000080; font-family: verdana, geneva, sans-serif;\"><strong>PR\u00c9REQUIS<\/strong><\/span><\/p>\n<ul>\n<li><span style=\"color: #000080; font-family: verdana, geneva, sans-serif;\"><span style=\"text-decoration: underline;\">Cours<\/span> : disposer d&rsquo;un ordinateur ou d&rsquo;un Smartphone ou d&rsquo;une tablette avec connexion Internet. Ne pas \u00eatre en situation d&rsquo;analphab\u00e9tisme.*<\/span><\/li>\n<li><span style=\"color: #000080; font-family: verdana, geneva, sans-serif;\"><span style=\"text-decoration: underline;\">Test de certification<\/span> : disposer d&rsquo;un ordinateur avec une bonne connexion Internet. Avoir suivi la formation pour comprendre les informations et les questions orales et \u00e9crites du test.<\/span><\/li>\n<\/ul>\n<p><span style=\"color: #000080; font-family: verdana, geneva, sans-serif;\"><strong>CONTACT<\/strong><\/span><\/p>\n<ul>\n<li><span style=\"color: #000080; font-family: verdana, geneva, sans-serif;\"><a href=\"https:\/\/www.leslanguessansstress.fr\/index.php\/nous-contacter\/\" target=\"_blank\" rel=\"noopener\">Nous contacter<\/a> avec le d\u00e9tail de votre projet et situation pour fixer un rendez-vous ou entretien t\u00e9l\u00e9phonique<\/span><\/li>\n<\/ul>\n<p style=\"text-align: center;\"><span style=\"font-family: verdana, geneva, sans-serif;\"><img loading=\"lazy\" decoding=\"async\" class=\"alignnone size-medium wp-image-14157\" src=\"https:\/\/www.leslanguessansstress.fr\/wp-content\/uploads\/2022\/10\/Mon-compte-formation-CPF-les-langues-sans-stress-300x159.jpg\" alt=\"\" width=\"300\" height=\"159\" srcset=\"https:\/\/www.leslanguessansstress.fr\/wp-content\/uploads\/2022\/10\/Mon-compte-formation-CPF-les-langues-sans-stress-300x159.jpg 300w, https:\/\/www.leslanguessansstress.fr\/wp-content\/uploads\/2022\/10\/Mon-compte-formation-CPF-les-langues-sans-stress.jpg 646w\" sizes=\"auto, (max-width: 300px) 100vw, 300px\" \/><\/span><\/p>\n<h1><span style=\"font-family: verdana, geneva, sans-serif; color: #0000ff;\">Initiation au fran\u00e7ais courant et professionnel pour mieux communiquer \u00e0 l&rsquo;oral au quotidien &#8211; \u00e9ligible CPF<\/span><\/h1>\n<p><span style=\"font-family: verdana, geneva, sans-serif; color: #000080;\"><strong>TARIF TOUT COMPRIS finan\u00e7able par le CPF<\/strong>\u00a0<\/span><\/p>\n<ul>\n<li><span style=\"font-family: verdana, geneva, sans-serif; color: #000080;\"> Tarif standard 2500 \u20ac net \/ 33 heures d&rsquo;\u00e9tude (+ r\u00e9vision illimit\u00e9e \u00e0 votre rythme)\u00a0<\/span><\/li>\n<li><span style=\"font-family: verdana, geneva, sans-serif; color: #0000ff;\">Exemple de choix des modalit\u00e9s <\/span><span style=\"font-family: verdana, geneva, sans-serif; color: #000080;\">Le parcours individualis\u00e9 de 33 heures comprend :<br \/>\nL&rsquo;\u00e9valuation initiale et l&rsquo;analyse des besoins.<br \/>\nL&rsquo;\u00e9laboration du programme de formation personnalis\u00e9.<br \/>\nLe mat\u00e9riel p\u00e9dagogique sur place et de pr\u00e9paration au certificat niveau Seuil.<br \/>\n22 s\u00e9ances de 45 mn avec la formatrice dont 3 en atelier d&rsquo;interaction deux par deux.<br \/>\n22 s\u00e9ances de 45 mn de cours tutor\u00e9 avec suivi individualis\u00e9 par la formatrice.<br \/>\n-&gt; Le stagiaire envoie par email ses questions et quelques phrases construites sur le sch\u00e9ma de grammaire \u00e9tudi\u00e9e selon niveau de progression individuelle avant chaque entretien pr\u00e9sentiel.<br \/>\n4 semaines de pr\u00e9paration et l&rsquo;inscription au test de certification CLOE.<br \/>\nLe suivi p\u00e9dagogique avec attestation de pr\u00e9sence.<br \/>\nLe certificat des comp\u00e9tences avec bilan linguistique.<br \/>\n<\/span><span style=\"font-family: verdana, geneva, sans-serif; color: #000080;\">L&rsquo;\u00e9valuation \u00e0 chaud des prestations suivies puis l&rsquo;\u00e9valuation froid de la prestation\u00a0<\/span><\/li>\n<li><span style=\"font-family: verdana, geneva, sans-serif; color: #000080;\"><strong>Financement<\/strong> : tarif adapt\u00e9 aux modalit\u00e9s choisies : test de certification, dur\u00e9e d&rsquo;\u00e9tude autonome, ressources et fr\u00e9quence de l&rsquo;accompagnement. Plusieurs financements accept\u00e9s dont l\u2019apport personnel, de l\u2019entreprise et toute aide de l\u2019\u00e9tat dont le financement CPF.<\/span><\/li>\n<li><span style=\"text-decoration: underline; font-family: verdana, geneva, sans-serif;\"><span style=\"color: #000080; text-decoration: underline;\">Le co\u00fbt de la certification est inclus dans le tarif des formations CPF <\/span><\/span><\/li>\n<li><span style=\"font-family: verdana, geneva, sans-serif; color: #000080;\">Nous vous invitons \u00e0 consulter le <a href=\"https:\/\/www.leslanguessansstress.fr\/index.php\/2023\/03\/24\/livret-daccueil-stagiaire\/\" target=\"_blank\" rel=\"noopener\">Livret d&rsquo;accueil du stagiaire<\/a> avant toute inscription<\/span><\/li>\n<\/ul>\n<p style=\"text-align: center;\"><span style=\"font-family: verdana, geneva, sans-serif;\"><img loading=\"lazy\" decoding=\"async\" class=\"alignnone size-medium wp-image-14383\" src=\"https:\/\/www.leslanguessansstress.fr\/wp-content\/uploads\/2022\/10\/QUALIOPI-action-de-formation-renouvele\u0301-20221009-Les-langues-sans-stress--300x193.jpg\" alt=\"\" width=\"300\" height=\"193\" srcset=\"https:\/\/www.leslanguessansstress.fr\/wp-content\/uploads\/2022\/10\/QUALIOPI-action-de-formation-renouvele\u0301-20221009-Les-langues-sans-stress--300x193.jpg 300w, https:\/\/www.leslanguessansstress.fr\/wp-content\/uploads\/2022\/10\/QUALIOPI-action-de-formation-renouvele\u0301-20221009-Les-langues-sans-stress--1024x660.jpg 1024w, https:\/\/www.leslanguessansstress.fr\/wp-content\/uploads\/2022\/10\/QUALIOPI-action-de-formation-renouvele\u0301-20221009-Les-langues-sans-stress--768x495.jpg 768w, https:\/\/www.leslanguessansstress.fr\/wp-content\/uploads\/2022\/10\/QUALIOPI-action-de-formation-renouvele\u0301-20221009-Les-langues-sans-stress-.jpg 1504w\" sizes=\"auto, (max-width: 300px) 100vw, 300px\" \/><\/span><\/p>\n<p><span style=\"font-family: verdana, geneva, sans-serif; color: #000080;\">* d\u2019autres parcours et tarifs sont propos\u00e9s en fonction de vos besoins et contraintes ; Veuillez nous contacter avec description d\u00e9taill\u00e9e de votre situation personnelle ou de votre budget.\u00a0<\/span><\/p>\n","protected":false},"excerpt":{"rendered":"<p>Programme de fran\u00e7ais FLE initiation PQ FLEA1\/A2 2024 faisant suite \u00e0 l&rsquo;initiation \u00ab\u00a0d\u00e9brouille\u00a0\u00bb A0-A1 des<\/p>\n","protected":false},"author":1,"featured_media":0,"comment_status":"closed","ping_status":"open","sticky":false,"template":"","format":"standard","meta":{"footnotes":""},"categories":[80],"tags":[617],"class_list":["post-15746","post","type-post","status-publish","format-standard","hentry","category-actualites","tag-lu"],"_links":{"self":[{"href":"https:\/\/www.leslanguessansstress.fr\/index.php\/wp-json\/wp\/v2\/posts\/15746","targetHints":{"allow":["GET"]}}],"collection":[{"href":"https:\/\/www.leslanguessansstress.fr\/index.php\/wp-json\/wp\/v2\/posts"}],"about":[{"href":"https:\/\/www.leslanguessansstress.fr\/index.php\/wp-json\/wp\/v2\/types\/post"}],"author":[{"embeddable":true,"href":"https:\/\/www.leslanguessansstress.fr\/index.php\/wp-json\/wp\/v2\/users\/1"}],"replies":[{"embeddable":true,"href":"https:\/\/www.leslanguessansstress.fr\/index.php\/wp-json\/wp\/v2\/comments?post=15746"}],"version-history":[{"count":9,"href":"https:\/\/www.leslanguessansstress.fr\/index.php\/wp-json\/wp\/v2\/posts\/15746\/revisions"}],"predecessor-version":[{"id":15759,"href":"https:\/\/www.leslanguessansstress.fr\/index.php\/wp-json\/wp\/v2\/posts\/15746\/revisions\/15759"}],"wp:attachment":[{"href":"https:\/\/www.leslanguessansstress.fr\/index.php\/wp-json\/wp\/v2\/media?parent=15746"}],"wp:term":[{"taxonomy":"category","embeddable":true,"href":"https:\/\/www.leslanguessansstress.fr\/index.php\/wp-json\/wp\/v2\/categories?post=15746"},{"taxonomy":"post_tag","embeddable":true,"href":"https:\/\/www.leslanguessansstress.fr\/index.php\/wp-json\/wp\/v2\/tags?post=15746"}],"curies":[{"name":"wp","href":"https:\/\/api.w.org\/{rel}","templated":true}]}}