{"id":15743,"date":"2025-04-02T12:15:35","date_gmt":"2025-04-02T10:15:35","guid":{"rendered":"https:\/\/www.leslanguessansstress.fr\/?p=15743"},"modified":"2025-04-03T15:18:00","modified_gmt":"2025-04-03T13:18:00","slug":"francais-fle-initiation-debrouille-pq-flea0-a1","status":"publish","type":"post","link":"https:\/\/www.leslanguessansstress.fr\/index.php\/2025\/04\/02\/francais-fle-initiation-debrouille-pq-flea0-a1\/","title":{"rendered":"Fran\u00e7ais FLE initiation \u00ab\u00a0d\u00e9brouille\u00a0\u00bb A0\/-A1"},"content":{"rendered":"<p><span style=\"font-family: verdana, geneva, sans-serif; color: #000080;\">Programme FLE court 15 heures &#8211; vrai d\u00e9butant FLEA0-A1<\/span><\/p>\n<h2 style=\"font-weight: 400;\"><span style=\"color: #3366ff; font-size: 28px; font-family: verdana, geneva, sans-serif;\">Se d\u00e9brouiller en fran\u00e7ais langue \u00e9trang\u00e8re avant l&rsquo;acquisition de la grammaire et des bases<\/span><\/h2>\n<ul>\n<li style=\"text-align: left;\"><span style=\"font-family: verdana, geneva, sans-serif; color: #000080;\"><strong>OFFRE PERSONNALISABLE<\/strong> \u00a0<\/span><\/li>\n<li style=\"text-align: left;\"><span style=\"color: #000080;\"><span style=\"font-family: verdana, geneva, sans-serif;\"><strong>\u00c0 DISTANCE :<\/strong> E-learning \u00a01 \u00e0 3 mois + soutien Visio <\/span><\/span><\/li>\n<li style=\"text-align: left;\"><span style=\"color: #000080;\"><span style=\"font-family: verdana, geneva, sans-serif;\"><strong>Sur place<\/strong> en centre &#8211; modalit\u00e9s individualis\u00e9es ou en mini groupe<\/span><\/span><\/li>\n<\/ul>\n<p><img loading=\"lazy\" decoding=\"async\" class=\"alignnone size-medium wp-image-1134 aligncenter\" src=\"https:\/\/www.leslanguessansstress.fr\/wp-content\/uploads\/2017\/02\/image-FLE-e1614712550214-300x139.jpg\" alt=\"\" width=\"300\" height=\"139\" srcset=\"https:\/\/www.leslanguessansstress.fr\/wp-content\/uploads\/2017\/02\/image-FLE-e1614712550214-300x139.jpg 300w, https:\/\/www.leslanguessansstress.fr\/wp-content\/uploads\/2017\/02\/image-FLE-e1614712550214.jpg 497w\" sizes=\"auto, (max-width: 300px) 100vw, 300px\" \/><\/p>\n<h2><span style=\"font-family: verdana, geneva, sans-serif; color: #0000ff; font-size: 16px;\">OBJECTIF P\u00c9DAGOGIQUE FLE A0\/-A1<\/span><\/h2>\n<p><span style=\"font-family: verdana, geneva, sans-serif; color: #000080;\">D\u00e9chiffrer les mots fran\u00e7ais rencontr\u00e9s souvent et pouvoir les prononcer correctement \u00e0 la suite.<\/span><br \/>\n<span style=\"font-family: verdana, geneva, sans-serif; color: #000080;\">Conna\u00eetre le vocabulaire et les expressions de base n\u00e9cessaires aux premiers \u00e9changes pour d\u00e9crire ses besoins essentiels. <\/span><br \/>\n<span style=\"color: #000080; font-family: verdana, geneva, sans-serif;\">Acqu\u00e9rir quelques automatismes fondamentaux et expressions pour une interaction directe tr\u00e8s simple. <\/span><br \/>\n<span style=\"color: #000080; font-family: verdana, geneva, sans-serif;\">Ecrire ses premi\u00e8res phrases selon des expressions et sch\u00e9mas appris.\u00a0<\/span><br \/>\n<span style=\"color: #000080; font-family: verdana, geneva, sans-serif;\">Mieux articuler pour se faire comprendre par l&rsquo;interlocuteur francophone. <\/span><br \/>\n<span style=\"font-family: verdana, geneva, sans-serif; color: #000080;\">Se sentir un peu plus \u00e0 l&rsquo;aise lors d&rsquo;une rencontre professionnelle et pendant un entretien d&#8217;embauche. <\/span><br \/>\n<span style=\"font-family: verdana, geneva, sans-serif; color: #000080;\">Pouvoir prendre plaisir \u00e0 <span style=\"color: #0000ff;\">communiquer en F.L.E. de mani\u00e8re instinctive au niveau bases A0\/-A1. <\/span><\/span><br \/>\n<span style=\"font-family: verdana, geneva, sans-serif; color: #000080;\">Poss\u00e9der les premi\u00e8res bases pour passer au niveau sup\u00e9rieur A1\/A2 et suivre plus facilement des informations.\u00a0<\/span><\/p>\n<h3><span style=\"color: #0000ff; font-family: verdana, geneva, sans-serif; font-size: 16px;\">CONTENU MODULE D\u00c9BROUILLE EN FLE<\/span><\/h3>\n<p><span style=\"color: #000080; font-family: verdana, geneva, sans-serif;\">Mises en situations immersives (a\u00e9roport, magasins, taxi, restaurant, dans la rue, en entreprise, d\u00e9placements, habitat, v\u00eatements, nourriture, boissons, etc&#8230;)<br \/>\n<\/span><span style=\"color: #000080; font-family: verdana, geneva, sans-serif;\">\u00a0&#8211; Retrouver quelques expressions et automatismes langagiers dans les phrases pr\u00e9sent\u00e9es.\u00a0<\/span><br \/>\n<span style=\"color: #000080; font-family: verdana, geneva, sans-serif;\">\u00a0&#8211; S&rsquo;exercer \u00e0 construire des phrases et des questions tr\u00e8s courtes selon un mod\u00e8le simple.\u00a0<\/span><br \/>\n<span style=\"color: #000080; font-family: verdana, geneva, sans-serif;\">\u00a0&#8211; Comprendre et traiter une information simple selon les situations du quotidien \u00e9tudi\u00e9es. \u00a0<\/span><br \/>\n<span style=\"color: #000080; font-family: verdana, geneva, sans-serif;\">\u00a0&#8211; R\u00e9p\u00e9ter apr\u00e8s la formatrice puis d\u00e9chiffrer et lire \u00e0 voix haute les mots et phrases simples en fran\u00e7ais.<\/span><br \/>\n<span style=\"color: #000080; font-family: verdana, geneva, sans-serif;\">\u00a0&#8211; Exprimer ses premiers besoins (la phrase affirmative, n\u00e9gative, interrogative)<\/span><br \/>\n<span style=\"color: #000080; font-family: verdana, geneva, sans-serif;\"> &#8211; Apprendre les chiffres, les comprendre et c<\/span><span style=\"color: #000080; font-family: verdana, geneva, sans-serif;\">ompter <\/span><br \/>\n<span style=\"color: #000080; font-family: verdana, geneva, sans-serif;\"> &#8211; Poser une question et faire r\u00e9p\u00e9ter une information <\/span><br \/>\n<span style=\"color: #000080; font-family: verdana, geneva, sans-serif;\"> &#8211; Saluer (versions informelle et formelle)<br \/>\n&#8211; Demander quelque chose poliment <\/span><br \/>\n<span style=\"color: #000080; font-family: verdana, geneva, sans-serif;\"><span style=\"caret-color: #000080;\"> &#8211; <\/span><\/span><span style=\"color: #000080; font-family: verdana, geneva, sans-serif;\">Remercier &#8211; dire au revoir<\/span><br \/>\n<span style=\"color: #000080; font-family: verdana, geneva, sans-serif;\"> &#8211; Demander un prix<\/span><br \/>\n<span style=\"color: #000080; font-family: verdana, geneva, sans-serif;\"> &#8211; Donner une adresse, un num\u00e9ro de t\u00e9l\u00e9phone <\/span><br \/>\n<span style=\"color: #000080; font-family: verdana, geneva, sans-serif;\"> &#8211; Demander la description simple et le prix d&rsquo;une location <\/span><br \/>\n<span style=\"color: #000080; font-family: verdana, geneva, sans-serif;\"> &#8211; Conna\u00eetre les aliments essentiels<br \/>\n&#8211; Commander \u00e0 boire et \u00e0 manger et montrer de l\u2019h\u00e9sitation<br \/>\n&#8211; Demander la note &#8211; exprimer de la surprise, de l&rsquo;incompr\u00e9hension <\/span><br \/>\n<span style=\"color: #000080; font-family: verdana, geneva, sans-serif;\"> &#8211; Demander o\u00f9 se trouve un commerce, un b\u00e2timent<\/span><br \/>\n<span style=\"color: #000080; font-family: verdana, geneva, sans-serif;\"> &#8211; Comprendre les indications en ville <\/span><br \/>\n<span style=\"color: #000080; font-family: verdana, geneva, sans-serif;\"> &#8211; S\u2019orienter dans un b\u00e2timent<br \/>\n<\/span><span style=\"color: #000080; font-family: verdana, geneva, sans-serif;\">&#8211; Acheter un v\u00eatement, connaitre les tailles et les couleurs <\/span><br \/>\n<span style=\"color: #000080; font-family: verdana, geneva, sans-serif;\"> &#8211; Exprimer un besoin, changer d\u2019avis, refuser <\/span><br \/>\n<span style=\"color: #000080; font-family: verdana, geneva, sans-serif;\"> &#8211; Faire connaissance \u2013 se pr\u00e9senter et poser des questions <\/span><br \/>\n<span style=\"color: #000080; font-family: verdana, geneva, sans-serif;\"> &#8211; Se faire aider lorsqu\u2019on ne comprend pas <\/span><br \/>\n<span style=\"color: #000080; font-family: verdana, geneva, sans-serif;\">&#8211; Exprimer ses go\u00fbts et nuancer ses pr\u00e9f\u00e9rences<\/span><br \/>\n<span style=\"color: #000080; font-family: verdana, geneva, sans-serif;\">&#8211; D\u00e9crire un probl\u00e8me de sant\u00e9<br \/>\n&#8211; Pr\u00e9venir d&rsquo;un incident <\/span><br \/>\n<span style=\"color: #000080; font-family: verdana, geneva, sans-serif;\"> &#8211; Acheter des billets de train \/ bus\u2026 <\/span><br \/>\n<span style=\"color: #000080; font-family: verdana, geneva, sans-serif;\"> &#8211; Demander et donner l\u2019heure <\/span><br \/>\n<span style=\"color: #000080; font-family: verdana, geneva, sans-serif;\"> &#8211; Faire une suggestion. <\/span><\/p>\n<p>&nbsp;<\/p>\n<p><strong><span style=\"color: #000080; font-family: verdana, geneva, sans-serif;\">PUBLIC<\/span><\/strong><\/p>\n<p><span style=\"color: #000080; font-family: verdana, geneva, sans-serif;\">Tous. \u00a0<\/span><br \/>\n<span style=\"color: #000080; font-family: verdana, geneva, sans-serif;\">Etre vrai d\u00e9butant en fran\u00e7ais langue \u00e9trang\u00e8re.\u00a0<\/span><\/p>\n<p><span style=\"color: #000080; font-family: verdana, geneva, sans-serif;\"><br \/>\n<strong>NIVEAU<\/strong><\/span><\/p>\n<p><span style=\"color: #000080; font-family: verdana, geneva, sans-serif;\">Sans. \u00a0<\/span><br \/>\n<span style=\"color: #000080; font-family: verdana, geneva, sans-serif;\">A0 vers -A1 du CECL<\/span><\/p>\n<p>&nbsp;<\/p>\n<p><strong><span style=\"color: #000080; font-family: verdana, geneva, sans-serif;\">PR\u00c9 REQUIS<\/span><\/strong><\/p>\n<p><span style=\"font-family: verdana, geneva, sans-serif; color: #000080;\">Aucun.<\/span><br \/>\n<span style=\"font-family: verdana, geneva, sans-serif; color: #000080;\">Conna\u00eetre l&rsquo;ab\u00e9c\u00e9daire pour suivre les informations et consignes \u00e9crites facilite l&rsquo;apprentissage mais n&rsquo;est pas obligatoire. <\/span><br \/>\n<span style=\"font-family: verdana, geneva, sans-serif; color: #000080;\">Avoir la volont\u00e9 d&rsquo;apprendre et de participer activement pendant les ateliers de prise de parole et jeux de r\u00f4le.<\/span><\/p>\n<p><strong><span style=\"font-family: verdana, geneva, sans-serif; color: #000080;\">VALIDATION<\/span><\/strong><\/p>\n<p><span style=\"font-family: verdana, geneva, sans-serif; color: #000080;\">Remise d&rsquo;une attestation de pr\u00e9sence aux cours suivis enti\u00e8rement avec le d\u00e9tail des comp\u00e9tences d\u00e8s que l&rsquo;apprenant peut :<\/span><br \/>\n<span style=\"font-family: verdana, geneva, sans-serif; color: #000080;\">\u2713 se pr\u00e9senter, pr\u00e9senter quelqu\u2019un et l&rsquo;entreprise o\u00f9 il travaille ;<\/span><br \/>\n<span style=\"font-family: verdana, geneva, sans-serif; color: #000080;\">\u2713 comprendre des annonces et des instructions orales simples ;<\/span><br \/>\n<span style=\"font-family: verdana, geneva, sans-serif; color: #000080;\">\u2713 remplir un formulaire avec son nom, sa nationalit\u00e9, son adresse, un num\u00e9ro de t\u00e9l\u00e9phone\u2009;<\/span><br \/>\n<span style=\"font-family: verdana, geneva, sans-serif; color: #000080;\">\u2713 r\u00e9pondre \u00e0 des questions simples sur soi\u2009;<\/span><br \/>\n<span style=\"font-family: verdana, geneva, sans-serif; color: #000080;\">\u2713 poser des questions tr\u00e8s simples\u2009et savoir r\u00e9pondre au m\u00eames questions ;<\/span><br \/>\n<span style=\"font-family: verdana, geneva, sans-serif; color: #000080;\">\u2713 acheter quelque chose et payer ;\u00a0<\/span><br \/>\n<span style=\"font-family: verdana, geneva, sans-serif; color: #000080;\">\u2713 comprendre des directions tr\u00e8s simples et s&rsquo;orienter ;<\/span><br \/>\n<span style=\"font-family: verdana, geneva, sans-serif; color: #000080;\">\u2713 d\u00e9crire des pr\u00e9f\u00e9rences.\u00a0 \u00a0<\/span><\/p>\n<p><span style=\"font-family: verdana, geneva, sans-serif; color: #000080;\"><span style=\"text-decoration: underline;\">Le niveau -A1 n&rsquo;est pas certifiable par le financement CPF<\/span>. D&rsquo;autres modes de financement sont accept\u00e9s.<\/span><br \/>\n<span style=\"font-family: verdana, geneva, sans-serif; color: #000080;\">Tout candidat doit suivre un double parcours A1 puis A2 pour valider le niveau seuil A2. <\/span><br \/>\n<span style=\"font-family: verdana, geneva, sans-serif; color: #000080;\">Inscription directement depuis la plateforme mon compte formation (CPF) et information sur place ou par email.\u00a0<\/span><\/p>\n<p>&nbsp;<\/p>\n<p><strong><span style=\"color: #000080; font-family: verdana, geneva, sans-serif;\">MODALIT\u00c9S <\/span><\/strong><\/p>\n<p><span style=\"color: #000080; font-family: verdana, geneva, sans-serif;\">Entrainement oral et \u00e9crit sur place, deux par deux. <\/span><br \/>\n<span style=\"color: #000080; font-family: verdana, geneva, sans-serif;\">Soutien individualis\u00e9 par la formatrice.\u00a0<\/span><br \/>\n<span style=\"color: #000080; font-family: verdana, geneva, sans-serif;\">Atelier jeux et mises en sc\u00e8ne pour assimiler les le\u00e7ons. <\/span><br \/>\n<span style=\"color: #000080; font-family: verdana, geneva, sans-serif;\">Atelier gestion du stress pour prendre la parole en public.<\/span><br \/>\n<span style=\"color: #000080; font-family: verdana, geneva, sans-serif;\">Le stagiaire apprend les le\u00e7ons de mani\u00e8re autonome \u00e0 son rythme.<\/span><br \/>\n<span style=\"color: #000080; font-family: verdana, geneva, sans-serif;\">La mise en pratique des acquis, l&rsquo;entrainement oral et la correction des \u00e9crits se font avec la formatrice.<\/span><\/p>\n<p><img loading=\"lazy\" decoding=\"async\" class=\"alignnone size-medium wp-image-10897 aligncenter\" src=\"https:\/\/www.leslanguessansstress.fr\/wp-content\/uploads\/2020\/10\/i-etre-bilingue-est-un-super-pouvoir-ameliore-votre-employabilite-facilite-les-voyages-cours-certifie-qualiopi-CPF-a-La-Rochette-e1614703060280-300x78.png\" alt=\"\" width=\"300\" height=\"78\" srcset=\"https:\/\/www.leslanguessansstress.fr\/wp-content\/uploads\/2020\/10\/i-etre-bilingue-est-un-super-pouvoir-ameliore-votre-employabilite-facilite-les-voyages-cours-certifie-qualiopi-CPF-a-La-Rochette-e1614703060280-300x78.png 300w, https:\/\/www.leslanguessansstress.fr\/wp-content\/uploads\/2020\/10\/i-etre-bilingue-est-un-super-pouvoir-ameliore-votre-employabilite-facilite-les-voyages-cours-certifie-qualiopi-CPF-a-La-Rochette-e1614703060280-768x200.png 768w, https:\/\/www.leslanguessansstress.fr\/wp-content\/uploads\/2020\/10\/i-etre-bilingue-est-un-super-pouvoir-ameliore-votre-employabilite-facilite-les-voyages-cours-certifie-qualiopi-CPF-a-La-Rochette-e1614703060280.png 778w\" sizes=\"auto, (max-width: 300px) 100vw, 300px\" \/><\/p>\n<p style=\"text-align: left;\"><span style=\"color: #000080; font-family: verdana, geneva, sans-serif;\">\u00a0Ce cours immersif peut aussi avoir lieu en version bilingue <span style=\"color: #3366ff;\">anglais<\/span> &#8211; <span style=\"color: #0000ff;\">fran\u00e7ais<\/span><\/span><\/p>\n<p><span style=\"color: #000080; font-family: verdana, geneva, sans-serif;\"><br \/>\n<strong>CALENDRIER<\/strong><\/span><\/p>\n<p><span style=\"color: #000080; font-family: verdana, geneva, sans-serif;\">Dur\u00e9e conseill\u00e9e : 15 heures sur place avec formatrice (total des heures : 30, selon besoins et capacit\u00e9s d&rsquo;absorption de l&rsquo;apprenant entre les cours pr\u00e9sentiels)<\/span><br \/>\n<span style=\"color: #000080; font-family: verdana, geneva, sans-serif;\">Dates et horaires en attente du planning de l&rsquo;organisme de formation pour le groupe. Sur-mesure pour l&rsquo;individuel.\u00a0<\/span><\/p>\n<p><span style=\"color: #000080; font-family: verdana, geneva, sans-serif;\"><strong>TARIF<\/strong><\/span><\/p>\n<p><span style=\"color: #000080; font-family: verdana, geneva, sans-serif;\">Les frais sont en rapport direct avec les modalit\u00e9s d&rsquo;accompagnement et les moyens de paiement choisis par le stagiaire.<\/span><br \/>\n<span style=\"color: #000080; font-family: verdana, geneva, sans-serif;\">Particulier : veuillez vous reporter \u00e0 la grille des tarifs associatifs<\/span><br \/>\n<span style=\"color: #000080; font-family: verdana, geneva, sans-serif;\">Professionnel : Programme et devis sur mesure\u00a0<\/span><\/p>\n<blockquote><p><span style=\"color: #000080; font-family: verdana, geneva, sans-serif;\">Veuillez consulter et lire en entier le <a href=\"https:\/\/www.leslanguessansstress.fr\/index.php\/2024\/01\/10\/livret-daccueil-du-stagiaire\/\" target=\"_blank\" rel=\"noopener\"><span style=\"color: #3366ff;\">LIVRET D&rsquo;ACCUEIL DU STAGIAIRE<\/span><\/a> avant toute inscription\u00a0<\/span><\/p><\/blockquote>\n<p><img loading=\"lazy\" decoding=\"async\" class=\"alignnone size-medium wp-image-14157 aligncenter\" src=\"https:\/\/www.leslanguessansstress.fr\/wp-content\/uploads\/2022\/10\/Mon-compte-formation-CPF-les-langues-sans-stress-300x159.jpg\" alt=\"\" width=\"300\" height=\"159\" srcset=\"https:\/\/www.leslanguessansstress.fr\/wp-content\/uploads\/2022\/10\/Mon-compte-formation-CPF-les-langues-sans-stress-300x159.jpg 300w, https:\/\/www.leslanguessansstress.fr\/wp-content\/uploads\/2022\/10\/Mon-compte-formation-CPF-les-langues-sans-stress.jpg 646w\" sizes=\"auto, (max-width: 300px) 100vw, 300px\" \/><\/p>\n<p><strong><span style=\"color: #000080; font-family: verdana, geneva, sans-serif;\">FINANCEMENT<\/span><\/strong><\/p>\n<h2 style=\"font-weight: 400;\"><span style=\"color: #3366ff; font-size: 28px; font-family: verdana, geneva, sans-serif;\">Activez votre budget CPF pour certifier vos acquis en fran\u00e7ais FLE niveau seuil A2\u00a0<\/span><\/h2>\n<p><span style=\"color: #000080; font-family: verdana, geneva, sans-serif;\">Le pr\u00e9sent programme n&rsquo;est qu&rsquo;une introduction au fran\u00e7ais. <\/span><\/p>\n<p><span style=\"color: #000080; font-family: verdana, geneva, sans-serif;\">Pour \u00eatre \u00e9ligible au financement CPF ce module doit faire partie d&rsquo;une formation professionnelle compl\u00e8te pr\u00e9parant au certificat CLO\u00c9 FLE niveau SEUIL A2. C&rsquo;est \u00e0 dire que l&rsquo;apprentissage se fait sur le niveau A1 puis A2 et qu&rsquo;il doit \u00eatre valid\u00e9 par la certification du niveau seuil en fin de parcours A1\/A2. Selon le niveau d&rsquo;entr\u00e9e du candidat \u00e0 ce financement et certification, compter entre 60 et 120 heures d&rsquo;\u00e9tude sur une dur\u00e9e de 3 \u00e0 6 mois. <\/span><\/p>\n<p><span style=\"color: #000080; font-family: verdana, geneva, sans-serif;\">Une situation d&rsquo;illettrisme peut exiger beaucoup plus d&rsquo;heures d&rsquo;\u00e9tude et de r\u00e9vision pour mener \u00e0 la certification des connaissances \u00e9crites (comprehension et expression) et donc d\u00e9clencher le financement CPF. Veuillez vous renseigner aupr\u00e8s de notre r\u00e9f\u00e9rente handicap au 06 98 01 18 09 ou des services administratifs de l&rsquo;\u00e9tat adapt\u00e9s.<\/span><\/p>\n<p><span style=\"color: #000080; font-family: verdana, geneva, sans-serif;\">Veuillez nous contacter pour monter ensemble le programme selon les besoins du stagiaire ou de l&rsquo;entreprise.<\/span><\/p>\n<p>&nbsp;<\/p>\n","protected":false},"excerpt":{"rendered":"<p>Programme FLE court 15 heures &#8211; vrai d\u00e9butant FLEA0-A1 Se d\u00e9brouiller en fran\u00e7ais langue \u00e9trang\u00e8re<\/p>\n","protected":false},"author":1,"featured_media":1134,"comment_status":"closed","ping_status":"open","sticky":false,"template":"","format":"standard","meta":{"footnotes":""},"categories":[80,348,227,432,371],"tags":[350,166,167,386,460],"class_list":["post-15743","post","type-post","status-publish","format-standard","has-post-thumbnail","hentry","category-actualites","category-cpf-certificats","category-francais-fle","category-langues","category-programme","tag-action-et-jeux-de-role","tag-fle","tag-francais","tag-initiation","tag-programme"],"_links":{"self":[{"href":"https:\/\/www.leslanguessansstress.fr\/index.php\/wp-json\/wp\/v2\/posts\/15743","targetHints":{"allow":["GET"]}}],"collection":[{"href":"https:\/\/www.leslanguessansstress.fr\/index.php\/wp-json\/wp\/v2\/posts"}],"about":[{"href":"https:\/\/www.leslanguessansstress.fr\/index.php\/wp-json\/wp\/v2\/types\/post"}],"author":[{"embeddable":true,"href":"https:\/\/www.leslanguessansstress.fr\/index.php\/wp-json\/wp\/v2\/users\/1"}],"replies":[{"embeddable":true,"href":"https:\/\/www.leslanguessansstress.fr\/index.php\/wp-json\/wp\/v2\/comments?post=15743"}],"version-history":[{"count":8,"href":"https:\/\/www.leslanguessansstress.fr\/index.php\/wp-json\/wp\/v2\/posts\/15743\/revisions"}],"predecessor-version":[{"id":17859,"href":"https:\/\/www.leslanguessansstress.fr\/index.php\/wp-json\/wp\/v2\/posts\/15743\/revisions\/17859"}],"wp:featuredmedia":[{"embeddable":true,"href":"https:\/\/www.leslanguessansstress.fr\/index.php\/wp-json\/wp\/v2\/media\/1134"}],"wp:attachment":[{"href":"https:\/\/www.leslanguessansstress.fr\/index.php\/wp-json\/wp\/v2\/media?parent=15743"}],"wp:term":[{"taxonomy":"category","embeddable":true,"href":"https:\/\/www.leslanguessansstress.fr\/index.php\/wp-json\/wp\/v2\/categories?post=15743"},{"taxonomy":"post_tag","embeddable":true,"href":"https:\/\/www.leslanguessansstress.fr\/index.php\/wp-json\/wp\/v2\/tags?post=15743"}],"curies":[{"name":"wp","href":"https:\/\/api.w.org\/{rel}","templated":true}]}}