{"id":15738,"date":"2025-12-17T14:07:49","date_gmt":"2025-12-17T13:07:49","guid":{"rendered":"https:\/\/www.leslanguessansstress.fr\/?p=15738"},"modified":"2025-12-17T18:31:51","modified_gmt":"2025-12-17T17:31:51","slug":"francais-grammaire","status":"publish","type":"post","link":"https:\/\/www.leslanguessansstress.fr\/index.php\/2025\/12\/17\/francais-grammaire\/","title":{"rendered":"Grammaire fran\u00e7aise &#8211; CPF"},"content":{"rendered":"<h1 style=\"font-weight: 400;\"><span style=\"color: #0000ff; font-size: 24px; font-family: verdana, geneva, sans-serif;\">Consolidez vos bases grammaticales en fran\u00e7ais sans stress \u00a0<\/span><\/h1>\n<p><span style=\"font-size: 14px;\"><strong style=\"color: #000080; font-family: verdana, geneva, sans-serif;\">Objectif<\/strong><span style=\"color: #000080; font-family: verdana, geneva, sans-serif;\"> : consolider et d\u00e9velopper vos bases grammaticales, la conjugaison et la construction des phrases et l&rsquo;orthographe\u00a0<\/span><\/span><br \/>\n<span style=\"color: #000080; font-family: verdana, geneva, sans-serif; font-size: 14px;\"><strong>Langue<\/strong> : fran\u00e7ais langue maternelle et langue \u00e9trang\u00e8re<\/span><br \/>\n<span style=\"color: #000080; font-family: verdana, geneva, sans-serif; font-size: 14px;\"><strong>Public<\/strong> : tous <\/span><br \/>\n<span style=\"color: #000080; font-family: verdana, geneva, sans-serif; font-size: 14px;\"><strong>Sommaire<\/strong> : grammaire et conjugaisons <\/span><br \/>\n<span style=\"color: #000080; font-family: verdana, geneva, sans-serif; font-size: 14px;\">1 niveau bases \u00e0 seuil A1\/A2 <\/span><br \/>\n<span style=\"color: #000080; font-family: verdana, geneva, sans-serif; font-size: 14px;\">2 niveau interm\u00e9diaire B1\/B2 <\/span><br \/>\n<span style=\"color: #000080; font-family: verdana, geneva, sans-serif; font-size: 14px;\">3 information cibl\u00e9e par notions fondamentales ou erreurs r\u00e9currentes <\/span><\/p>\n<p><span style=\"color: #000080; font-family: verdana, geneva, sans-serif; font-size: 14px;\">Cette pr\u00e9sentation n&rsquo;est qu&rsquo;une information standard ne repr\u00e9sentant pas un programme complet. Le programme est personnalis\u00e9 par nos services p\u00e9dagogiques selon besoins d\u00e9cel\u00e9s lors du diagnostic en fonction des objectifs fix\u00e9s.\u00a0<\/span><\/p>\n<p><span style=\"color: #000080; font-family: verdana, geneva, sans-serif; font-size: 14px;\"> ____________________________<\/span><\/p>\n<h3><span style=\"color: #0000ff; font-family: verdana, geneva, sans-serif; font-size: 14px;\">1\u00e8re partie : l&rsquo;orthographe<\/span><\/h3>\n<p><span style=\"color: #000080; font-family: verdana, geneva, sans-serif; font-size: 14px;\">1. La c\u00e9dille\u00a0<\/span><br \/>\n<span style=\"color: #000080; font-family: verdana, geneva, sans-serif; font-size: 14px;\">2. e apr\u00e8s g pour faire le son [je]\u00a0<\/span><br \/>\n<span style=\"color: #000080; font-family: verdana, geneva, sans-serif; font-size: 14px;\">3. u apr\u00e8s g pour faire le son [gue]\u00a0<\/span><br \/>\n<span style=\"color: #000080; font-family: verdana, geneva, sans-serif; font-size: 14px;\">4. c, qu, ch ou k pour faire le son [que]\u00a0<\/span><br \/>\n<span style=\"color: #000080; font-family: verdana, geneva, sans-serif; font-size: 14px;\">5. Les mots termin\u00e9s par le son [ssion]\u00a0<\/span><br \/>\n<span style=\"color: #000080; font-family: verdana, geneva, sans-serif; font-size: 14px;\">6. Les noms en -\u00e9 ou -\u00e9e\u00a0<\/span><br \/>\n<span style=\"color: #000080; font-family: verdana, geneva, sans-serif; font-size: 14px;\">7. Les doubles consonnes\u00a0<\/span><br \/>\n<span style=\"color: #000080; font-family: verdana, geneva, sans-serif; font-size: 14px;\">8. Les accents\u00a0<\/span><br \/>\n<span style=\"color: #000080; font-family: verdana, geneva, sans-serif; font-size: 14px;\">9. Le pluriel des noms simples\u00a0<\/span><br \/>\n<span style=\"color: #000080; font-family: verdana, geneva, sans-serif; font-size: 14px;\">10. Le pluriel des noms compos\u00e9s\u00a0<\/span><br \/>\n<span style=\"color: #000080; font-family: verdana, geneva, sans-serif; font-size: 14px;\">11. L&rsquo;accord des adjectifs qualificatifs\u00a0<\/span><br \/>\n<span style=\"color: #000080; font-family: verdana, geneva, sans-serif; font-size: 14px;\">12. Le pluriel des adjectifs de couleur\u00a0<\/span><br \/>\n<span style=\"color: #000080; font-family: verdana, geneva, sans-serif; font-size: 14px;\">13. Le pluriel des adjectifs num\u00e9raux\u00a0<\/span><br \/>\n<span style=\"color: #000080; font-family: verdana, geneva, sans-serif; font-size: 14px;\">14. Les pr\u00e9positions\u00a0<\/span><br \/>\n<span style=\"color: #000080; font-family: verdana, geneva, sans-serif; font-size: 14px;\">15. Les adverbes\u00a0<\/span><br \/>\n<span style=\"color: #000080; font-family: verdana, geneva, sans-serif; font-size: 14px;\">16. Les compl\u00e9ments d&rsquo;objet\u00a0<\/span><br \/>\n<span style=\"color: #000080; font-family: verdana, geneva, sans-serif; font-size: 14px;\">17. Les compl\u00e9ments circonstanciels\u00a0<\/span><br \/>\n<span style=\"color: #000080; font-family: verdana, geneva, sans-serif; font-size: 14px;\">18. Les homonymes et les paronymes\u00a0<\/span><br \/>\n<span style=\"color: #000080; font-family: verdana, geneva, sans-serif; font-size: 14px;\">19. Diff\u00e9rencier les homonymes courants\u00a0<\/span><br \/>\n<span style=\"color: #000080; font-family: verdana, geneva, sans-serif; font-size: 14px;\">20. L&rsquo;accord de aucun(e) et chacun(e)\u00a0<\/span><br \/>\n<span style=\"color: #000080; font-family: verdana, geneva, sans-serif; font-size: 14px;\">21. L&rsquo;accord de leur\u00a0<\/span><br \/>\n<span style=\"color: #000080; font-family: verdana, geneva, sans-serif; font-size: 14px;\">22. L&rsquo;accord de m\u00eame\u00a0<\/span><br \/>\n<span style=\"color: #000080; font-family: verdana, geneva, sans-serif; font-size: 14px;\">23. L&rsquo;\u00e9criture de quel(le)(s) ou qu&rsquo;elle(s)\u00a0<\/span><br \/>\n<span style=\"color: #000080; font-family: verdana, geneva, sans-serif; font-size: 14px;\">24. Quelque quelques quel(le)(s) que\u00a0<\/span><br \/>\n<span style=\"color: #000080; font-family: verdana, geneva, sans-serif; font-size: 14px;\">25. L&rsquo;\u00e9criture et l&rsquo;accord de tout\u00a0<\/span><br \/>\n<span style=\"color: #000080; font-family: verdana, geneva, sans-serif; font-size: 14px;\">26. L&rsquo;accord de nul(le)(s) et de tel(le)(s)\u00a0<\/span><br \/>\n<span style=\"color: #000080; font-family: verdana, geneva, sans-serif; font-size: 14px;\">27. L&rsquo;accord du verbe ave le sujet<\/span><br \/>\n<span style=\"color: #000080; font-family: verdana, geneva, sans-serif; font-size: 14px;\">28. Mots sur lesquels on peut tr\u00e9bucher\u00a0<\/span><br \/>\n<span style=\"color: #000080; font-family: verdana, geneva, sans-serif; font-size: 14px;\">29. Le fran\u00e7ais correct\u00a0<\/span><\/p>\n<h3><span style=\"color: #0000ff; font-family: verdana, geneva, sans-serif; font-size: 14px;\">2\u00e8me partie : \u00a0la conjugaison<\/span><\/h3>\n<p><span style=\"color: #000080; font-family: verdana, geneva, sans-serif; font-size: 14px;\">1. Les verbes\u00a0<\/span><br \/>\n<span style=\"color: #000080; font-family: verdana, geneva, sans-serif; font-size: 14px;\">2. Les modes et les temps\u00a0<\/span><br \/>\n<span style=\"color: #000080; font-family: verdana, geneva, sans-serif; font-size: 14px;\">3. Tableau de l&rsquo;auxiliaire avoir\u00a0<\/span><br \/>\n<span style=\"color: #000080; font-family: verdana, geneva, sans-serif; font-size: 14px;\">4. Tableau de l&rsquo;auxiliaire \u00eatre\u00a0<\/span><br \/>\n<span style=\"color: #000080; font-family: verdana, geneva, sans-serif; font-size: 14px;\">5. Tableau du verbe chanter (1t groupe)\u00a0<\/span><br \/>\n<span style=\"color: #000080; font-family: verdana, geneva, sans-serif; font-size: 14px;\">6. Tableau du verbe finir (2\u20ac groupe)\u00a0<\/span><br \/>\n<span style=\"color: #000080; font-family: verdana, geneva, sans-serif; font-size: 14px;\">7. Tableau du verbe prendre (3\u20ac groupe)\u00a0<\/span><br \/>\n<span style=\"color: #000080; font-family: verdana, geneva, sans-serif; font-size: 14px;\">8. Tableau du verbe aller (3\u20ac groupe)\u00a0<\/span><br \/>\n<span style=\"color: #000080; font-family: verdana, geneva, sans-serif; font-size: 14px;\">9. Le pr\u00e9sent de l&rsquo;indicatif\u00a0<\/span><br \/>\n<span style=\"color: #000080; font-family: verdana, geneva, sans-serif; font-size: 14px;\">10. L&rsquo;imparfait de l&rsquo;indicatif\u00a0<\/span><br \/>\n<span style=\"color: #000080; font-family: verdana, geneva, sans-serif; font-size: 14px;\">11. Le pass\u00e9 simple de l&rsquo;indicatif\u00a0<\/span><br \/>\n<span style=\"color: #000080; font-family: verdana, geneva, sans-serif; font-size: 14px;\">12. Le futur simple de l&rsquo;indicatif<\/span><br \/>\n<span style=\"color: #000080; font-family: verdana, geneva, sans-serif; font-size: 14px;\">13. Le pass\u00e9 compos\u00e9 de l&rsquo;indicatif\u00a0<\/span><br \/>\n<span style=\"color: #000080; font-family: verdana, geneva, sans-serif; font-size: 14px;\">14. Le plus-que-parfait de l&rsquo;indicatif\u00a0<\/span><br \/>\n<span style=\"color: #000080; font-family: verdana, geneva, sans-serif; font-size: 14px;\">15. Le futur ant\u00e9rieur de l&rsquo;indicatif\u00a0<\/span><br \/>\n<span style=\"color: #000080; font-family: verdana, geneva, sans-serif; font-size: 14px;\">16. Le pass\u00e9 ant\u00e9rieur de l&rsquo;indicatif\u00a0<\/span><br \/>\n<span style=\"color: #000080; font-family: verdana, geneva, sans-serif; font-size: 14px;\">17. L&rsquo;imp\u00e9ratif\u00a0<\/span><br \/>\n<span style=\"color: #000080; font-family: verdana, geneva, sans-serif; font-size: 14px;\">18. Le subjonctif pr\u00e9sent et pass\u00e9\u00a0<\/span><br \/>\n<span style=\"color: #000080; font-family: verdana, geneva, sans-serif; font-size: 14px;\">19. Le conditionnel pr\u00e9sent et pass\u00e9\u00a0<\/span><\/p>\n<h3><span style=\"color: #0000ff; font-family: verdana, geneva, sans-serif; font-size: 14px;\">3\u00e8me partie : \u00a0le participe pass\u00e9<\/span><\/h3>\n<p><span style=\"color: #000080; font-family: verdana, geneva, sans-serif; font-size: 14px;\">1. Le participe pass\u00e9 employ\u00e9 seul\u00a0<\/span><br \/>\n<span style=\"color: #000080; font-family: verdana, geneva, sans-serif; font-size: 14px;\">2. Le participe pass\u00e9 employ\u00e9 avec l&rsquo;auxiliaire \u00eatre\u00a0<\/span><br \/>\n<span style=\"color: #000080; font-family: verdana, geneva, sans-serif; font-size: 14px;\">3. Le participe pass\u00e9 employ\u00e9 ave l&rsquo;auxiliaire avoir\u00a0<\/span><br \/>\n<span style=\"color: #000080; font-family: verdana, geneva, sans-serif; font-size: 14px;\">4. Le participe pass\u00e9 suivi d&rsquo;un infinitif\u00a0<\/span><br \/>\n<span style=\"color: #000080; font-family: verdana, geneva, sans-serif; font-size: 14px;\">5. Les cas particuliers\u00a0<\/span><br \/>\n<span style=\"color: #000080; font-family: verdana, geneva, sans-serif; font-size: 14px;\">6. Les verbes pronominaux\u00a0<\/span><br \/>\n<span style=\"color: #000080; font-family: verdana, geneva, sans-serif; font-size: 14px;\">7. L&rsquo;accord des participes pass\u00e9s des verbes pronominaux<\/span><\/p>\n<h3><span style=\"color: #0000ff; font-family: verdana, geneva, sans-serif; font-size: 14px;\">4\u00e8me partie : \u00a0la syntaxe<\/span><\/h3>\n<p><span style=\"color: #000080; font-family: verdana, geneva, sans-serif; font-size: 14px;\">1. Phrase, proposition ind\u00e9pendante<br \/>\n2. Propositions subordonn\u00e9es relatives<br \/>\n3. Propositions conjonctives : compl\u00e9tives et circonstancielles<br \/>\n4. Propositions infinitives et propositions participiales\u00a0<\/span><\/p>\n<h3><span style=\"color: #000080; font-family: verdana, geneva, sans-serif; font-size: 16px; font-weight: 400;\"><a href=\"https:\/\/www.leslanguessansstress.fr\/index.php\/2025\/08\/16\/livret-daccueil-du-stagiaire\/\" target=\"_blank\" rel=\"noopener\">Modalit\u00e9s &#8211; Prix et financements &#8211; Contact<\/a><\/span><\/h3>\n<h3><span style=\"font-family: verdana, geneva, sans-serif;\"><img loading=\"lazy\" decoding=\"async\" class=\"alignnone wp-image-18382 aligncenter\" src=\"https:\/\/www.leslanguessansstress.fr\/wp-content\/uploads\/2025\/08\/Qualiopi-Mon-compte-formation-2025-300x87.jpg\" alt=\"\" width=\"272\" height=\"79\" srcset=\"https:\/\/www.leslanguessansstress.fr\/wp-content\/uploads\/2025\/08\/Qualiopi-Mon-compte-formation-2025-300x87.jpg 300w, https:\/\/www.leslanguessansstress.fr\/wp-content\/uploads\/2025\/08\/Qualiopi-Mon-compte-formation-2025-1024x296.jpg 1024w, https:\/\/www.leslanguessansstress.fr\/wp-content\/uploads\/2025\/08\/Qualiopi-Mon-compte-formation-2025-768x222.jpg 768w, https:\/\/www.leslanguessansstress.fr\/wp-content\/uploads\/2025\/08\/Qualiopi-Mon-compte-formation-2025.jpg 1322w\" sizes=\"auto, (max-width: 272px) 100vw, 272px\" \/><\/span><\/h3>\n<h2 style=\"font-weight: 400;\"><span style=\"color: #0000ff; font-size: 20px; font-family: verdana, geneva, sans-serif;\">Votre formation est \u00e9ligible au financement CPF par la certification de vos acquis en fran\u00e7ais \u00e9crit ou FLE courant et des \u00e9changes professionnels quotidiens<\/span><\/h2>\n<h3><span style=\"color: #000080; font-family: verdana, geneva, sans-serif; font-size: 14px; font-weight: 400;\">Selon votre situation, vous pouvez suivre une formation certifi\u00e9e par : <\/span><br \/>\n<span style=\"color: #000080; font-family: verdana, geneva, sans-serif; font-size: 14px; font-weight: 400;\"><strong>LE ROBERT<\/strong> si vous \u00eatre de langue maternelle fran\u00e7aise<\/span><br \/>\n<span style=\"color: #000080; font-family: verdana, geneva, sans-serif; font-size: 14px; font-weight: 400;\"><strong>CLO\u00c9 FLE<\/strong> dans tous les autres cas. <\/span><\/h3>\n<h3><span style=\"color: #000080; font-family: verdana, geneva, sans-serif; font-size: 14px; font-weight: 400;\">Pr\u00e9requis : suivre une formation et se pr\u00e9parer \u00e0 une communication de niveau seuil A2 ou plus (= fin primaire\/d\u00e9but coll\u00e8ge).<\/span><\/h3>\n<h3><span style=\"color: #000080; font-family: verdana, geneva, sans-serif; font-size: 14px; font-weight: 400;\">Etude entre 25 et 65 heures ponctu\u00e9es par des entretiens et bilans qui vous pr\u00e9parent \u00e0 communiquer naturellement \u00e0 l&rsquo;oral comme \u00e0 l&rsquo;\u00e9crit, entre les niveaux d\u00e9butant A1 et expert C2 du CECRL (test Clo\u00e9) ou selon une \u00e9quivalence sp\u00e9cifique \u00e0 la langue fran\u00e7aise en s&rsquo;inscrivant au certificat LE ROBERT. <\/span><\/h3>\n<h3><span style=\"color: #000080; font-family: verdana, geneva, sans-serif; font-size: 14px; font-weight: 400;\">NOUS CONSULTER en amont de la formation si CPF pour plus d&rsquo;information orient\u00e9e.<\/span><\/h3>\n","protected":false},"excerpt":{"rendered":"<p>Consolidez vos bases grammaticales en fran\u00e7ais sans stress \u00a0 Objectif : consolider et d\u00e9velopper vos<\/p>\n","protected":false},"author":1,"featured_media":15665,"comment_status":"closed","ping_status":"open","sticky":false,"template":"","format":"standard","meta":{"footnotes":""},"categories":[80,227],"tags":[350,166,167,255,202,613,370],"class_list":["post-15738","post","type-post","status-publish","format-standard","has-post-thumbnail","hentry","category-actualites","category-francais-fle","tag-action-et-jeux-de-role","tag-fle","tag-francais","tag-grammaire","tag-perfectionnement","tag-preparation-test","tag-remise-a-niveau"],"_links":{"self":[{"href":"https:\/\/www.leslanguessansstress.fr\/index.php\/wp-json\/wp\/v2\/posts\/15738","targetHints":{"allow":["GET"]}}],"collection":[{"href":"https:\/\/www.leslanguessansstress.fr\/index.php\/wp-json\/wp\/v2\/posts"}],"about":[{"href":"https:\/\/www.leslanguessansstress.fr\/index.php\/wp-json\/wp\/v2\/types\/post"}],"author":[{"embeddable":true,"href":"https:\/\/www.leslanguessansstress.fr\/index.php\/wp-json\/wp\/v2\/users\/1"}],"replies":[{"embeddable":true,"href":"https:\/\/www.leslanguessansstress.fr\/index.php\/wp-json\/wp\/v2\/comments?post=15738"}],"version-history":[{"count":7,"href":"https:\/\/www.leslanguessansstress.fr\/index.php\/wp-json\/wp\/v2\/posts\/15738\/revisions"}],"predecessor-version":[{"id":18798,"href":"https:\/\/www.leslanguessansstress.fr\/index.php\/wp-json\/wp\/v2\/posts\/15738\/revisions\/18798"}],"wp:featuredmedia":[{"embeddable":true,"href":"https:\/\/www.leslanguessansstress.fr\/index.php\/wp-json\/wp\/v2\/media\/15665"}],"wp:attachment":[{"href":"https:\/\/www.leslanguessansstress.fr\/index.php\/wp-json\/wp\/v2\/media?parent=15738"}],"wp:term":[{"taxonomy":"category","embeddable":true,"href":"https:\/\/www.leslanguessansstress.fr\/index.php\/wp-json\/wp\/v2\/categories?post=15738"},{"taxonomy":"post_tag","embeddable":true,"href":"https:\/\/www.leslanguessansstress.fr\/index.php\/wp-json\/wp\/v2\/tags?post=15738"}],"curies":[{"name":"wp","href":"https:\/\/api.w.org\/{rel}","templated":true}]}}