{"id":15719,"date":"2025-07-04T08:58:11","date_gmt":"2025-07-04T06:58:11","guid":{"rendered":"https:\/\/www.leslanguessansstress.fr\/?p=15719"},"modified":"2025-07-04T14:36:33","modified_gmt":"2025-07-04T12:36:33","slug":"italien-certificat-cpf","status":"publish","type":"post","link":"https:\/\/www.leslanguessansstress.fr\/index.php\/2025\/07\/04\/italien-certificat-cpf\/","title":{"rendered":"Italien remise \u00e0 niveau CPF"},"content":{"rendered":"<p style=\"font-weight: 400;\"><span style=\"font-family: arial, helvetica, sans-serif; color: #000080; font-size: 24px;\"><span style=\"font-size: 8px;\">Texte lu de pr\u00e9f\u00e9rence depuis un ordinateur<\/span><\/span><\/p>\n<p><span style=\"font-family: arial, helvetica, sans-serif; color: #000080; font-size: 24px;\"><img loading=\"lazy\" decoding=\"async\" class=\"alignnone wp-image-14383 aligncenter\" src=\"https:\/\/www.leslanguessansstress.fr\/wp-content\/uploads\/2022\/10\/QUALIOPI-action-de-formation-renouvele\u0301-20221009-Les-langues-sans-stress--300x193.jpg\" alt=\"\" width=\"194\" height=\"125\" srcset=\"https:\/\/www.leslanguessansstress.fr\/wp-content\/uploads\/2022\/10\/QUALIOPI-action-de-formation-renouvele\u0301-20221009-Les-langues-sans-stress--300x193.jpg 300w, https:\/\/www.leslanguessansstress.fr\/wp-content\/uploads\/2022\/10\/QUALIOPI-action-de-formation-renouvele\u0301-20221009-Les-langues-sans-stress--1024x660.jpg 1024w, https:\/\/www.leslanguessansstress.fr\/wp-content\/uploads\/2022\/10\/QUALIOPI-action-de-formation-renouvele\u0301-20221009-Les-langues-sans-stress--768x495.jpg 768w, https:\/\/www.leslanguessansstress.fr\/wp-content\/uploads\/2022\/10\/QUALIOPI-action-de-formation-renouvele\u0301-20221009-Les-langues-sans-stress-.jpg 1504w\" sizes=\"auto, (max-width: 194px) 100vw, 194px\" \/><\/span><\/p>\n<h1 style=\"font-weight: 400;\"><span style=\"font-family: arial, helvetica, sans-serif; color: #008000; font-size: 28px;\">Italien courant et professionnel &#8211; mise \u00e0 niveau sans stress \u00e0 l&rsquo;oral\u00a0<\/span><\/h1>\n<h2 style=\"font-weight: 400;\"><span style=\"font-family: arial, helvetica, sans-serif; color: #000080; font-size: 16px;\">Cette formation d&rsquo;italien peut se d\u00e9rouler avec des le\u00e7ons sous hypnose en fran\u00e7ais dans un premier temps, puis en italien pour am\u00e9liorer votre concentration et la m\u00e9morisation des cours, la confiance en soi lors d&rsquo;une prise de parole en public ou avant un test. Elle est \u00e9ligible au CPF favorisant le d\u00e9veloppement professionnel.<\/span><\/h2>\n<div class=\"mcf-title-and-illustration-wrapper\">\n<div class=\"mcf-card-title-wrapper\">\n<h4 class=\"mcf-card-title-subwrapper\"><span style=\"color: #000080; font-family: arial, helvetica, sans-serif;\">Objectif<\/span><\/h4>\n<\/div>\n<\/div>\n<p><span style=\"font-family: arial, helvetica, sans-serif; color: #000080;\">\u00a0-Apprendre et renforcer les bases de la communication en italien courant et professionnel. &#8211; Pratiquer et perfectionner ses connaissances par th\u00e8me d&rsquo;\u00e9tude et niveau. &#8211; D\u00e9velopper son aisance \u00e0 l&rsquo;oral et une meilleure compr\u00e9hension en langue du quotidien et professionnelle. &#8211; Rendre son expression \u00e9crite et orale plus efficace au quotidien, pendant ses fonctions et d\u00e9placements divers. &#8211; Se pr\u00e9parer au format des questions du test de certification CLO\u00c9 pour valider le niveau Seuil ou sup\u00e9rieur en italien courant et professionne<\/span><span style=\"color: #000080; font-family: verdana, geneva, sans-serif;\">l.<\/span><\/p>\n<h4><span style=\"color: #000080; font-family: arial, helvetica, sans-serif;\"> Les points forts<\/span><\/h4>\n<p><span style=\"color: #000080; font-family: arial, helvetica, sans-serif;\">Etude \u00e0 votre rythme avec \u00e9coute des dialogues sous hypnose de relaxation pour abaisser le stress avant entretiens professionnels. Suivi par formatrice hypnoth\u00e9rapeute tr\u00e8s patiente \u00e0 votre \u00e9coute. Correction bienveillante et explicative des erreurs.<\/span><\/p>\n<h4><span style=\"color: #000080; font-family: arial, helvetica, sans-serif;\">Contenu<\/span><\/h4>\n<p><span style=\"font-family: arial, helvetica, sans-serif; color: #000080;\">Diagnostic pour adapter le programme \u00e0 votre niveau et besoins d\u00e9cel\u00e9s. SITUATIONS DE VIE PROFESSIONNELLE (th\u00e8mes abord\u00e9s selon niveau du stagiaire et besoins): Saluer et se pr\u00e9senter, prendre des nouvelles ; Accueillir des visiteurs, les mettre \u00e0 l&rsquo;aise ; Prendre des informations personnelles ; Pr\u00e9senter sa hi\u00e9rarchie, l&rsquo;organigramme ; Pr\u00e9senter l&rsquo;entreprise, les produits et services ; Pr\u00e9senter et commenter un diagramme ou un tableau, une tendance ; Parler des succ\u00e8s et projets de son entreprise ; Mentionner les projets en cours ; Proposer une solution \u00e0 un \u00e9chec ; Montrer de l&rsquo;int\u00e9r\u00eat, de la surprise ou un d\u00e9saccord ; Proposer un produit ou un service, des offres ; Discuter tarifs et modalit\u00e9s ; Correspondre par email ; Interagir au t\u00e9l\u00e9phone ; Prendre\/annuler un rendez-vous ; Animer une r\u00e9union &#8211; faire une pr\u00e9sentation ; Pr\u00e9parer un entretien ou une n\u00e9gociation ; Effectuer le suivi des dossiers, d\u00e9l\u00e9guer des dossiers ; Donner la raison d&rsquo;une d\u00e9cision, etc. VOCABULAIRE DU QUOTIDIEN ET DES VOYAGES : &#8211; \u00catre capable d&rsquo;engager la conversation et tenir des discussions conviviales informelles, non professionnelles. &#8211; Savoir relancer la conversation sur un sujet attrayant ou neutre pour \u00e9viter d&rsquo;\u00e9ventuels blancs g\u00eanants et maintenir l&rsquo;attention. -&gt; Ma\u00eetriser cette aptitude particuli\u00e8rement avantageuse dans le monde du travail aide \u00e0 ne plus se sentir mal \u00e0 l&rsquo;aise dans les interactions professionnelles. &#8211; Salutations, pr\u00e9sentations de la famille, du domicile ou du pays, des relations sociales ou sportives ; &#8211; La sant\u00e9, les vacances et voyages, loisirs, cuisine, nature, les \u00e9tudes, faire des achats&#8230; &#8211; Discuter actualit\u00e9s, culture, sports, envie, sentiments et exp\u00e9riences pass\u00e9es, demander de l&rsquo;aide, en proposer &#8230; &#8211; Organiser un voyage avec des interlocuteurs parlant l&rsquo;italien. GRAMMAIRE =&gt; Construire des questions et des phrases basiques \u00e0 complexes en italien. La prononciation, rythmique de la phrase et des mots qui la composent. Comprendre la place des mots dans la phrase simple au pr\u00e9sent, pass\u00e9 et futur. Les questions affirmatives et n\u00e9gatives, directes et indirectes, ouvertes et ferm\u00e9es. La structure des phrases affirmatives, n\u00e9gatives et imp\u00e9ratives. Les interjections et mots superflus de la langue parl\u00e9e. L&rsquo;orthographe, l&rsquo;accentuation des syllabes et des mots dans la phrase. Les mots de liaison, conjonctions, pr\u00e9positions et adverbes, pronoms, adjectifs. La comparaison. La conjugaison aux temps simples des principaux verbes d&rsquo;action, d&rsquo;\u00e9tat et des modaux. Les accords et les nuances d&#8217;emploi et concordances. Quelques expressions idiomatiques et automatismes langagiers en italien formel et informel. La relative, la subordonn\u00e9e, le report de discours, la voix passive. Le subjonctif, le plus-que-parfait&#8230; Calendrier des cours pr\u00e9sentiels \u00e0 d\u00e9cider en amont du parcours complet.<\/span><\/p>\n<h4><span style=\"color: #000080; font-family: arial, helvetica, sans-serif;\">R\u00e9sultats attendus<\/span><\/h4>\n<p><span style=\"font-family: arial, helvetica, sans-serif; color: #000080;\">&#8211; Am\u00e9liorer son niveau de communication entre le d\u00e9but et la fin de son programme. Communiquer efficacement \u00e0 l&rsquo;oral et \u00e0 l&rsquo;\u00e9crit. Interagir avec confiance face \u00e0 un public ou au t\u00e9l\u00e9phone. Comprendre et d\u00e9gager le sens global et des d\u00e9tails sp\u00e9cifiques d&rsquo;un texte ou d&rsquo;un \u00e9nonc\u00e9 simple et court. Comprendre et mettre en action des instructions ou suivre un protocole. Identifier et utiliser un vocabulaire courant ou professionnel adapt\u00e9 au contexte. Identifier et utiliser des expressions de la vie courante et du milieu professionnel. Participer \u00e0 une communication orale avec un interlocuteur sur des sujets personnels et professionnels. Comprendre et r\u00e9pondre aux questions d&rsquo;un interlocuteur et savoir lui en poser. Partager des informations et participer activement \u00e0 une conversation ou r\u00e9union. Mettre en place des techniques de gestion du stress adapt\u00e9es \u00e0 la prise de parole en public. Valider le niveau Seuil ou sup\u00e9rieur lors du passage de test CLO\u00c9 ITALIEN.<\/span><\/p>\n<h4><span style=\"color: #000080; font-family: arial, helvetica, sans-serif;\">Public<\/span><\/h4>\n<p><span style=\"font-family: arial, helvetica, sans-serif; color: #000080;\">Toute personne avec quelques notions de base en italien courant qui souhaitent les d\u00e9velopper avec enrichissement du vocabulaire professionnel au niveau A2 ou plus avant de certifier ses nouveaux acquis<\/span><span style=\"font-family: arial, helvetica, sans-serif; color: #000080;\">.<\/span><\/p>\n<p><span style=\"color: #000080; font-family: arial, helvetica, sans-serif;\"><img loading=\"lazy\" decoding=\"async\" class=\"alignnone wp-image-15311 aligncenter\" src=\"https:\/\/www.leslanguessansstress.fr\/wp-content\/uploads\/2023\/08\/France-Competences-300x86.jpg\" alt=\"\" width=\"471\" height=\"135\" srcset=\"https:\/\/www.leslanguessansstress.fr\/wp-content\/uploads\/2023\/08\/France-Competences-300x86.jpg 300w, https:\/\/www.leslanguessansstress.fr\/wp-content\/uploads\/2023\/08\/France-Competences.jpg 708w\" sizes=\"auto, (max-width: 471px) 100vw, 471px\" \/><\/span><\/p>\n<h3><span style=\"color: #000080; font-family: arial, helvetica, sans-serif;\">MODALIT\u00c9S<\/span><\/h3>\n<div class=\"mcf-title-and-illustration-wrapper\">\n<div class=\"mcf-card-title-wrapper\">\n<p class=\"mcf-card-title-subwrapper\"><span style=\"color: #000080; font-family: arial, helvetica, sans-serif;\"><strong>Langue<\/strong> : Italien \u00a0\u00a0<\/span><br \/>\n<span style=\"color: #000080; font-family: arial, helvetica, sans-serif;\">Lorsque le niveau d&rsquo;entr\u00e9e le permet, ce cours peut se d\u00e9rouler enti\u00e8rement en langue italienne, hypnose comprise. <\/span><br \/>\n<span style=\"color: #000080; font-family: arial, helvetica, sans-serif;\"><strong>Pr\u00e9requis<\/strong> : Avoir les bases <strong>niveau A1 en italien<\/strong> courant avec la volont\u00e9 d&rsquo;enrichir son vocabulaire et approfondir la grammaire. <\/span><br \/>\n<span style=\"color: #000080; font-family: arial, helvetica, sans-serif;\"><strong>Handicap<\/strong> : Veuillez contacter la r\u00e9f\u00e9rente pour discuter d&rsquo;un possible am\u00e9nagement des cours. <\/span><br \/>\n<span style=\"color: #000080; font-family: arial, helvetica, sans-serif;\">Si vous \u00eates en situation d&rsquo;illettrisme, un module pr\u00e9paratoire \u00e0 la lecture vous est propos\u00e9 en amont de la formation certifiante.\u00a0 <\/span><br \/>\n<span style=\"color: #000080; font-family: arial, helvetica, sans-serif;\"><strong>Dur\u00e9e<\/strong> : 3-6 mois d\u2019affil\u00e9e <\/span><br \/>\n<span style=\"color: #000080; font-family: arial, helvetica, sans-serif;\"><strong>Effort<\/strong> : 75 heures <\/span><br \/>\n<span style=\"color: #000080; font-family: arial, helvetica, sans-serif;\"><strong>Rythme<\/strong> : ~3\/5 heures\/semaine <\/span><br \/>\n<span style=\"color: #000080; font-family: arial, helvetica, sans-serif;\"><strong>Entretiens<\/strong> : 45 avec formatrice \u00a0 <\/span><br \/>\n<span style=\"color: #000080; font-family: arial, helvetica, sans-serif;\"><strong>Intervenante<\/strong> : formatrice\u00a0<\/span><span style=\"color: #000080; font-family: arial, helvetica, sans-serif;\">exp\u00e9riment\u00e9e et r\u00e9f\u00e9renc\u00e9e en 5 langues, gestion du stress et pr\u00e9paration mentale\u00a0<\/span><br \/>\n<span style=\"color: #000080; font-family: arial, helvetica, sans-serif;\"><span style=\"caret-color: #000080;\"><b>Validation <\/b><\/span>: Bilans de progression, \u00e9margement individuel ateliers d&rsquo;\u00e9tude et entrelacement + cours et entretiens pr\u00e9sentiels, auto\u00e9valuation des connaissances acquises, questionnaire satisfaction, attestation fin de formation, certification possible (obligatoire si CPF activ\u00e9) \u00a0<\/span><br \/>\n<span style=\"color: #000080; font-family: arial, helvetica, sans-serif;\"><strong>Flexibilit\u00e9 du calendrier<\/strong> : les entretiens sont \u00e0 poser ensemble selon votre disponibilit\u00e9 en amont de la formation. <\/span><br \/>\n<span style=\"color: #000080; font-family: arial, helvetica, sans-serif;\"><strong>Cours sur-mesure<\/strong> : Tous les parcours sont personnalisables aux besoins d\u00e9tect\u00e9s et au profil de l&rsquo;apprenant. <\/span><br \/>\n<span style=\"color: #000080; font-family: arial, helvetica, sans-serif;\">Le tarif peut varier pour \u00eatre adapt\u00e9 aux nouveaux param\u00e8tres en augmentant ou r\u00e9duisant le nombre des entretiens pr\u00e9sentiels et la dur\u00e9e de la formation (proposition\/devis). <\/span><br \/>\n<span style=\"color: #000080; font-family: arial, helvetica, sans-serif;\"><strong>Tarif<\/strong> : 4995\u20ac \u00a0&#8211; <a href=\"https:\/\/www.francecompetences.fr\/recherche\/rs\/6439\/\" target=\"_blank\" rel=\"noopener\">75 heures &#8211; CLO\u00c9 ITALIEN Validit\u00e9 de l&rsquo;offre MCF : 15\/11\/2026 R\u00c9F\u00c9RENCE MCF<\/a> \u21d2 Introduction des le\u00e7ons sous hypnose de relaxation possible selon besoins du stagiaire et s\u00e9ances d\u00e9di\u00e9es \u00e0 l&rsquo;<strong>immersion en italien favorisant la prise de parole<\/strong> instinctive, la concentration, la confiance en soi, la gestion des questions du public, etc.. <\/span><br \/>\n<span style=\"color: #000080; font-family: arial, helvetica, sans-serif;\"><strong>Financement<\/strong> : tous dont le CPF<\/span><\/p>\n<\/div>\n<\/div>\n<p><span style=\"font-size: 16px; font-family: arial, helvetica, sans-serif; color: #000080;\"><img loading=\"lazy\" decoding=\"async\" class=\"alignnone wp-image-14157 aligncenter\" src=\"https:\/\/www.leslanguessansstress.fr\/wp-content\/uploads\/2022\/10\/Mon-compte-formation-CPF-les-langues-sans-stress-300x159.jpg\" alt=\"\" width=\"232\" height=\"123\" srcset=\"https:\/\/www.leslanguessansstress.fr\/wp-content\/uploads\/2022\/10\/Mon-compte-formation-CPF-les-langues-sans-stress-300x159.jpg 300w, https:\/\/www.leslanguessansstress.fr\/wp-content\/uploads\/2022\/10\/Mon-compte-formation-CPF-les-langues-sans-stress.jpg 646w\" sizes=\"auto, (max-width: 232px) 100vw, 232px\" \/><\/span><\/p>\n<h1 style=\"font-weight: 400;\"><span style=\"color: #008000; font-size: 24px;\"><span style=\"font-family: arial, helvetica, sans-serif;\">Italien courant et professionnel &#8211; mise \u00e0 niveau sans stress \u00e0 l&rsquo;oral &#8211; <\/span><span style=\"font-family: arial, helvetica, sans-serif;\">\u00e9ligible au budget CPF \u00a0<\/span><\/span><\/h1>\n<p><span style=\"font-size: 16px; font-family: arial, helvetica, sans-serif;\"><span style=\"color: #000080;\">Ce parcours est \u00e9ligible au financement CPF depuis la plateforme MCF. Il inclut automatiquement la pr\u00e9paration et la pr\u00e9sentation au Test de certification CLO\u00c9 ITALIEN RS6437 inscription valide jusqu&rsquo;au 15-11-2026. Le stagiaire doit se pr\u00e9senter aux deux parties du test pour d\u00e9clencher le financement de sa formation continue professionnelle s&rsquo;il choisit d&rsquo;utiliser son budget CPF.\u00a0<\/span><\/span><\/p>\n<p><span style=\"font-size: 16px; font-family: arial, helvetica, sans-serif;\"><span style=\"color: #000080;\">Cette formation est con\u00e7ue sur mesure : le niveau du programme, sa dur\u00e9e, la fr\u00e9quence et le nombre des entretiens pr\u00e9sentiels avec la formatrice hypnoth\u00e9rapeute sont adaptables \u00e0 votre budget pour s&rsquo;adapter \u00e0 votre profil d&rsquo;apprenant et besoins d\u00e9cel\u00e9s ou contraintes. \u00a0<\/span><\/span><\/p>\n<p><span style=\"font-size: 16px; font-family: arial, helvetica, sans-serif;\"><span style=\"color: #000080;\">Les parcours d&rsquo;entrainement sur plateforme en pr\u00e9sentiel avec la formatrice vont de 3 \u00e0 6 mois selon vos besoins et le planning. L&rsquo;accompagnement mixte ou individualis\u00e9 peut \u00eatre d\u00e9cal\u00e9 des dur\u00e9es impos\u00e9es par la plateforme d&rsquo;\u00e9tude : discutez-en avec nous en amont de la formation choisie. <\/span><\/span><\/p>\n<p><span style=\"font-size: 16px; font-family: arial, helvetica, sans-serif;\"><span style=\"color: #000080;\">L&rsquo;hypnose n&rsquo;est pas une obligation, c&rsquo;est un outil mental pour d\u00e9bloquer des freins et sublimer votre compr\u00e9hension autant que votre expression orale dans la langue choisie.<\/span><\/span><\/p>\n<h3><span style=\"text-decoration: underline; font-size: 14px;\"><span style=\"font-family: verdana, geneva, sans-serif; color: #000080; text-decoration: underline;\">Formatrice-hypnoth\u00e9rapeute bilingue d\u00e9di\u00e9e \u00e0 votre \u00e9coute pour personnaliser votre parcours<\/span><\/span><\/h3>\n","protected":false},"excerpt":{"rendered":"<p>Texte lu de pr\u00e9f\u00e9rence depuis un ordinateur Italien courant et professionnel &#8211; mise \u00e0 niveau<\/p>\n","protected":false},"author":1,"featured_media":11863,"comment_status":"closed","ping_status":"open","sticky":false,"template":"","format":"standard","meta":{"footnotes":""},"categories":[80,348,176,147,432,544,371],"tags":[574,386,113,751,377,460,370,717,449],"class_list":["post-15719","post","type-post","status-publish","format-standard","has-post-thumbnail","hentry","category-actualites","category-cpf-certificats","category-information-documentation","category-italien","category-langues","category-methode","category-programme","tag-cpf","tag-initiation","tag-italien","tag-preparation-de-loral-sous-hypnose","tag-professionnel","tag-programme","tag-remise-a-niveau","tag-renforcement-et-developpement","tag-test"],"_links":{"self":[{"href":"https:\/\/www.leslanguessansstress.fr\/index.php\/wp-json\/wp\/v2\/posts\/15719","targetHints":{"allow":["GET"]}}],"collection":[{"href":"https:\/\/www.leslanguessansstress.fr\/index.php\/wp-json\/wp\/v2\/posts"}],"about":[{"href":"https:\/\/www.leslanguessansstress.fr\/index.php\/wp-json\/wp\/v2\/types\/post"}],"author":[{"embeddable":true,"href":"https:\/\/www.leslanguessansstress.fr\/index.php\/wp-json\/wp\/v2\/users\/1"}],"replies":[{"embeddable":true,"href":"https:\/\/www.leslanguessansstress.fr\/index.php\/wp-json\/wp\/v2\/comments?post=15719"}],"version-history":[{"count":10,"href":"https:\/\/www.leslanguessansstress.fr\/index.php\/wp-json\/wp\/v2\/posts\/15719\/revisions"}],"predecessor-version":[{"id":18247,"href":"https:\/\/www.leslanguessansstress.fr\/index.php\/wp-json\/wp\/v2\/posts\/15719\/revisions\/18247"}],"wp:featuredmedia":[{"embeddable":true,"href":"https:\/\/www.leslanguessansstress.fr\/index.php\/wp-json\/wp\/v2\/media\/11863"}],"wp:attachment":[{"href":"https:\/\/www.leslanguessansstress.fr\/index.php\/wp-json\/wp\/v2\/media?parent=15719"}],"wp:term":[{"taxonomy":"category","embeddable":true,"href":"https:\/\/www.leslanguessansstress.fr\/index.php\/wp-json\/wp\/v2\/categories?post=15719"},{"taxonomy":"post_tag","embeddable":true,"href":"https:\/\/www.leslanguessansstress.fr\/index.php\/wp-json\/wp\/v2\/tags?post=15719"}],"curies":[{"name":"wp","href":"https:\/\/api.w.org\/{rel}","templated":true}]}}