{"id":15707,"date":"2024-01-31T14:01:30","date_gmt":"2024-01-31T13:01:30","guid":{"rendered":"https:\/\/www.leslanguessansstress.fr\/?p=15707"},"modified":"2024-02-02T14:16:35","modified_gmt":"2024-02-02T13:16:35","slug":"francais-grammaire-perfectionnement","status":"publish","type":"post","link":"https:\/\/www.leslanguessansstress.fr\/index.php\/2024\/01\/31\/francais-grammaire-perfectionnement\/","title":{"rendered":"Fran\u00e7ais renforcer l&rsquo;orthographe de base (PQ FR30)"},"content":{"rendered":"<p><span style=\"font-family: verdana, geneva, sans-serif; color: #000080;\">Programmes de fran\u00e7ais essentiel \u00e0 la communication pour l&rsquo;adulte qui rencontre des soucis \u00e0 l&rsquo;\u00e9crit dans sa langue maternelle.\u00a0 Ces programmes sont un peu diff\u00e9rents les uns des autres pour r\u00e9pondre \u00e0 une demande plus cibl\u00e9e en grammaire, conjugaison ou simplement orthographe. Certains programmes sont complets et d&rsquo;autres permettent de jongler pour renforcer les notions selon le besoin identifi\u00e9. N&rsquo;h\u00e9sitez pas \u00e0 nous consulter!<\/span><\/p>\n<h1 style=\"font-weight: 400;\"><span style=\"font-family: verdana, geneva, sans-serif; color: #3366ff;\">Renforcer pas-\u00e0-pas l&rsquo;orthographe de vos \u00e9crits en fran\u00e7ais\u00a0 \u00a0<\/span><\/h1>\n<p><span style=\"color: #000080; font-family: verdana, geneva, sans-serif;\">L&rsquo;orthographe fran\u00e7aise a mauvaise r\u00e9putation car elle semble difficile \u00e0 ma\u00eetriser.<\/span><\/p>\n<p><span style=\"color: #000080; font-family: verdana, geneva, sans-serif;\">Vous-m\u00eame, \u00e0 l&rsquo;\u00e9cole, vous avez peut-\u00eatre souffert avec les r\u00e8gles d&rsquo;accord du participe pass\u00e9, choisir entre \u00ea, est, es, ai, aient pour \u00e9crire un son mal identifi\u00e9&#8230;<\/span><\/p>\n<p><span style=\"color: #000080; font-family: verdana, geneva, sans-serif;\">Programme de fran\u00e7ais pour am\u00e9liorer sa maitrise du fran\u00e7ais \u00e9crit en consolidant d&rsquo;une part l&rsquo;essentiel de l&rsquo;orthographe et en renfor\u00e7ant son estime de soi par la production d&rsquo;\u00e9crits plus corrects.<\/span><\/p>\n<p><span style=\"color: #3366ff; font-family: verdana, geneva, sans-serif; font-size: 20px;\">Objectif<\/span><\/p>\n<p><span style=\"color: #000080; font-family: verdana, geneva, sans-serif;\">Reprendre les bases essentielles de l&rsquo;orthographe du fran\u00e7ais sans aucun complexe.\u00a0<\/span><br \/>\n<span style=\"color: #000080; font-family: verdana, geneva, sans-serif;\">Comprendre et reconna\u00eetre l&rsquo;ensemble des r\u00e8gles simples d&rsquo;\u00e9criture standard.<\/span><br \/>\n<span style=\"color: #000080; font-family: verdana, geneva, sans-serif;\">Approcher les exceptions de mani\u00e8re progressive dans des contextes habituels.<\/span><br \/>\n<span style=\"color: #000080; font-family: verdana, geneva, sans-serif;\">S&rsquo;entrainer pour retenir ais\u00e9ment les r\u00e8gles et savoir les appliquer dans ses \u00e9crits.<\/span><br \/>\n<span style=\"color: #000080; font-family: verdana, geneva, sans-serif;\">Apprendre l&rsquo;autocorrection pour am\u00e9liorer son expression \u00e9crite au quotidien et pendant ses fonctions.<\/span><br \/>\n<span style=\"color: #000080; font-family: verdana, geneva, sans-serif;\">Mettre en place des r\u00e9flexes de relecture et de recherche d&rsquo;une information pour \u00e9viter la faute connue.\u00a0<\/span><br \/>\n<span style=\"color: #000080; font-family: verdana, geneva, sans-serif;\">Renforcer sa confiance en soi et en son expression \u00e9crite. <\/span><\/p>\n<h2 style=\"font-weight: 400;\"><span style=\"font-family: verdana, geneva, sans-serif; color: #3366ff; font-size: 24px;\">Approche ludique et progressive de l&rsquo;orthographe fran\u00e7aise<\/span><\/h2>\n<p><span style=\"color: #000080; font-family: verdana, geneva, sans-serif;\">ATELIER pour l&rsquo;adulte et jeune adulte <\/span><\/p>\n<p><span style=\"color: #000080; font-family: verdana, geneva, sans-serif;\">Renforcement des bases en observant 200 notions essentielles et consolidation selon besoins ressentis en 50 notions.<\/span><\/p>\n<p><span style=\"color: #000080; font-family: verdana, geneva, sans-serif;\">Echanger des cl\u00e9s pour \u00e9crire sans erreur selon vos besoins individuels.<\/span><br \/>\n<span style=\"color: #000080; font-family: verdana, geneva, sans-serif;\">Demander des explications qui d\u00e9bloquent une situation et \u00e9vitent la mont\u00e9e du stress.<\/span><br \/>\n<span style=\"color: #000080; font-family: verdana, geneva, sans-serif;\">Comprendre comment fonctionne la langue fran\u00e7aise pour ne plus se tromper.<\/span><br \/>\n<span style=\"color: #000080; font-family: verdana, geneva, sans-serif;\">V\u00e9rifier ensemble l&rsquo;acquisition de l&rsquo;essentiel de ce que vous devez savoir pour \u00e9crire correctement.<\/span><br \/>\n<span style=\"color: #000080; font-family: verdana, geneva, sans-serif;\">Trouver des solutions pour progresser et partager vos trucs et astuces !<\/span><\/p>\n<h2 style=\"font-weight: 400;\"><span style=\"font-family: verdana, geneva, sans-serif; color: #3366ff; font-size: 24px;\">Points forts<\/span><\/h2>\n<p><span style=\"color: #000080; font-family: verdana, geneva, sans-serif;\">Rendre la grammaire fran\u00e7aise plus claire et plus accessible, en pr\u00e9sentant des explications courtes et simples sur des points bien pr\u00e9cis, le tout accompagn\u00e9 d&rsquo;une mise en pratique libre et d&rsquo; une synth\u00e8se facile \u00e0 retenir et \u00e0 partager.<\/span><br \/>\n<span style=\"color: #000080; font-family: verdana, geneva, sans-serif;\">Cours suivi d&rsquo;un micro-atelier interactif sur les sujets abord\u00e9s, les oublis et les m\u00e9langes d&rsquo;informations. <\/span><br \/>\n<span style=\"color: #000080; font-family: verdana, geneva, sans-serif;\">Ressources attrayantes avec activit\u00e9s ludiques et jeux de table pour se sentir libre de savoir ou pas.<\/span><br \/>\n<span style=\"color: #000080; font-family: verdana, geneva, sans-serif;\">Formatrice d\u00e9di\u00e9e hypnoth\u00e9rapeute dynamique qui r\u00e9pond \u00e0 chaque demande et corrige les erreurs avec patience et bienveillance.<\/span><\/p>\n<h2 style=\"font-weight: 400;\"><span style=\"font-family: verdana, geneva, sans-serif; color: #3366ff; font-size: 24px;\">Public, niveau et pr\u00e9requis<\/span><\/h2>\n<p style=\"font-weight: 400;\"><span style=\"color: #000080; font-family: verdana, geneva, sans-serif;\">\u00a0 &#8211; Tout public adulte et jeune adulte professionnel ou non, qui souhaite am\u00e9liorer son expression \u00e9crite en fran\u00e7ais langue maternelle.\u00a0 \u00a0<\/span><br \/>\n<span style=\"color: #000080; font-family: verdana, geneva, sans-serif;\">\u00a0 &#8211; Ce programme est sans niveau : c&rsquo;est une reprise des bases essentielles d&rsquo;orthographe pour des \u00e9changes quotidiens.\u00a0 \u00a0<\/span><br \/>\n<span style=\"color: #000080; font-family: verdana, geneva, sans-serif;\">\u00a0 &#8211; Aucun pr\u00e9requis. <\/span><br \/>\n<span style=\"color: #000080; font-family: verdana, geneva, sans-serif;\">\u00a0 \u00a0 Avoir le fran\u00e7ais comme langue maternelle. <\/span><br \/>\n<span style=\"color: #000080; font-family: verdana, geneva, sans-serif;\">\u00a0 \u00a0 Si le candidat est en situation d&rsquo;illettrisme il sera accompagn\u00e9 dans sa d\u00e9couverte de l&rsquo;\u00e9criture selon son niveau et ses besoins d&rsquo;expression \u00e9crite.<\/span><\/p>\n<h2 style=\"font-weight: 400;\"><span style=\"font-family: verdana, geneva, sans-serif; color: #3366ff; font-size: 24px;\">Tarifs, modalit\u00e9s d&rsquo;inscription, date et dur\u00e9e<\/span><\/h2>\n<p><span style=\"color: #000080; font-family: verdana, geneva, sans-serif;\">Le programme est personnalisable pour convenir au plus grand nombre de personnes.\u00a0 \u00a0<\/span><br \/>\n<span style=\"color: #000080; font-family: verdana, geneva, sans-serif;\">Les dates, horaires et la dur\u00e9e sont adaptables sur demande en amont de la formation.\u00a0\u00a0<\/span><br \/>\n<span style=\"color: #000080; font-family: verdana, geneva, sans-serif;\">Le tarif d\u00e9pend du choix des ressources, de la fr\u00e9quence du soutien individualis\u00e9 de la formatrice, du type de financement (entreprise\/collectivit\u00e9, CPF, pr\u00e9paration examen, associatif ou personnel). <\/span><\/p>\n<p><span style=\"color: #000080; font-family: verdana, geneva, sans-serif;\">* (1 bases = programme long complet, 2 r\u00e9vision = rapide et 3 consolidation des r\u00e8gles = moyen et adaptable au besoin)<\/span><\/p>\n<h2 style=\"font-weight: 400;\"><span style=\"font-family: verdana, geneva, sans-serif; color: #3366ff;\">Programme de consolidation des bases de l&rsquo;orthographe des mots fran\u00e7ais<\/span><\/h2>\n<p><strong><span style=\"color: #000080; font-family: verdana, geneva, sans-serif;\">Chapitre 1 <\/span><\/strong><br \/>\n<strong><span style=\"color: #000080; font-family: verdana, geneva, sans-serif;\">&#8211; Ma\u00eetriser la ponctuation<\/span><\/strong><\/p>\n<p><span style=\"color: #000080; font-family: verdana, geneva, sans-serif;\">Terminez vos phrases !<\/span><br \/>\n<span style=\"color: #000080; font-family: verdana, geneva, sans-serif;\">Le plus simple : le traditionnel point<\/span><br \/>\n<span style=\"color: #000080; font-family: verdana, geneva, sans-serif;\">La question du point d&rsquo;interrogation<\/span><br \/>\n<span style=\"color: #000080; font-family: verdana, geneva, sans-serif;\">Le point d&rsquo;exclamation \u00e0 vous de voir !<\/span><br \/>\n<span style=\"color: #000080; font-family: verdana, geneva, sans-serif;\">Quelle ponctuation utiliser \u00e0 l&rsquo;int\u00e9rieur des phrases ?<\/span><br \/>\n<span style=\"color: #000080; font-family: verdana, geneva, sans-serif;\">Utilisez la virgule pour s\u00e9parer et encadrer les \u00e9l\u00e9ments qui composent la phrase<\/span><br \/>\n<span style=\"color: #000080; font-family: verdana, geneva, sans-serif;\">Quand utiliserez-vous le point-virgule ?<\/span><br \/>\n<span style=\"color: #000080; font-family: verdana, geneva, sans-serif;\">Deux-points et trois fonctions<\/span><br \/>\n<span style=\"color: #000080; font-family: verdana, geneva, sans-serif;\">Toujours par deux, les parenth\u00e8ses<\/span><br \/>\n<span style=\"color: #000080; font-family: verdana, geneva, sans-serif;\">Ne tirez pas de trait sur le tiret<\/span><br \/>\n<span style=\"color: #000080; font-family: verdana, geneva, sans-serif;\">Trait d&rsquo;union ou tiret ?<\/span><br \/>\n<span style=\"color: #000080; font-family: verdana, geneva, sans-serif;\">Les guillemets : si vous les ouvrez, pensez \u00e0 les fermer !<\/span><br \/>\n<span style=\"color: #000080; font-family: verdana, geneva, sans-serif;\">Comment ponctuer un dialogue ?<\/span><br \/>\n<span style=\"color: #000080; font-family: verdana, geneva, sans-serif;\">N&rsquo;oubliez pas les majuscules !<\/span><br \/>\n<span style=\"color: #000080; font-family: verdana, geneva, sans-serif;\">Et si vous pr\u00e9f\u00e9rez l&rsquo;ordinateur au stylo<\/span><\/p>\n<p><strong><span style=\"color: #000080; font-family: verdana, geneva, sans-serif;\">Chapitre 2 <\/span><\/strong><br \/>\n<strong><span style=\"color: #000080; font-family: verdana, geneva, sans-serif;\">&#8211; Se r\u00e9concilier avec les accents<\/span><\/strong><\/p>\n<p><span style=\"color: #000080; font-family: verdana, geneva, sans-serif;\">Les accents sur le E<\/span><br \/>\n<span style=\"color: #000080; font-family: verdana, geneva, sans-serif;\">Savoir mettre le bon accent sur le E : fiez-vous \u00e0 la prononciation !<\/span><br \/>\n<span style=\"color: #000080; font-family: verdana, geneva, sans-serif;\">Quels accents sur le E dans les verbes conjugu\u00e9s ?<\/span><br \/>\n<span style=\"color: #000080; font-family: verdana, geneva, sans-serif;\">Ne mettez jamais d&rsquo;accent sur le E<\/span><br \/>\n<span style=\"color: #000080; font-family: verdana, geneva, sans-serif;\">Les accents sur A &#8211; O &#8211; U &#8211; I<\/span><br \/>\n<span style=\"color: #000080; font-family: verdana, geneva, sans-serif;\">Au pass\u00e9 simple, l&rsquo;accent circonflexe, c&rsquo;est simple !<\/span><br \/>\n<span style=\"color: #000080; font-family: verdana, geneva, sans-serif;\">Un accent pour distinguer des mots de nature diff\u00e9rente et de sens diff\u00e9rent : les homophones<\/span><br \/>\n<span style=\"color: #000080; font-family: verdana, geneva, sans-serif;\">Pour finir, le tr\u00e9ma<\/span><br \/>\n<span style=\"color: #000080; font-family: verdana, geneva, sans-serif;\">Pour prononcer distinctement deux voyelles<\/span><br \/>\n<span style=\"color: #000080; font-family: verdana, geneva, sans-serif;\">Pour prononcer le U dans GU<\/span><\/p>\n<p><strong><span style=\"color: #000080; font-family: verdana, geneva, sans-serif;\">Chapitre 3 <\/span><\/strong><br \/>\n<strong><span style=\"color: #000080; font-family: verdana, geneva, sans-serif;\">&#8211; Employer la\/les bonnes consonnes pour transcrire un son<\/span><\/strong><\/p>\n<p><span style=\"color: #000080; font-family: verdana, geneva, sans-serif;\">Psitt\u2026.. voici comment \u00e9crire le son \u00ab SS \u00bb !<\/span><br \/>\n<span style=\"color: #000080; font-family: verdana, geneva, sans-serif;\">Le Z fait le BUZZ ! Comment \u00e9crire le son \u00ab Z \u00bb ?<\/span><br \/>\n<span style=\"color: #000080; font-family: verdana, geneva, sans-serif;\">Si vous rencontrez le son \u00abk \u00bb, que choisir : C, QU, CQU, k, Ck ou CH ?<\/span><br \/>\n<span style=\"color: #000080; font-family: verdana, geneva, sans-serif;\">Sachez que les deux cas les plus fr\u00e9quents sont C et QU<\/span><br \/>\n<span style=\"color: #000080; font-family: verdana, geneva, sans-serif;\">Pas si archa\u00efque, le CH!<\/span><br \/>\n<span style=\"color: #000080; font-family: verdana, geneva, sans-serif;\">Mettez-vous \u00e0 l&rsquo;heure internationale avec k et Ck !<\/span><br \/>\n<span style=\"color: #000080; font-family: verdana, geneva, sans-serif;\">\u00c9vitez les accidents sur le son \u00ab KS \u00bb !<\/span><br \/>\n<span style=\"color: #000080; font-family: verdana, geneva, sans-serif;\">Ne censurez pas le X!<\/span><br \/>\n<span style=\"color: #000080; font-family: verdana, geneva, sans-serif;\">Doublez le C!<\/span><br \/>\n<span style=\"color: #000080; font-family: verdana, geneva, sans-serif;\">Diff\u00e9renciez bien le son \u00ab G \u00bb du son \u00ab J\u00bb<\/span><br \/>\n<span style=\"color: #000080; font-family: verdana, geneva, sans-serif;\">Vous h\u00e9sitez sur l&rsquo;\u00e9criture du son \u00ab G \u00bb ?<\/span><br \/>\n<span style=\"color: #000080; font-family: verdana, geneva, sans-serif;\">Et si vous entendez le son \u00ab J<\/span><br \/>\n<span style=\"color: #000080; font-family: verdana, geneva, sans-serif;\">comment l&rsquo;\u00e9crire ?<\/span><br \/>\n<span style=\"color: #000080; font-family: verdana, geneva, sans-serif;\">Ne nous affolons pas face au son \u00ab F \u00bb !<\/span><\/p>\n<p><strong><span style=\"color: #000080; font-family: verdana, geneva, sans-serif;\">Chapitre 4 <\/span><\/strong><br \/>\n<strong><span style=\"color: #000080; font-family: verdana, geneva, sans-serif;\">&#8211; <\/span><span style=\"color: #000080; font-family: verdana, geneva, sans-serif;\">Quand faut-il mettre deux consonnes alors que la prononciation ne l&rsquo;exige pas ?<\/span><\/strong><\/p>\n<p><span style=\"color: #000080; font-family: verdana, geneva, sans-serif;\">En d\u00e9but de mot<\/span><br \/>\n<span style=\"color: #000080; font-family: verdana, geneva, sans-serif;\">Le pr\u00e9fixe ne change pas de forme : il se termine toujours par la m\u00eame consonne<\/span><br \/>\n<span style=\"color: #000080; font-family: verdana, geneva, sans-serif;\">Le pr\u00e9fixe change de consonne finale<\/span><br \/>\n<span style=\"color: #000080; font-family: verdana, geneva, sans-serif;\">Au c\u0153ur du mot<\/span><br \/>\n<span style=\"color: #000080; font-family: verdana, geneva, sans-serif;\">\u00c0 la fin du mot<\/span><br \/>\n<span style=\"color: #000080; font-family: verdana, geneva, sans-serif;\">Quand vous employez un verbe conjugu\u00e9<\/span><br \/>\n<span style=\"color: #000080; font-family: verdana, geneva, sans-serif;\">\u00c0 la fin des mots qui ne sont pas des verbes<\/span><\/p>\n<p><strong><span style=\"color: #000080; font-family: verdana, geneva, sans-serif;\">Chapitre 5 <\/span><\/strong><br \/>\n<strong><span style=\"color: #000080; font-family: verdana, geneva, sans-serif;\">&#8211; Ne pas h\u00e9siter \u00e0 propos des lettres muettes<\/span><\/strong><\/p>\n<p><span style=\"color: #000080; font-family: verdana, geneva, sans-serif;\">Il ne se prononce pas, mais est indispensable, le H!<\/span><br \/>\n<span style=\"color: #000080; font-family: verdana, geneva, sans-serif;\">Quand mettrez-vous un H en d\u00e9but de mot ?<\/span><br \/>\n<span style=\"color: #000080; font-family: verdana, geneva, sans-serif;\">N&rsquo;oubliez pas le H \u00e0 l&rsquo;int\u00e9rieur du mot<\/span><br \/>\n<span style=\"color: #000080; font-family: verdana, geneva, sans-serif;\">\u00c9coutez les autres consonnes muettes !<\/span><br \/>\n<span style=\"color: #000080; font-family: verdana, geneva, sans-serif;\">Commen\u00e7ons par la fin, c&rsquo;est le plus facile<\/span><br \/>\n<span style=\"color: #000080; font-family: verdana, geneva, sans-serif;\">\u00c0 l&rsquo;int\u00e9rieur d&rsquo;un mot<\/span><br \/>\n<span style=\"color: #000080; font-family: verdana, geneva, sans-serif;\">Tr\u00e8s discret, le E muet peut passer inaper\u00e7u : ne l&rsquo;oubliez pas !<\/span><br \/>\n<span style=\"color: #000080; font-family: verdana, geneva, sans-serif;\">\u00c0 la fin d&rsquo;un mot<\/span><br \/>\n<span style=\"color: #000080; font-family: verdana, geneva, sans-serif;\">Le E muet peut aussi se cacher \u00e0 l&rsquo;int\u00e9rieur d&rsquo;un mot !<\/span><\/p>\n<p><strong><span style=\"color: #000080; font-family: verdana, geneva, sans-serif;\">Chapitre 6 <\/span><\/strong><br \/>\n<strong><span style=\"color: #000080; font-family: verdana, geneva, sans-serif;\">&#8211; Employer la\/les bonne(s) voyelle(s) pour transcrire un son<\/span><\/strong><\/p>\n<p><span style=\"color: #000080; font-family: verdana, geneva, sans-serif;\">Comment \u00e9crire le son \u00ab 0 \u00bb ?<\/span><br \/>\n<span style=\"color: #000080; font-family: verdana, geneva, sans-serif;\">Commen\u00e7ons par le commencement : les mots d\u00e9butant par le son \u00ab 0 \u00bb<\/span><br \/>\n<span style=\"color: #000080; font-family: verdana, geneva, sans-serif;\">Le son \u00ab 0 \u00bb en fin de mot<\/span><br \/>\n<span style=\"color: #000080; font-family: verdana, geneva, sans-serif;\">Le son \u00ab 0 \u00bb \u00e0 l&rsquo;int\u00e9rieur d&rsquo;un mot<\/span><br \/>\n<span style=\"color: #000080; font-family: verdana, geneva, sans-serif;\">Pour le son \u00ab I \u00bb, il faut mettre les points&#8230; sur quell?<\/span><br \/>\n<span style=\"color: #000080; font-family: verdana, geneva, sans-serif;\">Comment \u00e9crire le son \u00ab ILLE \u00bb ?<\/span><br \/>\n<span style=\"color: #000080; font-family: verdana, geneva, sans-serif;\">Quand employer le Y ?<\/span><br \/>\n<span style=\"color: #000080; font-family: verdana, geneva, sans-serif;\">Quand \u00e9crire -ILL-?<\/span><br \/>\n<span style=\"color: #000080; font-family: verdana, geneva, sans-serif;\">EUH\u2026.. Comment \u00e9crire le son \u00ab E \u00bb ?<\/span><br \/>\n<span style=\"color: #000080; font-family: verdana, geneva, sans-serif;\">Quand \u00e9crire \u0152 ou \u0152U ?<\/span><br \/>\n<span style=\"color: #000080; font-family: verdana, geneva, sans-serif;\">Quand \u00e9crire EU ou E ?<\/span><br \/>\n<span style=\"color: #000080; font-family: verdana, geneva, sans-serif;\">N&rsquo;oubliez pas les mots anglais et leur accent particulier !<\/span><br \/>\n<span style=\"color: #000080; font-family: verdana, geneva, sans-serif;\">Comment choisir entre Al et El ?<\/span><\/p>\n<p><strong><span style=\"color: #000080; font-family: verdana, geneva, sans-serif;\">Chapitre 7<\/span><\/strong><br \/>\n<strong><span style=\"color: #000080; font-family: verdana, geneva, sans-serif;\">\u00a0&#8211; Bien marier les voyelles et les consonnes<\/span><\/strong><\/p>\n<p><span style=\"color: #000080; font-family: verdana, geneva, sans-serif;\">Choisir entre ON et OM<\/span><br \/>\n<span style=\"color: #000080; font-family: verdana, geneva, sans-serif;\">Comment \u00e9crire le son 6 EN \u00bb ?<\/span><br \/>\n<span style=\"color: #000080; font-family: verdana, geneva, sans-serif;\">C&rsquo;est un nom ?<\/span><br \/>\n<span style=\"color: #000080; font-family: verdana, geneva, sans-serif;\">C&rsquo;est un verbe ?<\/span><br \/>\n<span style=\"color: #000080; font-family: verdana, geneva, sans-serif;\">C&rsquo;est un adjectif ?<\/span><br \/>\n<span style=\"color: #000080; font-family: verdana, geneva, sans-serif;\">Votre mot est d&rsquo;une autre nature ?<\/span><br \/>\n<span style=\"color: #000080; font-family: verdana, geneva, sans-serif;\">Bien \u00e9crire le son \u00ab IN \u00bb<\/span><\/p>\n<p><strong><span style=\"color: #000080; font-family: verdana, geneva, sans-serif;\">Chapitre 8<\/span><\/strong><br \/>\n<strong><span style=\"color: #000080; font-family: verdana, geneva, sans-serif;\">\u00a0&#8211; Du c\u00f4t\u00e9 du f\u00e9minin&#8230;<\/span><\/strong><\/p>\n<p><span style=\"color: #000080; font-family: verdana, geneva, sans-serif;\">Commen\u00e7ons par le cas le plus simple : le -E final<\/span><br \/>\n<span style=\"color: #000080; font-family: verdana, geneva, sans-serif;\">Majoritairement, les noms f\u00e9minins se terminent par un E<\/span><br \/>\n<span style=\"color: #000080; font-family: verdana, geneva, sans-serif;\">Des irr\u00e9ductibles ne se plient pas \u00e0 la r\u00e8gle&#8230; ils se passent du -E final malgr\u00e9 leur sonorit\u00e9 !<\/span><br \/>\n<span style=\"color: #000080; font-family: verdana, geneva, sans-serif;\">Si vous voulez passer du masculin au f\u00e9minin<\/span><br \/>\n<span style=\"color: #000080; font-family: verdana, geneva, sans-serif;\">Le cas le plus fr\u00e9quent est le plus simple<\/span><br \/>\n<span style=\"color: #000080; font-family: verdana, geneva, sans-serif;\">Dans d&rsquo;autres cas, il vous faut faire attention \u00e0 la transformation du mot.<\/span><\/p>\n<p><strong><span style=\"color: #000080; font-family: verdana, geneva, sans-serif;\">Chapitre 9 <\/span><\/strong><br \/>\n<strong><span style=\"color: #000080; font-family: verdana, geneva, sans-serif;\">&#8211; Comment former le pluriel des noms et adjectifs ?<\/span><\/strong><\/p>\n<p><span style=\"color: #000080; font-family: verdana, geneva, sans-serif;\">Une r\u00e8gle simple : a<\/span><span style=\"color: #000080; font-family: verdana, geneva, sans-serif;\">idez-vous du sens pour accorder ou pas un nom compl\u00e9t\u00e9 par un autre nom<\/span><br \/>\n<span style=\"color: #000080; font-family: verdana, geneva, sans-serif;\">Les noms propres sont invariables<\/span><br \/>\n<span style=\"color: #000080; font-family: verdana, geneva, sans-serif;\">Les abr\u00e9viations sont invariables<\/span><br \/>\n<span style=\"color: #000080; font-family: verdana, geneva, sans-serif;\">Pour choisir entre -S ou -X, la taille du mot ne compte pas!<\/span><br \/>\n<span style=\"color: #000080; font-family: verdana, geneva, sans-serif;\">Qu&rsquo;en est-il du pluriel des mots emprunt\u00e9s au latin ou \u00e0 d&rsquo;autres langues ?<\/span><br \/>\n<span style=\"color: #000080; font-family: verdana, geneva, sans-serif;\">Comment composer avec les mots compos\u00e9s ?<\/span><br \/>\n<span style=\"color: #000080; font-family: verdana, geneva, sans-serif;\">D&rsquo;autres exemples pour bien suivre le raisonnement<\/span><\/p>\n<p><strong><span style=\"color: #000080; font-family: verdana, geneva, sans-serif;\">Chapitre 10 <\/span><\/strong><br \/>\n<strong><span style=\"color: #000080; font-family: verdana, geneva, sans-serif;\">\u00a0&#8211; Les mots qui restent invariables<\/span><\/strong><\/p>\n<p><span style=\"color: #000080; font-family: verdana, geneva, sans-serif;\">Les noms propres<\/span><br \/>\n<span style=\"color: #000080; font-family: verdana, geneva, sans-serif;\">Les adverbes, pr\u00e9positions et conjonctions<\/span><br \/>\n<span style=\"color: #000080; font-family: verdana, geneva, sans-serif;\">Les autres mots invariables<\/span><br \/>\n<span style=\"color: #000080; font-family: verdana, geneva, sans-serif;\">Les interjections et les onomatop\u00e9es<\/span><br \/>\n<span style=\"color: #000080; font-family: verdana, geneva, sans-serif;\">Certains adjectifs employ\u00e9s comme adverbes<\/span><br \/>\n<span style=\"color: #000080; font-family: verdana, geneva, sans-serif;\">Certains noms<\/span><br \/>\n<span style=\"color: #000080; font-family: verdana, geneva, sans-serif;\">Le cas du pronom LEUR<\/span><\/p>\n<p><strong><span style=\"color: #000080; font-family: verdana, geneva, sans-serif;\">Chapitre 11 <\/span><\/strong><br \/>\n<strong><span style=\"color: #000080; font-family: verdana, geneva, sans-serif;\">&#8211; Des chiffres et des lettres&#8230; Comment \u00e9crire un nombre ?<\/span><\/strong><\/p>\n<p><span style=\"color: #000080; font-family: verdana, geneva, sans-serif;\">Le trait d&rsquo;union<\/span><br \/>\n<span style=\"color: #000080; font-family: verdana, geneva, sans-serif;\">L&rsquo;accord<\/span><br \/>\n<span style=\"color: #000080; font-family: verdana, geneva, sans-serif;\">Vous voulez compter ?<\/span><br \/>\n<span style=\"color: #000080; font-family: verdana, geneva, sans-serif;\">Vous voulez classer, donner un rang ?<\/span><br \/>\n<span style=\"color: #000080; font-family: verdana, geneva, sans-serif;\">Quid des chiffres romains ?<\/span><\/p>\n<p><strong><span style=\"color: #000080; font-family: verdana, geneva, sans-serif;\">Chapitre 12 <\/span><\/strong><br \/>\n<strong><span style=\"color: #000080; font-family: verdana, geneva, sans-serif;\">&#8211; S&rsquo;accorder sur les accords (1) Autour du Nom<\/span><\/strong><\/p>\n<p><span style=\"color: #000080; font-family: verdana, geneva, sans-serif;\">Le nom \u00a0\u00bb un centre de commandes<\/span><br \/>\n<span style=\"color: #000080; font-family: verdana, geneva, sans-serif;\">Bon genre, mauvais genre : choisir le d\u00e9terminant qui convient<\/span><br \/>\n<span style=\"color: #000080; font-family: verdana, geneva, sans-serif;\">Pour accorder l&rsquo;adjectif<\/span><br \/>\n<span style=\"color: #000080; font-family: verdana, geneva, sans-serif;\">L&rsquo;adjectif est plac\u00e9 \u00e0 c\u00f4t\u00e9 de son nom<\/span><br \/>\n<span style=\"color: #000080; font-family: verdana, geneva, sans-serif;\">L&rsquo;adjectif est s\u00e9par\u00e9 de son nom<\/span><br \/>\n<span style=\"color: #000080; font-family: verdana, geneva, sans-serif;\">IL y a plusieurs noms\/pronoms pour le m\u00eame adjectif<\/span><br \/>\n<span style=\"color: #000080; font-family: verdana, geneva, sans-serif;\">IL y a plusieurs adjectifs pour un seul nom\/pronom<\/span><br \/>\n<span style=\"color: #000080; font-family: verdana, geneva, sans-serif;\">Quand ne devez-vous pas accorder ?<\/span><br \/>\n<span style=\"color: #000080; font-family: verdana, geneva, sans-serif;\">Les adjectifs de couleur : des r\u00e8gles particuli\u00e8res<\/span><br \/>\n<span style=\"color: #000080; font-family: verdana, geneva, sans-serif;\">Accorder ou pas les adjectifs compos\u00e9s ?<\/span><\/p>\n<p><strong><span style=\"color: #000080; font-family: verdana, geneva, sans-serif;\">Chapitre 13 <\/span><\/strong><br \/>\n<strong><span style=\"color: #000080; font-family: verdana, geneva, sans-serif;\">&#8211; S&rsquo;accorder sur les accords (2) Autour du verbe<\/span><\/strong><\/p>\n<p><span style=\"color: #000080; font-family: verdana, geneva, sans-serif;\">Bien identifier le sujet du verbe<\/span><br \/>\n<span style=\"color: #000080; font-family: verdana, geneva, sans-serif;\">Et s&rsquo;il y a plusieurs sujets ?<\/span><br \/>\n<span style=\"color: #000080; font-family: verdana, geneva, sans-serif;\">Quelques cas d\u00e9licats que vous r\u00e9soudrez sans probl\u00e8me<\/span><br \/>\n<span style=\"color: #000080; font-family: verdana, geneva, sans-serif;\">Pour trouver la bonne personne !<\/span><br \/>\n<span style=\"color: #000080; font-family: verdana, geneva, sans-serif;\">Pour trouver le nombre parfait (singulier ou pluriel ?)<\/span><\/p>\n<p><strong><span style=\"color: #000080; font-family: verdana, geneva, sans-serif;\">Chapitre 14 <\/span><\/strong><br \/>\n<strong><span style=\"color: #000080; font-family: verdana, geneva, sans-serif;\">&#8211; Pour d\u00e9passer les probl\u00e8mes d&rsquo;accord du participe pass\u00e9 !<\/span><\/strong><\/p>\n<p><span style=\"color: #000080; font-family: verdana, geneva, sans-serif;\">Qu&rsquo;est-ce qu&rsquo;un participe pass\u00e9 ?<\/span><br \/>\n<span style=\"color: #000080; font-family: verdana, geneva, sans-serif;\">Avant de vous poser la question de son accord, vous devez savoir comment \u00e9crire la fin d&rsquo;un participe pass\u00e9<\/span><br \/>\n<span style=\"color: #000080; font-family: verdana, geneva, sans-serif;\">Pour l&rsquo;accorder, rien de plus simple !<\/span><br \/>\n<span style=\"color: #000080; font-family: verdana, geneva, sans-serif;\">Si le participe pass\u00e9 suit l&rsquo;auxiliaire \u00eatre<\/span><br \/>\n<span style=\"color: #000080; font-family: verdana, geneva, sans-serif;\">Si le participe pass\u00e9 suit l&rsquo;auxiliaire avoir<\/span><br \/>\n<span style=\"color: #000080; font-family: verdana, geneva, sans-serif;\">Si le participe pass\u00e9 est suivi d&rsquo;un verbe \u00e0 l&rsquo;infinitif<\/span><br \/>\n<span style=\"color: #000080; font-family: verdana, geneva, sans-serif;\">Si vous employez un verbe \u00e0 la forme pronominale<\/span><br \/>\n<span style=\"color: #000080; font-family: verdana, geneva, sans-serif;\">Si vous employez un participe pass\u00e9 sans auxiliaire, comme un adjectif<\/span><\/p>\n<p><strong><span style=\"color: #000080; font-family: verdana, geneva, sans-serif;\">Chapitre 15 <\/span><\/strong><br \/>\n<strong><span style=\"color: #000080; font-family: verdana, geneva, sans-serif;\">Comment \u00e9crire un son \u00e0 la fin d&rsquo;un verbe ?<\/span><\/strong><\/p>\n<p><span style=\"color: #000080; font-family: verdana, geneva, sans-serif;\">Si vous entendez le son \u00ab I \u00bb \u00e0 la fin d&rsquo;un verbe<\/span><br \/>\n<span style=\"color: #000080; font-family: verdana, geneva, sans-serif;\">Si c&rsquo;est un participe pass\u00e9, vous avez le choix entre -I, -IS et -IT<\/span><br \/>\n<span style=\"color: #000080; font-family: verdana, geneva, sans-serif;\">Si c&rsquo;est un verbe conjugu\u00e9<\/span><br \/>\n<span style=\"color: #000080; font-family: verdana, geneva, sans-serif;\">Quand le verbe se termine par le son \u00ab U \u00bb<\/span><br \/>\n<span style=\"color: #000080; font-family: verdana, geneva, sans-serif;\">Quand le verbe se termine par le son \u00ab \u00c9 \u00bb OU \u00ab\u00c8 \u00bb<\/span><br \/>\n<span style=\"color: #000080; font-family: verdana, geneva, sans-serif;\">Le verbe ne comporte qu&rsquo;une seule syllabe ?<\/span><br \/>\n<span style=\"color: #000080; font-family: verdana, geneva, sans-serif;\">Quand vous cherchez la terminaison en \u00ab E \u00bb Ou \u00ab E \u00bb d&rsquo;un verbe plus long<\/span><\/p>\n<p><strong><span style=\"color: #000080; font-family: verdana, geneva, sans-serif;\">Chapitre 16 <\/span><\/strong><br \/>\n<strong><span style=\"color: #000080; font-family: verdana, geneva, sans-serif;\">&#8211; Dix erreurs \u00e0 \u00e9viter : un, deux ou trois mots ?<\/span><\/strong><\/p>\n<p><span style=\"color: #000080; font-family: verdana, geneva, sans-serif;\">Savoir \u00e9crire les sons \u00ab MA \u00bb, \u00ab TA \u00bb, \u00ab MON \u00bb et \u00ab TON \u00bb<\/span><br \/>\n<span style=\"color: #000080; font-family: verdana, geneva, sans-serif;\">Les sons \u00ab MA \u00bb et \u00ab TA \u00bb<\/span><br \/>\n<span style=\"color: #000080; font-family: verdana, geneva, sans-serif;\">Les sons \u00ab MON \u00bb et \u00ab TON \u00bb<\/span><br \/>\n<span style=\"color: #000080; font-family: verdana, geneva, sans-serif;\">Combien de mots vous faut-il si vous voulez \u00e9crire le son \u00ab kEL \u00bb ? <\/span><br \/>\n<span style=\"color: #000080; font-family: verdana, geneva, sans-serif;\">Choisir entre QU&rsquo;ELLE et QUEL, QUELS, QUELLE ou <\/span><span style=\"color: #000080; font-family: verdana, geneva, sans-serif;\">QUELLES<\/span><br \/>\n<span style=\"color: #000080; font-family: verdana, geneva, sans-serif;\">\u00c9crire QUELQUE ou QUEL QUE et savoir quand les accorder<\/span><br \/>\n<span style=\"color: #000080; font-family: verdana, geneva, sans-serif;\">Choisir entre ON et ON N&rsquo;<\/span><br \/>\n<span style=\"color: #000080; font-family: verdana, geneva, sans-serif;\">\u00c9crire QUOIQUE ou QUOI QUE<\/span><br \/>\n<span style=\"color: #000080; font-family: verdana, geneva, sans-serif;\">Distinguer POURQUOI de POUR QUOI<\/span><br \/>\n<span style=\"color: #000080; font-family: verdana, geneva, sans-serif;\">Savoir \u00e9crire DANS, DENT ou D&rsquo;EN<\/span><br \/>\n<span style=\"color: #000080; font-family: verdana, geneva, sans-serif;\">Avoir AFFAIRE ou A FAIRE ?<\/span><br \/>\n<span style=\"color: #000080; font-family: verdana, geneva, sans-serif;\">Se d\u00e9cider entre PLUT\u00d4T et PLUS T\u00d4T<\/span><br \/>\n<span style=\"color: #000080; font-family: verdana, geneva, sans-serif;\">Deux ou trois mots ? Trancher entre PARCE QUE ou PAR CE QUE<\/span><\/p>\n<p><strong><span style=\"color: #000080; font-family: verdana, geneva, sans-serif;\">Chapitre 17 <\/span><\/strong><br \/>\n<strong><span style=\"color: #000080; font-family: verdana, geneva, sans-serif;\">&#8211; Les faux jumeaux : dix homophones \u00e0 savoir distinguer<\/span><\/strong><\/p>\n<p><span style=\"color: #000080; font-family: verdana, geneva, sans-serif;\">Vous h\u00e9sitez entre ET ou EST ?<\/span><br \/>\n<span style=\"color: #000080; font-family: verdana, geneva, sans-serif;\">Comment facilement distinguer SON et SONT ?<\/span><br \/>\n<span style=\"color: #000080; font-family: verdana, geneva, sans-serif;\">Ne vous emm\u00ealez pas entre ON et ONT !<\/span><br \/>\n<span style=\"color: #000080; font-family: verdana, geneva, sans-serif;\">Vous saurez tout sur TOUT et TOUS !<\/span><br \/>\n<span style=\"color: #000080; font-family: verdana, geneva, sans-serif;\">\u00c9vitez les erreurs sur CE et SE<\/span><br \/>\n<span style=\"color: #000080; font-family: verdana, geneva, sans-serif;\">Pour bien ma\u00eetriser SES et CES<\/span><br \/>\n<span style=\"color: #000080; font-family: verdana, geneva, sans-serif;\">SOI, SOIT, SOIENT ou SOIE ?<\/span><br \/>\n<span style=\"color: #000080; font-family: verdana, geneva, sans-serif;\">Y voir enfin clair entre VOIR et VOIRE<\/span><br \/>\n<span style=\"color: #000080; font-family: verdana, geneva, sans-serif;\">Ne confondez plus CHER, CHERE, CHAIR et CHAIRE, cela pourrait vous co\u00fbter cher !<\/span><br \/>\n<span style=\"color: #000080; font-family: verdana, geneva, sans-serif;\">Quelle diff\u00e9rence entre SUBI et SUBIT?<\/span><\/p>\n<p><strong><span style=\"color: #000080; font-family: verdana, geneva, sans-serif;\">Chapitre 18 <\/span><\/strong><br \/>\n<strong><span style=\"color: #000080; font-family: verdana, geneva, sans-serif;\">&#8211; Dix des pi\u00e8ges courants \u00e0 \u00e9viter<\/span><\/strong><\/p>\n<p><span style=\"color: #000080; font-family: verdana, geneva, sans-serif;\">Quand verbe et nom se ressemblent : savoir s&rsquo;il faut ajouter ou pas un E \u00e0 la fin du mot<\/span><br \/>\n<span style=\"color: #000080; font-family: verdana, geneva, sans-serif;\">Des personnes m&rsquo;ont dit qu&rsquo;il n&rsquo;y avait personne ! Quand mettre un S \u00e0 personne ?<\/span><br \/>\n<span style=\"color: #000080; font-family: verdana, geneva, sans-serif;\">Je suis presque arriv\u00e9 \u00e0 la presqu&rsquo;\u00eele ! Quand enlever la voyelle finale d&rsquo;un mot ?<\/span><br \/>\n<span style=\"color: #000080; font-family: verdana, geneva, sans-serif;\">Quand accorder POSSIBLE ?<\/span><br \/>\n<span style=\"color: #000080; font-family: verdana, geneva, sans-serif;\">Choisir sans erreur le singulier ou le pluriel apr\u00e8s SANS<\/span><br \/>\n<span style=\"color: #000080; font-family: verdana, geneva, sans-serif;\">Savoir employer le singulier ou le pluriel apr\u00e8s DE<\/span><br \/>\n<span style=\"color: #000080; font-family: verdana, geneva, sans-serif;\">Bien \u00e9crire la PLUPART<\/span><br \/>\n<span style=\"color: #000080; font-family: verdana, geneva, sans-serif;\">ESP\u00c8CE DE&#8230; !<\/span><br \/>\n<span style=\"color: #000080; font-family: verdana, geneva, sans-serif;\">Une lettre change tout !<\/span><br \/>\n<span style=\"color: #000080; font-family: verdana, geneva, sans-serif;\">AVOIR L&rsquo;AIR&#8230; beau ou belle ?<\/span><\/p>\n<p><span style=\"color: #000080; font-family: verdana, geneva, sans-serif;\">============<\/span><\/p>\n<h2 style=\"font-weight: 400;\"><span style=\"font-family: verdana, geneva, sans-serif; color: #3366ff; font-size: 24px;\">Programme de fran\u00e7ais court : consolidation de l&rsquo;orthographe et grammaire, conjugaison\u00a0\u00a0<\/span><\/h2>\n<p><span style=\"color: #000080; font-family: verdana, geneva, sans-serif;\">============<\/span><\/p>\n<p><span style=\"color: #000080; font-family: verdana, geneva, sans-serif;\">R\u00e9vision et \u00e9largissement des r\u00e8gles d&rsquo;orthographe<\/span><\/p>\n<p><span style=\"color: #000080; font-family: verdana, geneva, sans-serif;\">La phase de consolidation des acquis est une \u00e9tape indispensable pour assurer l&rsquo;apprentissage des savoirs de base et enrichir ensuite la langue de nouveaux mots et de notions de grammaire plus complexes.<\/span><\/p>\n<p><span style=\"color: #000080; font-family: verdana, geneva, sans-serif;\">Elle permet \u00e0 l&rsquo;apprenant de r\u00e9fl\u00e9chir \u00e0 ses acquis, de s&rsquo;en rendre compte dans la d\u00e9marche d&rsquo;autocorrection, d&rsquo;exprimer les difficult\u00e9s et les satisfactions sur sa progression en expression \u00e9crite, de demander un soutien cibl\u00e9. <\/span><\/p>\n<p><span style=\"color: #000080; font-family: verdana, geneva, sans-serif;\">La Consolidation a lieu de pr\u00e9f\u00e9rence en fin de chaque s\u00e9ance ou apr\u00e8s un module complet. <\/span><br \/>\n<span style=\"color: #000080; font-family: verdana, geneva, sans-serif;\">Elle peut aussi \u00eatre mise en place apr\u00e8s la formation, selon les besoins et la situation de l&rsquo;apprenant ou \u00e0 la demande de l&rsquo;entreprise.<\/span><\/p>\n<p><strong><span style=\"color: #000080; font-family: verdana, geneva, sans-serif;\">Premi\u00e8re Partie de\u00a0<\/span><span style=\"color: #000080; font-family: verdana, geneva, sans-serif;\">35 Fiches Simples<\/span><\/strong><br \/>\n<span style=\"color: #000080; font-family: verdana, geneva, sans-serif;\">1. \u00c7a ou sa<\/span><br \/>\n<span style=\"color: #000080; font-family: verdana, geneva, sans-serif;\">2. L&rsquo;abr\u00e9viation de Monsieur<\/span><br \/>\n<span style=\"color: #000080; font-family: verdana, geneva, sans-serif;\">3. A ou \u00e0<\/span><br \/>\n<span style=\"color: #000080; font-family: verdana, geneva, sans-serif;\">4. Ou, o\u00f9<\/span><br \/>\n<span style=\"color: #000080; font-family: verdana, geneva, sans-serif;\">5. C&rsquo;est, s&rsquo;est, sais, sait<\/span><br \/>\n<span style=\"color: #000080; font-family: verdana, geneva, sans-serif;\">6. Correspondance<\/span><br \/>\n<span style=\"color: #000080; font-family: verdana, geneva, sans-serif;\">7. Se, ce, ceux<\/span><br \/>\n<span style=\"color: #000080; font-family: verdana, geneva, sans-serif;\">8. Question de soutien<\/span><\/p>\n<p><span style=\"color: #000080; font-family: verdana, geneva, sans-serif;\">9. Quand ou quant<\/span><br \/>\n<span style=\"color: #000080; font-family: verdana, geneva, sans-serif;\">10. Voir ou voire<\/span><br \/>\n<span style=\"color: #000080; font-family: verdana, geneva, sans-serif;\">11. Quelle(s) ou qu&rsquo;elle(s)<\/span><br \/>\n<span style=\"color: #000080; font-family: verdana, geneva, sans-serif;\">12. Langues, nationalit\u00e9s et habitants<\/span><br \/>\n<span style=\"color: #000080; font-family: verdana, geneva, sans-serif;\">13. Peux, peut ou peu<\/span><br \/>\n<span style=\"color: #000080; font-family: verdana, geneva, sans-serif;\">14. Son, sont ou sons<\/span><br \/>\n<span style=\"color: #000080; font-family: verdana, geneva, sans-serif;\">15. On ou ont<\/span><br \/>\n<span style=\"color: #000080; font-family: verdana, geneva, sans-serif;\">16. Leur ou leurs<\/span><br \/>\n<span style=\"color: #000080; font-family: verdana, geneva, sans-serif;\">17. Et ou est<\/span><br \/>\n<span style=\"color: #000080; font-family: verdana, geneva, sans-serif;\">18. Davantage ou d&rsquo;avantage(s)<\/span><br \/>\n<span style=\"color: #000080; font-family: verdana, geneva, sans-serif;\">19. Balade ou ballade<\/span><br \/>\n<span style=\"color: #000080; font-family: verdana, geneva, sans-serif;\">20. Plut\u00f4t ou plus t\u00f4t<\/span><br \/>\n<span style=\"color: #000080; font-family: verdana, geneva, sans-serif;\">21. Pause ou pose<\/span><br \/>\n<span style=\"color: #000080; font-family: verdana, geneva, sans-serif;\">22. Bien que ou malgr\u00e9<\/span><br \/>\n<span style=\"color: #000080; font-family: verdana, geneva, sans-serif;\">23. Empreinte ou emprunte<\/span><\/p>\n<p><span style=\"color: #000080; font-family: verdana, geneva, sans-serif;\">24. J&rsquo;aurai ou j&rsquo;aurais, futur ou conditionnel<\/span><br \/>\n<span style=\"color: #000080; font-family: verdana, geneva, sans-serif;\">25. Quoique ou quoi que<\/span><br \/>\n<span style=\"color: #000080; font-family: verdana, geneva, sans-serif;\">26. Or ou hors<\/span><br \/>\n<span style=\"color: #000080; font-family: verdana, geneva, sans-serif;\">27. Tache ou t\u00e2che<\/span><br \/>\n<span style=\"color: #000080; font-family: verdana, geneva, sans-serif;\">28. Piti\u00e9, libert\u00e9, amiti\u00e9 et quantit\u00e9s<\/span><br \/>\n<span style=\"color: #000080; font-family: verdana, geneva, sans-serif;\">29. Pr\u00e8s ou pr\u00eat<\/span><br \/>\n<span style=\"color: #000080; font-family: verdana, geneva, sans-serif;\">30. Foi, foie ou fois<\/span><br \/>\n<span style=\"color: #000080; font-family: verdana, geneva, sans-serif;\">31. Cens\u00e9 ou sens\u00e9<\/span><br \/>\n<span style=\"color: #000080; font-family: verdana, geneva, sans-serif;\">32. Fabricant ou fabriquant<\/span><br \/>\n<span style=\"color: #000080; font-family: verdana, geneva, sans-serif;\">33. Plu ou plus<\/span><br \/>\n<span style=\"color: #000080; font-family: verdana, geneva, sans-serif;\">34. Tous, toux ou tout<\/span><br \/>\n<span style=\"color: #000080; font-family: verdana, geneva, sans-serif;\">35. Amande ou amende<\/span><\/p>\n<p><strong><span style=\"color: #000080; font-family: verdana, geneva, sans-serif;\">Seconde Partie de\u00a0<\/span><span style=\"color: #000080; font-family: verdana, geneva, sans-serif;\">5 Fiches particuli\u00e8res<\/span><\/strong><br \/>\n<span style=\"color: #000080; font-family: verdana, geneva, sans-serif;\">36. Dessin ou dessein<\/span><br \/>\n<span style=\"color: #000080; font-family: verdana, geneva, sans-serif;\">37. Autel ou h\u00f4tel<\/span><br \/>\n<span style=\"color: #000080; font-family: verdana, geneva, sans-serif;\">38. Cygne ou signe<\/span><\/p>\n<p><span style=\"color: #000080; font-family: verdana, geneva, sans-serif;\">39. Boulot ou bouleau<\/span><br \/>\n<span style=\"color: #000080; font-family: verdana, geneva, sans-serif;\">40. Diff\u00e9rent ou diff\u00e9rend<\/span><\/p>\n<p><strong><span style=\"color: #000080; font-family: verdana, geneva, sans-serif;\">Troisi\u00e8me Partie &#8211; 5 Fiches avanc\u00e9es<\/span><\/strong><br \/>\n<span style=\"color: #000080; font-family: verdana, geneva, sans-serif;\">41. Quatre mani\u00e8res d&rsquo;am\u00e9liorer d\u00e8s maintenant vote grammaire et votre orthographe<\/span><br \/>\n<span style=\"color: #000080; font-family: verdana, geneva, sans-serif;\">42. Comment d\u00e9cider rapidement si votre verbe se termine par -er ou -\u00e9?<\/span><br \/>\n<span style=\"color: #000080; font-family: verdana, geneva, sans-serif;\">43. Comment \u00e9crire les nombres sans erreur (et sans effort) ?<\/span><br \/>\n<span style=\"color: #000080; font-family: verdana, geneva, sans-serif;\">44. Comment bien former et utiliser les adverbes<\/span><br \/>\n<span style=\"color: #000080; font-family: verdana, geneva, sans-serif;\">45. Comment bien utiliser les verbes impersonnels<\/span><br \/>\n<span style=\"color: #000080; font-family: verdana, geneva, sans-serif;\">46. Du ou d\u00fb<\/span><\/p>\n<ol>\n<li><span style=\"color: #000080; font-family: verdana, geneva, sans-serif;\">Tour de table des progr\u00e8s <\/span><\/li>\n<li><span style=\"color: #000080; font-family: verdana, geneva, sans-serif;\">Conclusion sur comment maintenir les nouveaux acquis et les d\u00e9velopper\u00a0<\/span><\/li>\n<\/ol>\n<p>&nbsp;<\/p>\n<h3><span style=\"font-size: 32px; color: #0000ff; font-family: verdana, geneva, sans-serif;\">ORTHOGRAPHE\/GRAMMAIRE R\u00e9vision et consolidation<\/span><\/h3>\n<p><span style=\"color: #0000ff; font-family: verdana, geneva, sans-serif; font-size: 20px;\">Les accords<\/span><br \/>\n<span style=\"color: #0000ff; font-family: verdana, geneva, sans-serif; font-size: 20px;\">Testez-vous!<\/span><\/p>\n<p><span style=\"color: #000080; font-family: verdana, geneva, sans-serif;\">01 Quand faut-il mettre un nom au pluriel ?\u00a0<\/span><br \/>\n<span style=\"color: #000080; font-family: verdana, geneva, sans-serif;\">02 Comment se forme le pluriel d&rsquo;un nom?<\/span><br \/>\n<span style=\"color: #000080; font-family: verdana, geneva, sans-serif;\">03 Qu&rsquo;est-ce qu&rsquo;accorder un d\u00e9terminant ?<\/span><br \/>\n<span style=\"color: #000080; font-family: verdana, geneva, sans-serif;\">04 Comment accorder les d\u00e9terminants ind\u00e9finis et num\u00e9raux cardinaux?.\u00a0<\/span><br \/>\n<span style=\"color: #000080; font-family: verdana, geneva, sans-serif;\">05 Comment se forment le f\u00e9minin et le pluriel d&rsquo;un adjectif?<\/span><br \/>\n<span style=\"color: #000080; font-family: verdana, geneva, sans-serif;\">06 Comment s&rsquo;accorde un adjectif dans un groupe nominal ?<\/span><br \/>\n<span style=\"color: #000080; font-family: verdana, geneva, sans-serif;\">07 Comment s&rsquo;accorde un adjectif dans un groupe verbal ?<\/span><br \/>\n<span style=\"color: #000080; font-family: verdana, geneva, sans-serif;\">08 Comment accorder les adjectifs de couleur et les adjectifs compos\u00e9s?<\/span><br \/>\n<span style=\"color: #000080; font-family: verdana, geneva, sans-serif;\">09 Accord de l&rsquo;adjectif : quels sont les cas difficiles?<\/span><br \/>\n<span style=\"color: #000080; font-family: verdana, geneva, sans-serif;\">10 Comment s&rsquo;accorde une forme verbale en -ant?<\/span><br \/>\n<span style=\"text-decoration: underline; color: #000080; font-family: verdana, geneva, sans-serif;\"><strong>Bilan 1<\/strong> Accorder un nom, un d\u00e9terminant, un adjectif<\/span><\/p>\n<p><span style=\"color: #000080; font-family: verdana, geneva, sans-serif;\">11 Comment accorder un pronom?.\u00a0<\/span><br \/>\n<span style=\"color: #000080; font-family: verdana, geneva, sans-serif;\">12 Qu&rsquo;est-ce qu&rsquo;accorder un verbe? (1)<\/span><br \/>\n<span style=\"color: #000080; font-family: verdana, geneva, sans-serif;\">13 Qu&rsquo;est-ce qu&rsquo;accorder un verbe? 2)<\/span><br \/>\n<span style=\"color: #000080; font-family: verdana, geneva, sans-serif;\">14 Comment accorder un verbe quand le sujet <\/span><span style=\"color: #000080; font-family: verdana, geneva, sans-serif;\">est un pronom relatif ou ind\u00e9fini?<\/span><br \/>\n<span style=\"color: #000080; font-family: verdana, geneva, sans-serif;\">15 Comment accorder un verbe quand le sujet le <\/span><span style=\"color: #000080; font-family: verdana, geneva, sans-serif;\">comprend un collectif ou un quantitatif?&#8230;&#8230;..4<\/span><br \/>\n<span style=\"color: #000080; font-family: verdana, geneva, sans-serif;\">16 Rep\u00e9rage du sujet : quels sont les cas difficiles ? . .<\/span><br \/>\n<span style=\"color: #000080; font-family: verdana, geneva, sans-serif;\"><strong><span style=\"text-decoration: underline;\">Bilan 2 <\/span><\/strong><strong><span style=\"text-decoration: underline;\">Accorder un pronom, accorder le verbe<\/span><\/strong><\/span><\/p>\n<p><span style=\"color: #000080; font-family: verdana, geneva, sans-serif;\">17 Accord du participe pass\u00e9 : quelles sont les grandes r\u00e8gles?.<\/span><br \/>\n<span style=\"color: #000080; font-family: verdana, geneva, sans-serif;\">18 Quand faut-il accorder le participe pass\u00e9 avec le COD?<\/span><br \/>\n<span style=\"color: #000080; font-family: verdana, geneva, sans-serif;\">19 Comment s&rsquo;accorde le participe pass\u00e9 d&rsquo;un verbe pronominal ? . .<\/span><br \/>\n<span style=\"color: #000080; font-family: verdana, geneva, sans-serif;\">20 Accord du participe pass\u00e9 : quels sont les cas difficiles?<\/span><br \/>\n<span style=\"text-decoration: underline; color: #000080; font-family: verdana, geneva, sans-serif;\"><strong>Bilan 3 : Accorder le participe pass\u00e9.<\/strong><\/span><\/p>\n<p><span style=\"color: #0000ff; font-family: verdana, geneva, sans-serif; font-size: 20px;\">L&rsquo;orthographe du verbe<\/span><br \/>\n<span style=\"color: #0000ff; font-family: verdana, geneva, sans-serif; font-size: 20px;\">Testez-vous !<\/span><\/p>\n<p><span style=\"color: #000080; font-family: verdana, geneva, sans-serif;\">21 Conjugaison au pr\u00e9sent : quelles sont les grandes r\u00e8gles?<\/span><br \/>\n<span style=\"color: #000080; font-family: verdana, geneva, sans-serif;\">22 Conjugaison au pr\u00e9sent :<\/span><br \/>\n<span style=\"color: #000080; font-family: verdana, geneva, sans-serif;\">quels sont les pi\u00e8ges du 1 er groupe?<\/span><br \/>\n<span style=\"color: #000080; font-family: verdana, geneva, sans-serif;\">23 Conjugaison au pr\u00e9sent :<\/span><br \/>\n<span style=\"color: #000080; font-family: verdana, geneva, sans-serif;\">quels sont les cas difficiles ?<\/span><br \/>\n<span style=\"text-decoration: underline; color: #000080; font-family: verdana, geneva, sans-serif;\"><strong>Bilan 4 Ma\u00eetriser le pr\u00e9sent<\/strong><\/span><\/p>\n<p><span style=\"color: #000080; font-family: verdana, geneva, sans-serif;\">24 Comment s&rsquo;\u00e9crit un verbe au pass\u00e9 compos\u00e9?&#8230;.<\/span><br \/>\n<span style=\"color: #000080; font-family: verdana, geneva, sans-serif;\">25 Comment s&rsquo;\u00e9crit un verbe l&rsquo;imparfait?<\/span><br \/>\n<span style=\"color: #000080; font-family: verdana, geneva, sans-serif;\">26 Quelles sont les terminaisons du pass\u00e9 simple ? . . .<\/span><br \/>\n<span style=\"color: #000080; font-family: verdana, geneva, sans-serif;\">27 Comment savoir quel temps du pass\u00e9 utiliser?<\/span><br \/>\n<span style=\"color: #000080; font-family: verdana, geneva, sans-serif;\"><strong><span style=\"text-decoration: underline;\">Bilan 5 Ma\u00eetriser les temps du pass\u00e9<\/span><\/strong><\/span><\/p>\n<p><span style=\"color: #000080; font-family: verdana, geneva, sans-serif;\">28 Quelles sont les formes du conditionnel?<\/span><br \/>\n<span style=\"color: #000080; font-family: verdana, geneva, sans-serif;\">29 Futur ou conditionnel pr\u00e9sent?<\/span><br \/>\n<span style=\"color: #000080; font-family: verdana, geneva, sans-serif;\">30 Comment employer un verbe \u00e0 l&rsquo;imp\u00e9ratif\u00ae<\/span><br \/>\n<span style=\"color: #000080; font-family: verdana, geneva, sans-serif;\">31 Quels sont les pi\u00e8ges de l&rsquo;imp\u00e9ratif?<\/span><br \/>\n<span style=\"color: #000080; font-family: verdana, geneva, sans-serif;\">32 Comment employer un verbe au subjonctif?.<\/span><br \/>\n<span style=\"color: #000080; font-family: verdana, geneva, sans-serif;\">33 Quels sont les pi\u00e8ges du subjonctif?<\/span><br \/>\n<span style=\"text-decoration: underline; color: #000080; font-family: verdana, geneva, sans-serif;\"><strong>Bilan 6 Ma\u00eetriser les diff\u00e9rents modes<\/strong><\/span><\/p>\n<p><span style=\"color: #000080; font-family: verdana, geneva, sans-serif;\">34 Comment s&rsquo;\u00e9crit l&rsquo;infinitif d&rsquo;un verbe?<\/span><br \/>\n<span style=\"color: #000080; font-family: verdana, geneva, sans-serif;\">35 Comment \u00e9crire le son [e] \u00e0 la fin d&rsquo;un verbe ? . &#8230;.<\/span><br \/>\n<span style=\"color: #000080; font-family: verdana, geneva, sans-serif;\">36 Comment \u00e9crire le son le i] la fin d&rsquo;un verbe? . . . . .<\/span><br \/>\n<span style=\"color: #000080; font-family: verdana, geneva, sans-serif;\"><strong><span style=\"text-decoration: underline;\">Bilan 7 Choisir la bonne terminaison verbale<\/span><\/strong><\/span><\/p>\n<p><span style=\"color: #0000ff; font-family: verdana, geneva, sans-serif; font-size: 24px;\">Les confusions courantes :\u00a0<\/span><br \/>\n<span style=\"color: #0000ff; font-family: verdana, geneva, sans-serif; font-size: 24px;\">Testez-vous !<\/span><\/p>\n<p><span style=\"color: #000080; font-family: verdana, geneva, sans-serif;\">37 Faut-il \u00e9crire on ou ont ? son ou sont ? et u est?<\/span><br \/>\n<span style=\"color: #000080; font-family: verdana, geneva, sans-serif;\">38 Faut-il \u00e9crire a ou \u00e0 ? la ou l\u00e0? ou ou o\u00f9 ?.<\/span><br \/>\n<span style=\"color: #000080; font-family: verdana, geneva, sans-serif;\">39 Faut-il \u00e9crire ai. aie, ait ou est?<\/span><br \/>\n<span style=\"color: #000080; font-family: verdana, geneva, sans-serif;\">40 Faut-il \u00e9crire ce, se ou ceux?<\/span><br \/>\n<span style=\"color: #000080; font-family: verdana, geneva, sans-serif;\">ces, ses, c&rsquo;est ou s&rsquo;est? . . . . . . . . . . &#8230; &#8230;&#8230;..<\/span><br \/>\n<strong><span style=\"text-decoration: underline; color: #000080; font-family: verdana, geneva, sans-serif;\">Bilan 8 Distinguer des homophones grammaticaux (1)<\/span><\/strong><\/p>\n<p><span style=\"color: #000080; font-family: verdana, geneva, sans-serif;\">41 Faut-il \u00e9crire peu, peut ou peux? <\/span><span style=\"color: #000080; font-family: verdana, geneva, sans-serif;\">peut \u00eatre ou peut-\u00eatre ? . . . . &#8230;.<\/span><br \/>\n<span style=\"color: #000080; font-family: verdana, geneva, sans-serif;\">42 Reconna\u00eetre des mots \u00e9lid\u00e9s : \/&rsquo;a ou la? <\/span><span style=\"color: #000080; font-family: verdana, geneva, sans-serif;\">si ou s&rsquo;y? ni ou n&rsquo;y?<\/span><br \/>\n<span style=\"color: #000080; font-family: verdana, geneva, sans-serif;\">43 Reconna\u00eetre des mots \u00e9lid\u00e9s : dans ou d&rsquo;en?<\/span><br \/>\n<span style=\"color: #000080; font-family: verdana, geneva, sans-serif;\">quand, quant ou qu&rsquo;en? sans ou s&rsquo;en?<\/span><br \/>\n<span style=\"color: #000080; font-family: verdana, geneva, sans-serif;\">44 Quel(le)(s) ou qu&rsquo;elle(s)? quelque(s)<\/span><br \/>\n<span style=\"color: #000080; font-family: verdana, geneva, sans-serif;\">ou quel(le)(s) que ? quoique ou quoi que?<\/span><br \/>\n<span style=\"color: #000080; font-family: verdana, geneva, sans-serif;\"><span style=\"text-decoration: underline;\"><strong>Bilan 9 <\/strong><\/span><span style=\"text-decoration: underline;\"><strong>Distinguer des homophone<\/strong><strong>s <\/strong><\/span><\/span><span style=\"text-decoration: underline;\"><strong><span style=\"color: #000080; font-family: verdana, geneva, sans-serif; text-decoration: underline;\">grammaticaux (2)\u00a0<\/span><\/strong><\/span><\/p>\n<p><span style=\"color: #000080; font-family: verdana, geneva, sans-serif;\">45 Quand leur prend-il un s? .<\/span><br \/>\n<span style=\"color: #000080; font-family: verdana, geneva, sans-serif;\">46 Quand faut-il accorder tout?<\/span><br \/>\n<span style=\"color: #000080; font-family: verdana, geneva, sans-serif;\">47 Qu&rsquo;appelle-t-on des homonymes lexicaux?<\/span><br \/>\n<span style=\"text-decoration: underline; color: #000080; font-family: verdana, geneva, sans-serif;\"><strong>Bilan 10 \u00c9viter certaines confusions grammaticales ou lexicales<\/strong><\/span><\/p>\n<p><span style=\"color: #0000ff; font-family: verdana, geneva, sans-serif; font-size: 24px;\">L&rsquo;orthographe d&rsquo;usage<\/span><br \/>\n<span style=\"color: #0000ff; font-family: verdana, geneva, sans-serif; font-size: 24px;\">Testez-vous!<\/span><\/p>\n<p><span style=\"color: #000080; font-family: verdana, geneva, sans-serif;\">48 Comment retrouver l&rsquo;orthographe d&rsquo;un mot \u00e0 l&rsquo;aide de sa famille?<\/span><br \/>\n<span style=\"color: #000080; font-family: verdana, geneva, sans-serif;\">49 Une famille de mots pr\u00e9sente-t-elle toujours le m\u00eame radical?<\/span><br \/>\n<span style=\"color: #000080; font-family: verdana, geneva, sans-serif;\">50 Un pr\u00e9fixe s&rsquo;\u00e9crit-il toujours de la m\u00eame fa\u00e7on?<\/span><br \/>\n<span style=\"color: #000080; font-family: verdana, geneva, sans-serif;\">51 Un suffixe s&rsquo;\u00e9crit-il toujours de la m\u00eame fa\u00e7on ? ..<\/span><br \/>\n<span style=\"color: #000080; font-family: verdana, geneva, sans-serif;\">52 Comment s&rsquo;\u00e9crit un adverbe en -ment? . &#8230;..<\/span><br \/>\n<span style=\"text-decoration: underline; color: #000080; font-family: verdana, geneva, sans-serif;\"><strong>Bilan 11 Observer la formation d&rsquo;un mot<\/strong><\/span><\/p>\n<p><span style=\"color: #000080; font-family: verdana, geneva, sans-serif;\">53 Quand un nom se termine-t-il par un e ?<\/span><br \/>\n<span style=\"color: #000080; font-family: verdana, geneva, sans-serif;\">54 Quand doit-on doubler la consonne? (1)..<\/span><br \/>\n<span style=\"color: #000080; font-family: verdana, geneva, sans-serif;\">55 Quand doit-on doubler la consonne? (2)<\/span><br \/>\n<span style=\"color: #000080; font-family: verdana, geneva, sans-serif;\">56 Quand un mot se termine-t-il par une consonne finale muette?<\/span><br \/>\n<span style=\"color: #000080; font-family: verdana, geneva, sans-serif;\">57 Quels sont les diff\u00e9rents emplois de a lettre h?..<\/span><br \/>\n<span style=\"color: #000080; font-family: verdana, geneva, sans-serif;\"><strong><span style=\"text-decoration: underline;\">Bilan 12 Conna\u00eetre des r\u00e8gles<\/span> d&rsquo;orthographe lexicale<\/strong><\/span><\/p>\n<p><span style=\"color: #000080; font-family: verdana, geneva, sans-serif;\">58 Quand doit-on accentuer un e?&#8230;&#8230;&#8230;&#8230;<\/span><br \/>\n<span style=\"color: #000080; font-family: verdana, geneva, sans-serif;\">59 Quand doit-on accentuer un a, un o, un i, un u?&#8230;<\/span><br \/>\n<span style=\"color: #000080; font-family: verdana, geneva, sans-serif;\">60 Quand faut-il utiliser un tr\u00e9ma, une apostrophe,<\/span><br \/>\n<span style=\"color: #000080; font-family: verdana, geneva, sans-serif;\">un trait d&rsquo;union? &#8230;.<\/span><br \/>\n<span style=\"text-decoration: underline; color: #000080; font-family: verdana, geneva, sans-serif;\"><strong>Bilan 13 Utiliser les accents<\/strong><\/span><\/p>\n<p><span style=\"color: #000080; font-family: verdana, geneva, sans-serif;\">et autres signes orthographiques.<\/span><\/p>\n<p><img loading=\"lazy\" decoding=\"async\" class=\"alignnone size-medium wp-image-14157 aligncenter\" src=\"https:\/\/www.leslanguessansstress.fr\/wp-content\/uploads\/2022\/10\/Mon-compte-formation-CPF-les-langues-sans-stress-300x159.jpg\" alt=\"\" width=\"300\" height=\"159\" srcset=\"https:\/\/www.leslanguessansstress.fr\/wp-content\/uploads\/2022\/10\/Mon-compte-formation-CPF-les-langues-sans-stress-300x159.jpg 300w, https:\/\/www.leslanguessansstress.fr\/wp-content\/uploads\/2022\/10\/Mon-compte-formation-CPF-les-langues-sans-stress.jpg 646w\" sizes=\"auto, (max-width: 300px) 100vw, 300px\" \/><\/p>\n<h1><span style=\"color: #3366ff; font-family: verdana, geneva, sans-serif; font-size: 20px;\">Votre programme de consolidation de l&rsquo;orthographe et perfectionnement en fran\u00e7ais est finan\u00e7able avec le budget CPF <\/span><\/h1>\n<p><span style=\"color: #000080; font-family: verdana, geneva, sans-serif; font-size: 20px;\">Modalit\u00e9s d&rsquo;inscription et information : <a href=\"https:\/\/www.leslanguessansstress.fr\/index.php\/2023\/11\/27\/livret-daccueil-du-stagiaire\/\" target=\"_blank\" rel=\"noopener\">LIVRET D&rsquo;ACCUEIL DU STAGIAIRE<\/a><\/span><\/p>\n","protected":false},"excerpt":{"rendered":"<p>Programmes de fran\u00e7ais essentiel \u00e0 la communication pour l&rsquo;adulte qui rencontre des soucis \u00e0 l&rsquo;\u00e9crit<\/p>\n","protected":false},"author":1,"featured_media":0,"comment_status":"closed","ping_status":"open","sticky":false,"template":"","format":"standard","meta":{"footnotes":""},"categories":[80,546,227,432],"tags":[604,167,255,620,377,404,373],"class_list":["post-15707","post","type-post","status-publish","format-standard","hentry","category-actualites","category-adultes","category-francais-fle","category-langues","tag-bases","tag-francais","tag-grammaire","tag-orthographe","tag-professionnel","tag-quotidien","tag-renforcement"],"_links":{"self":[{"href":"https:\/\/www.leslanguessansstress.fr\/index.php\/wp-json\/wp\/v2\/posts\/15707","targetHints":{"allow":["GET"]}}],"collection":[{"href":"https:\/\/www.leslanguessansstress.fr\/index.php\/wp-json\/wp\/v2\/posts"}],"about":[{"href":"https:\/\/www.leslanguessansstress.fr\/index.php\/wp-json\/wp\/v2\/types\/post"}],"author":[{"embeddable":true,"href":"https:\/\/www.leslanguessansstress.fr\/index.php\/wp-json\/wp\/v2\/users\/1"}],"replies":[{"embeddable":true,"href":"https:\/\/www.leslanguessansstress.fr\/index.php\/wp-json\/wp\/v2\/comments?post=15707"}],"version-history":[{"count":4,"href":"https:\/\/www.leslanguessansstress.fr\/index.php\/wp-json\/wp\/v2\/posts\/15707\/revisions"}],"predecessor-version":[{"id":15793,"href":"https:\/\/www.leslanguessansstress.fr\/index.php\/wp-json\/wp\/v2\/posts\/15707\/revisions\/15793"}],"wp:attachment":[{"href":"https:\/\/www.leslanguessansstress.fr\/index.php\/wp-json\/wp\/v2\/media?parent=15707"}],"wp:term":[{"taxonomy":"category","embeddable":true,"href":"https:\/\/www.leslanguessansstress.fr\/index.php\/wp-json\/wp\/v2\/categories?post=15707"},{"taxonomy":"post_tag","embeddable":true,"href":"https:\/\/www.leslanguessansstress.fr\/index.php\/wp-json\/wp\/v2\/tags?post=15707"}],"curies":[{"name":"wp","href":"https:\/\/api.w.org\/{rel}","templated":true}]}}